{"id":18667,"date":"2024-04-28T10:14:53","date_gmt":"2024-04-28T08:14:53","guid":{"rendered":"https:\/\/granada.salesianos.edu\/colegio\/?p=18667"},"modified":"2024-04-29T10:49:41","modified_gmt":"2024-04-29T08:49:41","slug":"visitatecnicaamadrid","status":"publish","type":"post","link":"https:\/\/granada.salesianos.edu\/colegio\/blog\/visitatecnicaamadrid\/","title":{"rendered":"Visita t\u00e9cnica a Madrid"},"content":{"rendered":"<div id=\"fb-root\"><\/div>\n<p>[et_pb_section fb_built=\u00bb1&#8243; admin_label=\u00bbsection\u00bb _builder_version=\u00bb4.18.0&#8243; global_colors_info=\u00bb{}\u00bb][et_pb_row _builder_version=\u00bb4.18.0&#8243; _module_preset=\u00bbdefault\u00bb global_colors_info=\u00bb{}\u00bb][et_pb_column type=\u00bb4_4&#8243; _builder_version=\u00bb4.18.0&#8243; _module_preset=\u00bbdefault\u00bb global_colors_info=\u00bb{}\u00bb][et_pb_text admin_label=\u00bbDesarrollo (Texto)\u00bb _builder_version=\u00bb4.24.3&#8243; text_orientation=\u00bbjustified\u00bb custom_margin=\u00bb||||false|false\u00bb custom_padding=\u00bb||||false|false\u00bb global_colors_info=\u00bb{}\u00bb]<\/p>\n<p>Nuestro alumnado de Imagen y Sonido ha realizado un viaje de estudios a Madrid con una finalidad did\u00e1ctica, realizando diversas actividades. la jornada ha constado de tres d\u00edas donde pudieron visitar el musical \u00abSue\u00f1os\u00bb donde han podido aprender c\u00f3mo se hace una puesta apunto t\u00e9cnica y c\u00f3mo se trabaja momentos antes a la puesta en escena.\u00a0<\/p>\n<p>A la tarde el alumnado se dividi\u00f3 en etapas donde el grado Superior acudi\u00f3 a la realizaci\u00f3n en directo del programa de Antena tres televisi\u00f3n \u00abAhora Sonsoles\u00bb. Actividad muy enriquecedora, pues pudieron observar c\u00f3mo se ejecuta la realizaci\u00f3n de un magacine de tarde; atendiendo a pautas como el seguir la escaleta, las \u00f3rdenes a operadora de c\u00e1maras, sonido, &#8230; a palabras del alumnado han podido ver c\u00f3mo se aplica en la vida real un programa de televisi\u00f3n desde el emparrillado de iluminaci\u00f3n o la divisi\u00f3n de set de plat\u00f3.\u00a0<\/p>\n<p>Por otro lado, el alumnado de Grado Medio acudi\u00f3 a la visita de las instalaciones de exposici\u00f3n de Pixar, actividad muy divertida a la que posteriormente se sum\u00f3 la ruta de Madrid de cine, donde visitaron calles emblem\u00e1ticas de nuestro cine en la capital.\u00a0<\/p>\n<p>&nbsp;<\/p>\n<p>Pero la guinda de esta actividad vino dada el \u00faltimo d\u00eda con la visita al parque tem\u00e1tico medieval de Toledo, Puy Du Fou. Este ofrece uno de los mayores espect\u00e1culos del mundo a nivel visual y t\u00e9cnico. A palabras escritas en la web del parque \u00ab<span>Nuestras creaciones se conciben como grandes pel\u00edculas en directo, presentadas con una acci\u00f3n r\u00edtmica y grandiosos efectos especiales pero conservando la emoci\u00f3n en el coraz\u00f3n del concepto del Puy du Fou. Queremos llegar a los visitantes a trav\u00e9s de la poes\u00eda de un texto, de la belleza de un gesto, de la pureza de la m\u00fasica&#8230;\u00bb y aqu\u00ed es donde\u00a0nuestro\u00a0alumnado pudo\u00a0empaparse de todo,\u00a0puesto que en esta actividad se cuenta con el\u00a0privilegio de una explicaci\u00f3n t\u00e9cnica (sin llegar a develar secretos) de c\u00f3mo funciona el parque.\u00a0<\/span><\/p>\n<p><span><\/span><\/p>\n<p>Una actividad complementaria, que se realiza anualmente, \u00a0muy enriquecedora para nuestro alumnado. Un viaje con mucho que ver y aprender.<span><\/span><\/p>\n<p>&nbsp;<\/p>\n<p>[\/et_pb_text][et_pb_gallery gallery_ids=\u00bb18670,18671,18672,18673,18674,18675,18676,18677,18678,18679,18680,18681,18682,18683,18684&#8243; show_title_and_caption=\u00bboff\u00bb _builder_version=\u00bb4.24.3&#8243; _module_preset=\u00bbdefault\u00bb global_colors_info=\u00bb{}\u00bb][\/et_pb_gallery][et_pb_gallery gallery_ids=\u00bb65569,65568,65567,65566,65565,65564&#8243; show_title_and_caption=\u00bboff\u00bb _builder_version=\u00bb4.24.3&#8243; _module_preset=\u00bbdefault\u00bb global_colors_info=\u00bb{}\u00bb][\/et_pb_gallery][\/et_pb_column][\/et_pb_row][\/et_pb_section]<\/p>\n","protected":false},"excerpt":{"rendered":"<p>Visita t\u00e9cnica a grandes espect\u00e1culos como Puy du Fou<\/p>\n","protected":false},"author":2,"featured_media":18681,"comment_status":"open","ping_status":"open","sticky":false,"template":"","format":"standard","meta":{"_et_pb_use_builder":"on","_et_pb_old_content":"","_et_gb_content_width":"","footnotes":""},"categories":[11,21,52],"tags":[],"class_list":["post-18667","post","type-post","status-publish","format-standard","has-post-thumbnail","hentry","category-colegio","category-fp","category-imagen-y-sonido"],"yoast_head":"<!-- This site is optimized with the Yoast SEO plugin v28.4 - https:\/\/yoast.com\/product\/yoast-seo-wordpress\/ -->\n<title>Visita t\u00e9cnica a Madrid - Colegio Salesiano<\/title>\n<meta name=\"description\" content=\"Nuestros alumnos conocieron, de primera mano, lo que va a suponer para Granada la instalaci\u00f3n de un acelerador de part\u00edculas, una instalaci\u00f3n cient\u00edfica de primer nivel mundial.\" \/>\n<meta name=\"robots\" content=\"index, follow, max-snippet:-1, max-image-preview:large, max-video-preview:-1\" \/>\n<link rel=\"canonical\" href=\"https:\/\/granada.salesianos.edu\/colegio\/blog\/visitatecnicaamadrid\/\" \/>\n<meta property=\"og:locale\" content=\"es_ES\" \/>\n<meta property=\"og:type\" content=\"article\" \/>\n<meta property=\"og:title\" content=\"Visita t\u00e9cnica a Madrid - Colegio Salesiano\" \/>\n<meta property=\"og:description\" content=\"Nuestros alumnos conocieron, de primera mano, lo que va a suponer para Granada la instalaci\u00f3n de un acelerador de part\u00edculas, una instalaci\u00f3n cient\u00edfica de primer nivel mundial.\" \/>\n<meta property=\"og:url\" content=\"https:\/\/granada.salesianos.edu\/colegio\/blog\/visitatecnicaamadrid\/\" \/>\n<meta property=\"og:site_name\" content=\"Colegio Salesiano\" \/>\n<meta property=\"article:publisher\" content=\"https:\/\/www.facebook.com\/SalesianosGR\/\" \/>\n<meta property=\"article:published_time\" content=\"2024-04-28T08:14:53+00:00\" \/>\n<meta property=\"article:modified_time\" content=\"2024-04-29T08:49:41+00:00\" \/>\n<meta property=\"og:image\" content=\"https:\/\/granada.salesianos.edu\/colegio\/wp-content\/uploads\/sites\/2\/2024\/04\/WhatsApp-Image-2024-04-19-at-15.37.49.jpeg\" \/>\n\t<meta property=\"og:image:width\" content=\"2048\" \/>\n\t<meta property=\"og:image:height\" content=\"1536\" \/>\n\t<meta property=\"og:image:type\" content=\"image\/jpeg\" \/>\n<meta name=\"author\" content=\"Gestor Web\" \/>\n<meta name=\"twitter:card\" content=\"summary_large_image\" \/>\n<meta name=\"twitter:creator\" content=\"@GranadaSDB\" \/>\n<meta name=\"twitter:site\" content=\"@GranadaSDB\" \/>\n<meta name=\"twitter:label1\" content=\"Escrito por\" \/>\n\t<meta name=\"twitter:data1\" content=\"Gestor Web\" \/>\n\t<meta name=\"twitter:label2\" content=\"Tiempo de lectura\" \/>\n\t<meta name=\"twitter:data2\" content=\"5 minutos\" \/>\n<script type=\"application\/ld+json\" class=\"yoast-schema-graph\">{\"@context\":\"https:\\\/\\\/schema.org\",\"@graph\":[{\"@type\":\"Article\",\"@id\":\"https:\\\/\\\/granada.salesianos.edu\\\/colegio\\\/blog\\\/visitatecnicaamadrid\\\/#article\",\"isPartOf\":{\"@id\":\"https:\\\/\\\/granada.salesianos.edu\\\/colegio\\\/blog\\\/visitatecnicaamadrid\\\/\"},\"author\":{\"name\":\"Gestor Web\",\"@id\":\"https:\\\/\\\/granada.salesianos.edu\\\/colegio\\\/#\\\/schema\\\/person\\\/6392ff2e4bd1e66981d6eab734bbd962\"},\"headline\":\"Visita t\u00e9cnica a Madrid\",\"datePublished\":\"2024-04-28T08:14:53+00:00\",\"dateModified\":\"2024-04-29T08:49:41+00:00\",\"mainEntityOfPage\":{\"@id\":\"https:\\\/\\\/granada.salesianos.edu\\\/colegio\\\/blog\\\/visitatecnicaamadrid\\\/\"},\"wordCount\":495,\"commentCount\":0,\"publisher\":{\"@id\":\"https:\\\/\\\/granada.salesianos.edu\\\/colegio\\\/#organization\"},\"image\":{\"@id\":\"https:\\\/\\\/granada.salesianos.edu\\\/colegio\\\/blog\\\/visitatecnicaamadrid\\\/#primaryimage\"},\"thumbnailUrl\":\"https:\\\/\\\/granada.salesianos.edu\\\/colegio\\\/wp-content\\\/uploads\\\/sites\\\/2\\\/2024\\\/04\\\/WhatsApp-Image-2024-04-19-at-15.37.49.jpeg\",\"articleSection\":[\"Colegio\",\"FP\",\"Imagen y Sonido\"],\"inLanguage\":\"es\",\"potentialAction\":[{\"@type\":\"CommentAction\",\"name\":\"Comment\",\"target\":[\"https:\\\/\\\/granada.salesianos.edu\\\/colegio\\\/blog\\\/visitatecnicaamadrid\\\/#respond\"]}]},{\"@type\":\"WebPage\",\"@id\":\"https:\\\/\\\/granada.salesianos.edu\\\/colegio\\\/blog\\\/visitatecnicaamadrid\\\/\",\"url\":\"https:\\\/\\\/granada.salesianos.edu\\\/colegio\\\/blog\\\/visitatecnicaamadrid\\\/\",\"name\":\"Visita t\u00e9cnica a Madrid - Colegio Salesiano\",\"isPartOf\":{\"@id\":\"https:\\\/\\\/granada.salesianos.edu\\\/colegio\\\/#website\"},\"primaryImageOfPage\":{\"@id\":\"https:\\\/\\\/granada.salesianos.edu\\\/colegio\\\/blog\\\/visitatecnicaamadrid\\\/#primaryimage\"},\"image\":{\"@id\":\"https:\\\/\\\/granada.salesianos.edu\\\/colegio\\\/blog\\\/visitatecnicaamadrid\\\/#primaryimage\"},\"thumbnailUrl\":\"https:\\\/\\\/granada.salesianos.edu\\\/colegio\\\/wp-content\\\/uploads\\\/sites\\\/2\\\/2024\\\/04\\\/WhatsApp-Image-2024-04-19-at-15.37.49.jpeg\",\"datePublished\":\"2024-04-28T08:14:53+00:00\",\"dateModified\":\"2024-04-29T08:49:41+00:00\",\"description\":\"Nuestros alumnos conocieron, de primera mano, lo que va a suponer para Granada la instalaci\u00f3n de un acelerador de part\u00edculas, una instalaci\u00f3n cient\u00edfica de primer nivel mundial.\",\"breadcrumb\":{\"@id\":\"https:\\\/\\\/granada.salesianos.edu\\\/colegio\\\/blog\\\/visitatecnicaamadrid\\\/#breadcrumb\"},\"inLanguage\":\"es\",\"potentialAction\":[{\"@type\":\"ReadAction\",\"target\":[\"https:\\\/\\\/granada.salesianos.edu\\\/colegio\\\/blog\\\/visitatecnicaamadrid\\\/\"]}]},{\"@type\":\"ImageObject\",\"inLanguage\":\"es\",\"@id\":\"https:\\\/\\\/granada.salesianos.edu\\\/colegio\\\/blog\\\/visitatecnicaamadrid\\\/#primaryimage\",\"url\":\"https:\\\/\\\/granada.salesianos.edu\\\/colegio\\\/wp-content\\\/uploads\\\/sites\\\/2\\\/2024\\\/04\\\/WhatsApp-Image-2024-04-19-at-15.37.49.jpeg\",\"contentUrl\":\"https:\\\/\\\/granada.salesianos.edu\\\/colegio\\\/wp-content\\\/uploads\\\/sites\\\/2\\\/2024\\\/04\\\/WhatsApp-Image-2024-04-19-at-15.37.49.jpeg\",\"width\":2048,\"height\":1536},{\"@type\":\"BreadcrumbList\",\"@id\":\"https:\\\/\\\/granada.salesianos.edu\\\/colegio\\\/blog\\\/visitatecnicaamadrid\\\/#breadcrumb\",\"itemListElement\":[{\"@type\":\"ListItem\",\"position\":1,\"name\":\"Portada\",\"item\":\"https:\\\/\\\/granada.salesianos.edu\\\/colegio\\\/\"},{\"@type\":\"ListItem\",\"position\":2,\"name\":\"Visita t\u00e9cnica a Madrid\"}]},{\"@type\":\"WebSite\",\"@id\":\"https:\\\/\\\/granada.salesianos.edu\\\/colegio\\\/#website\",\"url\":\"https:\\\/\\\/granada.salesianos.edu\\\/colegio\\\/\",\"name\":\"Colegio Salesiano\",\"description\":\"P\u00e1gina oficial de Salesianos Granada San Juan Bosco\",\"publisher\":{\"@id\":\"https:\\\/\\\/granada.salesianos.edu\\\/colegio\\\/#organization\"},\"potentialAction\":[{\"@type\":\"SearchAction\",\"target\":{\"@type\":\"EntryPoint\",\"urlTemplate\":\"https:\\\/\\\/granada.salesianos.edu\\\/colegio\\\/?s={search_term_string}\"},\"query-input\":{\"@type\":\"PropertyValueSpecification\",\"valueRequired\":true,\"valueName\":\"search_term_string\"}}],\"inLanguage\":\"es\"},{\"@type\":\"Organization\",\"@id\":\"https:\\\/\\\/granada.salesianos.edu\\\/colegio\\\/#organization\",\"name\":\"Colegio Salesiano San Juan Bosco Granada\",\"url\":\"https:\\\/\\\/granada.salesianos.edu\\\/colegio\\\/\",\"logo\":{\"@type\":\"ImageObject\",\"inLanguage\":\"es\",\"@id\":\"https:\\\/\\\/granada.salesianos.edu\\\/colegio\\\/#\\\/schema\\\/logo\\\/image\\\/\",\"url\":\"https:\\\/\\\/granada.salesianos.edu\\\/colegio\\\/wp-content\\\/uploads\\\/sites\\\/2\\\/2021\\\/01\\\/GRANADAobraVN2.jpg\",\"contentUrl\":\"https:\\\/\\\/granada.salesianos.edu\\\/colegio\\\/wp-content\\\/uploads\\\/sites\\\/2\\\/2021\\\/01\\\/GRANADAobraVN2.jpg\",\"width\":2113,\"height\":1894,\"caption\":\"Colegio Salesiano San Juan Bosco Granada\"},\"image\":{\"@id\":\"https:\\\/\\\/granada.salesianos.edu\\\/colegio\\\/#\\\/schema\\\/logo\\\/image\\\/\"},\"sameAs\":[\"https:\\\/\\\/www.facebook.com\\\/SalesianosGR\\\/\",\"https:\\\/\\\/x.com\\\/GranadaSDB\",\"https:\\\/\\\/www.instagram.com\\\/salesianosgranada\\\/\",\"https:\\\/\\\/www.youtube.com\\\/channel\\\/UChkpZuhCf4Y5rYIcFT3CNxw?view_as=subscriber\"]},{\"@type\":\"Person\",\"@id\":\"https:\\\/\\\/granada.salesianos.edu\\\/colegio\\\/#\\\/schema\\\/person\\\/6392ff2e4bd1e66981d6eab734bbd962\",\"name\":\"Gestor Web\",\"image\":{\"@type\":\"ImageObject\",\"inLanguage\":\"es\",\"@id\":\"https:\\\/\\\/secure.gravatar.com\\\/avatar\\\/160666bb56a01520857079961a824af2b7821d6bad80677c80f2b473fceead1b?s=96&d=mm&r=g\",\"url\":\"https:\\\/\\\/secure.gravatar.com\\\/avatar\\\/160666bb56a01520857079961a824af2b7821d6bad80677c80f2b473fceead1b?s=96&d=mm&r=g\",\"contentUrl\":\"https:\\\/\\\/secure.gravatar.com\\\/avatar\\\/160666bb56a01520857079961a824af2b7821d6bad80677c80f2b473fceead1b?s=96&d=mm&r=g\",\"caption\":\"Gestor Web\"}}]}<\/script>\n<!-- \/ Yoast SEO plugin. -->","yoast_head_json":{"title":"Visita t\u00e9cnica a Madrid - Colegio Salesiano","description":"Nuestros alumnos conocieron, de primera mano, lo que va a suponer para Granada la instalaci\u00f3n de un acelerador de part\u00edculas, una instalaci\u00f3n cient\u00edfica de primer nivel mundial.","robots":{"index":"index","follow":"follow","max-snippet":"max-snippet:-1","max-image-preview":"max-image-preview:large","max-video-preview":"max-video-preview:-1"},"canonical":"https:\/\/granada.salesianos.edu\/colegio\/blog\/visitatecnicaamadrid\/","og_locale":"es_ES","og_type":"article","og_title":"Visita t\u00e9cnica a Madrid - Colegio Salesiano","og_description":"Nuestros alumnos conocieron, de primera mano, lo que va a suponer para Granada la instalaci\u00f3n de un acelerador de part\u00edculas, una instalaci\u00f3n cient\u00edfica de primer nivel mundial.","og_url":"https:\/\/granada.salesianos.edu\/colegio\/blog\/visitatecnicaamadrid\/","og_site_name":"Colegio Salesiano","article_publisher":"https:\/\/www.facebook.com\/SalesianosGR\/","article_published_time":"2024-04-28T08:14:53+00:00","article_modified_time":"2024-04-29T08:49:41+00:00","og_image":[{"width":2048,"height":1536,"url":"https:\/\/granada.salesianos.edu\/colegio\/wp-content\/uploads\/sites\/2\/2024\/04\/WhatsApp-Image-2024-04-19-at-15.37.49.jpeg","type":"image\/jpeg"}],"author":"Gestor Web","twitter_card":"summary_large_image","twitter_creator":"@GranadaSDB","twitter_site":"@GranadaSDB","twitter_misc":{"Escrito por":"Gestor Web","Tiempo de lectura":"5 minutos"},"schema":{"@context":"https:\/\/schema.org","@graph":[{"@type":"Article","@id":"https:\/\/granada.salesianos.edu\/colegio\/blog\/visitatecnicaamadrid\/#article","isPartOf":{"@id":"https:\/\/granada.salesianos.edu\/colegio\/blog\/visitatecnicaamadrid\/"},"author":{"name":"Gestor Web","@id":"https:\/\/granada.salesianos.edu\/colegio\/#\/schema\/person\/6392ff2e4bd1e66981d6eab734bbd962"},"headline":"Visita t\u00e9cnica a Madrid","datePublished":"2024-04-28T08:14:53+00:00","dateModified":"2024-04-29T08:49:41+00:00","mainEntityOfPage":{"@id":"https:\/\/granada.salesianos.edu\/colegio\/blog\/visitatecnicaamadrid\/"},"wordCount":495,"commentCount":0,"publisher":{"@id":"https:\/\/granada.salesianos.edu\/colegio\/#organization"},"image":{"@id":"https:\/\/granada.salesianos.edu\/colegio\/blog\/visitatecnicaamadrid\/#primaryimage"},"thumbnailUrl":"https:\/\/granada.salesianos.edu\/colegio\/wp-content\/uploads\/sites\/2\/2024\/04\/WhatsApp-Image-2024-04-19-at-15.37.49.jpeg","articleSection":["Colegio","FP","Imagen y Sonido"],"inLanguage":"es","potentialAction":[{"@type":"CommentAction","name":"Comment","target":["https:\/\/granada.salesianos.edu\/colegio\/blog\/visitatecnicaamadrid\/#respond"]}]},{"@type":"WebPage","@id":"https:\/\/granada.salesianos.edu\/colegio\/blog\/visitatecnicaamadrid\/","url":"https:\/\/granada.salesianos.edu\/colegio\/blog\/visitatecnicaamadrid\/","name":"Visita t\u00e9cnica a Madrid - Colegio Salesiano","isPartOf":{"@id":"https:\/\/granada.salesianos.edu\/colegio\/#website"},"primaryImageOfPage":{"@id":"https:\/\/granada.salesianos.edu\/colegio\/blog\/visitatecnicaamadrid\/#primaryimage"},"image":{"@id":"https:\/\/granada.salesianos.edu\/colegio\/blog\/visitatecnicaamadrid\/#primaryimage"},"thumbnailUrl":"https:\/\/granada.salesianos.edu\/colegio\/wp-content\/uploads\/sites\/2\/2024\/04\/WhatsApp-Image-2024-04-19-at-15.37.49.jpeg","datePublished":"2024-04-28T08:14:53+00:00","dateModified":"2024-04-29T08:49:41+00:00","description":"Nuestros alumnos conocieron, de primera mano, lo que va a suponer para Granada la instalaci\u00f3n de un acelerador de part\u00edculas, una instalaci\u00f3n cient\u00edfica de primer nivel mundial.","breadcrumb":{"@id":"https:\/\/granada.salesianos.edu\/colegio\/blog\/visitatecnicaamadrid\/#breadcrumb"},"inLanguage":"es","potentialAction":[{"@type":"ReadAction","target":["https:\/\/granada.salesianos.edu\/colegio\/blog\/visitatecnicaamadrid\/"]}]},{"@type":"ImageObject","inLanguage":"es","@id":"https:\/\/granada.salesianos.edu\/colegio\/blog\/visitatecnicaamadrid\/#primaryimage","url":"https:\/\/granada.salesianos.edu\/colegio\/wp-content\/uploads\/sites\/2\/2024\/04\/WhatsApp-Image-2024-04-19-at-15.37.49.jpeg","contentUrl":"https:\/\/granada.salesianos.edu\/colegio\/wp-content\/uploads\/sites\/2\/2024\/04\/WhatsApp-Image-2024-04-19-at-15.37.49.jpeg","width":2048,"height":1536},{"@type":"BreadcrumbList","@id":"https:\/\/granada.salesianos.edu\/colegio\/blog\/visitatecnicaamadrid\/#breadcrumb","itemListElement":[{"@type":"ListItem","position":1,"name":"Portada","item":"https:\/\/granada.salesianos.edu\/colegio\/"},{"@type":"ListItem","position":2,"name":"Visita t\u00e9cnica a Madrid"}]},{"@type":"WebSite","@id":"https:\/\/granada.salesianos.edu\/colegio\/#website","url":"https:\/\/granada.salesianos.edu\/colegio\/","name":"Colegio Salesiano","description":"P\u00e1gina oficial de Salesianos Granada San Juan Bosco","publisher":{"@id":"https:\/\/granada.salesianos.edu\/colegio\/#organization"},"potentialAction":[{"@type":"SearchAction","target":{"@type":"EntryPoint","urlTemplate":"https:\/\/granada.salesianos.edu\/colegio\/?s={search_term_string}"},"query-input":{"@type":"PropertyValueSpecification","valueRequired":true,"valueName":"search_term_string"}}],"inLanguage":"es"},{"@type":"Organization","@id":"https:\/\/granada.salesianos.edu\/colegio\/#organization","name":"Colegio Salesiano San Juan Bosco Granada","url":"https:\/\/granada.salesianos.edu\/colegio\/","logo":{"@type":"ImageObject","inLanguage":"es","@id":"https:\/\/granada.salesianos.edu\/colegio\/#\/schema\/logo\/image\/","url":"https:\/\/granada.salesianos.edu\/colegio\/wp-content\/uploads\/sites\/2\/2021\/01\/GRANADAobraVN2.jpg","contentUrl":"https:\/\/granada.salesianos.edu\/colegio\/wp-content\/uploads\/sites\/2\/2021\/01\/GRANADAobraVN2.jpg","width":2113,"height":1894,"caption":"Colegio Salesiano San Juan Bosco Granada"},"image":{"@id":"https:\/\/granada.salesianos.edu\/colegio\/#\/schema\/logo\/image\/"},"sameAs":["https:\/\/www.facebook.com\/SalesianosGR\/","https:\/\/x.com\/GranadaSDB","https:\/\/www.instagram.com\/salesianosgranada\/","https:\/\/www.youtube.com\/channel\/UChkpZuhCf4Y5rYIcFT3CNxw?view_as=subscriber"]},{"@type":"Person","@id":"https:\/\/granada.salesianos.edu\/colegio\/#\/schema\/person\/6392ff2e4bd1e66981d6eab734bbd962","name":"Gestor Web","image":{"@type":"ImageObject","inLanguage":"es","@id":"https:\/\/secure.gravatar.com\/avatar\/160666bb56a01520857079961a824af2b7821d6bad80677c80f2b473fceead1b?s=96&d=mm&r=g","url":"https:\/\/secure.gravatar.com\/avatar\/160666bb56a01520857079961a824af2b7821d6bad80677c80f2b473fceead1b?s=96&d=mm&r=g","contentUrl":"https:\/\/secure.gravatar.com\/avatar\/160666bb56a01520857079961a824af2b7821d6bad80677c80f2b473fceead1b?s=96&d=mm&r=g","caption":"Gestor Web"}}]}},"_links":{"self":[{"href":"https:\/\/granada.salesianos.edu\/colegio\/wp-json\/wp\/v2\/posts\/18667","targetHints":{"allow":["GET"]}}],"collection":[{"href":"https:\/\/granada.salesianos.edu\/colegio\/wp-json\/wp\/v2\/posts"}],"about":[{"href":"https:\/\/granada.salesianos.edu\/colegio\/wp-json\/wp\/v2\/types\/post"}],"author":[{"embeddable":true,"href":"https:\/\/granada.salesianos.edu\/colegio\/wp-json\/wp\/v2\/users\/2"}],"replies":[{"embeddable":true,"href":"https:\/\/granada.salesianos.edu\/colegio\/wp-json\/wp\/v2\/comments?post=18667"}],"version-history":[{"count":6,"href":"https:\/\/granada.salesianos.edu\/colegio\/wp-json\/wp\/v2\/posts\/18667\/revisions"}],"predecessor-version":[{"id":18691,"href":"https:\/\/granada.salesianos.edu\/colegio\/wp-json\/wp\/v2\/posts\/18667\/revisions\/18691"}],"wp:featuredmedia":[{"embeddable":true,"href":"https:\/\/granada.salesianos.edu\/colegio\/wp-json\/wp\/v2\/media\/18681"}],"wp:attachment":[{"href":"https:\/\/granada.salesianos.edu\/colegio\/wp-json\/wp\/v2\/media?parent=18667"}],"wp:term":[{"taxonomy":"category","embeddable":true,"href":"https:\/\/granada.salesianos.edu\/colegio\/wp-json\/wp\/v2\/categories?post=18667"},{"taxonomy":"post_tag","embeddable":true,"href":"https:\/\/granada.salesianos.edu\/colegio\/wp-json\/wp\/v2\/tags?post=18667"}],"curies":[{"name":"wp","href":"https:\/\/api.w.org\/{rel}","templated":true}]}}