{"id":18698,"date":"2024-05-06T22:23:29","date_gmt":"2024-05-06T20:23:29","guid":{"rendered":"https:\/\/granada.salesianos.edu\/colegio\/?p=18698"},"modified":"2024-05-30T19:53:06","modified_gmt":"2024-05-30T17:53:06","slug":"informaciones-generales-sobre-la-pevau-2024","status":"publish","type":"post","link":"https:\/\/granada.salesianos.edu\/colegio\/blog\/informaciones-generales-sobre-la-pevau-2024\/","title":{"rendered":"INFORMACIONES GENERALES SOBRE LA PEVAU 2024"},"content":{"rendered":"<div id=\"fb-root\"><\/div>\n<p>[et_pb_section fb_built=\u00bb1&#8243; admin_label=\u00bbsection\u00bb _builder_version=\u00bb4.18.0&#8243; global_colors_info=\u00bb{}\u00bb theme_builder_area=\u00bbpost_content\u00bb][et_pb_row _builder_version=\u00bb4.18.0&#8243; _module_preset=\u00bbdefault\u00bb global_colors_info=\u00bb{}\u00bb theme_builder_area=\u00bbpost_content\u00bb][et_pb_column type=\u00bb4_4&#8243; _builder_version=\u00bb4.18.0&#8243; _module_preset=\u00bbdefault\u00bb global_colors_info=\u00bb{}\u00bb theme_builder_area=\u00bbpost_content\u00bb][et_pb_text admin_label=\u00bbEntradilla (Texto)\u00bb _builder_version=\u00bb4.24.3&#8243; text_font=\u00bb|on|||\u00bb header_line_height=\u00bb1.5em\u00bb text_orientation=\u00bbjustified\u00bb global_colors_info=\u00bb{}\u00bb theme_builder_area=\u00bbpost_content\u00bb]<\/p>\n<h4 style=\"font-weight: 400; text-align: justify;\"><strong>La semana pasada tuvimos una sesi\u00f3n orientaci\u00f3n con los de 2\u00ba de BTO, explicando el proceso de registro y matriculaci\u00f3n para la PEVAU.<\/strong><\/h4>\n<p>[\/et_pb_text][et_pb_text admin_label=\u00bbDesarrollo (Texto)\u00bb _builder_version=\u00bb4.24.3&#8243; text_orientation=\u00bbjustified\u00bb custom_margin=\u00bb||||false|false\u00bb custom_padding=\u00bb||||false|false\u00bb global_colors_info=\u00bb{}\u00bb theme_builder_area=\u00bbpost_content\u00bb]<\/p>\n<div>\n<p style=\"font-weight: 400; text-align: justify;\">Tambi\u00e9n se inform\u00f3 a los alumnos sobre la solicitud de plaza para el acceso a las universidades andaluzas. <span>Os dejamos aqu\u00ed la informaci\u00f3n y los enlaces que estuvimos comentando con los alumnos.<\/span><\/p>\n<\/div>\n<p>[\/et_pb_text][\/et_pb_column][\/et_pb_row][et_pb_row _builder_version=\u00bb4.18.0&#8243; _module_preset=\u00bbdefault\u00bb global_colors_info=\u00bb{}\u00bb theme_builder_area=\u00bbpost_content\u00bb][et_pb_column type=\u00bb4_4&#8243; _builder_version=\u00bb4.18.0&#8243; _module_preset=\u00bbdefault\u00bb global_colors_info=\u00bb{}\u00bb theme_builder_area=\u00bbpost_content\u00bb][et_pb_text admin_label=\u00bbEntradilla (Texto)\u00bb _builder_version=\u00bb4.24.3&#8243; text_font=\u00bb|on|||\u00bb text_orientation=\u00bbjustified\u00bb global_colors_info=\u00bb{}\u00bb theme_builder_area=\u00bbpost_content\u00bb]<\/p>\n<h2 style=\"font-weight: 400;\"><strong>REGISTRO<\/strong><\/h2>\n<p>[\/et_pb_text][et_pb_text admin_label=\u00bbDesarrollo (Texto)\u00bb _builder_version=\u00bb4.24.3&#8243; text_orientation=\u00bbjustified\u00bb custom_margin=\u00bb||||false|false\u00bb custom_padding=\u00bb||||false|false\u00bb global_colors_info=\u00bb{}\u00bb theme_builder_area=\u00bbpost_content\u00bb]<\/p>\n<p style=\"font-weight: 400;\">Los alumnos deben registrarse para despu\u00e9s poder hacer la matr\u00edcula para la PEVAU. Las fechas son:<\/p>\n<ul>\n<li><strong>Convocatoria Ordinaria:<\/strong> del 29 de abril al 24 de mayo de 2024.<\/li>\n<li><strong>Convocatoria Extraordinaria:<\/strong> del 17 de junio al 21 de junio de 2024.<\/li>\n<\/ul>\n<p style=\"font-weight: 400;\">Desde hoy 29 de abril hasta el 24 de mayo, los estudiantes interesados en realizar la PEvAU y\/o la Prueba de Admisi\u00f3n en la Universidad de Granada en su Convocatoria Ordinaria podr\u00e1n realizar el registro, tr\u00e1mite previo, e imprescindible, a la formalizaci\u00f3n definitiva de la matr\u00edcula.<\/p>\n<p style=\"font-weight: 400;\">Le recomendamos que pongan su correo electr\u00f3nico personal, ya que las cuentas de correo corporativo pueden bloquear los mensajes entrantes, dificultando la recepci\u00f3n del PIN.<\/p>\n<p style=\"font-weight: 400;\"><strong>IMPORTANTE:<\/strong> el plazo de matriculaci\u00f3n no comienza hasta el d\u00eda 20 de mayo, una vez hayan finalizado el registro tendr\u00e1n que esperar a que dicho plazo est\u00e9 habilitado.<\/p>\n<p style=\"font-weight: 400;\"><a href=\"https:\/\/oficinavirtual.ugr.es\/apli\/solicitudPAU\/selectividad00-menu.jsp\" target=\"_blank\" rel=\"noopener\">Para acceder a la p\u00e1gina de registro pulse AQU\u00cd<\/a><\/p>\n<p style=\"font-weight: 400;\"><strong>IMPORTANTE:<\/strong> el env\u00edo del c\u00f3digo PIN es inmediato. Si no lo han recibido aseg\u00farense de comprobar que no est\u00e1 en la carpeta SPAM o en la bandeja de CORREO NO DESEADO.<\/p>\n<p style=\"font-weight: 400;\">Tienen a su disposici\u00f3n un videotutorial<span>\u00a0 <\/span>donde encontrar\u00e1n las respuestas a la mayor\u00eda de dudas que puedan plantearse.<\/p>\n<p style=\"font-weight: 400;\">En caso de tener alg\u00fan problema para formalizar el registro puede ponerse en contacto con el <span>\u00a0<\/span>SERVICIO DE ACCESO, ADMISI\u00d3N Y PERMANENCIA:<\/p>\n<ul>\n<li>Escribiendo un mensaje a <a href=\"mailto:saap@ugr.es\"><strong>saap@ugr.es<\/strong><\/a><\/li>\n<li>Tel\u00e9fono de contacto: 958243023.<\/li>\n<li>Web: <a href=\"https:\/\/saap.ugr.es\/\" target=\"_blank\" rel=\"noopener\">https:\/\/saap.ugr.es\/<\/a><\/li>\n<\/ul>\n<p style=\"font-weight: 400;\">Si usted ha cursado en a\u00f1os anteriores o cursa actualmente segundo curso de Bachillerato o Ciclo Formativo Superior, su Instituto o Centro Formativo habr\u00e1 facilitado a este Servicio de Acceso y Admisi\u00f3n la mayor\u00eda de datos personales y\/o acad\u00e9micos que necesitamos, por lo tanto, en el registro solamente se le requerir\u00e1 el DNI (o documento equivalente) CON LETRA, y posteriormente la fecha de nacimiento y un correo electr\u00f3nico de contacto. A dicho correo le llegar\u00e1 de forma inmediata (compruebe bien todas las carpetas, sobre todo la carpeta SPAM en caso de no recibirlo) el n\u00famero PIN con el que posteriormente podr\u00e1 formalizar matr\u00edcula, acceder a sus notas, solicitar revisi\u00f3n, etc&#8230;, por lo que le rogamos anote dicho n\u00famero o guarde el email recibido en un lugar seguro y f\u00e1cilmente accesible.<\/p>\n<p>[\/et_pb_text][et_pb_code _builder_version=\u00bb4.24.3&#8243; _module_preset=\u00bbdefault\u00bb global_colors_info=\u00bb{}\u00bb theme_builder_area=\u00bbpost_content\u00bb]<iframe loading=\"lazy\" width=\"560\" height=\"315\" src=\"https:\/\/www.youtube.com\/embed\/Kw9lZNdWnEA?si=p8BwbTU-NdQddocv\" title=\"YouTube video player\" frameborder=\"0\" allow=\"accelerometer; autoplay; clipboard-write; encrypted-media; gyroscope; picture-in-picture; web-share\" referrerpolicy=\"strict-origin-when-cross-origin\" allowfullscreen><\/iframe>[\/et_pb_code][\/et_pb_column][\/et_pb_row][et_pb_row _builder_version=\u00bb4.18.0&#8243; _module_preset=\u00bbdefault\u00bb global_colors_info=\u00bb{}\u00bb theme_builder_area=\u00bbpost_content\u00bb][et_pb_column type=\u00bb4_4&#8243; _builder_version=\u00bb4.18.0&#8243; _module_preset=\u00bbdefault\u00bb global_colors_info=\u00bb{}\u00bb theme_builder_area=\u00bbpost_content\u00bb][et_pb_text admin_label=\u00bbEntradilla (Texto)\u00bb _builder_version=\u00bb4.25.1&#8243; text_font=\u00bb|on|||\u00bb text_orientation=\u00bbjustified\u00bb hover_enabled=\u00bb0&#8243; global_colors_info=\u00bb{}\u00bb theme_builder_area=\u00bbpost_content\u00bb sticky_enabled=\u00bb0&#8243;]<\/p>\n<h2 style=\"font-weight: 400;\"><strong>MATR\u00cdCULA PEVAU<\/strong><strong><\/strong><\/h2>\n<p>[\/et_pb_text][et_pb_text admin_label=\u00bbDesarrollo (Texto)\u00bb _builder_version=\u00bb4.24.3&#8243; text_orientation=\u00bbjustified\u00bb custom_margin=\u00bb||||false|false\u00bb custom_padding=\u00bb||||false|false\u00bb global_colors_info=\u00bb{}\u00bb theme_builder_area=\u00bbpost_content\u00bb]<\/p>\n<ul>\n<li><strong>Convocatoria Ordinaria:<\/strong> del 20 al 24 de mayo de 2024 para formalizar matricula (la fecha m\u00e1xima para el abono de la misma es el 27 de mayo)<\/li>\n<li><strong>Convocatoria Extraordinaria:<\/strong> del 17 al 21 de junio de 2024 para formalizar matricula (pagos hasta el 24 de junio).<\/li>\n<\/ul>\n<p style=\"font-weight: 400;\">[\/et_pb_text][et_pb_code _builder_version=\u00bb4.25.0&#8243; _module_preset=\u00bbdefault\u00bb global_colors_info=\u00bb{}\u00bb theme_builder_area=\u00bbpost_content\u00bb]<iframe loading=\"lazy\" width=\"560\" height=\"315\" src=\"https:\/\/www.youtube.com\/embed\/aXU_3D1Fijc?si=KIYtSkeAHS65CaM9\" title=\"YouTube video player\" frameborder=\"0\" allow=\"accelerometer; autoplay; clipboard-write; encrypted-media; gyroscope; picture-in-picture; web-share\" referrerpolicy=\"strict-origin-when-cross-origin\" allowfullscreen><\/iframe>[\/et_pb_code][et_pb_text _builder_version=\u00bb4.25.1&#8243; _module_preset=\u00bbdefault\u00bb global_colors_info=\u00bb{}\u00bb theme_builder_area=\u00bbpost_content\u00bb]<\/p>\n<h4>DEVOLUCI\u00d3N DE LA MATR\u00cdCULA PEVAU<\/h4>\n<p>En el caso de que finalmete no realice la PEVAU, se podr\u00e1 solicitar la devolucion de los precios p\u00fablicos, antes de la realizacion de la prueba.<\/p>\n<p>En el siguiente enlace est\u00e1 la informaci\u00f3n sobre el proceso de devolucion. <a href=\"https:\/\/saap.ugr.es\/admision\/devolucion-precios-publicos\" target=\"_blank\" rel=\"noopener\">Pincha aqu\u00ed<\/a><\/p>\n<p>Aqu\u00ed puedes acceder directamente a la sede electr\u00f3nica para solicitar la devoluci\u00f3n de las tasas. <a href=\"https:\/\/sede.ugr.es\/procs\/Pruebas-de-acceso-a-la-UGR-Devolucion-de-precios-publicos-de-las-pruebas-y-de-sus-certificaciones\/\" target=\"_blank\" rel=\"noopener\">Pincha aqu\u00ed<\/a><\/p>\n<p>[\/et_pb_text][\/et_pb_column][\/et_pb_row][et_pb_row _builder_version=\u00bb4.18.0&#8243; _module_preset=\u00bbdefault\u00bb global_colors_info=\u00bb{}\u00bb theme_builder_area=\u00bbpost_content\u00bb][et_pb_column type=\u00bb4_4&#8243; _builder_version=\u00bb4.18.0&#8243; _module_preset=\u00bbdefault\u00bb global_colors_info=\u00bb{}\u00bb theme_builder_area=\u00bbpost_content\u00bb][et_pb_text admin_label=\u00bbEntradilla (Texto)\u00bb _builder_version=\u00bb4.24.3&#8243; text_font=\u00bb|on|||\u00bb text_orientation=\u00bbjustified\u00bb global_colors_info=\u00bb{}\u00bb theme_builder_area=\u00bbpost_content\u00bb]<\/p>\n<h2 style=\"font-weight: 400;\"><strong>INFORMACIONES SOBRE LA PRUEBA<\/strong><strong><\/strong><\/h2>\n<p>[\/et_pb_text][et_pb_text admin_label=\u00bbDesarrollo (Texto)\u00bb _builder_version=\u00bb4.24.3&#8243; text_orientation=\u00bbjustified\u00bb custom_margin=\u00bb||||false|false\u00bb custom_padding=\u00bb||||false|false\u00bb global_colors_info=\u00bb{}\u00bb theme_builder_area=\u00bbpost_content\u00bb]<\/p>\n<p><strong>CALENDARIO DE LA PRUEBA<\/strong><\/p>\n<ul>\n<li>CONVOCATORIA ORDINARIA:\u00a04, 5 y 6 de junio de 2024<\/li>\n<li>CONVOCATORIA\u00a0 EXTRAORDINARIA:\u00a02, 3 y 4 de julio de\u00a02024<\/li>\n<\/ul>\n<p style=\"font-weight: 400;\"><strong><\/strong><\/p>\n<p style=\"font-weight: 400;\"><strong>HORARIO DE LA PRUEBA POR MATERIAS\/ASIGNATURAS<\/strong><\/p>\n<p>Aqu\u00ed tienes las horas de la prueba por materias y asignaturas:<\/p>\n<p style=\"font-weight: 400;\"><a href=\"https:\/\/www.juntadeandalucia.es\/economiaconocimientoempresasyuniversidad\/sguit\/?q=grados&amp;d=g_b_calendario.php\" target=\"_blank\" rel=\"noopener\">Pulsa aqu\u00ed para ver el horario completo<\/a><\/p>\n<p style=\"font-weight: 400;\"><strong><\/strong><\/p>\n<p style=\"font-weight: 400;\"><strong>SEDES: LUGARES DE EXAMEN<\/strong><\/p>\n<p style=\"font-weight: 400;\">Para las pruebas de le convocatoria ordinaria 2024 de nuestros alumnos las sedes ser\u00e1n las siguientes:<\/p>\n<ul>\n<li>SEDE 7: FACULTAD DE FARMACIA.<\/li>\n<li>SEDE 13: FACULTAD DE CIENCIA para alumnado NEAE.<\/li>\n<\/ul>\n<p style=\"font-weight: 400;\">Habr\u00e1 un vocal de nuestro centro que estar\u00e1 presente en la convocatoria ordinaria de la PEvAU para acompa\u00f1aros al alumnado y resolver cualquier incidencia que pudiera presentarse.<\/p>\n<p style=\"font-weight: 400;\"><strong><\/strong><\/p>\n<p style=\"font-weight: 400;\"><strong>CONDICIONES DE ACCESO DESDE BACHILLERATO<\/strong><\/p>\n<p style=\"font-weight: 400;\">En el siguiente enlace podr\u00e1s ver la estructura de la prueba de la fase de acceso y de admisi\u00f3n, as\u00ed como los c\u00e1lculos para las notas de ambas pruebas:<\/p>\n<p style=\"font-weight: 400;\"><a href=\"https:\/\/www.juntadeandalucia.es\/economiaconocimientoempresasyuniversidad\/sguit\/?q=grados&amp;d=g_b_procedimiento_acceso.php\" target=\"_blank\" rel=\"noopener\">Pulse aqu\u00ed para ver la estructura de la prueba<\/a><\/p>\n<p style=\"font-weight: 400;\"><strong><\/strong><\/p>\n<p style=\"font-weight: 400;\"><strong>PAR\u00c1METROS DE PONDERACI\u00d3N<\/strong><\/p>\n<p style=\"font-weight: 400;\">En las siguientes tablas tienes los par\u00e1metros de ponderaci\u00f3n de las distintas asignaturas de la PEVAU en funci\u00f3n del grado universitario que quieras estudiar.<\/p>\n<p style=\"font-weight: 400;\"><a href=\"\/\/www.juntadeandalucia.es\/economiaconocimientoempresasyuniversidad\/sguit\/documentacion\/2024\/PARAMETROS_DE_PONDERACION_2024_2025_DUA.pdf\" target=\"_blank\" rel=\"noopener\">Pulse aqu\u00ed para ver las tablas de ponderaci\u00f3n para la fase de admisi\u00f3n<\/a><\/p>\n<p>[\/et_pb_text][et_pb_divider divider_weight=\u00bb3px\u00bb _builder_version=\u00bb4.25.0&#8243; _module_preset=\u00bbdefault\u00bb locked=\u00bboff\u00bb global_colors_info=\u00bb{}\u00bb theme_builder_area=\u00bbpost_content\u00bb][\/et_pb_divider][\/et_pb_column][\/et_pb_row][et_pb_row _builder_version=\u00bb4.18.0&#8243; _module_preset=\u00bbdefault\u00bb global_colors_info=\u00bb{}\u00bb theme_builder_area=\u00bbpost_content\u00bb][et_pb_column type=\u00bb4_4&#8243; _builder_version=\u00bb4.18.0&#8243; _module_preset=\u00bbdefault\u00bb global_colors_info=\u00bb{}\u00bb theme_builder_area=\u00bbpost_content\u00bb][et_pb_text admin_label=\u00bbEntradilla (Texto)\u00bb _builder_version=\u00bb4.24.3&#8243; text_font=\u00bb|on|||\u00bb text_line_height=\u00bb1.5em\u00bb text_orientation=\u00bbjustified\u00bb global_colors_info=\u00bb{}\u00bb theme_builder_area=\u00bbpost_content\u00bb]<\/p>\n<h2 style=\"font-weight: 400;\"><strong>EX\u00c1MENES Y ORIENTACIONES SOBRE LA PRUEBA<\/strong><strong><\/strong><\/h2>\n<p>[\/et_pb_text][et_pb_text admin_label=\u00bbDesarrollo (Texto)\u00bb _builder_version=\u00bb4.24.3&#8243; text_orientation=\u00bbjustified\u00bb custom_margin=\u00bb||||false|false\u00bb custom_padding=\u00bb||||false|false\u00bb global_colors_info=\u00bb{}\u00bb theme_builder_area=\u00bbpost_content\u00bb]<\/p>\n<p style=\"font-weight: 400;\"><strong>Aqu\u00ed puedes consultar las orientaciones y pruebas de cursos anteriores<\/strong><\/p>\n<p style=\"font-weight: 400;\"><a href=\"https:\/\/www.juntadeandalucia.es\/economiaconocimientoempresasyuniversidad\/sguit\/?q=grados&amp;d=g_b_examenes_anteriores.php\" target=\"_blank\" rel=\"noopener\">Pulse aqu\u00ed para ver las orientaciones y pruebas de cursos anteriores<\/a><\/p>\n<p style=\"font-weight: 400;\"><strong>Material permitido en la realizacio\u0301n de cada examen<\/strong><\/p>\n<p style=\"font-weight: 400;\"><a href=\"https:\/\/www.juntadeandalucia.es\/economiaconocimientoempresasyuniversidad\/sguit\/documentacion\/PEvAU_Material_permitido_para_el_examen.pdf\" target=\"_blank\" rel=\"noopener\">Pulse aqu\u00ed para ver los materiales permitidos para cada asignatura<\/a><\/p>\n<p style=\"font-weight: 400;\"><strong>Nota Informativa sobre el uso de calculadoras en la PEvAU<\/strong><\/p>\n<p style=\"font-weight: 400;\"><a href=\"https:\/\/www.juntadeandalucia.es\/economiaconocimientoempresasyuniversidad\/sguit\/documentacion\/NotaInformativa_UsoCalculadoras.pdf\" target=\"_blank\" rel=\"noopener\">Pulse aqu\u00ed para ver las condiciones de uso de la calculadora<\/a><\/p>\n<p>[\/et_pb_text][et_pb_divider divider_weight=\u00bb3px\u00bb _builder_version=\u00bb4.25.0&#8243; _module_preset=\u00bbdefault\u00bb global_colors_info=\u00bb{}\u00bb theme_builder_area=\u00bbpost_content\u00bb][\/et_pb_divider][\/et_pb_column][\/et_pb_row][et_pb_row _builder_version=\u00bb4.18.0&#8243; _module_preset=\u00bbdefault\u00bb global_colors_info=\u00bb{}\u00bb theme_builder_area=\u00bbpost_content\u00bb][et_pb_column type=\u00bb4_4&#8243; _builder_version=\u00bb4.18.0&#8243; _module_preset=\u00bbdefault\u00bb global_colors_info=\u00bb{}\u00bb theme_builder_area=\u00bbpost_content\u00bb][et_pb_text admin_label=\u00bbEntradilla (Texto)\u00bb _builder_version=\u00bb4.24.3&#8243; text_font=\u00bb|on|||\u00bb text_orientation=\u00bbjustified\u00bb global_colors_info=\u00bb{}\u00bb theme_builder_area=\u00bbpost_content\u00bb]<\/p>\n<h2 style=\"font-weight: 400;\"><strong>ACCESO A LA UNIVERSIDAD<\/strong><strong><\/strong><\/h2>\n<p>[\/et_pb_text][et_pb_text admin_label=\u00bbDesarrollo (Texto)\u00bb _builder_version=\u00bb4.24.3&#8243; text_orientation=\u00bbjustified\u00bb custom_margin=\u00bb||||false|false\u00bb custom_padding=\u00bb||||false|false\u00bb global_colors_info=\u00bb{}\u00bb theme_builder_area=\u00bbpost_content\u00bb]<\/p>\n<p style=\"font-weight: 400;\"><strong>CAT\u00c1LOGO DE GRADOS<\/strong><\/p>\n<p style=\"font-weight: 400;\">Aqu\u00ed tienes el cat\u00e1logo de grados del Distrito \u00danico Andaluz, donde podr\u00e1s consultar los grados de las universidades andaluzas:<\/p>\n<p style=\"font-weight: 400;\"><a href=\"https:\/\/www.juntadeandalucia.es\/economiaconocimientoempresasyuniversidad\/sguit\/?q=grados&amp;d=g_catalogo_top.php\" target=\"_blank\" rel=\"noopener\">Pulse aqu\u00ed para ver el cat\u00e1logo de grados de las universidades andaluzas<\/a><\/p>\n<p style=\"font-weight: 400;\">En este enlace los grados de la UGR por ramas de conocimiento:<\/p>\n<p style=\"font-weight: 400;\"><a href=\"https:\/\/grados.ugr.es\" target=\"_blank\" rel=\"noopener\">Pulse aqu\u00ed para ver los grados que ofrece la UGR<\/a><\/p>\n<p style=\"font-weight: 400;\"><strong>NOTAS DE CORTE<\/strong><\/p>\n<p style=\"font-weight: 400;\"><a href=\"https:\/\/www.juntadeandalucia.es\/economiaconocimientoempresasyuniversidad\/sguit\/?q=grados&amp;d=g_not_cor_anteriores_top.php\" target=\"_blank\" rel=\"noopener\">Pulse aqu\u00ed para ver las notas de corte de cursos anteriores<\/a><\/p>\n<p>[\/et_pb_text][\/et_pb_column][\/et_pb_row][\/et_pb_section]<\/p>\n","protected":false},"excerpt":{"rendered":"<p>La semana pasada tuvimos una sesi\u00f3n orientaci\u00f3n con los de 2\u00ba de BTO, explicando el proceso de registro y matriculaci\u00f3n para la PEVAU, adem\u00e1s de informaci\u00f3n sobre la solicitud de plaza para el acceso a las universidades andaluzas.<\/p>\n","protected":false},"author":2,"featured_media":18701,"comment_status":"open","ping_status":"open","sticky":false,"template":"","format":"standard","meta":{"_et_pb_use_builder":"on","_et_pb_old_content":"","_et_gb_content_width":"","footnotes":""},"categories":[57,20,70],"tags":[],"class_list":["post-18698","post","type-post","status-publish","format-standard","has-post-thumbnail","hentry","category-bachillerato","category-bto","category-orientacion"],"yoast_head":"<!-- This site is optimized with the Yoast SEO plugin v28.4 - https:\/\/yoast.com\/product\/yoast-seo-wordpress\/ -->\n<title>INFORMACIONES GENERALES SOBRE LA PEVAU 2024 - Colegio Salesiano<\/title>\n<meta name=\"robots\" content=\"index, follow, max-snippet:-1, max-image-preview:large, max-video-preview:-1\" \/>\n<link rel=\"canonical\" href=\"https:\/\/granada.salesianos.edu\/colegio\/blog\/informaciones-generales-sobre-la-pevau-2024\/\" \/>\n<meta property=\"og:locale\" content=\"es_ES\" \/>\n<meta property=\"og:type\" content=\"article\" \/>\n<meta property=\"og:title\" content=\"INFORMACIONES GENERALES SOBRE LA PEVAU 2024 - Colegio Salesiano\" \/>\n<meta property=\"og:description\" content=\"La semana pasada tuvimos una sesi\u00f3n orientaci\u00f3n con los de 2\u00ba de BTO, explicando el proceso de registro y matriculaci\u00f3n para la PEVAU, adem\u00e1s de informaci\u00f3n sobre la solicitud de plaza para el acceso a las universidades andaluzas.\" \/>\n<meta property=\"og:url\" content=\"https:\/\/granada.salesianos.edu\/colegio\/blog\/informaciones-generales-sobre-la-pevau-2024\/\" \/>\n<meta property=\"og:site_name\" content=\"Colegio Salesiano\" \/>\n<meta property=\"article:publisher\" content=\"https:\/\/www.facebook.com\/SalesianosGR\/\" \/>\n<meta property=\"article:published_time\" content=\"2024-05-06T20:23:29+00:00\" \/>\n<meta property=\"article:modified_time\" content=\"2024-05-30T17:53:06+00:00\" \/>\n<meta property=\"og:image\" content=\"https:\/\/granada.salesianos.edu\/colegio\/wp-content\/uploads\/sites\/2\/2024\/05\/Informaciones-PEVAU-2024-1.jpg\" \/>\n\t<meta property=\"og:image:width\" content=\"1366\" \/>\n\t<meta property=\"og:image:height\" content=\"768\" \/>\n\t<meta property=\"og:image:type\" content=\"image\/jpeg\" \/>\n<meta name=\"author\" content=\"Gestor Web\" \/>\n<meta name=\"twitter:card\" content=\"summary_large_image\" \/>\n<meta name=\"twitter:creator\" content=\"@GranadaSDB\" \/>\n<meta name=\"twitter:site\" content=\"@GranadaSDB\" \/>\n<meta name=\"twitter:label1\" content=\"Escrito por\" \/>\n\t<meta name=\"twitter:data1\" content=\"Gestor Web\" \/>\n\t<meta name=\"twitter:label2\" content=\"Tiempo de lectura\" \/>\n\t<meta name=\"twitter:data2\" content=\"4 minutos\" \/>\n<script type=\"application\/ld+json\" class=\"yoast-schema-graph\">{\"@context\":\"https:\\\/\\\/schema.org\",\"@graph\":[{\"@type\":\"Article\",\"@id\":\"https:\\\/\\\/granada.salesianos.edu\\\/colegio\\\/blog\\\/informaciones-generales-sobre-la-pevau-2024\\\/#article\",\"isPartOf\":{\"@id\":\"https:\\\/\\\/granada.salesianos.edu\\\/colegio\\\/blog\\\/informaciones-generales-sobre-la-pevau-2024\\\/\"},\"author\":{\"name\":\"Gestor Web\",\"@id\":\"https:\\\/\\\/granada.salesianos.edu\\\/colegio\\\/#\\\/schema\\\/person\\\/6392ff2e4bd1e66981d6eab734bbd962\"},\"headline\":\"INFORMACIONES GENERALES SOBRE LA PEVAU 2024\",\"datePublished\":\"2024-05-06T20:23:29+00:00\",\"dateModified\":\"2024-05-30T17:53:06+00:00\",\"mainEntityOfPage\":{\"@id\":\"https:\\\/\\\/granada.salesianos.edu\\\/colegio\\\/blog\\\/informaciones-generales-sobre-la-pevau-2024\\\/\"},\"wordCount\":1619,\"commentCount\":0,\"publisher\":{\"@id\":\"https:\\\/\\\/granada.salesianos.edu\\\/colegio\\\/#organization\"},\"image\":{\"@id\":\"https:\\\/\\\/granada.salesianos.edu\\\/colegio\\\/blog\\\/informaciones-generales-sobre-la-pevau-2024\\\/#primaryimage\"},\"thumbnailUrl\":\"https:\\\/\\\/granada.salesianos.edu\\\/colegio\\\/wp-content\\\/uploads\\\/sites\\\/2\\\/2024\\\/05\\\/Informaciones-PEVAU-2024-1.jpg\",\"articleSection\":[\"Bachillerato\",\"BTO\",\"Orientaci\u00f3n\"],\"inLanguage\":\"es\",\"potentialAction\":[{\"@type\":\"CommentAction\",\"name\":\"Comment\",\"target\":[\"https:\\\/\\\/granada.salesianos.edu\\\/colegio\\\/blog\\\/informaciones-generales-sobre-la-pevau-2024\\\/#respond\"]}]},{\"@type\":\"WebPage\",\"@id\":\"https:\\\/\\\/granada.salesianos.edu\\\/colegio\\\/blog\\\/informaciones-generales-sobre-la-pevau-2024\\\/\",\"url\":\"https:\\\/\\\/granada.salesianos.edu\\\/colegio\\\/blog\\\/informaciones-generales-sobre-la-pevau-2024\\\/\",\"name\":\"INFORMACIONES GENERALES SOBRE LA PEVAU 2024 - Colegio Salesiano\",\"isPartOf\":{\"@id\":\"https:\\\/\\\/granada.salesianos.edu\\\/colegio\\\/#website\"},\"primaryImageOfPage\":{\"@id\":\"https:\\\/\\\/granada.salesianos.edu\\\/colegio\\\/blog\\\/informaciones-generales-sobre-la-pevau-2024\\\/#primaryimage\"},\"image\":{\"@id\":\"https:\\\/\\\/granada.salesianos.edu\\\/colegio\\\/blog\\\/informaciones-generales-sobre-la-pevau-2024\\\/#primaryimage\"},\"thumbnailUrl\":\"https:\\\/\\\/granada.salesianos.edu\\\/colegio\\\/wp-content\\\/uploads\\\/sites\\\/2\\\/2024\\\/05\\\/Informaciones-PEVAU-2024-1.jpg\",\"datePublished\":\"2024-05-06T20:23:29+00:00\",\"dateModified\":\"2024-05-30T17:53:06+00:00\",\"breadcrumb\":{\"@id\":\"https:\\\/\\\/granada.salesianos.edu\\\/colegio\\\/blog\\\/informaciones-generales-sobre-la-pevau-2024\\\/#breadcrumb\"},\"inLanguage\":\"es\",\"potentialAction\":[{\"@type\":\"ReadAction\",\"target\":[\"https:\\\/\\\/granada.salesianos.edu\\\/colegio\\\/blog\\\/informaciones-generales-sobre-la-pevau-2024\\\/\"]}]},{\"@type\":\"ImageObject\",\"inLanguage\":\"es\",\"@id\":\"https:\\\/\\\/granada.salesianos.edu\\\/colegio\\\/blog\\\/informaciones-generales-sobre-la-pevau-2024\\\/#primaryimage\",\"url\":\"https:\\\/\\\/granada.salesianos.edu\\\/colegio\\\/wp-content\\\/uploads\\\/sites\\\/2\\\/2024\\\/05\\\/Informaciones-PEVAU-2024-1.jpg\",\"contentUrl\":\"https:\\\/\\\/granada.salesianos.edu\\\/colegio\\\/wp-content\\\/uploads\\\/sites\\\/2\\\/2024\\\/05\\\/Informaciones-PEVAU-2024-1.jpg\",\"width\":1366,\"height\":768},{\"@type\":\"BreadcrumbList\",\"@id\":\"https:\\\/\\\/granada.salesianos.edu\\\/colegio\\\/blog\\\/informaciones-generales-sobre-la-pevau-2024\\\/#breadcrumb\",\"itemListElement\":[{\"@type\":\"ListItem\",\"position\":1,\"name\":\"Portada\",\"item\":\"https:\\\/\\\/granada.salesianos.edu\\\/colegio\\\/\"},{\"@type\":\"ListItem\",\"position\":2,\"name\":\"INFORMACIONES GENERALES SOBRE LA PEVAU 2024\"}]},{\"@type\":\"WebSite\",\"@id\":\"https:\\\/\\\/granada.salesianos.edu\\\/colegio\\\/#website\",\"url\":\"https:\\\/\\\/granada.salesianos.edu\\\/colegio\\\/\",\"name\":\"Colegio Salesiano\",\"description\":\"P\u00e1gina oficial de Salesianos Granada San Juan Bosco\",\"publisher\":{\"@id\":\"https:\\\/\\\/granada.salesianos.edu\\\/colegio\\\/#organization\"},\"potentialAction\":[{\"@type\":\"SearchAction\",\"target\":{\"@type\":\"EntryPoint\",\"urlTemplate\":\"https:\\\/\\\/granada.salesianos.edu\\\/colegio\\\/?s={search_term_string}\"},\"query-input\":{\"@type\":\"PropertyValueSpecification\",\"valueRequired\":true,\"valueName\":\"search_term_string\"}}],\"inLanguage\":\"es\"},{\"@type\":\"Organization\",\"@id\":\"https:\\\/\\\/granada.salesianos.edu\\\/colegio\\\/#organization\",\"name\":\"Colegio Salesiano San Juan Bosco Granada\",\"url\":\"https:\\\/\\\/granada.salesianos.edu\\\/colegio\\\/\",\"logo\":{\"@type\":\"ImageObject\",\"inLanguage\":\"es\",\"@id\":\"https:\\\/\\\/granada.salesianos.edu\\\/colegio\\\/#\\\/schema\\\/logo\\\/image\\\/\",\"url\":\"https:\\\/\\\/granada.salesianos.edu\\\/colegio\\\/wp-content\\\/uploads\\\/sites\\\/2\\\/2021\\\/01\\\/GRANADAobraVN2.jpg\",\"contentUrl\":\"https:\\\/\\\/granada.salesianos.edu\\\/colegio\\\/wp-content\\\/uploads\\\/sites\\\/2\\\/2021\\\/01\\\/GRANADAobraVN2.jpg\",\"width\":2113,\"height\":1894,\"caption\":\"Colegio Salesiano San Juan Bosco Granada\"},\"image\":{\"@id\":\"https:\\\/\\\/granada.salesianos.edu\\\/colegio\\\/#\\\/schema\\\/logo\\\/image\\\/\"},\"sameAs\":[\"https:\\\/\\\/www.facebook.com\\\/SalesianosGR\\\/\",\"https:\\\/\\\/x.com\\\/GranadaSDB\",\"https:\\\/\\\/www.instagram.com\\\/salesianosgranada\\\/\",\"https:\\\/\\\/www.youtube.com\\\/channel\\\/UChkpZuhCf4Y5rYIcFT3CNxw?view_as=subscriber\"]},{\"@type\":\"Person\",\"@id\":\"https:\\\/\\\/granada.salesianos.edu\\\/colegio\\\/#\\\/schema\\\/person\\\/6392ff2e4bd1e66981d6eab734bbd962\",\"name\":\"Gestor Web\",\"image\":{\"@type\":\"ImageObject\",\"inLanguage\":\"es\",\"@id\":\"https:\\\/\\\/secure.gravatar.com\\\/avatar\\\/160666bb56a01520857079961a824af2b7821d6bad80677c80f2b473fceead1b?s=96&d=mm&r=g\",\"url\":\"https:\\\/\\\/secure.gravatar.com\\\/avatar\\\/160666bb56a01520857079961a824af2b7821d6bad80677c80f2b473fceead1b?s=96&d=mm&r=g\",\"contentUrl\":\"https:\\\/\\\/secure.gravatar.com\\\/avatar\\\/160666bb56a01520857079961a824af2b7821d6bad80677c80f2b473fceead1b?s=96&d=mm&r=g\",\"caption\":\"Gestor Web\"}}]}<\/script>\n<!-- \/ Yoast SEO plugin. -->","yoast_head_json":{"title":"INFORMACIONES GENERALES SOBRE LA PEVAU 2024 - Colegio Salesiano","robots":{"index":"index","follow":"follow","max-snippet":"max-snippet:-1","max-image-preview":"max-image-preview:large","max-video-preview":"max-video-preview:-1"},"canonical":"https:\/\/granada.salesianos.edu\/colegio\/blog\/informaciones-generales-sobre-la-pevau-2024\/","og_locale":"es_ES","og_type":"article","og_title":"INFORMACIONES GENERALES SOBRE LA PEVAU 2024 - Colegio Salesiano","og_description":"La semana pasada tuvimos una sesi\u00f3n orientaci\u00f3n con los de 2\u00ba de BTO, explicando el proceso de registro y matriculaci\u00f3n para la PEVAU, adem\u00e1s de informaci\u00f3n sobre la solicitud de plaza para el acceso a las universidades andaluzas.","og_url":"https:\/\/granada.salesianos.edu\/colegio\/blog\/informaciones-generales-sobre-la-pevau-2024\/","og_site_name":"Colegio Salesiano","article_publisher":"https:\/\/www.facebook.com\/SalesianosGR\/","article_published_time":"2024-05-06T20:23:29+00:00","article_modified_time":"2024-05-30T17:53:06+00:00","og_image":[{"width":1366,"height":768,"url":"https:\/\/granada.salesianos.edu\/colegio\/wp-content\/uploads\/sites\/2\/2024\/05\/Informaciones-PEVAU-2024-1.jpg","type":"image\/jpeg"}],"author":"Gestor Web","twitter_card":"summary_large_image","twitter_creator":"@GranadaSDB","twitter_site":"@GranadaSDB","twitter_misc":{"Escrito por":"Gestor Web","Tiempo de lectura":"4 minutos"},"schema":{"@context":"https:\/\/schema.org","@graph":[{"@type":"Article","@id":"https:\/\/granada.salesianos.edu\/colegio\/blog\/informaciones-generales-sobre-la-pevau-2024\/#article","isPartOf":{"@id":"https:\/\/granada.salesianos.edu\/colegio\/blog\/informaciones-generales-sobre-la-pevau-2024\/"},"author":{"name":"Gestor Web","@id":"https:\/\/granada.salesianos.edu\/colegio\/#\/schema\/person\/6392ff2e4bd1e66981d6eab734bbd962"},"headline":"INFORMACIONES GENERALES SOBRE LA PEVAU 2024","datePublished":"2024-05-06T20:23:29+00:00","dateModified":"2024-05-30T17:53:06+00:00","mainEntityOfPage":{"@id":"https:\/\/granada.salesianos.edu\/colegio\/blog\/informaciones-generales-sobre-la-pevau-2024\/"},"wordCount":1619,"commentCount":0,"publisher":{"@id":"https:\/\/granada.salesianos.edu\/colegio\/#organization"},"image":{"@id":"https:\/\/granada.salesianos.edu\/colegio\/blog\/informaciones-generales-sobre-la-pevau-2024\/#primaryimage"},"thumbnailUrl":"https:\/\/granada.salesianos.edu\/colegio\/wp-content\/uploads\/sites\/2\/2024\/05\/Informaciones-PEVAU-2024-1.jpg","articleSection":["Bachillerato","BTO","Orientaci\u00f3n"],"inLanguage":"es","potentialAction":[{"@type":"CommentAction","name":"Comment","target":["https:\/\/granada.salesianos.edu\/colegio\/blog\/informaciones-generales-sobre-la-pevau-2024\/#respond"]}]},{"@type":"WebPage","@id":"https:\/\/granada.salesianos.edu\/colegio\/blog\/informaciones-generales-sobre-la-pevau-2024\/","url":"https:\/\/granada.salesianos.edu\/colegio\/blog\/informaciones-generales-sobre-la-pevau-2024\/","name":"INFORMACIONES GENERALES SOBRE LA PEVAU 2024 - Colegio Salesiano","isPartOf":{"@id":"https:\/\/granada.salesianos.edu\/colegio\/#website"},"primaryImageOfPage":{"@id":"https:\/\/granada.salesianos.edu\/colegio\/blog\/informaciones-generales-sobre-la-pevau-2024\/#primaryimage"},"image":{"@id":"https:\/\/granada.salesianos.edu\/colegio\/blog\/informaciones-generales-sobre-la-pevau-2024\/#primaryimage"},"thumbnailUrl":"https:\/\/granada.salesianos.edu\/colegio\/wp-content\/uploads\/sites\/2\/2024\/05\/Informaciones-PEVAU-2024-1.jpg","datePublished":"2024-05-06T20:23:29+00:00","dateModified":"2024-05-30T17:53:06+00:00","breadcrumb":{"@id":"https:\/\/granada.salesianos.edu\/colegio\/blog\/informaciones-generales-sobre-la-pevau-2024\/#breadcrumb"},"inLanguage":"es","potentialAction":[{"@type":"ReadAction","target":["https:\/\/granada.salesianos.edu\/colegio\/blog\/informaciones-generales-sobre-la-pevau-2024\/"]}]},{"@type":"ImageObject","inLanguage":"es","@id":"https:\/\/granada.salesianos.edu\/colegio\/blog\/informaciones-generales-sobre-la-pevau-2024\/#primaryimage","url":"https:\/\/granada.salesianos.edu\/colegio\/wp-content\/uploads\/sites\/2\/2024\/05\/Informaciones-PEVAU-2024-1.jpg","contentUrl":"https:\/\/granada.salesianos.edu\/colegio\/wp-content\/uploads\/sites\/2\/2024\/05\/Informaciones-PEVAU-2024-1.jpg","width":1366,"height":768},{"@type":"BreadcrumbList","@id":"https:\/\/granada.salesianos.edu\/colegio\/blog\/informaciones-generales-sobre-la-pevau-2024\/#breadcrumb","itemListElement":[{"@type":"ListItem","position":1,"name":"Portada","item":"https:\/\/granada.salesianos.edu\/colegio\/"},{"@type":"ListItem","position":2,"name":"INFORMACIONES GENERALES SOBRE LA PEVAU 2024"}]},{"@type":"WebSite","@id":"https:\/\/granada.salesianos.edu\/colegio\/#website","url":"https:\/\/granada.salesianos.edu\/colegio\/","name":"Colegio Salesiano","description":"P\u00e1gina oficial de Salesianos Granada San Juan Bosco","publisher":{"@id":"https:\/\/granada.salesianos.edu\/colegio\/#organization"},"potentialAction":[{"@type":"SearchAction","target":{"@type":"EntryPoint","urlTemplate":"https:\/\/granada.salesianos.edu\/colegio\/?s={search_term_string}"},"query-input":{"@type":"PropertyValueSpecification","valueRequired":true,"valueName":"search_term_string"}}],"inLanguage":"es"},{"@type":"Organization","@id":"https:\/\/granada.salesianos.edu\/colegio\/#organization","name":"Colegio Salesiano San Juan Bosco Granada","url":"https:\/\/granada.salesianos.edu\/colegio\/","logo":{"@type":"ImageObject","inLanguage":"es","@id":"https:\/\/granada.salesianos.edu\/colegio\/#\/schema\/logo\/image\/","url":"https:\/\/granada.salesianos.edu\/colegio\/wp-content\/uploads\/sites\/2\/2021\/01\/GRANADAobraVN2.jpg","contentUrl":"https:\/\/granada.salesianos.edu\/colegio\/wp-content\/uploads\/sites\/2\/2021\/01\/GRANADAobraVN2.jpg","width":2113,"height":1894,"caption":"Colegio Salesiano San Juan Bosco Granada"},"image":{"@id":"https:\/\/granada.salesianos.edu\/colegio\/#\/schema\/logo\/image\/"},"sameAs":["https:\/\/www.facebook.com\/SalesianosGR\/","https:\/\/x.com\/GranadaSDB","https:\/\/www.instagram.com\/salesianosgranada\/","https:\/\/www.youtube.com\/channel\/UChkpZuhCf4Y5rYIcFT3CNxw?view_as=subscriber"]},{"@type":"Person","@id":"https:\/\/granada.salesianos.edu\/colegio\/#\/schema\/person\/6392ff2e4bd1e66981d6eab734bbd962","name":"Gestor Web","image":{"@type":"ImageObject","inLanguage":"es","@id":"https:\/\/secure.gravatar.com\/avatar\/160666bb56a01520857079961a824af2b7821d6bad80677c80f2b473fceead1b?s=96&d=mm&r=g","url":"https:\/\/secure.gravatar.com\/avatar\/160666bb56a01520857079961a824af2b7821d6bad80677c80f2b473fceead1b?s=96&d=mm&r=g","contentUrl":"https:\/\/secure.gravatar.com\/avatar\/160666bb56a01520857079961a824af2b7821d6bad80677c80f2b473fceead1b?s=96&d=mm&r=g","caption":"Gestor Web"}}]}},"_links":{"self":[{"href":"https:\/\/granada.salesianos.edu\/colegio\/wp-json\/wp\/v2\/posts\/18698","targetHints":{"allow":["GET"]}}],"collection":[{"href":"https:\/\/granada.salesianos.edu\/colegio\/wp-json\/wp\/v2\/posts"}],"about":[{"href":"https:\/\/granada.salesianos.edu\/colegio\/wp-json\/wp\/v2\/types\/post"}],"author":[{"embeddable":true,"href":"https:\/\/granada.salesianos.edu\/colegio\/wp-json\/wp\/v2\/users\/2"}],"replies":[{"embeddable":true,"href":"https:\/\/granada.salesianos.edu\/colegio\/wp-json\/wp\/v2\/comments?post=18698"}],"version-history":[{"count":11,"href":"https:\/\/granada.salesianos.edu\/colegio\/wp-json\/wp\/v2\/posts\/18698\/revisions"}],"predecessor-version":[{"id":18931,"href":"https:\/\/granada.salesianos.edu\/colegio\/wp-json\/wp\/v2\/posts\/18698\/revisions\/18931"}],"wp:featuredmedia":[{"embeddable":true,"href":"https:\/\/granada.salesianos.edu\/colegio\/wp-json\/wp\/v2\/media\/18701"}],"wp:attachment":[{"href":"https:\/\/granada.salesianos.edu\/colegio\/wp-json\/wp\/v2\/media?parent=18698"}],"wp:term":[{"taxonomy":"category","embeddable":true,"href":"https:\/\/granada.salesianos.edu\/colegio\/wp-json\/wp\/v2\/categories?post=18698"},{"taxonomy":"post_tag","embeddable":true,"href":"https:\/\/granada.salesianos.edu\/colegio\/wp-json\/wp\/v2\/tags?post=18698"}],"curies":[{"name":"wp","href":"https:\/\/api.w.org\/{rel}","templated":true}]}}