{"id":18853,"date":"2024-05-22T14:36:19","date_gmt":"2024-05-22T12:36:19","guid":{"rendered":"https:\/\/granada.salesianos.edu\/colegio\/?p=18853"},"modified":"2024-05-22T14:36:29","modified_gmt":"2024-05-22T12:36:29","slug":"1festivalcortos","status":"publish","type":"post","link":"https:\/\/granada.salesianos.edu\/colegio\/blog\/1festivalcortos\/","title":{"rendered":"1\u00ba Edici\u00f3n CCU, \u00abFestival de Cortos. La Comunidad del Corto\u00bb"},"content":{"rendered":"<div id=\"fb-root\"><\/div>\n<p>[et_pb_section fb_built=\u00bb1&#8243; admin_label=\u00bbsection\u00bb _builder_version=\u00bb4.18.0&#8243; global_colors_info=\u00bb{}\u00bb][et_pb_row _builder_version=\u00bb4.18.0&#8243; _module_preset=\u00bbdefault\u00bb custom_padding=\u00bb||0px|||\u00bb global_colors_info=\u00bb{}\u00bb][et_pb_column type=\u00bb4_4&#8243; _builder_version=\u00bb4.18.0&#8243; _module_preset=\u00bbdefault\u00bb global_colors_info=\u00bb{}\u00bb][et_pb_text admin_label=\u00bbDesarrollo (Texto)\u00bb _builder_version=\u00bb4.24.3&#8243; text_orientation=\u00bbjustified\u00bb custom_margin=\u00bb||-37px||false|false\u00bb custom_padding=\u00bb||||false|false\u00bb global_colors_info=\u00bb{}\u00bb]<\/p>\n<p>Como parte de la materia de Planificaci\u00f3n de la Regidur\u00eda de Espect\u00e1culos y Eventos, el alumnado de 1\u00ba de Realizaci\u00f3n de Proyectos Audiovisuales y Espect\u00e1culos ha organizado el Primer Festival Salesiano \u201cLa Comunidad del Corto\u201d; en el que han participado cortometrajes realizados por alumnado del centro.<\/p>\n<p>Esta primera gala ha estado presentada por Naila y Fede, alumnos del mismo m\u00f3dulo, que de una manera magnifica han dirigido la gala como verdaderos profesionales haciendo sentir al p\u00fablico como si en la gala de los Goya estuviera.<\/p>\n<p>De los cortos presentados en esta primera edici\u00f3n, el ganador a la categor\u00eda a M<strong>ejor Cortometraje<\/strong> ha sido \u201c<strong>Loop\u201d<\/strong>, dirigido por la antigua alumna de Salesianos Ana J\u00f3dar y en el que han participado como parte del elenco el alumno Miguel Fern\u00e1ndez y el alumno Marcos Plata como responsable del montaje.<\/p>\n<p>Adem\u00e1s, se han entregado otros premios secundarios al <strong>Mejor Montaje<\/strong> (Hermano Mayor), <strong>Mejor Fotograf\u00eda<\/strong> (La Revelaci\u00f3n); <strong>Mejor Guion<\/strong> (Feliz 33 Aniversario) y <strong>Mejor Sonido<\/strong> (El precio de la Traici\u00f3n).<\/p>\n<p>El festival surge como una propuesta did\u00e1ctica que unifica las materias del cine y regidur\u00eda, en un centro de <strong>formaci\u00f3n audiovisual de referencia en Andaluc\u00eda como es el colegio San Juan Bosco.<\/strong><\/p>\n<p>En esta primera ceremonia (Corto con ustedes, CCU) se ha querido hacer un homenaje al cine cl\u00e1sico us\u00e1ndolo como tem\u00e1tica. As\u00ed, se ha contado con una performance creada por el propio alumnado con gui\u00f1os a t\u00edtulos del s\u00e9ptimo arte como \u00abEl padrino\u00bb, \u00abEl mago de Oz\u00bb y \u00abEl Zorro\u00bb. Adem\u00e1s, la gala ha estado amenizada por la actuaci\u00f3n del DJ, y tambi\u00e9n alumno, Pedro Arag\u00f3n mientras el p\u00fablico y jurado deliberaban qu\u00e9 cortometraje ser\u00eda el ganador de esta edici\u00f3n.\u00a0<\/p>\n<p>\u00a0Un gran trabajo por parte del alumnado y de su profesor Gregorio que ha hecho que muchos alumnos del centro pudieran mostrar su lado creativo en este arte.\u00a0<\/p>\n<p>&nbsp;<\/p>\n<p><span style=\"font-size: 14px;\">\u00a0<\/span><\/p>\n<p>&nbsp;<\/p>\n<p>[\/et_pb_text][et_pb_gallery gallery_ids=\u00bb18860,18861,18862,18863,18864,18865,18866,18867,18868,18869,18870,18871,18872,18873&#8243; show_title_and_caption=\u00bboff\u00bb _builder_version=\u00bb4.25.1&#8243; _module_preset=\u00bbdefault\u00bb global_colors_info=\u00bb{}\u00bb][\/et_pb_gallery][\/et_pb_column][\/et_pb_row][\/et_pb_section]<\/p>\n","protected":false},"excerpt":{"rendered":"<p>Organizaci\u00f3n 1\u00ba Edici\u00f3n Festival de Cortos por parte del alumnado de RPAE<\/p>\n","protected":false},"author":2,"featured_media":18877,"comment_status":"open","ping_status":"open","sticky":false,"template":"","format":"standard","meta":{"_et_pb_use_builder":"on","_et_pb_old_content":"","_et_gb_content_width":"","footnotes":""},"categories":[11,21,52],"tags":[],"class_list":["post-18853","post","type-post","status-publish","format-standard","has-post-thumbnail","hentry","category-colegio","category-fp","category-imagen-y-sonido"],"yoast_head":"<!-- This site is optimized with the Yoast SEO plugin v28.4 - https:\/\/yoast.com\/product\/yoast-seo-wordpress\/ -->\n<title>1\u00ba Edici\u00f3n CCU, &quot;Festival de Cortos. La Comunidad del Corto&quot; - Colegio Salesiano<\/title>\n<meta name=\"description\" content=\"Nuestros alumnos conocieron, de primera mano, lo que va a suponer para Granada la instalaci\u00f3n de un acelerador de part\u00edculas, una instalaci\u00f3n cient\u00edfica de primer nivel mundial.\" \/>\n<meta name=\"robots\" content=\"index, follow, max-snippet:-1, max-image-preview:large, max-video-preview:-1\" \/>\n<link rel=\"canonical\" href=\"https:\/\/granada.salesianos.edu\/colegio\/blog\/1festivalcortos\/\" \/>\n<meta property=\"og:locale\" content=\"es_ES\" \/>\n<meta property=\"og:type\" content=\"article\" \/>\n<meta property=\"og:title\" content=\"1\u00ba Edici\u00f3n CCU, &quot;Festival de Cortos. La Comunidad del Corto&quot; - Colegio Salesiano\" \/>\n<meta property=\"og:description\" content=\"Nuestros alumnos conocieron, de primera mano, lo que va a suponer para Granada la instalaci\u00f3n de un acelerador de part\u00edculas, una instalaci\u00f3n cient\u00edfica de primer nivel mundial.\" \/>\n<meta property=\"og:url\" content=\"https:\/\/granada.salesianos.edu\/colegio\/blog\/1festivalcortos\/\" \/>\n<meta property=\"og:site_name\" content=\"Colegio Salesiano\" \/>\n<meta property=\"article:publisher\" content=\"https:\/\/www.facebook.com\/SalesianosGR\/\" \/>\n<meta property=\"article:published_time\" content=\"2024-05-22T12:36:19+00:00\" \/>\n<meta property=\"article:modified_time\" content=\"2024-05-22T12:36:29+00:00\" \/>\n<meta property=\"og:image\" content=\"https:\/\/granada.salesianos.edu\/colegio\/wp-content\/uploads\/sites\/2\/2024\/05\/Cartel-final-final-724x1024.png\" \/>\n\t<meta property=\"og:image:width\" content=\"724\" \/>\n\t<meta property=\"og:image:height\" content=\"1024\" \/>\n\t<meta property=\"og:image:type\" content=\"image\/png\" \/>\n<meta name=\"author\" content=\"Gestor Web\" \/>\n<meta name=\"twitter:card\" content=\"summary_large_image\" \/>\n<meta name=\"twitter:creator\" content=\"@GranadaSDB\" \/>\n<meta name=\"twitter:site\" content=\"@GranadaSDB\" \/>\n<meta name=\"twitter:label1\" content=\"Escrito por\" \/>\n\t<meta name=\"twitter:data1\" content=\"Gestor Web\" \/>\n\t<meta name=\"twitter:label2\" content=\"Tiempo de lectura\" \/>\n\t<meta name=\"twitter:data2\" content=\"5 minutos\" \/>\n<script type=\"application\/ld+json\" class=\"yoast-schema-graph\">{\"@context\":\"https:\\\/\\\/schema.org\",\"@graph\":[{\"@type\":\"Article\",\"@id\":\"https:\\\/\\\/granada.salesianos.edu\\\/colegio\\\/blog\\\/1festivalcortos\\\/#article\",\"isPartOf\":{\"@id\":\"https:\\\/\\\/granada.salesianos.edu\\\/colegio\\\/blog\\\/1festivalcortos\\\/\"},\"author\":{\"name\":\"Gestor Web\",\"@id\":\"https:\\\/\\\/granada.salesianos.edu\\\/colegio\\\/#\\\/schema\\\/person\\\/6392ff2e4bd1e66981d6eab734bbd962\"},\"headline\":\"1\u00ba Edici\u00f3n CCU, \u00abFestival de Cortos. La Comunidad del Corto\u00bb\",\"datePublished\":\"2024-05-22T12:36:19+00:00\",\"dateModified\":\"2024-05-22T12:36:29+00:00\",\"mainEntityOfPage\":{\"@id\":\"https:\\\/\\\/granada.salesianos.edu\\\/colegio\\\/blog\\\/1festivalcortos\\\/\"},\"wordCount\":443,\"commentCount\":0,\"publisher\":{\"@id\":\"https:\\\/\\\/granada.salesianos.edu\\\/colegio\\\/#organization\"},\"image\":{\"@id\":\"https:\\\/\\\/granada.salesianos.edu\\\/colegio\\\/blog\\\/1festivalcortos\\\/#primaryimage\"},\"thumbnailUrl\":\"https:\\\/\\\/granada.salesianos.edu\\\/colegio\\\/wp-content\\\/uploads\\\/sites\\\/2\\\/2024\\\/05\\\/Cartel-final-final.png\",\"articleSection\":[\"Colegio\",\"FP\",\"Imagen y Sonido\"],\"inLanguage\":\"es\",\"potentialAction\":[{\"@type\":\"CommentAction\",\"name\":\"Comment\",\"target\":[\"https:\\\/\\\/granada.salesianos.edu\\\/colegio\\\/blog\\\/1festivalcortos\\\/#respond\"]}]},{\"@type\":\"WebPage\",\"@id\":\"https:\\\/\\\/granada.salesianos.edu\\\/colegio\\\/blog\\\/1festivalcortos\\\/\",\"url\":\"https:\\\/\\\/granada.salesianos.edu\\\/colegio\\\/blog\\\/1festivalcortos\\\/\",\"name\":\"1\u00ba Edici\u00f3n CCU, \\\"Festival de Cortos. La Comunidad del Corto\\\" - Colegio Salesiano\",\"isPartOf\":{\"@id\":\"https:\\\/\\\/granada.salesianos.edu\\\/colegio\\\/#website\"},\"primaryImageOfPage\":{\"@id\":\"https:\\\/\\\/granada.salesianos.edu\\\/colegio\\\/blog\\\/1festivalcortos\\\/#primaryimage\"},\"image\":{\"@id\":\"https:\\\/\\\/granada.salesianos.edu\\\/colegio\\\/blog\\\/1festivalcortos\\\/#primaryimage\"},\"thumbnailUrl\":\"https:\\\/\\\/granada.salesianos.edu\\\/colegio\\\/wp-content\\\/uploads\\\/sites\\\/2\\\/2024\\\/05\\\/Cartel-final-final.png\",\"datePublished\":\"2024-05-22T12:36:19+00:00\",\"dateModified\":\"2024-05-22T12:36:29+00:00\",\"description\":\"Nuestros alumnos conocieron, de primera mano, lo que va a suponer para Granada la instalaci\u00f3n de un acelerador de part\u00edculas, una instalaci\u00f3n cient\u00edfica de primer nivel mundial.\",\"breadcrumb\":{\"@id\":\"https:\\\/\\\/granada.salesianos.edu\\\/colegio\\\/blog\\\/1festivalcortos\\\/#breadcrumb\"},\"inLanguage\":\"es\",\"potentialAction\":[{\"@type\":\"ReadAction\",\"target\":[\"https:\\\/\\\/granada.salesianos.edu\\\/colegio\\\/blog\\\/1festivalcortos\\\/\"]}]},{\"@type\":\"ImageObject\",\"inLanguage\":\"es\",\"@id\":\"https:\\\/\\\/granada.salesianos.edu\\\/colegio\\\/blog\\\/1festivalcortos\\\/#primaryimage\",\"url\":\"https:\\\/\\\/granada.salesianos.edu\\\/colegio\\\/wp-content\\\/uploads\\\/sites\\\/2\\\/2024\\\/05\\\/Cartel-final-final.png\",\"contentUrl\":\"https:\\\/\\\/granada.salesianos.edu\\\/colegio\\\/wp-content\\\/uploads\\\/sites\\\/2\\\/2024\\\/05\\\/Cartel-final-final.png\",\"width\":3508,\"height\":4961},{\"@type\":\"BreadcrumbList\",\"@id\":\"https:\\\/\\\/granada.salesianos.edu\\\/colegio\\\/blog\\\/1festivalcortos\\\/#breadcrumb\",\"itemListElement\":[{\"@type\":\"ListItem\",\"position\":1,\"name\":\"Portada\",\"item\":\"https:\\\/\\\/granada.salesianos.edu\\\/colegio\\\/\"},{\"@type\":\"ListItem\",\"position\":2,\"name\":\"1\u00ba Edici\u00f3n CCU, \u00abFestival de Cortos. La Comunidad del Corto\u00bb\"}]},{\"@type\":\"WebSite\",\"@id\":\"https:\\\/\\\/granada.salesianos.edu\\\/colegio\\\/#website\",\"url\":\"https:\\\/\\\/granada.salesianos.edu\\\/colegio\\\/\",\"name\":\"Colegio Salesiano\",\"description\":\"P\u00e1gina oficial de Salesianos Granada San Juan Bosco\",\"publisher\":{\"@id\":\"https:\\\/\\\/granada.salesianos.edu\\\/colegio\\\/#organization\"},\"potentialAction\":[{\"@type\":\"SearchAction\",\"target\":{\"@type\":\"EntryPoint\",\"urlTemplate\":\"https:\\\/\\\/granada.salesianos.edu\\\/colegio\\\/?s={search_term_string}\"},\"query-input\":{\"@type\":\"PropertyValueSpecification\",\"valueRequired\":true,\"valueName\":\"search_term_string\"}}],\"inLanguage\":\"es\"},{\"@type\":\"Organization\",\"@id\":\"https:\\\/\\\/granada.salesianos.edu\\\/colegio\\\/#organization\",\"name\":\"Colegio Salesiano San Juan Bosco Granada\",\"url\":\"https:\\\/\\\/granada.salesianos.edu\\\/colegio\\\/\",\"logo\":{\"@type\":\"ImageObject\",\"inLanguage\":\"es\",\"@id\":\"https:\\\/\\\/granada.salesianos.edu\\\/colegio\\\/#\\\/schema\\\/logo\\\/image\\\/\",\"url\":\"https:\\\/\\\/granada.salesianos.edu\\\/colegio\\\/wp-content\\\/uploads\\\/sites\\\/2\\\/2021\\\/01\\\/GRANADAobraVN2.jpg\",\"contentUrl\":\"https:\\\/\\\/granada.salesianos.edu\\\/colegio\\\/wp-content\\\/uploads\\\/sites\\\/2\\\/2021\\\/01\\\/GRANADAobraVN2.jpg\",\"width\":2113,\"height\":1894,\"caption\":\"Colegio Salesiano San Juan Bosco Granada\"},\"image\":{\"@id\":\"https:\\\/\\\/granada.salesianos.edu\\\/colegio\\\/#\\\/schema\\\/logo\\\/image\\\/\"},\"sameAs\":[\"https:\\\/\\\/www.facebook.com\\\/SalesianosGR\\\/\",\"https:\\\/\\\/x.com\\\/GranadaSDB\",\"https:\\\/\\\/www.instagram.com\\\/salesianosgranada\\\/\",\"https:\\\/\\\/www.youtube.com\\\/channel\\\/UChkpZuhCf4Y5rYIcFT3CNxw?view_as=subscriber\"]},{\"@type\":\"Person\",\"@id\":\"https:\\\/\\\/granada.salesianos.edu\\\/colegio\\\/#\\\/schema\\\/person\\\/6392ff2e4bd1e66981d6eab734bbd962\",\"name\":\"Gestor Web\",\"image\":{\"@type\":\"ImageObject\",\"inLanguage\":\"es\",\"@id\":\"https:\\\/\\\/secure.gravatar.com\\\/avatar\\\/160666bb56a01520857079961a824af2b7821d6bad80677c80f2b473fceead1b?s=96&d=mm&r=g\",\"url\":\"https:\\\/\\\/secure.gravatar.com\\\/avatar\\\/160666bb56a01520857079961a824af2b7821d6bad80677c80f2b473fceead1b?s=96&d=mm&r=g\",\"contentUrl\":\"https:\\\/\\\/secure.gravatar.com\\\/avatar\\\/160666bb56a01520857079961a824af2b7821d6bad80677c80f2b473fceead1b?s=96&d=mm&r=g\",\"caption\":\"Gestor Web\"}}]}<\/script>\n<!-- \/ Yoast SEO plugin. -->","yoast_head_json":{"title":"1\u00ba Edici\u00f3n CCU, \"Festival de Cortos. La Comunidad del Corto\" - Colegio Salesiano","description":"Nuestros alumnos conocieron, de primera mano, lo que va a suponer para Granada la instalaci\u00f3n de un acelerador de part\u00edculas, una instalaci\u00f3n cient\u00edfica de primer nivel mundial.","robots":{"index":"index","follow":"follow","max-snippet":"max-snippet:-1","max-image-preview":"max-image-preview:large","max-video-preview":"max-video-preview:-1"},"canonical":"https:\/\/granada.salesianos.edu\/colegio\/blog\/1festivalcortos\/","og_locale":"es_ES","og_type":"article","og_title":"1\u00ba Edici\u00f3n CCU, \"Festival de Cortos. La Comunidad del Corto\" - Colegio Salesiano","og_description":"Nuestros alumnos conocieron, de primera mano, lo que va a suponer para Granada la instalaci\u00f3n de un acelerador de part\u00edculas, una instalaci\u00f3n cient\u00edfica de primer nivel mundial.","og_url":"https:\/\/granada.salesianos.edu\/colegio\/blog\/1festivalcortos\/","og_site_name":"Colegio Salesiano","article_publisher":"https:\/\/www.facebook.com\/SalesianosGR\/","article_published_time":"2024-05-22T12:36:19+00:00","article_modified_time":"2024-05-22T12:36:29+00:00","og_image":[{"width":724,"height":1024,"url":"https:\/\/granada.salesianos.edu\/colegio\/wp-content\/uploads\/sites\/2\/2024\/05\/Cartel-final-final-724x1024.png","type":"image\/png"}],"author":"Gestor Web","twitter_card":"summary_large_image","twitter_creator":"@GranadaSDB","twitter_site":"@GranadaSDB","twitter_misc":{"Escrito por":"Gestor Web","Tiempo de lectura":"5 minutos"},"schema":{"@context":"https:\/\/schema.org","@graph":[{"@type":"Article","@id":"https:\/\/granada.salesianos.edu\/colegio\/blog\/1festivalcortos\/#article","isPartOf":{"@id":"https:\/\/granada.salesianos.edu\/colegio\/blog\/1festivalcortos\/"},"author":{"name":"Gestor Web","@id":"https:\/\/granada.salesianos.edu\/colegio\/#\/schema\/person\/6392ff2e4bd1e66981d6eab734bbd962"},"headline":"1\u00ba Edici\u00f3n CCU, \u00abFestival de Cortos. La Comunidad del Corto\u00bb","datePublished":"2024-05-22T12:36:19+00:00","dateModified":"2024-05-22T12:36:29+00:00","mainEntityOfPage":{"@id":"https:\/\/granada.salesianos.edu\/colegio\/blog\/1festivalcortos\/"},"wordCount":443,"commentCount":0,"publisher":{"@id":"https:\/\/granada.salesianos.edu\/colegio\/#organization"},"image":{"@id":"https:\/\/granada.salesianos.edu\/colegio\/blog\/1festivalcortos\/#primaryimage"},"thumbnailUrl":"https:\/\/granada.salesianos.edu\/colegio\/wp-content\/uploads\/sites\/2\/2024\/05\/Cartel-final-final.png","articleSection":["Colegio","FP","Imagen y Sonido"],"inLanguage":"es","potentialAction":[{"@type":"CommentAction","name":"Comment","target":["https:\/\/granada.salesianos.edu\/colegio\/blog\/1festivalcortos\/#respond"]}]},{"@type":"WebPage","@id":"https:\/\/granada.salesianos.edu\/colegio\/blog\/1festivalcortos\/","url":"https:\/\/granada.salesianos.edu\/colegio\/blog\/1festivalcortos\/","name":"1\u00ba Edici\u00f3n CCU, \"Festival de Cortos. La Comunidad del Corto\" - Colegio Salesiano","isPartOf":{"@id":"https:\/\/granada.salesianos.edu\/colegio\/#website"},"primaryImageOfPage":{"@id":"https:\/\/granada.salesianos.edu\/colegio\/blog\/1festivalcortos\/#primaryimage"},"image":{"@id":"https:\/\/granada.salesianos.edu\/colegio\/blog\/1festivalcortos\/#primaryimage"},"thumbnailUrl":"https:\/\/granada.salesianos.edu\/colegio\/wp-content\/uploads\/sites\/2\/2024\/05\/Cartel-final-final.png","datePublished":"2024-05-22T12:36:19+00:00","dateModified":"2024-05-22T12:36:29+00:00","description":"Nuestros alumnos conocieron, de primera mano, lo que va a suponer para Granada la instalaci\u00f3n de un acelerador de part\u00edculas, una instalaci\u00f3n cient\u00edfica de primer nivel mundial.","breadcrumb":{"@id":"https:\/\/granada.salesianos.edu\/colegio\/blog\/1festivalcortos\/#breadcrumb"},"inLanguage":"es","potentialAction":[{"@type":"ReadAction","target":["https:\/\/granada.salesianos.edu\/colegio\/blog\/1festivalcortos\/"]}]},{"@type":"ImageObject","inLanguage":"es","@id":"https:\/\/granada.salesianos.edu\/colegio\/blog\/1festivalcortos\/#primaryimage","url":"https:\/\/granada.salesianos.edu\/colegio\/wp-content\/uploads\/sites\/2\/2024\/05\/Cartel-final-final.png","contentUrl":"https:\/\/granada.salesianos.edu\/colegio\/wp-content\/uploads\/sites\/2\/2024\/05\/Cartel-final-final.png","width":3508,"height":4961},{"@type":"BreadcrumbList","@id":"https:\/\/granada.salesianos.edu\/colegio\/blog\/1festivalcortos\/#breadcrumb","itemListElement":[{"@type":"ListItem","position":1,"name":"Portada","item":"https:\/\/granada.salesianos.edu\/colegio\/"},{"@type":"ListItem","position":2,"name":"1\u00ba Edici\u00f3n CCU, \u00abFestival de Cortos. La Comunidad del Corto\u00bb"}]},{"@type":"WebSite","@id":"https:\/\/granada.salesianos.edu\/colegio\/#website","url":"https:\/\/granada.salesianos.edu\/colegio\/","name":"Colegio Salesiano","description":"P\u00e1gina oficial de Salesianos Granada San Juan Bosco","publisher":{"@id":"https:\/\/granada.salesianos.edu\/colegio\/#organization"},"potentialAction":[{"@type":"SearchAction","target":{"@type":"EntryPoint","urlTemplate":"https:\/\/granada.salesianos.edu\/colegio\/?s={search_term_string}"},"query-input":{"@type":"PropertyValueSpecification","valueRequired":true,"valueName":"search_term_string"}}],"inLanguage":"es"},{"@type":"Organization","@id":"https:\/\/granada.salesianos.edu\/colegio\/#organization","name":"Colegio Salesiano San Juan Bosco Granada","url":"https:\/\/granada.salesianos.edu\/colegio\/","logo":{"@type":"ImageObject","inLanguage":"es","@id":"https:\/\/granada.salesianos.edu\/colegio\/#\/schema\/logo\/image\/","url":"https:\/\/granada.salesianos.edu\/colegio\/wp-content\/uploads\/sites\/2\/2021\/01\/GRANADAobraVN2.jpg","contentUrl":"https:\/\/granada.salesianos.edu\/colegio\/wp-content\/uploads\/sites\/2\/2021\/01\/GRANADAobraVN2.jpg","width":2113,"height":1894,"caption":"Colegio Salesiano San Juan Bosco Granada"},"image":{"@id":"https:\/\/granada.salesianos.edu\/colegio\/#\/schema\/logo\/image\/"},"sameAs":["https:\/\/www.facebook.com\/SalesianosGR\/","https:\/\/x.com\/GranadaSDB","https:\/\/www.instagram.com\/salesianosgranada\/","https:\/\/www.youtube.com\/channel\/UChkpZuhCf4Y5rYIcFT3CNxw?view_as=subscriber"]},{"@type":"Person","@id":"https:\/\/granada.salesianos.edu\/colegio\/#\/schema\/person\/6392ff2e4bd1e66981d6eab734bbd962","name":"Gestor Web","image":{"@type":"ImageObject","inLanguage":"es","@id":"https:\/\/secure.gravatar.com\/avatar\/160666bb56a01520857079961a824af2b7821d6bad80677c80f2b473fceead1b?s=96&d=mm&r=g","url":"https:\/\/secure.gravatar.com\/avatar\/160666bb56a01520857079961a824af2b7821d6bad80677c80f2b473fceead1b?s=96&d=mm&r=g","contentUrl":"https:\/\/secure.gravatar.com\/avatar\/160666bb56a01520857079961a824af2b7821d6bad80677c80f2b473fceead1b?s=96&d=mm&r=g","caption":"Gestor Web"}}]}},"_links":{"self":[{"href":"https:\/\/granada.salesianos.edu\/colegio\/wp-json\/wp\/v2\/posts\/18853","targetHints":{"allow":["GET"]}}],"collection":[{"href":"https:\/\/granada.salesianos.edu\/colegio\/wp-json\/wp\/v2\/posts"}],"about":[{"href":"https:\/\/granada.salesianos.edu\/colegio\/wp-json\/wp\/v2\/types\/post"}],"author":[{"embeddable":true,"href":"https:\/\/granada.salesianos.edu\/colegio\/wp-json\/wp\/v2\/users\/2"}],"replies":[{"embeddable":true,"href":"https:\/\/granada.salesianos.edu\/colegio\/wp-json\/wp\/v2\/comments?post=18853"}],"version-history":[{"count":6,"href":"https:\/\/granada.salesianos.edu\/colegio\/wp-json\/wp\/v2\/posts\/18853\/revisions"}],"predecessor-version":[{"id":18880,"href":"https:\/\/granada.salesianos.edu\/colegio\/wp-json\/wp\/v2\/posts\/18853\/revisions\/18880"}],"wp:featuredmedia":[{"embeddable":true,"href":"https:\/\/granada.salesianos.edu\/colegio\/wp-json\/wp\/v2\/media\/18877"}],"wp:attachment":[{"href":"https:\/\/granada.salesianos.edu\/colegio\/wp-json\/wp\/v2\/media?parent=18853"}],"wp:term":[{"taxonomy":"category","embeddable":true,"href":"https:\/\/granada.salesianos.edu\/colegio\/wp-json\/wp\/v2\/categories?post=18853"},{"taxonomy":"post_tag","embeddable":true,"href":"https:\/\/granada.salesianos.edu\/colegio\/wp-json\/wp\/v2\/tags?post=18853"}],"curies":[{"name":"wp","href":"https:\/\/api.w.org\/{rel}","templated":true}]}}