{"id":19265,"date":"2024-08-31T08:15:21","date_gmt":"2024-08-31T06:15:21","guid":{"rendered":"https:\/\/granada.salesianos.edu\/colegio\/?p=19265"},"modified":"2024-09-12T22:17:05","modified_gmt":"2024-09-12T20:17:05","slug":"informaciones-inicio-de-curso-24-25","status":"publish","type":"post","link":"https:\/\/granada.salesianos.edu\/colegio\/blog\/informaciones-inicio-de-curso-24-25\/","title":{"rendered":"Informaciones inicio de curso 24-25"},"content":{"rendered":"<div id=\"fb-root\"><\/div>\n<p>[et_pb_section fb_built=\u00bb1&#8243; admin_label=\u00bbsection\u00bb _builder_version=\u00bb4.16&#8243; global_colors_info=\u00bb{}\u00bb][et_pb_row admin_label=\u00bbrow\u00bb _builder_version=\u00bb4.16&#8243; background_size=\u00bbinitial\u00bb background_position=\u00bbtop_left\u00bb background_repeat=\u00bbrepeat\u00bb global_colors_info=\u00bb{}\u00bb][et_pb_column type=\u00bb4_4&#8243; _builder_version=\u00bb4.16&#8243; custom_padding=\u00bb|||\u00bb global_colors_info=\u00bb{}\u00bb custom_padding__hover=\u00bb|||\u00bb][et_pb_text disabled_on=\u00bbon|on|on\u00bb admin_label=\u00bbInicio de clases\u00bb _builder_version=\u00bb4.27.0&#8243; _module_preset=\u00bbdefault\u00bb disabled=\u00bbon\u00bb global_colors_info=\u00bb{}\u00bb]<\/p>\n<h1>INICIO DE CLASES. HORARIO DE ENTRADA<\/h1>\n<ul>\n<li><strong>INFANTIL: las clases comenzar\u00e1n el 10 de septiembre de 2024<\/strong><\/li>\n<\/ul>\n<p style=\"padding-left: 80px;\"><strong>INFANTIL 3 A\u00d1OS (1\u00ba Grupo): <\/strong>\u00a0La entrada ser\u00e1 a las 9:30 en la capilla. Les acompa\u00f1ar\u00e1n las familias. La salida de los alumnos de infantil ser\u00e1 a las 13:00 en su aula.<\/p>\n<p style=\"padding-left: 80px;\"><strong>INFANTIL 4 Y 5 A\u00d1OS: <\/strong>La entrada ser\u00e1 a las 11:30 en su fila habitual. La salida ser\u00e1 a la hora habitual.<\/p>\n<ul>\n<li><strong>PRIMARIA: las clases comenzar\u00e1n el 10 de septiembre de 2023<\/strong><\/li>\n<\/ul>\n<p style=\"padding-left: 80px;\"><strong>1\u00ba de PRIMARIA: <\/strong>La entrada ser\u00e1 a las 10:00 en la Iglesia. Les acompa\u00f1ar\u00e1n las familias.<\/p>\n<p style=\"padding-left: 80px;\"><strong>2\u00ba a 6\u00ba de PRIMARIA:<\/strong> La entrada ser\u00e1 a las 11:30 en su fila habitual.<\/p>\n<p style=\"padding-left: 80px;\"><em>La salida de los alumnos de primaria ser\u00e1 a las 14:00 en el patio del teatro.<\/em><\/p>\n<ul>\n<li><strong>ESO: las clases comenzar\u00e1n el 16 de septiembre de 2024<\/strong><\/li>\n<\/ul>\n<p style=\"padding-left: 80px;\"><strong>1\u00ba ESO:<\/strong> La entrada ser\u00e1 a las 9:30 en la sala de Mar\u00eda Auxiliadora.<\/p>\n<p style=\"padding-left: 80px;\"><strong>2\u00ba ESO:<\/strong> La entrada ser\u00e1 a las 10:15 en la sala de Mar\u00eda Auxiliadora.<\/p>\n<p style=\"padding-left: 80px;\"><strong>3\u00ba ESO:<\/strong> La entrada ser\u00e1 a las 10:45 en la sala de Mar\u00eda Auxiliadora.<\/p>\n<p style=\"padding-left: 80px;\"><strong>4\u00ba ESO:<\/strong> La entrada ser\u00e1 a las 11:00 en la sala de Mar\u00eda Auxiliadora.<\/p>\n<ul>\n<li><strong>BACHILLERATO: las clases comenzar\u00e1n el 16 de septiembre de 2024<\/strong><\/li>\n<\/ul>\n<p style=\"padding-left: 80px;\"><strong>1\u00ba BTO:<\/strong> La entrada ser\u00e1 a las 10:15 en el teatro.<\/p>\n<p style=\"padding-left: 80px;\"><strong>2\u00ba BTO:<\/strong> La entrada ser\u00e1 a las 11:45 en el teatro.<\/p>\n<ul>\n<li><strong>FORMACI\u00d3N PROFESIONAL: las clases comenzar\u00e1n el 16 de septiembre de 2024<\/strong><\/li>\n<\/ul>\n<p style=\"padding-left: 80px;\"><strong>1\u00ba FP:<\/strong> La entrada ser\u00e1 a las 11:15.<\/p>\n<p style=\"padding-left: 80px;\"><strong>2\u00ba FP:<\/strong> La entrada ser\u00e1 a las 11:45 directamente en las clases.<\/p>\n<p>[\/et_pb_text][et_pb_heading title=\u00bbHORARIO DE ENTRADA INFANTIL Y PRIMARIA 24-25&#8243; _builder_version=\u00bb4.27.0&#8243; _module_preset=\u00bbdefault\u00bb title_text_align=\u00bbcenter\u00bb global_colors_info=\u00bb{}\u00bb][\/et_pb_heading][et_pb_image src=\u00bbhttps:\/\/granada.salesianos.edu\/wp-content\/uploads\/2024\/08\/Primaria-2024.jpeg\u00bb title_text=\u00bbPrimaria 2024&#8243; _builder_version=\u00bb4.27.0&#8243; _module_preset=\u00bbdefault\u00bb global_colors_info=\u00bb{}\u00bb][\/et_pb_image][et_pb_heading title=\u00bbHORARIO DE ENTRADA SECUNDARIA 24-25&#8243; _builder_version=\u00bb4.27.0&#8243; _module_preset=\u00bbdefault\u00bb title_text_align=\u00bbcenter\u00bb global_colors_info=\u00bb{}\u00bb][\/et_pb_heading][et_pb_image src=\u00bbhttps:\/\/granada.salesianos.edu\/wp-content\/uploads\/2024\/08\/Horario-de-entrada-secundaria-2024.jpeg\u00bb title_text=\u00bbHorario de entrada secundaria 2024&#8243; _builder_version=\u00bb4.27.0&#8243; _module_preset=\u00bbdefault\u00bb global_colors_info=\u00bb{}\u00bb][\/et_pb_image][et_pb_divider show_divider=\u00bboff\u00bb _builder_version=\u00bb4.21.0&#8243; _module_preset=\u00bbdefault\u00bb global_colors_info=\u00bb{}\u00bb][\/et_pb_divider][\/et_pb_column][\/et_pb_row][et_pb_row _builder_version=\u00bb4.21.2&#8243; _module_preset=\u00bbdefault\u00bb global_colors_info=\u00bb{}\u00bb collapsed=\u00bbon\u00bb][et_pb_column type=\u00bb4_4&#8243; _builder_version=\u00bb4.21.2&#8243; _module_preset=\u00bbdefault\u00bb global_colors_info=\u00bb{}\u00bb][et_pb_text admin_label=\u00bbLibros de texto\u00bb _builder_version=\u00bb4.27.0&#8243; _module_preset=\u00bbdefault\u00bb hover_enabled=\u00bb0&#8243; global_colors_info=\u00bb{}\u00bb sticky_enabled=\u00bb0&#8243;]<\/p>\n<h1 style=\"text-align: center;\">LIBROS DE TEXTO 24-25<\/h1>\n<p>&nbsp;<\/p>\n<p><strong>Para conocer la informaci\u00f3n sobre los libros de texto y material complementario, debes acceder a la etapa correspondiente y ah\u00ed encontrar\u00e1s un apartado con toda la informaci\u00f3n. <\/strong><strong>Aqu\u00ed tienes los enlaces de cada etapa:<\/strong><\/p>\n<p>[\/et_pb_text][\/et_pb_column][\/et_pb_row][et_pb_row column_structure=\u00bb1_5,1_5,1_5,1_5,1_5&#8243; _builder_version=\u00bb4.21.0&#8243; _module_preset=\u00bbdefault\u00bb global_colors_info=\u00bb{}\u00bb collapsed=\u00bbon\u00bb][et_pb_column type=\u00bb1_5&#8243; _builder_version=\u00bb4.21.0&#8243; _module_preset=\u00bbdefault\u00bb global_colors_info=\u00bb{}\u00bb][et_pb_button button_url=\u00bbhttps:\/\/granada.salesianos.edu\/colegio\/infantil\/\u00bb url_new_window=\u00bbon\u00bb button_text=\u00bbInfantil\u00bb admin_label=\u00bbInfantil\u00bb _builder_version=\u00bb4.21.0&#8243; _module_preset=\u00bbdefault\u00bb custom_button=\u00bbon\u00bb button_text_color=\u00bb#ffffff\u00bb button_bg_color=\u00bb#e02b20&#8243; button_border_width=\u00bb0px\u00bb button_border_radius=\u00bb6px\u00bb global_colors_info=\u00bb{}\u00bb][\/et_pb_button][\/et_pb_column][et_pb_column type=\u00bb1_5&#8243; _builder_version=\u00bb4.21.0&#8243; _module_preset=\u00bbdefault\u00bb global_colors_info=\u00bb{}\u00bb][et_pb_button button_url=\u00bbhttps:\/\/granada.salesianos.edu\/colegio\/primaria\/\u00bb url_new_window=\u00bbon\u00bb button_text=\u00bbPrimaria\u00bb admin_label=\u00bbPrimaria\u00bb _builder_version=\u00bb4.21.0&#8243; _module_preset=\u00bbdefault\u00bb custom_button=\u00bbon\u00bb button_text_color=\u00bb#ffffff\u00bb button_bg_color=\u00bb#e02b20&#8243; button_border_width=\u00bb0px\u00bb button_border_radius=\u00bb6px\u00bb global_colors_info=\u00bb{}\u00bb][\/et_pb_button][\/et_pb_column][et_pb_column type=\u00bb1_5&#8243; _builder_version=\u00bb4.21.0&#8243; _module_preset=\u00bbdefault\u00bb global_colors_info=\u00bb{}\u00bb][et_pb_button button_url=\u00bbhttps:\/\/granada.salesianos.edu\/colegio\/eso\/\u00bb url_new_window=\u00bbon\u00bb button_text=\u00bbESO\u00bb admin_label=\u00bbESO\u00bb _builder_version=\u00bb4.21.0&#8243; _module_preset=\u00bbdefault\u00bb custom_button=\u00bbon\u00bb button_text_color=\u00bb#ffffff\u00bb button_bg_color=\u00bb#e02b20&#8243; button_border_width=\u00bb0px\u00bb button_border_radius=\u00bb6px\u00bb global_colors_info=\u00bb{}\u00bb][\/et_pb_button][\/et_pb_column][et_pb_column type=\u00bb1_5&#8243; _builder_version=\u00bb4.21.0&#8243; _module_preset=\u00bbdefault\u00bb global_colors_info=\u00bb{}\u00bb][et_pb_button button_url=\u00bbhttps:\/\/granada.salesianos.edu\/colegio\/bachillerato\/\u00bb url_new_window=\u00bbon\u00bb button_text=\u00bbBachillerato\u00bb admin_label=\u00bbBachillerato\u00bb _builder_version=\u00bb4.21.0&#8243; _module_preset=\u00bbdefault\u00bb custom_button=\u00bbon\u00bb button_text_color=\u00bb#ffffff\u00bb button_bg_color=\u00bb#e02b20&#8243; button_border_width=\u00bb0px\u00bb button_border_radius=\u00bb6px\u00bb global_colors_info=\u00bb{}\u00bb][\/et_pb_button][\/et_pb_column][et_pb_column type=\u00bb1_5&#8243; _builder_version=\u00bb4.21.0&#8243; _module_preset=\u00bbdefault\u00bb global_colors_info=\u00bb{}\u00bb][et_pb_button button_url=\u00bbhttps:\/\/granada.salesianos.edu\/colegio\/ciclos-formativos\/\u00bb url_new_window=\u00bbon\u00bb button_text=\u00bbFP\u00bb admin_label=\u00bbFP\u00bb _builder_version=\u00bb4.21.0&#8243; _module_preset=\u00bbdefault\u00bb custom_button=\u00bbon\u00bb button_text_color=\u00bb#ffffff\u00bb button_bg_color=\u00bb#e02b20&#8243; button_border_width=\u00bb0px\u00bb button_border_radius=\u00bb6px\u00bb global_colors_info=\u00bb{}\u00bb][\/et_pb_button][\/et_pb_column][\/et_pb_row][et_pb_row disabled_on=\u00bboff|off|off\u00bb _builder_version=\u00bb4.21.2&#8243; _module_preset=\u00bbdefault\u00bb global_colors_info=\u00bb{}\u00bb collapsed=\u00bbon\u00bb][et_pb_column type=\u00bb4_4&#8243; _builder_version=\u00bb4.21.2&#8243; _module_preset=\u00bbdefault\u00bb global_colors_info=\u00bb{}\u00bb][et_pb_text admin_label=\u00bbLibros de texto. Venta\u00bb _builder_version=\u00bb4.27.0&#8243; _module_preset=\u00bbdefault\u00bb hover_enabled=\u00bb0&#8243; global_colors_info=\u00bb{}\u00bb sticky_enabled=\u00bb0&#8243;]<\/p>\n<h1>RECOGIDA DE LIBROS DE TEXTO 23-24<\/h1>\n<p><b>Si deseas adquirir los libros en nuestr<\/b><b>o colegio, a trav\u00e9s de DOSALIBROS:<\/b><b><\/b><\/p>\n<p>[\/et_pb_text][et_pb_image src=\u00bbhttps:\/\/granada.salesianos.edu\/wp-content\/uploads\/2024\/08\/Libros-Salesianos-Granada-2024.jpeg\u00bb title_text=\u00bbLibros Salesianos Granada 2024&#8243; _builder_version=\u00bb4.27.0&#8243; _module_preset=\u00bbdefault\u00bb global_colors_info=\u00bb{}\u00bb][\/et_pb_image][\/et_pb_column][\/et_pb_row][et_pb_row _builder_version=\u00bb4.21.2&#8243; _module_preset=\u00bbdefault\u00bb global_colors_info=\u00bb{}\u00bb collapsed=\u00bbon\u00bb][et_pb_column type=\u00bb4_4&#8243; _builder_version=\u00bb4.21.2&#8243; _module_preset=\u00bbdefault\u00bb global_colors_info=\u00bb{}\u00bb][et_pb_text admin_label=\u00bbExtraescolares\u00bb _builder_version=\u00bb4.27.0&#8243; _module_preset=\u00bbdefault\u00bb global_colors_info=\u00bb{}\u00bb]<\/p>\n<h1 style=\"text-align: center;\">QUALITAS EDUCATIVA<\/h1>\n<p><strong>Se va a proceder a la actualizaci\u00f3n de la aplicaci\u00f3n qualitas educativa, a partir del 16 de septiembre dejar\u00e1 de funcionar la antigua. <a href=\"https:\/\/granada.salesianos.edu\/colegio\/guia-qualitas-familia\/\" target=\"_blank\" rel=\"noopener\">Mas informaci\u00f3n sobre qualitas educativa<\/a><\/strong><\/p>\n<p>[\/et_pb_text][\/et_pb_column][\/et_pb_row][et_pb_row column_structure=\u00bb3_5,2_5&#8243; _builder_version=\u00bb4.27.0&#8243; custom_padding=\u00bb||30px|||\u00bb hover_enabled=\u00bb0&#8243; locked=\u00bboff\u00bb global_colors_info=\u00bb{}\u00bb admin_label=\u00bbQualitas\u00bb sticky_enabled=\u00bb0&#8243; collapsed=\u00bbon\u00bb][et_pb_column type=\u00bb3_5&#8243; _builder_version=\u00bb4.16&#8243; global_colors_info=\u00bb{}\u00bb][et_pb_blurb use_icon=\u00bbon\u00bb font_icon=\u00bb&#xe06c;||divi||400&#8243; icon_color=\u00bb#ffffff\u00bb image_icon_background_color=\u00bb#fc7500&#8243; image_icon_width=\u00bb48px\u00bb _builder_version=\u00bb4.16&#8243; header_level=\u00bbh3&#8243; header_font=\u00bbLato||||||||\u00bb header_text_color=\u00bb#fc7500&#8243; header_font_size=\u00bb28px\u00bb body_font=\u00bb||on||||||\u00bb body_text_color=\u00bb#51626f\u00bb body_font_size=\u00bb18px\u00bb body_line_height=\u00bb1.3em\u00bb image_icon_custom_padding=\u00bb25px|25px|25px|25px|false|false\u00bb text_orientation=\u00bbcenter\u00bb custom_margin=\u00bb||-10px||false|false\u00bb custom_padding=\u00bb||||false|false\u00bb border_radii_image=\u00bbon|100%|100%|100%|100%\u00bb use_circle=\u00bbon\u00bb circle_color=\u00bb#fc7500&#8243; global_colors_info=\u00bb{}\u00bb font_icon__hover_enabled=\u00bbon|hover\u00bb font_icon__hover=\u00bb\ue06d||divi||400&#8243; image_icon_background_color__sticky_enabled=\u00bb#dc001b\u00bb image_icon_background_color__sticky=\u00bb#dc001b\u00bb]<\/p>\n<div><\/div>\n<p>[\/et_pb_blurb][et_pb_text _builder_version=\u00bb4.16&#8243; header_2_text_color=\u00bb#fc7500&#8243; header_2_line_height=\u00bb1.3em\u00bb header_3_font=\u00bbLato|700|on||||||\u00bb header_3_text_align=\u00bbcenter\u00bb header_3_text_color=\u00bb#fc7500&#8243; header_3_font_size=\u00bb40px\u00bb global_colors_info=\u00bb{}\u00bb]<\/p>\n<h3>Acceso<\/h3>\n<p>[\/et_pb_text][et_pb_text _builder_version=\u00bb4.16&#8243; text_line_height=\u00bb1.3em\u00bb header_text_align=\u00bbjustify\u00bb header_2_text_color=\u00bb#fc7500&#8243; header_3_text_color=\u00bb#fc7500&#8243; text_orientation=\u00bbcenter\u00bb global_colors_info=\u00bb{}\u00bb]Qualitas Escuela-Familia est\u00e1 disponible para <strong>Android<\/strong>, <strong>iOS<\/strong> y tambi\u00e9n <strong>se puede acceder a trav\u00e9s de cualquier nevegador<\/strong>. Para acceder deber\u00e1s disponer de un <strong>usuario y contrase\u00f1a<\/strong> que te habr\u00e1n proporcionado tras matricular a tu primer hijo\/-a en el centro. Estas claves de acceso son <strong>personales e intransferibles<\/strong>, por lo que cada progenitor\/-a o tutor\/-a legal tendr\u00e1 la suya propia. Un poco m\u00e1s abajo te explicamos c\u00f3mo acceder depediendo de tu dispositivo.[\/et_pb_text][et_pb_button button_url=\u00bbhttps:\/\/www.qualitasescuelafamilia.com\u00bb button_text=\u00bbAcceder desde el navegador\u00bb button_alignment=\u00bbcenter\u00bb _builder_version=\u00bb4.20.0&#8243; custom_button=\u00bbon\u00bb button_text_size=\u00bb15px\u00bb button_text_color=\u00bb#ffffff\u00bb button_bg_color=\u00bb#fc7500&#8243; button_border_width=\u00bb5px\u00bb button_border_color=\u00bb#fc7500&#8243; button_border_radius=\u00bb100px\u00bb button_letter_spacing=\u00bb1px\u00bb button_font=\u00bbLato|700||on|||||\u00bb custom_margin=\u00bb||||false|false\u00bb custom_margin_tablet=\u00bb||20px||false|false\u00bb custom_margin_phone=\u00bb\u00bb custom_margin_last_edited=\u00bbon|tablet\u00bb custom_padding=\u00bb||||false|false\u00bb box_shadow_style=\u00bbpreset3&#8243; global_colors_info=\u00bb{}\u00bb][\/et_pb_button][et_pb_image src=\u00bbhttps:\/\/granada.salesianos.edu\/colegio\/wp-content\/uploads\/sites\/2\/2023\/03\/icono_descargar_android.png\u00bb alt=\u00bbDisponible en Google Play\u00bb title_text=\u00bbDisponible en Google Play\u00bb url=\u00bbhttps:\/\/play.google.com\/store\/apps\/details?id=com.ora1.qefamilia&#038;hl=es\u00bb url_new_window=\u00bbon\u00bb align_tablet=\u00bbcenter\u00bb align_phone=\u00bb\u00bb align_last_edited=\u00bbon|desktop\u00bb _builder_version=\u00bb4.16&#8243; width=\u00bb200px\u00bb module_alignment=\u00bbcenter\u00bb animation_style=\u00bbslide\u00bb animation_direction=\u00bbleft\u00bb animation_duration=\u00bb500ms\u00bb animation_intensity_slide=\u00bb10%\u00bb locked=\u00bboff\u00bb global_colors_info=\u00bb{}\u00bb][\/et_pb_image][et_pb_image src=\u00bbhttps:\/\/granada.salesianos.edu\/colegio\/wp-content\/uploads\/sites\/2\/2023\/03\/icono_descargar_ios.png\u00bb alt=\u00bbCons\u00edguelo en el App Store\u00bb title_text=\u00bbCons\u00edguelo en el App Store\u00bb url=\u00bbhttps:\/\/itunes.apple.com\/es\/app\/qualitas-escuela-familia\/id930525706&#8243; url_new_window=\u00bbon\u00bb align_tablet=\u00bbcenter\u00bb align_phone=\u00bb\u00bb align_last_edited=\u00bbon|desktop\u00bb _builder_version=\u00bb4.16&#8243; width=\u00bb200px\u00bb module_alignment=\u00bbcenter\u00bb animation_style=\u00bbslide\u00bb animation_direction=\u00bbleft\u00bb animation_duration=\u00bb500ms\u00bb animation_intensity_slide=\u00bb10%\u00bb locked=\u00bboff\u00bb global_colors_info=\u00bb{}\u00bb][\/et_pb_image][\/et_pb_column][et_pb_column type=\u00bb2_5&#8243; _builder_version=\u00bb4.16&#8243; global_colors_info=\u00bb{}\u00bb][et_pb_blurb title=\u00bbDescarga la app\u00bb use_icon=\u00bbon\u00bb font_icon=\u00bb&#xe00b;||divi||400&#8243; icon_color=\u00bb#ffffff\u00bb image_icon_background_color=\u00bb#fc7500&#8243; image_icon_width=\u00bb22px\u00bb module_id=\u00bbgrupos-convivencia-estable\u00bb _builder_version=\u00bb4.20.1&#8243; header_font=\u00bbLato||||||||\u00bb header_text_align=\u00bbcenter\u00bb header_text_color=\u00bb#fc7500&#8243; header_font_size=\u00bb22px\u00bb body_text_align=\u00bbcenter\u00bb body_line_height=\u00bb1.3em\u00bb background_color=\u00bb#f7f7f7&#8243; image_icon_custom_padding=\u00bb25px|25px|25px|25px|false|false\u00bb text_orientation=\u00bbjustified\u00bb custom_padding=\u00bb30px|30px|20px|30px|false|true\u00bb border_radii=\u00bbon|20px|20px|20px|20px\u00bb border_radii_image=\u00bbon|100%|100%|100%|100%\u00bb icon_font_size=\u00bb22px\u00bb use_circle=\u00bbon\u00bb circle_color=\u00bb#fc7500&#8243; global_colors_info=\u00bb{}\u00bb image_icon_background_color__sticky_enabled=\u00bb#dc001b\u00bb image_icon_background_color__sticky=\u00bb#dc001b\u00bb]<\/p>\n<p><em><strong>Disponible para <span style=\"color: #ff6600;\"><a style=\"color: #ff6600;\" title=\"Descargar\" href=\"https:\/\/itunes.apple.com\/es\/app\/qualitas-escuela-familia\/id930525706\">iOS<\/a><\/span> y <span style=\"color: #ff6600;\"><a style=\"color: #ff6600;\" title=\"Descargar\" href=\"https:\/\/play.google.com\/store\/apps\/details?id=com.ora1.qefamilia&amp;hl=es\">Android<\/a><\/span>.<\/strong><\/em><\/p>\n<p>Como medida de seguridad adicional, deber\u00e1s introducir el <strong>c\u00f3digo de centro<\/strong> al iniciar sesi\u00f3n por primera vez:<\/p>\n<h1><span style=\"color: #ff6600;\"><em><strong>Granada126<\/strong><\/em><\/span><\/h1>\n<p>[\/et_pb_blurb][\/et_pb_column][\/et_pb_row][et_pb_row _builder_version=\u00bb4.27.0&#8243; _module_preset=\u00bbdefault\u00bb global_colors_info=\u00bb{}\u00bb collapsed=\u00bbon\u00bb][et_pb_column type=\u00bb4_4&#8243; _builder_version=\u00bb4.27.0&#8243; _module_preset=\u00bbdefault\u00bb global_colors_info=\u00bb{}\u00bb][et_pb_text admin_label=\u00bbCalendario escolar\u00bb _builder_version=\u00bb4.27.0&#8243; _module_preset=\u00bbdefault\u00bb global_colors_info=\u00bb{}\u00bb]<\/p>\n<h1 style=\"text-align: center;\">CALENDARIO ESCOLAR PROVINCIAL 24-25<\/h1>\n<p>A este calendario escolar faltar\u00eda a\u00f1adirle los festivos locales de Granada capital.<\/p>\n<p>[\/et_pb_text][et_pb_image src=\u00bbhttps:\/\/granada.salesianos.edu\/wp-content\/uploads\/2024\/08\/CALENDARIO-ESCOLAR-2024_2025_Granada.jpg\u00bb title_text=\u00bbCALENDARIO ESCOLAR 2024_2025_Granada\u00bb align=\u00bbcenter\u00bb _builder_version=\u00bb4.27.0&#8243; _module_preset=\u00bbdefault\u00bb global_colors_info=\u00bb{}\u00bb][\/et_pb_image][et_pb_divider show_divider=\u00bboff\u00bb _builder_version=\u00bb4.21.0&#8243; _module_preset=\u00bbdefault\u00bb global_colors_info=\u00bb{}\u00bb][\/et_pb_divider][\/et_pb_column][\/et_pb_row][et_pb_row _builder_version=\u00bb4.21.2&#8243; _module_preset=\u00bbdefault\u00bb global_colors_info=\u00bb{}\u00bb][et_pb_column type=\u00bb4_4&#8243; _builder_version=\u00bb4.21.2&#8243; _module_preset=\u00bbdefault\u00bb global_colors_info=\u00bb{}\u00bb][et_pb_text admin_label=\u00bbExtraescolares\u00bb _builder_version=\u00bb4.27.0&#8243; _module_preset=\u00bbdefault\u00bb global_colors_info=\u00bb{}\u00bb]<\/p>\n<h1 style=\"text-align: center;\">ACTIVIDADES EXTRAESCOLARES 24-25<\/h1>\n<p><strong>Este curso continuamos mejorando nuestras actividades extraescolares, pincha en la siguiente imagen y tendr\u00e1s toda la informaci\u00f3n sobre nuestra oferta de actividades.<\/strong><\/p>\n<p>[\/et_pb_text][et_pb_image src=\u00bbhttps:\/\/granada.salesianos.edu\/wp-content\/uploads\/2024\/08\/24-25-Actividades-extraescolares-SALESIANOS-GRANADA-.png\u00bb title_text=\u00bb24-25 Actividades extraescolares SALESIANOS GRANADA\u00bb url=\u00bbhttps:\/\/granada.salesianos.edu\/colegio\/extraescolares\/\u00bb url_new_window=\u00bbon\u00bb align=\u00bbcenter\u00bb _builder_version=\u00bb4.27.0&#8243; _module_preset=\u00bbdefault\u00bb width=\u00bb75%\u00bb global_colors_info=\u00bb{}\u00bb][\/et_pb_image][\/et_pb_column][\/et_pb_row][et_pb_row _builder_version=\u00bb4.21.2&#8243; _module_preset=\u00bbdefault\u00bb global_colors_info=\u00bb{}\u00bb][et_pb_column type=\u00bb4_4&#8243; _builder_version=\u00bb4.21.2&#8243; _module_preset=\u00bbdefault\u00bb global_colors_info=\u00bb{}\u00bb][et_pb_text admin_label=\u00bbEx\u00e1menes de septiembre 1\u00babto\u00bb _builder_version=\u00bb4.27.0&#8243; _module_preset=\u00bbdefault\u00bb header_text_align=\u00bbcenter\u00bb global_colors_info=\u00bb{}\u00bb]<\/p>\n<h1 style=\"text-align: center;\">EX\u00c1MENES DE SEPTIEMBRE 1\u00ba BTO 24-25<\/h1>\n<p>[\/et_pb_text][et_pb_image src=\u00bbhttps:\/\/granada.salesianos.edu\/wp-content\/uploads\/2024\/08\/23-24-Examenes-de-septiembre-1o-BTO-.jpg\u00bb title_text=\u00bb23-24 Exa\u0301menes de septiembre 1\u00ba BTO\u00bb align=\u00bbcenter\u00bb _builder_version=\u00bb4.27.0&#8243; _module_preset=\u00bbdefault\u00bb global_colors_info=\u00bb{}\u00bb][\/et_pb_image][et_pb_divider show_divider=\u00bboff\u00bb _builder_version=\u00bb4.21.0&#8243; _module_preset=\u00bbdefault\u00bb global_colors_info=\u00bb{}\u00bb][\/et_pb_divider][\/et_pb_column][\/et_pb_row][et_pb_row _builder_version=\u00bb4.27.0&#8243; _module_preset=\u00bbdefault\u00bb global_colors_info=\u00bb{}\u00bb][et_pb_column type=\u00bb4_4&#8243; _builder_version=\u00bb4.27.0&#8243; _module_preset=\u00bbdefault\u00bb global_colors_info=\u00bb{}\u00bb][et_pb_text admin_label=\u00bbEntrega de notas 1\u00ba BTO\u00bb _builder_version=\u00bb4.27.0&#8243; _module_preset=\u00bbdefault\u00bb global_colors_info=\u00bb{}\u00bb]<\/p>\n<h1 style=\"text-align: center;\">ENTREGA DE NOTAS 1\u00ba BTO<\/h1>\n<p>La entrega de notas presencial de la convocatoria de septiembre para 1\u00ba de BTO ser\u00e1 el mi\u00e9rcoles,<strong> d\u00eda 4 de septiembre de 12:30 a 13:30<\/strong>. No obstante, las notas se publicar\u00e1n en la Plataforma Qualitas.<\/p>\n<p>[\/et_pb_text][\/et_pb_column][\/et_pb_row][\/et_pb_section]<\/p>\n","protected":false},"excerpt":{"rendered":"<p>Aqu\u00ed puedes conocer toda la informaci\u00f3n sobre el inicio de curso 24-25 en Salesianos Granada: inicio de clases, calendario escolar, libros, ex\u00e1menes de septiembre 1\u00ba bto, venta de libros&#8230;<\/p>\n","protected":false},"author":2,"featured_media":19266,"comment_status":"open","ping_status":"open","sticky":false,"template":"","format":"standard","meta":{"_et_pb_use_builder":"on","_et_pb_old_content":"","_et_gb_content_width":"","footnotes":""},"categories":[57,20,11,21,26,22],"tags":[],"class_list":["post-19265","post","type-post","status-publish","format-standard","has-post-thumbnail","hentry","category-bachillerato","category-bto","category-colegio","category-fp","category-infantil","category-primaria"],"yoast_head":"<!-- This site is optimized with the Yoast SEO plugin v28.4 - https:\/\/yoast.com\/product\/yoast-seo-wordpress\/ -->\n<title>Informaciones inicio de curso 24-25 - Colegio Salesiano<\/title>\n<meta name=\"description\" content=\"Aqu\u00ed puedes conocer toda la informaci\u00f3n sobre el inicio de curso 24-25 en Salesianos Granada: inicio de clases, calendario escolar, libros, ex\u00e1menes de septiembre 1\u00ba bto, venta de libros...\" \/>\n<meta name=\"robots\" content=\"index, follow, max-snippet:-1, max-image-preview:large, max-video-preview:-1\" \/>\n<link rel=\"canonical\" href=\"https:\/\/granada.salesianos.edu\/colegio\/blog\/informaciones-inicio-de-curso-24-25\/\" \/>\n<meta property=\"og:locale\" content=\"es_ES\" \/>\n<meta property=\"og:type\" content=\"article\" \/>\n<meta property=\"og:title\" content=\"Informaciones inicio de curso 24-25 - Colegio Salesiano\" \/>\n<meta property=\"og:description\" content=\"Aqu\u00ed puedes conocer toda la informaci\u00f3n sobre el inicio de curso 24-25 en Salesianos Granada: inicio de clases, calendario escolar, libros, ex\u00e1menes de septiembre 1\u00ba bto, venta de libros...\" \/>\n<meta property=\"og:url\" content=\"https:\/\/granada.salesianos.edu\/colegio\/blog\/informaciones-inicio-de-curso-24-25\/\" \/>\n<meta property=\"og:site_name\" content=\"Colegio Salesiano\" \/>\n<meta property=\"article:publisher\" content=\"https:\/\/www.facebook.com\/SalesianosGR\/\" \/>\n<meta property=\"article:published_time\" content=\"2024-08-31T06:15:21+00:00\" \/>\n<meta property=\"article:modified_time\" content=\"2024-09-12T20:17:05+00:00\" \/>\n<meta property=\"og:image\" content=\"https:\/\/granada.salesianos.edu\/colegio\/wp-content\/uploads\/sites\/2\/2024\/08\/24-25-INFORMACIONES-INICIO-DE-CURSO-1024-\u00d7-768-px.jpg\" \/>\n\t<meta property=\"og:image:width\" content=\"1\" \/>\n\t<meta property=\"og:image:height\" content=\"1\" \/>\n\t<meta property=\"og:image:type\" content=\"image\/jpeg\" \/>\n<meta name=\"author\" content=\"Gestor Web\" \/>\n<meta name=\"twitter:card\" content=\"summary_large_image\" \/>\n<meta name=\"twitter:creator\" content=\"@GranadaSDB\" \/>\n<meta name=\"twitter:site\" content=\"@GranadaSDB\" \/>\n<meta name=\"twitter:label1\" content=\"Escrito por\" \/>\n\t<meta name=\"twitter:data1\" content=\"Gestor Web\" \/>\n\t<meta name=\"twitter:label2\" content=\"Tiempo de lectura\" \/>\n\t<meta name=\"twitter:data2\" content=\"2 minutos\" \/>\n<script type=\"application\/ld+json\" class=\"yoast-schema-graph\">{\"@context\":\"https:\\\/\\\/schema.org\",\"@graph\":[{\"@type\":\"Article\",\"@id\":\"https:\\\/\\\/granada.salesianos.edu\\\/colegio\\\/blog\\\/informaciones-inicio-de-curso-24-25\\\/#article\",\"isPartOf\":{\"@id\":\"https:\\\/\\\/granada.salesianos.edu\\\/colegio\\\/blog\\\/informaciones-inicio-de-curso-24-25\\\/\"},\"author\":{\"name\":\"Gestor Web\",\"@id\":\"https:\\\/\\\/granada.salesianos.edu\\\/colegio\\\/#\\\/schema\\\/person\\\/6392ff2e4bd1e66981d6eab734bbd962\"},\"headline\":\"Informaciones inicio de curso 24-25\",\"datePublished\":\"2024-08-31T06:15:21+00:00\",\"dateModified\":\"2024-09-12T20:17:05+00:00\",\"mainEntityOfPage\":{\"@id\":\"https:\\\/\\\/granada.salesianos.edu\\\/colegio\\\/blog\\\/informaciones-inicio-de-curso-24-25\\\/\"},\"wordCount\":2228,\"commentCount\":0,\"publisher\":{\"@id\":\"https:\\\/\\\/granada.salesianos.edu\\\/colegio\\\/#organization\"},\"image\":{\"@id\":\"https:\\\/\\\/granada.salesianos.edu\\\/colegio\\\/blog\\\/informaciones-inicio-de-curso-24-25\\\/#primaryimage\"},\"thumbnailUrl\":\"https:\\\/\\\/granada.salesianos.edu\\\/colegio\\\/wp-content\\\/uploads\\\/sites\\\/2\\\/2024\\\/08\\\/24-25-INFORMACIONES-INICIO-DE-CURSO-1024-\u00d7-768-px.jpg\",\"articleSection\":[\"Bachillerato\",\"BTO\",\"Colegio\",\"FP\",\"Infantil\",\"Primaria\"],\"inLanguage\":\"es\",\"potentialAction\":[{\"@type\":\"CommentAction\",\"name\":\"Comment\",\"target\":[\"https:\\\/\\\/granada.salesianos.edu\\\/colegio\\\/blog\\\/informaciones-inicio-de-curso-24-25\\\/#respond\"]}]},{\"@type\":\"WebPage\",\"@id\":\"https:\\\/\\\/granada.salesianos.edu\\\/colegio\\\/blog\\\/informaciones-inicio-de-curso-24-25\\\/\",\"url\":\"https:\\\/\\\/granada.salesianos.edu\\\/colegio\\\/blog\\\/informaciones-inicio-de-curso-24-25\\\/\",\"name\":\"Informaciones inicio de curso 24-25 - Colegio Salesiano\",\"isPartOf\":{\"@id\":\"https:\\\/\\\/granada.salesianos.edu\\\/colegio\\\/#website\"},\"primaryImageOfPage\":{\"@id\":\"https:\\\/\\\/granada.salesianos.edu\\\/colegio\\\/blog\\\/informaciones-inicio-de-curso-24-25\\\/#primaryimage\"},\"image\":{\"@id\":\"https:\\\/\\\/granada.salesianos.edu\\\/colegio\\\/blog\\\/informaciones-inicio-de-curso-24-25\\\/#primaryimage\"},\"thumbnailUrl\":\"https:\\\/\\\/granada.salesianos.edu\\\/colegio\\\/wp-content\\\/uploads\\\/sites\\\/2\\\/2024\\\/08\\\/24-25-INFORMACIONES-INICIO-DE-CURSO-1024-\u00d7-768-px.jpg\",\"datePublished\":\"2024-08-31T06:15:21+00:00\",\"dateModified\":\"2024-09-12T20:17:05+00:00\",\"description\":\"Aqu\u00ed puedes conocer toda la informaci\u00f3n sobre el inicio de curso 24-25 en Salesianos Granada: inicio de clases, calendario escolar, libros, ex\u00e1menes de septiembre 1\u00ba bto, venta de libros...\",\"breadcrumb\":{\"@id\":\"https:\\\/\\\/granada.salesianos.edu\\\/colegio\\\/blog\\\/informaciones-inicio-de-curso-24-25\\\/#breadcrumb\"},\"inLanguage\":\"es\",\"potentialAction\":[{\"@type\":\"ReadAction\",\"target\":[\"https:\\\/\\\/granada.salesianos.edu\\\/colegio\\\/blog\\\/informaciones-inicio-de-curso-24-25\\\/\"]}]},{\"@type\":\"ImageObject\",\"inLanguage\":\"es\",\"@id\":\"https:\\\/\\\/granada.salesianos.edu\\\/colegio\\\/blog\\\/informaciones-inicio-de-curso-24-25\\\/#primaryimage\",\"url\":\"https:\\\/\\\/granada.salesianos.edu\\\/colegio\\\/wp-content\\\/uploads\\\/sites\\\/2\\\/2024\\\/08\\\/24-25-INFORMACIONES-INICIO-DE-CURSO-1024-\u00d7-768-px.jpg\",\"contentUrl\":\"https:\\\/\\\/granada.salesianos.edu\\\/colegio\\\/wp-content\\\/uploads\\\/sites\\\/2\\\/2024\\\/08\\\/24-25-INFORMACIONES-INICIO-DE-CURSO-1024-\u00d7-768-px.jpg\"},{\"@type\":\"BreadcrumbList\",\"@id\":\"https:\\\/\\\/granada.salesianos.edu\\\/colegio\\\/blog\\\/informaciones-inicio-de-curso-24-25\\\/#breadcrumb\",\"itemListElement\":[{\"@type\":\"ListItem\",\"position\":1,\"name\":\"Portada\",\"item\":\"https:\\\/\\\/granada.salesianos.edu\\\/colegio\\\/\"},{\"@type\":\"ListItem\",\"position\":2,\"name\":\"Informaciones inicio de curso 24-25\"}]},{\"@type\":\"WebSite\",\"@id\":\"https:\\\/\\\/granada.salesianos.edu\\\/colegio\\\/#website\",\"url\":\"https:\\\/\\\/granada.salesianos.edu\\\/colegio\\\/\",\"name\":\"Colegio Salesiano\",\"description\":\"P\u00e1gina oficial de Salesianos Granada San Juan Bosco\",\"publisher\":{\"@id\":\"https:\\\/\\\/granada.salesianos.edu\\\/colegio\\\/#organization\"},\"potentialAction\":[{\"@type\":\"SearchAction\",\"target\":{\"@type\":\"EntryPoint\",\"urlTemplate\":\"https:\\\/\\\/granada.salesianos.edu\\\/colegio\\\/?s={search_term_string}\"},\"query-input\":{\"@type\":\"PropertyValueSpecification\",\"valueRequired\":true,\"valueName\":\"search_term_string\"}}],\"inLanguage\":\"es\"},{\"@type\":\"Organization\",\"@id\":\"https:\\\/\\\/granada.salesianos.edu\\\/colegio\\\/#organization\",\"name\":\"Colegio Salesiano San Juan Bosco Granada\",\"url\":\"https:\\\/\\\/granada.salesianos.edu\\\/colegio\\\/\",\"logo\":{\"@type\":\"ImageObject\",\"inLanguage\":\"es\",\"@id\":\"https:\\\/\\\/granada.salesianos.edu\\\/colegio\\\/#\\\/schema\\\/logo\\\/image\\\/\",\"url\":\"https:\\\/\\\/granada.salesianos.edu\\\/colegio\\\/wp-content\\\/uploads\\\/sites\\\/2\\\/2021\\\/01\\\/GRANADAobraVN2.jpg\",\"contentUrl\":\"https:\\\/\\\/granada.salesianos.edu\\\/colegio\\\/wp-content\\\/uploads\\\/sites\\\/2\\\/2021\\\/01\\\/GRANADAobraVN2.jpg\",\"width\":2113,\"height\":1894,\"caption\":\"Colegio Salesiano San Juan Bosco Granada\"},\"image\":{\"@id\":\"https:\\\/\\\/granada.salesianos.edu\\\/colegio\\\/#\\\/schema\\\/logo\\\/image\\\/\"},\"sameAs\":[\"https:\\\/\\\/www.facebook.com\\\/SalesianosGR\\\/\",\"https:\\\/\\\/x.com\\\/GranadaSDB\",\"https:\\\/\\\/www.instagram.com\\\/salesianosgranada\\\/\",\"https:\\\/\\\/www.youtube.com\\\/channel\\\/UChkpZuhCf4Y5rYIcFT3CNxw?view_as=subscriber\"]},{\"@type\":\"Person\",\"@id\":\"https:\\\/\\\/granada.salesianos.edu\\\/colegio\\\/#\\\/schema\\\/person\\\/6392ff2e4bd1e66981d6eab734bbd962\",\"name\":\"Gestor Web\",\"image\":{\"@type\":\"ImageObject\",\"inLanguage\":\"es\",\"@id\":\"https:\\\/\\\/secure.gravatar.com\\\/avatar\\\/160666bb56a01520857079961a824af2b7821d6bad80677c80f2b473fceead1b?s=96&d=mm&r=g\",\"url\":\"https:\\\/\\\/secure.gravatar.com\\\/avatar\\\/160666bb56a01520857079961a824af2b7821d6bad80677c80f2b473fceead1b?s=96&d=mm&r=g\",\"contentUrl\":\"https:\\\/\\\/secure.gravatar.com\\\/avatar\\\/160666bb56a01520857079961a824af2b7821d6bad80677c80f2b473fceead1b?s=96&d=mm&r=g\",\"caption\":\"Gestor Web\"}}]}<\/script>\n<!-- \/ Yoast SEO plugin. -->","yoast_head_json":{"title":"Informaciones inicio de curso 24-25 - Colegio Salesiano","description":"Aqu\u00ed puedes conocer toda la informaci\u00f3n sobre el inicio de curso 24-25 en Salesianos Granada: inicio de clases, calendario escolar, libros, ex\u00e1menes de septiembre 1\u00ba bto, venta de libros...","robots":{"index":"index","follow":"follow","max-snippet":"max-snippet:-1","max-image-preview":"max-image-preview:large","max-video-preview":"max-video-preview:-1"},"canonical":"https:\/\/granada.salesianos.edu\/colegio\/blog\/informaciones-inicio-de-curso-24-25\/","og_locale":"es_ES","og_type":"article","og_title":"Informaciones inicio de curso 24-25 - Colegio Salesiano","og_description":"Aqu\u00ed puedes conocer toda la informaci\u00f3n sobre el inicio de curso 24-25 en Salesianos Granada: inicio de clases, calendario escolar, libros, ex\u00e1menes de septiembre 1\u00ba bto, venta de libros...","og_url":"https:\/\/granada.salesianos.edu\/colegio\/blog\/informaciones-inicio-de-curso-24-25\/","og_site_name":"Colegio Salesiano","article_publisher":"https:\/\/www.facebook.com\/SalesianosGR\/","article_published_time":"2024-08-31T06:15:21+00:00","article_modified_time":"2024-09-12T20:17:05+00:00","og_image":[{"url":"https:\/\/granada.salesianos.edu\/colegio\/wp-content\/uploads\/sites\/2\/2024\/08\/24-25-INFORMACIONES-INICIO-DE-CURSO-1024-\u00d7-768-px.jpg","width":1,"height":1,"type":"image\/jpeg"}],"author":"Gestor Web","twitter_card":"summary_large_image","twitter_creator":"@GranadaSDB","twitter_site":"@GranadaSDB","twitter_misc":{"Escrito por":"Gestor Web","Tiempo de lectura":"2 minutos"},"schema":{"@context":"https:\/\/schema.org","@graph":[{"@type":"Article","@id":"https:\/\/granada.salesianos.edu\/colegio\/blog\/informaciones-inicio-de-curso-24-25\/#article","isPartOf":{"@id":"https:\/\/granada.salesianos.edu\/colegio\/blog\/informaciones-inicio-de-curso-24-25\/"},"author":{"name":"Gestor Web","@id":"https:\/\/granada.salesianos.edu\/colegio\/#\/schema\/person\/6392ff2e4bd1e66981d6eab734bbd962"},"headline":"Informaciones inicio de curso 24-25","datePublished":"2024-08-31T06:15:21+00:00","dateModified":"2024-09-12T20:17:05+00:00","mainEntityOfPage":{"@id":"https:\/\/granada.salesianos.edu\/colegio\/blog\/informaciones-inicio-de-curso-24-25\/"},"wordCount":2228,"commentCount":0,"publisher":{"@id":"https:\/\/granada.salesianos.edu\/colegio\/#organization"},"image":{"@id":"https:\/\/granada.salesianos.edu\/colegio\/blog\/informaciones-inicio-de-curso-24-25\/#primaryimage"},"thumbnailUrl":"https:\/\/granada.salesianos.edu\/colegio\/wp-content\/uploads\/sites\/2\/2024\/08\/24-25-INFORMACIONES-INICIO-DE-CURSO-1024-\u00d7-768-px.jpg","articleSection":["Bachillerato","BTO","Colegio","FP","Infantil","Primaria"],"inLanguage":"es","potentialAction":[{"@type":"CommentAction","name":"Comment","target":["https:\/\/granada.salesianos.edu\/colegio\/blog\/informaciones-inicio-de-curso-24-25\/#respond"]}]},{"@type":"WebPage","@id":"https:\/\/granada.salesianos.edu\/colegio\/blog\/informaciones-inicio-de-curso-24-25\/","url":"https:\/\/granada.salesianos.edu\/colegio\/blog\/informaciones-inicio-de-curso-24-25\/","name":"Informaciones inicio de curso 24-25 - Colegio Salesiano","isPartOf":{"@id":"https:\/\/granada.salesianos.edu\/colegio\/#website"},"primaryImageOfPage":{"@id":"https:\/\/granada.salesianos.edu\/colegio\/blog\/informaciones-inicio-de-curso-24-25\/#primaryimage"},"image":{"@id":"https:\/\/granada.salesianos.edu\/colegio\/blog\/informaciones-inicio-de-curso-24-25\/#primaryimage"},"thumbnailUrl":"https:\/\/granada.salesianos.edu\/colegio\/wp-content\/uploads\/sites\/2\/2024\/08\/24-25-INFORMACIONES-INICIO-DE-CURSO-1024-\u00d7-768-px.jpg","datePublished":"2024-08-31T06:15:21+00:00","dateModified":"2024-09-12T20:17:05+00:00","description":"Aqu\u00ed puedes conocer toda la informaci\u00f3n sobre el inicio de curso 24-25 en Salesianos Granada: inicio de clases, calendario escolar, libros, ex\u00e1menes de septiembre 1\u00ba bto, venta de libros...","breadcrumb":{"@id":"https:\/\/granada.salesianos.edu\/colegio\/blog\/informaciones-inicio-de-curso-24-25\/#breadcrumb"},"inLanguage":"es","potentialAction":[{"@type":"ReadAction","target":["https:\/\/granada.salesianos.edu\/colegio\/blog\/informaciones-inicio-de-curso-24-25\/"]}]},{"@type":"ImageObject","inLanguage":"es","@id":"https:\/\/granada.salesianos.edu\/colegio\/blog\/informaciones-inicio-de-curso-24-25\/#primaryimage","url":"https:\/\/granada.salesianos.edu\/colegio\/wp-content\/uploads\/sites\/2\/2024\/08\/24-25-INFORMACIONES-INICIO-DE-CURSO-1024-\u00d7-768-px.jpg","contentUrl":"https:\/\/granada.salesianos.edu\/colegio\/wp-content\/uploads\/sites\/2\/2024\/08\/24-25-INFORMACIONES-INICIO-DE-CURSO-1024-\u00d7-768-px.jpg"},{"@type":"BreadcrumbList","@id":"https:\/\/granada.salesianos.edu\/colegio\/blog\/informaciones-inicio-de-curso-24-25\/#breadcrumb","itemListElement":[{"@type":"ListItem","position":1,"name":"Portada","item":"https:\/\/granada.salesianos.edu\/colegio\/"},{"@type":"ListItem","position":2,"name":"Informaciones inicio de curso 24-25"}]},{"@type":"WebSite","@id":"https:\/\/granada.salesianos.edu\/colegio\/#website","url":"https:\/\/granada.salesianos.edu\/colegio\/","name":"Colegio Salesiano","description":"P\u00e1gina oficial de Salesianos Granada San Juan Bosco","publisher":{"@id":"https:\/\/granada.salesianos.edu\/colegio\/#organization"},"potentialAction":[{"@type":"SearchAction","target":{"@type":"EntryPoint","urlTemplate":"https:\/\/granada.salesianos.edu\/colegio\/?s={search_term_string}"},"query-input":{"@type":"PropertyValueSpecification","valueRequired":true,"valueName":"search_term_string"}}],"inLanguage":"es"},{"@type":"Organization","@id":"https:\/\/granada.salesianos.edu\/colegio\/#organization","name":"Colegio Salesiano San Juan Bosco Granada","url":"https:\/\/granada.salesianos.edu\/colegio\/","logo":{"@type":"ImageObject","inLanguage":"es","@id":"https:\/\/granada.salesianos.edu\/colegio\/#\/schema\/logo\/image\/","url":"https:\/\/granada.salesianos.edu\/colegio\/wp-content\/uploads\/sites\/2\/2021\/01\/GRANADAobraVN2.jpg","contentUrl":"https:\/\/granada.salesianos.edu\/colegio\/wp-content\/uploads\/sites\/2\/2021\/01\/GRANADAobraVN2.jpg","width":2113,"height":1894,"caption":"Colegio Salesiano San Juan Bosco Granada"},"image":{"@id":"https:\/\/granada.salesianos.edu\/colegio\/#\/schema\/logo\/image\/"},"sameAs":["https:\/\/www.facebook.com\/SalesianosGR\/","https:\/\/x.com\/GranadaSDB","https:\/\/www.instagram.com\/salesianosgranada\/","https:\/\/www.youtube.com\/channel\/UChkpZuhCf4Y5rYIcFT3CNxw?view_as=subscriber"]},{"@type":"Person","@id":"https:\/\/granada.salesianos.edu\/colegio\/#\/schema\/person\/6392ff2e4bd1e66981d6eab734bbd962","name":"Gestor Web","image":{"@type":"ImageObject","inLanguage":"es","@id":"https:\/\/secure.gravatar.com\/avatar\/160666bb56a01520857079961a824af2b7821d6bad80677c80f2b473fceead1b?s=96&d=mm&r=g","url":"https:\/\/secure.gravatar.com\/avatar\/160666bb56a01520857079961a824af2b7821d6bad80677c80f2b473fceead1b?s=96&d=mm&r=g","contentUrl":"https:\/\/secure.gravatar.com\/avatar\/160666bb56a01520857079961a824af2b7821d6bad80677c80f2b473fceead1b?s=96&d=mm&r=g","caption":"Gestor Web"}}]}},"_links":{"self":[{"href":"https:\/\/granada.salesianos.edu\/colegio\/wp-json\/wp\/v2\/posts\/19265","targetHints":{"allow":["GET"]}}],"collection":[{"href":"https:\/\/granada.salesianos.edu\/colegio\/wp-json\/wp\/v2\/posts"}],"about":[{"href":"https:\/\/granada.salesianos.edu\/colegio\/wp-json\/wp\/v2\/types\/post"}],"author":[{"embeddable":true,"href":"https:\/\/granada.salesianos.edu\/colegio\/wp-json\/wp\/v2\/users\/2"}],"replies":[{"embeddable":true,"href":"https:\/\/granada.salesianos.edu\/colegio\/wp-json\/wp\/v2\/comments?post=19265"}],"version-history":[{"count":9,"href":"https:\/\/granada.salesianos.edu\/colegio\/wp-json\/wp\/v2\/posts\/19265\/revisions"}],"predecessor-version":[{"id":19326,"href":"https:\/\/granada.salesianos.edu\/colegio\/wp-json\/wp\/v2\/posts\/19265\/revisions\/19326"}],"wp:featuredmedia":[{"embeddable":true,"href":"https:\/\/granada.salesianos.edu\/colegio\/wp-json\/wp\/v2\/media\/19266"}],"wp:attachment":[{"href":"https:\/\/granada.salesianos.edu\/colegio\/wp-json\/wp\/v2\/media?parent=19265"}],"wp:term":[{"taxonomy":"category","embeddable":true,"href":"https:\/\/granada.salesianos.edu\/colegio\/wp-json\/wp\/v2\/categories?post=19265"},{"taxonomy":"post_tag","embeddable":true,"href":"https:\/\/granada.salesianos.edu\/colegio\/wp-json\/wp\/v2\/tags?post=19265"}],"curies":[{"name":"wp","href":"https:\/\/api.w.org\/{rel}","templated":true}]}}