{"id":19327,"date":"2024-09-15T09:56:54","date_gmt":"2024-09-15T07:56:54","guid":{"rendered":"https:\/\/granada.salesianos.edu\/colegio\/?p=19327"},"modified":"2024-09-16T10:18:39","modified_gmt":"2024-09-16T08:18:39","slug":"placassolares","status":"publish","type":"post","link":"https:\/\/granada.salesianos.edu\/colegio\/blog\/placassolares\/","title":{"rendered":"Mejora de centro. Instalaci\u00f3n placas solares"},"content":{"rendered":"<div id=\"fb-root\"><\/div>\n<p>[et_pb_section fb_built=\u00bb1&#8243; admin_label=\u00bbsection\u00bb _builder_version=\u00bb4.16&#8243; global_colors_info=\u00bb{}\u00bb][et_pb_row _builder_version=\u00bb4.27.0&#8243; _module_preset=\u00bbdefault\u00bb global_colors_info=\u00bb{}\u00bb][et_pb_column type=\u00bb4_4&#8243; _builder_version=\u00bb4.27.0&#8243; _module_preset=\u00bbdefault\u00bb global_colors_info=\u00bb{}\u00bb][et_pb_text admin_label=\u00bbCalendario escolar\u00bb _builder_version=\u00bb4.27.0&#8243; _module_preset=\u00bbdefault\u00bb hover_enabled=\u00bb0&#8243; global_colors_info=\u00bb{}\u00bb sticky_enabled=\u00bb0&#8243;]<\/p>\n<h1 style=\"text-align: center;\">PLACAS SOLARES<\/h1>\n<p>&nbsp;<\/p>\n<p>[\/et_pb_text][et_pb_divider show_divider=\u00bboff\u00bb _builder_version=\u00bb4.21.0&#8243; _module_preset=\u00bbdefault\u00bb global_colors_info=\u00bb{}\u00bb][\/et_pb_divider][\/et_pb_column][\/et_pb_row][et_pb_row _builder_version=\u00bb4.27.0&#8243; _module_preset=\u00bbdefault\u00bb global_colors_info=\u00bb{}\u00bb][et_pb_column type=\u00bb4_4&#8243; _builder_version=\u00bb4.27.0&#8243; _module_preset=\u00bbdefault\u00bb global_colors_info=\u00bb{}\u00bb][et_pb_text _builder_version=\u00bb4.27.0&#8243; _module_preset=\u00bbdefault\u00bb global_colors_info=\u00bb{}\u00bb]<\/p>\n<div><\/div>\n<div><\/div>\n<div>\n<div>\n<p><span data-canva-clipboard=\"ewAiAGEAIgA6ADUALAAiAGgAIgA6ACIAdwB3AHcALgBjAGEAbgB2AGEALgBjAG8AbQAiACwAIgBjACIAOgAiAEQAQQBHAFEAUQBDAFQAQgA5AGEAUQAiACwAIgBpACIAOgAiAEYAZQBpAEcAVwBSAEcAbQBTAGsAZQBJAGgANABSAFQASwAwAEsASwBzAGcAIgAsACIAYgAiADoAMQA3ADIANgAyADIANgAzADYAMAAwADUANgAsACIAQQA\/ACIAOgAiAEUAIgAsACIAQQAiADoAewAiAEEAIgA6AFsAewAiAEEAIgA6AHsAIgBBAD8AIgA6ACIAQQAiACwAIgBBACIAOgAiAEUAcwB0AGUAIABjAHUAcgBzAG8AIABlAG4AIABlAGwAIABjAG8AbABlAGcAaQBvACAAcwBlACAAYwBvAG4AdABhAHIA4QAgAGMAbwBuACAAdQBuAGEAIABuAHUAZQB2AGEAIABtAGUAagBvAHIAYQAgAGUAbgAgAGMAdQBlAHMAdABpAPMAbgAgAGQAZQAgAGkAbgBzAHQAYQBsAGEAYwBpAG8AbgBlAHMALgAgAEcAcgBhAGMAaQBhAHMAIABhACAAbABhACAASQBuAHMAcABlAGMAdABvAHIA7QBhACAAUwBhAGwAZQBzAGkAYQBuAG8ALAAgAGQAdQByAGEAbgB0AGUAIABlAHMAdABlACAAdgBlAHIAYQBuAG8ALAAgAHMAZQAgAGgAYQAgAHIAZQBhAGwAaQB6AGEAZABvACAAbABhACAAaQBuAHMAdABhAGwAYQBjAGkA8wBuACAAZABlACAAcABsAGEAYwBhAHMAIABzAG8AbABhAHIAZQBzACAAcwBvAGIAcgBlACAAZQBsACAAdABlAGoAYQBkAG8AIABkAGUAbAAgAHAAYQBiAGUAbABsAPMAbgAgAGQAZQBwAG8AcgB0AGkAdgBvAC4AIABIAGEAYwBpAGUAbgBkAG8AIABxAHUAZQAgAG4AdQBlAHMAdAByAG8AIABjAGUAbgB0AHIAbwAgAGUAcwBjAG8AbABhAHIAIABzAGUAYQAgAHUAbgAgAGwAdQBnAGEAcgAgAG0A4QBzACAAZQBmAGkAYwBpAGUAbgB0AGUAIAB5ACAAYwBvAG0AcAByAG8AbQBlAHQAaQBkAG8AIABlAG4AIABjAHUAZQBzAHQAaQDzAG4AIABkAGUAbAAgAHUAcwBvACAAZABlACAAbABhAHMAIABlAG4AZQByAGcA7QBhAHMAIAByAGUAbgBvAHYAYQBiAGwAZQBzAC4AIAAiAH0AfQBdAH0AfQA=\"><\/span><\/p>\n<div>\n<p><span>Este curso en el colegio se contar\u00e1 con una nueva mejora en cuesti\u00f3n de instalaciones. Gracias a la Inspector\u00eda Salesiano, durante este verano, se ha realizado la instalaci\u00f3n de placas solares sobre el tejado del pabell\u00f3n deportivo. Haciendo que nuestro centro escolar sea un lugar m\u00e1s eficiente y comprometido en cuesti\u00f3n del uso de las energ\u00edas renovables.<\/span><\/p>\n<div>\n<div>\n<p><span>\u00bfPor qu\u00e9 el uso de placas solares? <\/span><\/p>\n<p><span><\/span><\/p>\n<p><span>En todo el mundo, y especialmente en nuestra comunidad, hemos sido testigos de un aumento significativo en la instalaci\u00f3n de sistemas de paneles solares para autoconsumo el\u00e9ctrico. Este aumento ha sido impulsado, principalmente, por: <\/span><\/p>\n<ul>\n<li><span>\u00a0La sociedad, que cada vez es m\u00e1s consciente de la importancia de esta tecnolog\u00eda y del uso de las renovables.<\/span><\/li>\n<li><span>\u00a0El incremento en el precio de la electricidad convencional y la insatisfacci\u00f3n con las grandes compa\u00f1\u00edas el\u00e9ctricas.<\/span><\/li>\n<\/ul>\n<p><span><\/span><\/p>\n<h3><strong><span>Realmente las razones, que para nosotros, han sido cruciales para su instalaci\u00f3n son las siguientes:\u00a0<\/span><\/strong><\/h3>\n<p>Una inversi\u00f3n a largo plazo para el uso de recursos en nuestro centro; pues supone un gasto ahora que poco a poco ser\u00e1 rentable y de este modo podremos seguir mejorando en nuestras instalaciones. Adem\u00e1s, generemos suficiente electricidad para el consumo de nuestros espacios y las necesidades que se nos presentan a diario con nuestros alumnado.<\/p>\n<p>&nbsp;<\/p>\n<p>Tampoco podemos olvidar algo muy importante. La inversi\u00f3n con el entorno natural. A<span>\u00a0diferencia de los combustibles f\u00f3siles, la energ\u00eda solar se basa en una fuente confiable y respetuosa del sol. La instalaci\u00f3n de paneles fotovoltaicos nos brinda acceso a una fuente de energ\u00eda sostenible que no agota los recursos naturales de nuestro planeta. Adem\u00e1s, la energ\u00eda solar no emite di\u00f3xido de carbono (CO2) y, por lo tanto, no contribuye al deterioro de la capa de ozono. Es as\u00ed por lo que tratamos de seguir\u00a0fomentando nuestros programas medioambientales como el programa <strong>ALDEA. <\/strong>Cabe destacar que los\u00a0materiales\u00a0con los que est\u00e1n\u00a0<\/span>fabricadas las placas solares son de una gran garant\u00eda y de larga durabilidad, por lo que podremos disfrutar de su uso y consumo durante muchos a\u00f1os.\u00a0<\/p>\n<h3><strong><span><\/span><\/strong><\/h3>\n<h3><strong><span><\/span><\/strong><\/h3>\n<h3><strong><span><\/span><\/strong><\/h3>\n<p>&nbsp;<\/p>\n<\/div>\n<\/div>\n<\/div>\n<\/div>\n<\/div>\n<div><\/div>\n<p>[\/et_pb_text][et_pb_gallery _builder_version=\u00bb4.27.0&#8243; _module_preset=\u00bbdefault\u00bb gallery_ids=\u00bb19330,19331,19332,19333,19334,19335,19336,19337&#8243; show_title_and_caption=\u00bboff\u00bb hover_enabled=\u00bb0&#8243; sticky_enabled=\u00bb0&#8243;][\/et_pb_gallery][\/et_pb_column][\/et_pb_row][et_pb_row _builder_version=\u00bb4.27.0&#8243; _module_preset=\u00bbdefault\u00bb global_colors_info=\u00bb{}\u00bb][et_pb_column type=\u00bb4_4&#8243; _builder_version=\u00bb4.27.0&#8243; _module_preset=\u00bbdefault\u00bb global_colors_info=\u00bb{}\u00bb][et_pb_gallery gallery_ids=\u00bb66162,66163,66164,66165,66166,66167&#8243; show_title_and_caption=\u00bboff\u00bb _builder_version=\u00bb4.27.0&#8243; _module_preset=\u00bbdefault\u00bb global_colors_info=\u00bb{}\u00bb][\/et_pb_gallery][\/et_pb_column][\/et_pb_row][\/et_pb_section]<\/p>\n","protected":false},"excerpt":{"rendered":"<p>Este a\u00f1o en el colegio se disfrutar\u00e1 del consumo de energ\u00eda proporcionada por las instalaci\u00f3n de placas solares en el polideportivo. <\/p>\n","protected":false},"author":2,"featured_media":19336,"comment_status":"open","ping_status":"open","sticky":false,"template":"","format":"standard","meta":{"_et_pb_use_builder":"on","_et_pb_old_content":"","_et_gb_content_width":"","footnotes":""},"categories":[11,29],"tags":[],"class_list":["post-19327","post","type-post","status-publish","format-standard","has-post-thumbnail","hentry","category-colegio","category-instalaciones"],"yoast_head":"<!-- This site is optimized with the Yoast SEO plugin v28.4 - https:\/\/yoast.com\/product\/yoast-seo-wordpress\/ -->\n<title>Mejora de centro. Instalaci\u00f3n placas solares - Colegio Salesiano<\/title>\n<meta name=\"description\" content=\"Aqu\u00ed puedes conocer toda la informaci\u00f3n sobre el inicio de curso 24-25 en Salesianos Granada: inicio de clases, calendario escolar, libros, ex\u00e1menes de septiembre 1\u00ba bto, venta de libros...\" \/>\n<meta name=\"robots\" content=\"index, follow, max-snippet:-1, max-image-preview:large, max-video-preview:-1\" \/>\n<link rel=\"canonical\" href=\"https:\/\/granada.salesianos.edu\/colegio\/blog\/placassolares\/\" \/>\n<meta property=\"og:locale\" content=\"es_ES\" \/>\n<meta property=\"og:type\" content=\"article\" \/>\n<meta property=\"og:title\" content=\"Mejora de centro. Instalaci\u00f3n placas solares - Colegio Salesiano\" \/>\n<meta property=\"og:description\" content=\"Aqu\u00ed puedes conocer toda la informaci\u00f3n sobre el inicio de curso 24-25 en Salesianos Granada: inicio de clases, calendario escolar, libros, ex\u00e1menes de septiembre 1\u00ba bto, venta de libros...\" \/>\n<meta property=\"og:url\" content=\"https:\/\/granada.salesianos.edu\/colegio\/blog\/placassolares\/\" \/>\n<meta property=\"og:site_name\" content=\"Colegio Salesiano\" \/>\n<meta property=\"article:publisher\" content=\"https:\/\/www.facebook.com\/SalesianosGR\/\" \/>\n<meta property=\"article:published_time\" content=\"2024-09-15T07:56:54+00:00\" \/>\n<meta property=\"article:modified_time\" content=\"2024-09-16T08:18:39+00:00\" \/>\n<meta property=\"og:image\" content=\"https:\/\/granada.salesianos.edu\/colegio\/wp-content\/uploads\/sites\/2\/2024\/09\/WhatsApp-Image-2024-09-13-at-12.39.07-1.jpeg\" \/>\n\t<meta property=\"og:image:width\" content=\"1600\" \/>\n\t<meta property=\"og:image:height\" content=\"1200\" \/>\n\t<meta property=\"og:image:type\" content=\"image\/jpeg\" \/>\n<meta name=\"author\" content=\"Gestor Web\" \/>\n<meta name=\"twitter:card\" content=\"summary_large_image\" \/>\n<meta name=\"twitter:creator\" content=\"@GranadaSDB\" \/>\n<meta name=\"twitter:site\" content=\"@GranadaSDB\" \/>\n<meta name=\"twitter:label1\" content=\"Escrito por\" \/>\n\t<meta name=\"twitter:data1\" content=\"Gestor Web\" \/>\n\t<meta name=\"twitter:label2\" content=\"Tiempo de lectura\" \/>\n\t<meta name=\"twitter:data2\" content=\"3 minutos\" \/>\n<script type=\"application\/ld+json\" class=\"yoast-schema-graph\">{\"@context\":\"https:\\\/\\\/schema.org\",\"@graph\":[{\"@type\":\"Article\",\"@id\":\"https:\\\/\\\/granada.salesianos.edu\\\/colegio\\\/blog\\\/placassolares\\\/#article\",\"isPartOf\":{\"@id\":\"https:\\\/\\\/granada.salesianos.edu\\\/colegio\\\/blog\\\/placassolares\\\/\"},\"author\":{\"name\":\"Gestor Web\",\"@id\":\"https:\\\/\\\/granada.salesianos.edu\\\/colegio\\\/#\\\/schema\\\/person\\\/6392ff2e4bd1e66981d6eab734bbd962\"},\"headline\":\"Mejora de centro. Instalaci\u00f3n placas solares\",\"datePublished\":\"2024-09-15T07:56:54+00:00\",\"dateModified\":\"2024-09-16T08:18:39+00:00\",\"mainEntityOfPage\":{\"@id\":\"https:\\\/\\\/granada.salesianos.edu\\\/colegio\\\/blog\\\/placassolares\\\/\"},\"wordCount\":573,\"commentCount\":0,\"publisher\":{\"@id\":\"https:\\\/\\\/granada.salesianos.edu\\\/colegio\\\/#organization\"},\"image\":{\"@id\":\"https:\\\/\\\/granada.salesianos.edu\\\/colegio\\\/blog\\\/placassolares\\\/#primaryimage\"},\"thumbnailUrl\":\"https:\\\/\\\/granada.salesianos.edu\\\/colegio\\\/wp-content\\\/uploads\\\/sites\\\/2\\\/2024\\\/09\\\/WhatsApp-Image-2024-09-13-at-12.39.07-1.jpeg\",\"articleSection\":[\"Colegio\",\"Instalaciones\"],\"inLanguage\":\"es\",\"potentialAction\":[{\"@type\":\"CommentAction\",\"name\":\"Comment\",\"target\":[\"https:\\\/\\\/granada.salesianos.edu\\\/colegio\\\/blog\\\/placassolares\\\/#respond\"]}]},{\"@type\":\"WebPage\",\"@id\":\"https:\\\/\\\/granada.salesianos.edu\\\/colegio\\\/blog\\\/placassolares\\\/\",\"url\":\"https:\\\/\\\/granada.salesianos.edu\\\/colegio\\\/blog\\\/placassolares\\\/\",\"name\":\"Mejora de centro. Instalaci\u00f3n placas solares - Colegio Salesiano\",\"isPartOf\":{\"@id\":\"https:\\\/\\\/granada.salesianos.edu\\\/colegio\\\/#website\"},\"primaryImageOfPage\":{\"@id\":\"https:\\\/\\\/granada.salesianos.edu\\\/colegio\\\/blog\\\/placassolares\\\/#primaryimage\"},\"image\":{\"@id\":\"https:\\\/\\\/granada.salesianos.edu\\\/colegio\\\/blog\\\/placassolares\\\/#primaryimage\"},\"thumbnailUrl\":\"https:\\\/\\\/granada.salesianos.edu\\\/colegio\\\/wp-content\\\/uploads\\\/sites\\\/2\\\/2024\\\/09\\\/WhatsApp-Image-2024-09-13-at-12.39.07-1.jpeg\",\"datePublished\":\"2024-09-15T07:56:54+00:00\",\"dateModified\":\"2024-09-16T08:18:39+00:00\",\"description\":\"Aqu\u00ed puedes conocer toda la informaci\u00f3n sobre el inicio de curso 24-25 en Salesianos Granada: inicio de clases, calendario escolar, libros, ex\u00e1menes de septiembre 1\u00ba bto, venta de libros...\",\"breadcrumb\":{\"@id\":\"https:\\\/\\\/granada.salesianos.edu\\\/colegio\\\/blog\\\/placassolares\\\/#breadcrumb\"},\"inLanguage\":\"es\",\"potentialAction\":[{\"@type\":\"ReadAction\",\"target\":[\"https:\\\/\\\/granada.salesianos.edu\\\/colegio\\\/blog\\\/placassolares\\\/\"]}]},{\"@type\":\"ImageObject\",\"inLanguage\":\"es\",\"@id\":\"https:\\\/\\\/granada.salesianos.edu\\\/colegio\\\/blog\\\/placassolares\\\/#primaryimage\",\"url\":\"https:\\\/\\\/granada.salesianos.edu\\\/colegio\\\/wp-content\\\/uploads\\\/sites\\\/2\\\/2024\\\/09\\\/WhatsApp-Image-2024-09-13-at-12.39.07-1.jpeg\",\"contentUrl\":\"https:\\\/\\\/granada.salesianos.edu\\\/colegio\\\/wp-content\\\/uploads\\\/sites\\\/2\\\/2024\\\/09\\\/WhatsApp-Image-2024-09-13-at-12.39.07-1.jpeg\",\"width\":1600,\"height\":1200},{\"@type\":\"BreadcrumbList\",\"@id\":\"https:\\\/\\\/granada.salesianos.edu\\\/colegio\\\/blog\\\/placassolares\\\/#breadcrumb\",\"itemListElement\":[{\"@type\":\"ListItem\",\"position\":1,\"name\":\"Portada\",\"item\":\"https:\\\/\\\/granada.salesianos.edu\\\/colegio\\\/\"},{\"@type\":\"ListItem\",\"position\":2,\"name\":\"Mejora de centro. Instalaci\u00f3n placas solares\"}]},{\"@type\":\"WebSite\",\"@id\":\"https:\\\/\\\/granada.salesianos.edu\\\/colegio\\\/#website\",\"url\":\"https:\\\/\\\/granada.salesianos.edu\\\/colegio\\\/\",\"name\":\"Colegio Salesiano\",\"description\":\"P\u00e1gina oficial de Salesianos Granada San Juan Bosco\",\"publisher\":{\"@id\":\"https:\\\/\\\/granada.salesianos.edu\\\/colegio\\\/#organization\"},\"potentialAction\":[{\"@type\":\"SearchAction\",\"target\":{\"@type\":\"EntryPoint\",\"urlTemplate\":\"https:\\\/\\\/granada.salesianos.edu\\\/colegio\\\/?s={search_term_string}\"},\"query-input\":{\"@type\":\"PropertyValueSpecification\",\"valueRequired\":true,\"valueName\":\"search_term_string\"}}],\"inLanguage\":\"es\"},{\"@type\":\"Organization\",\"@id\":\"https:\\\/\\\/granada.salesianos.edu\\\/colegio\\\/#organization\",\"name\":\"Colegio Salesiano San Juan Bosco Granada\",\"url\":\"https:\\\/\\\/granada.salesianos.edu\\\/colegio\\\/\",\"logo\":{\"@type\":\"ImageObject\",\"inLanguage\":\"es\",\"@id\":\"https:\\\/\\\/granada.salesianos.edu\\\/colegio\\\/#\\\/schema\\\/logo\\\/image\\\/\",\"url\":\"https:\\\/\\\/granada.salesianos.edu\\\/colegio\\\/wp-content\\\/uploads\\\/sites\\\/2\\\/2021\\\/01\\\/GRANADAobraVN2.jpg\",\"contentUrl\":\"https:\\\/\\\/granada.salesianos.edu\\\/colegio\\\/wp-content\\\/uploads\\\/sites\\\/2\\\/2021\\\/01\\\/GRANADAobraVN2.jpg\",\"width\":2113,\"height\":1894,\"caption\":\"Colegio Salesiano San Juan Bosco Granada\"},\"image\":{\"@id\":\"https:\\\/\\\/granada.salesianos.edu\\\/colegio\\\/#\\\/schema\\\/logo\\\/image\\\/\"},\"sameAs\":[\"https:\\\/\\\/www.facebook.com\\\/SalesianosGR\\\/\",\"https:\\\/\\\/x.com\\\/GranadaSDB\",\"https:\\\/\\\/www.instagram.com\\\/salesianosgranada\\\/\",\"https:\\\/\\\/www.youtube.com\\\/channel\\\/UChkpZuhCf4Y5rYIcFT3CNxw?view_as=subscriber\"]},{\"@type\":\"Person\",\"@id\":\"https:\\\/\\\/granada.salesianos.edu\\\/colegio\\\/#\\\/schema\\\/person\\\/6392ff2e4bd1e66981d6eab734bbd962\",\"name\":\"Gestor Web\",\"image\":{\"@type\":\"ImageObject\",\"inLanguage\":\"es\",\"@id\":\"https:\\\/\\\/secure.gravatar.com\\\/avatar\\\/160666bb56a01520857079961a824af2b7821d6bad80677c80f2b473fceead1b?s=96&d=mm&r=g\",\"url\":\"https:\\\/\\\/secure.gravatar.com\\\/avatar\\\/160666bb56a01520857079961a824af2b7821d6bad80677c80f2b473fceead1b?s=96&d=mm&r=g\",\"contentUrl\":\"https:\\\/\\\/secure.gravatar.com\\\/avatar\\\/160666bb56a01520857079961a824af2b7821d6bad80677c80f2b473fceead1b?s=96&d=mm&r=g\",\"caption\":\"Gestor Web\"}}]}<\/script>\n<!-- \/ Yoast SEO plugin. -->","yoast_head_json":{"title":"Mejora de centro. Instalaci\u00f3n placas solares - Colegio Salesiano","description":"Aqu\u00ed puedes conocer toda la informaci\u00f3n sobre el inicio de curso 24-25 en Salesianos Granada: inicio de clases, calendario escolar, libros, ex\u00e1menes de septiembre 1\u00ba bto, venta de libros...","robots":{"index":"index","follow":"follow","max-snippet":"max-snippet:-1","max-image-preview":"max-image-preview:large","max-video-preview":"max-video-preview:-1"},"canonical":"https:\/\/granada.salesianos.edu\/colegio\/blog\/placassolares\/","og_locale":"es_ES","og_type":"article","og_title":"Mejora de centro. Instalaci\u00f3n placas solares - Colegio Salesiano","og_description":"Aqu\u00ed puedes conocer toda la informaci\u00f3n sobre el inicio de curso 24-25 en Salesianos Granada: inicio de clases, calendario escolar, libros, ex\u00e1menes de septiembre 1\u00ba bto, venta de libros...","og_url":"https:\/\/granada.salesianos.edu\/colegio\/blog\/placassolares\/","og_site_name":"Colegio Salesiano","article_publisher":"https:\/\/www.facebook.com\/SalesianosGR\/","article_published_time":"2024-09-15T07:56:54+00:00","article_modified_time":"2024-09-16T08:18:39+00:00","og_image":[{"width":1600,"height":1200,"url":"https:\/\/granada.salesianos.edu\/colegio\/wp-content\/uploads\/sites\/2\/2024\/09\/WhatsApp-Image-2024-09-13-at-12.39.07-1.jpeg","type":"image\/jpeg"}],"author":"Gestor Web","twitter_card":"summary_large_image","twitter_creator":"@GranadaSDB","twitter_site":"@GranadaSDB","twitter_misc":{"Escrito por":"Gestor Web","Tiempo de lectura":"3 minutos"},"schema":{"@context":"https:\/\/schema.org","@graph":[{"@type":"Article","@id":"https:\/\/granada.salesianos.edu\/colegio\/blog\/placassolares\/#article","isPartOf":{"@id":"https:\/\/granada.salesianos.edu\/colegio\/blog\/placassolares\/"},"author":{"name":"Gestor Web","@id":"https:\/\/granada.salesianos.edu\/colegio\/#\/schema\/person\/6392ff2e4bd1e66981d6eab734bbd962"},"headline":"Mejora de centro. Instalaci\u00f3n placas solares","datePublished":"2024-09-15T07:56:54+00:00","dateModified":"2024-09-16T08:18:39+00:00","mainEntityOfPage":{"@id":"https:\/\/granada.salesianos.edu\/colegio\/blog\/placassolares\/"},"wordCount":573,"commentCount":0,"publisher":{"@id":"https:\/\/granada.salesianos.edu\/colegio\/#organization"},"image":{"@id":"https:\/\/granada.salesianos.edu\/colegio\/blog\/placassolares\/#primaryimage"},"thumbnailUrl":"https:\/\/granada.salesianos.edu\/colegio\/wp-content\/uploads\/sites\/2\/2024\/09\/WhatsApp-Image-2024-09-13-at-12.39.07-1.jpeg","articleSection":["Colegio","Instalaciones"],"inLanguage":"es","potentialAction":[{"@type":"CommentAction","name":"Comment","target":["https:\/\/granada.salesianos.edu\/colegio\/blog\/placassolares\/#respond"]}]},{"@type":"WebPage","@id":"https:\/\/granada.salesianos.edu\/colegio\/blog\/placassolares\/","url":"https:\/\/granada.salesianos.edu\/colegio\/blog\/placassolares\/","name":"Mejora de centro. Instalaci\u00f3n placas solares - Colegio Salesiano","isPartOf":{"@id":"https:\/\/granada.salesianos.edu\/colegio\/#website"},"primaryImageOfPage":{"@id":"https:\/\/granada.salesianos.edu\/colegio\/blog\/placassolares\/#primaryimage"},"image":{"@id":"https:\/\/granada.salesianos.edu\/colegio\/blog\/placassolares\/#primaryimage"},"thumbnailUrl":"https:\/\/granada.salesianos.edu\/colegio\/wp-content\/uploads\/sites\/2\/2024\/09\/WhatsApp-Image-2024-09-13-at-12.39.07-1.jpeg","datePublished":"2024-09-15T07:56:54+00:00","dateModified":"2024-09-16T08:18:39+00:00","description":"Aqu\u00ed puedes conocer toda la informaci\u00f3n sobre el inicio de curso 24-25 en Salesianos Granada: inicio de clases, calendario escolar, libros, ex\u00e1menes de septiembre 1\u00ba bto, venta de libros...","breadcrumb":{"@id":"https:\/\/granada.salesianos.edu\/colegio\/blog\/placassolares\/#breadcrumb"},"inLanguage":"es","potentialAction":[{"@type":"ReadAction","target":["https:\/\/granada.salesianos.edu\/colegio\/blog\/placassolares\/"]}]},{"@type":"ImageObject","inLanguage":"es","@id":"https:\/\/granada.salesianos.edu\/colegio\/blog\/placassolares\/#primaryimage","url":"https:\/\/granada.salesianos.edu\/colegio\/wp-content\/uploads\/sites\/2\/2024\/09\/WhatsApp-Image-2024-09-13-at-12.39.07-1.jpeg","contentUrl":"https:\/\/granada.salesianos.edu\/colegio\/wp-content\/uploads\/sites\/2\/2024\/09\/WhatsApp-Image-2024-09-13-at-12.39.07-1.jpeg","width":1600,"height":1200},{"@type":"BreadcrumbList","@id":"https:\/\/granada.salesianos.edu\/colegio\/blog\/placassolares\/#breadcrumb","itemListElement":[{"@type":"ListItem","position":1,"name":"Portada","item":"https:\/\/granada.salesianos.edu\/colegio\/"},{"@type":"ListItem","position":2,"name":"Mejora de centro. Instalaci\u00f3n placas solares"}]},{"@type":"WebSite","@id":"https:\/\/granada.salesianos.edu\/colegio\/#website","url":"https:\/\/granada.salesianos.edu\/colegio\/","name":"Colegio Salesiano","description":"P\u00e1gina oficial de Salesianos Granada San Juan Bosco","publisher":{"@id":"https:\/\/granada.salesianos.edu\/colegio\/#organization"},"potentialAction":[{"@type":"SearchAction","target":{"@type":"EntryPoint","urlTemplate":"https:\/\/granada.salesianos.edu\/colegio\/?s={search_term_string}"},"query-input":{"@type":"PropertyValueSpecification","valueRequired":true,"valueName":"search_term_string"}}],"inLanguage":"es"},{"@type":"Organization","@id":"https:\/\/granada.salesianos.edu\/colegio\/#organization","name":"Colegio Salesiano San Juan Bosco Granada","url":"https:\/\/granada.salesianos.edu\/colegio\/","logo":{"@type":"ImageObject","inLanguage":"es","@id":"https:\/\/granada.salesianos.edu\/colegio\/#\/schema\/logo\/image\/","url":"https:\/\/granada.salesianos.edu\/colegio\/wp-content\/uploads\/sites\/2\/2021\/01\/GRANADAobraVN2.jpg","contentUrl":"https:\/\/granada.salesianos.edu\/colegio\/wp-content\/uploads\/sites\/2\/2021\/01\/GRANADAobraVN2.jpg","width":2113,"height":1894,"caption":"Colegio Salesiano San Juan Bosco Granada"},"image":{"@id":"https:\/\/granada.salesianos.edu\/colegio\/#\/schema\/logo\/image\/"},"sameAs":["https:\/\/www.facebook.com\/SalesianosGR\/","https:\/\/x.com\/GranadaSDB","https:\/\/www.instagram.com\/salesianosgranada\/","https:\/\/www.youtube.com\/channel\/UChkpZuhCf4Y5rYIcFT3CNxw?view_as=subscriber"]},{"@type":"Person","@id":"https:\/\/granada.salesianos.edu\/colegio\/#\/schema\/person\/6392ff2e4bd1e66981d6eab734bbd962","name":"Gestor Web","image":{"@type":"ImageObject","inLanguage":"es","@id":"https:\/\/secure.gravatar.com\/avatar\/160666bb56a01520857079961a824af2b7821d6bad80677c80f2b473fceead1b?s=96&d=mm&r=g","url":"https:\/\/secure.gravatar.com\/avatar\/160666bb56a01520857079961a824af2b7821d6bad80677c80f2b473fceead1b?s=96&d=mm&r=g","contentUrl":"https:\/\/secure.gravatar.com\/avatar\/160666bb56a01520857079961a824af2b7821d6bad80677c80f2b473fceead1b?s=96&d=mm&r=g","caption":"Gestor Web"}}]}},"_links":{"self":[{"href":"https:\/\/granada.salesianos.edu\/colegio\/wp-json\/wp\/v2\/posts\/19327","targetHints":{"allow":["GET"]}}],"collection":[{"href":"https:\/\/granada.salesianos.edu\/colegio\/wp-json\/wp\/v2\/posts"}],"about":[{"href":"https:\/\/granada.salesianos.edu\/colegio\/wp-json\/wp\/v2\/types\/post"}],"author":[{"embeddable":true,"href":"https:\/\/granada.salesianos.edu\/colegio\/wp-json\/wp\/v2\/users\/2"}],"replies":[{"embeddable":true,"href":"https:\/\/granada.salesianos.edu\/colegio\/wp-json\/wp\/v2\/comments?post=19327"}],"version-history":[{"count":3,"href":"https:\/\/granada.salesianos.edu\/colegio\/wp-json\/wp\/v2\/posts\/19327\/revisions"}],"predecessor-version":[{"id":19340,"href":"https:\/\/granada.salesianos.edu\/colegio\/wp-json\/wp\/v2\/posts\/19327\/revisions\/19340"}],"wp:featuredmedia":[{"embeddable":true,"href":"https:\/\/granada.salesianos.edu\/colegio\/wp-json\/wp\/v2\/media\/19336"}],"wp:attachment":[{"href":"https:\/\/granada.salesianos.edu\/colegio\/wp-json\/wp\/v2\/media?parent=19327"}],"wp:term":[{"taxonomy":"category","embeddable":true,"href":"https:\/\/granada.salesianos.edu\/colegio\/wp-json\/wp\/v2\/categories?post=19327"},{"taxonomy":"post_tag","embeddable":true,"href":"https:\/\/granada.salesianos.edu\/colegio\/wp-json\/wp\/v2\/tags?post=19327"}],"curies":[{"name":"wp","href":"https:\/\/api.w.org\/{rel}","templated":true}]}}