{"id":19440,"date":"2024-10-18T09:00:03","date_gmt":"2024-10-18T07:00:03","guid":{"rendered":"https:\/\/granada.salesianos.edu\/colegio\/?p=19440"},"modified":"2024-10-27T09:18:57","modified_gmt":"2024-10-27T07:18:57","slug":"formacion1ano","status":"publish","type":"post","link":"https:\/\/granada.salesianos.edu\/colegio\/blog\/formacion1ano\/","title":{"rendered":"Formaci\u00f3n profesorado en M\u00e1laga"},"content":{"rendered":"<div id=\"fb-root\"><\/div>\n<p>[et_pb_section fb_built=\u00bb1&#8243; admin_label=\u00bbsection\u00bb _builder_version=\u00bb4.16&#8243; global_colors_info=\u00bb{}\u00bb][et_pb_row _builder_version=\u00bb4.27.0&#8243; _module_preset=\u00bbdefault\u00bb global_colors_info=\u00bb{}\u00bb][et_pb_column type=\u00bb4_4&#8243; _builder_version=\u00bb4.27.0&#8243; _module_preset=\u00bbdefault\u00bb global_colors_info=\u00bb{}\u00bb][et_pb_text _builder_version=\u00bb4.27.2&#8243; _module_preset=\u00bbdefault\u00bb global_colors_info=\u00bb{}\u00bb]<\/p>\n<div>\n<p>En esta semana m\u00e1s de un centenar de docentes de nueva incorporaci\u00f3n han participado en la formaci\u00f3n inicial para segundo a\u00f1o que se imparti\u00f3 en M\u00e1laga. De este centenar dos de nuestros docente recibieron esta formaci\u00f3n para similar conocimientos y as\u00ed llevarlos a las aulas de nuestro colegio para nuestro alumnado. Dicha actividad fue celebrada en la casa Diocesana de espiritualidad Beato Manuel Gonz\u00e1lez y la tem\u00e1tica fue enfocada en la\u00a0<b>relaci\u00f3n educativa salesiana en la escuela\u00a0<\/b>dise\u00f1ado por el equipo coordinador de Escuelas, e impartido por Luis Miguel Notario, Joaqu\u00edn Mart\u00edn, Andr\u00e9s Corbacho, adem\u00e1s del salesiano Pablo Faccia. Los puntos esenciales trabajados fueron<span class=\"Apple-converted-space\">\u00a0 <\/span>\u2018El educador de la Escuela Salesiana\u2019, \u2018El modelo de persona\u2019, \u2018La Pastoral en la Escuela\u2019 y \u2018Los salesianos en el mundo\u2019, entre otros.<\/p>\n<p>.\u00a0<\/p><\/div>\n<div>\n<div>\n<div>\n<div>\n<div>\n<h3>\u00a0<\/h3>\n<h3>\u00a0<\/h3>\n<h3>\u00a0<\/h3>\n<p>&nbsp;<\/p>\n<\/div>\n<\/div>\n<\/div>\n<\/div>\n<\/div>\n<div>\u00a0<\/div>\n<p>[\/et_pb_text][et_pb_gallery gallery_ids=\u00bb19444,19445,19446,19447,19448,19449,19450&#8243; show_title_and_caption=\u00bboff\u00bb _builder_version=\u00bb4.27.2&#8243; _module_preset=\u00bbdefault\u00bb global_colors_info=\u00bb{}\u00bb][\/et_pb_gallery][et_pb_gallery gallery_ids=\u00bb66252,66253,66254,66255,66256,66257,66258&#8243; show_title_and_caption=\u00bboff\u00bb _builder_version=\u00bb4.27.2&#8243; _module_preset=\u00bbdefault\u00bb global_colors_info=\u00bb{}\u00bb][\/et_pb_gallery][\/et_pb_column][\/et_pb_row][et_pb_row _builder_version=\u00bb4.27.0&#8243; _module_preset=\u00bbdefault\u00bb global_colors_info=\u00bb{}\u00bb][et_pb_column type=\u00bb4_4&#8243; _builder_version=\u00bb4.27.0&#8243; _module_preset=\u00bbdefault\u00bb global_colors_info=\u00bb{}\u00bb][\/et_pb_column][\/et_pb_row][\/et_pb_section]<\/p>\n","protected":false},"excerpt":{"rendered":"<p>Formaci\u00f3n profesorado 1\u00ba A\u00f1o<\/p>\n","protected":false},"author":2,"featured_media":19441,"comment_status":"open","ping_status":"open","sticky":false,"template":"","format":"standard","meta":{"_et_pb_use_builder":"on","_et_pb_old_content":"","_et_gb_content_width":"","footnotes":""},"categories":[57,10,72,11,19,21,26,23,22],"tags":[],"class_list":["post-19440","post","type-post","status-publish","format-standard","has-post-thumbnail","hentry","category-bachillerato","category-centro-juvenil","category-club-deportivo","category-colegio","category-eso","category-fp","category-infantil","category-pastoral","category-primaria"],"yoast_head":"<!-- This site is optimized with the Yoast SEO plugin v28.4 - https:\/\/yoast.com\/product\/yoast-seo-wordpress\/ -->\n<title>Formaci\u00f3n profesorado en M\u00e1laga - Colegio Salesiano<\/title>\n<meta name=\"description\" content=\"Aqu\u00ed puedes conocer toda la informaci\u00f3n sobre el inicio de curso 24-25 en Salesianos Granada: inicio de clases, calendario escolar, libros, ex\u00e1menes de septiembre 1\u00ba bto, venta de libros...\" \/>\n<meta name=\"robots\" content=\"index, follow, max-snippet:-1, max-image-preview:large, max-video-preview:-1\" \/>\n<link rel=\"canonical\" href=\"https:\/\/granada.salesianos.edu\/colegio\/blog\/formacion1ano\/\" \/>\n<meta property=\"og:locale\" content=\"es_ES\" \/>\n<meta property=\"og:type\" content=\"article\" \/>\n<meta property=\"og:title\" content=\"Formaci\u00f3n profesorado en M\u00e1laga - Colegio Salesiano\" \/>\n<meta property=\"og:description\" content=\"Aqu\u00ed puedes conocer toda la informaci\u00f3n sobre el inicio de curso 24-25 en Salesianos Granada: inicio de clases, calendario escolar, libros, ex\u00e1menes de septiembre 1\u00ba bto, venta de libros...\" \/>\n<meta property=\"og:url\" content=\"https:\/\/granada.salesianos.edu\/colegio\/blog\/formacion1ano\/\" \/>\n<meta property=\"og:site_name\" content=\"Colegio Salesiano\" \/>\n<meta property=\"article:publisher\" content=\"https:\/\/www.facebook.com\/SalesianosGR\/\" \/>\n<meta property=\"article:published_time\" content=\"2024-10-18T07:00:03+00:00\" \/>\n<meta property=\"article:modified_time\" content=\"2024-10-27T07:18:57+00:00\" \/>\n<meta property=\"og:image\" content=\"https:\/\/granada.salesianos.edu\/colegio\/wp-content\/uploads\/sites\/2\/2024\/10\/WhatsApp-Image-2024-10-16-at-14.48.41.jpeg\" \/>\n\t<meta property=\"og:image:width\" content=\"1536\" \/>\n\t<meta property=\"og:image:height\" content=\"2048\" \/>\n\t<meta property=\"og:image:type\" content=\"image\/jpeg\" \/>\n<meta name=\"author\" content=\"Gestor Web\" \/>\n<meta name=\"twitter:card\" content=\"summary_large_image\" \/>\n<meta name=\"twitter:creator\" content=\"@GranadaSDB\" \/>\n<meta name=\"twitter:site\" content=\"@GranadaSDB\" \/>\n<meta name=\"twitter:label1\" content=\"Escrito por\" \/>\n\t<meta name=\"twitter:data1\" content=\"Gestor Web\" \/>\n\t<meta name=\"twitter:label2\" content=\"Tiempo de lectura\" \/>\n\t<meta name=\"twitter:data2\" content=\"3 minutos\" \/>\n<script type=\"application\/ld+json\" class=\"yoast-schema-graph\">{\"@context\":\"https:\\\/\\\/schema.org\",\"@graph\":[{\"@type\":\"Article\",\"@id\":\"https:\\\/\\\/granada.salesianos.edu\\\/colegio\\\/blog\\\/formacion1ano\\\/#article\",\"isPartOf\":{\"@id\":\"https:\\\/\\\/granada.salesianos.edu\\\/colegio\\\/blog\\\/formacion1ano\\\/\"},\"author\":{\"name\":\"Gestor Web\",\"@id\":\"https:\\\/\\\/granada.salesianos.edu\\\/colegio\\\/#\\\/schema\\\/person\\\/6392ff2e4bd1e66981d6eab734bbd962\"},\"headline\":\"Formaci\u00f3n profesorado en M\u00e1laga\",\"datePublished\":\"2024-10-18T07:00:03+00:00\",\"dateModified\":\"2024-10-27T07:18:57+00:00\",\"mainEntityOfPage\":{\"@id\":\"https:\\\/\\\/granada.salesianos.edu\\\/colegio\\\/blog\\\/formacion1ano\\\/\"},\"wordCount\":278,\"commentCount\":0,\"publisher\":{\"@id\":\"https:\\\/\\\/granada.salesianos.edu\\\/colegio\\\/#organization\"},\"image\":{\"@id\":\"https:\\\/\\\/granada.salesianos.edu\\\/colegio\\\/blog\\\/formacion1ano\\\/#primaryimage\"},\"thumbnailUrl\":\"https:\\\/\\\/granada.salesianos.edu\\\/colegio\\\/wp-content\\\/uploads\\\/sites\\\/2\\\/2024\\\/10\\\/WhatsApp-Image-2024-10-16-at-14.48.41.jpeg\",\"articleSection\":[\"Bachillerato\",\"Centro Juvenil\",\"Club Deportivo Don Bosco\",\"Colegio\",\"ESO\",\"FP\",\"Infantil\",\"Pastoral\",\"Primaria\"],\"inLanguage\":\"es\",\"potentialAction\":[{\"@type\":\"CommentAction\",\"name\":\"Comment\",\"target\":[\"https:\\\/\\\/granada.salesianos.edu\\\/colegio\\\/blog\\\/formacion1ano\\\/#respond\"]}]},{\"@type\":\"WebPage\",\"@id\":\"https:\\\/\\\/granada.salesianos.edu\\\/colegio\\\/blog\\\/formacion1ano\\\/\",\"url\":\"https:\\\/\\\/granada.salesianos.edu\\\/colegio\\\/blog\\\/formacion1ano\\\/\",\"name\":\"Formaci\u00f3n profesorado en M\u00e1laga - Colegio Salesiano\",\"isPartOf\":{\"@id\":\"https:\\\/\\\/granada.salesianos.edu\\\/colegio\\\/#website\"},\"primaryImageOfPage\":{\"@id\":\"https:\\\/\\\/granada.salesianos.edu\\\/colegio\\\/blog\\\/formacion1ano\\\/#primaryimage\"},\"image\":{\"@id\":\"https:\\\/\\\/granada.salesianos.edu\\\/colegio\\\/blog\\\/formacion1ano\\\/#primaryimage\"},\"thumbnailUrl\":\"https:\\\/\\\/granada.salesianos.edu\\\/colegio\\\/wp-content\\\/uploads\\\/sites\\\/2\\\/2024\\\/10\\\/WhatsApp-Image-2024-10-16-at-14.48.41.jpeg\",\"datePublished\":\"2024-10-18T07:00:03+00:00\",\"dateModified\":\"2024-10-27T07:18:57+00:00\",\"description\":\"Aqu\u00ed puedes conocer toda la informaci\u00f3n sobre el inicio de curso 24-25 en Salesianos Granada: inicio de clases, calendario escolar, libros, ex\u00e1menes de septiembre 1\u00ba bto, venta de libros...\",\"breadcrumb\":{\"@id\":\"https:\\\/\\\/granada.salesianos.edu\\\/colegio\\\/blog\\\/formacion1ano\\\/#breadcrumb\"},\"inLanguage\":\"es\",\"potentialAction\":[{\"@type\":\"ReadAction\",\"target\":[\"https:\\\/\\\/granada.salesianos.edu\\\/colegio\\\/blog\\\/formacion1ano\\\/\"]}]},{\"@type\":\"ImageObject\",\"inLanguage\":\"es\",\"@id\":\"https:\\\/\\\/granada.salesianos.edu\\\/colegio\\\/blog\\\/formacion1ano\\\/#primaryimage\",\"url\":\"https:\\\/\\\/granada.salesianos.edu\\\/colegio\\\/wp-content\\\/uploads\\\/sites\\\/2\\\/2024\\\/10\\\/WhatsApp-Image-2024-10-16-at-14.48.41.jpeg\",\"contentUrl\":\"https:\\\/\\\/granada.salesianos.edu\\\/colegio\\\/wp-content\\\/uploads\\\/sites\\\/2\\\/2024\\\/10\\\/WhatsApp-Image-2024-10-16-at-14.48.41.jpeg\",\"width\":1536,\"height\":2048},{\"@type\":\"BreadcrumbList\",\"@id\":\"https:\\\/\\\/granada.salesianos.edu\\\/colegio\\\/blog\\\/formacion1ano\\\/#breadcrumb\",\"itemListElement\":[{\"@type\":\"ListItem\",\"position\":1,\"name\":\"Portada\",\"item\":\"https:\\\/\\\/granada.salesianos.edu\\\/colegio\\\/\"},{\"@type\":\"ListItem\",\"position\":2,\"name\":\"Formaci\u00f3n profesorado en M\u00e1laga\"}]},{\"@type\":\"WebSite\",\"@id\":\"https:\\\/\\\/granada.salesianos.edu\\\/colegio\\\/#website\",\"url\":\"https:\\\/\\\/granada.salesianos.edu\\\/colegio\\\/\",\"name\":\"Colegio Salesiano\",\"description\":\"P\u00e1gina oficial de Salesianos Granada San Juan Bosco\",\"publisher\":{\"@id\":\"https:\\\/\\\/granada.salesianos.edu\\\/colegio\\\/#organization\"},\"potentialAction\":[{\"@type\":\"SearchAction\",\"target\":{\"@type\":\"EntryPoint\",\"urlTemplate\":\"https:\\\/\\\/granada.salesianos.edu\\\/colegio\\\/?s={search_term_string}\"},\"query-input\":{\"@type\":\"PropertyValueSpecification\",\"valueRequired\":true,\"valueName\":\"search_term_string\"}}],\"inLanguage\":\"es\"},{\"@type\":\"Organization\",\"@id\":\"https:\\\/\\\/granada.salesianos.edu\\\/colegio\\\/#organization\",\"name\":\"Colegio Salesiano San Juan Bosco Granada\",\"url\":\"https:\\\/\\\/granada.salesianos.edu\\\/colegio\\\/\",\"logo\":{\"@type\":\"ImageObject\",\"inLanguage\":\"es\",\"@id\":\"https:\\\/\\\/granada.salesianos.edu\\\/colegio\\\/#\\\/schema\\\/logo\\\/image\\\/\",\"url\":\"https:\\\/\\\/granada.salesianos.edu\\\/colegio\\\/wp-content\\\/uploads\\\/sites\\\/2\\\/2021\\\/01\\\/GRANADAobraVN2.jpg\",\"contentUrl\":\"https:\\\/\\\/granada.salesianos.edu\\\/colegio\\\/wp-content\\\/uploads\\\/sites\\\/2\\\/2021\\\/01\\\/GRANADAobraVN2.jpg\",\"width\":2113,\"height\":1894,\"caption\":\"Colegio Salesiano San Juan Bosco Granada\"},\"image\":{\"@id\":\"https:\\\/\\\/granada.salesianos.edu\\\/colegio\\\/#\\\/schema\\\/logo\\\/image\\\/\"},\"sameAs\":[\"https:\\\/\\\/www.facebook.com\\\/SalesianosGR\\\/\",\"https:\\\/\\\/x.com\\\/GranadaSDB\",\"https:\\\/\\\/www.instagram.com\\\/salesianosgranada\\\/\",\"https:\\\/\\\/www.youtube.com\\\/channel\\\/UChkpZuhCf4Y5rYIcFT3CNxw?view_as=subscriber\"]},{\"@type\":\"Person\",\"@id\":\"https:\\\/\\\/granada.salesianos.edu\\\/colegio\\\/#\\\/schema\\\/person\\\/6392ff2e4bd1e66981d6eab734bbd962\",\"name\":\"Gestor Web\",\"image\":{\"@type\":\"ImageObject\",\"inLanguage\":\"es\",\"@id\":\"https:\\\/\\\/secure.gravatar.com\\\/avatar\\\/160666bb56a01520857079961a824af2b7821d6bad80677c80f2b473fceead1b?s=96&d=mm&r=g\",\"url\":\"https:\\\/\\\/secure.gravatar.com\\\/avatar\\\/160666bb56a01520857079961a824af2b7821d6bad80677c80f2b473fceead1b?s=96&d=mm&r=g\",\"contentUrl\":\"https:\\\/\\\/secure.gravatar.com\\\/avatar\\\/160666bb56a01520857079961a824af2b7821d6bad80677c80f2b473fceead1b?s=96&d=mm&r=g\",\"caption\":\"Gestor Web\"}}]}<\/script>\n<!-- \/ Yoast SEO plugin. -->","yoast_head_json":{"title":"Formaci\u00f3n profesorado en M\u00e1laga - Colegio Salesiano","description":"Aqu\u00ed puedes conocer toda la informaci\u00f3n sobre el inicio de curso 24-25 en Salesianos Granada: inicio de clases, calendario escolar, libros, ex\u00e1menes de septiembre 1\u00ba bto, venta de libros...","robots":{"index":"index","follow":"follow","max-snippet":"max-snippet:-1","max-image-preview":"max-image-preview:large","max-video-preview":"max-video-preview:-1"},"canonical":"https:\/\/granada.salesianos.edu\/colegio\/blog\/formacion1ano\/","og_locale":"es_ES","og_type":"article","og_title":"Formaci\u00f3n profesorado en M\u00e1laga - Colegio Salesiano","og_description":"Aqu\u00ed puedes conocer toda la informaci\u00f3n sobre el inicio de curso 24-25 en Salesianos Granada: inicio de clases, calendario escolar, libros, ex\u00e1menes de septiembre 1\u00ba bto, venta de libros...","og_url":"https:\/\/granada.salesianos.edu\/colegio\/blog\/formacion1ano\/","og_site_name":"Colegio Salesiano","article_publisher":"https:\/\/www.facebook.com\/SalesianosGR\/","article_published_time":"2024-10-18T07:00:03+00:00","article_modified_time":"2024-10-27T07:18:57+00:00","og_image":[{"width":1536,"height":2048,"url":"https:\/\/granada.salesianos.edu\/colegio\/wp-content\/uploads\/sites\/2\/2024\/10\/WhatsApp-Image-2024-10-16-at-14.48.41.jpeg","type":"image\/jpeg"}],"author":"Gestor Web","twitter_card":"summary_large_image","twitter_creator":"@GranadaSDB","twitter_site":"@GranadaSDB","twitter_misc":{"Escrito por":"Gestor Web","Tiempo de lectura":"3 minutos"},"schema":{"@context":"https:\/\/schema.org","@graph":[{"@type":"Article","@id":"https:\/\/granada.salesianos.edu\/colegio\/blog\/formacion1ano\/#article","isPartOf":{"@id":"https:\/\/granada.salesianos.edu\/colegio\/blog\/formacion1ano\/"},"author":{"name":"Gestor Web","@id":"https:\/\/granada.salesianos.edu\/colegio\/#\/schema\/person\/6392ff2e4bd1e66981d6eab734bbd962"},"headline":"Formaci\u00f3n profesorado en M\u00e1laga","datePublished":"2024-10-18T07:00:03+00:00","dateModified":"2024-10-27T07:18:57+00:00","mainEntityOfPage":{"@id":"https:\/\/granada.salesianos.edu\/colegio\/blog\/formacion1ano\/"},"wordCount":278,"commentCount":0,"publisher":{"@id":"https:\/\/granada.salesianos.edu\/colegio\/#organization"},"image":{"@id":"https:\/\/granada.salesianos.edu\/colegio\/blog\/formacion1ano\/#primaryimage"},"thumbnailUrl":"https:\/\/granada.salesianos.edu\/colegio\/wp-content\/uploads\/sites\/2\/2024\/10\/WhatsApp-Image-2024-10-16-at-14.48.41.jpeg","articleSection":["Bachillerato","Centro Juvenil","Club Deportivo Don Bosco","Colegio","ESO","FP","Infantil","Pastoral","Primaria"],"inLanguage":"es","potentialAction":[{"@type":"CommentAction","name":"Comment","target":["https:\/\/granada.salesianos.edu\/colegio\/blog\/formacion1ano\/#respond"]}]},{"@type":"WebPage","@id":"https:\/\/granada.salesianos.edu\/colegio\/blog\/formacion1ano\/","url":"https:\/\/granada.salesianos.edu\/colegio\/blog\/formacion1ano\/","name":"Formaci\u00f3n profesorado en M\u00e1laga - Colegio Salesiano","isPartOf":{"@id":"https:\/\/granada.salesianos.edu\/colegio\/#website"},"primaryImageOfPage":{"@id":"https:\/\/granada.salesianos.edu\/colegio\/blog\/formacion1ano\/#primaryimage"},"image":{"@id":"https:\/\/granada.salesianos.edu\/colegio\/blog\/formacion1ano\/#primaryimage"},"thumbnailUrl":"https:\/\/granada.salesianos.edu\/colegio\/wp-content\/uploads\/sites\/2\/2024\/10\/WhatsApp-Image-2024-10-16-at-14.48.41.jpeg","datePublished":"2024-10-18T07:00:03+00:00","dateModified":"2024-10-27T07:18:57+00:00","description":"Aqu\u00ed puedes conocer toda la informaci\u00f3n sobre el inicio de curso 24-25 en Salesianos Granada: inicio de clases, calendario escolar, libros, ex\u00e1menes de septiembre 1\u00ba bto, venta de libros...","breadcrumb":{"@id":"https:\/\/granada.salesianos.edu\/colegio\/blog\/formacion1ano\/#breadcrumb"},"inLanguage":"es","potentialAction":[{"@type":"ReadAction","target":["https:\/\/granada.salesianos.edu\/colegio\/blog\/formacion1ano\/"]}]},{"@type":"ImageObject","inLanguage":"es","@id":"https:\/\/granada.salesianos.edu\/colegio\/blog\/formacion1ano\/#primaryimage","url":"https:\/\/granada.salesianos.edu\/colegio\/wp-content\/uploads\/sites\/2\/2024\/10\/WhatsApp-Image-2024-10-16-at-14.48.41.jpeg","contentUrl":"https:\/\/granada.salesianos.edu\/colegio\/wp-content\/uploads\/sites\/2\/2024\/10\/WhatsApp-Image-2024-10-16-at-14.48.41.jpeg","width":1536,"height":2048},{"@type":"BreadcrumbList","@id":"https:\/\/granada.salesianos.edu\/colegio\/blog\/formacion1ano\/#breadcrumb","itemListElement":[{"@type":"ListItem","position":1,"name":"Portada","item":"https:\/\/granada.salesianos.edu\/colegio\/"},{"@type":"ListItem","position":2,"name":"Formaci\u00f3n profesorado en M\u00e1laga"}]},{"@type":"WebSite","@id":"https:\/\/granada.salesianos.edu\/colegio\/#website","url":"https:\/\/granada.salesianos.edu\/colegio\/","name":"Colegio Salesiano","description":"P\u00e1gina oficial de Salesianos Granada San Juan Bosco","publisher":{"@id":"https:\/\/granada.salesianos.edu\/colegio\/#organization"},"potentialAction":[{"@type":"SearchAction","target":{"@type":"EntryPoint","urlTemplate":"https:\/\/granada.salesianos.edu\/colegio\/?s={search_term_string}"},"query-input":{"@type":"PropertyValueSpecification","valueRequired":true,"valueName":"search_term_string"}}],"inLanguage":"es"},{"@type":"Organization","@id":"https:\/\/granada.salesianos.edu\/colegio\/#organization","name":"Colegio Salesiano San Juan Bosco Granada","url":"https:\/\/granada.salesianos.edu\/colegio\/","logo":{"@type":"ImageObject","inLanguage":"es","@id":"https:\/\/granada.salesianos.edu\/colegio\/#\/schema\/logo\/image\/","url":"https:\/\/granada.salesianos.edu\/colegio\/wp-content\/uploads\/sites\/2\/2021\/01\/GRANADAobraVN2.jpg","contentUrl":"https:\/\/granada.salesianos.edu\/colegio\/wp-content\/uploads\/sites\/2\/2021\/01\/GRANADAobraVN2.jpg","width":2113,"height":1894,"caption":"Colegio Salesiano San Juan Bosco Granada"},"image":{"@id":"https:\/\/granada.salesianos.edu\/colegio\/#\/schema\/logo\/image\/"},"sameAs":["https:\/\/www.facebook.com\/SalesianosGR\/","https:\/\/x.com\/GranadaSDB","https:\/\/www.instagram.com\/salesianosgranada\/","https:\/\/www.youtube.com\/channel\/UChkpZuhCf4Y5rYIcFT3CNxw?view_as=subscriber"]},{"@type":"Person","@id":"https:\/\/granada.salesianos.edu\/colegio\/#\/schema\/person\/6392ff2e4bd1e66981d6eab734bbd962","name":"Gestor Web","image":{"@type":"ImageObject","inLanguage":"es","@id":"https:\/\/secure.gravatar.com\/avatar\/160666bb56a01520857079961a824af2b7821d6bad80677c80f2b473fceead1b?s=96&d=mm&r=g","url":"https:\/\/secure.gravatar.com\/avatar\/160666bb56a01520857079961a824af2b7821d6bad80677c80f2b473fceead1b?s=96&d=mm&r=g","contentUrl":"https:\/\/secure.gravatar.com\/avatar\/160666bb56a01520857079961a824af2b7821d6bad80677c80f2b473fceead1b?s=96&d=mm&r=g","caption":"Gestor Web"}}]}},"_links":{"self":[{"href":"https:\/\/granada.salesianos.edu\/colegio\/wp-json\/wp\/v2\/posts\/19440","targetHints":{"allow":["GET"]}}],"collection":[{"href":"https:\/\/granada.salesianos.edu\/colegio\/wp-json\/wp\/v2\/posts"}],"about":[{"href":"https:\/\/granada.salesianos.edu\/colegio\/wp-json\/wp\/v2\/types\/post"}],"author":[{"embeddable":true,"href":"https:\/\/granada.salesianos.edu\/colegio\/wp-json\/wp\/v2\/users\/2"}],"replies":[{"embeddable":true,"href":"https:\/\/granada.salesianos.edu\/colegio\/wp-json\/wp\/v2\/comments?post=19440"}],"version-history":[{"count":4,"href":"https:\/\/granada.salesianos.edu\/colegio\/wp-json\/wp\/v2\/posts\/19440\/revisions"}],"predecessor-version":[{"id":19454,"href":"https:\/\/granada.salesianos.edu\/colegio\/wp-json\/wp\/v2\/posts\/19440\/revisions\/19454"}],"wp:featuredmedia":[{"embeddable":true,"href":"https:\/\/granada.salesianos.edu\/colegio\/wp-json\/wp\/v2\/media\/19441"}],"wp:attachment":[{"href":"https:\/\/granada.salesianos.edu\/colegio\/wp-json\/wp\/v2\/media?parent=19440"}],"wp:term":[{"taxonomy":"category","embeddable":true,"href":"https:\/\/granada.salesianos.edu\/colegio\/wp-json\/wp\/v2\/categories?post=19440"},{"taxonomy":"post_tag","embeddable":true,"href":"https:\/\/granada.salesianos.edu\/colegio\/wp-json\/wp\/v2\/tags?post=19440"}],"curies":[{"name":"wp","href":"https:\/\/api.w.org\/{rel}","templated":true}]}}