{"id":19480,"date":"2024-11-04T19:07:09","date_gmt":"2024-11-04T17:07:09","guid":{"rendered":"https:\/\/granada.salesianos.edu\/colegio\/?p=19480"},"modified":"2024-11-04T19:07:17","modified_gmt":"2024-11-04T17:07:17","slug":"danacampana","status":"publish","type":"post","link":"https:\/\/granada.salesianos.edu\/colegio\/blog\/danacampana\/","title":{"rendered":"Campa\u00f1a Emergencia DANA Valencia y Albacete"},"content":{"rendered":"<div id=\"fb-root\"><\/div>\n<p>[et_pb_section fb_built=\u00bb1&#8243; admin_label=\u00bbsection\u00bb _builder_version=\u00bb4.16&#8243; global_colors_info=\u00bb{}\u00bb][et_pb_row _builder_version=\u00bb4.27.2&#8243; _module_preset=\u00bbdefault\u00bb global_colors_info=\u00bb{}\u00bb][et_pb_column type=\u00bb4_4&#8243; _builder_version=\u00bb4.27.0&#8243; _module_preset=\u00bbdefault\u00bb global_colors_info=\u00bb{}\u00bb][et_pb_text _builder_version=\u00bb4.27.2&#8243; _module_preset=\u00bbdefault\u00bb global_colors_info=\u00bb{}\u00bb]<\/p>\n<div>\n<p>&nbsp;<\/p>\n<p>Desde la Casa Salesiana de Granada, La Hermandad del Cristo de la Rendenci\u00f3n y Nuestra Se\u00f1ora de la Salud y la Asociaci\u00f3n de Mar\u00eda Auxiliadora del Zaid\u00edn lanzamos el siguiente comunicado para promover la ayuda en una Campa\u00f1a Extraordinaria con la finalidad de ayudar a la terrible cat\u00e1strofe que han sufrido tantas personas en Valencia y Albacete:<\/p>\n<p>&nbsp;<\/p>\n<p><span style=\"font-size: large;\">Queridas familias,<\/span><\/p>\n<p><span style=\"font-size: large;\">Como bien sab\u00e9is, muchos pueblos de Valencia y Albacete han\u00a0sufrido el fuerte impacto y devastaci\u00f3n causada por la Dana de la semana pasada.<\/span><\/p>\n<p><span style=\"font-size: large;\">Ante esta situaci\u00f3n de necesidad extraordinaria, el colegio\u00a0<\/span><span style=\"font-size: large;\">se pone a disposici\u00f3n para intentar ayudar a los que m\u00e1s sufren en estos\u00a0<\/span><span style=\"font-size: large;\">momentos.<\/span><\/p>\n<p>&nbsp;<\/p>\n<p><span style=\"font-size: large;\">Como Comunidad Educativo-Pastoral vamos a organizar\u00a0<b>3\u00a0d\u00edas de recogida de productos<\/b>\u00a0en el centro. Dicha recogida ser\u00e1\u00a0transportada directamente a Valencia a trav\u00e9s de voluntarios de la Hermandad\u00a0Salesiana del Cristo de la Redenci\u00f3n y Nuestra Se\u00f1ora de la Salud, con la que\u00a0tambi\u00e9n est\u00e1n colaborando la Asociaci\u00f3n de Mar\u00eda Auxiliadora del Zaid\u00edn y el\u00a0Centro Juvenil de nuestro colegio.<\/span><\/p>\n<p>&nbsp;<\/p>\n<p><span style=\"font-size: large;\">Hay dos formas directas de colaborar:<\/span><\/p>\n<p>&nbsp;<\/p>\n<p><span style=\"font-size: large;\">1)\u00a0\u00a0A trav\u00e9s de una\u00a0<b>donaci\u00f3n econ\u00f3mica a C\u00e1ritas<\/b>.Ya que en estos momentos las parroquias de cada pueblo saben de primera mano\u00a0las necesidades de cada poblaci\u00f3n.<\/span><\/p>\n<p>&nbsp;<\/p>\n<p>Se puede hacer a trav\u00e9s de la p\u00e1gina web:\u00a0<a href=\"http:\/\/www.xn--critas-pta.es\/\" target=\"_blank\" rel=\"noopener\">www.c\u00e1ritas.es<\/a><\/p>\n<p><span style=\"font-size: 14px;\">Y a estos n\u00fameros de cuenta:<\/span><\/p>\n<p>&nbsp;<\/p>\n<p><span style=\"font-size: large;\">SANTANDER<br \/>ES4500491892642110553738<\/span><\/p>\n<p>&nbsp;<\/p>\n<p><span style=\"font-size: large;\">SABADELL<br \/>ES5400810216700002187226<\/span><\/p>\n<p>&nbsp;<\/p>\n<p><span style=\"font-size: large;\">CAIXABANK\u00a0 \u00a0 \u00a0 \u00a0 \u00a0 \u00a0 <\/span><\/p>\n<p><span style=\"font-size: large;\">ES7821005731790200511750<\/span><\/p>\n<p>&nbsp;<\/p>\n<p><span style=\"font-size: large;\">BIZUM: 00089<\/span><\/p>\n<p>&nbsp;<\/p>\n<p>2)\u00a0Trayendo al cole en los turnos de recogida (<b>de\u00a08.00 a 8.10 y de 8.50 a 9.00<\/b>) a la\u00a0<b>sala de Familia Salesiana<\/b>\u00a0(a la\u00a0entrada del colegio junto al parking de bicicletas) cualquiera de los siguientes\u00a0productos (los m\u00e1s necesarios en estos momentos).<\/p>\n<p>&nbsp;<\/p>\n<p><b><span style=\"font-size: large;\">PRODUCTOS: pa\u00f1ales para beb\u00e9s, potitos y\u00a0leche en brik para beb\u00e9s, pa\u00f1ales para adultos, productos de higiene personal\u00a0(gel\/champ\u00fa\/pasta de dientes\/cepillos de dientes), papel higi\u00e9nico, toallitas\u00a0de beb\u00e9, bolsas de basura tama\u00f1o XXL, productos de la limpieza (lej\u00eda,\u00a0amoniaco, guantes), leche, leche sin lactosa, conservas, sopas.<\/span><\/b><\/p>\n<p>&nbsp;<\/p>\n<p>Os pedimos encarecidamente que\u00a0<b><u>NO\u00a0TRAIG\u00c1IS ROPA<\/u><\/b>.<\/p>\n<p>&nbsp;<\/p>\n<p>Los d\u00edas de recogida son:\u00a0<b>MARTES 5,\u00a0MI\u00c9RCOLES 6 Y JUEVES 7 DE NOVIEMBRE<\/b>.<\/p>\n<p>&nbsp;<\/p>\n<p>Igualmente os pedimos que si pod\u00e9is aportar\u00a0cajas de cart\u00f3n medianas y grandes en buen estado nos servir\u00e1n para organizar todo lo donado.<\/p>\n<p>&nbsp;<\/p>\n<p><span style=\"font-size: large;\">Os agradecemos de antemano vuestra gran\u00a0solidaridad en estos momentos en los que lo mejor que tenemos son las personas<br \/>y cuidar de ellas<\/span><\/p>\n<p>.<\/p>\n<\/div>\n<div>\n<div>\n<div>\n<div>\n<h3>\u00a0<\/h3>\n<h3>\u00a0<\/h3>\n<h3>\u00a0<\/h3>\n<p>&nbsp;<\/p>\n<\/div>\n<\/div>\n<\/div>\n<\/div>\n<p>&nbsp;<\/p>\n<p>[\/et_pb_text][\/et_pb_column][\/et_pb_row][et_pb_row _builder_version=\u00bb4.27.0&#8243; _module_preset=\u00bbdefault\u00bb global_colors_info=\u00bb{}\u00bb][et_pb_column type=\u00bb4_4&#8243; _builder_version=\u00bb4.27.0&#8243; _module_preset=\u00bbdefault\u00bb global_colors_info=\u00bb{}\u00bb][\/et_pb_column][\/et_pb_row][\/et_pb_section]<\/p>\n","protected":false},"excerpt":{"rendered":"<p>Colaboraci\u00f3n para los da\u00f1os causados por la DANA<\/p>\n","protected":false},"author":2,"featured_media":19481,"comment_status":"open","ping_status":"open","sticky":false,"template":"","format":"standard","meta":{"_et_pb_use_builder":"on","_et_pb_old_content":"","_et_gb_content_width":"","footnotes":""},"categories":[10,11,13],"tags":[],"class_list":["post-19480","post","type-post","status-publish","format-standard","has-post-thumbnail","hentry","category-centro-juvenil","category-colegio","category-familia-salesiana"],"yoast_head":"<!-- This site is optimized with the Yoast SEO plugin v28.4 - https:\/\/yoast.com\/product\/yoast-seo-wordpress\/ -->\n<title>Campa\u00f1a Emergencia DANA Valencia y Albacete - Colegio Salesiano<\/title>\n<meta name=\"description\" content=\"Aqu\u00ed puedes conocer toda la informaci\u00f3n sobre el inicio de curso 24-25 en Salesianos Granada: inicio de clases, calendario escolar, libros, ex\u00e1menes de septiembre 1\u00ba bto, venta de libros...\" \/>\n<meta name=\"robots\" content=\"index, follow, max-snippet:-1, max-image-preview:large, max-video-preview:-1\" \/>\n<link rel=\"canonical\" href=\"https:\/\/granada.salesianos.edu\/colegio\/blog\/danacampana\/\" \/>\n<meta property=\"og:locale\" content=\"es_ES\" \/>\n<meta property=\"og:type\" content=\"article\" \/>\n<meta property=\"og:title\" content=\"Campa\u00f1a Emergencia DANA Valencia y Albacete - Colegio Salesiano\" \/>\n<meta property=\"og:description\" content=\"Aqu\u00ed puedes conocer toda la informaci\u00f3n sobre el inicio de curso 24-25 en Salesianos Granada: inicio de clases, calendario escolar, libros, ex\u00e1menes de septiembre 1\u00ba bto, venta de libros...\" \/>\n<meta property=\"og:url\" content=\"https:\/\/granada.salesianos.edu\/colegio\/blog\/danacampana\/\" \/>\n<meta property=\"og:site_name\" content=\"Colegio Salesiano\" \/>\n<meta property=\"article:publisher\" content=\"https:\/\/www.facebook.com\/SalesianosGR\/\" \/>\n<meta property=\"article:published_time\" content=\"2024-11-04T17:07:09+00:00\" \/>\n<meta property=\"article:modified_time\" content=\"2024-11-04T17:07:17+00:00\" \/>\n<meta property=\"og:image\" content=\"https:\/\/granada.salesianos.edu\/colegio\/wp-content\/uploads\/sites\/2\/2024\/11\/WhatsApp-Image-2024-11-04-at-17.50.33.jpeg\" \/>\n\t<meta property=\"og:image:width\" content=\"430\" \/>\n\t<meta property=\"og:image:height\" content=\"764\" \/>\n\t<meta property=\"og:image:type\" content=\"image\/jpeg\" \/>\n<meta name=\"author\" content=\"Gestor Web\" \/>\n<meta name=\"twitter:card\" content=\"summary_large_image\" \/>\n<meta name=\"twitter:creator\" content=\"@GranadaSDB\" \/>\n<meta name=\"twitter:site\" content=\"@GranadaSDB\" \/>\n<meta name=\"twitter:label1\" content=\"Escrito por\" \/>\n\t<meta name=\"twitter:data1\" content=\"Gestor Web\" \/>\n\t<meta name=\"twitter:label2\" content=\"Tiempo de lectura\" \/>\n\t<meta name=\"twitter:data2\" content=\"3 minutos\" \/>\n<script type=\"application\/ld+json\" class=\"yoast-schema-graph\">{\"@context\":\"https:\\\/\\\/schema.org\",\"@graph\":[{\"@type\":\"Article\",\"@id\":\"https:\\\/\\\/granada.salesianos.edu\\\/colegio\\\/blog\\\/danacampana\\\/#article\",\"isPartOf\":{\"@id\":\"https:\\\/\\\/granada.salesianos.edu\\\/colegio\\\/blog\\\/danacampana\\\/\"},\"author\":{\"name\":\"Gestor Web\",\"@id\":\"https:\\\/\\\/granada.salesianos.edu\\\/colegio\\\/#\\\/schema\\\/person\\\/6392ff2e4bd1e66981d6eab734bbd962\"},\"headline\":\"Campa\u00f1a Emergencia DANA Valencia y Albacete\",\"datePublished\":\"2024-11-04T17:07:09+00:00\",\"dateModified\":\"2024-11-04T17:07:17+00:00\",\"mainEntityOfPage\":{\"@id\":\"https:\\\/\\\/granada.salesianos.edu\\\/colegio\\\/blog\\\/danacampana\\\/\"},\"wordCount\":532,\"commentCount\":0,\"publisher\":{\"@id\":\"https:\\\/\\\/granada.salesianos.edu\\\/colegio\\\/#organization\"},\"image\":{\"@id\":\"https:\\\/\\\/granada.salesianos.edu\\\/colegio\\\/blog\\\/danacampana\\\/#primaryimage\"},\"thumbnailUrl\":\"https:\\\/\\\/granada.salesianos.edu\\\/colegio\\\/wp-content\\\/uploads\\\/sites\\\/2\\\/2024\\\/11\\\/WhatsApp-Image-2024-11-04-at-17.50.33.jpeg\",\"articleSection\":[\"Centro Juvenil\",\"Colegio\",\"Familia Salesiana\"],\"inLanguage\":\"es\",\"potentialAction\":[{\"@type\":\"CommentAction\",\"name\":\"Comment\",\"target\":[\"https:\\\/\\\/granada.salesianos.edu\\\/colegio\\\/blog\\\/danacampana\\\/#respond\"]}]},{\"@type\":\"WebPage\",\"@id\":\"https:\\\/\\\/granada.salesianos.edu\\\/colegio\\\/blog\\\/danacampana\\\/\",\"url\":\"https:\\\/\\\/granada.salesianos.edu\\\/colegio\\\/blog\\\/danacampana\\\/\",\"name\":\"Campa\u00f1a Emergencia DANA Valencia y Albacete - Colegio Salesiano\",\"isPartOf\":{\"@id\":\"https:\\\/\\\/granada.salesianos.edu\\\/colegio\\\/#website\"},\"primaryImageOfPage\":{\"@id\":\"https:\\\/\\\/granada.salesianos.edu\\\/colegio\\\/blog\\\/danacampana\\\/#primaryimage\"},\"image\":{\"@id\":\"https:\\\/\\\/granada.salesianos.edu\\\/colegio\\\/blog\\\/danacampana\\\/#primaryimage\"},\"thumbnailUrl\":\"https:\\\/\\\/granada.salesianos.edu\\\/colegio\\\/wp-content\\\/uploads\\\/sites\\\/2\\\/2024\\\/11\\\/WhatsApp-Image-2024-11-04-at-17.50.33.jpeg\",\"datePublished\":\"2024-11-04T17:07:09+00:00\",\"dateModified\":\"2024-11-04T17:07:17+00:00\",\"description\":\"Aqu\u00ed puedes conocer toda la informaci\u00f3n sobre el inicio de curso 24-25 en Salesianos Granada: inicio de clases, calendario escolar, libros, ex\u00e1menes de septiembre 1\u00ba bto, venta de libros...\",\"breadcrumb\":{\"@id\":\"https:\\\/\\\/granada.salesianos.edu\\\/colegio\\\/blog\\\/danacampana\\\/#breadcrumb\"},\"inLanguage\":\"es\",\"potentialAction\":[{\"@type\":\"ReadAction\",\"target\":[\"https:\\\/\\\/granada.salesianos.edu\\\/colegio\\\/blog\\\/danacampana\\\/\"]}]},{\"@type\":\"ImageObject\",\"inLanguage\":\"es\",\"@id\":\"https:\\\/\\\/granada.salesianos.edu\\\/colegio\\\/blog\\\/danacampana\\\/#primaryimage\",\"url\":\"https:\\\/\\\/granada.salesianos.edu\\\/colegio\\\/wp-content\\\/uploads\\\/sites\\\/2\\\/2024\\\/11\\\/WhatsApp-Image-2024-11-04-at-17.50.33.jpeg\",\"contentUrl\":\"https:\\\/\\\/granada.salesianos.edu\\\/colegio\\\/wp-content\\\/uploads\\\/sites\\\/2\\\/2024\\\/11\\\/WhatsApp-Image-2024-11-04-at-17.50.33.jpeg\",\"width\":430,\"height\":764},{\"@type\":\"BreadcrumbList\",\"@id\":\"https:\\\/\\\/granada.salesianos.edu\\\/colegio\\\/blog\\\/danacampana\\\/#breadcrumb\",\"itemListElement\":[{\"@type\":\"ListItem\",\"position\":1,\"name\":\"Portada\",\"item\":\"https:\\\/\\\/granada.salesianos.edu\\\/colegio\\\/\"},{\"@type\":\"ListItem\",\"position\":2,\"name\":\"Campa\u00f1a Emergencia DANA Valencia y Albacete\"}]},{\"@type\":\"WebSite\",\"@id\":\"https:\\\/\\\/granada.salesianos.edu\\\/colegio\\\/#website\",\"url\":\"https:\\\/\\\/granada.salesianos.edu\\\/colegio\\\/\",\"name\":\"Colegio Salesiano\",\"description\":\"P\u00e1gina oficial de Salesianos Granada San Juan Bosco\",\"publisher\":{\"@id\":\"https:\\\/\\\/granada.salesianos.edu\\\/colegio\\\/#organization\"},\"potentialAction\":[{\"@type\":\"SearchAction\",\"target\":{\"@type\":\"EntryPoint\",\"urlTemplate\":\"https:\\\/\\\/granada.salesianos.edu\\\/colegio\\\/?s={search_term_string}\"},\"query-input\":{\"@type\":\"PropertyValueSpecification\",\"valueRequired\":true,\"valueName\":\"search_term_string\"}}],\"inLanguage\":\"es\"},{\"@type\":\"Organization\",\"@id\":\"https:\\\/\\\/granada.salesianos.edu\\\/colegio\\\/#organization\",\"name\":\"Colegio Salesiano San Juan Bosco Granada\",\"url\":\"https:\\\/\\\/granada.salesianos.edu\\\/colegio\\\/\",\"logo\":{\"@type\":\"ImageObject\",\"inLanguage\":\"es\",\"@id\":\"https:\\\/\\\/granada.salesianos.edu\\\/colegio\\\/#\\\/schema\\\/logo\\\/image\\\/\",\"url\":\"https:\\\/\\\/granada.salesianos.edu\\\/colegio\\\/wp-content\\\/uploads\\\/sites\\\/2\\\/2021\\\/01\\\/GRANADAobraVN2.jpg\",\"contentUrl\":\"https:\\\/\\\/granada.salesianos.edu\\\/colegio\\\/wp-content\\\/uploads\\\/sites\\\/2\\\/2021\\\/01\\\/GRANADAobraVN2.jpg\",\"width\":2113,\"height\":1894,\"caption\":\"Colegio Salesiano San Juan Bosco Granada\"},\"image\":{\"@id\":\"https:\\\/\\\/granada.salesianos.edu\\\/colegio\\\/#\\\/schema\\\/logo\\\/image\\\/\"},\"sameAs\":[\"https:\\\/\\\/www.facebook.com\\\/SalesianosGR\\\/\",\"https:\\\/\\\/x.com\\\/GranadaSDB\",\"https:\\\/\\\/www.instagram.com\\\/salesianosgranada\\\/\",\"https:\\\/\\\/www.youtube.com\\\/channel\\\/UChkpZuhCf4Y5rYIcFT3CNxw?view_as=subscriber\"]},{\"@type\":\"Person\",\"@id\":\"https:\\\/\\\/granada.salesianos.edu\\\/colegio\\\/#\\\/schema\\\/person\\\/6392ff2e4bd1e66981d6eab734bbd962\",\"name\":\"Gestor Web\",\"image\":{\"@type\":\"ImageObject\",\"inLanguage\":\"es\",\"@id\":\"https:\\\/\\\/secure.gravatar.com\\\/avatar\\\/160666bb56a01520857079961a824af2b7821d6bad80677c80f2b473fceead1b?s=96&d=mm&r=g\",\"url\":\"https:\\\/\\\/secure.gravatar.com\\\/avatar\\\/160666bb56a01520857079961a824af2b7821d6bad80677c80f2b473fceead1b?s=96&d=mm&r=g\",\"contentUrl\":\"https:\\\/\\\/secure.gravatar.com\\\/avatar\\\/160666bb56a01520857079961a824af2b7821d6bad80677c80f2b473fceead1b?s=96&d=mm&r=g\",\"caption\":\"Gestor Web\"}}]}<\/script>\n<!-- \/ Yoast SEO plugin. -->","yoast_head_json":{"title":"Campa\u00f1a Emergencia DANA Valencia y Albacete - Colegio Salesiano","description":"Aqu\u00ed puedes conocer toda la informaci\u00f3n sobre el inicio de curso 24-25 en Salesianos Granada: inicio de clases, calendario escolar, libros, ex\u00e1menes de septiembre 1\u00ba bto, venta de libros...","robots":{"index":"index","follow":"follow","max-snippet":"max-snippet:-1","max-image-preview":"max-image-preview:large","max-video-preview":"max-video-preview:-1"},"canonical":"https:\/\/granada.salesianos.edu\/colegio\/blog\/danacampana\/","og_locale":"es_ES","og_type":"article","og_title":"Campa\u00f1a Emergencia DANA Valencia y Albacete - Colegio Salesiano","og_description":"Aqu\u00ed puedes conocer toda la informaci\u00f3n sobre el inicio de curso 24-25 en Salesianos Granada: inicio de clases, calendario escolar, libros, ex\u00e1menes de septiembre 1\u00ba bto, venta de libros...","og_url":"https:\/\/granada.salesianos.edu\/colegio\/blog\/danacampana\/","og_site_name":"Colegio Salesiano","article_publisher":"https:\/\/www.facebook.com\/SalesianosGR\/","article_published_time":"2024-11-04T17:07:09+00:00","article_modified_time":"2024-11-04T17:07:17+00:00","og_image":[{"width":430,"height":764,"url":"https:\/\/granada.salesianos.edu\/colegio\/wp-content\/uploads\/sites\/2\/2024\/11\/WhatsApp-Image-2024-11-04-at-17.50.33.jpeg","type":"image\/jpeg"}],"author":"Gestor Web","twitter_card":"summary_large_image","twitter_creator":"@GranadaSDB","twitter_site":"@GranadaSDB","twitter_misc":{"Escrito por":"Gestor Web","Tiempo de lectura":"3 minutos"},"schema":{"@context":"https:\/\/schema.org","@graph":[{"@type":"Article","@id":"https:\/\/granada.salesianos.edu\/colegio\/blog\/danacampana\/#article","isPartOf":{"@id":"https:\/\/granada.salesianos.edu\/colegio\/blog\/danacampana\/"},"author":{"name":"Gestor Web","@id":"https:\/\/granada.salesianos.edu\/colegio\/#\/schema\/person\/6392ff2e4bd1e66981d6eab734bbd962"},"headline":"Campa\u00f1a Emergencia DANA Valencia y Albacete","datePublished":"2024-11-04T17:07:09+00:00","dateModified":"2024-11-04T17:07:17+00:00","mainEntityOfPage":{"@id":"https:\/\/granada.salesianos.edu\/colegio\/blog\/danacampana\/"},"wordCount":532,"commentCount":0,"publisher":{"@id":"https:\/\/granada.salesianos.edu\/colegio\/#organization"},"image":{"@id":"https:\/\/granada.salesianos.edu\/colegio\/blog\/danacampana\/#primaryimage"},"thumbnailUrl":"https:\/\/granada.salesianos.edu\/colegio\/wp-content\/uploads\/sites\/2\/2024\/11\/WhatsApp-Image-2024-11-04-at-17.50.33.jpeg","articleSection":["Centro Juvenil","Colegio","Familia Salesiana"],"inLanguage":"es","potentialAction":[{"@type":"CommentAction","name":"Comment","target":["https:\/\/granada.salesianos.edu\/colegio\/blog\/danacampana\/#respond"]}]},{"@type":"WebPage","@id":"https:\/\/granada.salesianos.edu\/colegio\/blog\/danacampana\/","url":"https:\/\/granada.salesianos.edu\/colegio\/blog\/danacampana\/","name":"Campa\u00f1a Emergencia DANA Valencia y Albacete - Colegio Salesiano","isPartOf":{"@id":"https:\/\/granada.salesianos.edu\/colegio\/#website"},"primaryImageOfPage":{"@id":"https:\/\/granada.salesianos.edu\/colegio\/blog\/danacampana\/#primaryimage"},"image":{"@id":"https:\/\/granada.salesianos.edu\/colegio\/blog\/danacampana\/#primaryimage"},"thumbnailUrl":"https:\/\/granada.salesianos.edu\/colegio\/wp-content\/uploads\/sites\/2\/2024\/11\/WhatsApp-Image-2024-11-04-at-17.50.33.jpeg","datePublished":"2024-11-04T17:07:09+00:00","dateModified":"2024-11-04T17:07:17+00:00","description":"Aqu\u00ed puedes conocer toda la informaci\u00f3n sobre el inicio de curso 24-25 en Salesianos Granada: inicio de clases, calendario escolar, libros, ex\u00e1menes de septiembre 1\u00ba bto, venta de libros...","breadcrumb":{"@id":"https:\/\/granada.salesianos.edu\/colegio\/blog\/danacampana\/#breadcrumb"},"inLanguage":"es","potentialAction":[{"@type":"ReadAction","target":["https:\/\/granada.salesianos.edu\/colegio\/blog\/danacampana\/"]}]},{"@type":"ImageObject","inLanguage":"es","@id":"https:\/\/granada.salesianos.edu\/colegio\/blog\/danacampana\/#primaryimage","url":"https:\/\/granada.salesianos.edu\/colegio\/wp-content\/uploads\/sites\/2\/2024\/11\/WhatsApp-Image-2024-11-04-at-17.50.33.jpeg","contentUrl":"https:\/\/granada.salesianos.edu\/colegio\/wp-content\/uploads\/sites\/2\/2024\/11\/WhatsApp-Image-2024-11-04-at-17.50.33.jpeg","width":430,"height":764},{"@type":"BreadcrumbList","@id":"https:\/\/granada.salesianos.edu\/colegio\/blog\/danacampana\/#breadcrumb","itemListElement":[{"@type":"ListItem","position":1,"name":"Portada","item":"https:\/\/granada.salesianos.edu\/colegio\/"},{"@type":"ListItem","position":2,"name":"Campa\u00f1a Emergencia DANA Valencia y Albacete"}]},{"@type":"WebSite","@id":"https:\/\/granada.salesianos.edu\/colegio\/#website","url":"https:\/\/granada.salesianos.edu\/colegio\/","name":"Colegio Salesiano","description":"P\u00e1gina oficial de Salesianos Granada San Juan Bosco","publisher":{"@id":"https:\/\/granada.salesianos.edu\/colegio\/#organization"},"potentialAction":[{"@type":"SearchAction","target":{"@type":"EntryPoint","urlTemplate":"https:\/\/granada.salesianos.edu\/colegio\/?s={search_term_string}"},"query-input":{"@type":"PropertyValueSpecification","valueRequired":true,"valueName":"search_term_string"}}],"inLanguage":"es"},{"@type":"Organization","@id":"https:\/\/granada.salesianos.edu\/colegio\/#organization","name":"Colegio Salesiano San Juan Bosco Granada","url":"https:\/\/granada.salesianos.edu\/colegio\/","logo":{"@type":"ImageObject","inLanguage":"es","@id":"https:\/\/granada.salesianos.edu\/colegio\/#\/schema\/logo\/image\/","url":"https:\/\/granada.salesianos.edu\/colegio\/wp-content\/uploads\/sites\/2\/2021\/01\/GRANADAobraVN2.jpg","contentUrl":"https:\/\/granada.salesianos.edu\/colegio\/wp-content\/uploads\/sites\/2\/2021\/01\/GRANADAobraVN2.jpg","width":2113,"height":1894,"caption":"Colegio Salesiano San Juan Bosco Granada"},"image":{"@id":"https:\/\/granada.salesianos.edu\/colegio\/#\/schema\/logo\/image\/"},"sameAs":["https:\/\/www.facebook.com\/SalesianosGR\/","https:\/\/x.com\/GranadaSDB","https:\/\/www.instagram.com\/salesianosgranada\/","https:\/\/www.youtube.com\/channel\/UChkpZuhCf4Y5rYIcFT3CNxw?view_as=subscriber"]},{"@type":"Person","@id":"https:\/\/granada.salesianos.edu\/colegio\/#\/schema\/person\/6392ff2e4bd1e66981d6eab734bbd962","name":"Gestor Web","image":{"@type":"ImageObject","inLanguage":"es","@id":"https:\/\/secure.gravatar.com\/avatar\/160666bb56a01520857079961a824af2b7821d6bad80677c80f2b473fceead1b?s=96&d=mm&r=g","url":"https:\/\/secure.gravatar.com\/avatar\/160666bb56a01520857079961a824af2b7821d6bad80677c80f2b473fceead1b?s=96&d=mm&r=g","contentUrl":"https:\/\/secure.gravatar.com\/avatar\/160666bb56a01520857079961a824af2b7821d6bad80677c80f2b473fceead1b?s=96&d=mm&r=g","caption":"Gestor Web"}}]}},"_links":{"self":[{"href":"https:\/\/granada.salesianos.edu\/colegio\/wp-json\/wp\/v2\/posts\/19480","targetHints":{"allow":["GET"]}}],"collection":[{"href":"https:\/\/granada.salesianos.edu\/colegio\/wp-json\/wp\/v2\/posts"}],"about":[{"href":"https:\/\/granada.salesianos.edu\/colegio\/wp-json\/wp\/v2\/types\/post"}],"author":[{"embeddable":true,"href":"https:\/\/granada.salesianos.edu\/colegio\/wp-json\/wp\/v2\/users\/2"}],"replies":[{"embeddable":true,"href":"https:\/\/granada.salesianos.edu\/colegio\/wp-json\/wp\/v2\/comments?post=19480"}],"version-history":[{"count":2,"href":"https:\/\/granada.salesianos.edu\/colegio\/wp-json\/wp\/v2\/posts\/19480\/revisions"}],"predecessor-version":[{"id":19483,"href":"https:\/\/granada.salesianos.edu\/colegio\/wp-json\/wp\/v2\/posts\/19480\/revisions\/19483"}],"wp:featuredmedia":[{"embeddable":true,"href":"https:\/\/granada.salesianos.edu\/colegio\/wp-json\/wp\/v2\/media\/19481"}],"wp:attachment":[{"href":"https:\/\/granada.salesianos.edu\/colegio\/wp-json\/wp\/v2\/media?parent=19480"}],"wp:term":[{"taxonomy":"category","embeddable":true,"href":"https:\/\/granada.salesianos.edu\/colegio\/wp-json\/wp\/v2\/categories?post=19480"},{"taxonomy":"post_tag","embeddable":true,"href":"https:\/\/granada.salesianos.edu\/colegio\/wp-json\/wp\/v2\/tags?post=19480"}],"curies":[{"name":"wp","href":"https:\/\/api.w.org\/{rel}","templated":true}]}}