{"id":19501,"date":"2024-11-13T22:24:40","date_gmt":"2024-11-13T20:24:40","guid":{"rendered":"https:\/\/granada.salesianos.edu\/colegio\/?p=19501"},"modified":"2024-11-22T12:25:42","modified_gmt":"2024-11-22T10:25:42","slug":"erasmusonline","status":"publish","type":"post","link":"https:\/\/granada.salesianos.edu\/colegio\/blog\/erasmusonline\/","title":{"rendered":"Organizaci\u00f3n en el primer encuentro online Erasmus+"},"content":{"rendered":"<div id=\"fb-root\"><\/div>\n<p>[et_pb_section fb_built=\u00bb1&#8243; admin_label=\u00bbsection\u00bb _builder_version=\u00bb4.16&#8243; global_colors_info=\u00bb{}\u00bb][et_pb_row _builder_version=\u00bb4.27.2&#8243; _module_preset=\u00bbdefault\u00bb global_colors_info=\u00bb{}\u00bb][et_pb_column type=\u00bb4_4&#8243; _builder_version=\u00bb4.27.0&#8243; _module_preset=\u00bbdefault\u00bb global_colors_info=\u00bb{}\u00bb][et_pb_text _builder_version=\u00bb4.27.2&#8243; _module_preset=\u00bbdefault\u00bb global_colors_info=\u00bb{}\u00bb]<\/p>\n<div>\n<div>\n<p><span data-canva-clipboard=\"ewAiAGEAIgA6ADUALAAiAGgAIgA6ACIAdwB3AHcALgBjAGEAbgB2AGEALgBjAG8AbQAiACwAIgBjACIAOgAiAEQAQQBHAFcAdwBTAFEATwBVADgAWQAiACwAIgBpACIAOgAiAGMAZwBSADIAVABkAHMARABqAFcANgBHAGUAMQBwAG8AcwBUAFkAVwB1AHcAIgAsACIAYgAiADoAMQA3ADMAMQA4ADYANAA2ADUANAA0ADEAMAAsACIAQQA\/ACIAOgAiAEUAIgAsACIAQQAiADoAewAiAEEAIgA6AFsAewAiAEEAIgA6AHsAIgBBAD8AIgA6ACIAQQAiACwAIgBBACIAOgAiAEUAcwB0AGEAIABzAGUAbQBhAG4AYQAgAGUAbAAgAGMAbwBsAGUAZwBpAG8AIABTAGEAbABlAHMAaQBhAG4AbwBzACAAUwBhAG4AIABKAHUAYQBuACAAQgBvAHMAYwBvACAAZABlACAARwByAGEAbgBhAGQAYQAsACAAaABhACAAZABlAHMAcABlAGQAaQBkAG8AIABhACAAZABvAHMAIABnAHIAYQBuAGQAZQBzACAAYwBvAG0AcABhAPEAZQByAGEAcwAgAHAAbwByACAAcwB1ACAAagB1AGIAaQBsAGEAYwBpAPMAbgAuACAAXABuAEQAZQBzAHAAdQDpAHMAIABkAGUAIAB0AGEAbgB0AG8AcwAgAGEA8QBvAHMAIABkAGUAIABlAG4AcwBlAPEAYQBuAHoAYQAgAHkAIABkAGUAZABpAGMAYQBjAGkA8wBuACwAIABhACAAbABvAHMAIABtAOEAcwAgAHAAZQBxAHUAZQDxAG8AcwAgAGQAZQAgAGwAYQAgAGMAYQBzAGEALAAgAGwAYQAgAHMAZQDxAG8AIABIAGUAcgBtAGkAbgBpAGEAIABzAGUAIABkAGUAcwBwAGkAZABlACAAZABlACAAbABhACAAcQB1AGUAIABlAHMAIABzAHUAIABjAGEAcwBhACAAZABlAGoAYQBuAGQAbwAgAGUAbgAgAGUAbAAgAGMAbwByAGEAegDzAG4AIABkAGUAIABtAHUAYwBoAG8AcwAgAGQAZQAgAGwAbwBzACAAYQBsAHUAbQBuAG8AcwAgAHkAIABhAGwAdQBtAG4AYQBzACAAcQB1AGUAIABoAG8AeQAgAHkAYQAgAGUAcwB0AOEAbgAgAGUAbgAgAGUAdABhAHAAYQBzACAAcwB1AHAAZQByAGkAbwByAGUAcwAgAHUAbgAgAHIAZQBjAHUAZQByAGQAbwAgAGQAZQAgAGEAbQBvAHIAIAB5ACAAYwBhAHIAaQDxAG8AIABoAGEAYwBpAGEAIABlAGwAbABvAHMALgAgAFUAbgBhACAAbQB1AGoAZQByACAAcQB1AGUAIABoAGEAIABtAGEAcgBjAGEAZABvACwAIABkAGUAcwBkAGUAIABlAGwAIABpAG4AaQBjAGkAbwAgAGQAZQAgAGwAYQAgAGMAbwBuAGMAaQBlAG4AYwBpAGEAIABkAGUAIABuAHUAZQBzAHQAcgBvACAAYQBsAHUAbQBuAGEAZABvACwAIABsAG8AIABxAHUAZQAgAGUAcwAgAHMAZQByACAAYgB1AGUAbgBhAHMAIABwAGUAcgBzAG8AbgBhAHMAIAB5ACAAZQBuAHMAZQDxAGEAcgBsAGUAcwAgAHEAdQBlACAAYwBvAG4AIABhAG0AbwByACAAcwBlACAAYwBvAG4AcwBpAGcAdQBlACAAdABvAGQAbwAuACAAXABuAFkAIABhAHMA7QAgAGwAbwAgAGgAYQBuACAAbQBvAHMAdAByAGEAZABvACAAZQBzAHQAbwBzACAAYQBsAHUAbQBuAG8AcwAgAHEAdQBlACAAeQBhACAAaABvAHkAIABlAG4AIABkAO0AYQAgAGUAcwB0AOEAbgAgAGUAbgAgAGUAdABhAHAAYQBzACAAYwBvAG0AbwAgAGwAYQAgAEUAUwBPACAAeQAgAEIAYQBjAGgAaQBsAGwAZQByAGEAdABvACAAZQBuACAAbABhACAAZABlAHMAcABlAGQAaQBkAGEAIABkAGUAIABWAGkAcgBnAGkAbgBpAGEALgAgAFAAcgBvAGYAZQBzAG8AcgBhACAAZQBtAGIAbABlAG0A4QB0AGkAYwBhACAAZABlAGwAIABjAG8AbABlAGcAaQBvACAAZQBuACAAcwB1AHMAIABjAGwAYQBzAGUAcwAgAGQAZQAgAEgAaQBzAHQAbwByAGkAYQAsACAARwBlAG8AZwByAGEAZgDtAGEAIAB5ACAAZQBzAHQAYQAgAEwAZQBuAGcAdQBhACAAbQBhAGQAcgBlACwAIABMAGEAdADtAG4ALAAgAHEAdQBlACAAZABlAGYAaQBuAGkA8wAgAGQAZQAgAGwAYQAgAG0AZQBqAG8AcgAgAG0AYQBuAGUAcgBhACAAcABvAHMAaQBiAGwAZQAgAGMAdQDhAGwAIABlAHMAIABsAGEAIABmAGkAbgBhAGwAaQBkAGEAZAAgAGQAZQAgAHMAdQAgAHAAcgBvAGYAZQBzAGkA8wBuACAAeQAgAGMA8wBtAG8AIABjAG8AbgAgAGEAbQBvAHIAIABzAGUAIABsAGwAZQBnAGEAIABhACAAYwBhAGQAYQAgAHUAbgBvACAAZABlACAAbABvAHMAIABhAGwAdQBtAG4AbwBzACAAeQAgAGEAbAB1AG0AbgBhAHMAIABhACAAbABvAHMAIABxAHUAZQAgAGwAZQBzACAAZABhAHMAIABjAGwAYQBzAGUALgAgAFwAbgBVAG4AIABvAHIAZwB1AGwAbABvACAAZABlACAAbQB1AGoAZQByAGUAcwAgAHAAcgBvAGYAZQBzAGkAbwBuAGEAbABlAHMAIABxAHUAZQAgAHMAbwBuACAAbQB1AGUAcwB0AHIAYQAgAGQAZQAgAGwAYQAgAGQAZQBkAGkAYwBhAGMAaQDzAG4ALgAgAEQAZQBzAGQAZQAgAGUAbAAgAGMAbwBsAGUAZwBpAG8AIABzAGUAIABvAHMAIABkAGUAcwBlAGEAIABsAG8AIABtAGUAagBvAHIAIABlAG4AIABlAHMAdABhACAAbgB1AGUAdgBhACAAZQB0AGEAcABhAC4AIAAiAH0ALAAiAEIAIgA6AHsAIgBBACIAOgAiAFkAQQBGAGQASgB0ADgAZABBAFkAMAAsADAAIgAsACIAQQA\/ACIAOgAiAEIAXwAiAH0AfQBdAH0AfQA=\">Today, we\u2019ve launched this exciting project focused on integration in the educational field with<br \/>a first online meeting, where all partners from the three member countries\u2014Spain, Portugal,<br \/>and Poland\u2014participated.<br \/>This meeting provided a perfect opportunity to get to know each other, put faces to names,<br \/>and give a brief introduction to the project. We also reviewed the organisational structure and<br \/>the content we\u2019ll be developing, as well as the deadlines for each deliverable. <br \/>We are full of energy and enthusiasm to bring this unifying project to life! The next step will be<br \/>our first in-person meeting in the beautiful city of Granada in December, where we\u2019ll set the<br \/>foundations for content creation. <br \/>We move forward, working together, because WE ARE ALL THE SAME! #WeAreAllTheSame<br \/>#UnitedForAGoal #EuropeanCooperation #Inclusion<\/span><\/p>\n<p><span data-canva-clipboard=\"ewAiAGEAIgA6ADUALAAiAGgAIgA6ACIAdwB3AHcALgBjAGEAbgB2AGEALgBjAG8AbQAiACwAIgBjACIAOgAiAEQAQQBHAFcAdwBTAFEATwBVADgAWQAiACwAIgBpACIAOgAiAGMAZwBSADIAVABkAHMARABqAFcANgBHAGUAMQBwAG8AcwBUAFkAVwB1AHcAIgAsACIAYgAiADoAMQA3ADMAMQA4ADYANAA2ADUANAA0ADEAMAAsACIAQQA\/ACIAOgAiAEUAIgAsACIAQQAiADoAewAiAEEAIgA6AFsAewAiAEEAIgA6AHsAIgBBAD8AIgA6ACIAQQAiACwAIgBBACIAOgAiAEUAcwB0AGEAIABzAGUAbQBhAG4AYQAgAGUAbAAgAGMAbwBsAGUAZwBpAG8AIABTAGEAbABlAHMAaQBhAG4AbwBzACAAUwBhAG4AIABKAHUAYQBuACAAQgBvAHMAYwBvACAAZABlACAARwByAGEAbgBhAGQAYQAsACAAaABhACAAZABlAHMAcABlAGQAaQBkAG8AIABhACAAZABvAHMAIABnAHIAYQBuAGQAZQBzACAAYwBvAG0AcABhAPEAZQByAGEAcwAgAHAAbwByACAAcwB1ACAAagB1AGIAaQBsAGEAYwBpAPMAbgAuACAAXABuAEQAZQBzAHAAdQDpAHMAIABkAGUAIAB0AGEAbgB0AG8AcwAgAGEA8QBvAHMAIABkAGUAIABlAG4AcwBlAPEAYQBuAHoAYQAgAHkAIABkAGUAZABpAGMAYQBjAGkA8wBuACwAIABhACAAbABvAHMAIABtAOEAcwAgAHAAZQBxAHUAZQDxAG8AcwAgAGQAZQAgAGwAYQAgAGMAYQBzAGEALAAgAGwAYQAgAHMAZQDxAG8AIABIAGUAcgBtAGkAbgBpAGEAIABzAGUAIABkAGUAcwBwAGkAZABlACAAZABlACAAbABhACAAcQB1AGUAIABlAHMAIABzAHUAIABjAGEAcwBhACAAZABlAGoAYQBuAGQAbwAgAGUAbgAgAGUAbAAgAGMAbwByAGEAegDzAG4AIABkAGUAIABtAHUAYwBoAG8AcwAgAGQAZQAgAGwAbwBzACAAYQBsAHUAbQBuAG8AcwAgAHkAIABhAGwAdQBtAG4AYQBzACAAcQB1AGUAIABoAG8AeQAgAHkAYQAgAGUAcwB0AOEAbgAgAGUAbgAgAGUAdABhAHAAYQBzACAAcwB1AHAAZQByAGkAbwByAGUAcwAgAHUAbgAgAHIAZQBjAHUAZQByAGQAbwAgAGQAZQAgAGEAbQBvAHIAIAB5ACAAYwBhAHIAaQDxAG8AIABoAGEAYwBpAGEAIABlAGwAbABvAHMALgAgAFUAbgBhACAAbQB1AGoAZQByACAAcQB1AGUAIABoAGEAIABtAGEAcgBjAGEAZABvACwAIABkAGUAcwBkAGUAIABlAGwAIABpAG4AaQBjAGkAbwAgAGQAZQAgAGwAYQAgAGMAbwBuAGMAaQBlAG4AYwBpAGEAIABkAGUAIABuAHUAZQBzAHQAcgBvACAAYQBsAHUAbQBuAGEAZABvACwAIABsAG8AIABxAHUAZQAgAGUAcwAgAHMAZQByACAAYgB1AGUAbgBhAHMAIABwAGUAcgBzAG8AbgBhAHMAIAB5ACAAZQBuAHMAZQDxAGEAcgBsAGUAcwAgAHEAdQBlACAAYwBvAG4AIABhAG0AbwByACAAcwBlACAAYwBvAG4AcwBpAGcAdQBlACAAdABvAGQAbwAuACAAXABuAFkAIABhAHMA7QAgAGwAbwAgAGgAYQBuACAAbQBvAHMAdAByAGEAZABvACAAZQBzAHQAbwBzACAAYQBsAHUAbQBuAG8AcwAgAHEAdQBlACAAeQBhACAAaABvAHkAIABlAG4AIABkAO0AYQAgAGUAcwB0AOEAbgAgAGUAbgAgAGUAdABhAHAAYQBzACAAYwBvAG0AbwAgAGwAYQAgAEUAUwBPACAAeQAgAEIAYQBjAGgAaQBsAGwAZQByAGEAdABvACAAZQBuACAAbABhACAAZABlAHMAcABlAGQAaQBkAGEAIABkAGUAIABWAGkAcgBnAGkAbgBpAGEALgAgAFAAcgBvAGYAZQBzAG8AcgBhACAAZQBtAGIAbABlAG0A4QB0AGkAYwBhACAAZABlAGwAIABjAG8AbABlAGcAaQBvACAAZQBuACAAcwB1AHMAIABjAGwAYQBzAGUAcwAgAGQAZQAgAEgAaQBzAHQAbwByAGkAYQAsACAARwBlAG8AZwByAGEAZgDtAGEAIAB5ACAAZQBzAHQAYQAgAEwAZQBuAGcAdQBhACAAbQBhAGQAcgBlACwAIABMAGEAdADtAG4ALAAgAHEAdQBlACAAZABlAGYAaQBuAGkA8wAgAGQAZQAgAGwAYQAgAG0AZQBqAG8AcgAgAG0AYQBuAGUAcgBhACAAcABvAHMAaQBiAGwAZQAgAGMAdQDhAGwAIABlAHMAIABsAGEAIABmAGkAbgBhAGwAaQBkAGEAZAAgAGQAZQAgAHMAdQAgAHAAcgBvAGYAZQBzAGkA8wBuACAAeQAgAGMA8wBtAG8AIABjAG8AbgAgAGEAbQBvAHIAIABzAGUAIABsAGwAZQBnAGEAIABhACAAYwBhAGQAYQAgAHUAbgBvACAAZABlACAAbABvAHMAIABhAGwAdQBtAG4AbwBzACAAeQAgAGEAbAB1AG0AbgBhAHMAIABhACAAbABvAHMAIABxAHUAZQAgAGwAZQBzACAAZABhAHMAIABjAGwAYQBzAGUALgAgAFwAbgBVAG4AIABvAHIAZwB1AGwAbABvACAAZABlACAAbQB1AGoAZQByAGUAcwAgAHAAcgBvAGYAZQBzAGkAbwBuAGEAbABlAHMAIABxAHUAZQAgAHMAbwBuACAAbQB1AGUAcwB0AHIAYQAgAGQAZQAgAGwAYQAgAGQAZQBkAGkAYwBhAGMAaQDzAG4ALgAgAEQAZQBzAGQAZQAgAGUAbAAgAGMAbwBsAGUAZwBpAG8AIABzAGUAIABvAHMAIABkAGUAcwBlAGEAIABsAG8AIABtAGUAagBvAHIAIABlAG4AIABlAHMAdABhACAAbgB1AGUAdgBhACAAZQB0AGEAcABhAC4AIAAiAH0ALAAiAEIAIgA6AHsAIgBBACIAOgAiAFkAQQBGAGQASgB0ADgAZABBAFkAMAAsADAAIgAsACIAQQA\/ACIAOgAiAEIAXwAiAH0AfQBdAH0AfQA=\"><\/span><\/p>\n<p>Hoy hemos lanzado este excitante proyecto centrado en la integraci\u00f3n del \u00e1mbito educativo, en una primera reuni\u00f3n online, donde participaron los compa\u00f1eros de los tres miembros pa\u00edses, Espa\u00f1a, Portugal y Polonia.<\/p>\n<p><span class=\"Y2IQFc\" lang=\"es\">Este encuentro brind\u00f3 una oportunidad perfecta para conocernos, ponerle cara a los nombres, y dar una breve introducci\u00f3n al proyecto. Tambi\u00e9n revisamos la estructura organizacitiva y el contenido que desarrollaremos, as\u00ed como los plazos para cada entrega.<\/span><\/p>\n<p><span class=\"Y2IQFc\" lang=\"es\"> \u00a1Estamos llenos de energ\u00eda y entusiasmo para darle vida a este proyecto unificador! El siguiente paso ser\u00e1 nuestro primer encuentro presencial en la hermosa ciudad de Granada en diciembre, donde fijaremos las bases para la creaci\u00f3n de contenidos. \u00a1Seguimos adelante, trabajando juntos, porque TODOS SOMOS IGUALES! #SomosTodosIguales #UnidosPorUnObjetivo #Cooperaci\u00f3nEuropea #Inclusi\u00f3n<\/span><\/p>\n<p><span data-canva-clipboard=\"ewAiAGEAIgA6ADUALAAiAGgAIgA6ACIAdwB3AHcALgBjAGEAbgB2AGEALgBjAG8AbQAiACwAIgBjACIAOgAiAEQAQQBHAFcAdwBTAFEATwBVADgAWQAiACwAIgBpACIAOgAiAGMAZwBSADIAVABkAHMARABqAFcANgBHAGUAMQBwAG8AcwBUAFkAVwB1AHcAIgAsACIAYgAiADoAMQA3ADMAMQA4ADYANAA2ADUANAA0ADEAMAAsACIAQQA\/ACIAOgAiAEUAIgAsACIAQQAiADoAewAiAEEAIgA6AFsAewAiAEEAIgA6AHsAIgBBAD8AIgA6ACIAQQAiACwAIgBBACIAOgAiAEUAcwB0AGEAIABzAGUAbQBhAG4AYQAgAGUAbAAgAGMAbwBsAGUAZwBpAG8AIABTAGEAbABlAHMAaQBhAG4AbwBzACAAUwBhAG4AIABKAHUAYQBuACAAQgBvAHMAYwBvACAAZABlACAARwByAGEAbgBhAGQAYQAsACAAaABhACAAZABlAHMAcABlAGQAaQBkAG8AIABhACAAZABvAHMAIABnAHIAYQBuAGQAZQBzACAAYwBvAG0AcABhAPEAZQByAGEAcwAgAHAAbwByACAAcwB1ACAAagB1AGIAaQBsAGEAYwBpAPMAbgAuACAAXABuAEQAZQBzAHAAdQDpAHMAIABkAGUAIAB0AGEAbgB0AG8AcwAgAGEA8QBvAHMAIABkAGUAIABlAG4AcwBlAPEAYQBuAHoAYQAgAHkAIABkAGUAZABpAGMAYQBjAGkA8wBuACwAIABhACAAbABvAHMAIABtAOEAcwAgAHAAZQBxAHUAZQDxAG8AcwAgAGQAZQAgAGwAYQAgAGMAYQBzAGEALAAgAGwAYQAgAHMAZQDxAG8AIABIAGUAcgBtAGkAbgBpAGEAIABzAGUAIABkAGUAcwBwAGkAZABlACAAZABlACAAbABhACAAcQB1AGUAIABlAHMAIABzAHUAIABjAGEAcwBhACAAZABlAGoAYQBuAGQAbwAgAGUAbgAgAGUAbAAgAGMAbwByAGEAegDzAG4AIABkAGUAIABtAHUAYwBoAG8AcwAgAGQAZQAgAGwAbwBzACAAYQBsAHUAbQBuAG8AcwAgAHkAIABhAGwAdQBtAG4AYQBzACAAcQB1AGUAIABoAG8AeQAgAHkAYQAgAGUAcwB0AOEAbgAgAGUAbgAgAGUAdABhAHAAYQBzACAAcwB1AHAAZQByAGkAbwByAGUAcwAgAHUAbgAgAHIAZQBjAHUAZQByAGQAbwAgAGQAZQAgAGEAbQBvAHIAIAB5ACAAYwBhAHIAaQDxAG8AIABoAGEAYwBpAGEAIABlAGwAbABvAHMALgAgAFUAbgBhACAAbQB1AGoAZQByACAAcQB1AGUAIABoAGEAIABtAGEAcgBjAGEAZABvACwAIABkAGUAcwBkAGUAIABlAGwAIABpAG4AaQBjAGkAbwAgAGQAZQAgAGwAYQAgAGMAbwBuAGMAaQBlAG4AYwBpAGEAIABkAGUAIABuAHUAZQBzAHQAcgBvACAAYQBsAHUAbQBuAGEAZABvACwAIABsAG8AIABxAHUAZQAgAGUAcwAgAHMAZQByACAAYgB1AGUAbgBhAHMAIABwAGUAcgBzAG8AbgBhAHMAIAB5ACAAZQBuAHMAZQDxAGEAcgBsAGUAcwAgAHEAdQBlACAAYwBvAG4AIABhAG0AbwByACAAcwBlACAAYwBvAG4AcwBpAGcAdQBlACAAdABvAGQAbwAuACAAXABuAFkAIABhAHMA7QAgAGwAbwAgAGgAYQBuACAAbQBvAHMAdAByAGEAZABvACAAZQBzAHQAbwBzACAAYQBsAHUAbQBuAG8AcwAgAHEAdQBlACAAeQBhACAAaABvAHkAIABlAG4AIABkAO0AYQAgAGUAcwB0AOEAbgAgAGUAbgAgAGUAdABhAHAAYQBzACAAYwBvAG0AbwAgAGwAYQAgAEUAUwBPACAAeQAgAEIAYQBjAGgAaQBsAGwAZQByAGEAdABvACAAZQBuACAAbABhACAAZABlAHMAcABlAGQAaQBkAGEAIABkAGUAIABWAGkAcgBnAGkAbgBpAGEALgAgAFAAcgBvAGYAZQBzAG8AcgBhACAAZQBtAGIAbABlAG0A4QB0AGkAYwBhACAAZABlAGwAIABjAG8AbABlAGcAaQBvACAAZQBuACAAcwB1AHMAIABjAGwAYQBzAGUAcwAgAGQAZQAgAEgAaQBzAHQAbwByAGkAYQAsACAARwBlAG8AZwByAGEAZgDtAGEAIAB5ACAAZQBzAHQAYQAgAEwAZQBuAGcAdQBhACAAbQBhAGQAcgBlACwAIABMAGEAdADtAG4ALAAgAHEAdQBlACAAZABlAGYAaQBuAGkA8wAgAGQAZQAgAGwAYQAgAG0AZQBqAG8AcgAgAG0AYQBuAGUAcgBhACAAcABvAHMAaQBiAGwAZQAgAGMAdQDhAGwAIABlAHMAIABsAGEAIABmAGkAbgBhAGwAaQBkAGEAZAAgAGQAZQAgAHMAdQAgAHAAcgBvAGYAZQBzAGkA8wBuACAAeQAgAGMA8wBtAG8AIABjAG8AbgAgAGEAbQBvAHIAIABzAGUAIABsAGwAZQBnAGEAIABhACAAYwBhAGQAYQAgAHUAbgBvACAAZABlACAAbABvAHMAIABhAGwAdQBtAG4AbwBzACAAeQAgAGEAbAB1AG0AbgBhAHMAIABhACAAbABvAHMAIABxAHUAZQAgAGwAZQBzACAAZABhAHMAIABjAGwAYQBzAGUALgAgAFwAbgBVAG4AIABvAHIAZwB1AGwAbABvACAAZABlACAAbQB1AGoAZQByAGUAcwAgAHAAcgBvAGYAZQBzAGkAbwBuAGEAbABlAHMAIABxAHUAZQAgAHMAbwBuACAAbQB1AGUAcwB0AHIAYQAgAGQAZQAgAGwAYQAgAGQAZQBkAGkAYwBhAGMAaQDzAG4ALgAgAEQAZQBzAGQAZQAgAGUAbAAgAGMAbwBsAGUAZwBpAG8AIABzAGUAIABvAHMAIABkAGUAcwBlAGEAIABsAG8AIABtAGUAagBvAHIAIABlAG4AIABlAHMAdABhACAAbgB1AGUAdgBhACAAZQB0AGEAcABhAC4AIAAiAH0ALAAiAEIAIgA6AHsAIgBBACIAOgAiAFkAQQBGAGQASgB0ADgAZABBAFkAMAAsADAAIgAsACIAQQA\/ACIAOgAiAEIAXwAiAH0AfQBdAH0AfQA=\"><\/span><\/p>\n<div><\/div>\n<\/div>\n<p>&nbsp;<\/p>\n<p>&nbsp;<\/p>\n<p>.<\/p>\n<\/div>\n<div>\n<div>\n<div>\n<div>\n<h3>\u00a0<\/h3>\n<h3>\u00a0<\/h3>\n<h3>\u00a0<\/h3>\n<p>&nbsp;<\/p>\n<\/div>\n<\/div>\n<\/div>\n<\/div>\n<p>&nbsp;<\/p>\n<p>[\/et_pb_text][et_pb_gallery gallery_ids=\u00bb19330,19331,19332,19333,19334,19335,19336,19337&#8243; show_title_and_caption=\u00bboff\u00bb _builder_version=\u00bb4.27.0&#8243; _module_preset=\u00bbdefault\u00bb global_colors_info=\u00bb{}\u00bb][\/et_pb_gallery][\/et_pb_column][\/et_pb_row][\/et_pb_section]<\/p>\n","protected":false},"excerpt":{"rendered":"<p>Encuentro online Erasmus+<\/p>\n","protected":false},"author":2,"featured_media":19502,"comment_status":"open","ping_status":"open","sticky":false,"template":"","format":"standard","meta":{"_et_pb_use_builder":"on","_et_pb_old_content":"","_et_gb_content_width":"","footnotes":""},"categories":[57,11,48],"tags":[],"class_list":["post-19501","post","type-post","status-publish","format-standard","has-post-thumbnail","hentry","category-bachillerato","category-colegio","category-erasmus"],"yoast_head":"<!-- This site is optimized with the Yoast SEO plugin v28.4 - https:\/\/yoast.com\/product\/yoast-seo-wordpress\/ -->\n<title>Organizaci\u00f3n en el primer encuentro online Erasmus+ - Colegio Salesiano<\/title>\n<meta name=\"description\" content=\"Aqu\u00ed puedes conocer toda la informaci\u00f3n sobre el inicio de curso 24-25 en Salesianos Granada: inicio de clases, calendario escolar, libros, ex\u00e1menes de septiembre 1\u00ba bto, venta de libros...\" \/>\n<meta name=\"robots\" content=\"index, follow, max-snippet:-1, max-image-preview:large, max-video-preview:-1\" \/>\n<link rel=\"canonical\" href=\"https:\/\/granada.salesianos.edu\/colegio\/blog\/erasmusonline\/\" \/>\n<meta property=\"og:locale\" content=\"es_ES\" \/>\n<meta property=\"og:type\" content=\"article\" \/>\n<meta property=\"og:title\" content=\"Organizaci\u00f3n en el primer encuentro online Erasmus+ - Colegio Salesiano\" \/>\n<meta property=\"og:description\" content=\"Aqu\u00ed puedes conocer toda la informaci\u00f3n sobre el inicio de curso 24-25 en Salesianos Granada: inicio de clases, calendario escolar, libros, ex\u00e1menes de septiembre 1\u00ba bto, venta de libros...\" \/>\n<meta property=\"og:url\" content=\"https:\/\/granada.salesianos.edu\/colegio\/blog\/erasmusonline\/\" \/>\n<meta property=\"og:site_name\" content=\"Colegio Salesiano\" \/>\n<meta property=\"article:publisher\" content=\"https:\/\/www.facebook.com\/SalesianosGR\/\" \/>\n<meta property=\"article:published_time\" content=\"2024-11-13T20:24:40+00:00\" \/>\n<meta property=\"article:modified_time\" content=\"2024-11-22T10:25:42+00:00\" \/>\n<meta property=\"og:image\" content=\"https:\/\/granada.salesianos.edu\/colegio\/wp-content\/uploads\/sites\/2\/2024\/11\/Captura-de-pantalla-2024-11-22-a-las-11.12.43.png\" \/>\n\t<meta property=\"og:image:width\" content=\"1192\" \/>\n\t<meta property=\"og:image:height\" content=\"1004\" \/>\n\t<meta property=\"og:image:type\" content=\"image\/png\" \/>\n<meta name=\"author\" content=\"Gestor Web\" \/>\n<meta name=\"twitter:card\" content=\"summary_large_image\" \/>\n<meta name=\"twitter:creator\" content=\"@GranadaSDB\" \/>\n<meta name=\"twitter:site\" content=\"@GranadaSDB\" \/>\n<meta name=\"twitter:label1\" content=\"Escrito por\" \/>\n\t<meta name=\"twitter:data1\" content=\"Gestor Web\" \/>\n\t<meta name=\"twitter:label2\" content=\"Tiempo de lectura\" \/>\n\t<meta name=\"twitter:data2\" content=\"3 minutos\" \/>\n<script type=\"application\/ld+json\" class=\"yoast-schema-graph\">{\"@context\":\"https:\\\/\\\/schema.org\",\"@graph\":[{\"@type\":\"Article\",\"@id\":\"https:\\\/\\\/granada.salesianos.edu\\\/colegio\\\/blog\\\/erasmusonline\\\/#article\",\"isPartOf\":{\"@id\":\"https:\\\/\\\/granada.salesianos.edu\\\/colegio\\\/blog\\\/erasmusonline\\\/\"},\"author\":{\"name\":\"Gestor Web\",\"@id\":\"https:\\\/\\\/granada.salesianos.edu\\\/colegio\\\/#\\\/schema\\\/person\\\/6392ff2e4bd1e66981d6eab734bbd962\"},\"headline\":\"Organizaci\u00f3n en el primer encuentro online Erasmus+\",\"datePublished\":\"2024-11-13T20:24:40+00:00\",\"dateModified\":\"2024-11-22T10:25:42+00:00\",\"mainEntityOfPage\":{\"@id\":\"https:\\\/\\\/granada.salesianos.edu\\\/colegio\\\/blog\\\/erasmusonline\\\/\"},\"wordCount\":349,\"commentCount\":0,\"publisher\":{\"@id\":\"https:\\\/\\\/granada.salesianos.edu\\\/colegio\\\/#organization\"},\"image\":{\"@id\":\"https:\\\/\\\/granada.salesianos.edu\\\/colegio\\\/blog\\\/erasmusonline\\\/#primaryimage\"},\"thumbnailUrl\":\"https:\\\/\\\/granada.salesianos.edu\\\/colegio\\\/wp-content\\\/uploads\\\/sites\\\/2\\\/2024\\\/11\\\/Captura-de-pantalla-2024-11-22-a-las-11.12.43.png\",\"articleSection\":[\"Bachillerato\",\"Colegio\",\"Erasmus+\"],\"inLanguage\":\"es\",\"potentialAction\":[{\"@type\":\"CommentAction\",\"name\":\"Comment\",\"target\":[\"https:\\\/\\\/granada.salesianos.edu\\\/colegio\\\/blog\\\/erasmusonline\\\/#respond\"]}]},{\"@type\":\"WebPage\",\"@id\":\"https:\\\/\\\/granada.salesianos.edu\\\/colegio\\\/blog\\\/erasmusonline\\\/\",\"url\":\"https:\\\/\\\/granada.salesianos.edu\\\/colegio\\\/blog\\\/erasmusonline\\\/\",\"name\":\"Organizaci\u00f3n en el primer encuentro online Erasmus+ - Colegio Salesiano\",\"isPartOf\":{\"@id\":\"https:\\\/\\\/granada.salesianos.edu\\\/colegio\\\/#website\"},\"primaryImageOfPage\":{\"@id\":\"https:\\\/\\\/granada.salesianos.edu\\\/colegio\\\/blog\\\/erasmusonline\\\/#primaryimage\"},\"image\":{\"@id\":\"https:\\\/\\\/granada.salesianos.edu\\\/colegio\\\/blog\\\/erasmusonline\\\/#primaryimage\"},\"thumbnailUrl\":\"https:\\\/\\\/granada.salesianos.edu\\\/colegio\\\/wp-content\\\/uploads\\\/sites\\\/2\\\/2024\\\/11\\\/Captura-de-pantalla-2024-11-22-a-las-11.12.43.png\",\"datePublished\":\"2024-11-13T20:24:40+00:00\",\"dateModified\":\"2024-11-22T10:25:42+00:00\",\"description\":\"Aqu\u00ed puedes conocer toda la informaci\u00f3n sobre el inicio de curso 24-25 en Salesianos Granada: inicio de clases, calendario escolar, libros, ex\u00e1menes de septiembre 1\u00ba bto, venta de libros...\",\"breadcrumb\":{\"@id\":\"https:\\\/\\\/granada.salesianos.edu\\\/colegio\\\/blog\\\/erasmusonline\\\/#breadcrumb\"},\"inLanguage\":\"es\",\"potentialAction\":[{\"@type\":\"ReadAction\",\"target\":[\"https:\\\/\\\/granada.salesianos.edu\\\/colegio\\\/blog\\\/erasmusonline\\\/\"]}]},{\"@type\":\"ImageObject\",\"inLanguage\":\"es\",\"@id\":\"https:\\\/\\\/granada.salesianos.edu\\\/colegio\\\/blog\\\/erasmusonline\\\/#primaryimage\",\"url\":\"https:\\\/\\\/granada.salesianos.edu\\\/colegio\\\/wp-content\\\/uploads\\\/sites\\\/2\\\/2024\\\/11\\\/Captura-de-pantalla-2024-11-22-a-las-11.12.43.png\",\"contentUrl\":\"https:\\\/\\\/granada.salesianos.edu\\\/colegio\\\/wp-content\\\/uploads\\\/sites\\\/2\\\/2024\\\/11\\\/Captura-de-pantalla-2024-11-22-a-las-11.12.43.png\",\"width\":1192,\"height\":1004},{\"@type\":\"BreadcrumbList\",\"@id\":\"https:\\\/\\\/granada.salesianos.edu\\\/colegio\\\/blog\\\/erasmusonline\\\/#breadcrumb\",\"itemListElement\":[{\"@type\":\"ListItem\",\"position\":1,\"name\":\"Portada\",\"item\":\"https:\\\/\\\/granada.salesianos.edu\\\/colegio\\\/\"},{\"@type\":\"ListItem\",\"position\":2,\"name\":\"Organizaci\u00f3n en el primer encuentro online Erasmus+\"}]},{\"@type\":\"WebSite\",\"@id\":\"https:\\\/\\\/granada.salesianos.edu\\\/colegio\\\/#website\",\"url\":\"https:\\\/\\\/granada.salesianos.edu\\\/colegio\\\/\",\"name\":\"Colegio Salesiano\",\"description\":\"P\u00e1gina oficial de Salesianos Granada San Juan Bosco\",\"publisher\":{\"@id\":\"https:\\\/\\\/granada.salesianos.edu\\\/colegio\\\/#organization\"},\"potentialAction\":[{\"@type\":\"SearchAction\",\"target\":{\"@type\":\"EntryPoint\",\"urlTemplate\":\"https:\\\/\\\/granada.salesianos.edu\\\/colegio\\\/?s={search_term_string}\"},\"query-input\":{\"@type\":\"PropertyValueSpecification\",\"valueRequired\":true,\"valueName\":\"search_term_string\"}}],\"inLanguage\":\"es\"},{\"@type\":\"Organization\",\"@id\":\"https:\\\/\\\/granada.salesianos.edu\\\/colegio\\\/#organization\",\"name\":\"Colegio Salesiano San Juan Bosco Granada\",\"url\":\"https:\\\/\\\/granada.salesianos.edu\\\/colegio\\\/\",\"logo\":{\"@type\":\"ImageObject\",\"inLanguage\":\"es\",\"@id\":\"https:\\\/\\\/granada.salesianos.edu\\\/colegio\\\/#\\\/schema\\\/logo\\\/image\\\/\",\"url\":\"https:\\\/\\\/granada.salesianos.edu\\\/colegio\\\/wp-content\\\/uploads\\\/sites\\\/2\\\/2021\\\/01\\\/GRANADAobraVN2.jpg\",\"contentUrl\":\"https:\\\/\\\/granada.salesianos.edu\\\/colegio\\\/wp-content\\\/uploads\\\/sites\\\/2\\\/2021\\\/01\\\/GRANADAobraVN2.jpg\",\"width\":2113,\"height\":1894,\"caption\":\"Colegio Salesiano San Juan Bosco Granada\"},\"image\":{\"@id\":\"https:\\\/\\\/granada.salesianos.edu\\\/colegio\\\/#\\\/schema\\\/logo\\\/image\\\/\"},\"sameAs\":[\"https:\\\/\\\/www.facebook.com\\\/SalesianosGR\\\/\",\"https:\\\/\\\/x.com\\\/GranadaSDB\",\"https:\\\/\\\/www.instagram.com\\\/salesianosgranada\\\/\",\"https:\\\/\\\/www.youtube.com\\\/channel\\\/UChkpZuhCf4Y5rYIcFT3CNxw?view_as=subscriber\"]},{\"@type\":\"Person\",\"@id\":\"https:\\\/\\\/granada.salesianos.edu\\\/colegio\\\/#\\\/schema\\\/person\\\/6392ff2e4bd1e66981d6eab734bbd962\",\"name\":\"Gestor Web\",\"image\":{\"@type\":\"ImageObject\",\"inLanguage\":\"es\",\"@id\":\"https:\\\/\\\/secure.gravatar.com\\\/avatar\\\/160666bb56a01520857079961a824af2b7821d6bad80677c80f2b473fceead1b?s=96&d=mm&r=g\",\"url\":\"https:\\\/\\\/secure.gravatar.com\\\/avatar\\\/160666bb56a01520857079961a824af2b7821d6bad80677c80f2b473fceead1b?s=96&d=mm&r=g\",\"contentUrl\":\"https:\\\/\\\/secure.gravatar.com\\\/avatar\\\/160666bb56a01520857079961a824af2b7821d6bad80677c80f2b473fceead1b?s=96&d=mm&r=g\",\"caption\":\"Gestor Web\"}}]}<\/script>\n<!-- \/ Yoast SEO plugin. -->","yoast_head_json":{"title":"Organizaci\u00f3n en el primer encuentro online Erasmus+ - Colegio Salesiano","description":"Aqu\u00ed puedes conocer toda la informaci\u00f3n sobre el inicio de curso 24-25 en Salesianos Granada: inicio de clases, calendario escolar, libros, ex\u00e1menes de septiembre 1\u00ba bto, venta de libros...","robots":{"index":"index","follow":"follow","max-snippet":"max-snippet:-1","max-image-preview":"max-image-preview:large","max-video-preview":"max-video-preview:-1"},"canonical":"https:\/\/granada.salesianos.edu\/colegio\/blog\/erasmusonline\/","og_locale":"es_ES","og_type":"article","og_title":"Organizaci\u00f3n en el primer encuentro online Erasmus+ - Colegio Salesiano","og_description":"Aqu\u00ed puedes conocer toda la informaci\u00f3n sobre el inicio de curso 24-25 en Salesianos Granada: inicio de clases, calendario escolar, libros, ex\u00e1menes de septiembre 1\u00ba bto, venta de libros...","og_url":"https:\/\/granada.salesianos.edu\/colegio\/blog\/erasmusonline\/","og_site_name":"Colegio Salesiano","article_publisher":"https:\/\/www.facebook.com\/SalesianosGR\/","article_published_time":"2024-11-13T20:24:40+00:00","article_modified_time":"2024-11-22T10:25:42+00:00","og_image":[{"width":1192,"height":1004,"url":"https:\/\/granada.salesianos.edu\/colegio\/wp-content\/uploads\/sites\/2\/2024\/11\/Captura-de-pantalla-2024-11-22-a-las-11.12.43.png","type":"image\/png"}],"author":"Gestor Web","twitter_card":"summary_large_image","twitter_creator":"@GranadaSDB","twitter_site":"@GranadaSDB","twitter_misc":{"Escrito por":"Gestor Web","Tiempo de lectura":"3 minutos"},"schema":{"@context":"https:\/\/schema.org","@graph":[{"@type":"Article","@id":"https:\/\/granada.salesianos.edu\/colegio\/blog\/erasmusonline\/#article","isPartOf":{"@id":"https:\/\/granada.salesianos.edu\/colegio\/blog\/erasmusonline\/"},"author":{"name":"Gestor Web","@id":"https:\/\/granada.salesianos.edu\/colegio\/#\/schema\/person\/6392ff2e4bd1e66981d6eab734bbd962"},"headline":"Organizaci\u00f3n en el primer encuentro online Erasmus+","datePublished":"2024-11-13T20:24:40+00:00","dateModified":"2024-11-22T10:25:42+00:00","mainEntityOfPage":{"@id":"https:\/\/granada.salesianos.edu\/colegio\/blog\/erasmusonline\/"},"wordCount":349,"commentCount":0,"publisher":{"@id":"https:\/\/granada.salesianos.edu\/colegio\/#organization"},"image":{"@id":"https:\/\/granada.salesianos.edu\/colegio\/blog\/erasmusonline\/#primaryimage"},"thumbnailUrl":"https:\/\/granada.salesianos.edu\/colegio\/wp-content\/uploads\/sites\/2\/2024\/11\/Captura-de-pantalla-2024-11-22-a-las-11.12.43.png","articleSection":["Bachillerato","Colegio","Erasmus+"],"inLanguage":"es","potentialAction":[{"@type":"CommentAction","name":"Comment","target":["https:\/\/granada.salesianos.edu\/colegio\/blog\/erasmusonline\/#respond"]}]},{"@type":"WebPage","@id":"https:\/\/granada.salesianos.edu\/colegio\/blog\/erasmusonline\/","url":"https:\/\/granada.salesianos.edu\/colegio\/blog\/erasmusonline\/","name":"Organizaci\u00f3n en el primer encuentro online Erasmus+ - Colegio Salesiano","isPartOf":{"@id":"https:\/\/granada.salesianos.edu\/colegio\/#website"},"primaryImageOfPage":{"@id":"https:\/\/granada.salesianos.edu\/colegio\/blog\/erasmusonline\/#primaryimage"},"image":{"@id":"https:\/\/granada.salesianos.edu\/colegio\/blog\/erasmusonline\/#primaryimage"},"thumbnailUrl":"https:\/\/granada.salesianos.edu\/colegio\/wp-content\/uploads\/sites\/2\/2024\/11\/Captura-de-pantalla-2024-11-22-a-las-11.12.43.png","datePublished":"2024-11-13T20:24:40+00:00","dateModified":"2024-11-22T10:25:42+00:00","description":"Aqu\u00ed puedes conocer toda la informaci\u00f3n sobre el inicio de curso 24-25 en Salesianos Granada: inicio de clases, calendario escolar, libros, ex\u00e1menes de septiembre 1\u00ba bto, venta de libros...","breadcrumb":{"@id":"https:\/\/granada.salesianos.edu\/colegio\/blog\/erasmusonline\/#breadcrumb"},"inLanguage":"es","potentialAction":[{"@type":"ReadAction","target":["https:\/\/granada.salesianos.edu\/colegio\/blog\/erasmusonline\/"]}]},{"@type":"ImageObject","inLanguage":"es","@id":"https:\/\/granada.salesianos.edu\/colegio\/blog\/erasmusonline\/#primaryimage","url":"https:\/\/granada.salesianos.edu\/colegio\/wp-content\/uploads\/sites\/2\/2024\/11\/Captura-de-pantalla-2024-11-22-a-las-11.12.43.png","contentUrl":"https:\/\/granada.salesianos.edu\/colegio\/wp-content\/uploads\/sites\/2\/2024\/11\/Captura-de-pantalla-2024-11-22-a-las-11.12.43.png","width":1192,"height":1004},{"@type":"BreadcrumbList","@id":"https:\/\/granada.salesianos.edu\/colegio\/blog\/erasmusonline\/#breadcrumb","itemListElement":[{"@type":"ListItem","position":1,"name":"Portada","item":"https:\/\/granada.salesianos.edu\/colegio\/"},{"@type":"ListItem","position":2,"name":"Organizaci\u00f3n en el primer encuentro online Erasmus+"}]},{"@type":"WebSite","@id":"https:\/\/granada.salesianos.edu\/colegio\/#website","url":"https:\/\/granada.salesianos.edu\/colegio\/","name":"Colegio Salesiano","description":"P\u00e1gina oficial de Salesianos Granada San Juan Bosco","publisher":{"@id":"https:\/\/granada.salesianos.edu\/colegio\/#organization"},"potentialAction":[{"@type":"SearchAction","target":{"@type":"EntryPoint","urlTemplate":"https:\/\/granada.salesianos.edu\/colegio\/?s={search_term_string}"},"query-input":{"@type":"PropertyValueSpecification","valueRequired":true,"valueName":"search_term_string"}}],"inLanguage":"es"},{"@type":"Organization","@id":"https:\/\/granada.salesianos.edu\/colegio\/#organization","name":"Colegio Salesiano San Juan Bosco Granada","url":"https:\/\/granada.salesianos.edu\/colegio\/","logo":{"@type":"ImageObject","inLanguage":"es","@id":"https:\/\/granada.salesianos.edu\/colegio\/#\/schema\/logo\/image\/","url":"https:\/\/granada.salesianos.edu\/colegio\/wp-content\/uploads\/sites\/2\/2021\/01\/GRANADAobraVN2.jpg","contentUrl":"https:\/\/granada.salesianos.edu\/colegio\/wp-content\/uploads\/sites\/2\/2021\/01\/GRANADAobraVN2.jpg","width":2113,"height":1894,"caption":"Colegio Salesiano San Juan Bosco Granada"},"image":{"@id":"https:\/\/granada.salesianos.edu\/colegio\/#\/schema\/logo\/image\/"},"sameAs":["https:\/\/www.facebook.com\/SalesianosGR\/","https:\/\/x.com\/GranadaSDB","https:\/\/www.instagram.com\/salesianosgranada\/","https:\/\/www.youtube.com\/channel\/UChkpZuhCf4Y5rYIcFT3CNxw?view_as=subscriber"]},{"@type":"Person","@id":"https:\/\/granada.salesianos.edu\/colegio\/#\/schema\/person\/6392ff2e4bd1e66981d6eab734bbd962","name":"Gestor Web","image":{"@type":"ImageObject","inLanguage":"es","@id":"https:\/\/secure.gravatar.com\/avatar\/160666bb56a01520857079961a824af2b7821d6bad80677c80f2b473fceead1b?s=96&d=mm&r=g","url":"https:\/\/secure.gravatar.com\/avatar\/160666bb56a01520857079961a824af2b7821d6bad80677c80f2b473fceead1b?s=96&d=mm&r=g","contentUrl":"https:\/\/secure.gravatar.com\/avatar\/160666bb56a01520857079961a824af2b7821d6bad80677c80f2b473fceead1b?s=96&d=mm&r=g","caption":"Gestor Web"}}]}},"_links":{"self":[{"href":"https:\/\/granada.salesianos.edu\/colegio\/wp-json\/wp\/v2\/posts\/19501","targetHints":{"allow":["GET"]}}],"collection":[{"href":"https:\/\/granada.salesianos.edu\/colegio\/wp-json\/wp\/v2\/posts"}],"about":[{"href":"https:\/\/granada.salesianos.edu\/colegio\/wp-json\/wp\/v2\/types\/post"}],"author":[{"embeddable":true,"href":"https:\/\/granada.salesianos.edu\/colegio\/wp-json\/wp\/v2\/users\/2"}],"replies":[{"embeddable":true,"href":"https:\/\/granada.salesianos.edu\/colegio\/wp-json\/wp\/v2\/comments?post=19501"}],"version-history":[{"count":2,"href":"https:\/\/granada.salesianos.edu\/colegio\/wp-json\/wp\/v2\/posts\/19501\/revisions"}],"predecessor-version":[{"id":19504,"href":"https:\/\/granada.salesianos.edu\/colegio\/wp-json\/wp\/v2\/posts\/19501\/revisions\/19504"}],"wp:featuredmedia":[{"embeddable":true,"href":"https:\/\/granada.salesianos.edu\/colegio\/wp-json\/wp\/v2\/media\/19502"}],"wp:attachment":[{"href":"https:\/\/granada.salesianos.edu\/colegio\/wp-json\/wp\/v2\/media?parent=19501"}],"wp:term":[{"taxonomy":"category","embeddable":true,"href":"https:\/\/granada.salesianos.edu\/colegio\/wp-json\/wp\/v2\/categories?post=19501"},{"taxonomy":"post_tag","embeddable":true,"href":"https:\/\/granada.salesianos.edu\/colegio\/wp-json\/wp\/v2\/tags?post=19501"}],"curies":[{"name":"wp","href":"https:\/\/api.w.org\/{rel}","templated":true}]}}