{"id":19505,"date":"2024-11-24T10:15:41","date_gmt":"2024-11-24T08:15:41","guid":{"rendered":"https:\/\/granada.salesianos.edu\/colegio\/?p=19505"},"modified":"2024-11-26T10:17:47","modified_gmt":"2024-11-26T08:17:47","slug":"convivencia-fp","status":"publish","type":"post","link":"https:\/\/granada.salesianos.edu\/colegio\/blog\/convivencia-fp\/","title":{"rendered":"Convivencia FP"},"content":{"rendered":"<div id=\"fb-root\"><\/div>\n<p>[et_pb_section fb_built=\u00bb1&#8243; admin_label=\u00bbsection\u00bb _builder_version=\u00bb4.16&#8243; global_colors_info=\u00bb{}\u00bb][et_pb_row _builder_version=\u00bb4.27.2&#8243; _module_preset=\u00bbdefault\u00bb global_colors_info=\u00bb{}\u00bb][et_pb_column type=\u00bb4_4&#8243; _builder_version=\u00bb4.27.0&#8243; _module_preset=\u00bbdefault\u00bb global_colors_info=\u00bb{}\u00bb][et_pb_text _builder_version=\u00bb4.27.2&#8243; _module_preset=\u00bbdefault\u00bb global_colors_info=\u00bb{}\u00bb]<\/p>\n<div>\n<div>\n<p><span data-canva-clipboard=\"ewAiAGEAIgA6ADUALAAiAGgAIgA6ACIAdwB3AHcALgBjAGEAbgB2AGEALgBjAG8AbQAiACwAIgBjACIAOgAiAEQAQQBHAFcAdwBTAFEATwBVADgAWQAiACwAIgBpACIAOgAiAGMAZwBSADIAVABkAHMARABqAFcANgBHAGUAMQBwAG8AcwBUAFkAVwB1AHcAIgAsACIAYgAiADoAMQA3ADMAMQA4ADYANAA2ADUANAA0ADEAMAAsACIAQQA\/ACIAOgAiAEUAIgAsACIAQQAiADoAewAiAEEAIgA6AFsAewAiAEEAIgA6AHsAIgBBAD8AIgA6ACIAQQAiACwAIgBBACIAOgAiAEUAcwB0AGEAIABzAGUAbQBhAG4AYQAgAGUAbAAgAGMAbwBsAGUAZwBpAG8AIABTAGEAbABlAHMAaQBhAG4AbwBzACAAUwBhAG4AIABKAHUAYQBuACAAQgBvAHMAYwBvACAAZABlACAARwByAGEAbgBhAGQAYQAsACAAaABhACAAZABlAHMAcABlAGQAaQBkAG8AIABhACAAZABvAHMAIABnAHIAYQBuAGQAZQBzACAAYwBvAG0AcABhAPEAZQByAGEAcwAgAHAAbwByACAAcwB1ACAAagB1AGIAaQBsAGEAYwBpAPMAbgAuACAAXABuAEQAZQBzAHAAdQDpAHMAIABkAGUAIAB0AGEAbgB0AG8AcwAgAGEA8QBvAHMAIABkAGUAIABlAG4AcwBlAPEAYQBuAHoAYQAgAHkAIABkAGUAZABpAGMAYQBjAGkA8wBuACwAIABhACAAbABvAHMAIABtAOEAcwAgAHAAZQBxAHUAZQDxAG8AcwAgAGQAZQAgAGwAYQAgAGMAYQBzAGEALAAgAGwAYQAgAHMAZQDxAG8AIABIAGUAcgBtAGkAbgBpAGEAIABzAGUAIABkAGUAcwBwAGkAZABlACAAZABlACAAbABhACAAcQB1AGUAIABlAHMAIABzAHUAIABjAGEAcwBhACAAZABlAGoAYQBuAGQAbwAgAGUAbgAgAGUAbAAgAGMAbwByAGEAegDzAG4AIABkAGUAIABtAHUAYwBoAG8AcwAgAGQAZQAgAGwAbwBzACAAYQBsAHUAbQBuAG8AcwAgAHkAIABhAGwAdQBtAG4AYQBzACAAcQB1AGUAIABoAG8AeQAgAHkAYQAgAGUAcwB0AOEAbgAgAGUAbgAgAGUAdABhAHAAYQBzACAAcwB1AHAAZQByAGkAbwByAGUAcwAgAHUAbgAgAHIAZQBjAHUAZQByAGQAbwAgAGQAZQAgAGEAbQBvAHIAIAB5ACAAYwBhAHIAaQDxAG8AIABoAGEAYwBpAGEAIABlAGwAbABvAHMALgAgAFUAbgBhACAAbQB1AGoAZQByACAAcQB1AGUAIABoAGEAIABtAGEAcgBjAGEAZABvACwAIABkAGUAcwBkAGUAIABlAGwAIABpAG4AaQBjAGkAbwAgAGQAZQAgAGwAYQAgAGMAbwBuAGMAaQBlAG4AYwBpAGEAIABkAGUAIABuAHUAZQBzAHQAcgBvACAAYQBsAHUAbQBuAGEAZABvACwAIABsAG8AIABxAHUAZQAgAGUAcwAgAHMAZQByACAAYgB1AGUAbgBhAHMAIABwAGUAcgBzAG8AbgBhAHMAIAB5ACAAZQBuAHMAZQDxAGEAcgBsAGUAcwAgAHEAdQBlACAAYwBvAG4AIABhAG0AbwByACAAcwBlACAAYwBvAG4AcwBpAGcAdQBlACAAdABvAGQAbwAuACAAXABuAFkAIABhAHMA7QAgAGwAbwAgAGgAYQBuACAAbQBvAHMAdAByAGEAZABvACAAZQBzAHQAbwBzACAAYQBsAHUAbQBuAG8AcwAgAHEAdQBlACAAeQBhACAAaABvAHkAIABlAG4AIABkAO0AYQAgAGUAcwB0AOEAbgAgAGUAbgAgAGUAdABhAHAAYQBzACAAYwBvAG0AbwAgAGwAYQAgAEUAUwBPACAAeQAgAEIAYQBjAGgAaQBsAGwAZQByAGEAdABvACAAZQBuACAAbABhACAAZABlAHMAcABlAGQAaQBkAGEAIABkAGUAIABWAGkAcgBnAGkAbgBpAGEALgAgAFAAcgBvAGYAZQBzAG8AcgBhACAAZQBtAGIAbABlAG0A4QB0AGkAYwBhACAAZABlAGwAIABjAG8AbABlAGcAaQBvACAAZQBuACAAcwB1AHMAIABjAGwAYQBzAGUAcwAgAGQAZQAgAEgAaQBzAHQAbwByAGkAYQAsACAARwBlAG8AZwByAGEAZgDtAGEAIAB5ACAAZQBzAHQAYQAgAEwAZQBuAGcAdQBhACAAbQBhAGQAcgBlACwAIABMAGEAdADtAG4ALAAgAHEAdQBlACAAZABlAGYAaQBuAGkA8wAgAGQAZQAgAGwAYQAgAG0AZQBqAG8AcgAgAG0AYQBuAGUAcgBhACAAcABvAHMAaQBiAGwAZQAgAGMAdQDhAGwAIABlAHMAIABsAGEAIABmAGkAbgBhAGwAaQBkAGEAZAAgAGQAZQAgAHMAdQAgAHAAcgBvAGYAZQBzAGkA8wBuACAAeQAgAGMA8wBtAG8AIABjAG8AbgAgAGEAbQBvAHIAIABzAGUAIABsAGwAZQBnAGEAIABhACAAYwBhAGQAYQAgAHUAbgBvACAAZABlACAAbABvAHMAIABhAGwAdQBtAG4AbwBzACAAeQAgAGEAbAB1AG0AbgBhAHMAIABhACAAbABvAHMAIABxAHUAZQAgAGwAZQBzACAAZABhAHMAIABjAGwAYQBzAGUALgAgAFwAbgBVAG4AIABvAHIAZwB1AGwAbABvACAAZABlACAAbQB1AGoAZQByAGUAcwAgAHAAcgBvAGYAZQBzAGkAbwBuAGEAbABlAHMAIABxAHUAZQAgAHMAbwBuACAAbQB1AGUAcwB0AHIAYQAgAGQAZQAgAGwAYQAgAGQAZQBkAGkAYwBhAGMAaQDzAG4ALgAgAEQAZQBzAGQAZQAgAGUAbAAgAGMAbwBsAGUAZwBpAG8AIABzAGUAIABvAHMAIABkAGUAcwBlAGEAIABsAG8AIABtAGUAagBvAHIAIABlAG4AIABlAHMAdABhACAAbgB1AGUAdgBhACAAZQB0AGEAcABhAC4AIAAiAH0ALAAiAEIAIgA6AHsAIgBBACIAOgAiAFkAQQBGAGQASgB0ADgAZABBAFkAMAAsADAAIgAsACIAQQA\/ACIAOgAiAEIAXwAiAH0AfQBdAH0AfQA=\"><\/span><\/p>\n<div>\n<p><span>Esta semana el\u00a0alumnado de Grado de formaci\u00f3n Profesional viven unos d\u00edas de convivencia y acogida en San\u00a0Juan\u00a0<\/span>De Dios. Una jornadas marcadas por la solidaridad y el conocer uno de los proyectos de la congregaci\u00f3n que ha tenido como finalidad el Proyecto Personal de cada uno de nuestros alumnos y alumnas. \u00c9stos han aprendido a que en el mundo en que vivimos todos tenemos lugar y debemos tener la oportunidad de salir de situaciones adversas en las que nos podemos encontrar sin quererlo. As\u00ed, dos responsable de la congregaci\u00f3n In\u00e9s y Ver\u00f3nica nos mostraron c\u00f3mo trabajan el proyecto de la gente sin hogar.\u00a0<\/p>\n<\/div>\n<\/div>\n<p>De esto modo, el trabajar el proyecto personal el alumnado ha podido tener la conciencia que no importa de d\u00f3nde vengamos, cu\u00e1l sea nuestro idioma nativo o nuestras costumbres nuestro mundo puede cambiar en\u00a0cuesti\u00f3n de d\u00edas y es muy importante tener una red de personas con las que contar. Que deben de tener\u00a0<span style=\"font-size: 14px;\">\u00a0<\/span><b style=\"font-size: 14px;\">empat\u00eda y el respeto.<\/b><\/p>\n<p dir=\"ltr\"><span>Un d\u00eda provechoso, que tras actividades de autoconocimiento y grupales, acab\u00f3 con la visita a la\u00a0bas\u00edlica de San Juan\u00a0De Dios. Una maravilla de la ciudad que impresion\u00f3 a muchos de los alumnos y alumnas que acudieron a este gran d\u00eda. <\/span><\/p>\n<p>.<\/p>\n<\/div>\n<div>\n<div>\n<div>\n<div>\n<h3>\u00a0<\/h3>\n<h3>\u00a0<\/h3>\n<h3>\u00a0<\/h3>\n<p>&nbsp;<\/p>\n<\/div>\n<\/div>\n<\/div>\n<\/div>\n<p>&nbsp;<\/p>\n<p>[\/et_pb_text][et_pb_gallery _builder_version=\u00bb4.27.3&#8243; _module_preset=\u00bbdefault\u00bb gallery_ids=\u00bb19508,19509,19510,19511&#8243; show_title_and_caption=\u00bboff\u00bb hover_enabled=\u00bb0&#8243; sticky_enabled=\u00bb0&#8243;][\/et_pb_gallery][et_pb_gallery gallery_ids=\u00bb66327,66329,66330,66331&#8243; show_title_and_caption=\u00bboff\u00bb _builder_version=\u00bb4.27.3&#8243; _module_preset=\u00bbdefault\u00bb global_colors_info=\u00bb{}\u00bb][\/et_pb_gallery][\/et_pb_column][\/et_pb_row][\/et_pb_section]<\/p>\n","protected":false},"excerpt":{"rendered":"<p>El alumnado de 2\u00ba Grado de FP pasan un d\u00eda de convivencia en San Juan De Dios <\/p>\n","protected":false},"author":2,"featured_media":19506,"comment_status":"open","ping_status":"open","sticky":false,"template":"","format":"standard","meta":{"_et_pb_use_builder":"on","_et_pb_old_content":"","_et_gb_content_width":"","footnotes":""},"categories":[57,10,11,19,13,52,26],"tags":[],"class_list":["post-19505","post","type-post","status-publish","format-standard","has-post-thumbnail","hentry","category-bachillerato","category-centro-juvenil","category-colegio","category-eso","category-familia-salesiana","category-imagen-y-sonido","category-infantil"],"yoast_head":"<!-- This site is optimized with the Yoast SEO plugin v28.4 - https:\/\/yoast.com\/product\/yoast-seo-wordpress\/ -->\n<title>Convivencia FP - Colegio Salesiano<\/title>\n<meta name=\"description\" content=\"Aqu\u00ed puedes conocer toda la informaci\u00f3n sobre el inicio de curso 24-25 en Salesianos Granada: inicio de clases, calendario escolar, libros, ex\u00e1menes de septiembre 1\u00ba bto, venta de libros...\" \/>\n<meta name=\"robots\" content=\"index, follow, max-snippet:-1, max-image-preview:large, max-video-preview:-1\" \/>\n<link rel=\"canonical\" href=\"https:\/\/granada.salesianos.edu\/colegio\/blog\/convivencia-fp\/\" \/>\n<meta property=\"og:locale\" content=\"es_ES\" \/>\n<meta property=\"og:type\" content=\"article\" \/>\n<meta property=\"og:title\" content=\"Convivencia FP - Colegio Salesiano\" \/>\n<meta property=\"og:description\" content=\"Aqu\u00ed puedes conocer toda la informaci\u00f3n sobre el inicio de curso 24-25 en Salesianos Granada: inicio de clases, calendario escolar, libros, ex\u00e1menes de septiembre 1\u00ba bto, venta de libros...\" \/>\n<meta property=\"og:url\" content=\"https:\/\/granada.salesianos.edu\/colegio\/blog\/convivencia-fp\/\" \/>\n<meta property=\"og:site_name\" content=\"Colegio Salesiano\" \/>\n<meta property=\"article:publisher\" content=\"https:\/\/www.facebook.com\/SalesianosGR\/\" \/>\n<meta property=\"article:published_time\" content=\"2024-11-24T08:15:41+00:00\" \/>\n<meta property=\"article:modified_time\" content=\"2024-11-26T08:17:47+00:00\" \/>\n<meta property=\"og:image\" content=\"https:\/\/granada.salesianos.edu\/colegio\/wp-content\/uploads\/sites\/2\/2024\/11\/WhatsApp-Image-2024-11-19-at-17.12.31.jpeg\" \/>\n\t<meta property=\"og:image:width\" content=\"2000\" \/>\n\t<meta property=\"og:image:height\" content=\"1126\" \/>\n\t<meta property=\"og:image:type\" content=\"image\/jpeg\" \/>\n<meta name=\"author\" content=\"Gestor Web\" \/>\n<meta name=\"twitter:card\" content=\"summary_large_image\" \/>\n<meta name=\"twitter:creator\" content=\"@GranadaSDB\" \/>\n<meta name=\"twitter:site\" content=\"@GranadaSDB\" \/>\n<meta name=\"twitter:label1\" content=\"Escrito por\" \/>\n\t<meta name=\"twitter:data1\" content=\"Gestor Web\" \/>\n\t<meta name=\"twitter:label2\" content=\"Tiempo de lectura\" \/>\n\t<meta name=\"twitter:data2\" content=\"3 minutos\" \/>\n<script type=\"application\/ld+json\" class=\"yoast-schema-graph\">{\"@context\":\"https:\\\/\\\/schema.org\",\"@graph\":[{\"@type\":\"Article\",\"@id\":\"https:\\\/\\\/granada.salesianos.edu\\\/colegio\\\/blog\\\/convivencia-fp\\\/#article\",\"isPartOf\":{\"@id\":\"https:\\\/\\\/granada.salesianos.edu\\\/colegio\\\/blog\\\/convivencia-fp\\\/\"},\"author\":{\"name\":\"Gestor Web\",\"@id\":\"https:\\\/\\\/granada.salesianos.edu\\\/colegio\\\/#\\\/schema\\\/person\\\/6392ff2e4bd1e66981d6eab734bbd962\"},\"headline\":\"Convivencia FP\",\"datePublished\":\"2024-11-24T08:15:41+00:00\",\"dateModified\":\"2024-11-26T08:17:47+00:00\",\"mainEntityOfPage\":{\"@id\":\"https:\\\/\\\/granada.salesianos.edu\\\/colegio\\\/blog\\\/convivencia-fp\\\/\"},\"wordCount\":326,\"commentCount\":0,\"publisher\":{\"@id\":\"https:\\\/\\\/granada.salesianos.edu\\\/colegio\\\/#organization\"},\"image\":{\"@id\":\"https:\\\/\\\/granada.salesianos.edu\\\/colegio\\\/blog\\\/convivencia-fp\\\/#primaryimage\"},\"thumbnailUrl\":\"https:\\\/\\\/granada.salesianos.edu\\\/colegio\\\/wp-content\\\/uploads\\\/sites\\\/2\\\/2024\\\/11\\\/WhatsApp-Image-2024-11-19-at-17.12.31.jpeg\",\"articleSection\":[\"Bachillerato\",\"Centro Juvenil\",\"Colegio\",\"ESO\",\"Familia Salesiana\",\"Imagen y Sonido\",\"Infantil\"],\"inLanguage\":\"es\",\"potentialAction\":[{\"@type\":\"CommentAction\",\"name\":\"Comment\",\"target\":[\"https:\\\/\\\/granada.salesianos.edu\\\/colegio\\\/blog\\\/convivencia-fp\\\/#respond\"]}]},{\"@type\":\"WebPage\",\"@id\":\"https:\\\/\\\/granada.salesianos.edu\\\/colegio\\\/blog\\\/convivencia-fp\\\/\",\"url\":\"https:\\\/\\\/granada.salesianos.edu\\\/colegio\\\/blog\\\/convivencia-fp\\\/\",\"name\":\"Convivencia FP - Colegio Salesiano\",\"isPartOf\":{\"@id\":\"https:\\\/\\\/granada.salesianos.edu\\\/colegio\\\/#website\"},\"primaryImageOfPage\":{\"@id\":\"https:\\\/\\\/granada.salesianos.edu\\\/colegio\\\/blog\\\/convivencia-fp\\\/#primaryimage\"},\"image\":{\"@id\":\"https:\\\/\\\/granada.salesianos.edu\\\/colegio\\\/blog\\\/convivencia-fp\\\/#primaryimage\"},\"thumbnailUrl\":\"https:\\\/\\\/granada.salesianos.edu\\\/colegio\\\/wp-content\\\/uploads\\\/sites\\\/2\\\/2024\\\/11\\\/WhatsApp-Image-2024-11-19-at-17.12.31.jpeg\",\"datePublished\":\"2024-11-24T08:15:41+00:00\",\"dateModified\":\"2024-11-26T08:17:47+00:00\",\"description\":\"Aqu\u00ed puedes conocer toda la informaci\u00f3n sobre el inicio de curso 24-25 en Salesianos Granada: inicio de clases, calendario escolar, libros, ex\u00e1menes de septiembre 1\u00ba bto, venta de libros...\",\"breadcrumb\":{\"@id\":\"https:\\\/\\\/granada.salesianos.edu\\\/colegio\\\/blog\\\/convivencia-fp\\\/#breadcrumb\"},\"inLanguage\":\"es\",\"potentialAction\":[{\"@type\":\"ReadAction\",\"target\":[\"https:\\\/\\\/granada.salesianos.edu\\\/colegio\\\/blog\\\/convivencia-fp\\\/\"]}]},{\"@type\":\"ImageObject\",\"inLanguage\":\"es\",\"@id\":\"https:\\\/\\\/granada.salesianos.edu\\\/colegio\\\/blog\\\/convivencia-fp\\\/#primaryimage\",\"url\":\"https:\\\/\\\/granada.salesianos.edu\\\/colegio\\\/wp-content\\\/uploads\\\/sites\\\/2\\\/2024\\\/11\\\/WhatsApp-Image-2024-11-19-at-17.12.31.jpeg\",\"contentUrl\":\"https:\\\/\\\/granada.salesianos.edu\\\/colegio\\\/wp-content\\\/uploads\\\/sites\\\/2\\\/2024\\\/11\\\/WhatsApp-Image-2024-11-19-at-17.12.31.jpeg\",\"width\":2000,\"height\":1126},{\"@type\":\"BreadcrumbList\",\"@id\":\"https:\\\/\\\/granada.salesianos.edu\\\/colegio\\\/blog\\\/convivencia-fp\\\/#breadcrumb\",\"itemListElement\":[{\"@type\":\"ListItem\",\"position\":1,\"name\":\"Portada\",\"item\":\"https:\\\/\\\/granada.salesianos.edu\\\/colegio\\\/\"},{\"@type\":\"ListItem\",\"position\":2,\"name\":\"Convivencia FP\"}]},{\"@type\":\"WebSite\",\"@id\":\"https:\\\/\\\/granada.salesianos.edu\\\/colegio\\\/#website\",\"url\":\"https:\\\/\\\/granada.salesianos.edu\\\/colegio\\\/\",\"name\":\"Colegio Salesiano\",\"description\":\"P\u00e1gina oficial de Salesianos Granada San Juan Bosco\",\"publisher\":{\"@id\":\"https:\\\/\\\/granada.salesianos.edu\\\/colegio\\\/#organization\"},\"potentialAction\":[{\"@type\":\"SearchAction\",\"target\":{\"@type\":\"EntryPoint\",\"urlTemplate\":\"https:\\\/\\\/granada.salesianos.edu\\\/colegio\\\/?s={search_term_string}\"},\"query-input\":{\"@type\":\"PropertyValueSpecification\",\"valueRequired\":true,\"valueName\":\"search_term_string\"}}],\"inLanguage\":\"es\"},{\"@type\":\"Organization\",\"@id\":\"https:\\\/\\\/granada.salesianos.edu\\\/colegio\\\/#organization\",\"name\":\"Colegio Salesiano San Juan Bosco Granada\",\"url\":\"https:\\\/\\\/granada.salesianos.edu\\\/colegio\\\/\",\"logo\":{\"@type\":\"ImageObject\",\"inLanguage\":\"es\",\"@id\":\"https:\\\/\\\/granada.salesianos.edu\\\/colegio\\\/#\\\/schema\\\/logo\\\/image\\\/\",\"url\":\"https:\\\/\\\/granada.salesianos.edu\\\/colegio\\\/wp-content\\\/uploads\\\/sites\\\/2\\\/2021\\\/01\\\/GRANADAobraVN2.jpg\",\"contentUrl\":\"https:\\\/\\\/granada.salesianos.edu\\\/colegio\\\/wp-content\\\/uploads\\\/sites\\\/2\\\/2021\\\/01\\\/GRANADAobraVN2.jpg\",\"width\":2113,\"height\":1894,\"caption\":\"Colegio Salesiano San Juan Bosco Granada\"},\"image\":{\"@id\":\"https:\\\/\\\/granada.salesianos.edu\\\/colegio\\\/#\\\/schema\\\/logo\\\/image\\\/\"},\"sameAs\":[\"https:\\\/\\\/www.facebook.com\\\/SalesianosGR\\\/\",\"https:\\\/\\\/x.com\\\/GranadaSDB\",\"https:\\\/\\\/www.instagram.com\\\/salesianosgranada\\\/\",\"https:\\\/\\\/www.youtube.com\\\/channel\\\/UChkpZuhCf4Y5rYIcFT3CNxw?view_as=subscriber\"]},{\"@type\":\"Person\",\"@id\":\"https:\\\/\\\/granada.salesianos.edu\\\/colegio\\\/#\\\/schema\\\/person\\\/6392ff2e4bd1e66981d6eab734bbd962\",\"name\":\"Gestor Web\",\"image\":{\"@type\":\"ImageObject\",\"inLanguage\":\"es\",\"@id\":\"https:\\\/\\\/secure.gravatar.com\\\/avatar\\\/160666bb56a01520857079961a824af2b7821d6bad80677c80f2b473fceead1b?s=96&d=mm&r=g\",\"url\":\"https:\\\/\\\/secure.gravatar.com\\\/avatar\\\/160666bb56a01520857079961a824af2b7821d6bad80677c80f2b473fceead1b?s=96&d=mm&r=g\",\"contentUrl\":\"https:\\\/\\\/secure.gravatar.com\\\/avatar\\\/160666bb56a01520857079961a824af2b7821d6bad80677c80f2b473fceead1b?s=96&d=mm&r=g\",\"caption\":\"Gestor Web\"}}]}<\/script>\n<!-- \/ Yoast SEO plugin. -->","yoast_head_json":{"title":"Convivencia FP - Colegio Salesiano","description":"Aqu\u00ed puedes conocer toda la informaci\u00f3n sobre el inicio de curso 24-25 en Salesianos Granada: inicio de clases, calendario escolar, libros, ex\u00e1menes de septiembre 1\u00ba bto, venta de libros...","robots":{"index":"index","follow":"follow","max-snippet":"max-snippet:-1","max-image-preview":"max-image-preview:large","max-video-preview":"max-video-preview:-1"},"canonical":"https:\/\/granada.salesianos.edu\/colegio\/blog\/convivencia-fp\/","og_locale":"es_ES","og_type":"article","og_title":"Convivencia FP - Colegio Salesiano","og_description":"Aqu\u00ed puedes conocer toda la informaci\u00f3n sobre el inicio de curso 24-25 en Salesianos Granada: inicio de clases, calendario escolar, libros, ex\u00e1menes de septiembre 1\u00ba bto, venta de libros...","og_url":"https:\/\/granada.salesianos.edu\/colegio\/blog\/convivencia-fp\/","og_site_name":"Colegio Salesiano","article_publisher":"https:\/\/www.facebook.com\/SalesianosGR\/","article_published_time":"2024-11-24T08:15:41+00:00","article_modified_time":"2024-11-26T08:17:47+00:00","og_image":[{"width":2000,"height":1126,"url":"https:\/\/granada.salesianos.edu\/colegio\/wp-content\/uploads\/sites\/2\/2024\/11\/WhatsApp-Image-2024-11-19-at-17.12.31.jpeg","type":"image\/jpeg"}],"author":"Gestor Web","twitter_card":"summary_large_image","twitter_creator":"@GranadaSDB","twitter_site":"@GranadaSDB","twitter_misc":{"Escrito por":"Gestor Web","Tiempo de lectura":"3 minutos"},"schema":{"@context":"https:\/\/schema.org","@graph":[{"@type":"Article","@id":"https:\/\/granada.salesianos.edu\/colegio\/blog\/convivencia-fp\/#article","isPartOf":{"@id":"https:\/\/granada.salesianos.edu\/colegio\/blog\/convivencia-fp\/"},"author":{"name":"Gestor Web","@id":"https:\/\/granada.salesianos.edu\/colegio\/#\/schema\/person\/6392ff2e4bd1e66981d6eab734bbd962"},"headline":"Convivencia FP","datePublished":"2024-11-24T08:15:41+00:00","dateModified":"2024-11-26T08:17:47+00:00","mainEntityOfPage":{"@id":"https:\/\/granada.salesianos.edu\/colegio\/blog\/convivencia-fp\/"},"wordCount":326,"commentCount":0,"publisher":{"@id":"https:\/\/granada.salesianos.edu\/colegio\/#organization"},"image":{"@id":"https:\/\/granada.salesianos.edu\/colegio\/blog\/convivencia-fp\/#primaryimage"},"thumbnailUrl":"https:\/\/granada.salesianos.edu\/colegio\/wp-content\/uploads\/sites\/2\/2024\/11\/WhatsApp-Image-2024-11-19-at-17.12.31.jpeg","articleSection":["Bachillerato","Centro Juvenil","Colegio","ESO","Familia Salesiana","Imagen y Sonido","Infantil"],"inLanguage":"es","potentialAction":[{"@type":"CommentAction","name":"Comment","target":["https:\/\/granada.salesianos.edu\/colegio\/blog\/convivencia-fp\/#respond"]}]},{"@type":"WebPage","@id":"https:\/\/granada.salesianos.edu\/colegio\/blog\/convivencia-fp\/","url":"https:\/\/granada.salesianos.edu\/colegio\/blog\/convivencia-fp\/","name":"Convivencia FP - Colegio Salesiano","isPartOf":{"@id":"https:\/\/granada.salesianos.edu\/colegio\/#website"},"primaryImageOfPage":{"@id":"https:\/\/granada.salesianos.edu\/colegio\/blog\/convivencia-fp\/#primaryimage"},"image":{"@id":"https:\/\/granada.salesianos.edu\/colegio\/blog\/convivencia-fp\/#primaryimage"},"thumbnailUrl":"https:\/\/granada.salesianos.edu\/colegio\/wp-content\/uploads\/sites\/2\/2024\/11\/WhatsApp-Image-2024-11-19-at-17.12.31.jpeg","datePublished":"2024-11-24T08:15:41+00:00","dateModified":"2024-11-26T08:17:47+00:00","description":"Aqu\u00ed puedes conocer toda la informaci\u00f3n sobre el inicio de curso 24-25 en Salesianos Granada: inicio de clases, calendario escolar, libros, ex\u00e1menes de septiembre 1\u00ba bto, venta de libros...","breadcrumb":{"@id":"https:\/\/granada.salesianos.edu\/colegio\/blog\/convivencia-fp\/#breadcrumb"},"inLanguage":"es","potentialAction":[{"@type":"ReadAction","target":["https:\/\/granada.salesianos.edu\/colegio\/blog\/convivencia-fp\/"]}]},{"@type":"ImageObject","inLanguage":"es","@id":"https:\/\/granada.salesianos.edu\/colegio\/blog\/convivencia-fp\/#primaryimage","url":"https:\/\/granada.salesianos.edu\/colegio\/wp-content\/uploads\/sites\/2\/2024\/11\/WhatsApp-Image-2024-11-19-at-17.12.31.jpeg","contentUrl":"https:\/\/granada.salesianos.edu\/colegio\/wp-content\/uploads\/sites\/2\/2024\/11\/WhatsApp-Image-2024-11-19-at-17.12.31.jpeg","width":2000,"height":1126},{"@type":"BreadcrumbList","@id":"https:\/\/granada.salesianos.edu\/colegio\/blog\/convivencia-fp\/#breadcrumb","itemListElement":[{"@type":"ListItem","position":1,"name":"Portada","item":"https:\/\/granada.salesianos.edu\/colegio\/"},{"@type":"ListItem","position":2,"name":"Convivencia FP"}]},{"@type":"WebSite","@id":"https:\/\/granada.salesianos.edu\/colegio\/#website","url":"https:\/\/granada.salesianos.edu\/colegio\/","name":"Colegio Salesiano","description":"P\u00e1gina oficial de Salesianos Granada San Juan Bosco","publisher":{"@id":"https:\/\/granada.salesianos.edu\/colegio\/#organization"},"potentialAction":[{"@type":"SearchAction","target":{"@type":"EntryPoint","urlTemplate":"https:\/\/granada.salesianos.edu\/colegio\/?s={search_term_string}"},"query-input":{"@type":"PropertyValueSpecification","valueRequired":true,"valueName":"search_term_string"}}],"inLanguage":"es"},{"@type":"Organization","@id":"https:\/\/granada.salesianos.edu\/colegio\/#organization","name":"Colegio Salesiano San Juan Bosco Granada","url":"https:\/\/granada.salesianos.edu\/colegio\/","logo":{"@type":"ImageObject","inLanguage":"es","@id":"https:\/\/granada.salesianos.edu\/colegio\/#\/schema\/logo\/image\/","url":"https:\/\/granada.salesianos.edu\/colegio\/wp-content\/uploads\/sites\/2\/2021\/01\/GRANADAobraVN2.jpg","contentUrl":"https:\/\/granada.salesianos.edu\/colegio\/wp-content\/uploads\/sites\/2\/2021\/01\/GRANADAobraVN2.jpg","width":2113,"height":1894,"caption":"Colegio Salesiano San Juan Bosco Granada"},"image":{"@id":"https:\/\/granada.salesianos.edu\/colegio\/#\/schema\/logo\/image\/"},"sameAs":["https:\/\/www.facebook.com\/SalesianosGR\/","https:\/\/x.com\/GranadaSDB","https:\/\/www.instagram.com\/salesianosgranada\/","https:\/\/www.youtube.com\/channel\/UChkpZuhCf4Y5rYIcFT3CNxw?view_as=subscriber"]},{"@type":"Person","@id":"https:\/\/granada.salesianos.edu\/colegio\/#\/schema\/person\/6392ff2e4bd1e66981d6eab734bbd962","name":"Gestor Web","image":{"@type":"ImageObject","inLanguage":"es","@id":"https:\/\/secure.gravatar.com\/avatar\/160666bb56a01520857079961a824af2b7821d6bad80677c80f2b473fceead1b?s=96&d=mm&r=g","url":"https:\/\/secure.gravatar.com\/avatar\/160666bb56a01520857079961a824af2b7821d6bad80677c80f2b473fceead1b?s=96&d=mm&r=g","contentUrl":"https:\/\/secure.gravatar.com\/avatar\/160666bb56a01520857079961a824af2b7821d6bad80677c80f2b473fceead1b?s=96&d=mm&r=g","caption":"Gestor Web"}}]}},"_links":{"self":[{"href":"https:\/\/granada.salesianos.edu\/colegio\/wp-json\/wp\/v2\/posts\/19505","targetHints":{"allow":["GET"]}}],"collection":[{"href":"https:\/\/granada.salesianos.edu\/colegio\/wp-json\/wp\/v2\/posts"}],"about":[{"href":"https:\/\/granada.salesianos.edu\/colegio\/wp-json\/wp\/v2\/types\/post"}],"author":[{"embeddable":true,"href":"https:\/\/granada.salesianos.edu\/colegio\/wp-json\/wp\/v2\/users\/2"}],"replies":[{"embeddable":true,"href":"https:\/\/granada.salesianos.edu\/colegio\/wp-json\/wp\/v2\/comments?post=19505"}],"version-history":[{"count":3,"href":"https:\/\/granada.salesianos.edu\/colegio\/wp-json\/wp\/v2\/posts\/19505\/revisions"}],"predecessor-version":[{"id":19514,"href":"https:\/\/granada.salesianos.edu\/colegio\/wp-json\/wp\/v2\/posts\/19505\/revisions\/19514"}],"wp:featuredmedia":[{"embeddable":true,"href":"https:\/\/granada.salesianos.edu\/colegio\/wp-json\/wp\/v2\/media\/19506"}],"wp:attachment":[{"href":"https:\/\/granada.salesianos.edu\/colegio\/wp-json\/wp\/v2\/media?parent=19505"}],"wp:term":[{"taxonomy":"category","embeddable":true,"href":"https:\/\/granada.salesianos.edu\/colegio\/wp-json\/wp\/v2\/categories?post=19505"},{"taxonomy":"post_tag","embeddable":true,"href":"https:\/\/granada.salesianos.edu\/colegio\/wp-json\/wp\/v2\/tags?post=19505"}],"curies":[{"name":"wp","href":"https:\/\/api.w.org\/{rel}","templated":true}]}}