{"id":19598,"date":"2024-12-17T14:32:50","date_gmt":"2024-12-17T12:32:50","guid":{"rendered":"https:\/\/granada.salesianos.edu\/colegio\/?p=19598"},"modified":"2024-12-22T15:00:36","modified_gmt":"2024-12-22T13:00:36","slug":"tallermarcapersonal1obachillerato","status":"publish","type":"post","link":"https:\/\/granada.salesianos.edu\/colegio\/blog\/tallermarcapersonal1obachillerato\/","title":{"rendered":"Taller \u00abTU MARCA PERSONAL\u00bb para 1\u00baBTO"},"content":{"rendered":"<div id=\"fb-root\"><\/div>\n<p>[et_pb_section fb_built=\u00bb1&#8243; admin_label=\u00bbsection\u00bb _builder_version=\u00bb4.16&#8243; global_colors_info=\u00bb{}\u00bb][et_pb_row _builder_version=\u00bb4.27.2&#8243; _module_preset=\u00bbdefault\u00bb global_colors_info=\u00bb{}\u00bb][et_pb_column type=\u00bb4_4&#8243; _builder_version=\u00bb4.27.0&#8243; _module_preset=\u00bbdefault\u00bb global_colors_info=\u00bb{}\u00bb][et_pb_text _builder_version=\u00bb4.27.4&#8243; _module_preset=\u00bbdefault\u00bb global_colors_info=\u00bb{}\u00bb]<\/p>\n<p style=\"text-align: justify;\">Todos tenemos una marca personal, los alumnos de 1\u00ba de BTO han realizado el taller \u00abMarca Personal: Tu identidad, tu futuro\u00bb en colaboraci\u00f3n con la <a href=\"https:\/\/universidadeuropea.com\/\"><strong>UNIVERSIDAD EUROPEA<\/strong><\/a>. Trabajaron la importancia de construir una identidad s\u00f3lida y aut\u00e9ntica, c\u00f3mo destacar en un mundo conectado y competitivo y aprendieron a gestionar su presencia en redes de manera responsable y efectiva.<\/p>\n<p><strong>Los objetivos de este taller han sido:<\/strong><\/p>\n<ul>\n<li>Entender la importancia de construir una identidad s\u00f3lida y aut\u00e9ntica.<\/li>\n<li>Descubrir c\u00f3mo destacar en un mundo conectado y competitivo.<\/li>\n<li>Gestionar su presencia en redes de manera responsable y efectiva.<\/li>\n<\/ul>\n<p><strong>En esta charla, los alumnos aprender\u00e1n a:<\/strong><\/p>\n<ul>\n<li>\u00bfQu\u00e9 es la marca personal?<\/li>\n<li>Explicaci\u00f3n sencilla del concepto como la huella que dejamos en los dem\u00e1s.<\/li>\n<li>Ejemplos de figuras conocidas como Ibai Llanos, Rafa Nadal y Chiara Ferragni para conectar con los alumnos.<\/li>\n<li>Por qu\u00e9 es importante trabajar la marca personal.<\/li>\n<\/ul>\n<p><strong>Los pilares de la marca personal:<\/strong><\/p>\n<ul>\n<li>Comunicaci\u00f3n: La importancia de lo que decimos y c\u00f3mo lo decimos.<\/li>\n<li>Personalidad: Ser aut\u00e9ntico y coherente en diferentes situaciones.<\/li>\n<li>Proyecci\u00f3n: Reflexionar sobre qui\u00e9nes son ahora y qu\u00e9 quieren ser en el futuro.<\/li>\n<li>Autoconocimiento: La base para construir la marca personal.<\/li>\n<\/ul>\n<p><strong>El impacto de la identidad digital:<\/strong><\/p>\n<ul>\n<li>C\u00f3mo su huella en redes sociales influye en su imagen personal.<\/li>\n<li>Consejos pr\u00e1cticos para cuidar su reputaci\u00f3n online.<\/li>\n<\/ul>\n<p style=\"text-align: justify;\">Desde Salesianos trabajamos por la formaci\u00f3n integral de nuestros alumnos y esta actividad ayuda a construir el modelo de persona y de alumno que queremos.<br \/>No podemos dejar de agradecer a Laura y a la <a href=\"https:\/\/universidadeuropea.com\">UNIVERSIDAD EUROPEA<\/a> por esta formaci\u00f3n que han impartido a nuestros alumnos.<\/p>\n<p>[\/et_pb_text][\/et_pb_column][\/et_pb_row][et_pb_row column_structure=\u00bb1_2,1_2&#8243; _builder_version=\u00bb4.27.4&#8243; _module_preset=\u00bbdefault\u00bb global_colors_info=\u00bb{}\u00bb][et_pb_column type=\u00bb1_2&#8243; _builder_version=\u00bb4.27.4&#8243; _module_preset=\u00bbdefault\u00bb global_colors_info=\u00bb{}\u00bb][et_pb_image src=\u00bbhttps:\/\/granada.salesianos.edu\/wp-content\/uploads\/2024\/12\/WhatsApp-Image-2024-12-17-at-10.12.15-1.jpeg\u00bb title_text=\u00bbWhatsApp Image 2024-12-17 at 10.12.15 (1)\u00bb _builder_version=\u00bb4.27.4&#8243; _module_preset=\u00bbdefault\u00bb global_colors_info=\u00bb{}\u00bb][\/et_pb_image][et_pb_image src=\u00bbhttps:\/\/granada.salesianos.edu\/wp-content\/uploads\/2024\/12\/WhatsApp-Image-2024-12-17-at-10.12.15.jpeg\u00bb title_text=\u00bbWhatsApp Image 2024-12-17 at 10.12.15&#8243; _builder_version=\u00bb4.27.4&#8243; _module_preset=\u00bbdefault\u00bb global_colors_info=\u00bb{}\u00bb][\/et_pb_image][\/et_pb_column][et_pb_column type=\u00bb1_2&#8243; _builder_version=\u00bb4.27.4&#8243; _module_preset=\u00bbdefault\u00bb global_colors_info=\u00bb{}\u00bb][et_pb_image src=\u00bbhttps:\/\/granada.salesianos.edu\/wp-content\/uploads\/2024\/12\/WhatsApp-Image-2024-12-17-at-10.12.14.jpeg\u00bb title_text=\u00bbWhatsApp Image 2024-12-17 at 10.12.14&#8243; _builder_version=\u00bb4.27.4&#8243; _module_preset=\u00bbdefault\u00bb global_colors_info=\u00bb{}\u00bb][\/et_pb_image][et_pb_image src=\u00bbhttps:\/\/granada.salesianos.edu\/wp-content\/uploads\/2024\/12\/WhatsApp-Image-2024-12-17-at-10.12.15-2.jpeg\u00bb title_text=\u00bbWhatsApp Image 2024-12-17 at 10.12.15 (2)\u00bb _builder_version=\u00bb4.27.4&#8243; _module_preset=\u00bbdefault\u00bb global_colors_info=\u00bb{}\u00bb][\/et_pb_image][\/et_pb_column][\/et_pb_row][\/et_pb_section]<\/p>\n","protected":false},"excerpt":{"rendered":"<p>En Salesianos Granada, en colaboraci\u00f3n con la Universidad Europea, formamos a nuestros alumnos de bachillerato para cuidar su MARCA PERSONAL.<\/p>\n","protected":false},"author":2,"featured_media":19599,"comment_status":"open","ping_status":"open","sticky":false,"template":"","format":"standard","meta":{"_et_pb_use_builder":"on","_et_pb_old_content":"","_et_gb_content_width":"","footnotes":""},"categories":[57,20,10],"tags":[],"class_list":["post-19598","post","type-post","status-publish","format-standard","has-post-thumbnail","hentry","category-bachillerato","category-bto","category-centro-juvenil"],"yoast_head":"<!-- This site is optimized with the Yoast SEO plugin v28.4 - https:\/\/yoast.com\/product\/yoast-seo-wordpress\/ -->\n<title>Taller \u00abTU MARCA PERSONAL\u00bb para 1\u00baBTO - Colegio Salesiano<\/title>\n<meta name=\"description\" content=\"En Salesianos Granada, en colaboraci\u00f3n con la Universidad Europea, formamos a nuestros alumnos de bachillerato para cuidar su MARCA PERSONAL. Bachillerato concertado.\" \/>\n<meta name=\"robots\" content=\"index, follow, max-snippet:-1, max-image-preview:large, max-video-preview:-1\" \/>\n<link rel=\"canonical\" href=\"https:\/\/granada.salesianos.edu\/colegio\/blog\/tallermarcapersonal1obachillerato\/\" \/>\n<meta property=\"og:locale\" content=\"es_ES\" \/>\n<meta property=\"og:type\" content=\"article\" \/>\n<meta property=\"og:title\" content=\"Taller \u00abTU MARCA PERSONAL\u00bb para 1\u00baBTO - Colegio Salesiano\" \/>\n<meta property=\"og:description\" content=\"En Salesianos Granada, en colaboraci\u00f3n con la Universidad Europea, formamos a nuestros alumnos de bachillerato para cuidar su MARCA PERSONAL. Bachillerato concertado.\" \/>\n<meta property=\"og:url\" content=\"https:\/\/granada.salesianos.edu\/colegio\/blog\/tallermarcapersonal1obachillerato\/\" \/>\n<meta property=\"og:site_name\" content=\"Colegio Salesiano\" \/>\n<meta property=\"article:publisher\" content=\"https:\/\/www.facebook.com\/SalesianosGR\/\" \/>\n<meta property=\"article:published_time\" content=\"2024-12-17T12:32:50+00:00\" \/>\n<meta property=\"article:modified_time\" content=\"2024-12-22T13:00:36+00:00\" \/>\n<meta property=\"og:image\" content=\"https:\/\/granada.salesianos.edu\/colegio\/wp-content\/uploads\/sites\/2\/2024\/12\/WhatsApp-Image-2024-12-17-at-10.12.15.jpeg\" \/>\n\t<meta property=\"og:image:width\" content=\"1200\" \/>\n\t<meta property=\"og:image:height\" content=\"900\" \/>\n\t<meta property=\"og:image:type\" content=\"image\/jpeg\" \/>\n<meta name=\"author\" content=\"Gestor Web\" \/>\n<meta name=\"twitter:card\" content=\"summary_large_image\" \/>\n<meta name=\"twitter:creator\" content=\"@GranadaSDB\" \/>\n<meta name=\"twitter:site\" content=\"@GranadaSDB\" \/>\n<meta name=\"twitter:label1\" content=\"Escrito por\" \/>\n\t<meta name=\"twitter:data1\" content=\"Gestor Web\" \/>\n\t<meta name=\"twitter:label2\" content=\"Tiempo de lectura\" \/>\n\t<meta name=\"twitter:data2\" content=\"3 minutos\" \/>\n<script type=\"application\/ld+json\" class=\"yoast-schema-graph\">{\"@context\":\"https:\\\/\\\/schema.org\",\"@graph\":[{\"@type\":\"Article\",\"@id\":\"https:\\\/\\\/granada.salesianos.edu\\\/colegio\\\/blog\\\/tallermarcapersonal1obachillerato\\\/#article\",\"isPartOf\":{\"@id\":\"https:\\\/\\\/granada.salesianos.edu\\\/colegio\\\/blog\\\/tallermarcapersonal1obachillerato\\\/\"},\"author\":{\"name\":\"Gestor Web\",\"@id\":\"https:\\\/\\\/granada.salesianos.edu\\\/colegio\\\/#\\\/schema\\\/person\\\/6392ff2e4bd1e66981d6eab734bbd962\"},\"headline\":\"Taller \u00abTU MARCA PERSONAL\u00bb para 1\u00baBTO\",\"datePublished\":\"2024-12-17T12:32:50+00:00\",\"dateModified\":\"2024-12-22T13:00:36+00:00\",\"mainEntityOfPage\":{\"@id\":\"https:\\\/\\\/granada.salesianos.edu\\\/colegio\\\/blog\\\/tallermarcapersonal1obachillerato\\\/\"},\"wordCount\":523,\"commentCount\":0,\"publisher\":{\"@id\":\"https:\\\/\\\/granada.salesianos.edu\\\/colegio\\\/#organization\"},\"image\":{\"@id\":\"https:\\\/\\\/granada.salesianos.edu\\\/colegio\\\/blog\\\/tallermarcapersonal1obachillerato\\\/#primaryimage\"},\"thumbnailUrl\":\"https:\\\/\\\/granada.salesianos.edu\\\/colegio\\\/wp-content\\\/uploads\\\/sites\\\/2\\\/2024\\\/12\\\/WhatsApp-Image-2024-12-17-at-10.12.15.jpeg\",\"articleSection\":[\"Bachillerato\",\"BTO\",\"Centro Juvenil\"],\"inLanguage\":\"es\",\"potentialAction\":[{\"@type\":\"CommentAction\",\"name\":\"Comment\",\"target\":[\"https:\\\/\\\/granada.salesianos.edu\\\/colegio\\\/blog\\\/tallermarcapersonal1obachillerato\\\/#respond\"]}]},{\"@type\":\"WebPage\",\"@id\":\"https:\\\/\\\/granada.salesianos.edu\\\/colegio\\\/blog\\\/tallermarcapersonal1obachillerato\\\/\",\"url\":\"https:\\\/\\\/granada.salesianos.edu\\\/colegio\\\/blog\\\/tallermarcapersonal1obachillerato\\\/\",\"name\":\"Taller \u00abTU MARCA PERSONAL\u00bb para 1\u00baBTO - Colegio Salesiano\",\"isPartOf\":{\"@id\":\"https:\\\/\\\/granada.salesianos.edu\\\/colegio\\\/#website\"},\"primaryImageOfPage\":{\"@id\":\"https:\\\/\\\/granada.salesianos.edu\\\/colegio\\\/blog\\\/tallermarcapersonal1obachillerato\\\/#primaryimage\"},\"image\":{\"@id\":\"https:\\\/\\\/granada.salesianos.edu\\\/colegio\\\/blog\\\/tallermarcapersonal1obachillerato\\\/#primaryimage\"},\"thumbnailUrl\":\"https:\\\/\\\/granada.salesianos.edu\\\/colegio\\\/wp-content\\\/uploads\\\/sites\\\/2\\\/2024\\\/12\\\/WhatsApp-Image-2024-12-17-at-10.12.15.jpeg\",\"datePublished\":\"2024-12-17T12:32:50+00:00\",\"dateModified\":\"2024-12-22T13:00:36+00:00\",\"description\":\"En Salesianos Granada, en colaboraci\u00f3n con la Universidad Europea, formamos a nuestros alumnos de bachillerato para cuidar su MARCA PERSONAL. Bachillerato concertado.\",\"breadcrumb\":{\"@id\":\"https:\\\/\\\/granada.salesianos.edu\\\/colegio\\\/blog\\\/tallermarcapersonal1obachillerato\\\/#breadcrumb\"},\"inLanguage\":\"es\",\"potentialAction\":[{\"@type\":\"ReadAction\",\"target\":[\"https:\\\/\\\/granada.salesianos.edu\\\/colegio\\\/blog\\\/tallermarcapersonal1obachillerato\\\/\"]}]},{\"@type\":\"ImageObject\",\"inLanguage\":\"es\",\"@id\":\"https:\\\/\\\/granada.salesianos.edu\\\/colegio\\\/blog\\\/tallermarcapersonal1obachillerato\\\/#primaryimage\",\"url\":\"https:\\\/\\\/granada.salesianos.edu\\\/colegio\\\/wp-content\\\/uploads\\\/sites\\\/2\\\/2024\\\/12\\\/WhatsApp-Image-2024-12-17-at-10.12.15.jpeg\",\"contentUrl\":\"https:\\\/\\\/granada.salesianos.edu\\\/colegio\\\/wp-content\\\/uploads\\\/sites\\\/2\\\/2024\\\/12\\\/WhatsApp-Image-2024-12-17-at-10.12.15.jpeg\",\"width\":1200,\"height\":900},{\"@type\":\"BreadcrumbList\",\"@id\":\"https:\\\/\\\/granada.salesianos.edu\\\/colegio\\\/blog\\\/tallermarcapersonal1obachillerato\\\/#breadcrumb\",\"itemListElement\":[{\"@type\":\"ListItem\",\"position\":1,\"name\":\"Portada\",\"item\":\"https:\\\/\\\/granada.salesianos.edu\\\/colegio\\\/\"},{\"@type\":\"ListItem\",\"position\":2,\"name\":\"Taller \u00abTU MARCA PERSONAL\u00bb para 1\u00baBTO\"}]},{\"@type\":\"WebSite\",\"@id\":\"https:\\\/\\\/granada.salesianos.edu\\\/colegio\\\/#website\",\"url\":\"https:\\\/\\\/granada.salesianos.edu\\\/colegio\\\/\",\"name\":\"Colegio Salesiano\",\"description\":\"P\u00e1gina oficial de Salesianos Granada San Juan Bosco\",\"publisher\":{\"@id\":\"https:\\\/\\\/granada.salesianos.edu\\\/colegio\\\/#organization\"},\"potentialAction\":[{\"@type\":\"SearchAction\",\"target\":{\"@type\":\"EntryPoint\",\"urlTemplate\":\"https:\\\/\\\/granada.salesianos.edu\\\/colegio\\\/?s={search_term_string}\"},\"query-input\":{\"@type\":\"PropertyValueSpecification\",\"valueRequired\":true,\"valueName\":\"search_term_string\"}}],\"inLanguage\":\"es\"},{\"@type\":\"Organization\",\"@id\":\"https:\\\/\\\/granada.salesianos.edu\\\/colegio\\\/#organization\",\"name\":\"Colegio Salesiano San Juan Bosco Granada\",\"url\":\"https:\\\/\\\/granada.salesianos.edu\\\/colegio\\\/\",\"logo\":{\"@type\":\"ImageObject\",\"inLanguage\":\"es\",\"@id\":\"https:\\\/\\\/granada.salesianos.edu\\\/colegio\\\/#\\\/schema\\\/logo\\\/image\\\/\",\"url\":\"https:\\\/\\\/granada.salesianos.edu\\\/colegio\\\/wp-content\\\/uploads\\\/sites\\\/2\\\/2021\\\/01\\\/GRANADAobraVN2.jpg\",\"contentUrl\":\"https:\\\/\\\/granada.salesianos.edu\\\/colegio\\\/wp-content\\\/uploads\\\/sites\\\/2\\\/2021\\\/01\\\/GRANADAobraVN2.jpg\",\"width\":2113,\"height\":1894,\"caption\":\"Colegio Salesiano San Juan Bosco Granada\"},\"image\":{\"@id\":\"https:\\\/\\\/granada.salesianos.edu\\\/colegio\\\/#\\\/schema\\\/logo\\\/image\\\/\"},\"sameAs\":[\"https:\\\/\\\/www.facebook.com\\\/SalesianosGR\\\/\",\"https:\\\/\\\/x.com\\\/GranadaSDB\",\"https:\\\/\\\/www.instagram.com\\\/salesianosgranada\\\/\",\"https:\\\/\\\/www.youtube.com\\\/channel\\\/UChkpZuhCf4Y5rYIcFT3CNxw?view_as=subscriber\"]},{\"@type\":\"Person\",\"@id\":\"https:\\\/\\\/granada.salesianos.edu\\\/colegio\\\/#\\\/schema\\\/person\\\/6392ff2e4bd1e66981d6eab734bbd962\",\"name\":\"Gestor Web\",\"image\":{\"@type\":\"ImageObject\",\"inLanguage\":\"es\",\"@id\":\"https:\\\/\\\/secure.gravatar.com\\\/avatar\\\/160666bb56a01520857079961a824af2b7821d6bad80677c80f2b473fceead1b?s=96&d=mm&r=g\",\"url\":\"https:\\\/\\\/secure.gravatar.com\\\/avatar\\\/160666bb56a01520857079961a824af2b7821d6bad80677c80f2b473fceead1b?s=96&d=mm&r=g\",\"contentUrl\":\"https:\\\/\\\/secure.gravatar.com\\\/avatar\\\/160666bb56a01520857079961a824af2b7821d6bad80677c80f2b473fceead1b?s=96&d=mm&r=g\",\"caption\":\"Gestor Web\"}}]}<\/script>\n<!-- \/ Yoast SEO plugin. -->","yoast_head_json":{"title":"Taller \u00abTU MARCA PERSONAL\u00bb para 1\u00baBTO - Colegio Salesiano","description":"En Salesianos Granada, en colaboraci\u00f3n con la Universidad Europea, formamos a nuestros alumnos de bachillerato para cuidar su MARCA PERSONAL. Bachillerato concertado.","robots":{"index":"index","follow":"follow","max-snippet":"max-snippet:-1","max-image-preview":"max-image-preview:large","max-video-preview":"max-video-preview:-1"},"canonical":"https:\/\/granada.salesianos.edu\/colegio\/blog\/tallermarcapersonal1obachillerato\/","og_locale":"es_ES","og_type":"article","og_title":"Taller \u00abTU MARCA PERSONAL\u00bb para 1\u00baBTO - Colegio Salesiano","og_description":"En Salesianos Granada, en colaboraci\u00f3n con la Universidad Europea, formamos a nuestros alumnos de bachillerato para cuidar su MARCA PERSONAL. Bachillerato concertado.","og_url":"https:\/\/granada.salesianos.edu\/colegio\/blog\/tallermarcapersonal1obachillerato\/","og_site_name":"Colegio Salesiano","article_publisher":"https:\/\/www.facebook.com\/SalesianosGR\/","article_published_time":"2024-12-17T12:32:50+00:00","article_modified_time":"2024-12-22T13:00:36+00:00","og_image":[{"width":1200,"height":900,"url":"https:\/\/granada.salesianos.edu\/colegio\/wp-content\/uploads\/sites\/2\/2024\/12\/WhatsApp-Image-2024-12-17-at-10.12.15.jpeg","type":"image\/jpeg"}],"author":"Gestor Web","twitter_card":"summary_large_image","twitter_creator":"@GranadaSDB","twitter_site":"@GranadaSDB","twitter_misc":{"Escrito por":"Gestor Web","Tiempo de lectura":"3 minutos"},"schema":{"@context":"https:\/\/schema.org","@graph":[{"@type":"Article","@id":"https:\/\/granada.salesianos.edu\/colegio\/blog\/tallermarcapersonal1obachillerato\/#article","isPartOf":{"@id":"https:\/\/granada.salesianos.edu\/colegio\/blog\/tallermarcapersonal1obachillerato\/"},"author":{"name":"Gestor Web","@id":"https:\/\/granada.salesianos.edu\/colegio\/#\/schema\/person\/6392ff2e4bd1e66981d6eab734bbd962"},"headline":"Taller \u00abTU MARCA PERSONAL\u00bb para 1\u00baBTO","datePublished":"2024-12-17T12:32:50+00:00","dateModified":"2024-12-22T13:00:36+00:00","mainEntityOfPage":{"@id":"https:\/\/granada.salesianos.edu\/colegio\/blog\/tallermarcapersonal1obachillerato\/"},"wordCount":523,"commentCount":0,"publisher":{"@id":"https:\/\/granada.salesianos.edu\/colegio\/#organization"},"image":{"@id":"https:\/\/granada.salesianos.edu\/colegio\/blog\/tallermarcapersonal1obachillerato\/#primaryimage"},"thumbnailUrl":"https:\/\/granada.salesianos.edu\/colegio\/wp-content\/uploads\/sites\/2\/2024\/12\/WhatsApp-Image-2024-12-17-at-10.12.15.jpeg","articleSection":["Bachillerato","BTO","Centro Juvenil"],"inLanguage":"es","potentialAction":[{"@type":"CommentAction","name":"Comment","target":["https:\/\/granada.salesianos.edu\/colegio\/blog\/tallermarcapersonal1obachillerato\/#respond"]}]},{"@type":"WebPage","@id":"https:\/\/granada.salesianos.edu\/colegio\/blog\/tallermarcapersonal1obachillerato\/","url":"https:\/\/granada.salesianos.edu\/colegio\/blog\/tallermarcapersonal1obachillerato\/","name":"Taller \u00abTU MARCA PERSONAL\u00bb para 1\u00baBTO - Colegio Salesiano","isPartOf":{"@id":"https:\/\/granada.salesianos.edu\/colegio\/#website"},"primaryImageOfPage":{"@id":"https:\/\/granada.salesianos.edu\/colegio\/blog\/tallermarcapersonal1obachillerato\/#primaryimage"},"image":{"@id":"https:\/\/granada.salesianos.edu\/colegio\/blog\/tallermarcapersonal1obachillerato\/#primaryimage"},"thumbnailUrl":"https:\/\/granada.salesianos.edu\/colegio\/wp-content\/uploads\/sites\/2\/2024\/12\/WhatsApp-Image-2024-12-17-at-10.12.15.jpeg","datePublished":"2024-12-17T12:32:50+00:00","dateModified":"2024-12-22T13:00:36+00:00","description":"En Salesianos Granada, en colaboraci\u00f3n con la Universidad Europea, formamos a nuestros alumnos de bachillerato para cuidar su MARCA PERSONAL. Bachillerato concertado.","breadcrumb":{"@id":"https:\/\/granada.salesianos.edu\/colegio\/blog\/tallermarcapersonal1obachillerato\/#breadcrumb"},"inLanguage":"es","potentialAction":[{"@type":"ReadAction","target":["https:\/\/granada.salesianos.edu\/colegio\/blog\/tallermarcapersonal1obachillerato\/"]}]},{"@type":"ImageObject","inLanguage":"es","@id":"https:\/\/granada.salesianos.edu\/colegio\/blog\/tallermarcapersonal1obachillerato\/#primaryimage","url":"https:\/\/granada.salesianos.edu\/colegio\/wp-content\/uploads\/sites\/2\/2024\/12\/WhatsApp-Image-2024-12-17-at-10.12.15.jpeg","contentUrl":"https:\/\/granada.salesianos.edu\/colegio\/wp-content\/uploads\/sites\/2\/2024\/12\/WhatsApp-Image-2024-12-17-at-10.12.15.jpeg","width":1200,"height":900},{"@type":"BreadcrumbList","@id":"https:\/\/granada.salesianos.edu\/colegio\/blog\/tallermarcapersonal1obachillerato\/#breadcrumb","itemListElement":[{"@type":"ListItem","position":1,"name":"Portada","item":"https:\/\/granada.salesianos.edu\/colegio\/"},{"@type":"ListItem","position":2,"name":"Taller \u00abTU MARCA PERSONAL\u00bb para 1\u00baBTO"}]},{"@type":"WebSite","@id":"https:\/\/granada.salesianos.edu\/colegio\/#website","url":"https:\/\/granada.salesianos.edu\/colegio\/","name":"Colegio Salesiano","description":"P\u00e1gina oficial de Salesianos Granada San Juan Bosco","publisher":{"@id":"https:\/\/granada.salesianos.edu\/colegio\/#organization"},"potentialAction":[{"@type":"SearchAction","target":{"@type":"EntryPoint","urlTemplate":"https:\/\/granada.salesianos.edu\/colegio\/?s={search_term_string}"},"query-input":{"@type":"PropertyValueSpecification","valueRequired":true,"valueName":"search_term_string"}}],"inLanguage":"es"},{"@type":"Organization","@id":"https:\/\/granada.salesianos.edu\/colegio\/#organization","name":"Colegio Salesiano San Juan Bosco Granada","url":"https:\/\/granada.salesianos.edu\/colegio\/","logo":{"@type":"ImageObject","inLanguage":"es","@id":"https:\/\/granada.salesianos.edu\/colegio\/#\/schema\/logo\/image\/","url":"https:\/\/granada.salesianos.edu\/colegio\/wp-content\/uploads\/sites\/2\/2021\/01\/GRANADAobraVN2.jpg","contentUrl":"https:\/\/granada.salesianos.edu\/colegio\/wp-content\/uploads\/sites\/2\/2021\/01\/GRANADAobraVN2.jpg","width":2113,"height":1894,"caption":"Colegio Salesiano San Juan Bosco Granada"},"image":{"@id":"https:\/\/granada.salesianos.edu\/colegio\/#\/schema\/logo\/image\/"},"sameAs":["https:\/\/www.facebook.com\/SalesianosGR\/","https:\/\/x.com\/GranadaSDB","https:\/\/www.instagram.com\/salesianosgranada\/","https:\/\/www.youtube.com\/channel\/UChkpZuhCf4Y5rYIcFT3CNxw?view_as=subscriber"]},{"@type":"Person","@id":"https:\/\/granada.salesianos.edu\/colegio\/#\/schema\/person\/6392ff2e4bd1e66981d6eab734bbd962","name":"Gestor Web","image":{"@type":"ImageObject","inLanguage":"es","@id":"https:\/\/secure.gravatar.com\/avatar\/160666bb56a01520857079961a824af2b7821d6bad80677c80f2b473fceead1b?s=96&d=mm&r=g","url":"https:\/\/secure.gravatar.com\/avatar\/160666bb56a01520857079961a824af2b7821d6bad80677c80f2b473fceead1b?s=96&d=mm&r=g","contentUrl":"https:\/\/secure.gravatar.com\/avatar\/160666bb56a01520857079961a824af2b7821d6bad80677c80f2b473fceead1b?s=96&d=mm&r=g","caption":"Gestor Web"}}]}},"_links":{"self":[{"href":"https:\/\/granada.salesianos.edu\/colegio\/wp-json\/wp\/v2\/posts\/19598","targetHints":{"allow":["GET"]}}],"collection":[{"href":"https:\/\/granada.salesianos.edu\/colegio\/wp-json\/wp\/v2\/posts"}],"about":[{"href":"https:\/\/granada.salesianos.edu\/colegio\/wp-json\/wp\/v2\/types\/post"}],"author":[{"embeddable":true,"href":"https:\/\/granada.salesianos.edu\/colegio\/wp-json\/wp\/v2\/users\/2"}],"replies":[{"embeddable":true,"href":"https:\/\/granada.salesianos.edu\/colegio\/wp-json\/wp\/v2\/comments?post=19598"}],"version-history":[{"count":4,"href":"https:\/\/granada.salesianos.edu\/colegio\/wp-json\/wp\/v2\/posts\/19598\/revisions"}],"predecessor-version":[{"id":19603,"href":"https:\/\/granada.salesianos.edu\/colegio\/wp-json\/wp\/v2\/posts\/19598\/revisions\/19603"}],"wp:featuredmedia":[{"embeddable":true,"href":"https:\/\/granada.salesianos.edu\/colegio\/wp-json\/wp\/v2\/media\/19599"}],"wp:attachment":[{"href":"https:\/\/granada.salesianos.edu\/colegio\/wp-json\/wp\/v2\/media?parent=19598"}],"wp:term":[{"taxonomy":"category","embeddable":true,"href":"https:\/\/granada.salesianos.edu\/colegio\/wp-json\/wp\/v2\/categories?post=19598"},{"taxonomy":"post_tag","embeddable":true,"href":"https:\/\/granada.salesianos.edu\/colegio\/wp-json\/wp\/v2\/tags?post=19598"}],"curies":[{"name":"wp","href":"https:\/\/api.w.org\/{rel}","templated":true}]}}