{"id":19618,"date":"2025-01-07T23:35:24","date_gmt":"2025-01-07T21:35:24","guid":{"rendered":"https:\/\/granada.salesianos.edu\/colegio\/?p=19618"},"modified":"2025-01-12T22:59:47","modified_gmt":"2025-01-12T20:59:47","slug":"ruta-navidena-de-los-alumnos-de-bachillerato","status":"publish","type":"post","link":"https:\/\/granada.salesianos.edu\/colegio\/blog\/ruta-navidena-de-los-alumnos-de-bachillerato\/","title":{"rendered":"Ruta navide\u00f1a de los alumnos de bachillerato"},"content":{"rendered":"<div id=\"fb-root\"><\/div>\n<p>[et_pb_section fb_built=\u00bb1&#8243; admin_label=\u00bbsection\u00bb _builder_version=\u00bb4.16&#8243; global_colors_info=\u00bb{}\u00bb][et_pb_row _builder_version=\u00bb4.27.2&#8243; _module_preset=\u00bbdefault\u00bb global_colors_info=\u00bb{}\u00bb][et_pb_column type=\u00bb4_4&#8243; _builder_version=\u00bb4.27.0&#8243; _module_preset=\u00bbdefault\u00bb global_colors_info=\u00bb{}\u00bb][et_pb_text _builder_version=\u00bb4.27.4&#8243; _module_preset=\u00bbdefault\u00bb global_colors_info=\u00bb{}\u00bb]El pasado 20 de diciembre los alumnos de bachillerato disfrutaron de una jornada diferente para terminar el 1\u00ba trimestre. Comenzaron la ma\u00f1ana con un desayuno de churros con chocolate junto a sus tutores amenizados con unos villancicos.<br \/>\nDespu\u00e9s tuvimos una celebraci\u00f3n en la Iglesia para los alumnos de bachillerato, donde dimos gracias a Dios por este trimestre, y pedimos que la Navidad fuera un tiempo de solidaridad donde pusi\u00e9ramos nuestro coraz\u00f3n en las personas que nos rodean.<br \/>\nSobre las 10:15 salieron los alumnos de ruta donde conocer mejor la ciudad de Granada y pasar un rato de convivencia con los compa\u00f1eros. Hubieron dos rutas:<\/p>\n<ul>\n<li><strong>RUTA MATEM\u00c1TICA:<\/strong> los alumnos de 1\u00ba de bachillerato realizaron una asignatura organizada desde la asignatura de matem\u00e1ticas donde fueron visitando distintos monumentos de Granada y analiz\u00e1ndolos desde el punto de vista de la geometr\u00eda y las matem\u00e1ticas.<\/li>\n<li><strong>RUTA LORQUIANA:<\/strong> por su parte, los alumnos de 2\u00ba de bachillerato realizaron una ruta literaria donde fueron profundizando en el conocimiento de Federico Garc\u00eda Lorca, a trav\u00e9s de la visita a lugares significativos de su vida.<br \/>\nDe esta forma los alumnos y sus tutores pudieron disfrutar de un \u00faltimo d\u00eda de convivencia, antes de tener unas merecidas vacaciones.<\/li>\n<\/ul>\n<h4 style=\"text-align: center;\">\u00a1FELIZ NAVIDAD A TODOS!<\/h4>\n<p>[\/et_pb_text][\/et_pb_column][\/et_pb_row][et_pb_row _builder_version=\u00bb4.27.4&#8243; _module_preset=\u00bbdefault\u00bb global_colors_info=\u00bb{}\u00bb][et_pb_column type=\u00bb4_4&#8243; _builder_version=\u00bb4.27.4&#8243; _module_preset=\u00bbdefault\u00bb global_colors_info=\u00bb{}\u00bb][et_pb_text _builder_version=\u00bb4.27.4&#8243; _module_preset=\u00bbdefault\u00bb global_colors_info=\u00bb{}\u00bb]<\/p>\n<h2 style=\"text-align: center;\">CELEBRACI\u00d3N NAVIDE\u00d1A<\/h2>\n<p>[\/et_pb_text][\/et_pb_column][\/et_pb_row][et_pb_row column_structure=\u00bb1_2,1_2&#8243; _builder_version=\u00bb4.27.4&#8243; _module_preset=\u00bbdefault\u00bb global_colors_info=\u00bb{}\u00bb][et_pb_column type=\u00bb1_2&#8243; _builder_version=\u00bb4.27.4&#8243; _module_preset=\u00bbdefault\u00bb global_colors_info=\u00bb{}\u00bb][et_pb_image src=\u00bbhttps:\/\/granada.salesianos.edu\/wp-content\/uploads\/2025\/01\/Celebracion-navidad-Bachillerato-Salesianos-Granada1.jpeg\u00bb title_text=\u00bbCelebracio\u0301n navidad Bachillerato Salesianos Granada1&#8243; _builder_version=\u00bb4.27.4&#8243; _module_preset=\u00bbdefault\u00bb global_colors_info=\u00bb{}\u00bb][\/et_pb_image][et_pb_image src=\u00bbhttps:\/\/granada.salesianos.edu\/wp-content\/uploads\/2025\/01\/Celebracion-navidad-Bachillerato-Salesianos-Granada3.jpeg\u00bb title_text=\u00bbCelebracio\u0301n navidad Bachillerato Salesianos Granada3&#8243; _builder_version=\u00bb4.27.4&#8243; _module_preset=\u00bbdefault\u00bb global_colors_info=\u00bb{}\u00bb][\/et_pb_image][\/et_pb_column][et_pb_column type=\u00bb1_2&#8243; _builder_version=\u00bb4.27.4&#8243; _module_preset=\u00bbdefault\u00bb global_colors_info=\u00bb{}\u00bb][et_pb_image src=\u00bbhttps:\/\/granada.salesianos.edu\/wp-content\/uploads\/2025\/01\/Celebracion-navidad-Bachillerato-Salesianos-Granada2.jpeg\u00bb title_text=\u00bbCelebracio\u0301n navidad Bachillerato Salesianos Granada2&#8243; _builder_version=\u00bb4.27.4&#8243; _module_preset=\u00bbdefault\u00bb global_colors_info=\u00bb{}\u00bb][\/et_pb_image][et_pb_image src=\u00bbhttps:\/\/granada.salesianos.edu\/wp-content\/uploads\/2025\/01\/Celebracion-navidad-Bachillerato-Salesianos-Granada5.jpeg\u00bb title_text=\u00bbCelebracio\u0301n navidad Bachillerato Salesianos Granada5&#8243; _builder_version=\u00bb4.27.4&#8243; _module_preset=\u00bbdefault\u00bb global_colors_info=\u00bb{}\u00bb][\/et_pb_image][\/et_pb_column][\/et_pb_row][et_pb_row _builder_version=\u00bb4.27.4&#8243; _module_preset=\u00bbdefault\u00bb global_colors_info=\u00bb{}\u00bb][et_pb_column type=\u00bb4_4&#8243; _builder_version=\u00bb4.27.4&#8243; _module_preset=\u00bbdefault\u00bb global_colors_info=\u00bb{}\u00bb][et_pb_text _builder_version=\u00bb4.27.4&#8243; _module_preset=\u00bbdefault\u00bb global_colors_info=\u00bb{}\u00bb]<\/p>\n<h2 style=\"text-align: center;\">RUTA MATEM\u00c1TICA 1\u00ba BACHILLERATO<\/h2>\n<p>[\/et_pb_text][\/et_pb_column][\/et_pb_row][et_pb_row column_structure=\u00bb1_2,1_2&#8243; _builder_version=\u00bb4.27.4&#8243; _module_preset=\u00bbdefault\u00bb global_colors_info=\u00bb{}\u00bb][et_pb_column type=\u00bb1_2&#8243; _builder_version=\u00bb4.27.4&#8243; _module_preset=\u00bbdefault\u00bb global_colors_info=\u00bb{}\u00bb][et_pb_image src=\u00bbhttps:\/\/granada.salesianos.edu\/wp-content\/uploads\/2025\/01\/Ruta-Lorca-2o-Bachillerato-Salesianos-Granada5.jpeg\u00bb title_text=\u00bbRuta Lorca 2\u00ba Bachillerato Salesianos Granada5&#8243; _builder_version=\u00bb4.27.4&#8243; _module_preset=\u00bbdefault\u00bb global_colors_info=\u00bb{}\u00bb][\/et_pb_image][et_pb_image src=\u00bbhttps:\/\/granada.salesianos.edu\/wp-content\/uploads\/2025\/01\/Ruta-Lorca-2o-Bachillerato-Salesianos-Granada3.jpeg\u00bb title_text=\u00bbRuta Lorca 2\u00ba Bachillerato Salesianos Granada3&#8243; _builder_version=\u00bb4.27.4&#8243; _module_preset=\u00bbdefault\u00bb global_colors_info=\u00bb{}\u00bb][\/et_pb_image][\/et_pb_column][et_pb_column type=\u00bb1_2&#8243; _builder_version=\u00bb4.27.4&#8243; _module_preset=\u00bbdefault\u00bb global_colors_info=\u00bb{}\u00bb][et_pb_image src=\u00bbhttps:\/\/granada.salesianos.edu\/wp-content\/uploads\/2025\/01\/Ruta-Lorca-2o-Bachillerato-Salesianos-Granada-1.jpg\u00bb title_text=\u00bbRuta Lorca 2\u00ba Bachillerato Salesianos Granada\u00bb _builder_version=\u00bb4.27.4&#8243; _module_preset=\u00bbdefault\u00bb global_colors_info=\u00bb{}\u00bb][\/et_pb_image][et_pb_image src=\u00bbhttps:\/\/granada.salesianos.edu\/wp-content\/uploads\/2025\/01\/Ruta-Lorca-2o-Bachillerato-Salesianos-Granada1.jpeg\u00bb title_text=\u00bbRuta Lorca 2\u00ba Bachillerato Salesianos Granada1&#8243; _builder_version=\u00bb4.27.4&#8243; _module_preset=\u00bbdefault\u00bb global_colors_info=\u00bb{}\u00bb][\/et_pb_image][\/et_pb_column][\/et_pb_row][et_pb_row _builder_version=\u00bb4.27.4&#8243; _module_preset=\u00bbdefault\u00bb global_colors_info=\u00bb{}\u00bb][et_pb_column type=\u00bb4_4&#8243; _builder_version=\u00bb4.27.4&#8243; _module_preset=\u00bbdefault\u00bb global_colors_info=\u00bb{}\u00bb][et_pb_text _builder_version=\u00bb4.27.4&#8243; _module_preset=\u00bbdefault\u00bb global_colors_info=\u00bb{}\u00bb]<\/p>\n<h2 style=\"text-align: center;\">RUTA LORCA 2\u00ba BACHILLERATO<\/h2>\n<p>[\/et_pb_text][\/et_pb_column][\/et_pb_row][et_pb_row column_structure=\u00bb1_2,1_2&#8243; _builder_version=\u00bb4.27.4&#8243; _module_preset=\u00bbdefault\u00bb global_colors_info=\u00bb{}\u00bb][et_pb_column type=\u00bb1_2&#8243; _builder_version=\u00bb4.27.4&#8243; _module_preset=\u00bbdefault\u00bb global_colors_info=\u00bb{}\u00bb][et_pb_image src=\u00bbhttps:\/\/granada.salesianos.edu\/wp-content\/uploads\/2025\/01\/Ruta-matematica-1o-Bachillerato-Salesianos-Granada1.jpeg\u00bb title_text=\u00bbRuta matema\u0301tica 1\u00ba Bachillerato Salesianos Granada1&#8243; _builder_version=\u00bb4.27.4&#8243; _module_preset=\u00bbdefault\u00bb global_colors_info=\u00bb{}\u00bb][\/et_pb_image][et_pb_image src=\u00bbhttps:\/\/granada.salesianos.edu\/wp-content\/uploads\/2025\/01\/Ruta-matematica-1o-Bachillerato-Salesianos-Granada3.jpeg\u00bb title_text=\u00bbRuta matema\u0301tica 1\u00ba Bachillerato Salesianos Granada3&#8243; _builder_version=\u00bb4.27.4&#8243; _module_preset=\u00bbdefault\u00bb global_colors_info=\u00bb{}\u00bb][\/et_pb_image][et_pb_image src=\u00bbhttps:\/\/granada.salesianos.edu\/wp-content\/uploads\/2025\/01\/Ruta-matematica-1o-Bachillerato-Salesianos-Granada5.jpeg\u00bb title_text=\u00bbRuta matema\u0301tica 1\u00ba Bachillerato Salesianos Granada5&#8243; _builder_version=\u00bb4.27.4&#8243; _module_preset=\u00bbdefault\u00bb global_colors_info=\u00bb{}\u00bb][\/et_pb_image][et_pb_image src=\u00bbhttps:\/\/granada.salesianos.edu\/wp-content\/uploads\/2025\/01\/Ruta-matematica-1o-Bachillerato-Salesianos-Granada5.jpeg\u00bb title_text=\u00bbRuta matema\u0301tica 1\u00ba Bachillerato Salesianos Granada5&#8243; _builder_version=\u00bb4.27.4&#8243; _module_preset=\u00bbdefault\u00bb global_colors_info=\u00bb{}\u00bb][\/et_pb_image][\/et_pb_column][et_pb_column type=\u00bb1_2&#8243; _builder_version=\u00bb4.27.4&#8243; _module_preset=\u00bbdefault\u00bb global_colors_info=\u00bb{}\u00bb][et_pb_image src=\u00bbhttps:\/\/granada.salesianos.edu\/wp-content\/uploads\/2025\/01\/Ruta-matematica-1o-Bachillerato-Salesianos-Granada2.jpeg\u00bb title_text=\u00bbRuta matema\u0301tica 1\u00ba Bachillerato Salesianos Granada2&#8243; _builder_version=\u00bb4.27.4&#8243; _module_preset=\u00bbdefault\u00bb global_colors_info=\u00bb{}\u00bb][\/et_pb_image][et_pb_image src=\u00bbhttps:\/\/granada.salesianos.edu\/wp-content\/uploads\/2025\/01\/Ruta-matematica-1o-Bachillerato-Salesianos-Granada4.jpeg\u00bb title_text=\u00bbRuta matema\u0301tica 1\u00ba Bachillerato Salesianos Granada4&#8243; _builder_version=\u00bb4.27.4&#8243; _module_preset=\u00bbdefault\u00bb global_colors_info=\u00bb{}\u00bb][\/et_pb_image][et_pb_image src=\u00bbhttps:\/\/granada.salesianos.edu\/wp-content\/uploads\/2025\/01\/Ruta-matematica-1o-Bachillerato-Salesianos-Granada7.jpeg\u00bb title_text=\u00bbRuta matema\u0301tica 1\u00ba Bachillerato Salesianos Granada7&#8243; _builder_version=\u00bb4.27.4&#8243; _module_preset=\u00bbdefault\u00bb global_colors_info=\u00bb{}\u00bb][\/et_pb_image][et_pb_image src=\u00bbhttps:\/\/granada.salesianos.edu\/wp-content\/uploads\/2025\/01\/Ruta-matematica-1o-Bachillerato-Salesianos-Granada8.jpeg\u00bb title_text=\u00bbRuta matema\u0301tica 1\u00ba Bachillerato Salesianos Granada8&#8243; _builder_version=\u00bb4.27.4&#8243; _module_preset=\u00bbdefault\u00bb global_colors_info=\u00bb{}\u00bb][\/et_pb_image][\/et_pb_column][\/et_pb_row][\/et_pb_section]<\/p>\n","protected":false},"excerpt":{"rendered":"<p>Nuestros alumnos de bachillerato terminan el trimestre y celebran la Navidad con un d\u00eda de convivencia, con una ruta matem\u00e1tica por Granada y otra sobre Federico Garc\u00eda Lorca.<\/p>\n","protected":false},"author":2,"featured_media":19619,"comment_status":"open","ping_status":"open","sticky":false,"template":"","format":"standard","meta":{"_et_pb_use_builder":"on","_et_pb_old_content":"","_et_gb_content_width":"","footnotes":""},"categories":[57,20,12],"tags":[],"class_list":["post-19618","post","type-post","status-publish","format-standard","has-post-thumbnail","hentry","category-bachillerato","category-bto","category-portada"],"yoast_head":"<!-- This site is optimized with the Yoast SEO plugin v28.4 - https:\/\/yoast.com\/product\/yoast-seo-wordpress\/ -->\n<title>Ruta navide\u00f1a de los alumnos de bachillerato - Colegio Salesiano<\/title>\n<meta name=\"description\" content=\"Nuestros alumnos de bachillerato terminan el trimestre y celebran la Navidad con un d\u00eda de convivencia, con una ruta matem\u00e1tica por Granada y otra sobre Federico Garc\u00eda Lorca.\" \/>\n<meta name=\"robots\" content=\"index, follow, max-snippet:-1, max-image-preview:large, max-video-preview:-1\" \/>\n<link rel=\"canonical\" href=\"https:\/\/granada.salesianos.edu\/colegio\/blog\/ruta-navidena-de-los-alumnos-de-bachillerato\/\" \/>\n<meta property=\"og:locale\" content=\"es_ES\" \/>\n<meta property=\"og:type\" content=\"article\" \/>\n<meta property=\"og:title\" content=\"Ruta navide\u00f1a de los alumnos de bachillerato - Colegio Salesiano\" \/>\n<meta property=\"og:description\" content=\"Nuestros alumnos de bachillerato terminan el trimestre y celebran la Navidad con un d\u00eda de convivencia, con una ruta matem\u00e1tica por Granada y otra sobre Federico Garc\u00eda Lorca.\" \/>\n<meta property=\"og:url\" content=\"https:\/\/granada.salesianos.edu\/colegio\/blog\/ruta-navidena-de-los-alumnos-de-bachillerato\/\" \/>\n<meta property=\"og:site_name\" content=\"Colegio Salesiano\" \/>\n<meta property=\"article:publisher\" content=\"https:\/\/www.facebook.com\/SalesianosGR\/\" \/>\n<meta property=\"article:published_time\" content=\"2025-01-07T21:35:24+00:00\" \/>\n<meta property=\"article:modified_time\" content=\"2025-01-12T20:59:47+00:00\" \/>\n<meta property=\"og:image\" content=\"https:\/\/granada.salesianos.edu\/colegio\/wp-content\/uploads\/sites\/2\/2025\/01\/Ruta-Lorca-2o-Bachillerato-Salesianos-Granada.jpg\" \/>\n\t<meta property=\"og:image:width\" content=\"1440\" \/>\n\t<meta property=\"og:image:height\" content=\"1080\" \/>\n\t<meta property=\"og:image:type\" content=\"image\/jpeg\" \/>\n<meta name=\"author\" content=\"Gestor Web\" \/>\n<meta name=\"twitter:card\" content=\"summary_large_image\" \/>\n<meta name=\"twitter:creator\" content=\"@GranadaSDB\" \/>\n<meta name=\"twitter:site\" content=\"@GranadaSDB\" \/>\n<meta name=\"twitter:label1\" content=\"Escrito por\" \/>\n\t<meta name=\"twitter:data1\" content=\"Gestor Web\" \/>\n\t<meta name=\"twitter:label2\" content=\"Tiempo de lectura\" \/>\n\t<meta name=\"twitter:data2\" content=\"5 minutos\" \/>\n<script type=\"application\/ld+json\" class=\"yoast-schema-graph\">{\"@context\":\"https:\\\/\\\/schema.org\",\"@graph\":[{\"@type\":\"Article\",\"@id\":\"https:\\\/\\\/granada.salesianos.edu\\\/colegio\\\/blog\\\/ruta-navidena-de-los-alumnos-de-bachillerato\\\/#article\",\"isPartOf\":{\"@id\":\"https:\\\/\\\/granada.salesianos.edu\\\/colegio\\\/blog\\\/ruta-navidena-de-los-alumnos-de-bachillerato\\\/\"},\"author\":{\"name\":\"Gestor Web\",\"@id\":\"https:\\\/\\\/granada.salesianos.edu\\\/colegio\\\/#\\\/schema\\\/person\\\/6392ff2e4bd1e66981d6eab734bbd962\"},\"headline\":\"Ruta navide\u00f1a de los alumnos de bachillerato\",\"datePublished\":\"2025-01-07T21:35:24+00:00\",\"dateModified\":\"2025-01-12T20:59:47+00:00\",\"mainEntityOfPage\":{\"@id\":\"https:\\\/\\\/granada.salesianos.edu\\\/colegio\\\/blog\\\/ruta-navidena-de-los-alumnos-de-bachillerato\\\/\"},\"wordCount\":1061,\"commentCount\":0,\"publisher\":{\"@id\":\"https:\\\/\\\/granada.salesianos.edu\\\/colegio\\\/#organization\"},\"image\":{\"@id\":\"https:\\\/\\\/granada.salesianos.edu\\\/colegio\\\/blog\\\/ruta-navidena-de-los-alumnos-de-bachillerato\\\/#primaryimage\"},\"thumbnailUrl\":\"https:\\\/\\\/granada.salesianos.edu\\\/colegio\\\/wp-content\\\/uploads\\\/sites\\\/2\\\/2025\\\/01\\\/Ruta-Lorca-2o-Bachillerato-Salesianos-Granada.jpg\",\"articleSection\":[\"Bachillerato\",\"BTO\",\"Portada\"],\"inLanguage\":\"es\",\"potentialAction\":[{\"@type\":\"CommentAction\",\"name\":\"Comment\",\"target\":[\"https:\\\/\\\/granada.salesianos.edu\\\/colegio\\\/blog\\\/ruta-navidena-de-los-alumnos-de-bachillerato\\\/#respond\"]}]},{\"@type\":\"WebPage\",\"@id\":\"https:\\\/\\\/granada.salesianos.edu\\\/colegio\\\/blog\\\/ruta-navidena-de-los-alumnos-de-bachillerato\\\/\",\"url\":\"https:\\\/\\\/granada.salesianos.edu\\\/colegio\\\/blog\\\/ruta-navidena-de-los-alumnos-de-bachillerato\\\/\",\"name\":\"Ruta navide\u00f1a de los alumnos de bachillerato - Colegio Salesiano\",\"isPartOf\":{\"@id\":\"https:\\\/\\\/granada.salesianos.edu\\\/colegio\\\/#website\"},\"primaryImageOfPage\":{\"@id\":\"https:\\\/\\\/granada.salesianos.edu\\\/colegio\\\/blog\\\/ruta-navidena-de-los-alumnos-de-bachillerato\\\/#primaryimage\"},\"image\":{\"@id\":\"https:\\\/\\\/granada.salesianos.edu\\\/colegio\\\/blog\\\/ruta-navidena-de-los-alumnos-de-bachillerato\\\/#primaryimage\"},\"thumbnailUrl\":\"https:\\\/\\\/granada.salesianos.edu\\\/colegio\\\/wp-content\\\/uploads\\\/sites\\\/2\\\/2025\\\/01\\\/Ruta-Lorca-2o-Bachillerato-Salesianos-Granada.jpg\",\"datePublished\":\"2025-01-07T21:35:24+00:00\",\"dateModified\":\"2025-01-12T20:59:47+00:00\",\"description\":\"Nuestros alumnos de bachillerato terminan el trimestre y celebran la Navidad con un d\u00eda de convivencia, con una ruta matem\u00e1tica por Granada y otra sobre Federico Garc\u00eda Lorca.\",\"breadcrumb\":{\"@id\":\"https:\\\/\\\/granada.salesianos.edu\\\/colegio\\\/blog\\\/ruta-navidena-de-los-alumnos-de-bachillerato\\\/#breadcrumb\"},\"inLanguage\":\"es\",\"potentialAction\":[{\"@type\":\"ReadAction\",\"target\":[\"https:\\\/\\\/granada.salesianos.edu\\\/colegio\\\/blog\\\/ruta-navidena-de-los-alumnos-de-bachillerato\\\/\"]}]},{\"@type\":\"ImageObject\",\"inLanguage\":\"es\",\"@id\":\"https:\\\/\\\/granada.salesianos.edu\\\/colegio\\\/blog\\\/ruta-navidena-de-los-alumnos-de-bachillerato\\\/#primaryimage\",\"url\":\"https:\\\/\\\/granada.salesianos.edu\\\/colegio\\\/wp-content\\\/uploads\\\/sites\\\/2\\\/2025\\\/01\\\/Ruta-Lorca-2o-Bachillerato-Salesianos-Granada.jpg\",\"contentUrl\":\"https:\\\/\\\/granada.salesianos.edu\\\/colegio\\\/wp-content\\\/uploads\\\/sites\\\/2\\\/2025\\\/01\\\/Ruta-Lorca-2o-Bachillerato-Salesianos-Granada.jpg\",\"width\":1440,\"height\":1080},{\"@type\":\"BreadcrumbList\",\"@id\":\"https:\\\/\\\/granada.salesianos.edu\\\/colegio\\\/blog\\\/ruta-navidena-de-los-alumnos-de-bachillerato\\\/#breadcrumb\",\"itemListElement\":[{\"@type\":\"ListItem\",\"position\":1,\"name\":\"Portada\",\"item\":\"https:\\\/\\\/granada.salesianos.edu\\\/colegio\\\/\"},{\"@type\":\"ListItem\",\"position\":2,\"name\":\"Ruta navide\u00f1a de los alumnos de bachillerato\"}]},{\"@type\":\"WebSite\",\"@id\":\"https:\\\/\\\/granada.salesianos.edu\\\/colegio\\\/#website\",\"url\":\"https:\\\/\\\/granada.salesianos.edu\\\/colegio\\\/\",\"name\":\"Colegio Salesiano\",\"description\":\"P\u00e1gina oficial de Salesianos Granada San Juan Bosco\",\"publisher\":{\"@id\":\"https:\\\/\\\/granada.salesianos.edu\\\/colegio\\\/#organization\"},\"potentialAction\":[{\"@type\":\"SearchAction\",\"target\":{\"@type\":\"EntryPoint\",\"urlTemplate\":\"https:\\\/\\\/granada.salesianos.edu\\\/colegio\\\/?s={search_term_string}\"},\"query-input\":{\"@type\":\"PropertyValueSpecification\",\"valueRequired\":true,\"valueName\":\"search_term_string\"}}],\"inLanguage\":\"es\"},{\"@type\":\"Organization\",\"@id\":\"https:\\\/\\\/granada.salesianos.edu\\\/colegio\\\/#organization\",\"name\":\"Colegio Salesiano San Juan Bosco Granada\",\"url\":\"https:\\\/\\\/granada.salesianos.edu\\\/colegio\\\/\",\"logo\":{\"@type\":\"ImageObject\",\"inLanguage\":\"es\",\"@id\":\"https:\\\/\\\/granada.salesianos.edu\\\/colegio\\\/#\\\/schema\\\/logo\\\/image\\\/\",\"url\":\"https:\\\/\\\/granada.salesianos.edu\\\/colegio\\\/wp-content\\\/uploads\\\/sites\\\/2\\\/2021\\\/01\\\/GRANADAobraVN2.jpg\",\"contentUrl\":\"https:\\\/\\\/granada.salesianos.edu\\\/colegio\\\/wp-content\\\/uploads\\\/sites\\\/2\\\/2021\\\/01\\\/GRANADAobraVN2.jpg\",\"width\":2113,\"height\":1894,\"caption\":\"Colegio Salesiano San Juan Bosco Granada\"},\"image\":{\"@id\":\"https:\\\/\\\/granada.salesianos.edu\\\/colegio\\\/#\\\/schema\\\/logo\\\/image\\\/\"},\"sameAs\":[\"https:\\\/\\\/www.facebook.com\\\/SalesianosGR\\\/\",\"https:\\\/\\\/x.com\\\/GranadaSDB\",\"https:\\\/\\\/www.instagram.com\\\/salesianosgranada\\\/\",\"https:\\\/\\\/www.youtube.com\\\/channel\\\/UChkpZuhCf4Y5rYIcFT3CNxw?view_as=subscriber\"]},{\"@type\":\"Person\",\"@id\":\"https:\\\/\\\/granada.salesianos.edu\\\/colegio\\\/#\\\/schema\\\/person\\\/6392ff2e4bd1e66981d6eab734bbd962\",\"name\":\"Gestor Web\",\"image\":{\"@type\":\"ImageObject\",\"inLanguage\":\"es\",\"@id\":\"https:\\\/\\\/secure.gravatar.com\\\/avatar\\\/160666bb56a01520857079961a824af2b7821d6bad80677c80f2b473fceead1b?s=96&d=mm&r=g\",\"url\":\"https:\\\/\\\/secure.gravatar.com\\\/avatar\\\/160666bb56a01520857079961a824af2b7821d6bad80677c80f2b473fceead1b?s=96&d=mm&r=g\",\"contentUrl\":\"https:\\\/\\\/secure.gravatar.com\\\/avatar\\\/160666bb56a01520857079961a824af2b7821d6bad80677c80f2b473fceead1b?s=96&d=mm&r=g\",\"caption\":\"Gestor Web\"}}]}<\/script>\n<!-- \/ Yoast SEO plugin. -->","yoast_head_json":{"title":"Ruta navide\u00f1a de los alumnos de bachillerato - Colegio Salesiano","description":"Nuestros alumnos de bachillerato terminan el trimestre y celebran la Navidad con un d\u00eda de convivencia, con una ruta matem\u00e1tica por Granada y otra sobre Federico Garc\u00eda Lorca.","robots":{"index":"index","follow":"follow","max-snippet":"max-snippet:-1","max-image-preview":"max-image-preview:large","max-video-preview":"max-video-preview:-1"},"canonical":"https:\/\/granada.salesianos.edu\/colegio\/blog\/ruta-navidena-de-los-alumnos-de-bachillerato\/","og_locale":"es_ES","og_type":"article","og_title":"Ruta navide\u00f1a de los alumnos de bachillerato - Colegio Salesiano","og_description":"Nuestros alumnos de bachillerato terminan el trimestre y celebran la Navidad con un d\u00eda de convivencia, con una ruta matem\u00e1tica por Granada y otra sobre Federico Garc\u00eda Lorca.","og_url":"https:\/\/granada.salesianos.edu\/colegio\/blog\/ruta-navidena-de-los-alumnos-de-bachillerato\/","og_site_name":"Colegio Salesiano","article_publisher":"https:\/\/www.facebook.com\/SalesianosGR\/","article_published_time":"2025-01-07T21:35:24+00:00","article_modified_time":"2025-01-12T20:59:47+00:00","og_image":[{"width":1440,"height":1080,"url":"https:\/\/granada.salesianos.edu\/colegio\/wp-content\/uploads\/sites\/2\/2025\/01\/Ruta-Lorca-2o-Bachillerato-Salesianos-Granada.jpg","type":"image\/jpeg"}],"author":"Gestor Web","twitter_card":"summary_large_image","twitter_creator":"@GranadaSDB","twitter_site":"@GranadaSDB","twitter_misc":{"Escrito por":"Gestor Web","Tiempo de lectura":"5 minutos"},"schema":{"@context":"https:\/\/schema.org","@graph":[{"@type":"Article","@id":"https:\/\/granada.salesianos.edu\/colegio\/blog\/ruta-navidena-de-los-alumnos-de-bachillerato\/#article","isPartOf":{"@id":"https:\/\/granada.salesianos.edu\/colegio\/blog\/ruta-navidena-de-los-alumnos-de-bachillerato\/"},"author":{"name":"Gestor Web","@id":"https:\/\/granada.salesianos.edu\/colegio\/#\/schema\/person\/6392ff2e4bd1e66981d6eab734bbd962"},"headline":"Ruta navide\u00f1a de los alumnos de bachillerato","datePublished":"2025-01-07T21:35:24+00:00","dateModified":"2025-01-12T20:59:47+00:00","mainEntityOfPage":{"@id":"https:\/\/granada.salesianos.edu\/colegio\/blog\/ruta-navidena-de-los-alumnos-de-bachillerato\/"},"wordCount":1061,"commentCount":0,"publisher":{"@id":"https:\/\/granada.salesianos.edu\/colegio\/#organization"},"image":{"@id":"https:\/\/granada.salesianos.edu\/colegio\/blog\/ruta-navidena-de-los-alumnos-de-bachillerato\/#primaryimage"},"thumbnailUrl":"https:\/\/granada.salesianos.edu\/colegio\/wp-content\/uploads\/sites\/2\/2025\/01\/Ruta-Lorca-2o-Bachillerato-Salesianos-Granada.jpg","articleSection":["Bachillerato","BTO","Portada"],"inLanguage":"es","potentialAction":[{"@type":"CommentAction","name":"Comment","target":["https:\/\/granada.salesianos.edu\/colegio\/blog\/ruta-navidena-de-los-alumnos-de-bachillerato\/#respond"]}]},{"@type":"WebPage","@id":"https:\/\/granada.salesianos.edu\/colegio\/blog\/ruta-navidena-de-los-alumnos-de-bachillerato\/","url":"https:\/\/granada.salesianos.edu\/colegio\/blog\/ruta-navidena-de-los-alumnos-de-bachillerato\/","name":"Ruta navide\u00f1a de los alumnos de bachillerato - Colegio Salesiano","isPartOf":{"@id":"https:\/\/granada.salesianos.edu\/colegio\/#website"},"primaryImageOfPage":{"@id":"https:\/\/granada.salesianos.edu\/colegio\/blog\/ruta-navidena-de-los-alumnos-de-bachillerato\/#primaryimage"},"image":{"@id":"https:\/\/granada.salesianos.edu\/colegio\/blog\/ruta-navidena-de-los-alumnos-de-bachillerato\/#primaryimage"},"thumbnailUrl":"https:\/\/granada.salesianos.edu\/colegio\/wp-content\/uploads\/sites\/2\/2025\/01\/Ruta-Lorca-2o-Bachillerato-Salesianos-Granada.jpg","datePublished":"2025-01-07T21:35:24+00:00","dateModified":"2025-01-12T20:59:47+00:00","description":"Nuestros alumnos de bachillerato terminan el trimestre y celebran la Navidad con un d\u00eda de convivencia, con una ruta matem\u00e1tica por Granada y otra sobre Federico Garc\u00eda Lorca.","breadcrumb":{"@id":"https:\/\/granada.salesianos.edu\/colegio\/blog\/ruta-navidena-de-los-alumnos-de-bachillerato\/#breadcrumb"},"inLanguage":"es","potentialAction":[{"@type":"ReadAction","target":["https:\/\/granada.salesianos.edu\/colegio\/blog\/ruta-navidena-de-los-alumnos-de-bachillerato\/"]}]},{"@type":"ImageObject","inLanguage":"es","@id":"https:\/\/granada.salesianos.edu\/colegio\/blog\/ruta-navidena-de-los-alumnos-de-bachillerato\/#primaryimage","url":"https:\/\/granada.salesianos.edu\/colegio\/wp-content\/uploads\/sites\/2\/2025\/01\/Ruta-Lorca-2o-Bachillerato-Salesianos-Granada.jpg","contentUrl":"https:\/\/granada.salesianos.edu\/colegio\/wp-content\/uploads\/sites\/2\/2025\/01\/Ruta-Lorca-2o-Bachillerato-Salesianos-Granada.jpg","width":1440,"height":1080},{"@type":"BreadcrumbList","@id":"https:\/\/granada.salesianos.edu\/colegio\/blog\/ruta-navidena-de-los-alumnos-de-bachillerato\/#breadcrumb","itemListElement":[{"@type":"ListItem","position":1,"name":"Portada","item":"https:\/\/granada.salesianos.edu\/colegio\/"},{"@type":"ListItem","position":2,"name":"Ruta navide\u00f1a de los alumnos de bachillerato"}]},{"@type":"WebSite","@id":"https:\/\/granada.salesianos.edu\/colegio\/#website","url":"https:\/\/granada.salesianos.edu\/colegio\/","name":"Colegio Salesiano","description":"P\u00e1gina oficial de Salesianos Granada San Juan Bosco","publisher":{"@id":"https:\/\/granada.salesianos.edu\/colegio\/#organization"},"potentialAction":[{"@type":"SearchAction","target":{"@type":"EntryPoint","urlTemplate":"https:\/\/granada.salesianos.edu\/colegio\/?s={search_term_string}"},"query-input":{"@type":"PropertyValueSpecification","valueRequired":true,"valueName":"search_term_string"}}],"inLanguage":"es"},{"@type":"Organization","@id":"https:\/\/granada.salesianos.edu\/colegio\/#organization","name":"Colegio Salesiano San Juan Bosco Granada","url":"https:\/\/granada.salesianos.edu\/colegio\/","logo":{"@type":"ImageObject","inLanguage":"es","@id":"https:\/\/granada.salesianos.edu\/colegio\/#\/schema\/logo\/image\/","url":"https:\/\/granada.salesianos.edu\/colegio\/wp-content\/uploads\/sites\/2\/2021\/01\/GRANADAobraVN2.jpg","contentUrl":"https:\/\/granada.salesianos.edu\/colegio\/wp-content\/uploads\/sites\/2\/2021\/01\/GRANADAobraVN2.jpg","width":2113,"height":1894,"caption":"Colegio Salesiano San Juan Bosco Granada"},"image":{"@id":"https:\/\/granada.salesianos.edu\/colegio\/#\/schema\/logo\/image\/"},"sameAs":["https:\/\/www.facebook.com\/SalesianosGR\/","https:\/\/x.com\/GranadaSDB","https:\/\/www.instagram.com\/salesianosgranada\/","https:\/\/www.youtube.com\/channel\/UChkpZuhCf4Y5rYIcFT3CNxw?view_as=subscriber"]},{"@type":"Person","@id":"https:\/\/granada.salesianos.edu\/colegio\/#\/schema\/person\/6392ff2e4bd1e66981d6eab734bbd962","name":"Gestor Web","image":{"@type":"ImageObject","inLanguage":"es","@id":"https:\/\/secure.gravatar.com\/avatar\/160666bb56a01520857079961a824af2b7821d6bad80677c80f2b473fceead1b?s=96&d=mm&r=g","url":"https:\/\/secure.gravatar.com\/avatar\/160666bb56a01520857079961a824af2b7821d6bad80677c80f2b473fceead1b?s=96&d=mm&r=g","contentUrl":"https:\/\/secure.gravatar.com\/avatar\/160666bb56a01520857079961a824af2b7821d6bad80677c80f2b473fceead1b?s=96&d=mm&r=g","caption":"Gestor Web"}}]}},"_links":{"self":[{"href":"https:\/\/granada.salesianos.edu\/colegio\/wp-json\/wp\/v2\/posts\/19618","targetHints":{"allow":["GET"]}}],"collection":[{"href":"https:\/\/granada.salesianos.edu\/colegio\/wp-json\/wp\/v2\/posts"}],"about":[{"href":"https:\/\/granada.salesianos.edu\/colegio\/wp-json\/wp\/v2\/types\/post"}],"author":[{"embeddable":true,"href":"https:\/\/granada.salesianos.edu\/colegio\/wp-json\/wp\/v2\/users\/2"}],"replies":[{"embeddable":true,"href":"https:\/\/granada.salesianos.edu\/colegio\/wp-json\/wp\/v2\/comments?post=19618"}],"version-history":[{"count":5,"href":"https:\/\/granada.salesianos.edu\/colegio\/wp-json\/wp\/v2\/posts\/19618\/revisions"}],"predecessor-version":[{"id":19643,"href":"https:\/\/granada.salesianos.edu\/colegio\/wp-json\/wp\/v2\/posts\/19618\/revisions\/19643"}],"wp:featuredmedia":[{"embeddable":true,"href":"https:\/\/granada.salesianos.edu\/colegio\/wp-json\/wp\/v2\/media\/19619"}],"wp:attachment":[{"href":"https:\/\/granada.salesianos.edu\/colegio\/wp-json\/wp\/v2\/media?parent=19618"}],"wp:term":[{"taxonomy":"category","embeddable":true,"href":"https:\/\/granada.salesianos.edu\/colegio\/wp-json\/wp\/v2\/categories?post=19618"},{"taxonomy":"post_tag","embeddable":true,"href":"https:\/\/granada.salesianos.edu\/colegio\/wp-json\/wp\/v2\/tags?post=19618"}],"curies":[{"name":"wp","href":"https:\/\/api.w.org\/{rel}","templated":true}]}}