{"id":19758,"date":"2025-01-24T23:10:41","date_gmt":"2025-01-24T21:10:41","guid":{"rendered":"https:\/\/granada.salesianos.edu\/colegio\/?p=19758"},"modified":"2025-01-24T23:10:47","modified_gmt":"2025-01-24T21:10:47","slug":"iii-edicion-premios-comunicacion-audiovisual-don-francisco-guzman","status":"publish","type":"post","link":"https:\/\/granada.salesianos.edu\/colegio\/blog\/iii-edicion-premios-comunicacion-audiovisual-don-francisco-guzman\/","title":{"rendered":"III Edici\u00f3n Premios Comunicaci\u00f3n Audiovisual Don Francisco Guzm\u00e1n"},"content":{"rendered":"<div id=\"fb-root\"><\/div>\n<p>[et_pb_section fb_built=\u00bb1&#8243; admin_label=\u00bbsection\u00bb _builder_version=\u00bb4.27.4&#8243; global_colors_info=\u00bb{}\u00bb][et_pb_row _builder_version=\u00bb4.27.2&#8243; _module_preset=\u00bbdefault\u00bb global_colors_info=\u00bb{}\u00bb][et_pb_column type=\u00bb4_4&#8243; _builder_version=\u00bb4.27.0&#8243; _module_preset=\u00bbdefault\u00bb global_colors_info=\u00bb{}\u00bb][et_pb_text _builder_version=\u00bb4.27.4&#8243; _module_preset=\u00bbdefault\u00bb global_colors_info=\u00bb{}\u00bb]<\/p>\n<p>Hoy 24 de enero se ha llevado a cabo la entrega del premio de Comunicaci\u00f3n Don Francisco Guzm\u00e1n, en su tercera edici\u00f3n, a Don Juan De Dios Salas Chamorro. El galardonado cumple, este 2025, 30 a\u00f1os frente al Cine Club Universitario. No se queda aqu\u00ed su curriculum, pues dirige el aula de cine Eugenio Mart\u00edn y desde 1989 es coordinador de Actividades Cinematogr\u00e1ficas del Vicerrectorado de Extensi\u00f3n Cultural de la UGR, donde imparte cursos y seminarios sobre el lenguaje e historia del cine.<\/p>\n<p><b>Existen<\/b> varias <b>conexiones entre<\/b> Juan De Dios <b>y<\/b> Don Francisco Guzm\u00e1n; <b>en primer lugar<\/b>, <b>el premiado adem\u00e1s de ser<\/b> Licenciado en Historia del Arte<b>, fue alumno<\/b> del sacerdote en <b>el programa<\/b> de \u201cCr\u00edtica y Realizaci\u00f3n cinematogr\u00e1fica\u201d en el Centro de Cultura Audiovisual de Granada<b>, que fue<\/b> fundado y dirigido por Guzm\u00e1n. <b>Tambi\u00e9n, se destaca que<\/b> el <b>reconocimiento en este <\/b>premio <b>refleja<\/b> el <b>mismo compromiso que mostr\u00f3 el <\/b>sacerdote en su <b>carrera<\/b>.<\/p>\n<p>El acto comenz\u00f3 con la intervenci\u00f3n de Don Miguel \u00c1ngel Pareja, quien present\u00f3 la gala dando a conocer, tanto a invitados como al alumnado presente, el porqu\u00e9 de la iniciativa de este premio; apoyado por un documental sobre el sacerdote, realizado por Don V\u00edctor M\u00e1rquez, de quien se celebra tambi\u00e9n 100 a\u00f1os de su nacimiento. La ceremonia transcurri\u00f3 recordando la importancia de dejar constancia, con este galard\u00f3n, el reconocimiento a todas aquellas personas profesionales de la familia da la comunicaci\u00f3n y del mundo audiovisual.<span class=\"Apple-converted-space\">\u00a0 <\/span>Fue Don Pablo Mar\u00edn ,como jefe de Seminario del Imagen y Sonido del colegio, quien hizo saber al p\u00fablico presente c\u00f3mo Juan De Dios Salas cumple con los requisitos para ser el galardonado de esta III Edici\u00f3n. Un momento especialmente emotivo fue cuando el galardonado subi\u00f3 al escenario y ley\u00f3 su discurso destacando datos y an\u00e9cdotas sobre Guzm\u00e1n; pues por sus palabras se denot\u00f3 la importancia en su formaci\u00f3n. <span class=\"Apple-converted-space\">\u00a0<\/span><\/p>\n<p>Hubo momentos para el espect\u00e1culo por parte del alumnado del Grado Superior de Realizaci\u00f3n y Producci\u00f3n de Audiovisuales y Espect\u00e1culos, quienes interpretaron en un sketch escenas de grandes cl\u00e1sicos del cine; y como no, nuestra alumna de 2 de la ESO, Mar\u00eda Navarro ha sido quien ha puesto la nota musical a esta celebraci\u00f3n. Acto que ha finalizado con la intervenci\u00f3n del director del centro, Don Jos\u00e9 Manuel Olivencia.<\/p>\n<p>&nbsp;<\/p>\n<p>Agradeced a todos su asistencia y c\u00f3mo no, desde este momento, queda convocado para el a\u00f1o que viene, la cuarta edici\u00f3n del premio Don Francisco Guzm\u00e1n.<\/p>\n<p>Podr\u00e1n ver la gala al completo en el siguiente v\u00eddeo.<\/p>\n<p>[\/et_pb_text][\/et_pb_column][\/et_pb_row][et_pb_row _builder_version=\u00bb4.27.4&#8243; _module_preset=\u00bbdefault\u00bb global_colors_info=\u00bb{}\u00bb][et_pb_column type=\u00bb4_4&#8243; _builder_version=\u00bb4.27.4&#8243; _module_preset=\u00bbdefault\u00bb global_colors_info=\u00bb{}\u00bb][et_pb_video src=\u00bbhttps:\/\/www.youtube.com\/live\/9LL9x65JnGw?feature=share\u00bb _builder_version=\u00bb4.27.4&#8243; _module_preset=\u00bbdefault\u00bb global_colors_info=\u00bb{}\u00bb][\/et_pb_video][\/et_pb_column][\/et_pb_row][et_pb_row _builder_version=\u00bb4.27.4&#8243; _module_preset=\u00bbdefault\u00bb global_colors_info=\u00bb{}\u00bb][et_pb_column type=\u00bb4_4&#8243; _builder_version=\u00bb4.27.4&#8243; _module_preset=\u00bbdefault\u00bb global_colors_info=\u00bb{}\u00bb][\/et_pb_column][\/et_pb_row][\/et_pb_section]<\/p>\n","protected":false},"excerpt":{"rendered":"<p>Esta ma\u00f1ana se ha celebrado la III Edici\u00f3n de los Premios Don Francisco Guzm\u00e1n<\/p>\n","protected":false},"author":2,"featured_media":19759,"comment_status":"open","ping_status":"open","sticky":false,"template":"","format":"standard","meta":{"_et_pb_use_builder":"on","_et_pb_old_content":"","_et_gb_content_width":"","footnotes":""},"categories":[30,57,11,19,21,52,12,1],"tags":[],"class_list":["post-19758","post","type-post","status-publish","format-standard","has-post-thumbnail","hentry","category-artes","category-bachillerato","category-colegio","category-eso","category-fp","category-imagen-y-sonido","category-portada","category-uncategorized"],"yoast_head":"<!-- This site is optimized with the Yoast SEO plugin v28.4 - https:\/\/yoast.com\/product\/yoast-seo-wordpress\/ -->\n<title>III Edici\u00f3n Premios Comunicaci\u00f3n Audiovisual Don Francisco Guzm\u00e1n - Colegio Salesiano<\/title>\n<meta name=\"description\" content=\"La Fundaci\u00f3n Alcohol y Sociedad organiza un taller de prevenci\u00f3n del alcohol para alumnos de bachillerato.\" \/>\n<meta name=\"robots\" content=\"index, follow, max-snippet:-1, max-image-preview:large, max-video-preview:-1\" \/>\n<link rel=\"canonical\" href=\"https:\/\/granada.salesianos.edu\/colegio\/blog\/iii-edicion-premios-comunicacion-audiovisual-don-francisco-guzman\/\" \/>\n<meta property=\"og:locale\" content=\"es_ES\" \/>\n<meta property=\"og:type\" content=\"article\" \/>\n<meta property=\"og:title\" content=\"III Edici\u00f3n Premios Comunicaci\u00f3n Audiovisual Don Francisco Guzm\u00e1n - Colegio Salesiano\" \/>\n<meta property=\"og:description\" content=\"La Fundaci\u00f3n Alcohol y Sociedad organiza un taller de prevenci\u00f3n del alcohol para alumnos de bachillerato.\" \/>\n<meta property=\"og:url\" content=\"https:\/\/granada.salesianos.edu\/colegio\/blog\/iii-edicion-premios-comunicacion-audiovisual-don-francisco-guzman\/\" \/>\n<meta property=\"og:site_name\" content=\"Colegio Salesiano\" \/>\n<meta property=\"article:publisher\" content=\"https:\/\/www.facebook.com\/SalesianosGR\/\" \/>\n<meta property=\"article:published_time\" content=\"2025-01-24T21:10:41+00:00\" \/>\n<meta property=\"article:modified_time\" content=\"2025-01-24T21:10:47+00:00\" \/>\n<meta property=\"og:image\" content=\"https:\/\/granada.salesianos.edu\/colegio\/wp-content\/uploads\/sites\/2\/2025\/01\/foto-scaled.jpg\" \/>\n\t<meta property=\"og:image:width\" content=\"2560\" \/>\n\t<meta property=\"og:image:height\" content=\"1706\" \/>\n\t<meta property=\"og:image:type\" content=\"image\/jpeg\" \/>\n<meta name=\"author\" content=\"Gestor Web\" \/>\n<meta name=\"twitter:card\" content=\"summary_large_image\" \/>\n<meta name=\"twitter:creator\" content=\"@GranadaSDB\" \/>\n<meta name=\"twitter:site\" content=\"@GranadaSDB\" \/>\n<meta name=\"twitter:label1\" content=\"Escrito por\" \/>\n\t<meta name=\"twitter:data1\" content=\"Gestor Web\" \/>\n\t<meta name=\"twitter:label2\" content=\"Tiempo de lectura\" \/>\n\t<meta name=\"twitter:data2\" content=\"3 minutos\" \/>\n<script type=\"application\/ld+json\" class=\"yoast-schema-graph\">{\"@context\":\"https:\\\/\\\/schema.org\",\"@graph\":[{\"@type\":\"Article\",\"@id\":\"https:\\\/\\\/granada.salesianos.edu\\\/colegio\\\/blog\\\/iii-edicion-premios-comunicacion-audiovisual-don-francisco-guzman\\\/#article\",\"isPartOf\":{\"@id\":\"https:\\\/\\\/granada.salesianos.edu\\\/colegio\\\/blog\\\/iii-edicion-premios-comunicacion-audiovisual-don-francisco-guzman\\\/\"},\"author\":{\"name\":\"Gestor Web\",\"@id\":\"https:\\\/\\\/granada.salesianos.edu\\\/colegio\\\/#\\\/schema\\\/person\\\/6392ff2e4bd1e66981d6eab734bbd962\"},\"headline\":\"III Edici\u00f3n Premios Comunicaci\u00f3n Audiovisual Don Francisco Guzm\u00e1n\",\"datePublished\":\"2025-01-24T21:10:41+00:00\",\"dateModified\":\"2025-01-24T21:10:47+00:00\",\"mainEntityOfPage\":{\"@id\":\"https:\\\/\\\/granada.salesianos.edu\\\/colegio\\\/blog\\\/iii-edicion-premios-comunicacion-audiovisual-don-francisco-guzman\\\/\"},\"wordCount\":602,\"commentCount\":0,\"publisher\":{\"@id\":\"https:\\\/\\\/granada.salesianos.edu\\\/colegio\\\/#organization\"},\"image\":{\"@id\":\"https:\\\/\\\/granada.salesianos.edu\\\/colegio\\\/blog\\\/iii-edicion-premios-comunicacion-audiovisual-don-francisco-guzman\\\/#primaryimage\"},\"thumbnailUrl\":\"https:\\\/\\\/granada.salesianos.edu\\\/colegio\\\/wp-content\\\/uploads\\\/sites\\\/2\\\/2025\\\/01\\\/foto-scaled.jpg\",\"articleSection\":[\"Artes\",\"Bachillerato\",\"Colegio\",\"ESO\",\"FP\",\"Imagen y Sonido\",\"Portada\",\"Uncategorized\"],\"inLanguage\":\"es\",\"potentialAction\":[{\"@type\":\"CommentAction\",\"name\":\"Comment\",\"target\":[\"https:\\\/\\\/granada.salesianos.edu\\\/colegio\\\/blog\\\/iii-edicion-premios-comunicacion-audiovisual-don-francisco-guzman\\\/#respond\"]}]},{\"@type\":\"WebPage\",\"@id\":\"https:\\\/\\\/granada.salesianos.edu\\\/colegio\\\/blog\\\/iii-edicion-premios-comunicacion-audiovisual-don-francisco-guzman\\\/\",\"url\":\"https:\\\/\\\/granada.salesianos.edu\\\/colegio\\\/blog\\\/iii-edicion-premios-comunicacion-audiovisual-don-francisco-guzman\\\/\",\"name\":\"III Edici\u00f3n Premios Comunicaci\u00f3n Audiovisual Don Francisco Guzm\u00e1n - Colegio Salesiano\",\"isPartOf\":{\"@id\":\"https:\\\/\\\/granada.salesianos.edu\\\/colegio\\\/#website\"},\"primaryImageOfPage\":{\"@id\":\"https:\\\/\\\/granada.salesianos.edu\\\/colegio\\\/blog\\\/iii-edicion-premios-comunicacion-audiovisual-don-francisco-guzman\\\/#primaryimage\"},\"image\":{\"@id\":\"https:\\\/\\\/granada.salesianos.edu\\\/colegio\\\/blog\\\/iii-edicion-premios-comunicacion-audiovisual-don-francisco-guzman\\\/#primaryimage\"},\"thumbnailUrl\":\"https:\\\/\\\/granada.salesianos.edu\\\/colegio\\\/wp-content\\\/uploads\\\/sites\\\/2\\\/2025\\\/01\\\/foto-scaled.jpg\",\"datePublished\":\"2025-01-24T21:10:41+00:00\",\"dateModified\":\"2025-01-24T21:10:47+00:00\",\"description\":\"La Fundaci\u00f3n Alcohol y Sociedad organiza un taller de prevenci\u00f3n del alcohol para alumnos de bachillerato.\",\"breadcrumb\":{\"@id\":\"https:\\\/\\\/granada.salesianos.edu\\\/colegio\\\/blog\\\/iii-edicion-premios-comunicacion-audiovisual-don-francisco-guzman\\\/#breadcrumb\"},\"inLanguage\":\"es\",\"potentialAction\":[{\"@type\":\"ReadAction\",\"target\":[\"https:\\\/\\\/granada.salesianos.edu\\\/colegio\\\/blog\\\/iii-edicion-premios-comunicacion-audiovisual-don-francisco-guzman\\\/\"]}]},{\"@type\":\"ImageObject\",\"inLanguage\":\"es\",\"@id\":\"https:\\\/\\\/granada.salesianos.edu\\\/colegio\\\/blog\\\/iii-edicion-premios-comunicacion-audiovisual-don-francisco-guzman\\\/#primaryimage\",\"url\":\"https:\\\/\\\/granada.salesianos.edu\\\/colegio\\\/wp-content\\\/uploads\\\/sites\\\/2\\\/2025\\\/01\\\/foto-scaled.jpg\",\"contentUrl\":\"https:\\\/\\\/granada.salesianos.edu\\\/colegio\\\/wp-content\\\/uploads\\\/sites\\\/2\\\/2025\\\/01\\\/foto-scaled.jpg\",\"width\":2560,\"height\":1706},{\"@type\":\"BreadcrumbList\",\"@id\":\"https:\\\/\\\/granada.salesianos.edu\\\/colegio\\\/blog\\\/iii-edicion-premios-comunicacion-audiovisual-don-francisco-guzman\\\/#breadcrumb\",\"itemListElement\":[{\"@type\":\"ListItem\",\"position\":1,\"name\":\"Portada\",\"item\":\"https:\\\/\\\/granada.salesianos.edu\\\/colegio\\\/\"},{\"@type\":\"ListItem\",\"position\":2,\"name\":\"III Edici\u00f3n Premios Comunicaci\u00f3n Audiovisual Don Francisco Guzm\u00e1n\"}]},{\"@type\":\"WebSite\",\"@id\":\"https:\\\/\\\/granada.salesianos.edu\\\/colegio\\\/#website\",\"url\":\"https:\\\/\\\/granada.salesianos.edu\\\/colegio\\\/\",\"name\":\"Colegio Salesiano\",\"description\":\"P\u00e1gina oficial de Salesianos Granada San Juan Bosco\",\"publisher\":{\"@id\":\"https:\\\/\\\/granada.salesianos.edu\\\/colegio\\\/#organization\"},\"potentialAction\":[{\"@type\":\"SearchAction\",\"target\":{\"@type\":\"EntryPoint\",\"urlTemplate\":\"https:\\\/\\\/granada.salesianos.edu\\\/colegio\\\/?s={search_term_string}\"},\"query-input\":{\"@type\":\"PropertyValueSpecification\",\"valueRequired\":true,\"valueName\":\"search_term_string\"}}],\"inLanguage\":\"es\"},{\"@type\":\"Organization\",\"@id\":\"https:\\\/\\\/granada.salesianos.edu\\\/colegio\\\/#organization\",\"name\":\"Colegio Salesiano San Juan Bosco Granada\",\"url\":\"https:\\\/\\\/granada.salesianos.edu\\\/colegio\\\/\",\"logo\":{\"@type\":\"ImageObject\",\"inLanguage\":\"es\",\"@id\":\"https:\\\/\\\/granada.salesianos.edu\\\/colegio\\\/#\\\/schema\\\/logo\\\/image\\\/\",\"url\":\"https:\\\/\\\/granada.salesianos.edu\\\/colegio\\\/wp-content\\\/uploads\\\/sites\\\/2\\\/2021\\\/01\\\/GRANADAobraVN2.jpg\",\"contentUrl\":\"https:\\\/\\\/granada.salesianos.edu\\\/colegio\\\/wp-content\\\/uploads\\\/sites\\\/2\\\/2021\\\/01\\\/GRANADAobraVN2.jpg\",\"width\":2113,\"height\":1894,\"caption\":\"Colegio Salesiano San Juan Bosco Granada\"},\"image\":{\"@id\":\"https:\\\/\\\/granada.salesianos.edu\\\/colegio\\\/#\\\/schema\\\/logo\\\/image\\\/\"},\"sameAs\":[\"https:\\\/\\\/www.facebook.com\\\/SalesianosGR\\\/\",\"https:\\\/\\\/x.com\\\/GranadaSDB\",\"https:\\\/\\\/www.instagram.com\\\/salesianosgranada\\\/\",\"https:\\\/\\\/www.youtube.com\\\/channel\\\/UChkpZuhCf4Y5rYIcFT3CNxw?view_as=subscriber\"]},{\"@type\":\"Person\",\"@id\":\"https:\\\/\\\/granada.salesianos.edu\\\/colegio\\\/#\\\/schema\\\/person\\\/6392ff2e4bd1e66981d6eab734bbd962\",\"name\":\"Gestor Web\",\"image\":{\"@type\":\"ImageObject\",\"inLanguage\":\"es\",\"@id\":\"https:\\\/\\\/secure.gravatar.com\\\/avatar\\\/160666bb56a01520857079961a824af2b7821d6bad80677c80f2b473fceead1b?s=96&d=mm&r=g\",\"url\":\"https:\\\/\\\/secure.gravatar.com\\\/avatar\\\/160666bb56a01520857079961a824af2b7821d6bad80677c80f2b473fceead1b?s=96&d=mm&r=g\",\"contentUrl\":\"https:\\\/\\\/secure.gravatar.com\\\/avatar\\\/160666bb56a01520857079961a824af2b7821d6bad80677c80f2b473fceead1b?s=96&d=mm&r=g\",\"caption\":\"Gestor Web\"}}]}<\/script>\n<!-- \/ Yoast SEO plugin. -->","yoast_head_json":{"title":"III Edici\u00f3n Premios Comunicaci\u00f3n Audiovisual Don Francisco Guzm\u00e1n - Colegio Salesiano","description":"La Fundaci\u00f3n Alcohol y Sociedad organiza un taller de prevenci\u00f3n del alcohol para alumnos de bachillerato.","robots":{"index":"index","follow":"follow","max-snippet":"max-snippet:-1","max-image-preview":"max-image-preview:large","max-video-preview":"max-video-preview:-1"},"canonical":"https:\/\/granada.salesianos.edu\/colegio\/blog\/iii-edicion-premios-comunicacion-audiovisual-don-francisco-guzman\/","og_locale":"es_ES","og_type":"article","og_title":"III Edici\u00f3n Premios Comunicaci\u00f3n Audiovisual Don Francisco Guzm\u00e1n - Colegio Salesiano","og_description":"La Fundaci\u00f3n Alcohol y Sociedad organiza un taller de prevenci\u00f3n del alcohol para alumnos de bachillerato.","og_url":"https:\/\/granada.salesianos.edu\/colegio\/blog\/iii-edicion-premios-comunicacion-audiovisual-don-francisco-guzman\/","og_site_name":"Colegio Salesiano","article_publisher":"https:\/\/www.facebook.com\/SalesianosGR\/","article_published_time":"2025-01-24T21:10:41+00:00","article_modified_time":"2025-01-24T21:10:47+00:00","og_image":[{"width":2560,"height":1706,"url":"https:\/\/granada.salesianos.edu\/colegio\/wp-content\/uploads\/sites\/2\/2025\/01\/foto-scaled.jpg","type":"image\/jpeg"}],"author":"Gestor Web","twitter_card":"summary_large_image","twitter_creator":"@GranadaSDB","twitter_site":"@GranadaSDB","twitter_misc":{"Escrito por":"Gestor Web","Tiempo de lectura":"3 minutos"},"schema":{"@context":"https:\/\/schema.org","@graph":[{"@type":"Article","@id":"https:\/\/granada.salesianos.edu\/colegio\/blog\/iii-edicion-premios-comunicacion-audiovisual-don-francisco-guzman\/#article","isPartOf":{"@id":"https:\/\/granada.salesianos.edu\/colegio\/blog\/iii-edicion-premios-comunicacion-audiovisual-don-francisco-guzman\/"},"author":{"name":"Gestor Web","@id":"https:\/\/granada.salesianos.edu\/colegio\/#\/schema\/person\/6392ff2e4bd1e66981d6eab734bbd962"},"headline":"III Edici\u00f3n Premios Comunicaci\u00f3n Audiovisual Don Francisco Guzm\u00e1n","datePublished":"2025-01-24T21:10:41+00:00","dateModified":"2025-01-24T21:10:47+00:00","mainEntityOfPage":{"@id":"https:\/\/granada.salesianos.edu\/colegio\/blog\/iii-edicion-premios-comunicacion-audiovisual-don-francisco-guzman\/"},"wordCount":602,"commentCount":0,"publisher":{"@id":"https:\/\/granada.salesianos.edu\/colegio\/#organization"},"image":{"@id":"https:\/\/granada.salesianos.edu\/colegio\/blog\/iii-edicion-premios-comunicacion-audiovisual-don-francisco-guzman\/#primaryimage"},"thumbnailUrl":"https:\/\/granada.salesianos.edu\/colegio\/wp-content\/uploads\/sites\/2\/2025\/01\/foto-scaled.jpg","articleSection":["Artes","Bachillerato","Colegio","ESO","FP","Imagen y Sonido","Portada","Uncategorized"],"inLanguage":"es","potentialAction":[{"@type":"CommentAction","name":"Comment","target":["https:\/\/granada.salesianos.edu\/colegio\/blog\/iii-edicion-premios-comunicacion-audiovisual-don-francisco-guzman\/#respond"]}]},{"@type":"WebPage","@id":"https:\/\/granada.salesianos.edu\/colegio\/blog\/iii-edicion-premios-comunicacion-audiovisual-don-francisco-guzman\/","url":"https:\/\/granada.salesianos.edu\/colegio\/blog\/iii-edicion-premios-comunicacion-audiovisual-don-francisco-guzman\/","name":"III Edici\u00f3n Premios Comunicaci\u00f3n Audiovisual Don Francisco Guzm\u00e1n - Colegio Salesiano","isPartOf":{"@id":"https:\/\/granada.salesianos.edu\/colegio\/#website"},"primaryImageOfPage":{"@id":"https:\/\/granada.salesianos.edu\/colegio\/blog\/iii-edicion-premios-comunicacion-audiovisual-don-francisco-guzman\/#primaryimage"},"image":{"@id":"https:\/\/granada.salesianos.edu\/colegio\/blog\/iii-edicion-premios-comunicacion-audiovisual-don-francisco-guzman\/#primaryimage"},"thumbnailUrl":"https:\/\/granada.salesianos.edu\/colegio\/wp-content\/uploads\/sites\/2\/2025\/01\/foto-scaled.jpg","datePublished":"2025-01-24T21:10:41+00:00","dateModified":"2025-01-24T21:10:47+00:00","description":"La Fundaci\u00f3n Alcohol y Sociedad organiza un taller de prevenci\u00f3n del alcohol para alumnos de bachillerato.","breadcrumb":{"@id":"https:\/\/granada.salesianos.edu\/colegio\/blog\/iii-edicion-premios-comunicacion-audiovisual-don-francisco-guzman\/#breadcrumb"},"inLanguage":"es","potentialAction":[{"@type":"ReadAction","target":["https:\/\/granada.salesianos.edu\/colegio\/blog\/iii-edicion-premios-comunicacion-audiovisual-don-francisco-guzman\/"]}]},{"@type":"ImageObject","inLanguage":"es","@id":"https:\/\/granada.salesianos.edu\/colegio\/blog\/iii-edicion-premios-comunicacion-audiovisual-don-francisco-guzman\/#primaryimage","url":"https:\/\/granada.salesianos.edu\/colegio\/wp-content\/uploads\/sites\/2\/2025\/01\/foto-scaled.jpg","contentUrl":"https:\/\/granada.salesianos.edu\/colegio\/wp-content\/uploads\/sites\/2\/2025\/01\/foto-scaled.jpg","width":2560,"height":1706},{"@type":"BreadcrumbList","@id":"https:\/\/granada.salesianos.edu\/colegio\/blog\/iii-edicion-premios-comunicacion-audiovisual-don-francisco-guzman\/#breadcrumb","itemListElement":[{"@type":"ListItem","position":1,"name":"Portada","item":"https:\/\/granada.salesianos.edu\/colegio\/"},{"@type":"ListItem","position":2,"name":"III Edici\u00f3n Premios Comunicaci\u00f3n Audiovisual Don Francisco Guzm\u00e1n"}]},{"@type":"WebSite","@id":"https:\/\/granada.salesianos.edu\/colegio\/#website","url":"https:\/\/granada.salesianos.edu\/colegio\/","name":"Colegio Salesiano","description":"P\u00e1gina oficial de Salesianos Granada San Juan Bosco","publisher":{"@id":"https:\/\/granada.salesianos.edu\/colegio\/#organization"},"potentialAction":[{"@type":"SearchAction","target":{"@type":"EntryPoint","urlTemplate":"https:\/\/granada.salesianos.edu\/colegio\/?s={search_term_string}"},"query-input":{"@type":"PropertyValueSpecification","valueRequired":true,"valueName":"search_term_string"}}],"inLanguage":"es"},{"@type":"Organization","@id":"https:\/\/granada.salesianos.edu\/colegio\/#organization","name":"Colegio Salesiano San Juan Bosco Granada","url":"https:\/\/granada.salesianos.edu\/colegio\/","logo":{"@type":"ImageObject","inLanguage":"es","@id":"https:\/\/granada.salesianos.edu\/colegio\/#\/schema\/logo\/image\/","url":"https:\/\/granada.salesianos.edu\/colegio\/wp-content\/uploads\/sites\/2\/2021\/01\/GRANADAobraVN2.jpg","contentUrl":"https:\/\/granada.salesianos.edu\/colegio\/wp-content\/uploads\/sites\/2\/2021\/01\/GRANADAobraVN2.jpg","width":2113,"height":1894,"caption":"Colegio Salesiano San Juan Bosco Granada"},"image":{"@id":"https:\/\/granada.salesianos.edu\/colegio\/#\/schema\/logo\/image\/"},"sameAs":["https:\/\/www.facebook.com\/SalesianosGR\/","https:\/\/x.com\/GranadaSDB","https:\/\/www.instagram.com\/salesianosgranada\/","https:\/\/www.youtube.com\/channel\/UChkpZuhCf4Y5rYIcFT3CNxw?view_as=subscriber"]},{"@type":"Person","@id":"https:\/\/granada.salesianos.edu\/colegio\/#\/schema\/person\/6392ff2e4bd1e66981d6eab734bbd962","name":"Gestor Web","image":{"@type":"ImageObject","inLanguage":"es","@id":"https:\/\/secure.gravatar.com\/avatar\/160666bb56a01520857079961a824af2b7821d6bad80677c80f2b473fceead1b?s=96&d=mm&r=g","url":"https:\/\/secure.gravatar.com\/avatar\/160666bb56a01520857079961a824af2b7821d6bad80677c80f2b473fceead1b?s=96&d=mm&r=g","contentUrl":"https:\/\/secure.gravatar.com\/avatar\/160666bb56a01520857079961a824af2b7821d6bad80677c80f2b473fceead1b?s=96&d=mm&r=g","caption":"Gestor Web"}}]}},"_links":{"self":[{"href":"https:\/\/granada.salesianos.edu\/colegio\/wp-json\/wp\/v2\/posts\/19758","targetHints":{"allow":["GET"]}}],"collection":[{"href":"https:\/\/granada.salesianos.edu\/colegio\/wp-json\/wp\/v2\/posts"}],"about":[{"href":"https:\/\/granada.salesianos.edu\/colegio\/wp-json\/wp\/v2\/types\/post"}],"author":[{"embeddable":true,"href":"https:\/\/granada.salesianos.edu\/colegio\/wp-json\/wp\/v2\/users\/2"}],"replies":[{"embeddable":true,"href":"https:\/\/granada.salesianos.edu\/colegio\/wp-json\/wp\/v2\/comments?post=19758"}],"version-history":[{"count":2,"href":"https:\/\/granada.salesianos.edu\/colegio\/wp-json\/wp\/v2\/posts\/19758\/revisions"}],"predecessor-version":[{"id":19763,"href":"https:\/\/granada.salesianos.edu\/colegio\/wp-json\/wp\/v2\/posts\/19758\/revisions\/19763"}],"wp:featuredmedia":[{"embeddable":true,"href":"https:\/\/granada.salesianos.edu\/colegio\/wp-json\/wp\/v2\/media\/19759"}],"wp:attachment":[{"href":"https:\/\/granada.salesianos.edu\/colegio\/wp-json\/wp\/v2\/media?parent=19758"}],"wp:term":[{"taxonomy":"category","embeddable":true,"href":"https:\/\/granada.salesianos.edu\/colegio\/wp-json\/wp\/v2\/categories?post=19758"},{"taxonomy":"post_tag","embeddable":true,"href":"https:\/\/granada.salesianos.edu\/colegio\/wp-json\/wp\/v2\/tags?post=19758"}],"curies":[{"name":"wp","href":"https:\/\/api.w.org\/{rel}","templated":true}]}}