{"id":19769,"date":"2025-02-06T17:56:45","date_gmt":"2025-02-06T15:56:45","guid":{"rendered":"https:\/\/granada.salesianos.edu\/colegio\/?p=19769"},"modified":"2025-02-12T18:26:48","modified_gmt":"2025-02-12T16:26:48","slug":"los-alumnos-de-dibujo-tecnico-de-4o-de-eso-y-bachillerato-visitan-la-alhambra","status":"publish","type":"post","link":"https:\/\/granada.salesianos.edu\/colegio\/blog\/los-alumnos-de-dibujo-tecnico-de-4o-de-eso-y-bachillerato-visitan-la-alhambra\/","title":{"rendered":"Los alumnos de Dibujo T\u00e9cnico de 4\u00ba de ESO y Bachillerato visitan La Alhambra."},"content":{"rendered":"<div id=\"fb-root\"><\/div>\n<p>[et_pb_section fb_built=\u00bb1&#8243; admin_label=\u00bbsection\u00bb _builder_version=\u00bb4.27.4&#8243; global_colors_info=\u00bb{}\u00bb][et_pb_row _builder_version=\u00bb4.27.2&#8243; _module_preset=\u00bbdefault\u00bb global_colors_info=\u00bb{}\u00bb][et_pb_column type=\u00bb4_4&#8243; _builder_version=\u00bb4.27.0&#8243; _module_preset=\u00bbdefault\u00bb global_colors_info=\u00bb{}\u00bb][et_pb_text _builder_version=\u00bb4.27.4&#8243; _module_preset=\u00bbdefault\u00bb global_colors_info=\u00bb{}\u00bb]<\/p>\n<p>Los estudiantes de Dibujo T\u00e9cnico de 4\u00ba de ESO y Bachillerato han tenido la oportunidad de participar en una enriquecedora visita a <a href=\"https:\/\/www.alhambra-patronato.es\/\">La Alhambra<\/a>, explorando uno de nuestros monumentos m\u00e1s emblem\u00e1ticos del patrimonio hist\u00f3rico y art\u00edstico.<\/p>\n<p>Durante la jornada, los alumnos de <a href=\"https:\/\/granada.salesianos.edu\/colegio\/eso\/\">4\u00ba de ESO<\/a> recorrieron la majestuosa ciudad palatina, legado de la dinast\u00eda nazar\u00ed, disfrutando de una experiencia inmersiva que estimul\u00f3 sus sentidos visuales, sonoros y culturales. \ud83c\udfa8\ud83c\udf0a<\/p>\n<p>Por su parte, los alumnos de <a href=\"https:\/\/granada.salesianos.edu\/colegio\/bachillerato-concertado\/\">Bachillerato<\/a>, bajo el lema \u201cEspacio de luz y formas\u201d, analizaron La Alhambra desde un enfoque interdisciplinar, que abarc\u00f3 el arte, la historia, la geometr\u00eda, la poes\u00eda, la naturaleza y la arquitectura. Esta experiencia les permiti\u00f3 desarrollar su capacidad de percepci\u00f3n y an\u00e1lisis, comprendiendo las claves de este conjunto arquitect\u00f3nico y disfrutando del proceso de aprendizaje. \ud83c\udf06\ud83c\udf1f<\/p>\n<p>Acompa\u00f1ados por sus profesores del \u00e1rea de Dibujo T\u00e9cnico, la visita ha representado una oportunidad \u00fanica para profundizar en el conocimiento del arte y la historia de esta joya arquitect\u00f3nica. \ud83d\udcda<\/p>\n<p>\u00a1Esperamos que haya sido una experiencia inspiradora para todos! \u2728<\/p>\n<p>#AlhambraNazar\u00ed #DibujoT\u00e9cnico #ArteyCultura #ESO #Bachillerato #Experiencia\u00danica #bachilleratoconcertado<\/p>\n<p>[\/et_pb_text][\/et_pb_column][\/et_pb_row][et_pb_row column_structure=\u00bb1_2,1_2&#8243; _builder_version=\u00bb4.27.4&#8243; _module_preset=\u00bbdefault\u00bb global_colors_info=\u00bb{}\u00bb][et_pb_column type=\u00bb1_2&#8243; _builder_version=\u00bb4.27.4&#8243; _module_preset=\u00bbdefault\u00bb global_colors_info=\u00bb{}\u00bb][et_pb_image src=\u00bbhttps:\/\/granada.salesianos.edu\/wp-content\/uploads\/2025\/02\/Visita-a-la-alhambra-dibujo-tecnico.-Salesianos-Granada5.jpeg\u00bb title_text=\u00bbVisita a la alhambra dibujo t\u00e9cnico. Salesianos Granada5&#8243; _builder_version=\u00bb4.27.4&#8243; _module_preset=\u00bbdefault\u00bb global_colors_info=\u00bb{}\u00bb][\/et_pb_image][et_pb_image src=\u00bbhttps:\/\/granada.salesianos.edu\/wp-content\/uploads\/2025\/02\/Visita-a-la-alhambra-dibujo-tecnico.-Salesianos-Granada1.jpeg\u00bb title_text=\u00bbVisita a la alhambra dibujo t\u00e9cnico. Salesianos Granada1&#8243; _builder_version=\u00bb4.27.4&#8243; _module_preset=\u00bbdefault\u00bb global_colors_info=\u00bb{}\u00bb][\/et_pb_image][\/et_pb_column][et_pb_column type=\u00bb1_2&#8243; _builder_version=\u00bb4.27.4&#8243; _module_preset=\u00bbdefault\u00bb global_colors_info=\u00bb{}\u00bb][et_pb_image src=\u00bbhttps:\/\/granada.salesianos.edu\/wp-content\/uploads\/2025\/02\/Visita-a-la-alhambra-dibujo-tecnico.-Salesianos-Granada3.jpeg\u00bb title_text=\u00bbVisita a la alhambra dibujo t\u00e9cnico. Salesianos Granada3&#8243; _builder_version=\u00bb4.27.4&#8243; _module_preset=\u00bbdefault\u00bb global_colors_info=\u00bb{}\u00bb][\/et_pb_image][et_pb_image src=\u00bbhttps:\/\/granada.salesianos.edu\/wp-content\/uploads\/2025\/02\/Visita-a-la-alhambra-dibujo-tecnico.-Salesianos-Granada4.jpeg\u00bb title_text=\u00bbVisita a la alhambra dibujo t\u00e9cnico. Salesianos Granada4&#8243; _builder_version=\u00bb4.27.4&#8243; _module_preset=\u00bbdefault\u00bb global_colors_info=\u00bb{}\u00bb][\/et_pb_image][\/et_pb_column][\/et_pb_row][et_pb_row _builder_version=\u00bb4.27.4&#8243; _module_preset=\u00bbdefault\u00bb global_colors_info=\u00bb{}\u00bb][et_pb_column type=\u00bb4_4&#8243; _builder_version=\u00bb4.27.4&#8243; _module_preset=\u00bbdefault\u00bb global_colors_info=\u00bb{}\u00bb][et_pb_text _builder_version=\u00bb4.27.4&#8243; _module_preset=\u00bbdefault\u00bb global_colors_info=\u00bb{}\u00bb]<\/p>\n<h2 style=\"text-align: center;\">La Alhambra, la maravilla de Granada<\/h2>\n<p>[\/et_pb_text][et_pb_code _builder_version=\u00bb4.27.4&#8243; _module_preset=\u00bbdefault\u00bb global_colors_info=\u00bb{}\u00bb]<iframe loading=\"lazy\" width=\"560\" height=\"315\" src=\"https:\/\/www.youtube.com\/embed\/qgPI4rt860Y?si=X5BdDOeIteKItGuw\" title=\"YouTube video player\" frameborder=\"0\" allow=\"accelerometer; autoplay; clipboard-write; encrypted-media; gyroscope; picture-in-picture; web-share\" referrerpolicy=\"strict-origin-when-cross-origin\" allowfullscreen><\/iframe>[\/et_pb_code][\/et_pb_column][\/et_pb_row][\/et_pb_section]<\/p>\n","protected":false},"excerpt":{"rendered":"<p>Los estudiantes de Dibujo T\u00e9cnico de 4\u00ba de ESO y Bachillerato han tenido la oportunidad de participar en una enriquecedora visita a La Alhambra, explorando uno de nuestros monumentos m\u00e1s emblem\u00e1ticos del patrimonio hist\u00f3rico y art\u00edstico.<\/p>\n","protected":false},"author":2,"featured_media":19770,"comment_status":"open","ping_status":"open","sticky":false,"template":"","format":"standard","meta":{"_et_pb_use_builder":"on","_et_pb_old_content":"","_et_gb_content_width":"","footnotes":""},"categories":[57,20,27,11,19,12,56],"tags":[],"class_list":["post-19769","post","type-post","status-publish","format-standard","has-post-thumbnail","hentry","category-bachillerato","category-bto","category-ciencias","category-colegio","category-eso","category-portada","category-tecnologia"],"yoast_head":"<!-- This site is optimized with the Yoast SEO plugin v28.4 - https:\/\/yoast.com\/product\/yoast-seo-wordpress\/ -->\n<title>Los alumnos de Dibujo T\u00e9cnico de 4\u00ba de ESO y Bachillerato visitan La Alhambra. - Colegio Salesiano<\/title>\n<meta name=\"description\" content=\"Los estudiantes de Dibujo T\u00e9cnico de 4\u00ba de ESO y Bachillerato han tenido la oportunidad de participar en una enriquecedora visita a La Alhambra, explorando uno de nuestros monumentos m\u00e1s emblem\u00e1ticos del patrimonio hist\u00f3rico y art\u00edstico.\" \/>\n<meta name=\"robots\" content=\"index, follow, max-snippet:-1, max-image-preview:large, max-video-preview:-1\" \/>\n<link rel=\"canonical\" href=\"https:\/\/granada.salesianos.edu\/colegio\/blog\/los-alumnos-de-dibujo-tecnico-de-4o-de-eso-y-bachillerato-visitan-la-alhambra\/\" \/>\n<meta property=\"og:locale\" content=\"es_ES\" \/>\n<meta property=\"og:type\" content=\"article\" \/>\n<meta property=\"og:title\" content=\"Los alumnos de Dibujo T\u00e9cnico de 4\u00ba de ESO y Bachillerato visitan La Alhambra. - Colegio Salesiano\" \/>\n<meta property=\"og:description\" content=\"Los estudiantes de Dibujo T\u00e9cnico de 4\u00ba de ESO y Bachillerato han tenido la oportunidad de participar en una enriquecedora visita a La Alhambra, explorando uno de nuestros monumentos m\u00e1s emblem\u00e1ticos del patrimonio hist\u00f3rico y art\u00edstico.\" \/>\n<meta property=\"og:url\" content=\"https:\/\/granada.salesianos.edu\/colegio\/blog\/los-alumnos-de-dibujo-tecnico-de-4o-de-eso-y-bachillerato-visitan-la-alhambra\/\" \/>\n<meta property=\"og:site_name\" content=\"Colegio Salesiano\" \/>\n<meta property=\"article:publisher\" content=\"https:\/\/www.facebook.com\/SalesianosGR\/\" \/>\n<meta property=\"article:published_time\" content=\"2025-02-06T15:56:45+00:00\" \/>\n<meta property=\"article:modified_time\" content=\"2025-02-12T16:26:48+00:00\" \/>\n<meta property=\"og:image\" content=\"https:\/\/granada.salesianos.edu\/colegio\/wp-content\/uploads\/sites\/2\/2025\/02\/Visita-a-la-alhambra-dibujo-tecnico.-Salesianos-Granada1.jpeg\" \/>\n\t<meta property=\"og:image:width\" content=\"1600\" \/>\n\t<meta property=\"og:image:height\" content=\"1200\" \/>\n\t<meta property=\"og:image:type\" content=\"image\/jpeg\" \/>\n<meta name=\"author\" content=\"Gestor Web\" \/>\n<meta name=\"twitter:card\" content=\"summary_large_image\" \/>\n<meta name=\"twitter:creator\" content=\"@GranadaSDB\" \/>\n<meta name=\"twitter:site\" content=\"@GranadaSDB\" \/>\n<meta name=\"twitter:label1\" content=\"Escrito por\" \/>\n\t<meta name=\"twitter:data1\" content=\"Gestor Web\" \/>\n\t<meta name=\"twitter:label2\" content=\"Tiempo de lectura\" \/>\n\t<meta name=\"twitter:data2\" content=\"2 minutos\" \/>\n<script type=\"application\/ld+json\" class=\"yoast-schema-graph\">{\"@context\":\"https:\\\/\\\/schema.org\",\"@graph\":[{\"@type\":\"Article\",\"@id\":\"https:\\\/\\\/granada.salesianos.edu\\\/colegio\\\/blog\\\/los-alumnos-de-dibujo-tecnico-de-4o-de-eso-y-bachillerato-visitan-la-alhambra\\\/#article\",\"isPartOf\":{\"@id\":\"https:\\\/\\\/granada.salesianos.edu\\\/colegio\\\/blog\\\/los-alumnos-de-dibujo-tecnico-de-4o-de-eso-y-bachillerato-visitan-la-alhambra\\\/\"},\"author\":{\"name\":\"Gestor Web\",\"@id\":\"https:\\\/\\\/granada.salesianos.edu\\\/colegio\\\/#\\\/schema\\\/person\\\/6392ff2e4bd1e66981d6eab734bbd962\"},\"headline\":\"Los alumnos de Dibujo T\u00e9cnico de 4\u00ba de ESO y Bachillerato visitan La Alhambra.\",\"datePublished\":\"2025-02-06T15:56:45+00:00\",\"dateModified\":\"2025-02-12T16:26:48+00:00\",\"mainEntityOfPage\":{\"@id\":\"https:\\\/\\\/granada.salesianos.edu\\\/colegio\\\/blog\\\/los-alumnos-de-dibujo-tecnico-de-4o-de-eso-y-bachillerato-visitan-la-alhambra\\\/\"},\"wordCount\":511,\"commentCount\":0,\"publisher\":{\"@id\":\"https:\\\/\\\/granada.salesianos.edu\\\/colegio\\\/#organization\"},\"image\":{\"@id\":\"https:\\\/\\\/granada.salesianos.edu\\\/colegio\\\/blog\\\/los-alumnos-de-dibujo-tecnico-de-4o-de-eso-y-bachillerato-visitan-la-alhambra\\\/#primaryimage\"},\"thumbnailUrl\":\"https:\\\/\\\/granada.salesianos.edu\\\/colegio\\\/wp-content\\\/uploads\\\/sites\\\/2\\\/2025\\\/02\\\/Visita-a-la-alhambra-dibujo-tecnico.-Salesianos-Granada1.jpeg\",\"articleSection\":[\"Bachillerato\",\"BTO\",\"Ciencias\",\"Colegio\",\"ESO\",\"Portada\",\"Tecnolog\u00eda\"],\"inLanguage\":\"es\",\"potentialAction\":[{\"@type\":\"CommentAction\",\"name\":\"Comment\",\"target\":[\"https:\\\/\\\/granada.salesianos.edu\\\/colegio\\\/blog\\\/los-alumnos-de-dibujo-tecnico-de-4o-de-eso-y-bachillerato-visitan-la-alhambra\\\/#respond\"]}]},{\"@type\":\"WebPage\",\"@id\":\"https:\\\/\\\/granada.salesianos.edu\\\/colegio\\\/blog\\\/los-alumnos-de-dibujo-tecnico-de-4o-de-eso-y-bachillerato-visitan-la-alhambra\\\/\",\"url\":\"https:\\\/\\\/granada.salesianos.edu\\\/colegio\\\/blog\\\/los-alumnos-de-dibujo-tecnico-de-4o-de-eso-y-bachillerato-visitan-la-alhambra\\\/\",\"name\":\"Los alumnos de Dibujo T\u00e9cnico de 4\u00ba de ESO y Bachillerato visitan La Alhambra. - Colegio Salesiano\",\"isPartOf\":{\"@id\":\"https:\\\/\\\/granada.salesianos.edu\\\/colegio\\\/#website\"},\"primaryImageOfPage\":{\"@id\":\"https:\\\/\\\/granada.salesianos.edu\\\/colegio\\\/blog\\\/los-alumnos-de-dibujo-tecnico-de-4o-de-eso-y-bachillerato-visitan-la-alhambra\\\/#primaryimage\"},\"image\":{\"@id\":\"https:\\\/\\\/granada.salesianos.edu\\\/colegio\\\/blog\\\/los-alumnos-de-dibujo-tecnico-de-4o-de-eso-y-bachillerato-visitan-la-alhambra\\\/#primaryimage\"},\"thumbnailUrl\":\"https:\\\/\\\/granada.salesianos.edu\\\/colegio\\\/wp-content\\\/uploads\\\/sites\\\/2\\\/2025\\\/02\\\/Visita-a-la-alhambra-dibujo-tecnico.-Salesianos-Granada1.jpeg\",\"datePublished\":\"2025-02-06T15:56:45+00:00\",\"dateModified\":\"2025-02-12T16:26:48+00:00\",\"description\":\"Los estudiantes de Dibujo T\u00e9cnico de 4\u00ba de ESO y Bachillerato han tenido la oportunidad de participar en una enriquecedora visita a La Alhambra, explorando uno de nuestros monumentos m\u00e1s emblem\u00e1ticos del patrimonio hist\u00f3rico y art\u00edstico.\",\"breadcrumb\":{\"@id\":\"https:\\\/\\\/granada.salesianos.edu\\\/colegio\\\/blog\\\/los-alumnos-de-dibujo-tecnico-de-4o-de-eso-y-bachillerato-visitan-la-alhambra\\\/#breadcrumb\"},\"inLanguage\":\"es\",\"potentialAction\":[{\"@type\":\"ReadAction\",\"target\":[\"https:\\\/\\\/granada.salesianos.edu\\\/colegio\\\/blog\\\/los-alumnos-de-dibujo-tecnico-de-4o-de-eso-y-bachillerato-visitan-la-alhambra\\\/\"]}]},{\"@type\":\"ImageObject\",\"inLanguage\":\"es\",\"@id\":\"https:\\\/\\\/granada.salesianos.edu\\\/colegio\\\/blog\\\/los-alumnos-de-dibujo-tecnico-de-4o-de-eso-y-bachillerato-visitan-la-alhambra\\\/#primaryimage\",\"url\":\"https:\\\/\\\/granada.salesianos.edu\\\/colegio\\\/wp-content\\\/uploads\\\/sites\\\/2\\\/2025\\\/02\\\/Visita-a-la-alhambra-dibujo-tecnico.-Salesianos-Granada1.jpeg\",\"contentUrl\":\"https:\\\/\\\/granada.salesianos.edu\\\/colegio\\\/wp-content\\\/uploads\\\/sites\\\/2\\\/2025\\\/02\\\/Visita-a-la-alhambra-dibujo-tecnico.-Salesianos-Granada1.jpeg\",\"width\":1600,\"height\":1200},{\"@type\":\"BreadcrumbList\",\"@id\":\"https:\\\/\\\/granada.salesianos.edu\\\/colegio\\\/blog\\\/los-alumnos-de-dibujo-tecnico-de-4o-de-eso-y-bachillerato-visitan-la-alhambra\\\/#breadcrumb\",\"itemListElement\":[{\"@type\":\"ListItem\",\"position\":1,\"name\":\"Portada\",\"item\":\"https:\\\/\\\/granada.salesianos.edu\\\/colegio\\\/\"},{\"@type\":\"ListItem\",\"position\":2,\"name\":\"Los alumnos de Dibujo T\u00e9cnico de 4\u00ba de ESO y Bachillerato visitan La Alhambra.\"}]},{\"@type\":\"WebSite\",\"@id\":\"https:\\\/\\\/granada.salesianos.edu\\\/colegio\\\/#website\",\"url\":\"https:\\\/\\\/granada.salesianos.edu\\\/colegio\\\/\",\"name\":\"Colegio Salesiano\",\"description\":\"P\u00e1gina oficial de Salesianos Granada San Juan Bosco\",\"publisher\":{\"@id\":\"https:\\\/\\\/granada.salesianos.edu\\\/colegio\\\/#organization\"},\"potentialAction\":[{\"@type\":\"SearchAction\",\"target\":{\"@type\":\"EntryPoint\",\"urlTemplate\":\"https:\\\/\\\/granada.salesianos.edu\\\/colegio\\\/?s={search_term_string}\"},\"query-input\":{\"@type\":\"PropertyValueSpecification\",\"valueRequired\":true,\"valueName\":\"search_term_string\"}}],\"inLanguage\":\"es\"},{\"@type\":\"Organization\",\"@id\":\"https:\\\/\\\/granada.salesianos.edu\\\/colegio\\\/#organization\",\"name\":\"Colegio Salesiano San Juan Bosco Granada\",\"url\":\"https:\\\/\\\/granada.salesianos.edu\\\/colegio\\\/\",\"logo\":{\"@type\":\"ImageObject\",\"inLanguage\":\"es\",\"@id\":\"https:\\\/\\\/granada.salesianos.edu\\\/colegio\\\/#\\\/schema\\\/logo\\\/image\\\/\",\"url\":\"https:\\\/\\\/granada.salesianos.edu\\\/colegio\\\/wp-content\\\/uploads\\\/sites\\\/2\\\/2021\\\/01\\\/GRANADAobraVN2.jpg\",\"contentUrl\":\"https:\\\/\\\/granada.salesianos.edu\\\/colegio\\\/wp-content\\\/uploads\\\/sites\\\/2\\\/2021\\\/01\\\/GRANADAobraVN2.jpg\",\"width\":2113,\"height\":1894,\"caption\":\"Colegio Salesiano San Juan Bosco Granada\"},\"image\":{\"@id\":\"https:\\\/\\\/granada.salesianos.edu\\\/colegio\\\/#\\\/schema\\\/logo\\\/image\\\/\"},\"sameAs\":[\"https:\\\/\\\/www.facebook.com\\\/SalesianosGR\\\/\",\"https:\\\/\\\/x.com\\\/GranadaSDB\",\"https:\\\/\\\/www.instagram.com\\\/salesianosgranada\\\/\",\"https:\\\/\\\/www.youtube.com\\\/channel\\\/UChkpZuhCf4Y5rYIcFT3CNxw?view_as=subscriber\"]},{\"@type\":\"Person\",\"@id\":\"https:\\\/\\\/granada.salesianos.edu\\\/colegio\\\/#\\\/schema\\\/person\\\/6392ff2e4bd1e66981d6eab734bbd962\",\"name\":\"Gestor Web\",\"image\":{\"@type\":\"ImageObject\",\"inLanguage\":\"es\",\"@id\":\"https:\\\/\\\/secure.gravatar.com\\\/avatar\\\/160666bb56a01520857079961a824af2b7821d6bad80677c80f2b473fceead1b?s=96&d=mm&r=g\",\"url\":\"https:\\\/\\\/secure.gravatar.com\\\/avatar\\\/160666bb56a01520857079961a824af2b7821d6bad80677c80f2b473fceead1b?s=96&d=mm&r=g\",\"contentUrl\":\"https:\\\/\\\/secure.gravatar.com\\\/avatar\\\/160666bb56a01520857079961a824af2b7821d6bad80677c80f2b473fceead1b?s=96&d=mm&r=g\",\"caption\":\"Gestor Web\"}}]}<\/script>\n<!-- \/ Yoast SEO plugin. -->","yoast_head_json":{"title":"Los alumnos de Dibujo T\u00e9cnico de 4\u00ba de ESO y Bachillerato visitan La Alhambra. - Colegio Salesiano","description":"Los estudiantes de Dibujo T\u00e9cnico de 4\u00ba de ESO y Bachillerato han tenido la oportunidad de participar en una enriquecedora visita a La Alhambra, explorando uno de nuestros monumentos m\u00e1s emblem\u00e1ticos del patrimonio hist\u00f3rico y art\u00edstico.","robots":{"index":"index","follow":"follow","max-snippet":"max-snippet:-1","max-image-preview":"max-image-preview:large","max-video-preview":"max-video-preview:-1"},"canonical":"https:\/\/granada.salesianos.edu\/colegio\/blog\/los-alumnos-de-dibujo-tecnico-de-4o-de-eso-y-bachillerato-visitan-la-alhambra\/","og_locale":"es_ES","og_type":"article","og_title":"Los alumnos de Dibujo T\u00e9cnico de 4\u00ba de ESO y Bachillerato visitan La Alhambra. - Colegio Salesiano","og_description":"Los estudiantes de Dibujo T\u00e9cnico de 4\u00ba de ESO y Bachillerato han tenido la oportunidad de participar en una enriquecedora visita a La Alhambra, explorando uno de nuestros monumentos m\u00e1s emblem\u00e1ticos del patrimonio hist\u00f3rico y art\u00edstico.","og_url":"https:\/\/granada.salesianos.edu\/colegio\/blog\/los-alumnos-de-dibujo-tecnico-de-4o-de-eso-y-bachillerato-visitan-la-alhambra\/","og_site_name":"Colegio Salesiano","article_publisher":"https:\/\/www.facebook.com\/SalesianosGR\/","article_published_time":"2025-02-06T15:56:45+00:00","article_modified_time":"2025-02-12T16:26:48+00:00","og_image":[{"width":1600,"height":1200,"url":"https:\/\/granada.salesianos.edu\/colegio\/wp-content\/uploads\/sites\/2\/2025\/02\/Visita-a-la-alhambra-dibujo-tecnico.-Salesianos-Granada1.jpeg","type":"image\/jpeg"}],"author":"Gestor Web","twitter_card":"summary_large_image","twitter_creator":"@GranadaSDB","twitter_site":"@GranadaSDB","twitter_misc":{"Escrito por":"Gestor Web","Tiempo de lectura":"2 minutos"},"schema":{"@context":"https:\/\/schema.org","@graph":[{"@type":"Article","@id":"https:\/\/granada.salesianos.edu\/colegio\/blog\/los-alumnos-de-dibujo-tecnico-de-4o-de-eso-y-bachillerato-visitan-la-alhambra\/#article","isPartOf":{"@id":"https:\/\/granada.salesianos.edu\/colegio\/blog\/los-alumnos-de-dibujo-tecnico-de-4o-de-eso-y-bachillerato-visitan-la-alhambra\/"},"author":{"name":"Gestor Web","@id":"https:\/\/granada.salesianos.edu\/colegio\/#\/schema\/person\/6392ff2e4bd1e66981d6eab734bbd962"},"headline":"Los alumnos de Dibujo T\u00e9cnico de 4\u00ba de ESO y Bachillerato visitan La Alhambra.","datePublished":"2025-02-06T15:56:45+00:00","dateModified":"2025-02-12T16:26:48+00:00","mainEntityOfPage":{"@id":"https:\/\/granada.salesianos.edu\/colegio\/blog\/los-alumnos-de-dibujo-tecnico-de-4o-de-eso-y-bachillerato-visitan-la-alhambra\/"},"wordCount":511,"commentCount":0,"publisher":{"@id":"https:\/\/granada.salesianos.edu\/colegio\/#organization"},"image":{"@id":"https:\/\/granada.salesianos.edu\/colegio\/blog\/los-alumnos-de-dibujo-tecnico-de-4o-de-eso-y-bachillerato-visitan-la-alhambra\/#primaryimage"},"thumbnailUrl":"https:\/\/granada.salesianos.edu\/colegio\/wp-content\/uploads\/sites\/2\/2025\/02\/Visita-a-la-alhambra-dibujo-tecnico.-Salesianos-Granada1.jpeg","articleSection":["Bachillerato","BTO","Ciencias","Colegio","ESO","Portada","Tecnolog\u00eda"],"inLanguage":"es","potentialAction":[{"@type":"CommentAction","name":"Comment","target":["https:\/\/granada.salesianos.edu\/colegio\/blog\/los-alumnos-de-dibujo-tecnico-de-4o-de-eso-y-bachillerato-visitan-la-alhambra\/#respond"]}]},{"@type":"WebPage","@id":"https:\/\/granada.salesianos.edu\/colegio\/blog\/los-alumnos-de-dibujo-tecnico-de-4o-de-eso-y-bachillerato-visitan-la-alhambra\/","url":"https:\/\/granada.salesianos.edu\/colegio\/blog\/los-alumnos-de-dibujo-tecnico-de-4o-de-eso-y-bachillerato-visitan-la-alhambra\/","name":"Los alumnos de Dibujo T\u00e9cnico de 4\u00ba de ESO y Bachillerato visitan La Alhambra. - Colegio Salesiano","isPartOf":{"@id":"https:\/\/granada.salesianos.edu\/colegio\/#website"},"primaryImageOfPage":{"@id":"https:\/\/granada.salesianos.edu\/colegio\/blog\/los-alumnos-de-dibujo-tecnico-de-4o-de-eso-y-bachillerato-visitan-la-alhambra\/#primaryimage"},"image":{"@id":"https:\/\/granada.salesianos.edu\/colegio\/blog\/los-alumnos-de-dibujo-tecnico-de-4o-de-eso-y-bachillerato-visitan-la-alhambra\/#primaryimage"},"thumbnailUrl":"https:\/\/granada.salesianos.edu\/colegio\/wp-content\/uploads\/sites\/2\/2025\/02\/Visita-a-la-alhambra-dibujo-tecnico.-Salesianos-Granada1.jpeg","datePublished":"2025-02-06T15:56:45+00:00","dateModified":"2025-02-12T16:26:48+00:00","description":"Los estudiantes de Dibujo T\u00e9cnico de 4\u00ba de ESO y Bachillerato han tenido la oportunidad de participar en una enriquecedora visita a La Alhambra, explorando uno de nuestros monumentos m\u00e1s emblem\u00e1ticos del patrimonio hist\u00f3rico y art\u00edstico.","breadcrumb":{"@id":"https:\/\/granada.salesianos.edu\/colegio\/blog\/los-alumnos-de-dibujo-tecnico-de-4o-de-eso-y-bachillerato-visitan-la-alhambra\/#breadcrumb"},"inLanguage":"es","potentialAction":[{"@type":"ReadAction","target":["https:\/\/granada.salesianos.edu\/colegio\/blog\/los-alumnos-de-dibujo-tecnico-de-4o-de-eso-y-bachillerato-visitan-la-alhambra\/"]}]},{"@type":"ImageObject","inLanguage":"es","@id":"https:\/\/granada.salesianos.edu\/colegio\/blog\/los-alumnos-de-dibujo-tecnico-de-4o-de-eso-y-bachillerato-visitan-la-alhambra\/#primaryimage","url":"https:\/\/granada.salesianos.edu\/colegio\/wp-content\/uploads\/sites\/2\/2025\/02\/Visita-a-la-alhambra-dibujo-tecnico.-Salesianos-Granada1.jpeg","contentUrl":"https:\/\/granada.salesianos.edu\/colegio\/wp-content\/uploads\/sites\/2\/2025\/02\/Visita-a-la-alhambra-dibujo-tecnico.-Salesianos-Granada1.jpeg","width":1600,"height":1200},{"@type":"BreadcrumbList","@id":"https:\/\/granada.salesianos.edu\/colegio\/blog\/los-alumnos-de-dibujo-tecnico-de-4o-de-eso-y-bachillerato-visitan-la-alhambra\/#breadcrumb","itemListElement":[{"@type":"ListItem","position":1,"name":"Portada","item":"https:\/\/granada.salesianos.edu\/colegio\/"},{"@type":"ListItem","position":2,"name":"Los alumnos de Dibujo T\u00e9cnico de 4\u00ba de ESO y Bachillerato visitan La Alhambra."}]},{"@type":"WebSite","@id":"https:\/\/granada.salesianos.edu\/colegio\/#website","url":"https:\/\/granada.salesianos.edu\/colegio\/","name":"Colegio Salesiano","description":"P\u00e1gina oficial de Salesianos Granada San Juan Bosco","publisher":{"@id":"https:\/\/granada.salesianos.edu\/colegio\/#organization"},"potentialAction":[{"@type":"SearchAction","target":{"@type":"EntryPoint","urlTemplate":"https:\/\/granada.salesianos.edu\/colegio\/?s={search_term_string}"},"query-input":{"@type":"PropertyValueSpecification","valueRequired":true,"valueName":"search_term_string"}}],"inLanguage":"es"},{"@type":"Organization","@id":"https:\/\/granada.salesianos.edu\/colegio\/#organization","name":"Colegio Salesiano San Juan Bosco Granada","url":"https:\/\/granada.salesianos.edu\/colegio\/","logo":{"@type":"ImageObject","inLanguage":"es","@id":"https:\/\/granada.salesianos.edu\/colegio\/#\/schema\/logo\/image\/","url":"https:\/\/granada.salesianos.edu\/colegio\/wp-content\/uploads\/sites\/2\/2021\/01\/GRANADAobraVN2.jpg","contentUrl":"https:\/\/granada.salesianos.edu\/colegio\/wp-content\/uploads\/sites\/2\/2021\/01\/GRANADAobraVN2.jpg","width":2113,"height":1894,"caption":"Colegio Salesiano San Juan Bosco Granada"},"image":{"@id":"https:\/\/granada.salesianos.edu\/colegio\/#\/schema\/logo\/image\/"},"sameAs":["https:\/\/www.facebook.com\/SalesianosGR\/","https:\/\/x.com\/GranadaSDB","https:\/\/www.instagram.com\/salesianosgranada\/","https:\/\/www.youtube.com\/channel\/UChkpZuhCf4Y5rYIcFT3CNxw?view_as=subscriber"]},{"@type":"Person","@id":"https:\/\/granada.salesianos.edu\/colegio\/#\/schema\/person\/6392ff2e4bd1e66981d6eab734bbd962","name":"Gestor Web","image":{"@type":"ImageObject","inLanguage":"es","@id":"https:\/\/secure.gravatar.com\/avatar\/160666bb56a01520857079961a824af2b7821d6bad80677c80f2b473fceead1b?s=96&d=mm&r=g","url":"https:\/\/secure.gravatar.com\/avatar\/160666bb56a01520857079961a824af2b7821d6bad80677c80f2b473fceead1b?s=96&d=mm&r=g","contentUrl":"https:\/\/secure.gravatar.com\/avatar\/160666bb56a01520857079961a824af2b7821d6bad80677c80f2b473fceead1b?s=96&d=mm&r=g","caption":"Gestor Web"}}]}},"_links":{"self":[{"href":"https:\/\/granada.salesianos.edu\/colegio\/wp-json\/wp\/v2\/posts\/19769","targetHints":{"allow":["GET"]}}],"collection":[{"href":"https:\/\/granada.salesianos.edu\/colegio\/wp-json\/wp\/v2\/posts"}],"about":[{"href":"https:\/\/granada.salesianos.edu\/colegio\/wp-json\/wp\/v2\/types\/post"}],"author":[{"embeddable":true,"href":"https:\/\/granada.salesianos.edu\/colegio\/wp-json\/wp\/v2\/users\/2"}],"replies":[{"embeddable":true,"href":"https:\/\/granada.salesianos.edu\/colegio\/wp-json\/wp\/v2\/comments?post=19769"}],"version-history":[{"count":3,"href":"https:\/\/granada.salesianos.edu\/colegio\/wp-json\/wp\/v2\/posts\/19769\/revisions"}],"predecessor-version":[{"id":19773,"href":"https:\/\/granada.salesianos.edu\/colegio\/wp-json\/wp\/v2\/posts\/19769\/revisions\/19773"}],"wp:featuredmedia":[{"embeddable":true,"href":"https:\/\/granada.salesianos.edu\/colegio\/wp-json\/wp\/v2\/media\/19770"}],"wp:attachment":[{"href":"https:\/\/granada.salesianos.edu\/colegio\/wp-json\/wp\/v2\/media?parent=19769"}],"wp:term":[{"taxonomy":"category","embeddable":true,"href":"https:\/\/granada.salesianos.edu\/colegio\/wp-json\/wp\/v2\/categories?post=19769"},{"taxonomy":"post_tag","embeddable":true,"href":"https:\/\/granada.salesianos.edu\/colegio\/wp-json\/wp\/v2\/tags?post=19769"}],"curies":[{"name":"wp","href":"https:\/\/api.w.org\/{rel}","templated":true}]}}