{"id":19774,"date":"2024-12-19T17:38:05","date_gmt":"2024-12-19T15:38:05","guid":{"rendered":"https:\/\/granada.salesianos.edu\/colegio\/?p=19774"},"modified":"2025-02-10T17:40:02","modified_gmt":"2025-02-10T15:40:02","slug":"jornadas-de-orientacion-para-2o-de-bto-sobrevivir-a-la-pau","status":"publish","type":"post","link":"https:\/\/granada.salesianos.edu\/colegio\/blog\/jornadas-de-orientacion-para-2o-de-bto-sobrevivir-a-la-pau\/","title":{"rendered":"Jornadas de Orientaci\u00f3n para 2\u00ba de BTO: \u00abSobrevivir a la PAU\u00bb"},"content":{"rendered":"<div id=\"fb-root\"><\/div>\n<p>[et_pb_section fb_built=\u00bb1&#8243; admin_label=\u00bbsection\u00bb _builder_version=\u00bb4.16&#8243; global_colors_info=\u00bb{}\u00bb][et_pb_row _builder_version=\u00bb4.27.2&#8243; _module_preset=\u00bbdefault\u00bb global_colors_info=\u00bb{}\u00bb][et_pb_column type=\u00bb4_4&#8243; _builder_version=\u00bb4.27.0&#8243; _module_preset=\u00bbdefault\u00bb global_colors_info=\u00bb{}\u00bb][et_pb_text _builder_version=\u00bb4.27.4&#8243; _module_preset=\u00bbdefault\u00bb global_colors_info=\u00bb{}\u00bb]<\/p>\n<p>Hoy hemos vivido una jornada muy especial con nuestros alumnos de <strong>2\u00ba de Bachillerato<\/strong>, en la que les hemos acompa\u00f1ado en su preparaci\u00f3n para afrontar uno de los momentos m\u00e1s importantes de su etapa acad\u00e9mica: la Prueba de Acceso a la Universidad (PAU).<\/p>\n<p>Bajo el t\u00edtulo <strong>\u00abSobrevivir a la PAU\u00bb<\/strong>, hemos organizado unas <strong>Jornadas de Orientaci\u00f3n<\/strong> dise\u00f1adas para resolver dudas, compartir experiencias y ofrecer herramientas clave para esta etapa crucial.<\/p>\n<p>\ud83d\udccc <strong>Gesti\u00f3n del Estr\u00e9s:<\/strong> Nuestros alumnos han participado en una sesi\u00f3n enfocada en t\u00e9cnicas para manejar la ansiedad y la presi\u00f3n de los ex\u00e1menes, ayud\u00e1ndolos a afrontar este desaf\u00edo con mayor seguridad y confianza, con ayuda de nuestro equipo de orientaci\u00f3n.<\/p>\n<p>\ud83d\udccc <strong>Mesa Redonda con Antiguos Alumnos:<\/strong> Un momento inspirador en el que exalumnos del colegio han compartido su experiencia personal, sus aprendizajes tras el bachillerato y las m\u00faltiples opciones que se abren despu\u00e9s de esta etapa.<\/p>\n<p>\ud83d\udccc <strong>Perspectiva Universitaria:<\/strong> La profesora <strong>Blasi Cantizano<\/strong> les ha ofrecido una valiosa visi\u00f3n sobre el paso a la universidad, ayud\u00e1ndolos a comprender mejor esta nueva etapa acad\u00e9mica y a resolver sus inquietudes.<\/p>\n<p>\ud83d\udc99 <strong>Gracias de coraz\u00f3n<\/strong> a todos los que han hecho posible este encuentro tan enriquecedor. Con iniciativas como esta, seguimos apostando por el futuro de nuestros alumnos, gui\u00e1ndolos en su camino hacia nuevas metas y desaf\u00edos.<\/p>\n<p>\ud83d\udd39 <strong>#SomosFuturo #Orientaci\u00f3nPAU #CreciendoJuntos #BachilleratoConcertado #SalesianosGranada<\/strong><\/p>\n<p>[\/et_pb_text][\/et_pb_column][\/et_pb_row][et_pb_row column_structure=\u00bb1_2,1_2&#8243; _builder_version=\u00bb4.27.4&#8243; _module_preset=\u00bbdefault\u00bb global_colors_info=\u00bb{}\u00bb][et_pb_column type=\u00bb1_2&#8243; _builder_version=\u00bb4.27.4&#8243; _module_preset=\u00bbdefault\u00bb global_colors_info=\u00bb{}\u00bb][et_pb_image src=\u00bbhttps:\/\/granada.salesianos.edu\/wp-content\/uploads\/2025\/02\/2IMG-20241219-WA0042.jpg\u00bb title_text=\u00bb2IMG-20241219-WA0042&#8243; _builder_version=\u00bb4.27.4&#8243; _module_preset=\u00bbdefault\u00bb global_colors_info=\u00bb{}\u00bb][\/et_pb_image][et_pb_image src=\u00bbhttps:\/\/granada.salesianos.edu\/wp-content\/uploads\/2025\/02\/3IMG-20241219-WA0036.jpg\u00bb title_text=\u00bb3IMG-20241219-WA0036&#8243; _builder_version=\u00bb4.27.4&#8243; _module_preset=\u00bbdefault\u00bb global_colors_info=\u00bb{}\u00bb][\/et_pb_image][et_pb_image src=\u00bbhttps:\/\/granada.salesianos.edu\/wp-content\/uploads\/2025\/02\/1IMG-20241219-WA0039.jpg\u00bb title_text=\u00bb1IMG-20241219-WA0039&#8243; _builder_version=\u00bb4.27.4&#8243; _module_preset=\u00bbdefault\u00bb global_colors_info=\u00bb{}\u00bb][\/et_pb_image][\/et_pb_column][et_pb_column type=\u00bb1_2&#8243; _builder_version=\u00bb4.27.4&#8243; _module_preset=\u00bbdefault\u00bb global_colors_info=\u00bb{}\u00bb][et_pb_image src=\u00bbhttps:\/\/granada.salesianos.edu\/wp-content\/uploads\/2025\/02\/5IMG-20241219-WA0100.jpg\u00bb title_text=\u00bb5IMG-20241219-WA0100&#8243; _builder_version=\u00bb4.27.4&#8243; _module_preset=\u00bbdefault\u00bb global_colors_info=\u00bb{}\u00bb][\/et_pb_image][et_pb_image src=\u00bbhttps:\/\/granada.salesianos.edu\/wp-content\/uploads\/2025\/02\/6IMG-20241219-WA0070.jpg\u00bb title_text=\u00bb6IMG-20241219-WA0070&#8243; _builder_version=\u00bb4.27.4&#8243; _module_preset=\u00bbdefault\u00bb global_colors_info=\u00bb{}\u00bb][\/et_pb_image][et_pb_image src=\u00bbhttps:\/\/granada.salesianos.edu\/wp-content\/uploads\/2025\/02\/4IMG-20241219-WA0031.jpg\u00bb title_text=\u00bb4IMG-20241219-WA0031&#8243; _builder_version=\u00bb4.27.4&#8243; _module_preset=\u00bbdefault\u00bb global_colors_info=\u00bb{}\u00bb][\/et_pb_image][\/et_pb_column][\/et_pb_row][\/et_pb_section]<\/p>\n","protected":false},"excerpt":{"rendered":"<p>Hemos celebrado unas Jornadas de Orientaci\u00f3n para nuestros alumnos de 2\u00ba de bachillerato con el t\u00edtulo de \u00abSobrevivir a la PAU\u201d<\/p>\n","protected":false},"author":2,"featured_media":19775,"comment_status":"open","ping_status":"open","sticky":false,"template":"","format":"standard","meta":{"_et_pb_use_builder":"on","_et_pb_old_content":"","_et_gb_content_width":"","footnotes":""},"categories":[57,20,11,70,12],"tags":[],"class_list":["post-19774","post","type-post","status-publish","format-standard","has-post-thumbnail","hentry","category-bachillerato","category-bto","category-colegio","category-orientacion","category-portada"],"yoast_head":"<!-- This site is optimized with the Yoast SEO plugin v28.4 - https:\/\/yoast.com\/product\/yoast-seo-wordpress\/ -->\n<title>Jornadas de Orientaci\u00f3n para 2\u00ba de BTO: \u00abSobrevivir a la PAU\u00bb - Colegio Salesiano<\/title>\n<meta name=\"description\" content=\"Hemos celebrado unas Jornadas de Orientaci\u00f3n para nuestros alumnos de 2\u00ba de bachillerato con el t\u00edtulo de &quot;Sobrevivir a la PAU\u201d. Salesianos Granada.\" \/>\n<meta name=\"robots\" content=\"index, follow, max-snippet:-1, max-image-preview:large, max-video-preview:-1\" \/>\n<link rel=\"canonical\" href=\"https:\/\/granada.salesianos.edu\/colegio\/blog\/jornadas-de-orientacion-para-2o-de-bto-sobrevivir-a-la-pau\/\" \/>\n<meta property=\"og:locale\" content=\"es_ES\" \/>\n<meta property=\"og:type\" content=\"article\" \/>\n<meta property=\"og:title\" content=\"Jornadas de Orientaci\u00f3n para 2\u00ba de BTO: \u00abSobrevivir a la PAU\u00bb - Colegio Salesiano\" \/>\n<meta property=\"og:description\" content=\"Hemos celebrado unas Jornadas de Orientaci\u00f3n para nuestros alumnos de 2\u00ba de bachillerato con el t\u00edtulo de &quot;Sobrevivir a la PAU\u201d. Salesianos Granada.\" \/>\n<meta property=\"og:url\" content=\"https:\/\/granada.salesianos.edu\/colegio\/blog\/jornadas-de-orientacion-para-2o-de-bto-sobrevivir-a-la-pau\/\" \/>\n<meta property=\"og:site_name\" content=\"Colegio Salesiano\" \/>\n<meta property=\"article:publisher\" content=\"https:\/\/www.facebook.com\/SalesianosGR\/\" \/>\n<meta property=\"article:published_time\" content=\"2024-12-19T15:38:05+00:00\" \/>\n<meta property=\"article:modified_time\" content=\"2025-02-10T15:40:02+00:00\" \/>\n<meta property=\"og:image\" content=\"https:\/\/granada.salesianos.edu\/colegio\/wp-content\/uploads\/sites\/2\/2025\/02\/1IMG-20241219-WA0039.jpg\" \/>\n\t<meta property=\"og:image:width\" content=\"2000\" \/>\n\t<meta property=\"og:image:height\" content=\"1126\" \/>\n\t<meta property=\"og:image:type\" content=\"image\/jpeg\" \/>\n<meta name=\"author\" content=\"Gestor Web\" \/>\n<meta name=\"twitter:card\" content=\"summary_large_image\" \/>\n<meta name=\"twitter:creator\" content=\"@GranadaSDB\" \/>\n<meta name=\"twitter:site\" content=\"@GranadaSDB\" \/>\n<meta name=\"twitter:label1\" content=\"Escrito por\" \/>\n\t<meta name=\"twitter:data1\" content=\"Gestor Web\" \/>\n\t<meta name=\"twitter:label2\" content=\"Tiempo de lectura\" \/>\n\t<meta name=\"twitter:data2\" content=\"3 minutos\" \/>\n<script type=\"application\/ld+json\" class=\"yoast-schema-graph\">{\"@context\":\"https:\\\/\\\/schema.org\",\"@graph\":[{\"@type\":\"Article\",\"@id\":\"https:\\\/\\\/granada.salesianos.edu\\\/colegio\\\/blog\\\/jornadas-de-orientacion-para-2o-de-bto-sobrevivir-a-la-pau\\\/#article\",\"isPartOf\":{\"@id\":\"https:\\\/\\\/granada.salesianos.edu\\\/colegio\\\/blog\\\/jornadas-de-orientacion-para-2o-de-bto-sobrevivir-a-la-pau\\\/\"},\"author\":{\"name\":\"Gestor Web\",\"@id\":\"https:\\\/\\\/granada.salesianos.edu\\\/colegio\\\/#\\\/schema\\\/person\\\/6392ff2e4bd1e66981d6eab734bbd962\"},\"headline\":\"Jornadas de Orientaci\u00f3n para 2\u00ba de BTO: \u00abSobrevivir a la PAU\u00bb\",\"datePublished\":\"2024-12-19T15:38:05+00:00\",\"dateModified\":\"2025-02-10T15:40:02+00:00\",\"mainEntityOfPage\":{\"@id\":\"https:\\\/\\\/granada.salesianos.edu\\\/colegio\\\/blog\\\/jornadas-de-orientacion-para-2o-de-bto-sobrevivir-a-la-pau\\\/\"},\"wordCount\":524,\"commentCount\":0,\"publisher\":{\"@id\":\"https:\\\/\\\/granada.salesianos.edu\\\/colegio\\\/#organization\"},\"image\":{\"@id\":\"https:\\\/\\\/granada.salesianos.edu\\\/colegio\\\/blog\\\/jornadas-de-orientacion-para-2o-de-bto-sobrevivir-a-la-pau\\\/#primaryimage\"},\"thumbnailUrl\":\"https:\\\/\\\/granada.salesianos.edu\\\/colegio\\\/wp-content\\\/uploads\\\/sites\\\/2\\\/2025\\\/02\\\/1IMG-20241219-WA0039.jpg\",\"articleSection\":[\"Bachillerato\",\"BTO\",\"Colegio\",\"Orientaci\u00f3n\",\"Portada\"],\"inLanguage\":\"es\",\"potentialAction\":[{\"@type\":\"CommentAction\",\"name\":\"Comment\",\"target\":[\"https:\\\/\\\/granada.salesianos.edu\\\/colegio\\\/blog\\\/jornadas-de-orientacion-para-2o-de-bto-sobrevivir-a-la-pau\\\/#respond\"]}]},{\"@type\":\"WebPage\",\"@id\":\"https:\\\/\\\/granada.salesianos.edu\\\/colegio\\\/blog\\\/jornadas-de-orientacion-para-2o-de-bto-sobrevivir-a-la-pau\\\/\",\"url\":\"https:\\\/\\\/granada.salesianos.edu\\\/colegio\\\/blog\\\/jornadas-de-orientacion-para-2o-de-bto-sobrevivir-a-la-pau\\\/\",\"name\":\"Jornadas de Orientaci\u00f3n para 2\u00ba de BTO: \u00abSobrevivir a la PAU\u00bb - Colegio Salesiano\",\"isPartOf\":{\"@id\":\"https:\\\/\\\/granada.salesianos.edu\\\/colegio\\\/#website\"},\"primaryImageOfPage\":{\"@id\":\"https:\\\/\\\/granada.salesianos.edu\\\/colegio\\\/blog\\\/jornadas-de-orientacion-para-2o-de-bto-sobrevivir-a-la-pau\\\/#primaryimage\"},\"image\":{\"@id\":\"https:\\\/\\\/granada.salesianos.edu\\\/colegio\\\/blog\\\/jornadas-de-orientacion-para-2o-de-bto-sobrevivir-a-la-pau\\\/#primaryimage\"},\"thumbnailUrl\":\"https:\\\/\\\/granada.salesianos.edu\\\/colegio\\\/wp-content\\\/uploads\\\/sites\\\/2\\\/2025\\\/02\\\/1IMG-20241219-WA0039.jpg\",\"datePublished\":\"2024-12-19T15:38:05+00:00\",\"dateModified\":\"2025-02-10T15:40:02+00:00\",\"description\":\"Hemos celebrado unas Jornadas de Orientaci\u00f3n para nuestros alumnos de 2\u00ba de bachillerato con el t\u00edtulo de \\\"Sobrevivir a la PAU\u201d. Salesianos Granada.\",\"breadcrumb\":{\"@id\":\"https:\\\/\\\/granada.salesianos.edu\\\/colegio\\\/blog\\\/jornadas-de-orientacion-para-2o-de-bto-sobrevivir-a-la-pau\\\/#breadcrumb\"},\"inLanguage\":\"es\",\"potentialAction\":[{\"@type\":\"ReadAction\",\"target\":[\"https:\\\/\\\/granada.salesianos.edu\\\/colegio\\\/blog\\\/jornadas-de-orientacion-para-2o-de-bto-sobrevivir-a-la-pau\\\/\"]}]},{\"@type\":\"ImageObject\",\"inLanguage\":\"es\",\"@id\":\"https:\\\/\\\/granada.salesianos.edu\\\/colegio\\\/blog\\\/jornadas-de-orientacion-para-2o-de-bto-sobrevivir-a-la-pau\\\/#primaryimage\",\"url\":\"https:\\\/\\\/granada.salesianos.edu\\\/colegio\\\/wp-content\\\/uploads\\\/sites\\\/2\\\/2025\\\/02\\\/1IMG-20241219-WA0039.jpg\",\"contentUrl\":\"https:\\\/\\\/granada.salesianos.edu\\\/colegio\\\/wp-content\\\/uploads\\\/sites\\\/2\\\/2025\\\/02\\\/1IMG-20241219-WA0039.jpg\",\"width\":2000,\"height\":1126},{\"@type\":\"BreadcrumbList\",\"@id\":\"https:\\\/\\\/granada.salesianos.edu\\\/colegio\\\/blog\\\/jornadas-de-orientacion-para-2o-de-bto-sobrevivir-a-la-pau\\\/#breadcrumb\",\"itemListElement\":[{\"@type\":\"ListItem\",\"position\":1,\"name\":\"Portada\",\"item\":\"https:\\\/\\\/granada.salesianos.edu\\\/colegio\\\/\"},{\"@type\":\"ListItem\",\"position\":2,\"name\":\"Jornadas de Orientaci\u00f3n para 2\u00ba de BTO: \u00abSobrevivir a la PAU\u00bb\"}]},{\"@type\":\"WebSite\",\"@id\":\"https:\\\/\\\/granada.salesianos.edu\\\/colegio\\\/#website\",\"url\":\"https:\\\/\\\/granada.salesianos.edu\\\/colegio\\\/\",\"name\":\"Colegio Salesiano\",\"description\":\"P\u00e1gina oficial de Salesianos Granada San Juan Bosco\",\"publisher\":{\"@id\":\"https:\\\/\\\/granada.salesianos.edu\\\/colegio\\\/#organization\"},\"potentialAction\":[{\"@type\":\"SearchAction\",\"target\":{\"@type\":\"EntryPoint\",\"urlTemplate\":\"https:\\\/\\\/granada.salesianos.edu\\\/colegio\\\/?s={search_term_string}\"},\"query-input\":{\"@type\":\"PropertyValueSpecification\",\"valueRequired\":true,\"valueName\":\"search_term_string\"}}],\"inLanguage\":\"es\"},{\"@type\":\"Organization\",\"@id\":\"https:\\\/\\\/granada.salesianos.edu\\\/colegio\\\/#organization\",\"name\":\"Colegio Salesiano San Juan Bosco Granada\",\"url\":\"https:\\\/\\\/granada.salesianos.edu\\\/colegio\\\/\",\"logo\":{\"@type\":\"ImageObject\",\"inLanguage\":\"es\",\"@id\":\"https:\\\/\\\/granada.salesianos.edu\\\/colegio\\\/#\\\/schema\\\/logo\\\/image\\\/\",\"url\":\"https:\\\/\\\/granada.salesianos.edu\\\/colegio\\\/wp-content\\\/uploads\\\/sites\\\/2\\\/2021\\\/01\\\/GRANADAobraVN2.jpg\",\"contentUrl\":\"https:\\\/\\\/granada.salesianos.edu\\\/colegio\\\/wp-content\\\/uploads\\\/sites\\\/2\\\/2021\\\/01\\\/GRANADAobraVN2.jpg\",\"width\":2113,\"height\":1894,\"caption\":\"Colegio Salesiano San Juan Bosco Granada\"},\"image\":{\"@id\":\"https:\\\/\\\/granada.salesianos.edu\\\/colegio\\\/#\\\/schema\\\/logo\\\/image\\\/\"},\"sameAs\":[\"https:\\\/\\\/www.facebook.com\\\/SalesianosGR\\\/\",\"https:\\\/\\\/x.com\\\/GranadaSDB\",\"https:\\\/\\\/www.instagram.com\\\/salesianosgranada\\\/\",\"https:\\\/\\\/www.youtube.com\\\/channel\\\/UChkpZuhCf4Y5rYIcFT3CNxw?view_as=subscriber\"]},{\"@type\":\"Person\",\"@id\":\"https:\\\/\\\/granada.salesianos.edu\\\/colegio\\\/#\\\/schema\\\/person\\\/6392ff2e4bd1e66981d6eab734bbd962\",\"name\":\"Gestor Web\",\"image\":{\"@type\":\"ImageObject\",\"inLanguage\":\"es\",\"@id\":\"https:\\\/\\\/secure.gravatar.com\\\/avatar\\\/160666bb56a01520857079961a824af2b7821d6bad80677c80f2b473fceead1b?s=96&d=mm&r=g\",\"url\":\"https:\\\/\\\/secure.gravatar.com\\\/avatar\\\/160666bb56a01520857079961a824af2b7821d6bad80677c80f2b473fceead1b?s=96&d=mm&r=g\",\"contentUrl\":\"https:\\\/\\\/secure.gravatar.com\\\/avatar\\\/160666bb56a01520857079961a824af2b7821d6bad80677c80f2b473fceead1b?s=96&d=mm&r=g\",\"caption\":\"Gestor Web\"}}]}<\/script>\n<!-- \/ Yoast SEO plugin. -->","yoast_head_json":{"title":"Jornadas de Orientaci\u00f3n para 2\u00ba de BTO: \u00abSobrevivir a la PAU\u00bb - Colegio Salesiano","description":"Hemos celebrado unas Jornadas de Orientaci\u00f3n para nuestros alumnos de 2\u00ba de bachillerato con el t\u00edtulo de \"Sobrevivir a la PAU\u201d. Salesianos Granada.","robots":{"index":"index","follow":"follow","max-snippet":"max-snippet:-1","max-image-preview":"max-image-preview:large","max-video-preview":"max-video-preview:-1"},"canonical":"https:\/\/granada.salesianos.edu\/colegio\/blog\/jornadas-de-orientacion-para-2o-de-bto-sobrevivir-a-la-pau\/","og_locale":"es_ES","og_type":"article","og_title":"Jornadas de Orientaci\u00f3n para 2\u00ba de BTO: \u00abSobrevivir a la PAU\u00bb - Colegio Salesiano","og_description":"Hemos celebrado unas Jornadas de Orientaci\u00f3n para nuestros alumnos de 2\u00ba de bachillerato con el t\u00edtulo de \"Sobrevivir a la PAU\u201d. Salesianos Granada.","og_url":"https:\/\/granada.salesianos.edu\/colegio\/blog\/jornadas-de-orientacion-para-2o-de-bto-sobrevivir-a-la-pau\/","og_site_name":"Colegio Salesiano","article_publisher":"https:\/\/www.facebook.com\/SalesianosGR\/","article_published_time":"2024-12-19T15:38:05+00:00","article_modified_time":"2025-02-10T15:40:02+00:00","og_image":[{"width":2000,"height":1126,"url":"https:\/\/granada.salesianos.edu\/colegio\/wp-content\/uploads\/sites\/2\/2025\/02\/1IMG-20241219-WA0039.jpg","type":"image\/jpeg"}],"author":"Gestor Web","twitter_card":"summary_large_image","twitter_creator":"@GranadaSDB","twitter_site":"@GranadaSDB","twitter_misc":{"Escrito por":"Gestor Web","Tiempo de lectura":"3 minutos"},"schema":{"@context":"https:\/\/schema.org","@graph":[{"@type":"Article","@id":"https:\/\/granada.salesianos.edu\/colegio\/blog\/jornadas-de-orientacion-para-2o-de-bto-sobrevivir-a-la-pau\/#article","isPartOf":{"@id":"https:\/\/granada.salesianos.edu\/colegio\/blog\/jornadas-de-orientacion-para-2o-de-bto-sobrevivir-a-la-pau\/"},"author":{"name":"Gestor Web","@id":"https:\/\/granada.salesianos.edu\/colegio\/#\/schema\/person\/6392ff2e4bd1e66981d6eab734bbd962"},"headline":"Jornadas de Orientaci\u00f3n para 2\u00ba de BTO: \u00abSobrevivir a la PAU\u00bb","datePublished":"2024-12-19T15:38:05+00:00","dateModified":"2025-02-10T15:40:02+00:00","mainEntityOfPage":{"@id":"https:\/\/granada.salesianos.edu\/colegio\/blog\/jornadas-de-orientacion-para-2o-de-bto-sobrevivir-a-la-pau\/"},"wordCount":524,"commentCount":0,"publisher":{"@id":"https:\/\/granada.salesianos.edu\/colegio\/#organization"},"image":{"@id":"https:\/\/granada.salesianos.edu\/colegio\/blog\/jornadas-de-orientacion-para-2o-de-bto-sobrevivir-a-la-pau\/#primaryimage"},"thumbnailUrl":"https:\/\/granada.salesianos.edu\/colegio\/wp-content\/uploads\/sites\/2\/2025\/02\/1IMG-20241219-WA0039.jpg","articleSection":["Bachillerato","BTO","Colegio","Orientaci\u00f3n","Portada"],"inLanguage":"es","potentialAction":[{"@type":"CommentAction","name":"Comment","target":["https:\/\/granada.salesianos.edu\/colegio\/blog\/jornadas-de-orientacion-para-2o-de-bto-sobrevivir-a-la-pau\/#respond"]}]},{"@type":"WebPage","@id":"https:\/\/granada.salesianos.edu\/colegio\/blog\/jornadas-de-orientacion-para-2o-de-bto-sobrevivir-a-la-pau\/","url":"https:\/\/granada.salesianos.edu\/colegio\/blog\/jornadas-de-orientacion-para-2o-de-bto-sobrevivir-a-la-pau\/","name":"Jornadas de Orientaci\u00f3n para 2\u00ba de BTO: \u00abSobrevivir a la PAU\u00bb - Colegio Salesiano","isPartOf":{"@id":"https:\/\/granada.salesianos.edu\/colegio\/#website"},"primaryImageOfPage":{"@id":"https:\/\/granada.salesianos.edu\/colegio\/blog\/jornadas-de-orientacion-para-2o-de-bto-sobrevivir-a-la-pau\/#primaryimage"},"image":{"@id":"https:\/\/granada.salesianos.edu\/colegio\/blog\/jornadas-de-orientacion-para-2o-de-bto-sobrevivir-a-la-pau\/#primaryimage"},"thumbnailUrl":"https:\/\/granada.salesianos.edu\/colegio\/wp-content\/uploads\/sites\/2\/2025\/02\/1IMG-20241219-WA0039.jpg","datePublished":"2024-12-19T15:38:05+00:00","dateModified":"2025-02-10T15:40:02+00:00","description":"Hemos celebrado unas Jornadas de Orientaci\u00f3n para nuestros alumnos de 2\u00ba de bachillerato con el t\u00edtulo de \"Sobrevivir a la PAU\u201d. Salesianos Granada.","breadcrumb":{"@id":"https:\/\/granada.salesianos.edu\/colegio\/blog\/jornadas-de-orientacion-para-2o-de-bto-sobrevivir-a-la-pau\/#breadcrumb"},"inLanguage":"es","potentialAction":[{"@type":"ReadAction","target":["https:\/\/granada.salesianos.edu\/colegio\/blog\/jornadas-de-orientacion-para-2o-de-bto-sobrevivir-a-la-pau\/"]}]},{"@type":"ImageObject","inLanguage":"es","@id":"https:\/\/granada.salesianos.edu\/colegio\/blog\/jornadas-de-orientacion-para-2o-de-bto-sobrevivir-a-la-pau\/#primaryimage","url":"https:\/\/granada.salesianos.edu\/colegio\/wp-content\/uploads\/sites\/2\/2025\/02\/1IMG-20241219-WA0039.jpg","contentUrl":"https:\/\/granada.salesianos.edu\/colegio\/wp-content\/uploads\/sites\/2\/2025\/02\/1IMG-20241219-WA0039.jpg","width":2000,"height":1126},{"@type":"BreadcrumbList","@id":"https:\/\/granada.salesianos.edu\/colegio\/blog\/jornadas-de-orientacion-para-2o-de-bto-sobrevivir-a-la-pau\/#breadcrumb","itemListElement":[{"@type":"ListItem","position":1,"name":"Portada","item":"https:\/\/granada.salesianos.edu\/colegio\/"},{"@type":"ListItem","position":2,"name":"Jornadas de Orientaci\u00f3n para 2\u00ba de BTO: \u00abSobrevivir a la PAU\u00bb"}]},{"@type":"WebSite","@id":"https:\/\/granada.salesianos.edu\/colegio\/#website","url":"https:\/\/granada.salesianos.edu\/colegio\/","name":"Colegio Salesiano","description":"P\u00e1gina oficial de Salesianos Granada San Juan Bosco","publisher":{"@id":"https:\/\/granada.salesianos.edu\/colegio\/#organization"},"potentialAction":[{"@type":"SearchAction","target":{"@type":"EntryPoint","urlTemplate":"https:\/\/granada.salesianos.edu\/colegio\/?s={search_term_string}"},"query-input":{"@type":"PropertyValueSpecification","valueRequired":true,"valueName":"search_term_string"}}],"inLanguage":"es"},{"@type":"Organization","@id":"https:\/\/granada.salesianos.edu\/colegio\/#organization","name":"Colegio Salesiano San Juan Bosco Granada","url":"https:\/\/granada.salesianos.edu\/colegio\/","logo":{"@type":"ImageObject","inLanguage":"es","@id":"https:\/\/granada.salesianos.edu\/colegio\/#\/schema\/logo\/image\/","url":"https:\/\/granada.salesianos.edu\/colegio\/wp-content\/uploads\/sites\/2\/2021\/01\/GRANADAobraVN2.jpg","contentUrl":"https:\/\/granada.salesianos.edu\/colegio\/wp-content\/uploads\/sites\/2\/2021\/01\/GRANADAobraVN2.jpg","width":2113,"height":1894,"caption":"Colegio Salesiano San Juan Bosco Granada"},"image":{"@id":"https:\/\/granada.salesianos.edu\/colegio\/#\/schema\/logo\/image\/"},"sameAs":["https:\/\/www.facebook.com\/SalesianosGR\/","https:\/\/x.com\/GranadaSDB","https:\/\/www.instagram.com\/salesianosgranada\/","https:\/\/www.youtube.com\/channel\/UChkpZuhCf4Y5rYIcFT3CNxw?view_as=subscriber"]},{"@type":"Person","@id":"https:\/\/granada.salesianos.edu\/colegio\/#\/schema\/person\/6392ff2e4bd1e66981d6eab734bbd962","name":"Gestor Web","image":{"@type":"ImageObject","inLanguage":"es","@id":"https:\/\/secure.gravatar.com\/avatar\/160666bb56a01520857079961a824af2b7821d6bad80677c80f2b473fceead1b?s=96&d=mm&r=g","url":"https:\/\/secure.gravatar.com\/avatar\/160666bb56a01520857079961a824af2b7821d6bad80677c80f2b473fceead1b?s=96&d=mm&r=g","contentUrl":"https:\/\/secure.gravatar.com\/avatar\/160666bb56a01520857079961a824af2b7821d6bad80677c80f2b473fceead1b?s=96&d=mm&r=g","caption":"Gestor Web"}}]}},"_links":{"self":[{"href":"https:\/\/granada.salesianos.edu\/colegio\/wp-json\/wp\/v2\/posts\/19774","targetHints":{"allow":["GET"]}}],"collection":[{"href":"https:\/\/granada.salesianos.edu\/colegio\/wp-json\/wp\/v2\/posts"}],"about":[{"href":"https:\/\/granada.salesianos.edu\/colegio\/wp-json\/wp\/v2\/types\/post"}],"author":[{"embeddable":true,"href":"https:\/\/granada.salesianos.edu\/colegio\/wp-json\/wp\/v2\/users\/2"}],"replies":[{"embeddable":true,"href":"https:\/\/granada.salesianos.edu\/colegio\/wp-json\/wp\/v2\/comments?post=19774"}],"version-history":[{"count":1,"href":"https:\/\/granada.salesianos.edu\/colegio\/wp-json\/wp\/v2\/posts\/19774\/revisions"}],"predecessor-version":[{"id":19776,"href":"https:\/\/granada.salesianos.edu\/colegio\/wp-json\/wp\/v2\/posts\/19774\/revisions\/19776"}],"wp:featuredmedia":[{"embeddable":true,"href":"https:\/\/granada.salesianos.edu\/colegio\/wp-json\/wp\/v2\/media\/19775"}],"wp:attachment":[{"href":"https:\/\/granada.salesianos.edu\/colegio\/wp-json\/wp\/v2\/media?parent=19774"}],"wp:term":[{"taxonomy":"category","embeddable":true,"href":"https:\/\/granada.salesianos.edu\/colegio\/wp-json\/wp\/v2\/categories?post=19774"},{"taxonomy":"post_tag","embeddable":true,"href":"https:\/\/granada.salesianos.edu\/colegio\/wp-json\/wp\/v2\/tags?post=19774"}],"curies":[{"name":"wp","href":"https:\/\/api.w.org\/{rel}","templated":true}]}}