{"id":19826,"date":"2025-02-08T10:19:16","date_gmt":"2025-02-08T08:19:16","guid":{"rendered":"https:\/\/granada.salesianos.edu\/colegio\/?p=19826"},"modified":"2025-02-13T10:21:17","modified_gmt":"2025-02-13T08:21:17","slug":"nuestro-alumnado-de-rpae-y-los-goya","status":"publish","type":"post","link":"https:\/\/granada.salesianos.edu\/colegio\/blog\/nuestro-alumnado-de-rpae-y-los-goya\/","title":{"rendered":"Nuestro alumnado de RPAE y los Goya"},"content":{"rendered":"<div id=\"fb-root\"><\/div>\n<p>[et_pb_section fb_built=\u00bb1&#8243; admin_label=\u00bbsection\u00bb _builder_version=\u00bb4.27.4&#8243; global_colors_info=\u00bb{}\u00bb][et_pb_row _builder_version=\u00bb4.27.2&#8243; _module_preset=\u00bbdefault\u00bb global_colors_info=\u00bb{}\u00bb][et_pb_column type=\u00bb4_4&#8243; _builder_version=\u00bb4.27.0&#8243; _module_preset=\u00bbdefault\u00bb global_colors_info=\u00bb{}\u00bb][et_pb_text _builder_version=\u00bb4.27.4&#8243; _module_preset=\u00bbdefault\u00bb global_colors_info=\u00bb{}\u00bb]<\/p>\n<p>&nbsp;<\/p>\n<p>Los estudiantes de Primero de RPAE han tenido hoy la oportunidad de asistir a una ponencia impartida por Pepe Dom\u00ednguez, reconocido director de arte en el cine y la televisi\u00f3n. El evento tuvo lugar en la Delegaci\u00f3n de Educaci\u00f3n de Granada y supuso una experiencia enriquecedora para los asistentes.<\/p>\n<p>Pepe Dom\u00ednguez, cuyo trabajo ha sido clave en producciones como La isla m\u00ednima y La peste, comparti\u00f3 su visi\u00f3n sobre el arte en la industria audiovisual, explicando los procesos creativos y t\u00e9cnicos que hay detr\u00e1s del dise\u00f1o de producci\u00f3n en grandes proyectos cinematogr\u00e1ficos y televisivos.<\/p>\n<p>Durante su intervenci\u00f3n, Dom\u00ednguez destac\u00f3 la importancia del dise\u00f1o art\u00edstico en la narrativa audiovisual, abordando desde la construcci\u00f3n de escenarios hasta la elecci\u00f3n de colores y texturas para reforzar la atm\u00f3sfera de una historia. Adem\u00e1s, anim\u00f3 a los futuros profesionales del sector a desarrollar una mirada cr\u00edtica y creativa para destacar en un \u00e1mbito cada vez m\u00e1s competitivo.<\/p>\n<p>Los alumnos de RPAE mostraron gran inter\u00e9s en la charla, participando activamente en el coloquio posterior, donde tuvieron la oportunidad de plantear sus dudas y reflexionar sobre los retos del dise\u00f1o de producci\u00f3n en la actualidad.<\/p>\n<p>Este encuentro forma parte de las actividades complementarias del programa de estudios, con el objetivo de acercar a los estudiantes a la realidad profesional del sector audiovisual y brindarles inspiraci\u00f3n para su futuro desarrollo en la industria.<\/p>\n<p>[\/et_pb_text][\/et_pb_column][\/et_pb_row][et_pb_row _builder_version=\u00bb4.27.4&#8243; _module_preset=\u00bbdefault\u00bb global_colors_info=\u00bb{}\u00bb][et_pb_column type=\u00bb4_4&#8243; _builder_version=\u00bb4.27.4&#8243; _module_preset=\u00bbdefault\u00bb global_colors_info=\u00bb{}\u00bb][et_pb_gallery _builder_version=\u00bb4.27.4&#8243; _module_preset=\u00bbdefault\u00bb gallery_ids=\u00bb19829,19830,19831,19832&#8243; show_title_and_caption=\u00bboff\u00bb hover_enabled=\u00bb0&#8243; sticky_enabled=\u00bb0&#8243;][\/et_pb_gallery][\/et_pb_column][\/et_pb_row][et_pb_row _builder_version=\u00bb4.27.4&#8243; _module_preset=\u00bbdefault\u00bb global_colors_info=\u00bb{}\u00bb][et_pb_column type=\u00bb4_4&#8243; _builder_version=\u00bb4.27.4&#8243; _module_preset=\u00bbdefault\u00bb global_colors_info=\u00bb{}\u00bb][et_pb_gallery gallery_ids=\u00bb66693,66694,66695,66696&#8243; show_title_and_caption=\u00bboff\u00bb _builder_version=\u00bb4.27.4&#8243; _module_preset=\u00bbdefault\u00bb global_colors_info=\u00bb{}\u00bb][\/et_pb_gallery][\/et_pb_column][\/et_pb_row][\/et_pb_section]<\/p>\n","protected":false},"excerpt":{"rendered":"<p>Estudiantes de Primero de RPAE asisten a la ponencia del director de arte Pepe Dom\u00ednguez en Granada<\/p>\n","protected":false},"author":2,"featured_media":19827,"comment_status":"open","ping_status":"open","sticky":false,"template":"","format":"standard","meta":{"_et_pb_use_builder":"on","_et_pb_old_content":"","_et_gb_content_width":"","footnotes":""},"categories":[11,21,52,12,1],"tags":[],"class_list":["post-19826","post","type-post","status-publish","format-standard","has-post-thumbnail","hentry","category-colegio","category-fp","category-imagen-y-sonido","category-portada","category-uncategorized"],"yoast_head":"<!-- This site is optimized with the Yoast SEO plugin v28.4 - https:\/\/yoast.com\/product\/yoast-seo-wordpress\/ -->\n<title>Nuestro alumnado de RPAE y los Goya - Colegio Salesiano<\/title>\n<meta name=\"description\" content=\"Los estudiantes de Dibujo T\u00e9cnico de 4\u00ba de ESO y Bachillerato han tenido la oportunidad de participar en una enriquecedora visita a La Alhambra, explorando uno de nuestros monumentos m\u00e1s emblem\u00e1ticos del patrimonio hist\u00f3rico y art\u00edstico.\" \/>\n<meta name=\"robots\" content=\"index, follow, max-snippet:-1, max-image-preview:large, max-video-preview:-1\" \/>\n<link rel=\"canonical\" href=\"https:\/\/granada.salesianos.edu\/colegio\/blog\/nuestro-alumnado-de-rpae-y-los-goya\/\" \/>\n<meta property=\"og:locale\" content=\"es_ES\" \/>\n<meta property=\"og:type\" content=\"article\" \/>\n<meta property=\"og:title\" content=\"Nuestro alumnado de RPAE y los Goya - Colegio Salesiano\" \/>\n<meta property=\"og:description\" content=\"Los estudiantes de Dibujo T\u00e9cnico de 4\u00ba de ESO y Bachillerato han tenido la oportunidad de participar en una enriquecedora visita a La Alhambra, explorando uno de nuestros monumentos m\u00e1s emblem\u00e1ticos del patrimonio hist\u00f3rico y art\u00edstico.\" \/>\n<meta property=\"og:url\" content=\"https:\/\/granada.salesianos.edu\/colegio\/blog\/nuestro-alumnado-de-rpae-y-los-goya\/\" \/>\n<meta property=\"og:site_name\" content=\"Colegio Salesiano\" \/>\n<meta property=\"article:publisher\" content=\"https:\/\/www.facebook.com\/SalesianosGR\/\" \/>\n<meta property=\"article:published_time\" content=\"2025-02-08T08:19:16+00:00\" \/>\n<meta property=\"article:modified_time\" content=\"2025-02-13T08:21:17+00:00\" \/>\n<meta property=\"og:image\" content=\"https:\/\/granada.salesianos.edu\/colegio\/wp-content\/uploads\/sites\/2\/2025\/02\/cce0c21c-0873-4aa2-b409-a6d8a2fe221d.jpg\" \/>\n\t<meta property=\"og:image:width\" content=\"1200\" \/>\n\t<meta property=\"og:image:height\" content=\"1600\" \/>\n\t<meta property=\"og:image:type\" content=\"image\/jpeg\" \/>\n<meta name=\"author\" content=\"Gestor Web\" \/>\n<meta name=\"twitter:card\" content=\"summary_large_image\" \/>\n<meta name=\"twitter:creator\" content=\"@GranadaSDB\" \/>\n<meta name=\"twitter:site\" content=\"@GranadaSDB\" \/>\n<meta name=\"twitter:label1\" content=\"Escrito por\" \/>\n\t<meta name=\"twitter:data1\" content=\"Gestor Web\" \/>\n\t<meta name=\"twitter:label2\" content=\"Tiempo de lectura\" \/>\n\t<meta name=\"twitter:data2\" content=\"2 minutos\" \/>\n<script type=\"application\/ld+json\" class=\"yoast-schema-graph\">{\"@context\":\"https:\\\/\\\/schema.org\",\"@graph\":[{\"@type\":\"Article\",\"@id\":\"https:\\\/\\\/granada.salesianos.edu\\\/colegio\\\/blog\\\/nuestro-alumnado-de-rpae-y-los-goya\\\/#article\",\"isPartOf\":{\"@id\":\"https:\\\/\\\/granada.salesianos.edu\\\/colegio\\\/blog\\\/nuestro-alumnado-de-rpae-y-los-goya\\\/\"},\"author\":{\"name\":\"Gestor Web\",\"@id\":\"https:\\\/\\\/granada.salesianos.edu\\\/colegio\\\/#\\\/schema\\\/person\\\/6392ff2e4bd1e66981d6eab734bbd962\"},\"headline\":\"Nuestro alumnado de RPAE y los Goya\",\"datePublished\":\"2025-02-08T08:19:16+00:00\",\"dateModified\":\"2025-02-13T08:21:17+00:00\",\"mainEntityOfPage\":{\"@id\":\"https:\\\/\\\/granada.salesianos.edu\\\/colegio\\\/blog\\\/nuestro-alumnado-de-rpae-y-los-goya\\\/\"},\"wordCount\":419,\"commentCount\":0,\"publisher\":{\"@id\":\"https:\\\/\\\/granada.salesianos.edu\\\/colegio\\\/#organization\"},\"image\":{\"@id\":\"https:\\\/\\\/granada.salesianos.edu\\\/colegio\\\/blog\\\/nuestro-alumnado-de-rpae-y-los-goya\\\/#primaryimage\"},\"thumbnailUrl\":\"https:\\\/\\\/granada.salesianos.edu\\\/colegio\\\/wp-content\\\/uploads\\\/sites\\\/2\\\/2025\\\/02\\\/cce0c21c-0873-4aa2-b409-a6d8a2fe221d.jpg\",\"articleSection\":[\"Colegio\",\"FP\",\"Imagen y Sonido\",\"Portada\",\"Uncategorized\"],\"inLanguage\":\"es\",\"potentialAction\":[{\"@type\":\"CommentAction\",\"name\":\"Comment\",\"target\":[\"https:\\\/\\\/granada.salesianos.edu\\\/colegio\\\/blog\\\/nuestro-alumnado-de-rpae-y-los-goya\\\/#respond\"]}]},{\"@type\":\"WebPage\",\"@id\":\"https:\\\/\\\/granada.salesianos.edu\\\/colegio\\\/blog\\\/nuestro-alumnado-de-rpae-y-los-goya\\\/\",\"url\":\"https:\\\/\\\/granada.salesianos.edu\\\/colegio\\\/blog\\\/nuestro-alumnado-de-rpae-y-los-goya\\\/\",\"name\":\"Nuestro alumnado de RPAE y los Goya - Colegio Salesiano\",\"isPartOf\":{\"@id\":\"https:\\\/\\\/granada.salesianos.edu\\\/colegio\\\/#website\"},\"primaryImageOfPage\":{\"@id\":\"https:\\\/\\\/granada.salesianos.edu\\\/colegio\\\/blog\\\/nuestro-alumnado-de-rpae-y-los-goya\\\/#primaryimage\"},\"image\":{\"@id\":\"https:\\\/\\\/granada.salesianos.edu\\\/colegio\\\/blog\\\/nuestro-alumnado-de-rpae-y-los-goya\\\/#primaryimage\"},\"thumbnailUrl\":\"https:\\\/\\\/granada.salesianos.edu\\\/colegio\\\/wp-content\\\/uploads\\\/sites\\\/2\\\/2025\\\/02\\\/cce0c21c-0873-4aa2-b409-a6d8a2fe221d.jpg\",\"datePublished\":\"2025-02-08T08:19:16+00:00\",\"dateModified\":\"2025-02-13T08:21:17+00:00\",\"description\":\"Los estudiantes de Dibujo T\u00e9cnico de 4\u00ba de ESO y Bachillerato han tenido la oportunidad de participar en una enriquecedora visita a La Alhambra, explorando uno de nuestros monumentos m\u00e1s emblem\u00e1ticos del patrimonio hist\u00f3rico y art\u00edstico.\",\"breadcrumb\":{\"@id\":\"https:\\\/\\\/granada.salesianos.edu\\\/colegio\\\/blog\\\/nuestro-alumnado-de-rpae-y-los-goya\\\/#breadcrumb\"},\"inLanguage\":\"es\",\"potentialAction\":[{\"@type\":\"ReadAction\",\"target\":[\"https:\\\/\\\/granada.salesianos.edu\\\/colegio\\\/blog\\\/nuestro-alumnado-de-rpae-y-los-goya\\\/\"]}]},{\"@type\":\"ImageObject\",\"inLanguage\":\"es\",\"@id\":\"https:\\\/\\\/granada.salesianos.edu\\\/colegio\\\/blog\\\/nuestro-alumnado-de-rpae-y-los-goya\\\/#primaryimage\",\"url\":\"https:\\\/\\\/granada.salesianos.edu\\\/colegio\\\/wp-content\\\/uploads\\\/sites\\\/2\\\/2025\\\/02\\\/cce0c21c-0873-4aa2-b409-a6d8a2fe221d.jpg\",\"contentUrl\":\"https:\\\/\\\/granada.salesianos.edu\\\/colegio\\\/wp-content\\\/uploads\\\/sites\\\/2\\\/2025\\\/02\\\/cce0c21c-0873-4aa2-b409-a6d8a2fe221d.jpg\",\"width\":1200,\"height\":1600},{\"@type\":\"BreadcrumbList\",\"@id\":\"https:\\\/\\\/granada.salesianos.edu\\\/colegio\\\/blog\\\/nuestro-alumnado-de-rpae-y-los-goya\\\/#breadcrumb\",\"itemListElement\":[{\"@type\":\"ListItem\",\"position\":1,\"name\":\"Portada\",\"item\":\"https:\\\/\\\/granada.salesianos.edu\\\/colegio\\\/\"},{\"@type\":\"ListItem\",\"position\":2,\"name\":\"Nuestro alumnado de RPAE y los Goya\"}]},{\"@type\":\"WebSite\",\"@id\":\"https:\\\/\\\/granada.salesianos.edu\\\/colegio\\\/#website\",\"url\":\"https:\\\/\\\/granada.salesianos.edu\\\/colegio\\\/\",\"name\":\"Colegio Salesiano\",\"description\":\"P\u00e1gina oficial de Salesianos Granada San Juan Bosco\",\"publisher\":{\"@id\":\"https:\\\/\\\/granada.salesianos.edu\\\/colegio\\\/#organization\"},\"potentialAction\":[{\"@type\":\"SearchAction\",\"target\":{\"@type\":\"EntryPoint\",\"urlTemplate\":\"https:\\\/\\\/granada.salesianos.edu\\\/colegio\\\/?s={search_term_string}\"},\"query-input\":{\"@type\":\"PropertyValueSpecification\",\"valueRequired\":true,\"valueName\":\"search_term_string\"}}],\"inLanguage\":\"es\"},{\"@type\":\"Organization\",\"@id\":\"https:\\\/\\\/granada.salesianos.edu\\\/colegio\\\/#organization\",\"name\":\"Colegio Salesiano San Juan Bosco Granada\",\"url\":\"https:\\\/\\\/granada.salesianos.edu\\\/colegio\\\/\",\"logo\":{\"@type\":\"ImageObject\",\"inLanguage\":\"es\",\"@id\":\"https:\\\/\\\/granada.salesianos.edu\\\/colegio\\\/#\\\/schema\\\/logo\\\/image\\\/\",\"url\":\"https:\\\/\\\/granada.salesianos.edu\\\/colegio\\\/wp-content\\\/uploads\\\/sites\\\/2\\\/2021\\\/01\\\/GRANADAobraVN2.jpg\",\"contentUrl\":\"https:\\\/\\\/granada.salesianos.edu\\\/colegio\\\/wp-content\\\/uploads\\\/sites\\\/2\\\/2021\\\/01\\\/GRANADAobraVN2.jpg\",\"width\":2113,\"height\":1894,\"caption\":\"Colegio Salesiano San Juan Bosco Granada\"},\"image\":{\"@id\":\"https:\\\/\\\/granada.salesianos.edu\\\/colegio\\\/#\\\/schema\\\/logo\\\/image\\\/\"},\"sameAs\":[\"https:\\\/\\\/www.facebook.com\\\/SalesianosGR\\\/\",\"https:\\\/\\\/x.com\\\/GranadaSDB\",\"https:\\\/\\\/www.instagram.com\\\/salesianosgranada\\\/\",\"https:\\\/\\\/www.youtube.com\\\/channel\\\/UChkpZuhCf4Y5rYIcFT3CNxw?view_as=subscriber\"]},{\"@type\":\"Person\",\"@id\":\"https:\\\/\\\/granada.salesianos.edu\\\/colegio\\\/#\\\/schema\\\/person\\\/6392ff2e4bd1e66981d6eab734bbd962\",\"name\":\"Gestor Web\",\"image\":{\"@type\":\"ImageObject\",\"inLanguage\":\"es\",\"@id\":\"https:\\\/\\\/secure.gravatar.com\\\/avatar\\\/160666bb56a01520857079961a824af2b7821d6bad80677c80f2b473fceead1b?s=96&d=mm&r=g\",\"url\":\"https:\\\/\\\/secure.gravatar.com\\\/avatar\\\/160666bb56a01520857079961a824af2b7821d6bad80677c80f2b473fceead1b?s=96&d=mm&r=g\",\"contentUrl\":\"https:\\\/\\\/secure.gravatar.com\\\/avatar\\\/160666bb56a01520857079961a824af2b7821d6bad80677c80f2b473fceead1b?s=96&d=mm&r=g\",\"caption\":\"Gestor Web\"}}]}<\/script>\n<!-- \/ Yoast SEO plugin. -->","yoast_head_json":{"title":"Nuestro alumnado de RPAE y los Goya - Colegio Salesiano","description":"Los estudiantes de Dibujo T\u00e9cnico de 4\u00ba de ESO y Bachillerato han tenido la oportunidad de participar en una enriquecedora visita a La Alhambra, explorando uno de nuestros monumentos m\u00e1s emblem\u00e1ticos del patrimonio hist\u00f3rico y art\u00edstico.","robots":{"index":"index","follow":"follow","max-snippet":"max-snippet:-1","max-image-preview":"max-image-preview:large","max-video-preview":"max-video-preview:-1"},"canonical":"https:\/\/granada.salesianos.edu\/colegio\/blog\/nuestro-alumnado-de-rpae-y-los-goya\/","og_locale":"es_ES","og_type":"article","og_title":"Nuestro alumnado de RPAE y los Goya - Colegio Salesiano","og_description":"Los estudiantes de Dibujo T\u00e9cnico de 4\u00ba de ESO y Bachillerato han tenido la oportunidad de participar en una enriquecedora visita a La Alhambra, explorando uno de nuestros monumentos m\u00e1s emblem\u00e1ticos del patrimonio hist\u00f3rico y art\u00edstico.","og_url":"https:\/\/granada.salesianos.edu\/colegio\/blog\/nuestro-alumnado-de-rpae-y-los-goya\/","og_site_name":"Colegio Salesiano","article_publisher":"https:\/\/www.facebook.com\/SalesianosGR\/","article_published_time":"2025-02-08T08:19:16+00:00","article_modified_time":"2025-02-13T08:21:17+00:00","og_image":[{"width":1200,"height":1600,"url":"https:\/\/granada.salesianos.edu\/colegio\/wp-content\/uploads\/sites\/2\/2025\/02\/cce0c21c-0873-4aa2-b409-a6d8a2fe221d.jpg","type":"image\/jpeg"}],"author":"Gestor Web","twitter_card":"summary_large_image","twitter_creator":"@GranadaSDB","twitter_site":"@GranadaSDB","twitter_misc":{"Escrito por":"Gestor Web","Tiempo de lectura":"2 minutos"},"schema":{"@context":"https:\/\/schema.org","@graph":[{"@type":"Article","@id":"https:\/\/granada.salesianos.edu\/colegio\/blog\/nuestro-alumnado-de-rpae-y-los-goya\/#article","isPartOf":{"@id":"https:\/\/granada.salesianos.edu\/colegio\/blog\/nuestro-alumnado-de-rpae-y-los-goya\/"},"author":{"name":"Gestor Web","@id":"https:\/\/granada.salesianos.edu\/colegio\/#\/schema\/person\/6392ff2e4bd1e66981d6eab734bbd962"},"headline":"Nuestro alumnado de RPAE y los Goya","datePublished":"2025-02-08T08:19:16+00:00","dateModified":"2025-02-13T08:21:17+00:00","mainEntityOfPage":{"@id":"https:\/\/granada.salesianos.edu\/colegio\/blog\/nuestro-alumnado-de-rpae-y-los-goya\/"},"wordCount":419,"commentCount":0,"publisher":{"@id":"https:\/\/granada.salesianos.edu\/colegio\/#organization"},"image":{"@id":"https:\/\/granada.salesianos.edu\/colegio\/blog\/nuestro-alumnado-de-rpae-y-los-goya\/#primaryimage"},"thumbnailUrl":"https:\/\/granada.salesianos.edu\/colegio\/wp-content\/uploads\/sites\/2\/2025\/02\/cce0c21c-0873-4aa2-b409-a6d8a2fe221d.jpg","articleSection":["Colegio","FP","Imagen y Sonido","Portada","Uncategorized"],"inLanguage":"es","potentialAction":[{"@type":"CommentAction","name":"Comment","target":["https:\/\/granada.salesianos.edu\/colegio\/blog\/nuestro-alumnado-de-rpae-y-los-goya\/#respond"]}]},{"@type":"WebPage","@id":"https:\/\/granada.salesianos.edu\/colegio\/blog\/nuestro-alumnado-de-rpae-y-los-goya\/","url":"https:\/\/granada.salesianos.edu\/colegio\/blog\/nuestro-alumnado-de-rpae-y-los-goya\/","name":"Nuestro alumnado de RPAE y los Goya - Colegio Salesiano","isPartOf":{"@id":"https:\/\/granada.salesianos.edu\/colegio\/#website"},"primaryImageOfPage":{"@id":"https:\/\/granada.salesianos.edu\/colegio\/blog\/nuestro-alumnado-de-rpae-y-los-goya\/#primaryimage"},"image":{"@id":"https:\/\/granada.salesianos.edu\/colegio\/blog\/nuestro-alumnado-de-rpae-y-los-goya\/#primaryimage"},"thumbnailUrl":"https:\/\/granada.salesianos.edu\/colegio\/wp-content\/uploads\/sites\/2\/2025\/02\/cce0c21c-0873-4aa2-b409-a6d8a2fe221d.jpg","datePublished":"2025-02-08T08:19:16+00:00","dateModified":"2025-02-13T08:21:17+00:00","description":"Los estudiantes de Dibujo T\u00e9cnico de 4\u00ba de ESO y Bachillerato han tenido la oportunidad de participar en una enriquecedora visita a La Alhambra, explorando uno de nuestros monumentos m\u00e1s emblem\u00e1ticos del patrimonio hist\u00f3rico y art\u00edstico.","breadcrumb":{"@id":"https:\/\/granada.salesianos.edu\/colegio\/blog\/nuestro-alumnado-de-rpae-y-los-goya\/#breadcrumb"},"inLanguage":"es","potentialAction":[{"@type":"ReadAction","target":["https:\/\/granada.salesianos.edu\/colegio\/blog\/nuestro-alumnado-de-rpae-y-los-goya\/"]}]},{"@type":"ImageObject","inLanguage":"es","@id":"https:\/\/granada.salesianos.edu\/colegio\/blog\/nuestro-alumnado-de-rpae-y-los-goya\/#primaryimage","url":"https:\/\/granada.salesianos.edu\/colegio\/wp-content\/uploads\/sites\/2\/2025\/02\/cce0c21c-0873-4aa2-b409-a6d8a2fe221d.jpg","contentUrl":"https:\/\/granada.salesianos.edu\/colegio\/wp-content\/uploads\/sites\/2\/2025\/02\/cce0c21c-0873-4aa2-b409-a6d8a2fe221d.jpg","width":1200,"height":1600},{"@type":"BreadcrumbList","@id":"https:\/\/granada.salesianos.edu\/colegio\/blog\/nuestro-alumnado-de-rpae-y-los-goya\/#breadcrumb","itemListElement":[{"@type":"ListItem","position":1,"name":"Portada","item":"https:\/\/granada.salesianos.edu\/colegio\/"},{"@type":"ListItem","position":2,"name":"Nuestro alumnado de RPAE y los Goya"}]},{"@type":"WebSite","@id":"https:\/\/granada.salesianos.edu\/colegio\/#website","url":"https:\/\/granada.salesianos.edu\/colegio\/","name":"Colegio Salesiano","description":"P\u00e1gina oficial de Salesianos Granada San Juan Bosco","publisher":{"@id":"https:\/\/granada.salesianos.edu\/colegio\/#organization"},"potentialAction":[{"@type":"SearchAction","target":{"@type":"EntryPoint","urlTemplate":"https:\/\/granada.salesianos.edu\/colegio\/?s={search_term_string}"},"query-input":{"@type":"PropertyValueSpecification","valueRequired":true,"valueName":"search_term_string"}}],"inLanguage":"es"},{"@type":"Organization","@id":"https:\/\/granada.salesianos.edu\/colegio\/#organization","name":"Colegio Salesiano San Juan Bosco Granada","url":"https:\/\/granada.salesianos.edu\/colegio\/","logo":{"@type":"ImageObject","inLanguage":"es","@id":"https:\/\/granada.salesianos.edu\/colegio\/#\/schema\/logo\/image\/","url":"https:\/\/granada.salesianos.edu\/colegio\/wp-content\/uploads\/sites\/2\/2021\/01\/GRANADAobraVN2.jpg","contentUrl":"https:\/\/granada.salesianos.edu\/colegio\/wp-content\/uploads\/sites\/2\/2021\/01\/GRANADAobraVN2.jpg","width":2113,"height":1894,"caption":"Colegio Salesiano San Juan Bosco Granada"},"image":{"@id":"https:\/\/granada.salesianos.edu\/colegio\/#\/schema\/logo\/image\/"},"sameAs":["https:\/\/www.facebook.com\/SalesianosGR\/","https:\/\/x.com\/GranadaSDB","https:\/\/www.instagram.com\/salesianosgranada\/","https:\/\/www.youtube.com\/channel\/UChkpZuhCf4Y5rYIcFT3CNxw?view_as=subscriber"]},{"@type":"Person","@id":"https:\/\/granada.salesianos.edu\/colegio\/#\/schema\/person\/6392ff2e4bd1e66981d6eab734bbd962","name":"Gestor Web","image":{"@type":"ImageObject","inLanguage":"es","@id":"https:\/\/secure.gravatar.com\/avatar\/160666bb56a01520857079961a824af2b7821d6bad80677c80f2b473fceead1b?s=96&d=mm&r=g","url":"https:\/\/secure.gravatar.com\/avatar\/160666bb56a01520857079961a824af2b7821d6bad80677c80f2b473fceead1b?s=96&d=mm&r=g","contentUrl":"https:\/\/secure.gravatar.com\/avatar\/160666bb56a01520857079961a824af2b7821d6bad80677c80f2b473fceead1b?s=96&d=mm&r=g","caption":"Gestor Web"}}]}},"_links":{"self":[{"href":"https:\/\/granada.salesianos.edu\/colegio\/wp-json\/wp\/v2\/posts\/19826","targetHints":{"allow":["GET"]}}],"collection":[{"href":"https:\/\/granada.salesianos.edu\/colegio\/wp-json\/wp\/v2\/posts"}],"about":[{"href":"https:\/\/granada.salesianos.edu\/colegio\/wp-json\/wp\/v2\/types\/post"}],"author":[{"embeddable":true,"href":"https:\/\/granada.salesianos.edu\/colegio\/wp-json\/wp\/v2\/users\/2"}],"replies":[{"embeddable":true,"href":"https:\/\/granada.salesianos.edu\/colegio\/wp-json\/wp\/v2\/comments?post=19826"}],"version-history":[{"count":3,"href":"https:\/\/granada.salesianos.edu\/colegio\/wp-json\/wp\/v2\/posts\/19826\/revisions"}],"predecessor-version":[{"id":19835,"href":"https:\/\/granada.salesianos.edu\/colegio\/wp-json\/wp\/v2\/posts\/19826\/revisions\/19835"}],"wp:featuredmedia":[{"embeddable":true,"href":"https:\/\/granada.salesianos.edu\/colegio\/wp-json\/wp\/v2\/media\/19827"}],"wp:attachment":[{"href":"https:\/\/granada.salesianos.edu\/colegio\/wp-json\/wp\/v2\/media?parent=19826"}],"wp:term":[{"taxonomy":"category","embeddable":true,"href":"https:\/\/granada.salesianos.edu\/colegio\/wp-json\/wp\/v2\/categories?post=19826"},{"taxonomy":"post_tag","embeddable":true,"href":"https:\/\/granada.salesianos.edu\/colegio\/wp-json\/wp\/v2\/tags?post=19826"}],"curies":[{"name":"wp","href":"https:\/\/api.w.org\/{rel}","templated":true}]}}