{"id":20140,"date":"2025-05-19T22:06:33","date_gmt":"2025-05-19T20:06:33","guid":{"rendered":"https:\/\/granada.salesianos.edu\/colegio\/?p=20140"},"modified":"2025-05-19T22:06:33","modified_gmt":"2025-05-19T20:06:33","slug":"verbena-de-ma-auxiliadora-2025-un-viaje-en-el-tiempo","status":"publish","type":"post","link":"https:\/\/granada.salesianos.edu\/colegio\/blog\/verbena-de-ma-auxiliadora-2025-un-viaje-en-el-tiempo\/","title":{"rendered":"Verbena de M\u00aa Auxiliadora 2025 \u2013 Un Viaje en el Tiempo"},"content":{"rendered":"<div id=\"fb-root\"><\/div>\n<p>[et_pb_section fb_built=\u00bb1&#8243; admin_label=\u00bbsection\u00bb _builder_version=\u00bb4.18.0&#8243; global_colors_info=\u00bb{}\u00bb][et_pb_row _builder_version=\u00bb4.18.0&#8243; _module_preset=\u00bbdefault\u00bb custom_padding=\u00bb||0px|||\u00bb global_colors_info=\u00bb{}\u00bb][et_pb_column type=\u00bb4_4&#8243; _builder_version=\u00bb4.18.0&#8243; _module_preset=\u00bbdefault\u00bb global_colors_info=\u00bb{}\u00bb][et_pb_text admin_label=\u00bbDesarrollo (Texto)\u00bb _builder_version=\u00bb4.27.4&#8243; text_orientation=\u00bbjustified\u00bb custom_margin=\u00bb||-37px||false|false\u00bb custom_padding=\u00bb||||false|false\u00bb global_colors_info=\u00bb{}\u00bb]<\/p>\n<p>El pasado fin de semana celebramos con gran alegr\u00eda nuestra tradicional Verbena de <strong>M\u00aa Auxiliadora<\/strong>, un evento lleno de m\u00fasica, color y, sobre todo, mucho talento. Este a\u00f1o, nuestros alumnos nos sorprendieron con un emocionante recorrido por las d\u00e9cadas m\u00e1s emblem\u00e1ticas de la m\u00fasica, transport\u00e1ndonos desde los a\u00f1os 60 hasta los 90 con sus actuaciones.<\/p>\n<p>La verbena se convirti\u00f3 en un punto de encuentro para las familias, que compartieron juntos la emoci\u00f3n y el esp\u00edritu festivo de la celebraci\u00f3n. Las actuaciones, preparadas con dedicaci\u00f3n y entusiasmo, reflejaron el talento y el esfuerzo de nuestros peque\u00f1os, quienes hicieron gala de sus habilidades en diversos n\u00fameros musicales y coreograf\u00edas.<\/p>\n<p>Adem\u00e1s de las actuaciones, el evento cont\u00f3 con diversas actividades y espacios para que tanto j\u00f3venes como adultos pudieran disfrutar de la jornada, creando un ambiente c\u00e1lido y acogedor, permitiendo a las familias disfrutar de momentos de convivencia y alegr\u00eda. La verbena, realizada en honor a nuestra madre <strong>M\u00aa Auxiliadora<\/strong>, fue una muestra m\u00e1s del esp\u00edritu comunitario y de uni\u00f3n que caracteriza a nuestra instituci\u00f3n. Agradecemos a todos los que participaron y colaboraron para hacer de este evento un \u00e9xito rotundo. \u00a1Esperamos con ansias la pr\u00f3xima celebraci\u00f3n. El d\u00eda 24 m\u00e1s!<\/p>\n<p>Queremos expresar un enorme GRACIAS al equipo educativo de Infantil y Primaria por su implicaci\u00f3n, dedicaci\u00f3n y entusiasmo en la preparaci\u00f3n de esta verbena. Y, por supuesto, a todas las familias que colaboraron con vestuario, decorados y su constante apoyo. Sin vosotros, nada de esto ser\u00eda posible.<\/p>\n<p><strong>Fue una noche m\u00e1gica, llena de emoci\u00f3n y recuerdos que quedar\u00e1n grabados en nuestros corazones.<\/strong><\/p>\n<p>Os dejamos en los siguientes botones las fotograf\u00edas de cada una de las etapas participantes. Adem\u00e1s, de una peque\u00f1a galer\u00eda como aperitivo.<\/p>\n<p>&nbsp;<\/p>\n<p><span style=\"font-size: 14px;\">\u00a0<\/span><\/p>\n<p>&nbsp;<\/p>\n<p>[\/et_pb_text][et_pb_gallery gallery_ids=\u00bb18670,18671,18672,18673,18674,18675,18676,18677,18678,18679,18680,18681,18682,18683,18684&#8243; show_title_and_caption=\u00bboff\u00bb _builder_version=\u00bb4.24.3&#8243; _module_preset=\u00bbdefault\u00bb global_colors_info=\u00bb{}\u00bb][\/et_pb_gallery][\/et_pb_column][\/et_pb_row][et_pb_row column_structure=\u00bb1_2,1_2&#8243; _builder_version=\u00bb4.25.1&#8243; _module_preset=\u00bbdefault\u00bb global_colors_info=\u00bb{}\u00bb][et_pb_column type=\u00bb1_2&#8243; _builder_version=\u00bb4.25.1&#8243; _module_preset=\u00bbdefault\u00bb global_colors_info=\u00bb{}\u00bb][et_pb_heading title=\u00bbINFANTIL\u00bb _builder_version=\u00bb4.27.4&#8243; _module_preset=\u00bbdefault\u00bb title_text_align=\u00bbcenter\u00bb global_colors_info=\u00bb{}\u00bb][\/et_pb_heading][et_pb_text _builder_version=\u00bb4.27.4&#8243; _module_preset=\u00bbdefault\u00bb global_colors_info=\u00bb{}\u00bb]<\/p>\n<p>Los m\u00e1s peque\u00f1os nos hicieron vibrar al ritmo de <strong>los a\u00f1os 80<\/strong>, con sus disfraces llenos de color, coreograf\u00edas encantadoras y una ternura que conquist\u00f3 a todos los presentes.<\/p>\n<p>[\/et_pb_text][et_pb_image src=\u00bbhttps:\/\/granada.salesianos.edu\/wp-content\/uploads\/2025\/05\/2025-Verbena-Maria-Auxiliadora-infantil.jpeg\u00bb title_text=\u00bb2025 Verbena Mari\u0301a Auxiliadora infantil\u00bb _builder_version=\u00bb4.27.4&#8243; _module_preset=\u00bbdefault\u00bb global_colors_info=\u00bb{}\u00bb][\/et_pb_image][et_pb_blurb title=\u00bbDESCARGA AQU\u00cd LAS FOTOS DE INFANTIL\u00bb url=\u00bbhttps:\/\/drive.google.com\/drive\/folders\/15jx3g-lggckyRe_9PLvQiM4qbwFuu2Gq?usp=sharing\u00bb use_icon=\u00bbon\u00bb font_icon=\u00bb&#xe071;||divi||400&#8243; icon_placement=\u00bbleft\u00bb _builder_version=\u00bb4.27.4&#8243; _module_preset=\u00bbdefault\u00bb header_text_align=\u00bbcenter\u00bb link_option_url=\u00bbhttps:\/\/drive.google.com\/drive\/folders\/15jx3g-lggckyRe_9PLvQiM4qbwFuu2Gq?usp=sharing\u00bb global_colors_info=\u00bb{}\u00bb][\/et_pb_blurb][et_pb_divider _builder_version=\u00bb4.27.4&#8243; _module_preset=\u00bbdefault\u00bb global_colors_info=\u00bb{}\u00bb][\/et_pb_divider][et_pb_heading title=\u00bb2\u00ba CICLO PRIMARIA\u00bb _builder_version=\u00bb4.27.4&#8243; _module_preset=\u00bbdefault\u00bb title_text_align=\u00bbcenter\u00bb global_colors_info=\u00bb{}\u00bb][\/et_pb_heading][et_pb_text _builder_version=\u00bb4.27.4&#8243; _module_preset=\u00bbdefault\u00bb global_colors_info=\u00bb{}\u00bb]<\/p>\n<p>Nos hicieron viajar hasta <strong>los a\u00f1os 60<\/strong>, con un espect\u00e1culo lleno de ritmo, estilo retro y mucho entusiasmo. \u00a1Una actuaci\u00f3n que nos dej\u00f3 con ganas de m\u00e1s!<\/p>\n<p>[\/et_pb_text][et_pb_image src=\u00bbhttps:\/\/granada.salesianos.edu\/wp-content\/uploads\/2025\/05\/2025-Verbena-Maria-Auxiliadora-2-ciclo.jpeg\u00bb title_text=\u00bb2025 Verbena Mari\u0301a Auxiliadora 2 ciclo\u00bb _builder_version=\u00bb4.27.4&#8243; _module_preset=\u00bbdefault\u00bb global_colors_info=\u00bb{}\u00bb][\/et_pb_image][et_pb_blurb title=\u00bbDESCARGA AQU\u00cd LAS FOTOS DE 2\u00baCICLO\u00bb url=\u00bbhttps:\/\/drive.google.com\/drive\/folders\/1nhfjlNno7qGy7JpE7IaF2TBjZHL6xeGz?usp=sharing\u00bb use_icon=\u00bbon\u00bb font_icon=\u00bb&#xe071;||divi||400&#8243; icon_placement=\u00bbleft\u00bb _builder_version=\u00bb4.27.4&#8243; _module_preset=\u00bbdefault\u00bb header_text_align=\u00bbcenter\u00bb link_option_url=\u00bbhttps:\/\/drive.google.com\/drive\/folders\/1nhfjlNno7qGy7JpE7IaF2TBjZHL6xeGz?usp=sharing\u00bb global_colors_info=\u00bb{}\u00bb][\/et_pb_blurb][\/et_pb_column][et_pb_column type=\u00bb1_2&#8243; _builder_version=\u00bb4.27.4&#8243; _module_preset=\u00bbdefault\u00bb global_colors_info=\u00bb{}\u00bb][et_pb_heading title=\u00bb1\u00ba CICLO PRIMARIA\u00bb _builder_version=\u00bb4.27.4&#8243; _module_preset=\u00bbdefault\u00bb title_text_align=\u00bbcenter\u00bb global_colors_info=\u00bb{}\u00bb][\/et_pb_heading][et_pb_text _builder_version=\u00bb4.27.4&#8243; _module_preset=\u00bbdefault\u00bb global_colors_info=\u00bb{}\u00bb]<\/p>\n<p>Con una explosi\u00f3n de energ\u00eda, nos llevaron de la mano a los alegres <strong>a\u00f1os 70<\/strong>, demostrando que el ritmo y la diversi\u00f3n no tienen edad. \u00a1Fueron las verdaderas estrellas de la noche!<\/p>\n<p>[\/et_pb_text][et_pb_image src=\u00bbhttps:\/\/granada.salesianos.edu\/wp-content\/uploads\/2025\/05\/2025-Verbena-Maria-Auxiliadora-1-ciclo.jpeg\u00bb title_text=\u00bb2025 Verbena Mari\u0301a Auxiliadora 1 ciclo\u00bb _builder_version=\u00bb4.27.4&#8243; _module_preset=\u00bbdefault\u00bb global_colors_info=\u00bb{}\u00bb][\/et_pb_image][et_pb_blurb title=\u00bbDESCARGA AQU\u00cd LAS FOTOS DE 1\u00baCICLO\u00bb url=\u00bbhttps:\/\/drive.google.com\/drive\/folders\/1xquSFxYZxam8_VpOaptxJP3_rk9sdu87?usp=sharing\u00bb use_icon=\u00bbon\u00bb font_icon=\u00bb&#xe071;||divi||400&#8243; icon_placement=\u00bbleft\u00bb _builder_version=\u00bb4.27.4&#8243; _module_preset=\u00bbdefault\u00bb header_text_align=\u00bbcenter\u00bb link_option_url=\u00bbhttps:\/\/drive.google.com\/drive\/folders\/1xquSFxYZxam8_VpOaptxJP3_rk9sdu87?usp=sharing\u00bb global_colors_info=\u00bb{}\u00bb][\/et_pb_blurb][et_pb_divider _builder_version=\u00bb4.27.4&#8243; _module_preset=\u00bbdefault\u00bb global_colors_info=\u00bb{}\u00bb][\/et_pb_divider][et_pb_heading title=\u00bb3\u00ba CICLO PRIMARIA\u00bb _builder_version=\u00bb4.27.4&#8243; _module_preset=\u00bbdefault\u00bb title_text_align=\u00bbcenter\u00bb global_colors_info=\u00bb{}\u00bb][\/et_pb_heading][et_pb_text _builder_version=\u00bb4.27.4&#8243; _module_preset=\u00bbdefault\u00bb global_colors_info=\u00bb{}\u00bb]<\/p>\n<p>Encargados de cerrar la noche, el tercer ciclo nos llev\u00f3 directo a los inolvidables<strong> a\u00f1os 90<\/strong>, con una puesta en escena llena de energ\u00eda, coreograf\u00edas vibrantes y mucha actitud.<\/p>\n<p>[\/et_pb_text][et_pb_image src=\u00bbhttps:\/\/granada.salesianos.edu\/wp-content\/uploads\/2025\/05\/2025-Verbena-Maria-Auxiliadora-3-ciclo.jpeg\u00bb title_text=\u00bb2025 Verbena Mari\u0301a Auxiliadora 3 ciclo\u00bb _builder_version=\u00bb4.27.4&#8243; _module_preset=\u00bbdefault\u00bb global_colors_info=\u00bb{}\u00bb][\/et_pb_image][et_pb_blurb title=\u00bbDESCARGA AQU\u00cd LAS FOTOS DE 3\u00baCICLO\u00bb url=\u00bbhttps:\/\/drive.google.com\/drive\/folders\/1bjBDe1oyaOpzY931tE_yk8Ss80PcZ3Wd?usp=sharing\u00bb use_icon=\u00bbon\u00bb font_icon=\u00bb&#xe071;||divi||400&#8243; icon_placement=\u00bbleft\u00bb _builder_version=\u00bb4.27.4&#8243; _module_preset=\u00bbdefault\u00bb header_text_align=\u00bbcenter\u00bb link_option_url=\u00bbhttps:\/\/drive.google.com\/drive\/folders\/1bjBDe1oyaOpzY931tE_yk8Ss80PcZ3Wd?usp=sharing\u00bb global_colors_info=\u00bb{}\u00bb][\/et_pb_blurb][\/et_pb_column][\/et_pb_row][et_pb_row _builder_version=\u00bb4.25.1&#8243; _module_preset=\u00bbdefault\u00bb global_colors_info=\u00bb{}\u00bb][et_pb_column type=\u00bb4_4&#8243; _builder_version=\u00bb4.25.1&#8243; _module_preset=\u00bbdefault\u00bb global_colors_info=\u00bb{}\u00bb][\/et_pb_column][\/et_pb_row][\/et_pb_section]<\/p>\n","protected":false},"excerpt":{"rendered":"<p>El pasado fin de semana celebramos con gran alegr\u00eda nuestra tradicional Verbena de M\u00aa Auxiliadora, un evento lleno de m\u00fasica, color y, sobre todo, mucho talento. Este a\u00f1o, nuestros alumnos nos sorprendieron con un emocionante recorrido por las d\u00e9cadas m\u00e1s emblem\u00e1ticas de la m\u00fasica, transport\u00e1ndonos desde los a\u00f1os 60 hasta los 90 con sus actuaciones.<\/p>\n","protected":false},"author":2,"featured_media":20141,"comment_status":"open","ping_status":"open","sticky":false,"template":"","format":"standard","meta":{"_et_pb_use_builder":"on","_et_pb_old_content":"","_et_gb_content_width":"","footnotes":""},"categories":[11,13,18,26,12,22],"tags":[],"class_list":["post-20140","post","type-post","status-publish","format-standard","has-post-thumbnail","hentry","category-colegio","category-familia-salesiana","category-iglesia","category-infantil","category-portada","category-primaria"],"yoast_head":"<!-- This site is optimized with the Yoast SEO plugin v28.4 - https:\/\/yoast.com\/product\/yoast-seo-wordpress\/ -->\n<title>Verbena de M\u00aa Auxiliadora 2025 \u2013 Un Viaje en el Tiempo - Colegio Salesiano<\/title>\n<meta name=\"description\" content=\"El pasado fin de semana celebramos con gran alegr\u00eda nuestra tradicional Verbena de M\u00aa Auxiliadora, un evento lleno de m\u00fasica, color y, sobre todo, mucho talento. Este a\u00f1o, nuestros alumnos nos sorprendieron con un emocionante recorrido por las d\u00e9cadas m\u00e1s emblem\u00e1ticas de la m\u00fasica, transport\u00e1ndonos desde los a\u00f1os 60 hasta los 90 con sus actuaciones.\" \/>\n<meta name=\"robots\" content=\"index, follow, max-snippet:-1, max-image-preview:large, max-video-preview:-1\" \/>\n<link rel=\"canonical\" href=\"https:\/\/granada.salesianos.edu\/colegio\/blog\/verbena-de-ma-auxiliadora-2025-un-viaje-en-el-tiempo\/\" \/>\n<meta property=\"og:locale\" content=\"es_ES\" \/>\n<meta property=\"og:type\" content=\"article\" \/>\n<meta property=\"og:title\" content=\"Verbena de M\u00aa Auxiliadora 2025 \u2013 Un Viaje en el Tiempo - Colegio Salesiano\" \/>\n<meta property=\"og:description\" content=\"El pasado fin de semana celebramos con gran alegr\u00eda nuestra tradicional Verbena de M\u00aa Auxiliadora, un evento lleno de m\u00fasica, color y, sobre todo, mucho talento. Este a\u00f1o, nuestros alumnos nos sorprendieron con un emocionante recorrido por las d\u00e9cadas m\u00e1s emblem\u00e1ticas de la m\u00fasica, transport\u00e1ndonos desde los a\u00f1os 60 hasta los 90 con sus actuaciones.\" \/>\n<meta property=\"og:url\" content=\"https:\/\/granada.salesianos.edu\/colegio\/blog\/verbena-de-ma-auxiliadora-2025-un-viaje-en-el-tiempo\/\" \/>\n<meta property=\"og:site_name\" content=\"Colegio Salesiano\" \/>\n<meta property=\"article:publisher\" content=\"https:\/\/www.facebook.com\/SalesianosGR\/\" \/>\n<meta property=\"article:published_time\" content=\"2025-05-19T20:06:33+00:00\" \/>\n<meta property=\"og:image\" content=\"https:\/\/granada.salesianos.edu\/colegio\/wp-content\/uploads\/sites\/2\/2025\/05\/2025-Verbena-Maria-Auxiliadora.jpeg\" \/>\n\t<meta property=\"og:image:width\" content=\"1600\" \/>\n\t<meta property=\"og:image:height\" content=\"1066\" \/>\n\t<meta property=\"og:image:type\" content=\"image\/jpeg\" \/>\n<meta name=\"author\" content=\"Gestor Web\" \/>\n<meta name=\"twitter:card\" content=\"summary_large_image\" \/>\n<meta name=\"twitter:creator\" content=\"@GranadaSDB\" \/>\n<meta name=\"twitter:site\" content=\"@GranadaSDB\" \/>\n<meta name=\"twitter:label1\" content=\"Escrito por\" \/>\n\t<meta name=\"twitter:data1\" content=\"Gestor Web\" \/>\n\t<meta name=\"twitter:label2\" content=\"Tiempo de lectura\" \/>\n\t<meta name=\"twitter:data2\" content=\"4 minutos\" \/>\n<script type=\"application\/ld+json\" class=\"yoast-schema-graph\">{\"@context\":\"https:\\\/\\\/schema.org\",\"@graph\":[{\"@type\":\"Article\",\"@id\":\"https:\\\/\\\/granada.salesianos.edu\\\/colegio\\\/blog\\\/verbena-de-ma-auxiliadora-2025-un-viaje-en-el-tiempo\\\/#article\",\"isPartOf\":{\"@id\":\"https:\\\/\\\/granada.salesianos.edu\\\/colegio\\\/blog\\\/verbena-de-ma-auxiliadora-2025-un-viaje-en-el-tiempo\\\/\"},\"author\":{\"name\":\"Gestor Web\",\"@id\":\"https:\\\/\\\/granada.salesianos.edu\\\/colegio\\\/#\\\/schema\\\/person\\\/6392ff2e4bd1e66981d6eab734bbd962\"},\"headline\":\"Verbena de M\u00aa Auxiliadora 2025 \u2013 Un Viaje en el Tiempo\",\"datePublished\":\"2025-05-19T20:06:33+00:00\",\"mainEntityOfPage\":{\"@id\":\"https:\\\/\\\/granada.salesianos.edu\\\/colegio\\\/blog\\\/verbena-de-ma-auxiliadora-2025-un-viaje-en-el-tiempo\\\/\"},\"wordCount\":1183,\"commentCount\":0,\"publisher\":{\"@id\":\"https:\\\/\\\/granada.salesianos.edu\\\/colegio\\\/#organization\"},\"image\":{\"@id\":\"https:\\\/\\\/granada.salesianos.edu\\\/colegio\\\/blog\\\/verbena-de-ma-auxiliadora-2025-un-viaje-en-el-tiempo\\\/#primaryimage\"},\"thumbnailUrl\":\"https:\\\/\\\/granada.salesianos.edu\\\/colegio\\\/wp-content\\\/uploads\\\/sites\\\/2\\\/2025\\\/05\\\/2025-Verbena-Maria-Auxiliadora.jpeg\",\"articleSection\":[\"Colegio\",\"Familia Salesiana\",\"Iglesia\",\"Infantil\",\"Portada\",\"Primaria\"],\"inLanguage\":\"es\",\"potentialAction\":[{\"@type\":\"CommentAction\",\"name\":\"Comment\",\"target\":[\"https:\\\/\\\/granada.salesianos.edu\\\/colegio\\\/blog\\\/verbena-de-ma-auxiliadora-2025-un-viaje-en-el-tiempo\\\/#respond\"]}]},{\"@type\":\"WebPage\",\"@id\":\"https:\\\/\\\/granada.salesianos.edu\\\/colegio\\\/blog\\\/verbena-de-ma-auxiliadora-2025-un-viaje-en-el-tiempo\\\/\",\"url\":\"https:\\\/\\\/granada.salesianos.edu\\\/colegio\\\/blog\\\/verbena-de-ma-auxiliadora-2025-un-viaje-en-el-tiempo\\\/\",\"name\":\"Verbena de M\u00aa Auxiliadora 2025 \u2013 Un Viaje en el Tiempo - Colegio Salesiano\",\"isPartOf\":{\"@id\":\"https:\\\/\\\/granada.salesianos.edu\\\/colegio\\\/#website\"},\"primaryImageOfPage\":{\"@id\":\"https:\\\/\\\/granada.salesianos.edu\\\/colegio\\\/blog\\\/verbena-de-ma-auxiliadora-2025-un-viaje-en-el-tiempo\\\/#primaryimage\"},\"image\":{\"@id\":\"https:\\\/\\\/granada.salesianos.edu\\\/colegio\\\/blog\\\/verbena-de-ma-auxiliadora-2025-un-viaje-en-el-tiempo\\\/#primaryimage\"},\"thumbnailUrl\":\"https:\\\/\\\/granada.salesianos.edu\\\/colegio\\\/wp-content\\\/uploads\\\/sites\\\/2\\\/2025\\\/05\\\/2025-Verbena-Maria-Auxiliadora.jpeg\",\"datePublished\":\"2025-05-19T20:06:33+00:00\",\"description\":\"El pasado fin de semana celebramos con gran alegr\u00eda nuestra tradicional Verbena de M\u00aa Auxiliadora, un evento lleno de m\u00fasica, color y, sobre todo, mucho talento. Este a\u00f1o, nuestros alumnos nos sorprendieron con un emocionante recorrido por las d\u00e9cadas m\u00e1s emblem\u00e1ticas de la m\u00fasica, transport\u00e1ndonos desde los a\u00f1os 60 hasta los 90 con sus actuaciones.\",\"breadcrumb\":{\"@id\":\"https:\\\/\\\/granada.salesianos.edu\\\/colegio\\\/blog\\\/verbena-de-ma-auxiliadora-2025-un-viaje-en-el-tiempo\\\/#breadcrumb\"},\"inLanguage\":\"es\",\"potentialAction\":[{\"@type\":\"ReadAction\",\"target\":[\"https:\\\/\\\/granada.salesianos.edu\\\/colegio\\\/blog\\\/verbena-de-ma-auxiliadora-2025-un-viaje-en-el-tiempo\\\/\"]}]},{\"@type\":\"ImageObject\",\"inLanguage\":\"es\",\"@id\":\"https:\\\/\\\/granada.salesianos.edu\\\/colegio\\\/blog\\\/verbena-de-ma-auxiliadora-2025-un-viaje-en-el-tiempo\\\/#primaryimage\",\"url\":\"https:\\\/\\\/granada.salesianos.edu\\\/colegio\\\/wp-content\\\/uploads\\\/sites\\\/2\\\/2025\\\/05\\\/2025-Verbena-Maria-Auxiliadora.jpeg\",\"contentUrl\":\"https:\\\/\\\/granada.salesianos.edu\\\/colegio\\\/wp-content\\\/uploads\\\/sites\\\/2\\\/2025\\\/05\\\/2025-Verbena-Maria-Auxiliadora.jpeg\",\"width\":1600,\"height\":1066},{\"@type\":\"BreadcrumbList\",\"@id\":\"https:\\\/\\\/granada.salesianos.edu\\\/colegio\\\/blog\\\/verbena-de-ma-auxiliadora-2025-un-viaje-en-el-tiempo\\\/#breadcrumb\",\"itemListElement\":[{\"@type\":\"ListItem\",\"position\":1,\"name\":\"Portada\",\"item\":\"https:\\\/\\\/granada.salesianos.edu\\\/colegio\\\/\"},{\"@type\":\"ListItem\",\"position\":2,\"name\":\"Verbena de M\u00aa Auxiliadora 2025 \u2013 Un Viaje en el Tiempo\"}]},{\"@type\":\"WebSite\",\"@id\":\"https:\\\/\\\/granada.salesianos.edu\\\/colegio\\\/#website\",\"url\":\"https:\\\/\\\/granada.salesianos.edu\\\/colegio\\\/\",\"name\":\"Colegio Salesiano\",\"description\":\"P\u00e1gina oficial de Salesianos Granada San Juan Bosco\",\"publisher\":{\"@id\":\"https:\\\/\\\/granada.salesianos.edu\\\/colegio\\\/#organization\"},\"potentialAction\":[{\"@type\":\"SearchAction\",\"target\":{\"@type\":\"EntryPoint\",\"urlTemplate\":\"https:\\\/\\\/granada.salesianos.edu\\\/colegio\\\/?s={search_term_string}\"},\"query-input\":{\"@type\":\"PropertyValueSpecification\",\"valueRequired\":true,\"valueName\":\"search_term_string\"}}],\"inLanguage\":\"es\"},{\"@type\":\"Organization\",\"@id\":\"https:\\\/\\\/granada.salesianos.edu\\\/colegio\\\/#organization\",\"name\":\"Colegio Salesiano San Juan Bosco Granada\",\"url\":\"https:\\\/\\\/granada.salesianos.edu\\\/colegio\\\/\",\"logo\":{\"@type\":\"ImageObject\",\"inLanguage\":\"es\",\"@id\":\"https:\\\/\\\/granada.salesianos.edu\\\/colegio\\\/#\\\/schema\\\/logo\\\/image\\\/\",\"url\":\"https:\\\/\\\/granada.salesianos.edu\\\/colegio\\\/wp-content\\\/uploads\\\/sites\\\/2\\\/2021\\\/01\\\/GRANADAobraVN2.jpg\",\"contentUrl\":\"https:\\\/\\\/granada.salesianos.edu\\\/colegio\\\/wp-content\\\/uploads\\\/sites\\\/2\\\/2021\\\/01\\\/GRANADAobraVN2.jpg\",\"width\":2113,\"height\":1894,\"caption\":\"Colegio Salesiano San Juan Bosco Granada\"},\"image\":{\"@id\":\"https:\\\/\\\/granada.salesianos.edu\\\/colegio\\\/#\\\/schema\\\/logo\\\/image\\\/\"},\"sameAs\":[\"https:\\\/\\\/www.facebook.com\\\/SalesianosGR\\\/\",\"https:\\\/\\\/x.com\\\/GranadaSDB\",\"https:\\\/\\\/www.instagram.com\\\/salesianosgranada\\\/\",\"https:\\\/\\\/www.youtube.com\\\/channel\\\/UChkpZuhCf4Y5rYIcFT3CNxw?view_as=subscriber\"]},{\"@type\":\"Person\",\"@id\":\"https:\\\/\\\/granada.salesianos.edu\\\/colegio\\\/#\\\/schema\\\/person\\\/6392ff2e4bd1e66981d6eab734bbd962\",\"name\":\"Gestor Web\",\"image\":{\"@type\":\"ImageObject\",\"inLanguage\":\"es\",\"@id\":\"https:\\\/\\\/secure.gravatar.com\\\/avatar\\\/160666bb56a01520857079961a824af2b7821d6bad80677c80f2b473fceead1b?s=96&d=mm&r=g\",\"url\":\"https:\\\/\\\/secure.gravatar.com\\\/avatar\\\/160666bb56a01520857079961a824af2b7821d6bad80677c80f2b473fceead1b?s=96&d=mm&r=g\",\"contentUrl\":\"https:\\\/\\\/secure.gravatar.com\\\/avatar\\\/160666bb56a01520857079961a824af2b7821d6bad80677c80f2b473fceead1b?s=96&d=mm&r=g\",\"caption\":\"Gestor Web\"}}]}<\/script>\n<!-- \/ Yoast SEO plugin. -->","yoast_head_json":{"title":"Verbena de M\u00aa Auxiliadora 2025 \u2013 Un Viaje en el Tiempo - Colegio Salesiano","description":"El pasado fin de semana celebramos con gran alegr\u00eda nuestra tradicional Verbena de M\u00aa Auxiliadora, un evento lleno de m\u00fasica, color y, sobre todo, mucho talento. Este a\u00f1o, nuestros alumnos nos sorprendieron con un emocionante recorrido por las d\u00e9cadas m\u00e1s emblem\u00e1ticas de la m\u00fasica, transport\u00e1ndonos desde los a\u00f1os 60 hasta los 90 con sus actuaciones.","robots":{"index":"index","follow":"follow","max-snippet":"max-snippet:-1","max-image-preview":"max-image-preview:large","max-video-preview":"max-video-preview:-1"},"canonical":"https:\/\/granada.salesianos.edu\/colegio\/blog\/verbena-de-ma-auxiliadora-2025-un-viaje-en-el-tiempo\/","og_locale":"es_ES","og_type":"article","og_title":"Verbena de M\u00aa Auxiliadora 2025 \u2013 Un Viaje en el Tiempo - Colegio Salesiano","og_description":"El pasado fin de semana celebramos con gran alegr\u00eda nuestra tradicional Verbena de M\u00aa Auxiliadora, un evento lleno de m\u00fasica, color y, sobre todo, mucho talento. Este a\u00f1o, nuestros alumnos nos sorprendieron con un emocionante recorrido por las d\u00e9cadas m\u00e1s emblem\u00e1ticas de la m\u00fasica, transport\u00e1ndonos desde los a\u00f1os 60 hasta los 90 con sus actuaciones.","og_url":"https:\/\/granada.salesianos.edu\/colegio\/blog\/verbena-de-ma-auxiliadora-2025-un-viaje-en-el-tiempo\/","og_site_name":"Colegio Salesiano","article_publisher":"https:\/\/www.facebook.com\/SalesianosGR\/","article_published_time":"2025-05-19T20:06:33+00:00","og_image":[{"width":1600,"height":1066,"url":"https:\/\/granada.salesianos.edu\/colegio\/wp-content\/uploads\/sites\/2\/2025\/05\/2025-Verbena-Maria-Auxiliadora.jpeg","type":"image\/jpeg"}],"author":"Gestor Web","twitter_card":"summary_large_image","twitter_creator":"@GranadaSDB","twitter_site":"@GranadaSDB","twitter_misc":{"Escrito por":"Gestor Web","Tiempo de lectura":"4 minutos"},"schema":{"@context":"https:\/\/schema.org","@graph":[{"@type":"Article","@id":"https:\/\/granada.salesianos.edu\/colegio\/blog\/verbena-de-ma-auxiliadora-2025-un-viaje-en-el-tiempo\/#article","isPartOf":{"@id":"https:\/\/granada.salesianos.edu\/colegio\/blog\/verbena-de-ma-auxiliadora-2025-un-viaje-en-el-tiempo\/"},"author":{"name":"Gestor Web","@id":"https:\/\/granada.salesianos.edu\/colegio\/#\/schema\/person\/6392ff2e4bd1e66981d6eab734bbd962"},"headline":"Verbena de M\u00aa Auxiliadora 2025 \u2013 Un Viaje en el Tiempo","datePublished":"2025-05-19T20:06:33+00:00","mainEntityOfPage":{"@id":"https:\/\/granada.salesianos.edu\/colegio\/blog\/verbena-de-ma-auxiliadora-2025-un-viaje-en-el-tiempo\/"},"wordCount":1183,"commentCount":0,"publisher":{"@id":"https:\/\/granada.salesianos.edu\/colegio\/#organization"},"image":{"@id":"https:\/\/granada.salesianos.edu\/colegio\/blog\/verbena-de-ma-auxiliadora-2025-un-viaje-en-el-tiempo\/#primaryimage"},"thumbnailUrl":"https:\/\/granada.salesianos.edu\/colegio\/wp-content\/uploads\/sites\/2\/2025\/05\/2025-Verbena-Maria-Auxiliadora.jpeg","articleSection":["Colegio","Familia Salesiana","Iglesia","Infantil","Portada","Primaria"],"inLanguage":"es","potentialAction":[{"@type":"CommentAction","name":"Comment","target":["https:\/\/granada.salesianos.edu\/colegio\/blog\/verbena-de-ma-auxiliadora-2025-un-viaje-en-el-tiempo\/#respond"]}]},{"@type":"WebPage","@id":"https:\/\/granada.salesianos.edu\/colegio\/blog\/verbena-de-ma-auxiliadora-2025-un-viaje-en-el-tiempo\/","url":"https:\/\/granada.salesianos.edu\/colegio\/blog\/verbena-de-ma-auxiliadora-2025-un-viaje-en-el-tiempo\/","name":"Verbena de M\u00aa Auxiliadora 2025 \u2013 Un Viaje en el Tiempo - Colegio Salesiano","isPartOf":{"@id":"https:\/\/granada.salesianos.edu\/colegio\/#website"},"primaryImageOfPage":{"@id":"https:\/\/granada.salesianos.edu\/colegio\/blog\/verbena-de-ma-auxiliadora-2025-un-viaje-en-el-tiempo\/#primaryimage"},"image":{"@id":"https:\/\/granada.salesianos.edu\/colegio\/blog\/verbena-de-ma-auxiliadora-2025-un-viaje-en-el-tiempo\/#primaryimage"},"thumbnailUrl":"https:\/\/granada.salesianos.edu\/colegio\/wp-content\/uploads\/sites\/2\/2025\/05\/2025-Verbena-Maria-Auxiliadora.jpeg","datePublished":"2025-05-19T20:06:33+00:00","description":"El pasado fin de semana celebramos con gran alegr\u00eda nuestra tradicional Verbena de M\u00aa Auxiliadora, un evento lleno de m\u00fasica, color y, sobre todo, mucho talento. Este a\u00f1o, nuestros alumnos nos sorprendieron con un emocionante recorrido por las d\u00e9cadas m\u00e1s emblem\u00e1ticas de la m\u00fasica, transport\u00e1ndonos desde los a\u00f1os 60 hasta los 90 con sus actuaciones.","breadcrumb":{"@id":"https:\/\/granada.salesianos.edu\/colegio\/blog\/verbena-de-ma-auxiliadora-2025-un-viaje-en-el-tiempo\/#breadcrumb"},"inLanguage":"es","potentialAction":[{"@type":"ReadAction","target":["https:\/\/granada.salesianos.edu\/colegio\/blog\/verbena-de-ma-auxiliadora-2025-un-viaje-en-el-tiempo\/"]}]},{"@type":"ImageObject","inLanguage":"es","@id":"https:\/\/granada.salesianos.edu\/colegio\/blog\/verbena-de-ma-auxiliadora-2025-un-viaje-en-el-tiempo\/#primaryimage","url":"https:\/\/granada.salesianos.edu\/colegio\/wp-content\/uploads\/sites\/2\/2025\/05\/2025-Verbena-Maria-Auxiliadora.jpeg","contentUrl":"https:\/\/granada.salesianos.edu\/colegio\/wp-content\/uploads\/sites\/2\/2025\/05\/2025-Verbena-Maria-Auxiliadora.jpeg","width":1600,"height":1066},{"@type":"BreadcrumbList","@id":"https:\/\/granada.salesianos.edu\/colegio\/blog\/verbena-de-ma-auxiliadora-2025-un-viaje-en-el-tiempo\/#breadcrumb","itemListElement":[{"@type":"ListItem","position":1,"name":"Portada","item":"https:\/\/granada.salesianos.edu\/colegio\/"},{"@type":"ListItem","position":2,"name":"Verbena de M\u00aa Auxiliadora 2025 \u2013 Un Viaje en el Tiempo"}]},{"@type":"WebSite","@id":"https:\/\/granada.salesianos.edu\/colegio\/#website","url":"https:\/\/granada.salesianos.edu\/colegio\/","name":"Colegio Salesiano","description":"P\u00e1gina oficial de Salesianos Granada San Juan Bosco","publisher":{"@id":"https:\/\/granada.salesianos.edu\/colegio\/#organization"},"potentialAction":[{"@type":"SearchAction","target":{"@type":"EntryPoint","urlTemplate":"https:\/\/granada.salesianos.edu\/colegio\/?s={search_term_string}"},"query-input":{"@type":"PropertyValueSpecification","valueRequired":true,"valueName":"search_term_string"}}],"inLanguage":"es"},{"@type":"Organization","@id":"https:\/\/granada.salesianos.edu\/colegio\/#organization","name":"Colegio Salesiano San Juan Bosco Granada","url":"https:\/\/granada.salesianos.edu\/colegio\/","logo":{"@type":"ImageObject","inLanguage":"es","@id":"https:\/\/granada.salesianos.edu\/colegio\/#\/schema\/logo\/image\/","url":"https:\/\/granada.salesianos.edu\/colegio\/wp-content\/uploads\/sites\/2\/2021\/01\/GRANADAobraVN2.jpg","contentUrl":"https:\/\/granada.salesianos.edu\/colegio\/wp-content\/uploads\/sites\/2\/2021\/01\/GRANADAobraVN2.jpg","width":2113,"height":1894,"caption":"Colegio Salesiano San Juan Bosco Granada"},"image":{"@id":"https:\/\/granada.salesianos.edu\/colegio\/#\/schema\/logo\/image\/"},"sameAs":["https:\/\/www.facebook.com\/SalesianosGR\/","https:\/\/x.com\/GranadaSDB","https:\/\/www.instagram.com\/salesianosgranada\/","https:\/\/www.youtube.com\/channel\/UChkpZuhCf4Y5rYIcFT3CNxw?view_as=subscriber"]},{"@type":"Person","@id":"https:\/\/granada.salesianos.edu\/colegio\/#\/schema\/person\/6392ff2e4bd1e66981d6eab734bbd962","name":"Gestor Web","image":{"@type":"ImageObject","inLanguage":"es","@id":"https:\/\/secure.gravatar.com\/avatar\/160666bb56a01520857079961a824af2b7821d6bad80677c80f2b473fceead1b?s=96&d=mm&r=g","url":"https:\/\/secure.gravatar.com\/avatar\/160666bb56a01520857079961a824af2b7821d6bad80677c80f2b473fceead1b?s=96&d=mm&r=g","contentUrl":"https:\/\/secure.gravatar.com\/avatar\/160666bb56a01520857079961a824af2b7821d6bad80677c80f2b473fceead1b?s=96&d=mm&r=g","caption":"Gestor Web"}}]}},"_links":{"self":[{"href":"https:\/\/granada.salesianos.edu\/colegio\/wp-json\/wp\/v2\/posts\/20140","targetHints":{"allow":["GET"]}}],"collection":[{"href":"https:\/\/granada.salesianos.edu\/colegio\/wp-json\/wp\/v2\/posts"}],"about":[{"href":"https:\/\/granada.salesianos.edu\/colegio\/wp-json\/wp\/v2\/types\/post"}],"author":[{"embeddable":true,"href":"https:\/\/granada.salesianos.edu\/colegio\/wp-json\/wp\/v2\/users\/2"}],"replies":[{"embeddable":true,"href":"https:\/\/granada.salesianos.edu\/colegio\/wp-json\/wp\/v2\/comments?post=20140"}],"version-history":[{"count":1,"href":"https:\/\/granada.salesianos.edu\/colegio\/wp-json\/wp\/v2\/posts\/20140\/revisions"}],"predecessor-version":[{"id":20142,"href":"https:\/\/granada.salesianos.edu\/colegio\/wp-json\/wp\/v2\/posts\/20140\/revisions\/20142"}],"wp:featuredmedia":[{"embeddable":true,"href":"https:\/\/granada.salesianos.edu\/colegio\/wp-json\/wp\/v2\/media\/20141"}],"wp:attachment":[{"href":"https:\/\/granada.salesianos.edu\/colegio\/wp-json\/wp\/v2\/media?parent=20140"}],"wp:term":[{"taxonomy":"category","embeddable":true,"href":"https:\/\/granada.salesianos.edu\/colegio\/wp-json\/wp\/v2\/categories?post=20140"},{"taxonomy":"post_tag","embeddable":true,"href":"https:\/\/granada.salesianos.edu\/colegio\/wp-json\/wp\/v2\/tags?post=20140"}],"curies":[{"name":"wp","href":"https:\/\/api.w.org\/{rel}","templated":true}]}}