{"id":20787,"date":"2025-10-28T20:15:15","date_gmt":"2025-10-28T18:15:15","guid":{"rendered":"https:\/\/granada.salesianos.edu\/colegio\/?p=20787"},"modified":"2025-10-30T11:46:48","modified_gmt":"2025-10-30T09:46:48","slug":"alumnos-del-colegio-salesiano-participan-en-el-i-congreso-educando-en-valores","status":"publish","type":"post","link":"https:\/\/granada.salesianos.edu\/colegio\/blog\/alumnos-del-colegio-salesiano-participan-en-el-i-congreso-educando-en-valores\/","title":{"rendered":"Alumnos del Colegio Salesiano participan en el I Congreso \u201cEducando en Valores\u201d"},"content":{"rendered":"<div id=\"fb-root\"><\/div>\n<p>[et_pb_section fb_built=\u00bb1&#8243; admin_label=\u00bbsection\u00bb _builder_version=\u00bb4.27.4&#8243; global_colors_info=\u00bb{}\u00bb][et_pb_row _builder_version=\u00bb4.27.4&#8243; _module_preset=\u00bbdefault\u00bb global_colors_info=\u00bb{}\u00bb][et_pb_column type=\u00bb4_4&#8243; _builder_version=\u00bb4.27.4&#8243; _module_preset=\u00bbdefault\u00bb global_colors_info=\u00bb{}\u00bb][et_pb_text _builder_version=\u00bb4.27.4&#8243; _module_preset=\u00bbdefault\u00bb global_colors_info=\u00bb{}\u00bb]<\/p>\n<div><\/div>\n<div><\/div>\n<div>\n<p><span style=\"font-weight: 400;\">Los alumnos de 3.\u00ba y 4.\u00ba de ESO, junto con los de 1.\u00ba de Bachillerato del Colegio Salesiano de Granada, participaron recientemente en el I Congreso \u201cEducando en Valores\u201d, organizado por la Asociaci\u00f3n Desde Siempre y Para Siempre, celebrado en el Palacio de Congresos de Granada.<\/span><\/p>\n<p><span style=\"font-weight: 400;\">El encuentro reuni\u00f3 a estudiantes y educadores de distintos centros con el objetivo de promover la reflexi\u00f3n sobre la importancia de los valores humanos y sociales en la educaci\u00f3n actual. A lo largo de la jornada, los j\u00f3venes pudieron asistir a ponencias inspiradoras, mesas redondas y actividades participativas centradas en temas como la empat\u00eda, la solidaridad, el respeto y el compromiso con los dem\u00e1s.<\/span><\/p>\n<p><span style=\"font-weight: 400;\">La experiencia result\u00f3 muy enriquecedora para nuestros alumnos, quienes destacaron la oportunidad de compartir ideas, aprender de otros j\u00f3venes y profundizar en la vivencia de valores que forman parte esencial del carisma salesiano.<\/span><\/p>\n<p><span style=\"font-weight: 400;\">Desde el colegio agradecemos a la Asociaci\u00f3n Desde Siempre y Para Siempre por la invitaci\u00f3n y la excelente organizaci\u00f3n del evento, que sin duda contribuye a formar personas comprometidas con la sociedad y guiadas por los valores del Evangelio.<\/span><\/p>\n<p><span style=\"font-weight: 400;\">Ponentes del Congreso<\/span><\/p>\n<p><span style=\"font-weight: 400;\">A continuaci\u00f3n presentamos al listado de ponentes que participaron en el congreso con una breve descripci\u00f3n de cada uno:<\/span><\/p>\n<ul>\n<li><span style=\"font-weight: 400;\"> Pedro Garc\u00eda Aguado (coach y ex\u00acdeportista ol\u00edmpico)<\/span><\/li>\n<\/ul>\n<p><span style=\"font-weight: 400;\">Pedro Garc\u00eda Aguado, conocido por su trayectoria en el deporte de \u00e9lite y su labor como coach y comunicador, comparti\u00f3 su experiencia personal y c\u00f3mo el deporte y el reto ayudan a cultivar valores como la constancia, el esfuerzo y el respeto hacia uno mismo y hacia los dem\u00e1s.<\/span><\/p>\n<ul>\n<li><span style=\"font-weight: 400;\"> Marta Franc\u00e9s G\u00f3mez (ponente)<\/span><\/li>\n<\/ul>\n<p><span style=\"font-weight: 400;\">Marta Franc\u00e9s G\u00f3mez es profesional vinculada a la educaci\u00f3n de valores y el acompa\u00f1amiento de j\u00f3venes. Su charla se centr\u00f3 en el papel que tienen los adolescentes como agentes de cambio en su entorno, fomentando la solidaridad y el compromiso social.<\/span><\/p>\n<ul>\n<li><span style=\"font-weight: 400;\"> Marina Josende (ponente)<\/span><\/li>\n<\/ul>\n<p><span style=\"font-weight: 400;\">Marina Josende es una experta en educaci\u00f3n afectiva-sexual y acompa\u00f1amiento juvenil. En su ponencia abord\u00f3 la importancia del respeto, la autoestima, la igualdad de g\u00e9nero y el buen trato como pilares para construir relaciones sanas y responsables.<\/span><\/p>\n<ul>\n<li><span style=\"font-weight: 400;\"> Luis Mu\u00f1oz (cantante)<\/span><\/li>\n<\/ul>\n<p><span style=\"font-weight: 400;\">Luis Mu\u00f1oz es un artista que combina m\u00fasica con mensajes positivos. Su intervenci\u00f3n gir\u00f3 en torno a c\u00f3mo la m\u00fasica puede ser veh\u00edculo de valores, de auto-superaci\u00f3n y de encuentro entre j\u00f3venes.<\/span><\/p>\n<ul>\n<li><span style=\"font-weight: 400;\"> J.J. Cuevas Cano (ponente<\/span><\/li>\n<li><span style=\"font-weight: 400;\">J. Cuevas Cano particip\u00f3 aportando una visi\u00f3n de valores desde el liderazgo personal y colectivo, animando a los estudiantes a convertirse en protagonistas de su propio proyecto de vida, tomando decisiones responsables e inspiradas.<\/span><\/li>\n<\/ul>\n<p>.<\/p><\/div>\n<p><span><\/span><\/p>\n<p>&nbsp;<\/p>\n<p>[\/et_pb_text][\/et_pb_column][\/et_pb_row][et_pb_row _builder_version=\u00bb4.27.4&#8243; _module_preset=\u00bbdefault\u00bb global_colors_info=\u00bb{}\u00bb][et_pb_column type=\u00bb4_4&#8243; _builder_version=\u00bb4.27.4&#8243; _module_preset=\u00bbdefault\u00bb global_colors_info=\u00bb{}\u00bb][et_pb_gallery gallery_ids=\u00bb20789,20790,20791,20792,20793,20794,20795,20796,20797,20798,20799,20800,20801,20802,20803&#8243; show_title_and_caption=\u00bboff\u00bb _builder_version=\u00bb4.27.4&#8243; _module_preset=\u00bbdefault\u00bb global_colors_info=\u00bb{}\u00bb][\/et_pb_gallery][\/et_pb_column][\/et_pb_row][\/et_pb_section][et_pb_section fb_built=\u00bb1&#8243; _builder_version=\u00bb4.27.4&#8243; _module_preset=\u00bbdefault\u00bb global_colors_info=\u00bb{}\u00bb][\/et_pb_section]<\/p>\n","protected":false},"excerpt":{"rendered":"<p>Jornada de Educaci\u00f3n en Valores con la presencia de Pedro Garc\u00eda (coach y presentador de Hermano Mayor) para nuestro alumnado de Bachillerato y la ESO<\/p>\n","protected":false},"author":2,"featured_media":20788,"comment_status":"open","ping_status":"open","sticky":false,"template":"","format":"standard","meta":{"_et_pb_use_builder":"on","_et_pb_old_content":"","_et_gb_content_width":"","footnotes":""},"categories":[57,11,19,70],"tags":[],"class_list":["post-20787","post","type-post","status-publish","format-standard","has-post-thumbnail","hentry","category-bachillerato","category-colegio","category-eso","category-orientacion"],"yoast_head":"<!-- This site is optimized with the Yoast SEO plugin v28.4 - https:\/\/yoast.com\/product\/yoast-seo-wordpress\/ -->\n<title>Alumnos del Colegio Salesiano participan en el I Congreso \u201cEducando en Valores\u201d - Colegio Salesiano<\/title>\n<meta name=\"description\" content=\"\ud83d\udd2c\u2728 Gran actuaci\u00f3n en las Olimpiadas de F\u00edsica de Granada de nuestros alumnos de Bachillerato \u2728\ud83d\udd2c\" \/>\n<meta name=\"robots\" content=\"index, follow, max-snippet:-1, max-image-preview:large, max-video-preview:-1\" \/>\n<link rel=\"canonical\" href=\"https:\/\/granada.salesianos.edu\/colegio\/blog\/alumnos-del-colegio-salesiano-participan-en-el-i-congreso-educando-en-valores\/\" \/>\n<meta property=\"og:locale\" content=\"es_ES\" \/>\n<meta property=\"og:type\" content=\"article\" \/>\n<meta property=\"og:title\" content=\"Alumnos del Colegio Salesiano participan en el I Congreso \u201cEducando en Valores\u201d - Colegio Salesiano\" \/>\n<meta property=\"og:description\" content=\"\ud83d\udd2c\u2728 Gran actuaci\u00f3n en las Olimpiadas de F\u00edsica de Granada de nuestros alumnos de Bachillerato \u2728\ud83d\udd2c\" \/>\n<meta property=\"og:url\" content=\"https:\/\/granada.salesianos.edu\/colegio\/blog\/alumnos-del-colegio-salesiano-participan-en-el-i-congreso-educando-en-valores\/\" \/>\n<meta property=\"og:site_name\" content=\"Colegio Salesiano\" \/>\n<meta property=\"article:publisher\" content=\"https:\/\/www.facebook.com\/SalesianosGR\/\" \/>\n<meta property=\"article:published_time\" content=\"2025-10-28T18:15:15+00:00\" \/>\n<meta property=\"article:modified_time\" content=\"2025-10-30T09:46:48+00:00\" \/>\n<meta property=\"og:image\" content=\"https:\/\/granada.salesianos.edu\/colegio\/wp-content\/uploads\/sites\/2\/2025\/10\/WhatsApp-Image-2025-10-28-at-18.43.06-4.jpeg\" \/>\n\t<meta property=\"og:image:width\" content=\"796\" \/>\n\t<meta property=\"og:image:height\" content=\"445\" \/>\n\t<meta property=\"og:image:type\" content=\"image\/jpeg\" \/>\n<meta name=\"author\" content=\"Gestor Web\" \/>\n<meta name=\"twitter:card\" content=\"summary_large_image\" \/>\n<meta name=\"twitter:creator\" content=\"@GranadaSDB\" \/>\n<meta name=\"twitter:site\" content=\"@GranadaSDB\" \/>\n<meta name=\"twitter:label1\" content=\"Escrito por\" \/>\n\t<meta name=\"twitter:data1\" content=\"Gestor Web\" \/>\n\t<meta name=\"twitter:label2\" content=\"Tiempo de lectura\" \/>\n\t<meta name=\"twitter:data2\" content=\"6 minutos\" \/>\n<script type=\"application\/ld+json\" class=\"yoast-schema-graph\">{\"@context\":\"https:\\\/\\\/schema.org\",\"@graph\":[{\"@type\":\"Article\",\"@id\":\"https:\\\/\\\/granada.salesianos.edu\\\/colegio\\\/blog\\\/alumnos-del-colegio-salesiano-participan-en-el-i-congreso-educando-en-valores\\\/#article\",\"isPartOf\":{\"@id\":\"https:\\\/\\\/granada.salesianos.edu\\\/colegio\\\/blog\\\/alumnos-del-colegio-salesiano-participan-en-el-i-congreso-educando-en-valores\\\/\"},\"author\":{\"name\":\"Gestor Web\",\"@id\":\"https:\\\/\\\/granada.salesianos.edu\\\/colegio\\\/#\\\/schema\\\/person\\\/6392ff2e4bd1e66981d6eab734bbd962\"},\"headline\":\"Alumnos del Colegio Salesiano participan en el I Congreso \u201cEducando en Valores\u201d\",\"datePublished\":\"2025-10-28T18:15:15+00:00\",\"dateModified\":\"2025-10-30T09:46:48+00:00\",\"mainEntityOfPage\":{\"@id\":\"https:\\\/\\\/granada.salesianos.edu\\\/colegio\\\/blog\\\/alumnos-del-colegio-salesiano-participan-en-el-i-congreso-educando-en-valores\\\/\"},\"wordCount\":592,\"commentCount\":0,\"publisher\":{\"@id\":\"https:\\\/\\\/granada.salesianos.edu\\\/colegio\\\/#organization\"},\"image\":{\"@id\":\"https:\\\/\\\/granada.salesianos.edu\\\/colegio\\\/blog\\\/alumnos-del-colegio-salesiano-participan-en-el-i-congreso-educando-en-valores\\\/#primaryimage\"},\"thumbnailUrl\":\"https:\\\/\\\/granada.salesianos.edu\\\/colegio\\\/wp-content\\\/uploads\\\/sites\\\/2\\\/2025\\\/10\\\/WhatsApp-Image-2025-10-28-at-18.43.06-4.jpeg\",\"articleSection\":[\"Bachillerato\",\"Colegio\",\"ESO\",\"Orientaci\u00f3n\"],\"inLanguage\":\"es\",\"potentialAction\":[{\"@type\":\"CommentAction\",\"name\":\"Comment\",\"target\":[\"https:\\\/\\\/granada.salesianos.edu\\\/colegio\\\/blog\\\/alumnos-del-colegio-salesiano-participan-en-el-i-congreso-educando-en-valores\\\/#respond\"]}]},{\"@type\":\"WebPage\",\"@id\":\"https:\\\/\\\/granada.salesianos.edu\\\/colegio\\\/blog\\\/alumnos-del-colegio-salesiano-participan-en-el-i-congreso-educando-en-valores\\\/\",\"url\":\"https:\\\/\\\/granada.salesianos.edu\\\/colegio\\\/blog\\\/alumnos-del-colegio-salesiano-participan-en-el-i-congreso-educando-en-valores\\\/\",\"name\":\"Alumnos del Colegio Salesiano participan en el I Congreso \u201cEducando en Valores\u201d - Colegio Salesiano\",\"isPartOf\":{\"@id\":\"https:\\\/\\\/granada.salesianos.edu\\\/colegio\\\/#website\"},\"primaryImageOfPage\":{\"@id\":\"https:\\\/\\\/granada.salesianos.edu\\\/colegio\\\/blog\\\/alumnos-del-colegio-salesiano-participan-en-el-i-congreso-educando-en-valores\\\/#primaryimage\"},\"image\":{\"@id\":\"https:\\\/\\\/granada.salesianos.edu\\\/colegio\\\/blog\\\/alumnos-del-colegio-salesiano-participan-en-el-i-congreso-educando-en-valores\\\/#primaryimage\"},\"thumbnailUrl\":\"https:\\\/\\\/granada.salesianos.edu\\\/colegio\\\/wp-content\\\/uploads\\\/sites\\\/2\\\/2025\\\/10\\\/WhatsApp-Image-2025-10-28-at-18.43.06-4.jpeg\",\"datePublished\":\"2025-10-28T18:15:15+00:00\",\"dateModified\":\"2025-10-30T09:46:48+00:00\",\"description\":\"\ud83d\udd2c\u2728 Gran actuaci\u00f3n en las Olimpiadas de F\u00edsica de Granada de nuestros alumnos de Bachillerato \u2728\ud83d\udd2c\",\"breadcrumb\":{\"@id\":\"https:\\\/\\\/granada.salesianos.edu\\\/colegio\\\/blog\\\/alumnos-del-colegio-salesiano-participan-en-el-i-congreso-educando-en-valores\\\/#breadcrumb\"},\"inLanguage\":\"es\",\"potentialAction\":[{\"@type\":\"ReadAction\",\"target\":[\"https:\\\/\\\/granada.salesianos.edu\\\/colegio\\\/blog\\\/alumnos-del-colegio-salesiano-participan-en-el-i-congreso-educando-en-valores\\\/\"]}]},{\"@type\":\"ImageObject\",\"inLanguage\":\"es\",\"@id\":\"https:\\\/\\\/granada.salesianos.edu\\\/colegio\\\/blog\\\/alumnos-del-colegio-salesiano-participan-en-el-i-congreso-educando-en-valores\\\/#primaryimage\",\"url\":\"https:\\\/\\\/granada.salesianos.edu\\\/colegio\\\/wp-content\\\/uploads\\\/sites\\\/2\\\/2025\\\/10\\\/WhatsApp-Image-2025-10-28-at-18.43.06-4.jpeg\",\"contentUrl\":\"https:\\\/\\\/granada.salesianos.edu\\\/colegio\\\/wp-content\\\/uploads\\\/sites\\\/2\\\/2025\\\/10\\\/WhatsApp-Image-2025-10-28-at-18.43.06-4.jpeg\",\"width\":796,\"height\":445},{\"@type\":\"BreadcrumbList\",\"@id\":\"https:\\\/\\\/granada.salesianos.edu\\\/colegio\\\/blog\\\/alumnos-del-colegio-salesiano-participan-en-el-i-congreso-educando-en-valores\\\/#breadcrumb\",\"itemListElement\":[{\"@type\":\"ListItem\",\"position\":1,\"name\":\"Portada\",\"item\":\"https:\\\/\\\/granada.salesianos.edu\\\/colegio\\\/\"},{\"@type\":\"ListItem\",\"position\":2,\"name\":\"Alumnos del Colegio Salesiano participan en el I Congreso \u201cEducando en Valores\u201d\"}]},{\"@type\":\"WebSite\",\"@id\":\"https:\\\/\\\/granada.salesianos.edu\\\/colegio\\\/#website\",\"url\":\"https:\\\/\\\/granada.salesianos.edu\\\/colegio\\\/\",\"name\":\"Colegio Salesiano\",\"description\":\"P\u00e1gina oficial de Salesianos Granada San Juan Bosco\",\"publisher\":{\"@id\":\"https:\\\/\\\/granada.salesianos.edu\\\/colegio\\\/#organization\"},\"potentialAction\":[{\"@type\":\"SearchAction\",\"target\":{\"@type\":\"EntryPoint\",\"urlTemplate\":\"https:\\\/\\\/granada.salesianos.edu\\\/colegio\\\/?s={search_term_string}\"},\"query-input\":{\"@type\":\"PropertyValueSpecification\",\"valueRequired\":true,\"valueName\":\"search_term_string\"}}],\"inLanguage\":\"es\"},{\"@type\":\"Organization\",\"@id\":\"https:\\\/\\\/granada.salesianos.edu\\\/colegio\\\/#organization\",\"name\":\"Colegio Salesiano San Juan Bosco Granada\",\"url\":\"https:\\\/\\\/granada.salesianos.edu\\\/colegio\\\/\",\"logo\":{\"@type\":\"ImageObject\",\"inLanguage\":\"es\",\"@id\":\"https:\\\/\\\/granada.salesianos.edu\\\/colegio\\\/#\\\/schema\\\/logo\\\/image\\\/\",\"url\":\"https:\\\/\\\/granada.salesianos.edu\\\/colegio\\\/wp-content\\\/uploads\\\/sites\\\/2\\\/2021\\\/01\\\/GRANADAobraVN2.jpg\",\"contentUrl\":\"https:\\\/\\\/granada.salesianos.edu\\\/colegio\\\/wp-content\\\/uploads\\\/sites\\\/2\\\/2021\\\/01\\\/GRANADAobraVN2.jpg\",\"width\":2113,\"height\":1894,\"caption\":\"Colegio Salesiano San Juan Bosco Granada\"},\"image\":{\"@id\":\"https:\\\/\\\/granada.salesianos.edu\\\/colegio\\\/#\\\/schema\\\/logo\\\/image\\\/\"},\"sameAs\":[\"https:\\\/\\\/www.facebook.com\\\/SalesianosGR\\\/\",\"https:\\\/\\\/x.com\\\/GranadaSDB\",\"https:\\\/\\\/www.instagram.com\\\/salesianosgranada\\\/\",\"https:\\\/\\\/www.youtube.com\\\/channel\\\/UChkpZuhCf4Y5rYIcFT3CNxw?view_as=subscriber\"]},{\"@type\":\"Person\",\"@id\":\"https:\\\/\\\/granada.salesianos.edu\\\/colegio\\\/#\\\/schema\\\/person\\\/6392ff2e4bd1e66981d6eab734bbd962\",\"name\":\"Gestor Web\",\"image\":{\"@type\":\"ImageObject\",\"inLanguage\":\"es\",\"@id\":\"https:\\\/\\\/secure.gravatar.com\\\/avatar\\\/160666bb56a01520857079961a824af2b7821d6bad80677c80f2b473fceead1b?s=96&d=mm&r=g\",\"url\":\"https:\\\/\\\/secure.gravatar.com\\\/avatar\\\/160666bb56a01520857079961a824af2b7821d6bad80677c80f2b473fceead1b?s=96&d=mm&r=g\",\"contentUrl\":\"https:\\\/\\\/secure.gravatar.com\\\/avatar\\\/160666bb56a01520857079961a824af2b7821d6bad80677c80f2b473fceead1b?s=96&d=mm&r=g\",\"caption\":\"Gestor Web\"}}]}<\/script>\n<!-- \/ Yoast SEO plugin. -->","yoast_head_json":{"title":"Alumnos del Colegio Salesiano participan en el I Congreso \u201cEducando en Valores\u201d - Colegio Salesiano","description":"\ud83d\udd2c\u2728 Gran actuaci\u00f3n en las Olimpiadas de F\u00edsica de Granada de nuestros alumnos de Bachillerato \u2728\ud83d\udd2c","robots":{"index":"index","follow":"follow","max-snippet":"max-snippet:-1","max-image-preview":"max-image-preview:large","max-video-preview":"max-video-preview:-1"},"canonical":"https:\/\/granada.salesianos.edu\/colegio\/blog\/alumnos-del-colegio-salesiano-participan-en-el-i-congreso-educando-en-valores\/","og_locale":"es_ES","og_type":"article","og_title":"Alumnos del Colegio Salesiano participan en el I Congreso \u201cEducando en Valores\u201d - Colegio Salesiano","og_description":"\ud83d\udd2c\u2728 Gran actuaci\u00f3n en las Olimpiadas de F\u00edsica de Granada de nuestros alumnos de Bachillerato \u2728\ud83d\udd2c","og_url":"https:\/\/granada.salesianos.edu\/colegio\/blog\/alumnos-del-colegio-salesiano-participan-en-el-i-congreso-educando-en-valores\/","og_site_name":"Colegio Salesiano","article_publisher":"https:\/\/www.facebook.com\/SalesianosGR\/","article_published_time":"2025-10-28T18:15:15+00:00","article_modified_time":"2025-10-30T09:46:48+00:00","og_image":[{"width":796,"height":445,"url":"https:\/\/granada.salesianos.edu\/colegio\/wp-content\/uploads\/sites\/2\/2025\/10\/WhatsApp-Image-2025-10-28-at-18.43.06-4.jpeg","type":"image\/jpeg"}],"author":"Gestor Web","twitter_card":"summary_large_image","twitter_creator":"@GranadaSDB","twitter_site":"@GranadaSDB","twitter_misc":{"Escrito por":"Gestor Web","Tiempo de lectura":"6 minutos"},"schema":{"@context":"https:\/\/schema.org","@graph":[{"@type":"Article","@id":"https:\/\/granada.salesianos.edu\/colegio\/blog\/alumnos-del-colegio-salesiano-participan-en-el-i-congreso-educando-en-valores\/#article","isPartOf":{"@id":"https:\/\/granada.salesianos.edu\/colegio\/blog\/alumnos-del-colegio-salesiano-participan-en-el-i-congreso-educando-en-valores\/"},"author":{"name":"Gestor Web","@id":"https:\/\/granada.salesianos.edu\/colegio\/#\/schema\/person\/6392ff2e4bd1e66981d6eab734bbd962"},"headline":"Alumnos del Colegio Salesiano participan en el I Congreso \u201cEducando en Valores\u201d","datePublished":"2025-10-28T18:15:15+00:00","dateModified":"2025-10-30T09:46:48+00:00","mainEntityOfPage":{"@id":"https:\/\/granada.salesianos.edu\/colegio\/blog\/alumnos-del-colegio-salesiano-participan-en-el-i-congreso-educando-en-valores\/"},"wordCount":592,"commentCount":0,"publisher":{"@id":"https:\/\/granada.salesianos.edu\/colegio\/#organization"},"image":{"@id":"https:\/\/granada.salesianos.edu\/colegio\/blog\/alumnos-del-colegio-salesiano-participan-en-el-i-congreso-educando-en-valores\/#primaryimage"},"thumbnailUrl":"https:\/\/granada.salesianos.edu\/colegio\/wp-content\/uploads\/sites\/2\/2025\/10\/WhatsApp-Image-2025-10-28-at-18.43.06-4.jpeg","articleSection":["Bachillerato","Colegio","ESO","Orientaci\u00f3n"],"inLanguage":"es","potentialAction":[{"@type":"CommentAction","name":"Comment","target":["https:\/\/granada.salesianos.edu\/colegio\/blog\/alumnos-del-colegio-salesiano-participan-en-el-i-congreso-educando-en-valores\/#respond"]}]},{"@type":"WebPage","@id":"https:\/\/granada.salesianos.edu\/colegio\/blog\/alumnos-del-colegio-salesiano-participan-en-el-i-congreso-educando-en-valores\/","url":"https:\/\/granada.salesianos.edu\/colegio\/blog\/alumnos-del-colegio-salesiano-participan-en-el-i-congreso-educando-en-valores\/","name":"Alumnos del Colegio Salesiano participan en el I Congreso \u201cEducando en Valores\u201d - Colegio Salesiano","isPartOf":{"@id":"https:\/\/granada.salesianos.edu\/colegio\/#website"},"primaryImageOfPage":{"@id":"https:\/\/granada.salesianos.edu\/colegio\/blog\/alumnos-del-colegio-salesiano-participan-en-el-i-congreso-educando-en-valores\/#primaryimage"},"image":{"@id":"https:\/\/granada.salesianos.edu\/colegio\/blog\/alumnos-del-colegio-salesiano-participan-en-el-i-congreso-educando-en-valores\/#primaryimage"},"thumbnailUrl":"https:\/\/granada.salesianos.edu\/colegio\/wp-content\/uploads\/sites\/2\/2025\/10\/WhatsApp-Image-2025-10-28-at-18.43.06-4.jpeg","datePublished":"2025-10-28T18:15:15+00:00","dateModified":"2025-10-30T09:46:48+00:00","description":"\ud83d\udd2c\u2728 Gran actuaci\u00f3n en las Olimpiadas de F\u00edsica de Granada de nuestros alumnos de Bachillerato \u2728\ud83d\udd2c","breadcrumb":{"@id":"https:\/\/granada.salesianos.edu\/colegio\/blog\/alumnos-del-colegio-salesiano-participan-en-el-i-congreso-educando-en-valores\/#breadcrumb"},"inLanguage":"es","potentialAction":[{"@type":"ReadAction","target":["https:\/\/granada.salesianos.edu\/colegio\/blog\/alumnos-del-colegio-salesiano-participan-en-el-i-congreso-educando-en-valores\/"]}]},{"@type":"ImageObject","inLanguage":"es","@id":"https:\/\/granada.salesianos.edu\/colegio\/blog\/alumnos-del-colegio-salesiano-participan-en-el-i-congreso-educando-en-valores\/#primaryimage","url":"https:\/\/granada.salesianos.edu\/colegio\/wp-content\/uploads\/sites\/2\/2025\/10\/WhatsApp-Image-2025-10-28-at-18.43.06-4.jpeg","contentUrl":"https:\/\/granada.salesianos.edu\/colegio\/wp-content\/uploads\/sites\/2\/2025\/10\/WhatsApp-Image-2025-10-28-at-18.43.06-4.jpeg","width":796,"height":445},{"@type":"BreadcrumbList","@id":"https:\/\/granada.salesianos.edu\/colegio\/blog\/alumnos-del-colegio-salesiano-participan-en-el-i-congreso-educando-en-valores\/#breadcrumb","itemListElement":[{"@type":"ListItem","position":1,"name":"Portada","item":"https:\/\/granada.salesianos.edu\/colegio\/"},{"@type":"ListItem","position":2,"name":"Alumnos del Colegio Salesiano participan en el I Congreso \u201cEducando en Valores\u201d"}]},{"@type":"WebSite","@id":"https:\/\/granada.salesianos.edu\/colegio\/#website","url":"https:\/\/granada.salesianos.edu\/colegio\/","name":"Colegio Salesiano","description":"P\u00e1gina oficial de Salesianos Granada San Juan Bosco","publisher":{"@id":"https:\/\/granada.salesianos.edu\/colegio\/#organization"},"potentialAction":[{"@type":"SearchAction","target":{"@type":"EntryPoint","urlTemplate":"https:\/\/granada.salesianos.edu\/colegio\/?s={search_term_string}"},"query-input":{"@type":"PropertyValueSpecification","valueRequired":true,"valueName":"search_term_string"}}],"inLanguage":"es"},{"@type":"Organization","@id":"https:\/\/granada.salesianos.edu\/colegio\/#organization","name":"Colegio Salesiano San Juan Bosco Granada","url":"https:\/\/granada.salesianos.edu\/colegio\/","logo":{"@type":"ImageObject","inLanguage":"es","@id":"https:\/\/granada.salesianos.edu\/colegio\/#\/schema\/logo\/image\/","url":"https:\/\/granada.salesianos.edu\/colegio\/wp-content\/uploads\/sites\/2\/2021\/01\/GRANADAobraVN2.jpg","contentUrl":"https:\/\/granada.salesianos.edu\/colegio\/wp-content\/uploads\/sites\/2\/2021\/01\/GRANADAobraVN2.jpg","width":2113,"height":1894,"caption":"Colegio Salesiano San Juan Bosco Granada"},"image":{"@id":"https:\/\/granada.salesianos.edu\/colegio\/#\/schema\/logo\/image\/"},"sameAs":["https:\/\/www.facebook.com\/SalesianosGR\/","https:\/\/x.com\/GranadaSDB","https:\/\/www.instagram.com\/salesianosgranada\/","https:\/\/www.youtube.com\/channel\/UChkpZuhCf4Y5rYIcFT3CNxw?view_as=subscriber"]},{"@type":"Person","@id":"https:\/\/granada.salesianos.edu\/colegio\/#\/schema\/person\/6392ff2e4bd1e66981d6eab734bbd962","name":"Gestor Web","image":{"@type":"ImageObject","inLanguage":"es","@id":"https:\/\/secure.gravatar.com\/avatar\/160666bb56a01520857079961a824af2b7821d6bad80677c80f2b473fceead1b?s=96&d=mm&r=g","url":"https:\/\/secure.gravatar.com\/avatar\/160666bb56a01520857079961a824af2b7821d6bad80677c80f2b473fceead1b?s=96&d=mm&r=g","contentUrl":"https:\/\/secure.gravatar.com\/avatar\/160666bb56a01520857079961a824af2b7821d6bad80677c80f2b473fceead1b?s=96&d=mm&r=g","caption":"Gestor Web"}}]}},"_links":{"self":[{"href":"https:\/\/granada.salesianos.edu\/colegio\/wp-json\/wp\/v2\/posts\/20787","targetHints":{"allow":["GET"]}}],"collection":[{"href":"https:\/\/granada.salesianos.edu\/colegio\/wp-json\/wp\/v2\/posts"}],"about":[{"href":"https:\/\/granada.salesianos.edu\/colegio\/wp-json\/wp\/v2\/types\/post"}],"author":[{"embeddable":true,"href":"https:\/\/granada.salesianos.edu\/colegio\/wp-json\/wp\/v2\/users\/2"}],"replies":[{"embeddable":true,"href":"https:\/\/granada.salesianos.edu\/colegio\/wp-json\/wp\/v2\/comments?post=20787"}],"version-history":[{"count":4,"href":"https:\/\/granada.salesianos.edu\/colegio\/wp-json\/wp\/v2\/posts\/20787\/revisions"}],"predecessor-version":[{"id":20818,"href":"https:\/\/granada.salesianos.edu\/colegio\/wp-json\/wp\/v2\/posts\/20787\/revisions\/20818"}],"wp:featuredmedia":[{"embeddable":true,"href":"https:\/\/granada.salesianos.edu\/colegio\/wp-json\/wp\/v2\/media\/20788"}],"wp:attachment":[{"href":"https:\/\/granada.salesianos.edu\/colegio\/wp-json\/wp\/v2\/media?parent=20787"}],"wp:term":[{"taxonomy":"category","embeddable":true,"href":"https:\/\/granada.salesianos.edu\/colegio\/wp-json\/wp\/v2\/categories?post=20787"},{"taxonomy":"post_tag","embeddable":true,"href":"https:\/\/granada.salesianos.edu\/colegio\/wp-json\/wp\/v2\/tags?post=20787"}],"curies":[{"name":"wp","href":"https:\/\/api.w.org\/{rel}","templated":true}]}}