{"id":20952,"date":"2025-11-11T21:54:58","date_gmt":"2025-11-11T19:54:58","guid":{"rendered":"https:\/\/granada.salesianos.edu\/colegio\/?p=20952"},"modified":"2025-11-11T21:55:03","modified_gmt":"2025-11-11T19:55:03","slug":"celebracion-del-dia-de-la-comunidad-educativa-en-el-cole","status":"publish","type":"post","link":"https:\/\/granada.salesianos.edu\/colegio\/blog\/celebracion-del-dia-de-la-comunidad-educativa-en-el-cole\/","title":{"rendered":"Celebraci\u00f3n del D\u00eda de la Comunidad Educativa en el cole"},"content":{"rendered":"<div id=\"fb-root\"><\/div>\n<p>[et_pb_section fb_built=\u00bb1&#8243; admin_label=\u00bbsection\u00bb _builder_version=\u00bb4.27.4&#8243; global_colors_info=\u00bb{}\u00bb][et_pb_row _builder_version=\u00bb4.27.4&#8243; _module_preset=\u00bbdefault\u00bb global_colors_info=\u00bb{}\u00bb][et_pb_column type=\u00bb4_4&#8243; _builder_version=\u00bb4.27.4&#8243; _module_preset=\u00bbdefault\u00bb global_colors_info=\u00bb{}\u00bb][et_pb_text _builder_version=\u00bb4.27.4&#8243; _module_preset=\u00bbdefault\u00bb global_colors_info=\u00bb{}\u00bb]<\/p>\n<div>\u00a0<\/div>\n<div>\n<p data-start=\"0\" data-end=\"400\">El pr\u00f3ximo <strong data-start=\"11\" data-end=\"37\">s\u00e1bado 22 de noviembre<\/strong>, el <strong data-start=\"42\" data-end=\"79\">Colegio Salesianos San Juan Bosco<\/strong> celebrar\u00e1 el <strong data-start=\"93\" data-end=\"126\">D\u00eda de la Comunidad Educativa<\/strong>, una jornada muy especial en la que <strong data-start=\"163\" data-end=\"199\">familias, alumnado y profesorado<\/strong> se reunir\u00e1n para compartir, convivir y disfrutar juntos. Ser\u00e1 un d\u00eda dedicado a fortalecer los lazos que nos unen como comunidad y a celebrar el esp\u00edritu salesiano que caracteriza a nuestro colegio.<\/p>\n<p data-start=\"402\" data-end=\"853\">Durante la jornada se llevar\u00e1n a cabo numerosas <strong data-start=\"450\" data-end=\"476\">actividades y talleres<\/strong> pensados para todas las edades: una <strong data-start=\"513\" data-end=\"522\">barra<\/strong> con refrescos, una divertida <strong data-start=\"565\" data-end=\"587\">discoteca infantil<\/strong>, un <strong data-start=\"592\" data-end=\"622\">cuentacuentos teatralizado<\/strong>, <strong data-start=\"624\" data-end=\"646\">torneos deportivos<\/strong>, <strong data-start=\"648\" data-end=\"668\">carrera de sacos<\/strong>, <strong data-start=\"670\" data-end=\"683\">photocall<\/strong>, <strong data-start=\"685\" data-end=\"699\">pintacaras<\/strong>, talleres de <strong data-start=\"713\" data-end=\"746\">abalorios, pulseras y coronas<\/strong>, <strong data-start=\"748\" data-end=\"763\">globoflexia<\/strong>, espect\u00e1culos de <strong data-start=\"781\" data-end=\"790\">magia<\/strong> y <strong data-start=\"793\" data-end=\"819\">minitorneos deportivos<\/strong>, entre muchas otras propuestas.<\/p>\n<p data-start=\"855\" data-end=\"1057\">Adem\u00e1s, se contar\u00e1 con una <strong data-start=\"882\" data-end=\"902\">barra de bebidas<\/strong> que permanecer\u00e1 abierta durante la <strong data-start=\"938\" data-end=\"959\">comida compartida<\/strong>, un momento ideal para disfrutar en familia y conocer mejor a quienes forman parte del colegio.<\/p>\n<p data-start=\"1059\" data-end=\"1301\" data-is-last-node=\"\" data-is-only-node=\"\">Sin duda, ser\u00e1 una <strong data-start=\"1078\" data-end=\"1129\">jornada de alegr\u00eda, convivencia y participaci\u00f3n<\/strong>, en la que todos podremos disfrutar de un ambiente festivo y cercano. \u00a1Un d\u00eda para compartir, re\u00edr y seguir construyendo juntos nuestra gran comunidad educativa salesiana!<\/p>\n<\/div>\n<p>&nbsp;<\/p>\n<p>[\/et_pb_text][\/et_pb_column][\/et_pb_row][et_pb_row _builder_version=\u00bb4.27.4&#8243; _module_preset=\u00bbdefault\u00bb global_colors_info=\u00bb{}\u00bb][et_pb_column type=\u00bb4_4&#8243; _builder_version=\u00bb4.27.4&#8243; _module_preset=\u00bbdefault\u00bb global_colors_info=\u00bb{}\u00bb][et_pb_gallery gallery_ids=\u00bb20939,20940,20941,20942,20943,20944,20945,20946&#8243; show_title_and_caption=\u00bboff\u00bb _builder_version=\u00bb4.27.4&#8243; _module_preset=\u00bbdefault\u00bb global_colors_info=\u00bb{}\u00bb][\/et_pb_gallery][\/et_pb_column][\/et_pb_row][\/et_pb_section][et_pb_section fb_built=\u00bb1&#8243; _builder_version=\u00bb4.27.4&#8243; _module_preset=\u00bbdefault\u00bb global_colors_info=\u00bb{}\u00bb][\/et_pb_section]<\/p>\n","protected":false},"excerpt":{"rendered":"<p>Un gran d\u00eda para conocer a quienes formamos parte de esta gran comunidad<\/p>\n","protected":false},"author":2,"featured_media":20953,"comment_status":"open","ping_status":"open","sticky":false,"template":"","format":"standard","meta":{"_et_pb_use_builder":"on","_et_pb_old_content":"","_et_gb_content_width":"","footnotes":""},"categories":[11],"tags":[],"class_list":["post-20952","post","type-post","status-publish","format-standard","has-post-thumbnail","hentry","category-colegio"],"yoast_head":"<!-- This site is optimized with the Yoast SEO plugin v28.4 - https:\/\/yoast.com\/product\/yoast-seo-wordpress\/ -->\n<title>Celebraci\u00f3n del D\u00eda de la Comunidad Educativa en el cole - Colegio Salesiano<\/title>\n<meta name=\"description\" content=\"\ud83d\udd2c\u2728 Gran actuaci\u00f3n en las Olimpiadas de F\u00edsica de Granada de nuestros alumnos de Bachillerato \u2728\ud83d\udd2c\" \/>\n<meta name=\"robots\" content=\"index, follow, max-snippet:-1, max-image-preview:large, max-video-preview:-1\" \/>\n<link rel=\"canonical\" href=\"https:\/\/granada.salesianos.edu\/colegio\/blog\/celebracion-del-dia-de-la-comunidad-educativa-en-el-cole\/\" \/>\n<meta property=\"og:locale\" content=\"es_ES\" \/>\n<meta property=\"og:type\" content=\"article\" \/>\n<meta property=\"og:title\" content=\"Celebraci\u00f3n del D\u00eda de la Comunidad Educativa en el cole - Colegio Salesiano\" \/>\n<meta property=\"og:description\" content=\"\ud83d\udd2c\u2728 Gran actuaci\u00f3n en las Olimpiadas de F\u00edsica de Granada de nuestros alumnos de Bachillerato \u2728\ud83d\udd2c\" \/>\n<meta property=\"og:url\" content=\"https:\/\/granada.salesianos.edu\/colegio\/blog\/celebracion-del-dia-de-la-comunidad-educativa-en-el-cole\/\" \/>\n<meta property=\"og:site_name\" content=\"Colegio Salesiano\" \/>\n<meta property=\"article:publisher\" content=\"https:\/\/www.facebook.com\/SalesianosGR\/\" \/>\n<meta property=\"article:published_time\" content=\"2025-11-11T19:54:58+00:00\" \/>\n<meta property=\"article:modified_time\" content=\"2025-11-11T19:55:03+00:00\" \/>\n<meta property=\"og:image\" content=\"https:\/\/granada.salesianos.edu\/colegio\/wp-content\/uploads\/sites\/2\/2025\/11\/WhatsApp-Image-2025-11-07-at-11.51.40.jpeg\" \/>\n\t<meta property=\"og:image:width\" content=\"1131\" \/>\n\t<meta property=\"og:image:height\" content=\"1600\" \/>\n\t<meta property=\"og:image:type\" content=\"image\/jpeg\" \/>\n<meta name=\"author\" content=\"Gestor Web\" \/>\n<meta name=\"twitter:card\" content=\"summary_large_image\" \/>\n<meta name=\"twitter:creator\" content=\"@GranadaSDB\" \/>\n<meta name=\"twitter:site\" content=\"@GranadaSDB\" \/>\n<meta name=\"twitter:label1\" content=\"Escrito por\" \/>\n\t<meta name=\"twitter:data1\" content=\"Gestor Web\" \/>\n\t<meta name=\"twitter:label2\" content=\"Tiempo de lectura\" \/>\n\t<meta name=\"twitter:data2\" content=\"3 minutos\" \/>\n<script type=\"application\/ld+json\" class=\"yoast-schema-graph\">{\"@context\":\"https:\\\/\\\/schema.org\",\"@graph\":[{\"@type\":\"Article\",\"@id\":\"https:\\\/\\\/granada.salesianos.edu\\\/colegio\\\/blog\\\/celebracion-del-dia-de-la-comunidad-educativa-en-el-cole\\\/#article\",\"isPartOf\":{\"@id\":\"https:\\\/\\\/granada.salesianos.edu\\\/colegio\\\/blog\\\/celebracion-del-dia-de-la-comunidad-educativa-en-el-cole\\\/\"},\"author\":{\"name\":\"Gestor Web\",\"@id\":\"https:\\\/\\\/granada.salesianos.edu\\\/colegio\\\/#\\\/schema\\\/person\\\/6392ff2e4bd1e66981d6eab734bbd962\"},\"headline\":\"Celebraci\u00f3n del D\u00eda de la Comunidad Educativa en el cole\",\"datePublished\":\"2025-11-11T19:54:58+00:00\",\"dateModified\":\"2025-11-11T19:55:03+00:00\",\"mainEntityOfPage\":{\"@id\":\"https:\\\/\\\/granada.salesianos.edu\\\/colegio\\\/blog\\\/celebracion-del-dia-de-la-comunidad-educativa-en-el-cole\\\/\"},\"wordCount\":330,\"commentCount\":0,\"publisher\":{\"@id\":\"https:\\\/\\\/granada.salesianos.edu\\\/colegio\\\/#organization\"},\"image\":{\"@id\":\"https:\\\/\\\/granada.salesianos.edu\\\/colegio\\\/blog\\\/celebracion-del-dia-de-la-comunidad-educativa-en-el-cole\\\/#primaryimage\"},\"thumbnailUrl\":\"https:\\\/\\\/granada.salesianos.edu\\\/colegio\\\/wp-content\\\/uploads\\\/sites\\\/2\\\/2025\\\/11\\\/WhatsApp-Image-2025-11-07-at-11.51.40.jpeg\",\"articleSection\":[\"Colegio\"],\"inLanguage\":\"es\",\"potentialAction\":[{\"@type\":\"CommentAction\",\"name\":\"Comment\",\"target\":[\"https:\\\/\\\/granada.salesianos.edu\\\/colegio\\\/blog\\\/celebracion-del-dia-de-la-comunidad-educativa-en-el-cole\\\/#respond\"]}]},{\"@type\":\"WebPage\",\"@id\":\"https:\\\/\\\/granada.salesianos.edu\\\/colegio\\\/blog\\\/celebracion-del-dia-de-la-comunidad-educativa-en-el-cole\\\/\",\"url\":\"https:\\\/\\\/granada.salesianos.edu\\\/colegio\\\/blog\\\/celebracion-del-dia-de-la-comunidad-educativa-en-el-cole\\\/\",\"name\":\"Celebraci\u00f3n del D\u00eda de la Comunidad Educativa en el cole - Colegio Salesiano\",\"isPartOf\":{\"@id\":\"https:\\\/\\\/granada.salesianos.edu\\\/colegio\\\/#website\"},\"primaryImageOfPage\":{\"@id\":\"https:\\\/\\\/granada.salesianos.edu\\\/colegio\\\/blog\\\/celebracion-del-dia-de-la-comunidad-educativa-en-el-cole\\\/#primaryimage\"},\"image\":{\"@id\":\"https:\\\/\\\/granada.salesianos.edu\\\/colegio\\\/blog\\\/celebracion-del-dia-de-la-comunidad-educativa-en-el-cole\\\/#primaryimage\"},\"thumbnailUrl\":\"https:\\\/\\\/granada.salesianos.edu\\\/colegio\\\/wp-content\\\/uploads\\\/sites\\\/2\\\/2025\\\/11\\\/WhatsApp-Image-2025-11-07-at-11.51.40.jpeg\",\"datePublished\":\"2025-11-11T19:54:58+00:00\",\"dateModified\":\"2025-11-11T19:55:03+00:00\",\"description\":\"\ud83d\udd2c\u2728 Gran actuaci\u00f3n en las Olimpiadas de F\u00edsica de Granada de nuestros alumnos de Bachillerato \u2728\ud83d\udd2c\",\"breadcrumb\":{\"@id\":\"https:\\\/\\\/granada.salesianos.edu\\\/colegio\\\/blog\\\/celebracion-del-dia-de-la-comunidad-educativa-en-el-cole\\\/#breadcrumb\"},\"inLanguage\":\"es\",\"potentialAction\":[{\"@type\":\"ReadAction\",\"target\":[\"https:\\\/\\\/granada.salesianos.edu\\\/colegio\\\/blog\\\/celebracion-del-dia-de-la-comunidad-educativa-en-el-cole\\\/\"]}]},{\"@type\":\"ImageObject\",\"inLanguage\":\"es\",\"@id\":\"https:\\\/\\\/granada.salesianos.edu\\\/colegio\\\/blog\\\/celebracion-del-dia-de-la-comunidad-educativa-en-el-cole\\\/#primaryimage\",\"url\":\"https:\\\/\\\/granada.salesianos.edu\\\/colegio\\\/wp-content\\\/uploads\\\/sites\\\/2\\\/2025\\\/11\\\/WhatsApp-Image-2025-11-07-at-11.51.40.jpeg\",\"contentUrl\":\"https:\\\/\\\/granada.salesianos.edu\\\/colegio\\\/wp-content\\\/uploads\\\/sites\\\/2\\\/2025\\\/11\\\/WhatsApp-Image-2025-11-07-at-11.51.40.jpeg\",\"width\":1131,\"height\":1600},{\"@type\":\"BreadcrumbList\",\"@id\":\"https:\\\/\\\/granada.salesianos.edu\\\/colegio\\\/blog\\\/celebracion-del-dia-de-la-comunidad-educativa-en-el-cole\\\/#breadcrumb\",\"itemListElement\":[{\"@type\":\"ListItem\",\"position\":1,\"name\":\"Portada\",\"item\":\"https:\\\/\\\/granada.salesianos.edu\\\/colegio\\\/\"},{\"@type\":\"ListItem\",\"position\":2,\"name\":\"Celebraci\u00f3n del D\u00eda de la Comunidad Educativa en el cole\"}]},{\"@type\":\"WebSite\",\"@id\":\"https:\\\/\\\/granada.salesianos.edu\\\/colegio\\\/#website\",\"url\":\"https:\\\/\\\/granada.salesianos.edu\\\/colegio\\\/\",\"name\":\"Colegio Salesiano\",\"description\":\"P\u00e1gina oficial de Salesianos Granada San Juan Bosco\",\"publisher\":{\"@id\":\"https:\\\/\\\/granada.salesianos.edu\\\/colegio\\\/#organization\"},\"potentialAction\":[{\"@type\":\"SearchAction\",\"target\":{\"@type\":\"EntryPoint\",\"urlTemplate\":\"https:\\\/\\\/granada.salesianos.edu\\\/colegio\\\/?s={search_term_string}\"},\"query-input\":{\"@type\":\"PropertyValueSpecification\",\"valueRequired\":true,\"valueName\":\"search_term_string\"}}],\"inLanguage\":\"es\"},{\"@type\":\"Organization\",\"@id\":\"https:\\\/\\\/granada.salesianos.edu\\\/colegio\\\/#organization\",\"name\":\"Colegio Salesiano San Juan Bosco Granada\",\"url\":\"https:\\\/\\\/granada.salesianos.edu\\\/colegio\\\/\",\"logo\":{\"@type\":\"ImageObject\",\"inLanguage\":\"es\",\"@id\":\"https:\\\/\\\/granada.salesianos.edu\\\/colegio\\\/#\\\/schema\\\/logo\\\/image\\\/\",\"url\":\"https:\\\/\\\/granada.salesianos.edu\\\/colegio\\\/wp-content\\\/uploads\\\/sites\\\/2\\\/2021\\\/01\\\/GRANADAobraVN2.jpg\",\"contentUrl\":\"https:\\\/\\\/granada.salesianos.edu\\\/colegio\\\/wp-content\\\/uploads\\\/sites\\\/2\\\/2021\\\/01\\\/GRANADAobraVN2.jpg\",\"width\":2113,\"height\":1894,\"caption\":\"Colegio Salesiano San Juan Bosco Granada\"},\"image\":{\"@id\":\"https:\\\/\\\/granada.salesianos.edu\\\/colegio\\\/#\\\/schema\\\/logo\\\/image\\\/\"},\"sameAs\":[\"https:\\\/\\\/www.facebook.com\\\/SalesianosGR\\\/\",\"https:\\\/\\\/x.com\\\/GranadaSDB\",\"https:\\\/\\\/www.instagram.com\\\/salesianosgranada\\\/\",\"https:\\\/\\\/www.youtube.com\\\/channel\\\/UChkpZuhCf4Y5rYIcFT3CNxw?view_as=subscriber\"]},{\"@type\":\"Person\",\"@id\":\"https:\\\/\\\/granada.salesianos.edu\\\/colegio\\\/#\\\/schema\\\/person\\\/6392ff2e4bd1e66981d6eab734bbd962\",\"name\":\"Gestor Web\",\"image\":{\"@type\":\"ImageObject\",\"inLanguage\":\"es\",\"@id\":\"https:\\\/\\\/secure.gravatar.com\\\/avatar\\\/160666bb56a01520857079961a824af2b7821d6bad80677c80f2b473fceead1b?s=96&d=mm&r=g\",\"url\":\"https:\\\/\\\/secure.gravatar.com\\\/avatar\\\/160666bb56a01520857079961a824af2b7821d6bad80677c80f2b473fceead1b?s=96&d=mm&r=g\",\"contentUrl\":\"https:\\\/\\\/secure.gravatar.com\\\/avatar\\\/160666bb56a01520857079961a824af2b7821d6bad80677c80f2b473fceead1b?s=96&d=mm&r=g\",\"caption\":\"Gestor Web\"}}]}<\/script>\n<!-- \/ Yoast SEO plugin. -->","yoast_head_json":{"title":"Celebraci\u00f3n del D\u00eda de la Comunidad Educativa en el cole - Colegio Salesiano","description":"\ud83d\udd2c\u2728 Gran actuaci\u00f3n en las Olimpiadas de F\u00edsica de Granada de nuestros alumnos de Bachillerato \u2728\ud83d\udd2c","robots":{"index":"index","follow":"follow","max-snippet":"max-snippet:-1","max-image-preview":"max-image-preview:large","max-video-preview":"max-video-preview:-1"},"canonical":"https:\/\/granada.salesianos.edu\/colegio\/blog\/celebracion-del-dia-de-la-comunidad-educativa-en-el-cole\/","og_locale":"es_ES","og_type":"article","og_title":"Celebraci\u00f3n del D\u00eda de la Comunidad Educativa en el cole - Colegio Salesiano","og_description":"\ud83d\udd2c\u2728 Gran actuaci\u00f3n en las Olimpiadas de F\u00edsica de Granada de nuestros alumnos de Bachillerato \u2728\ud83d\udd2c","og_url":"https:\/\/granada.salesianos.edu\/colegio\/blog\/celebracion-del-dia-de-la-comunidad-educativa-en-el-cole\/","og_site_name":"Colegio Salesiano","article_publisher":"https:\/\/www.facebook.com\/SalesianosGR\/","article_published_time":"2025-11-11T19:54:58+00:00","article_modified_time":"2025-11-11T19:55:03+00:00","og_image":[{"width":1131,"height":1600,"url":"https:\/\/granada.salesianos.edu\/colegio\/wp-content\/uploads\/sites\/2\/2025\/11\/WhatsApp-Image-2025-11-07-at-11.51.40.jpeg","type":"image\/jpeg"}],"author":"Gestor Web","twitter_card":"summary_large_image","twitter_creator":"@GranadaSDB","twitter_site":"@GranadaSDB","twitter_misc":{"Escrito por":"Gestor Web","Tiempo de lectura":"3 minutos"},"schema":{"@context":"https:\/\/schema.org","@graph":[{"@type":"Article","@id":"https:\/\/granada.salesianos.edu\/colegio\/blog\/celebracion-del-dia-de-la-comunidad-educativa-en-el-cole\/#article","isPartOf":{"@id":"https:\/\/granada.salesianos.edu\/colegio\/blog\/celebracion-del-dia-de-la-comunidad-educativa-en-el-cole\/"},"author":{"name":"Gestor Web","@id":"https:\/\/granada.salesianos.edu\/colegio\/#\/schema\/person\/6392ff2e4bd1e66981d6eab734bbd962"},"headline":"Celebraci\u00f3n del D\u00eda de la Comunidad Educativa en el cole","datePublished":"2025-11-11T19:54:58+00:00","dateModified":"2025-11-11T19:55:03+00:00","mainEntityOfPage":{"@id":"https:\/\/granada.salesianos.edu\/colegio\/blog\/celebracion-del-dia-de-la-comunidad-educativa-en-el-cole\/"},"wordCount":330,"commentCount":0,"publisher":{"@id":"https:\/\/granada.salesianos.edu\/colegio\/#organization"},"image":{"@id":"https:\/\/granada.salesianos.edu\/colegio\/blog\/celebracion-del-dia-de-la-comunidad-educativa-en-el-cole\/#primaryimage"},"thumbnailUrl":"https:\/\/granada.salesianos.edu\/colegio\/wp-content\/uploads\/sites\/2\/2025\/11\/WhatsApp-Image-2025-11-07-at-11.51.40.jpeg","articleSection":["Colegio"],"inLanguage":"es","potentialAction":[{"@type":"CommentAction","name":"Comment","target":["https:\/\/granada.salesianos.edu\/colegio\/blog\/celebracion-del-dia-de-la-comunidad-educativa-en-el-cole\/#respond"]}]},{"@type":"WebPage","@id":"https:\/\/granada.salesianos.edu\/colegio\/blog\/celebracion-del-dia-de-la-comunidad-educativa-en-el-cole\/","url":"https:\/\/granada.salesianos.edu\/colegio\/blog\/celebracion-del-dia-de-la-comunidad-educativa-en-el-cole\/","name":"Celebraci\u00f3n del D\u00eda de la Comunidad Educativa en el cole - Colegio Salesiano","isPartOf":{"@id":"https:\/\/granada.salesianos.edu\/colegio\/#website"},"primaryImageOfPage":{"@id":"https:\/\/granada.salesianos.edu\/colegio\/blog\/celebracion-del-dia-de-la-comunidad-educativa-en-el-cole\/#primaryimage"},"image":{"@id":"https:\/\/granada.salesianos.edu\/colegio\/blog\/celebracion-del-dia-de-la-comunidad-educativa-en-el-cole\/#primaryimage"},"thumbnailUrl":"https:\/\/granada.salesianos.edu\/colegio\/wp-content\/uploads\/sites\/2\/2025\/11\/WhatsApp-Image-2025-11-07-at-11.51.40.jpeg","datePublished":"2025-11-11T19:54:58+00:00","dateModified":"2025-11-11T19:55:03+00:00","description":"\ud83d\udd2c\u2728 Gran actuaci\u00f3n en las Olimpiadas de F\u00edsica de Granada de nuestros alumnos de Bachillerato \u2728\ud83d\udd2c","breadcrumb":{"@id":"https:\/\/granada.salesianos.edu\/colegio\/blog\/celebracion-del-dia-de-la-comunidad-educativa-en-el-cole\/#breadcrumb"},"inLanguage":"es","potentialAction":[{"@type":"ReadAction","target":["https:\/\/granada.salesianos.edu\/colegio\/blog\/celebracion-del-dia-de-la-comunidad-educativa-en-el-cole\/"]}]},{"@type":"ImageObject","inLanguage":"es","@id":"https:\/\/granada.salesianos.edu\/colegio\/blog\/celebracion-del-dia-de-la-comunidad-educativa-en-el-cole\/#primaryimage","url":"https:\/\/granada.salesianos.edu\/colegio\/wp-content\/uploads\/sites\/2\/2025\/11\/WhatsApp-Image-2025-11-07-at-11.51.40.jpeg","contentUrl":"https:\/\/granada.salesianos.edu\/colegio\/wp-content\/uploads\/sites\/2\/2025\/11\/WhatsApp-Image-2025-11-07-at-11.51.40.jpeg","width":1131,"height":1600},{"@type":"BreadcrumbList","@id":"https:\/\/granada.salesianos.edu\/colegio\/blog\/celebracion-del-dia-de-la-comunidad-educativa-en-el-cole\/#breadcrumb","itemListElement":[{"@type":"ListItem","position":1,"name":"Portada","item":"https:\/\/granada.salesianos.edu\/colegio\/"},{"@type":"ListItem","position":2,"name":"Celebraci\u00f3n del D\u00eda de la Comunidad Educativa en el cole"}]},{"@type":"WebSite","@id":"https:\/\/granada.salesianos.edu\/colegio\/#website","url":"https:\/\/granada.salesianos.edu\/colegio\/","name":"Colegio Salesiano","description":"P\u00e1gina oficial de Salesianos Granada San Juan Bosco","publisher":{"@id":"https:\/\/granada.salesianos.edu\/colegio\/#organization"},"potentialAction":[{"@type":"SearchAction","target":{"@type":"EntryPoint","urlTemplate":"https:\/\/granada.salesianos.edu\/colegio\/?s={search_term_string}"},"query-input":{"@type":"PropertyValueSpecification","valueRequired":true,"valueName":"search_term_string"}}],"inLanguage":"es"},{"@type":"Organization","@id":"https:\/\/granada.salesianos.edu\/colegio\/#organization","name":"Colegio Salesiano San Juan Bosco Granada","url":"https:\/\/granada.salesianos.edu\/colegio\/","logo":{"@type":"ImageObject","inLanguage":"es","@id":"https:\/\/granada.salesianos.edu\/colegio\/#\/schema\/logo\/image\/","url":"https:\/\/granada.salesianos.edu\/colegio\/wp-content\/uploads\/sites\/2\/2021\/01\/GRANADAobraVN2.jpg","contentUrl":"https:\/\/granada.salesianos.edu\/colegio\/wp-content\/uploads\/sites\/2\/2021\/01\/GRANADAobraVN2.jpg","width":2113,"height":1894,"caption":"Colegio Salesiano San Juan Bosco Granada"},"image":{"@id":"https:\/\/granada.salesianos.edu\/colegio\/#\/schema\/logo\/image\/"},"sameAs":["https:\/\/www.facebook.com\/SalesianosGR\/","https:\/\/x.com\/GranadaSDB","https:\/\/www.instagram.com\/salesianosgranada\/","https:\/\/www.youtube.com\/channel\/UChkpZuhCf4Y5rYIcFT3CNxw?view_as=subscriber"]},{"@type":"Person","@id":"https:\/\/granada.salesianos.edu\/colegio\/#\/schema\/person\/6392ff2e4bd1e66981d6eab734bbd962","name":"Gestor Web","image":{"@type":"ImageObject","inLanguage":"es","@id":"https:\/\/secure.gravatar.com\/avatar\/160666bb56a01520857079961a824af2b7821d6bad80677c80f2b473fceead1b?s=96&d=mm&r=g","url":"https:\/\/secure.gravatar.com\/avatar\/160666bb56a01520857079961a824af2b7821d6bad80677c80f2b473fceead1b?s=96&d=mm&r=g","contentUrl":"https:\/\/secure.gravatar.com\/avatar\/160666bb56a01520857079961a824af2b7821d6bad80677c80f2b473fceead1b?s=96&d=mm&r=g","caption":"Gestor Web"}}]}},"_links":{"self":[{"href":"https:\/\/granada.salesianos.edu\/colegio\/wp-json\/wp\/v2\/posts\/20952","targetHints":{"allow":["GET"]}}],"collection":[{"href":"https:\/\/granada.salesianos.edu\/colegio\/wp-json\/wp\/v2\/posts"}],"about":[{"href":"https:\/\/granada.salesianos.edu\/colegio\/wp-json\/wp\/v2\/types\/post"}],"author":[{"embeddable":true,"href":"https:\/\/granada.salesianos.edu\/colegio\/wp-json\/wp\/v2\/users\/2"}],"replies":[{"embeddable":true,"href":"https:\/\/granada.salesianos.edu\/colegio\/wp-json\/wp\/v2\/comments?post=20952"}],"version-history":[{"count":2,"href":"https:\/\/granada.salesianos.edu\/colegio\/wp-json\/wp\/v2\/posts\/20952\/revisions"}],"predecessor-version":[{"id":20955,"href":"https:\/\/granada.salesianos.edu\/colegio\/wp-json\/wp\/v2\/posts\/20952\/revisions\/20955"}],"wp:featuredmedia":[{"embeddable":true,"href":"https:\/\/granada.salesianos.edu\/colegio\/wp-json\/wp\/v2\/media\/20953"}],"wp:attachment":[{"href":"https:\/\/granada.salesianos.edu\/colegio\/wp-json\/wp\/v2\/media?parent=20952"}],"wp:term":[{"taxonomy":"category","embeddable":true,"href":"https:\/\/granada.salesianos.edu\/colegio\/wp-json\/wp\/v2\/categories?post=20952"},{"taxonomy":"post_tag","embeddable":true,"href":"https:\/\/granada.salesianos.edu\/colegio\/wp-json\/wp\/v2\/tags?post=20952"}],"curies":[{"name":"wp","href":"https:\/\/api.w.org\/{rel}","templated":true}]}}