{"id":21096,"date":"2025-11-24T14:55:45","date_gmt":"2025-11-24T12:55:45","guid":{"rendered":"https:\/\/granada.salesianos.edu\/colegio\/?p=21096"},"modified":"2025-11-26T21:07:12","modified_gmt":"2025-11-26T19:07:12","slug":"experiencia-tv-emite-el-reportaje-de-nuestra-alumna-amelia-de-2o-rpae","status":"publish","type":"post","link":"https:\/\/granada.salesianos.edu\/colegio\/blog\/experiencia-tv-emite-el-reportaje-de-nuestra-alumna-amelia-de-2o-rpae\/","title":{"rendered":"Experiencia Tv emite el reportaje de nuestra alumna Amelia de 2\u00ba RPAE"},"content":{"rendered":"<div id=\"fb-root\"><\/div>\n<p>[et_pb_section fb_built=\u00bb1&#8243; admin_label=\u00bbsection\u00bb _builder_version=\u00bb4.27.4&#8243; global_colors_info=\u00bb{}\u00bb][et_pb_row _builder_version=\u00bb4.27.4&#8243; _module_preset=\u00bbdefault\u00bb global_colors_info=\u00bb{}\u00bb][et_pb_column type=\u00bb4_4&#8243; _builder_version=\u00bb4.27.4&#8243; _module_preset=\u00bbdefault\u00bb global_colors_info=\u00bb{}\u00bb][et_pb_text _builder_version=\u00bb4.27.4&#8243; _module_preset=\u00bbdefault\u00bb global_colors_info=\u00bb{}\u00bb]<\/p>\n<article class=\"text-token-text-primary w-full focus:outline-none [--shadow-height:45px] has-data-writing-block:pointer-events-none has-data-writing-block:-mt-(--shadow-height) has-data-writing-block:pt-(--shadow-height) [&amp;:has([data-writing-block])&gt;*]:pointer-events-auto [content-visibility:auto] supports-[content-visibility:auto]:[contain-intrinsic-size:auto_100lvh] scroll-mt-[calc(var(--header-height)+min(200px,max(70px,20svh)))]\" dir=\"auto\" style=\"caret-color: #000000; color: #000000; font-style: normal; font-variant-caps: normal; font-weight: 400; letter-spacing: normal; orphans: auto; text-align: start; text-indent: 0px; text-transform: none; white-space: normal; widows: auto; word-spacing: 0px; -webkit-text-stroke-width: 0px; text-decoration: none;\" tabindex=\"-1\" data-turn-id=\"request-WEB:59401a05-a5f1-4faf-be79-074e5198bd62-0\" data-testid=\"conversation-turn-2\" data-scroll-anchor=\"true\" data-turn=\"assistant\">\n<div class=\"text-base my-auto mx-auto pb-10 [--thread-content-margin:--spacing(4)] thread-sm:[--thread-content-margin:--spacing(6)] thread-lg:[--thread-content-margin:--spacing(16)] px-(--thread-content-margin)\">\n<div class=\"[--thread-content-max-width:40rem] thread-lg:[--thread-content-max-width:48rem] mx-auto max-w-(--thread-content-max-width) flex-1 group\/turn-messages focus-visible:outline-hidden relative flex w-full min-w-0 flex-col agent-turn\" tabindex=\"-1\">\n<div class=\"flex max-w-full flex-col grow\">\n<div class=\"min-h-8 text-message relative flex w-full flex-col items-end gap-2 text-start break-words whitespace-normal [.text-message+&amp;]:mt-1\" dir=\"auto\" data-message-author-role=\"assistant\" data-message-id=\"f1b00c7f-c2c1-4d59-81b9-c7cfe93ab7d2\" data-message-model-slug=\"gpt-5-1\">\n<div class=\"flex w-full flex-col gap-1 empty:hidden first:pt-[1px]\">\n<div class=\"markdown prose dark:prose-invert w-full break-words light markdown-new-styling\">\n<p data-start=\"102\" data-end=\"618\">El programa <em data-start=\"114\" data-end=\"130\">Experiencia TV<\/em>, uno de los espacios educativos m\u00e1s consolidados de Canal Sur Televisi\u00f3n, ha sumado esta semana un nuevo hito al emitir el reportaje <strong data-start=\"264\" data-end=\"291\">\u201cLucha de los animales\u201d<\/strong>, elaborado por una alumna del Colegio Salesiano, Amelia D\u00edaz. La estudiante, participante del proyecto audiovisual que impulsa la cadena p\u00fablica andaluza, ha visto as\u00ed culminar semanas de trabajo, aprendizaje y dedicaci\u00f3n en un formato que busca acercar a los j\u00f3venes al lenguaje televisivo y al periodismo de manera pr\u00e1ctica.<\/p>\n<p data-start=\"620\" data-end=\"1093\">El reportaje, de fuerte car\u00e1cter social y ambiental, aborda distintas realidades relacionadas con la protecci\u00f3n animal tanto en entornos urbanos como rurales. A trav\u00e9s de entrevistas a voluntarios de protectoras, cuidadores, vecinos y especialistas en bienestar animal, la joven reportera construye un relato que invita a la reflexi\u00f3n sobre la responsabilidad humana ante el abandono, el maltrato y la falta de recursos destinados a la conservaci\u00f3n de especies vulnerables.<\/p>\n<p data-start=\"1095\" data-end=\"1575\">Uno de los aspectos m\u00e1s destacados del trabajo es su enfoque emp\u00e1tico y pedag\u00f3gico. La alumna no se limita a describir los problemas; tambi\u00e9n muestra iniciativas que est\u00e1n marcando la diferencia, como campa\u00f1as de adopci\u00f3n, programas de acogida temporal y proyectos educativos que buscan fomentar el respeto hacia los animales desde edades tempranas. Todo ello se acompa\u00f1a de im\u00e1genes cuidadas, testimonios sinceros y un guion claro que demuestra su creciente madurez comunicativa.<\/p>\n<p data-start=\"1577\" data-end=\"2046\">El equipo de <em data-start=\"1590\" data-end=\"1606\">Experiencia TV<\/em> ha elogiado el compromiso y la sensibilidad de la estudiante, subrayando que su reportaje refleja a la perfecci\u00f3n el esp\u00edritu del programa: dar voz a las nuevas generaciones y convertir la televisi\u00f3n en una herramienta para expresar inquietudes y transformar la realidad. Desde el Colegio Salesiano, profesorado y compa\u00f1eros han celebrado con orgullo la emisi\u00f3n, que ha supuesto una experiencia \u00fanica para la joven periodista en formaci\u00f3n.<\/p>\n<p data-start=\"2048\" data-end=\"2212\" data-is-last-node=\"\" data-is-only-node=\"\">Con \u201cLucha de los animales\u201d, Canal Sur reafirma su apuesta por la educaci\u00f3n audiovisual y por un contenido que combina informaci\u00f3n, valores y participaci\u00f3n juvenil.<\/p>\n<\/div>\n<p data-start=\"2048\" data-end=\"2212\" data-is-last-node=\"\" data-is-only-node=\"\">En el siguiente enlace podr\u00e9is ver este reportaje (minuto 23) https:\/\/www.canalsurmas.es\/videos\/296980-experiencia-tv-21112025<\/p>\n<\/div>\n<\/div>\n<\/div>\n<div class=\"z-0 flex min-h-[46px] justify-start\">\u00a0<\/div>\n<\/div>\n<\/div>\n<\/article>\n<p>[\/et_pb_text][\/et_pb_column][\/et_pb_row][\/et_pb_section][et_pb_section fb_built=\u00bb1&#8243; _builder_version=\u00bb4.27.4&#8243; _module_preset=\u00bbdefault\u00bb global_colors_info=\u00bb{}\u00bb][\/et_pb_section]<\/p>\n","protected":false},"excerpt":{"rendered":"<p>Una alumna del Colegio Salesiano debuta en Canal Sur con un reportaje sobre la protecci\u00f3n animal.<\/p>\n","protected":false},"author":2,"featured_media":21097,"comment_status":"open","ping_status":"open","sticky":false,"template":"","format":"standard","meta":{"_et_pb_use_builder":"on","_et_pb_old_content":"","_et_gb_content_width":"","footnotes":""},"categories":[11,21,52],"tags":[],"class_list":["post-21096","post","type-post","status-publish","format-standard","has-post-thumbnail","hentry","category-colegio","category-fp","category-imagen-y-sonido"],"yoast_head":"<!-- This site is optimized with the Yoast SEO plugin v28.4 - https:\/\/yoast.com\/product\/yoast-seo-wordpress\/ -->\n<title>Experiencia Tv emite el reportaje de nuestra alumna Amelia de 2\u00ba RPAE - Colegio Salesiano<\/title>\n<meta name=\"description\" content=\"\ud83d\udd2c\u2728 Gran actuaci\u00f3n en las Olimpiadas de F\u00edsica de Granada de nuestros alumnos de Bachillerato \u2728\ud83d\udd2c\" \/>\n<meta name=\"robots\" content=\"index, follow, max-snippet:-1, max-image-preview:large, max-video-preview:-1\" \/>\n<link rel=\"canonical\" href=\"https:\/\/granada.salesianos.edu\/colegio\/blog\/experiencia-tv-emite-el-reportaje-de-nuestra-alumna-amelia-de-2o-rpae\/\" \/>\n<meta property=\"og:locale\" content=\"es_ES\" \/>\n<meta property=\"og:type\" content=\"article\" \/>\n<meta property=\"og:title\" content=\"Experiencia Tv emite el reportaje de nuestra alumna Amelia de 2\u00ba RPAE - Colegio Salesiano\" \/>\n<meta property=\"og:description\" content=\"\ud83d\udd2c\u2728 Gran actuaci\u00f3n en las Olimpiadas de F\u00edsica de Granada de nuestros alumnos de Bachillerato \u2728\ud83d\udd2c\" \/>\n<meta property=\"og:url\" content=\"https:\/\/granada.salesianos.edu\/colegio\/blog\/experiencia-tv-emite-el-reportaje-de-nuestra-alumna-amelia-de-2o-rpae\/\" \/>\n<meta property=\"og:site_name\" content=\"Colegio Salesiano\" \/>\n<meta property=\"article:publisher\" content=\"https:\/\/www.facebook.com\/SalesianosGR\/\" \/>\n<meta property=\"article:published_time\" content=\"2025-11-24T12:55:45+00:00\" \/>\n<meta property=\"article:modified_time\" content=\"2025-11-26T19:07:12+00:00\" \/>\n<meta property=\"og:image\" content=\"https:\/\/granada.salesianos.edu\/colegio\/wp-content\/uploads\/sites\/2\/2025\/11\/Captura-de-pantalla-2025-11-24-a-las-12.28.19-1024x465.png\" \/>\n\t<meta property=\"og:image:width\" content=\"1024\" \/>\n\t<meta property=\"og:image:height\" content=\"465\" \/>\n\t<meta property=\"og:image:type\" content=\"image\/png\" \/>\n<meta name=\"author\" content=\"Gestor Web\" \/>\n<meta name=\"twitter:card\" content=\"summary_large_image\" \/>\n<meta name=\"twitter:creator\" content=\"@GranadaSDB\" \/>\n<meta name=\"twitter:site\" content=\"@GranadaSDB\" \/>\n<meta name=\"twitter:label1\" content=\"Escrito por\" \/>\n\t<meta name=\"twitter:data1\" content=\"Gestor Web\" \/>\n\t<meta name=\"twitter:label2\" content=\"Tiempo de lectura\" \/>\n\t<meta name=\"twitter:data2\" content=\"2 minutos\" \/>\n<script type=\"application\/ld+json\" class=\"yoast-schema-graph\">{\"@context\":\"https:\\\/\\\/schema.org\",\"@graph\":[{\"@type\":\"Article\",\"@id\":\"https:\\\/\\\/granada.salesianos.edu\\\/colegio\\\/blog\\\/experiencia-tv-emite-el-reportaje-de-nuestra-alumna-amelia-de-2o-rpae\\\/#article\",\"isPartOf\":{\"@id\":\"https:\\\/\\\/granada.salesianos.edu\\\/colegio\\\/blog\\\/experiencia-tv-emite-el-reportaje-de-nuestra-alumna-amelia-de-2o-rpae\\\/\"},\"author\":{\"name\":\"Gestor Web\",\"@id\":\"https:\\\/\\\/granada.salesianos.edu\\\/colegio\\\/#\\\/schema\\\/person\\\/6392ff2e4bd1e66981d6eab734bbd962\"},\"headline\":\"Experiencia Tv emite el reportaje de nuestra alumna Amelia de 2\u00ba RPAE\",\"datePublished\":\"2025-11-24T12:55:45+00:00\",\"dateModified\":\"2025-11-26T19:07:12+00:00\",\"mainEntityOfPage\":{\"@id\":\"https:\\\/\\\/granada.salesianos.edu\\\/colegio\\\/blog\\\/experiencia-tv-emite-el-reportaje-de-nuestra-alumna-amelia-de-2o-rpae\\\/\"},\"wordCount\":449,\"commentCount\":0,\"publisher\":{\"@id\":\"https:\\\/\\\/granada.salesianos.edu\\\/colegio\\\/#organization\"},\"image\":{\"@id\":\"https:\\\/\\\/granada.salesianos.edu\\\/colegio\\\/blog\\\/experiencia-tv-emite-el-reportaje-de-nuestra-alumna-amelia-de-2o-rpae\\\/#primaryimage\"},\"thumbnailUrl\":\"https:\\\/\\\/granada.salesianos.edu\\\/colegio\\\/wp-content\\\/uploads\\\/sites\\\/2\\\/2025\\\/11\\\/Captura-de-pantalla-2025-11-24-a-las-12.28.19.png\",\"articleSection\":[\"Colegio\",\"FP\",\"Imagen y Sonido\"],\"inLanguage\":\"es\",\"potentialAction\":[{\"@type\":\"CommentAction\",\"name\":\"Comment\",\"target\":[\"https:\\\/\\\/granada.salesianos.edu\\\/colegio\\\/blog\\\/experiencia-tv-emite-el-reportaje-de-nuestra-alumna-amelia-de-2o-rpae\\\/#respond\"]}]},{\"@type\":\"WebPage\",\"@id\":\"https:\\\/\\\/granada.salesianos.edu\\\/colegio\\\/blog\\\/experiencia-tv-emite-el-reportaje-de-nuestra-alumna-amelia-de-2o-rpae\\\/\",\"url\":\"https:\\\/\\\/granada.salesianos.edu\\\/colegio\\\/blog\\\/experiencia-tv-emite-el-reportaje-de-nuestra-alumna-amelia-de-2o-rpae\\\/\",\"name\":\"Experiencia Tv emite el reportaje de nuestra alumna Amelia de 2\u00ba RPAE - Colegio Salesiano\",\"isPartOf\":{\"@id\":\"https:\\\/\\\/granada.salesianos.edu\\\/colegio\\\/#website\"},\"primaryImageOfPage\":{\"@id\":\"https:\\\/\\\/granada.salesianos.edu\\\/colegio\\\/blog\\\/experiencia-tv-emite-el-reportaje-de-nuestra-alumna-amelia-de-2o-rpae\\\/#primaryimage\"},\"image\":{\"@id\":\"https:\\\/\\\/granada.salesianos.edu\\\/colegio\\\/blog\\\/experiencia-tv-emite-el-reportaje-de-nuestra-alumna-amelia-de-2o-rpae\\\/#primaryimage\"},\"thumbnailUrl\":\"https:\\\/\\\/granada.salesianos.edu\\\/colegio\\\/wp-content\\\/uploads\\\/sites\\\/2\\\/2025\\\/11\\\/Captura-de-pantalla-2025-11-24-a-las-12.28.19.png\",\"datePublished\":\"2025-11-24T12:55:45+00:00\",\"dateModified\":\"2025-11-26T19:07:12+00:00\",\"description\":\"\ud83d\udd2c\u2728 Gran actuaci\u00f3n en las Olimpiadas de F\u00edsica de Granada de nuestros alumnos de Bachillerato \u2728\ud83d\udd2c\",\"breadcrumb\":{\"@id\":\"https:\\\/\\\/granada.salesianos.edu\\\/colegio\\\/blog\\\/experiencia-tv-emite-el-reportaje-de-nuestra-alumna-amelia-de-2o-rpae\\\/#breadcrumb\"},\"inLanguage\":\"es\",\"potentialAction\":[{\"@type\":\"ReadAction\",\"target\":[\"https:\\\/\\\/granada.salesianos.edu\\\/colegio\\\/blog\\\/experiencia-tv-emite-el-reportaje-de-nuestra-alumna-amelia-de-2o-rpae\\\/\"]}]},{\"@type\":\"ImageObject\",\"inLanguage\":\"es\",\"@id\":\"https:\\\/\\\/granada.salesianos.edu\\\/colegio\\\/blog\\\/experiencia-tv-emite-el-reportaje-de-nuestra-alumna-amelia-de-2o-rpae\\\/#primaryimage\",\"url\":\"https:\\\/\\\/granada.salesianos.edu\\\/colegio\\\/wp-content\\\/uploads\\\/sites\\\/2\\\/2025\\\/11\\\/Captura-de-pantalla-2025-11-24-a-las-12.28.19.png\",\"contentUrl\":\"https:\\\/\\\/granada.salesianos.edu\\\/colegio\\\/wp-content\\\/uploads\\\/sites\\\/2\\\/2025\\\/11\\\/Captura-de-pantalla-2025-11-24-a-las-12.28.19.png\",\"width\":2458,\"height\":1116},{\"@type\":\"BreadcrumbList\",\"@id\":\"https:\\\/\\\/granada.salesianos.edu\\\/colegio\\\/blog\\\/experiencia-tv-emite-el-reportaje-de-nuestra-alumna-amelia-de-2o-rpae\\\/#breadcrumb\",\"itemListElement\":[{\"@type\":\"ListItem\",\"position\":1,\"name\":\"Portada\",\"item\":\"https:\\\/\\\/granada.salesianos.edu\\\/colegio\\\/\"},{\"@type\":\"ListItem\",\"position\":2,\"name\":\"Experiencia Tv emite el reportaje de nuestra alumna Amelia de 2\u00ba RPAE\"}]},{\"@type\":\"WebSite\",\"@id\":\"https:\\\/\\\/granada.salesianos.edu\\\/colegio\\\/#website\",\"url\":\"https:\\\/\\\/granada.salesianos.edu\\\/colegio\\\/\",\"name\":\"Colegio Salesiano\",\"description\":\"P\u00e1gina oficial de Salesianos Granada San Juan Bosco\",\"publisher\":{\"@id\":\"https:\\\/\\\/granada.salesianos.edu\\\/colegio\\\/#organization\"},\"potentialAction\":[{\"@type\":\"SearchAction\",\"target\":{\"@type\":\"EntryPoint\",\"urlTemplate\":\"https:\\\/\\\/granada.salesianos.edu\\\/colegio\\\/?s={search_term_string}\"},\"query-input\":{\"@type\":\"PropertyValueSpecification\",\"valueRequired\":true,\"valueName\":\"search_term_string\"}}],\"inLanguage\":\"es\"},{\"@type\":\"Organization\",\"@id\":\"https:\\\/\\\/granada.salesianos.edu\\\/colegio\\\/#organization\",\"name\":\"Colegio Salesiano San Juan Bosco Granada\",\"url\":\"https:\\\/\\\/granada.salesianos.edu\\\/colegio\\\/\",\"logo\":{\"@type\":\"ImageObject\",\"inLanguage\":\"es\",\"@id\":\"https:\\\/\\\/granada.salesianos.edu\\\/colegio\\\/#\\\/schema\\\/logo\\\/image\\\/\",\"url\":\"https:\\\/\\\/granada.salesianos.edu\\\/colegio\\\/wp-content\\\/uploads\\\/sites\\\/2\\\/2021\\\/01\\\/GRANADAobraVN2.jpg\",\"contentUrl\":\"https:\\\/\\\/granada.salesianos.edu\\\/colegio\\\/wp-content\\\/uploads\\\/sites\\\/2\\\/2021\\\/01\\\/GRANADAobraVN2.jpg\",\"width\":2113,\"height\":1894,\"caption\":\"Colegio Salesiano San Juan Bosco Granada\"},\"image\":{\"@id\":\"https:\\\/\\\/granada.salesianos.edu\\\/colegio\\\/#\\\/schema\\\/logo\\\/image\\\/\"},\"sameAs\":[\"https:\\\/\\\/www.facebook.com\\\/SalesianosGR\\\/\",\"https:\\\/\\\/x.com\\\/GranadaSDB\",\"https:\\\/\\\/www.instagram.com\\\/salesianosgranada\\\/\",\"https:\\\/\\\/www.youtube.com\\\/channel\\\/UChkpZuhCf4Y5rYIcFT3CNxw?view_as=subscriber\"]},{\"@type\":\"Person\",\"@id\":\"https:\\\/\\\/granada.salesianos.edu\\\/colegio\\\/#\\\/schema\\\/person\\\/6392ff2e4bd1e66981d6eab734bbd962\",\"name\":\"Gestor Web\",\"image\":{\"@type\":\"ImageObject\",\"inLanguage\":\"es\",\"@id\":\"https:\\\/\\\/secure.gravatar.com\\\/avatar\\\/160666bb56a01520857079961a824af2b7821d6bad80677c80f2b473fceead1b?s=96&d=mm&r=g\",\"url\":\"https:\\\/\\\/secure.gravatar.com\\\/avatar\\\/160666bb56a01520857079961a824af2b7821d6bad80677c80f2b473fceead1b?s=96&d=mm&r=g\",\"contentUrl\":\"https:\\\/\\\/secure.gravatar.com\\\/avatar\\\/160666bb56a01520857079961a824af2b7821d6bad80677c80f2b473fceead1b?s=96&d=mm&r=g\",\"caption\":\"Gestor Web\"}}]}<\/script>\n<!-- \/ Yoast SEO plugin. -->","yoast_head_json":{"title":"Experiencia Tv emite el reportaje de nuestra alumna Amelia de 2\u00ba RPAE - Colegio Salesiano","description":"\ud83d\udd2c\u2728 Gran actuaci\u00f3n en las Olimpiadas de F\u00edsica de Granada de nuestros alumnos de Bachillerato \u2728\ud83d\udd2c","robots":{"index":"index","follow":"follow","max-snippet":"max-snippet:-1","max-image-preview":"max-image-preview:large","max-video-preview":"max-video-preview:-1"},"canonical":"https:\/\/granada.salesianos.edu\/colegio\/blog\/experiencia-tv-emite-el-reportaje-de-nuestra-alumna-amelia-de-2o-rpae\/","og_locale":"es_ES","og_type":"article","og_title":"Experiencia Tv emite el reportaje de nuestra alumna Amelia de 2\u00ba RPAE - Colegio Salesiano","og_description":"\ud83d\udd2c\u2728 Gran actuaci\u00f3n en las Olimpiadas de F\u00edsica de Granada de nuestros alumnos de Bachillerato \u2728\ud83d\udd2c","og_url":"https:\/\/granada.salesianos.edu\/colegio\/blog\/experiencia-tv-emite-el-reportaje-de-nuestra-alumna-amelia-de-2o-rpae\/","og_site_name":"Colegio Salesiano","article_publisher":"https:\/\/www.facebook.com\/SalesianosGR\/","article_published_time":"2025-11-24T12:55:45+00:00","article_modified_time":"2025-11-26T19:07:12+00:00","og_image":[{"width":1024,"height":465,"url":"https:\/\/granada.salesianos.edu\/colegio\/wp-content\/uploads\/sites\/2\/2025\/11\/Captura-de-pantalla-2025-11-24-a-las-12.28.19-1024x465.png","type":"image\/png"}],"author":"Gestor Web","twitter_card":"summary_large_image","twitter_creator":"@GranadaSDB","twitter_site":"@GranadaSDB","twitter_misc":{"Escrito por":"Gestor Web","Tiempo de lectura":"2 minutos"},"schema":{"@context":"https:\/\/schema.org","@graph":[{"@type":"Article","@id":"https:\/\/granada.salesianos.edu\/colegio\/blog\/experiencia-tv-emite-el-reportaje-de-nuestra-alumna-amelia-de-2o-rpae\/#article","isPartOf":{"@id":"https:\/\/granada.salesianos.edu\/colegio\/blog\/experiencia-tv-emite-el-reportaje-de-nuestra-alumna-amelia-de-2o-rpae\/"},"author":{"name":"Gestor Web","@id":"https:\/\/granada.salesianos.edu\/colegio\/#\/schema\/person\/6392ff2e4bd1e66981d6eab734bbd962"},"headline":"Experiencia Tv emite el reportaje de nuestra alumna Amelia de 2\u00ba RPAE","datePublished":"2025-11-24T12:55:45+00:00","dateModified":"2025-11-26T19:07:12+00:00","mainEntityOfPage":{"@id":"https:\/\/granada.salesianos.edu\/colegio\/blog\/experiencia-tv-emite-el-reportaje-de-nuestra-alumna-amelia-de-2o-rpae\/"},"wordCount":449,"commentCount":0,"publisher":{"@id":"https:\/\/granada.salesianos.edu\/colegio\/#organization"},"image":{"@id":"https:\/\/granada.salesianos.edu\/colegio\/blog\/experiencia-tv-emite-el-reportaje-de-nuestra-alumna-amelia-de-2o-rpae\/#primaryimage"},"thumbnailUrl":"https:\/\/granada.salesianos.edu\/colegio\/wp-content\/uploads\/sites\/2\/2025\/11\/Captura-de-pantalla-2025-11-24-a-las-12.28.19.png","articleSection":["Colegio","FP","Imagen y Sonido"],"inLanguage":"es","potentialAction":[{"@type":"CommentAction","name":"Comment","target":["https:\/\/granada.salesianos.edu\/colegio\/blog\/experiencia-tv-emite-el-reportaje-de-nuestra-alumna-amelia-de-2o-rpae\/#respond"]}]},{"@type":"WebPage","@id":"https:\/\/granada.salesianos.edu\/colegio\/blog\/experiencia-tv-emite-el-reportaje-de-nuestra-alumna-amelia-de-2o-rpae\/","url":"https:\/\/granada.salesianos.edu\/colegio\/blog\/experiencia-tv-emite-el-reportaje-de-nuestra-alumna-amelia-de-2o-rpae\/","name":"Experiencia Tv emite el reportaje de nuestra alumna Amelia de 2\u00ba RPAE - Colegio Salesiano","isPartOf":{"@id":"https:\/\/granada.salesianos.edu\/colegio\/#website"},"primaryImageOfPage":{"@id":"https:\/\/granada.salesianos.edu\/colegio\/blog\/experiencia-tv-emite-el-reportaje-de-nuestra-alumna-amelia-de-2o-rpae\/#primaryimage"},"image":{"@id":"https:\/\/granada.salesianos.edu\/colegio\/blog\/experiencia-tv-emite-el-reportaje-de-nuestra-alumna-amelia-de-2o-rpae\/#primaryimage"},"thumbnailUrl":"https:\/\/granada.salesianos.edu\/colegio\/wp-content\/uploads\/sites\/2\/2025\/11\/Captura-de-pantalla-2025-11-24-a-las-12.28.19.png","datePublished":"2025-11-24T12:55:45+00:00","dateModified":"2025-11-26T19:07:12+00:00","description":"\ud83d\udd2c\u2728 Gran actuaci\u00f3n en las Olimpiadas de F\u00edsica de Granada de nuestros alumnos de Bachillerato \u2728\ud83d\udd2c","breadcrumb":{"@id":"https:\/\/granada.salesianos.edu\/colegio\/blog\/experiencia-tv-emite-el-reportaje-de-nuestra-alumna-amelia-de-2o-rpae\/#breadcrumb"},"inLanguage":"es","potentialAction":[{"@type":"ReadAction","target":["https:\/\/granada.salesianos.edu\/colegio\/blog\/experiencia-tv-emite-el-reportaje-de-nuestra-alumna-amelia-de-2o-rpae\/"]}]},{"@type":"ImageObject","inLanguage":"es","@id":"https:\/\/granada.salesianos.edu\/colegio\/blog\/experiencia-tv-emite-el-reportaje-de-nuestra-alumna-amelia-de-2o-rpae\/#primaryimage","url":"https:\/\/granada.salesianos.edu\/colegio\/wp-content\/uploads\/sites\/2\/2025\/11\/Captura-de-pantalla-2025-11-24-a-las-12.28.19.png","contentUrl":"https:\/\/granada.salesianos.edu\/colegio\/wp-content\/uploads\/sites\/2\/2025\/11\/Captura-de-pantalla-2025-11-24-a-las-12.28.19.png","width":2458,"height":1116},{"@type":"BreadcrumbList","@id":"https:\/\/granada.salesianos.edu\/colegio\/blog\/experiencia-tv-emite-el-reportaje-de-nuestra-alumna-amelia-de-2o-rpae\/#breadcrumb","itemListElement":[{"@type":"ListItem","position":1,"name":"Portada","item":"https:\/\/granada.salesianos.edu\/colegio\/"},{"@type":"ListItem","position":2,"name":"Experiencia Tv emite el reportaje de nuestra alumna Amelia de 2\u00ba RPAE"}]},{"@type":"WebSite","@id":"https:\/\/granada.salesianos.edu\/colegio\/#website","url":"https:\/\/granada.salesianos.edu\/colegio\/","name":"Colegio Salesiano","description":"P\u00e1gina oficial de Salesianos Granada San Juan Bosco","publisher":{"@id":"https:\/\/granada.salesianos.edu\/colegio\/#organization"},"potentialAction":[{"@type":"SearchAction","target":{"@type":"EntryPoint","urlTemplate":"https:\/\/granada.salesianos.edu\/colegio\/?s={search_term_string}"},"query-input":{"@type":"PropertyValueSpecification","valueRequired":true,"valueName":"search_term_string"}}],"inLanguage":"es"},{"@type":"Organization","@id":"https:\/\/granada.salesianos.edu\/colegio\/#organization","name":"Colegio Salesiano San Juan Bosco Granada","url":"https:\/\/granada.salesianos.edu\/colegio\/","logo":{"@type":"ImageObject","inLanguage":"es","@id":"https:\/\/granada.salesianos.edu\/colegio\/#\/schema\/logo\/image\/","url":"https:\/\/granada.salesianos.edu\/colegio\/wp-content\/uploads\/sites\/2\/2021\/01\/GRANADAobraVN2.jpg","contentUrl":"https:\/\/granada.salesianos.edu\/colegio\/wp-content\/uploads\/sites\/2\/2021\/01\/GRANADAobraVN2.jpg","width":2113,"height":1894,"caption":"Colegio Salesiano San Juan Bosco Granada"},"image":{"@id":"https:\/\/granada.salesianos.edu\/colegio\/#\/schema\/logo\/image\/"},"sameAs":["https:\/\/www.facebook.com\/SalesianosGR\/","https:\/\/x.com\/GranadaSDB","https:\/\/www.instagram.com\/salesianosgranada\/","https:\/\/www.youtube.com\/channel\/UChkpZuhCf4Y5rYIcFT3CNxw?view_as=subscriber"]},{"@type":"Person","@id":"https:\/\/granada.salesianos.edu\/colegio\/#\/schema\/person\/6392ff2e4bd1e66981d6eab734bbd962","name":"Gestor Web","image":{"@type":"ImageObject","inLanguage":"es","@id":"https:\/\/secure.gravatar.com\/avatar\/160666bb56a01520857079961a824af2b7821d6bad80677c80f2b473fceead1b?s=96&d=mm&r=g","url":"https:\/\/secure.gravatar.com\/avatar\/160666bb56a01520857079961a824af2b7821d6bad80677c80f2b473fceead1b?s=96&d=mm&r=g","contentUrl":"https:\/\/secure.gravatar.com\/avatar\/160666bb56a01520857079961a824af2b7821d6bad80677c80f2b473fceead1b?s=96&d=mm&r=g","caption":"Gestor Web"}}]}},"_links":{"self":[{"href":"https:\/\/granada.salesianos.edu\/colegio\/wp-json\/wp\/v2\/posts\/21096","targetHints":{"allow":["GET"]}}],"collection":[{"href":"https:\/\/granada.salesianos.edu\/colegio\/wp-json\/wp\/v2\/posts"}],"about":[{"href":"https:\/\/granada.salesianos.edu\/colegio\/wp-json\/wp\/v2\/types\/post"}],"author":[{"embeddable":true,"href":"https:\/\/granada.salesianos.edu\/colegio\/wp-json\/wp\/v2\/users\/2"}],"replies":[{"embeddable":true,"href":"https:\/\/granada.salesianos.edu\/colegio\/wp-json\/wp\/v2\/comments?post=21096"}],"version-history":[{"count":2,"href":"https:\/\/granada.salesianos.edu\/colegio\/wp-json\/wp\/v2\/posts\/21096\/revisions"}],"predecessor-version":[{"id":21099,"href":"https:\/\/granada.salesianos.edu\/colegio\/wp-json\/wp\/v2\/posts\/21096\/revisions\/21099"}],"wp:featuredmedia":[{"embeddable":true,"href":"https:\/\/granada.salesianos.edu\/colegio\/wp-json\/wp\/v2\/media\/21097"}],"wp:attachment":[{"href":"https:\/\/granada.salesianos.edu\/colegio\/wp-json\/wp\/v2\/media?parent=21096"}],"wp:term":[{"taxonomy":"category","embeddable":true,"href":"https:\/\/granada.salesianos.edu\/colegio\/wp-json\/wp\/v2\/categories?post=21096"},{"taxonomy":"post_tag","embeddable":true,"href":"https:\/\/granada.salesianos.edu\/colegio\/wp-json\/wp\/v2\/tags?post=21096"}],"curies":[{"name":"wp","href":"https:\/\/api.w.org\/{rel}","templated":true}]}}