{"id":21129,"date":"2025-11-25T15:46:37","date_gmt":"2025-11-25T13:46:37","guid":{"rendered":"https:\/\/granada.salesianos.edu\/colegio\/?p=21129"},"modified":"2025-11-29T15:50:47","modified_gmt":"2025-11-29T13:50:47","slug":"participamos-en-la-olimpiada-matematica-thales","status":"publish","type":"post","link":"https:\/\/granada.salesianos.edu\/colegio\/blog\/participamos-en-la-olimpiada-matematica-thales\/","title":{"rendered":"Participamos en la Olimpiada Matem\u00e1tica Thales"},"content":{"rendered":"<div id=\"fb-root\"><\/div>\n<p>[et_pb_section fb_built=\u00bb1&#8243; admin_label=\u00bbsection\u00bb _builder_version=\u00bb4.27.4&#8243; global_colors_info=\u00bb{}\u00bb][et_pb_row _builder_version=\u00bb4.27.4&#8243; _module_preset=\u00bbdefault\u00bb global_colors_info=\u00bb{}\u00bb][et_pb_column type=\u00bb4_4&#8243; _builder_version=\u00bb4.27.4&#8243; _module_preset=\u00bbdefault\u00bb global_colors_info=\u00bb{}\u00bb][et_pb_text _builder_version=\u00bb4.27.4&#8243; _module_preset=\u00bbdefault\u00bb global_colors_info=\u00bb{}\u00bb]<\/p>\n<p data-start=\"73\" data-end=\"189\">\n<p data-start=\"191\" data-end=\"683\">Un grupo de estudiantes de primero y segundo de Bachillerato de Ciencias del centro ha participado recientemente en las jornadas de preparaci\u00f3n para la prestigiosa <strong data-start=\"355\" data-end=\"386\">Olimpiada Matem\u00e1tica Thales<\/strong>, celebradas en la <strong data-start=\"405\" data-end=\"431\">Universidad de Granada<\/strong>. Estas sesiones, desarrolladas a lo largo de varias jornadas intensivas, han permitido al alumnado adentrarse en la resoluci\u00f3n de problemas de elevada complejidad, un entrenamiento clave de cara a la competici\u00f3n que se celebrar\u00e1 a principios de enero.<\/p>\n<p data-start=\"685\" data-end=\"1198\">Durante la preparaci\u00f3n, los j\u00f3venes han trabajado estrategias avanzadas de razonamiento l\u00f3gico, profundizado en conceptos matem\u00e1ticos de nivel superior y puesto a prueba su capacidad para afrontar retos que exigen precisi\u00f3n, creatividad y perseverancia. El profesorado acompa\u00f1ante ha destacado el alto grado de implicaci\u00f3n mostrado por los participantes, subrayando que este tipo de experiencias no solo prepara para la prueba, sino que consolida competencias fundamentales para su futuro acad\u00e9mico y profesional.<\/p>\n<p data-start=\"1200\" data-end=\"1550\">M\u00e1s all\u00e1 de la competici\u00f3n, la iniciativa busca <strong data-start=\"1248\" data-end=\"1284\">estimular el pensamiento cr\u00edtico<\/strong>, reforzar la <strong data-start=\"1298\" data-end=\"1323\">curiosidad cient\u00edfica<\/strong> y promover el gusto por las Matem\u00e1ticas aplicadas a la vida real y al \u00e1mbito tecnol\u00f3gico, pilares esenciales en la formaci\u00f3n STEM.<br data-start=\"1454\" data-end=\"1457\" \/>El centro desea \u00e9xito a todos los participantes en esta nueva edici\u00f3n de la Olimpiada Thales.<\/p>\n<p data-start=\"1552\" data-end=\"1641\" data-is-last-node=\"\" data-is-only-node=\"\">#OlimpiadaThales #Matem\u00e1ticas #BachilleratoCiencias #SalesianosGranada #Talentomatem\u00e1tico<\/p>\n<p>[\/et_pb_text][\/et_pb_column][\/et_pb_row][et_pb_row _builder_version=\u00bb4.27.4&#8243; _module_preset=\u00bbdefault\u00bb global_colors_info=\u00bb{}\u00bb][et_pb_column type=\u00bb4_4&#8243; _builder_version=\u00bb4.27.4&#8243; _module_preset=\u00bbdefault\u00bb global_colors_info=\u00bb{}\u00bb][et_pb_gallery gallery_ids=\u00bb67557,67558,67559,67560,67561,67562,67563&#8243; show_title_and_caption=\u00bboff\u00bb _builder_version=\u00bb4.27.4&#8243; _module_preset=\u00bbdefault\u00bb global_colors_info=\u00bb{}\u00bb][\/et_pb_gallery][\/et_pb_column][\/et_pb_row][et_pb_row _builder_version=\u00bb4.27.4&#8243; _module_preset=\u00bbdefault\u00bb global_colors_info=\u00bb{}\u00bb][et_pb_column type=\u00bb4_4&#8243; _builder_version=\u00bb4.27.4&#8243; _module_preset=\u00bbdefault\u00bb global_colors_info=\u00bb{}\u00bb][\/et_pb_column][\/et_pb_row][\/et_pb_section][et_pb_section fb_built=\u00bb1&#8243; _builder_version=\u00bb4.27.4&#8243; _module_preset=\u00bbdefault\u00bb global_colors_info=\u00bb{}\u00bb][\/et_pb_section]<\/p>\n","protected":false},"excerpt":{"rendered":"<p>Alumnado de Bachillerato de Ciencias se prepara para la Olimpiada Matem\u00e1tica Thales en la Universidad de Granada<\/p>\n","protected":false},"author":2,"featured_media":21131,"comment_status":"open","ping_status":"open","sticky":false,"template":"","format":"standard","meta":{"_et_pb_use_builder":"on","_et_pb_old_content":"","_et_gb_content_width":"","footnotes":""},"categories":[57,11],"tags":[],"class_list":["post-21129","post","type-post","status-publish","format-standard","has-post-thumbnail","hentry","category-bachillerato","category-colegio"],"yoast_head":"<!-- This site is optimized with the Yoast SEO plugin v28.4 - https:\/\/yoast.com\/product\/yoast-seo-wordpress\/ -->\n<title>Participamos en la Olimpiada Matem\u00e1tica Thales - Colegio Salesiano<\/title>\n<meta name=\"description\" content=\"\ud83d\udd2c\u2728 Gran actuaci\u00f3n en las Olimpiadas de F\u00edsica de Granada de nuestros alumnos de Bachillerato \u2728\ud83d\udd2c\" \/>\n<meta name=\"robots\" content=\"index, follow, max-snippet:-1, max-image-preview:large, max-video-preview:-1\" \/>\n<link rel=\"canonical\" href=\"https:\/\/granada.salesianos.edu\/colegio\/blog\/participamos-en-la-olimpiada-matematica-thales\/\" \/>\n<meta property=\"og:locale\" content=\"es_ES\" \/>\n<meta property=\"og:type\" content=\"article\" \/>\n<meta property=\"og:title\" content=\"Participamos en la Olimpiada Matem\u00e1tica Thales - Colegio Salesiano\" \/>\n<meta property=\"og:description\" content=\"\ud83d\udd2c\u2728 Gran actuaci\u00f3n en las Olimpiadas de F\u00edsica de Granada de nuestros alumnos de Bachillerato \u2728\ud83d\udd2c\" \/>\n<meta property=\"og:url\" content=\"https:\/\/granada.salesianos.edu\/colegio\/blog\/participamos-en-la-olimpiada-matematica-thales\/\" \/>\n<meta property=\"og:site_name\" content=\"Colegio Salesiano\" \/>\n<meta property=\"article:publisher\" content=\"https:\/\/www.facebook.com\/SalesianosGR\/\" \/>\n<meta property=\"article:published_time\" content=\"2025-11-25T13:46:37+00:00\" \/>\n<meta property=\"article:modified_time\" content=\"2025-11-29T13:50:47+00:00\" \/>\n<meta property=\"og:image\" content=\"https:\/\/granada.salesianos.edu\/colegio\/wp-content\/uploads\/sites\/2\/2025\/11\/WhatsApp-Image-2025-11-29-at-14.43.23-1.jpeg\" \/>\n\t<meta property=\"og:image:width\" content=\"1440\" \/>\n\t<meta property=\"og:image:height\" content=\"1080\" \/>\n\t<meta property=\"og:image:type\" content=\"image\/jpeg\" \/>\n<meta name=\"author\" content=\"Gestor Web\" \/>\n<meta name=\"twitter:card\" content=\"summary_large_image\" \/>\n<meta name=\"twitter:creator\" content=\"@GranadaSDB\" \/>\n<meta name=\"twitter:site\" content=\"@GranadaSDB\" \/>\n<meta name=\"twitter:label1\" content=\"Escrito por\" \/>\n\t<meta name=\"twitter:data1\" content=\"Gestor Web\" \/>\n\t<meta name=\"twitter:label2\" content=\"Tiempo de lectura\" \/>\n\t<meta name=\"twitter:data2\" content=\"2 minutos\" \/>\n<script type=\"application\/ld+json\" class=\"yoast-schema-graph\">{\"@context\":\"https:\\\/\\\/schema.org\",\"@graph\":[{\"@type\":\"Article\",\"@id\":\"https:\\\/\\\/granada.salesianos.edu\\\/colegio\\\/blog\\\/participamos-en-la-olimpiada-matematica-thales\\\/#article\",\"isPartOf\":{\"@id\":\"https:\\\/\\\/granada.salesianos.edu\\\/colegio\\\/blog\\\/participamos-en-la-olimpiada-matematica-thales\\\/\"},\"author\":{\"name\":\"Gestor Web\",\"@id\":\"https:\\\/\\\/granada.salesianos.edu\\\/colegio\\\/#\\\/schema\\\/person\\\/6392ff2e4bd1e66981d6eab734bbd962\"},\"headline\":\"Participamos en la Olimpiada Matem\u00e1tica Thales\",\"datePublished\":\"2025-11-25T13:46:37+00:00\",\"dateModified\":\"2025-11-29T13:50:47+00:00\",\"mainEntityOfPage\":{\"@id\":\"https:\\\/\\\/granada.salesianos.edu\\\/colegio\\\/blog\\\/participamos-en-la-olimpiada-matematica-thales\\\/\"},\"wordCount\":385,\"commentCount\":0,\"publisher\":{\"@id\":\"https:\\\/\\\/granada.salesianos.edu\\\/colegio\\\/#organization\"},\"image\":{\"@id\":\"https:\\\/\\\/granada.salesianos.edu\\\/colegio\\\/blog\\\/participamos-en-la-olimpiada-matematica-thales\\\/#primaryimage\"},\"thumbnailUrl\":\"https:\\\/\\\/granada.salesianos.edu\\\/colegio\\\/wp-content\\\/uploads\\\/sites\\\/2\\\/2025\\\/11\\\/WhatsApp-Image-2025-11-29-at-14.43.23-1.jpeg\",\"articleSection\":[\"Bachillerato\",\"Colegio\"],\"inLanguage\":\"es\",\"potentialAction\":[{\"@type\":\"CommentAction\",\"name\":\"Comment\",\"target\":[\"https:\\\/\\\/granada.salesianos.edu\\\/colegio\\\/blog\\\/participamos-en-la-olimpiada-matematica-thales\\\/#respond\"]}]},{\"@type\":\"WebPage\",\"@id\":\"https:\\\/\\\/granada.salesianos.edu\\\/colegio\\\/blog\\\/participamos-en-la-olimpiada-matematica-thales\\\/\",\"url\":\"https:\\\/\\\/granada.salesianos.edu\\\/colegio\\\/blog\\\/participamos-en-la-olimpiada-matematica-thales\\\/\",\"name\":\"Participamos en la Olimpiada Matem\u00e1tica Thales - Colegio Salesiano\",\"isPartOf\":{\"@id\":\"https:\\\/\\\/granada.salesianos.edu\\\/colegio\\\/#website\"},\"primaryImageOfPage\":{\"@id\":\"https:\\\/\\\/granada.salesianos.edu\\\/colegio\\\/blog\\\/participamos-en-la-olimpiada-matematica-thales\\\/#primaryimage\"},\"image\":{\"@id\":\"https:\\\/\\\/granada.salesianos.edu\\\/colegio\\\/blog\\\/participamos-en-la-olimpiada-matematica-thales\\\/#primaryimage\"},\"thumbnailUrl\":\"https:\\\/\\\/granada.salesianos.edu\\\/colegio\\\/wp-content\\\/uploads\\\/sites\\\/2\\\/2025\\\/11\\\/WhatsApp-Image-2025-11-29-at-14.43.23-1.jpeg\",\"datePublished\":\"2025-11-25T13:46:37+00:00\",\"dateModified\":\"2025-11-29T13:50:47+00:00\",\"description\":\"\ud83d\udd2c\u2728 Gran actuaci\u00f3n en las Olimpiadas de F\u00edsica de Granada de nuestros alumnos de Bachillerato \u2728\ud83d\udd2c\",\"breadcrumb\":{\"@id\":\"https:\\\/\\\/granada.salesianos.edu\\\/colegio\\\/blog\\\/participamos-en-la-olimpiada-matematica-thales\\\/#breadcrumb\"},\"inLanguage\":\"es\",\"potentialAction\":[{\"@type\":\"ReadAction\",\"target\":[\"https:\\\/\\\/granada.salesianos.edu\\\/colegio\\\/blog\\\/participamos-en-la-olimpiada-matematica-thales\\\/\"]}]},{\"@type\":\"ImageObject\",\"inLanguage\":\"es\",\"@id\":\"https:\\\/\\\/granada.salesianos.edu\\\/colegio\\\/blog\\\/participamos-en-la-olimpiada-matematica-thales\\\/#primaryimage\",\"url\":\"https:\\\/\\\/granada.salesianos.edu\\\/colegio\\\/wp-content\\\/uploads\\\/sites\\\/2\\\/2025\\\/11\\\/WhatsApp-Image-2025-11-29-at-14.43.23-1.jpeg\",\"contentUrl\":\"https:\\\/\\\/granada.salesianos.edu\\\/colegio\\\/wp-content\\\/uploads\\\/sites\\\/2\\\/2025\\\/11\\\/WhatsApp-Image-2025-11-29-at-14.43.23-1.jpeg\",\"width\":1440,\"height\":1080},{\"@type\":\"BreadcrumbList\",\"@id\":\"https:\\\/\\\/granada.salesianos.edu\\\/colegio\\\/blog\\\/participamos-en-la-olimpiada-matematica-thales\\\/#breadcrumb\",\"itemListElement\":[{\"@type\":\"ListItem\",\"position\":1,\"name\":\"Portada\",\"item\":\"https:\\\/\\\/granada.salesianos.edu\\\/colegio\\\/\"},{\"@type\":\"ListItem\",\"position\":2,\"name\":\"Participamos en la Olimpiada Matem\u00e1tica Thales\"}]},{\"@type\":\"WebSite\",\"@id\":\"https:\\\/\\\/granada.salesianos.edu\\\/colegio\\\/#website\",\"url\":\"https:\\\/\\\/granada.salesianos.edu\\\/colegio\\\/\",\"name\":\"Colegio Salesiano\",\"description\":\"P\u00e1gina oficial de Salesianos Granada San Juan Bosco\",\"publisher\":{\"@id\":\"https:\\\/\\\/granada.salesianos.edu\\\/colegio\\\/#organization\"},\"potentialAction\":[{\"@type\":\"SearchAction\",\"target\":{\"@type\":\"EntryPoint\",\"urlTemplate\":\"https:\\\/\\\/granada.salesianos.edu\\\/colegio\\\/?s={search_term_string}\"},\"query-input\":{\"@type\":\"PropertyValueSpecification\",\"valueRequired\":true,\"valueName\":\"search_term_string\"}}],\"inLanguage\":\"es\"},{\"@type\":\"Organization\",\"@id\":\"https:\\\/\\\/granada.salesianos.edu\\\/colegio\\\/#organization\",\"name\":\"Colegio Salesiano San Juan Bosco Granada\",\"url\":\"https:\\\/\\\/granada.salesianos.edu\\\/colegio\\\/\",\"logo\":{\"@type\":\"ImageObject\",\"inLanguage\":\"es\",\"@id\":\"https:\\\/\\\/granada.salesianos.edu\\\/colegio\\\/#\\\/schema\\\/logo\\\/image\\\/\",\"url\":\"https:\\\/\\\/granada.salesianos.edu\\\/colegio\\\/wp-content\\\/uploads\\\/sites\\\/2\\\/2021\\\/01\\\/GRANADAobraVN2.jpg\",\"contentUrl\":\"https:\\\/\\\/granada.salesianos.edu\\\/colegio\\\/wp-content\\\/uploads\\\/sites\\\/2\\\/2021\\\/01\\\/GRANADAobraVN2.jpg\",\"width\":2113,\"height\":1894,\"caption\":\"Colegio Salesiano San Juan Bosco Granada\"},\"image\":{\"@id\":\"https:\\\/\\\/granada.salesianos.edu\\\/colegio\\\/#\\\/schema\\\/logo\\\/image\\\/\"},\"sameAs\":[\"https:\\\/\\\/www.facebook.com\\\/SalesianosGR\\\/\",\"https:\\\/\\\/x.com\\\/GranadaSDB\",\"https:\\\/\\\/www.instagram.com\\\/salesianosgranada\\\/\",\"https:\\\/\\\/www.youtube.com\\\/channel\\\/UChkpZuhCf4Y5rYIcFT3CNxw?view_as=subscriber\"]},{\"@type\":\"Person\",\"@id\":\"https:\\\/\\\/granada.salesianos.edu\\\/colegio\\\/#\\\/schema\\\/person\\\/6392ff2e4bd1e66981d6eab734bbd962\",\"name\":\"Gestor Web\",\"image\":{\"@type\":\"ImageObject\",\"inLanguage\":\"es\",\"@id\":\"https:\\\/\\\/secure.gravatar.com\\\/avatar\\\/160666bb56a01520857079961a824af2b7821d6bad80677c80f2b473fceead1b?s=96&d=mm&r=g\",\"url\":\"https:\\\/\\\/secure.gravatar.com\\\/avatar\\\/160666bb56a01520857079961a824af2b7821d6bad80677c80f2b473fceead1b?s=96&d=mm&r=g\",\"contentUrl\":\"https:\\\/\\\/secure.gravatar.com\\\/avatar\\\/160666bb56a01520857079961a824af2b7821d6bad80677c80f2b473fceead1b?s=96&d=mm&r=g\",\"caption\":\"Gestor Web\"}}]}<\/script>\n<!-- \/ Yoast SEO plugin. -->","yoast_head_json":{"title":"Participamos en la Olimpiada Matem\u00e1tica Thales - Colegio Salesiano","description":"\ud83d\udd2c\u2728 Gran actuaci\u00f3n en las Olimpiadas de F\u00edsica de Granada de nuestros alumnos de Bachillerato \u2728\ud83d\udd2c","robots":{"index":"index","follow":"follow","max-snippet":"max-snippet:-1","max-image-preview":"max-image-preview:large","max-video-preview":"max-video-preview:-1"},"canonical":"https:\/\/granada.salesianos.edu\/colegio\/blog\/participamos-en-la-olimpiada-matematica-thales\/","og_locale":"es_ES","og_type":"article","og_title":"Participamos en la Olimpiada Matem\u00e1tica Thales - Colegio Salesiano","og_description":"\ud83d\udd2c\u2728 Gran actuaci\u00f3n en las Olimpiadas de F\u00edsica de Granada de nuestros alumnos de Bachillerato \u2728\ud83d\udd2c","og_url":"https:\/\/granada.salesianos.edu\/colegio\/blog\/participamos-en-la-olimpiada-matematica-thales\/","og_site_name":"Colegio Salesiano","article_publisher":"https:\/\/www.facebook.com\/SalesianosGR\/","article_published_time":"2025-11-25T13:46:37+00:00","article_modified_time":"2025-11-29T13:50:47+00:00","og_image":[{"width":1440,"height":1080,"url":"https:\/\/granada.salesianos.edu\/colegio\/wp-content\/uploads\/sites\/2\/2025\/11\/WhatsApp-Image-2025-11-29-at-14.43.23-1.jpeg","type":"image\/jpeg"}],"author":"Gestor Web","twitter_card":"summary_large_image","twitter_creator":"@GranadaSDB","twitter_site":"@GranadaSDB","twitter_misc":{"Escrito por":"Gestor Web","Tiempo de lectura":"2 minutos"},"schema":{"@context":"https:\/\/schema.org","@graph":[{"@type":"Article","@id":"https:\/\/granada.salesianos.edu\/colegio\/blog\/participamos-en-la-olimpiada-matematica-thales\/#article","isPartOf":{"@id":"https:\/\/granada.salesianos.edu\/colegio\/blog\/participamos-en-la-olimpiada-matematica-thales\/"},"author":{"name":"Gestor Web","@id":"https:\/\/granada.salesianos.edu\/colegio\/#\/schema\/person\/6392ff2e4bd1e66981d6eab734bbd962"},"headline":"Participamos en la Olimpiada Matem\u00e1tica Thales","datePublished":"2025-11-25T13:46:37+00:00","dateModified":"2025-11-29T13:50:47+00:00","mainEntityOfPage":{"@id":"https:\/\/granada.salesianos.edu\/colegio\/blog\/participamos-en-la-olimpiada-matematica-thales\/"},"wordCount":385,"commentCount":0,"publisher":{"@id":"https:\/\/granada.salesianos.edu\/colegio\/#organization"},"image":{"@id":"https:\/\/granada.salesianos.edu\/colegio\/blog\/participamos-en-la-olimpiada-matematica-thales\/#primaryimage"},"thumbnailUrl":"https:\/\/granada.salesianos.edu\/colegio\/wp-content\/uploads\/sites\/2\/2025\/11\/WhatsApp-Image-2025-11-29-at-14.43.23-1.jpeg","articleSection":["Bachillerato","Colegio"],"inLanguage":"es","potentialAction":[{"@type":"CommentAction","name":"Comment","target":["https:\/\/granada.salesianos.edu\/colegio\/blog\/participamos-en-la-olimpiada-matematica-thales\/#respond"]}]},{"@type":"WebPage","@id":"https:\/\/granada.salesianos.edu\/colegio\/blog\/participamos-en-la-olimpiada-matematica-thales\/","url":"https:\/\/granada.salesianos.edu\/colegio\/blog\/participamos-en-la-olimpiada-matematica-thales\/","name":"Participamos en la Olimpiada Matem\u00e1tica Thales - Colegio Salesiano","isPartOf":{"@id":"https:\/\/granada.salesianos.edu\/colegio\/#website"},"primaryImageOfPage":{"@id":"https:\/\/granada.salesianos.edu\/colegio\/blog\/participamos-en-la-olimpiada-matematica-thales\/#primaryimage"},"image":{"@id":"https:\/\/granada.salesianos.edu\/colegio\/blog\/participamos-en-la-olimpiada-matematica-thales\/#primaryimage"},"thumbnailUrl":"https:\/\/granada.salesianos.edu\/colegio\/wp-content\/uploads\/sites\/2\/2025\/11\/WhatsApp-Image-2025-11-29-at-14.43.23-1.jpeg","datePublished":"2025-11-25T13:46:37+00:00","dateModified":"2025-11-29T13:50:47+00:00","description":"\ud83d\udd2c\u2728 Gran actuaci\u00f3n en las Olimpiadas de F\u00edsica de Granada de nuestros alumnos de Bachillerato \u2728\ud83d\udd2c","breadcrumb":{"@id":"https:\/\/granada.salesianos.edu\/colegio\/blog\/participamos-en-la-olimpiada-matematica-thales\/#breadcrumb"},"inLanguage":"es","potentialAction":[{"@type":"ReadAction","target":["https:\/\/granada.salesianos.edu\/colegio\/blog\/participamos-en-la-olimpiada-matematica-thales\/"]}]},{"@type":"ImageObject","inLanguage":"es","@id":"https:\/\/granada.salesianos.edu\/colegio\/blog\/participamos-en-la-olimpiada-matematica-thales\/#primaryimage","url":"https:\/\/granada.salesianos.edu\/colegio\/wp-content\/uploads\/sites\/2\/2025\/11\/WhatsApp-Image-2025-11-29-at-14.43.23-1.jpeg","contentUrl":"https:\/\/granada.salesianos.edu\/colegio\/wp-content\/uploads\/sites\/2\/2025\/11\/WhatsApp-Image-2025-11-29-at-14.43.23-1.jpeg","width":1440,"height":1080},{"@type":"BreadcrumbList","@id":"https:\/\/granada.salesianos.edu\/colegio\/blog\/participamos-en-la-olimpiada-matematica-thales\/#breadcrumb","itemListElement":[{"@type":"ListItem","position":1,"name":"Portada","item":"https:\/\/granada.salesianos.edu\/colegio\/"},{"@type":"ListItem","position":2,"name":"Participamos en la Olimpiada Matem\u00e1tica Thales"}]},{"@type":"WebSite","@id":"https:\/\/granada.salesianos.edu\/colegio\/#website","url":"https:\/\/granada.salesianos.edu\/colegio\/","name":"Colegio Salesiano","description":"P\u00e1gina oficial de Salesianos Granada San Juan Bosco","publisher":{"@id":"https:\/\/granada.salesianos.edu\/colegio\/#organization"},"potentialAction":[{"@type":"SearchAction","target":{"@type":"EntryPoint","urlTemplate":"https:\/\/granada.salesianos.edu\/colegio\/?s={search_term_string}"},"query-input":{"@type":"PropertyValueSpecification","valueRequired":true,"valueName":"search_term_string"}}],"inLanguage":"es"},{"@type":"Organization","@id":"https:\/\/granada.salesianos.edu\/colegio\/#organization","name":"Colegio Salesiano San Juan Bosco Granada","url":"https:\/\/granada.salesianos.edu\/colegio\/","logo":{"@type":"ImageObject","inLanguage":"es","@id":"https:\/\/granada.salesianos.edu\/colegio\/#\/schema\/logo\/image\/","url":"https:\/\/granada.salesianos.edu\/colegio\/wp-content\/uploads\/sites\/2\/2021\/01\/GRANADAobraVN2.jpg","contentUrl":"https:\/\/granada.salesianos.edu\/colegio\/wp-content\/uploads\/sites\/2\/2021\/01\/GRANADAobraVN2.jpg","width":2113,"height":1894,"caption":"Colegio Salesiano San Juan Bosco Granada"},"image":{"@id":"https:\/\/granada.salesianos.edu\/colegio\/#\/schema\/logo\/image\/"},"sameAs":["https:\/\/www.facebook.com\/SalesianosGR\/","https:\/\/x.com\/GranadaSDB","https:\/\/www.instagram.com\/salesianosgranada\/","https:\/\/www.youtube.com\/channel\/UChkpZuhCf4Y5rYIcFT3CNxw?view_as=subscriber"]},{"@type":"Person","@id":"https:\/\/granada.salesianos.edu\/colegio\/#\/schema\/person\/6392ff2e4bd1e66981d6eab734bbd962","name":"Gestor Web","image":{"@type":"ImageObject","inLanguage":"es","@id":"https:\/\/secure.gravatar.com\/avatar\/160666bb56a01520857079961a824af2b7821d6bad80677c80f2b473fceead1b?s=96&d=mm&r=g","url":"https:\/\/secure.gravatar.com\/avatar\/160666bb56a01520857079961a824af2b7821d6bad80677c80f2b473fceead1b?s=96&d=mm&r=g","contentUrl":"https:\/\/secure.gravatar.com\/avatar\/160666bb56a01520857079961a824af2b7821d6bad80677c80f2b473fceead1b?s=96&d=mm&r=g","caption":"Gestor Web"}}]}},"_links":{"self":[{"href":"https:\/\/granada.salesianos.edu\/colegio\/wp-json\/wp\/v2\/posts\/21129","targetHints":{"allow":["GET"]}}],"collection":[{"href":"https:\/\/granada.salesianos.edu\/colegio\/wp-json\/wp\/v2\/posts"}],"about":[{"href":"https:\/\/granada.salesianos.edu\/colegio\/wp-json\/wp\/v2\/types\/post"}],"author":[{"embeddable":true,"href":"https:\/\/granada.salesianos.edu\/colegio\/wp-json\/wp\/v2\/users\/2"}],"replies":[{"embeddable":true,"href":"https:\/\/granada.salesianos.edu\/colegio\/wp-json\/wp\/v2\/comments?post=21129"}],"version-history":[{"count":4,"href":"https:\/\/granada.salesianos.edu\/colegio\/wp-json\/wp\/v2\/posts\/21129\/revisions"}],"predecessor-version":[{"id":21135,"href":"https:\/\/granada.salesianos.edu\/colegio\/wp-json\/wp\/v2\/posts\/21129\/revisions\/21135"}],"wp:featuredmedia":[{"embeddable":true,"href":"https:\/\/granada.salesianos.edu\/colegio\/wp-json\/wp\/v2\/media\/21131"}],"wp:attachment":[{"href":"https:\/\/granada.salesianos.edu\/colegio\/wp-json\/wp\/v2\/media?parent=21129"}],"wp:term":[{"taxonomy":"category","embeddable":true,"href":"https:\/\/granada.salesianos.edu\/colegio\/wp-json\/wp\/v2\/categories?post=21129"},{"taxonomy":"post_tag","embeddable":true,"href":"https:\/\/granada.salesianos.edu\/colegio\/wp-json\/wp\/v2\/tags?post=21129"}],"curies":[{"name":"wp","href":"https:\/\/api.w.org\/{rel}","templated":true}]}}