{"id":21257,"date":"2025-12-11T22:02:27","date_gmt":"2025-12-11T20:02:27","guid":{"rendered":"https:\/\/granada.salesianos.edu\/colegio\/?p=21257"},"modified":"2025-12-11T22:02:59","modified_gmt":"2025-12-11T20:02:59","slug":"el-alumnado-de-infantil-participa-en-el-concurso-municipal-de-adornos-navidenos","status":"publish","type":"post","link":"https:\/\/granada.salesianos.edu\/colegio\/blog\/el-alumnado-de-infantil-participa-en-el-concurso-municipal-de-adornos-navidenos\/","title":{"rendered":"El alumnado de Infantil participa en el concurso municipal de adornos navide\u00f1os"},"content":{"rendered":"<div id=\"fb-root\"><\/div>\n<p>[et_pb_section fb_built=\u00bb1&#8243; admin_label=\u00bbsection\u00bb _builder_version=\u00bb4.27.4&#8243; global_colors_info=\u00bb{}\u00bb][et_pb_row _builder_version=\u00bb4.27.4&#8243; _module_preset=\u00bbdefault\u00bb global_colors_info=\u00bb{}\u00bb][et_pb_column type=\u00bb4_4&#8243; _builder_version=\u00bb4.27.4&#8243; _module_preset=\u00bbdefault\u00bb global_colors_info=\u00bb{}\u00bb][et_pb_text _builder_version=\u00bb4.27.4&#8243; _module_preset=\u00bbdefault\u00bb global_colors_info=\u00bb{}\u00bb]<\/p>\n<article class=\"text-token-text-primary w-full focus:outline-none [--shadow-height:45px] has-data-writing-block:pointer-events-none has-data-writing-block:-mt-(--shadow-height) has-data-writing-block:pt-(--shadow-height) [&amp;:has([data-writing-block])&gt;*]:pointer-events-auto scroll-mt-[calc(var(--header-height)+min(200px,max(70px,20svh)))]\" dir=\"auto\" tabindex=\"-1\" data-turn-id=\"request-WEB:5723cd6b-199f-4e37-adae-823e4b74dacd-4\" data-testid=\"conversation-turn-10\" data-scroll-anchor=\"true\" data-turn=\"assistant\">\n<div class=\"text-base my-auto mx-auto pb-10 [--thread-content-margin:--spacing(4)] thread-sm:[--thread-content-margin:--spacing(6)] thread-lg:[--thread-content-margin:--spacing(16)] px-(--thread-content-margin)\">\n<div class=\"[--thread-content-max-width:40rem] thread-lg:[--thread-content-max-width:48rem] mx-auto max-w-(--thread-content-max-width) flex-1 group\/turn-messages focus-visible:outline-hidden relative flex w-full min-w-0 flex-col agent-turn\" tabindex=\"-1\">\n<div class=\"flex max-w-full flex-col grow\">\n<div class=\"min-h-8 text-message relative flex w-full flex-col items-end gap-2 text-start break-words whitespace-normal [.text-message+&amp;]:mt-1\" dir=\"auto\" data-message-author-role=\"assistant\" data-message-id=\"eafdfae7-98ae-49c3-8029-f9bc7005646a\" data-message-model-slug=\"gpt-5-1\">\n<div class=\"flex w-full flex-col gap-1 empty:hidden first:pt-[1px]\">\n<div class=\"markdown prose dark:prose-invert w-full break-words light markdown-new-styling\">\n<div class=\"flex flex-col text-sm @w-xl\/main:pt-header-height pb-25\">\n<article class=\"text-token-text-primary w-full focus:outline-none [--shadow-height:45px] has-data-writing-block:pointer-events-none has-data-writing-block:-mt-(--shadow-height) has-data-writing-block:pt-(--shadow-height) [&amp;:has([data-writing-block])&gt;*]:pointer-events-auto [content-visibility:auto] supports-[content-visibility:auto]:[contain-intrinsic-size:auto_100lvh] scroll-mt-[calc(var(--header-height)+min(200px,max(70px,20svh)))]\" dir=\"auto\" tabindex=\"-1\" data-turn-id=\"request-WEB:64be0b08-549a-41b5-83ba-5bc927ce7dd8-0\" data-testid=\"conversation-turn-2\" data-scroll-anchor=\"true\" data-turn=\"assistant\">\n<div class=\"text-base my-auto mx-auto pb-10 [--thread-content-margin:--spacing(4)] @w-sm\/main:[--thread-content-margin:--spacing(6)] @w-lg\/main:[--thread-content-margin:--spacing(16)] px-(--thread-content-margin)\">\n<div class=\"[--thread-content-max-width:40rem] @w-lg\/main:[--thread-content-max-width:48rem] mx-auto max-w-(--thread-content-max-width) flex-1 group\/turn-messages focus-visible:outline-hidden relative flex w-full min-w-0 flex-col agent-turn\" tabindex=\"-1\">\n<div class=\"flex max-w-full flex-col grow\">\n<div class=\"min-h-8 text-message relative flex w-full flex-col items-end gap-2 text-start break-words whitespace-normal [.text-message+&amp;]:mt-1\" dir=\"auto\" data-message-author-role=\"assistant\" data-message-id=\"d6f8f2e5-fa82-4d20-98c2-fdc016f39f0d\" data-message-model-slug=\"gpt-5-1\">\n<div class=\"flex w-full flex-col gap-1 empty:hidden first:pt-[1px]\">\n<div class=\"markdown prose dark:prose-invert w-full break-words light markdown-new-styling\">\n<div class=\"flex flex-col text-sm @w-xl\/main:pt-header-height pb-25\">\n<article class=\"text-token-text-primary w-full focus:outline-none [--shadow-height:45px] has-data-writing-block:pointer-events-none has-data-writing-block:-mt-(--shadow-height) has-data-writing-block:pt-(--shadow-height) [&amp;:has([data-writing-block])&gt;*]:pointer-events-auto [content-visibility:auto] supports-[content-visibility:auto]:[contain-intrinsic-size:auto_100lvh] scroll-mt-[calc(var(--header-height)+min(200px,max(70px,20svh)))]\" dir=\"auto\" tabindex=\"-1\" data-turn-id=\"request-WEB:64be0b08-549a-41b5-83ba-5bc927ce7dd8-0\" data-testid=\"conversation-turn-2\" data-scroll-anchor=\"true\" data-turn=\"assistant\">\n<div class=\"text-base my-auto mx-auto pb-10 [--thread-content-margin:--spacing(4)] @w-sm\/main:[--thread-content-margin:--spacing(6)] @w-lg\/main:[--thread-content-margin:--spacing(16)] px-(--thread-content-margin)\">\n<div class=\"[--thread-content-max-width:40rem] @w-lg\/main:[--thread-content-max-width:48rem] mx-auto max-w-(--thread-content-max-width) flex-1 group\/turn-messages focus-visible:outline-hidden relative flex w-full min-w-0 flex-col agent-turn\" tabindex=\"-1\">\n<div class=\"flex max-w-full flex-col grow\">\n<div class=\"min-h-8 text-message relative flex w-full flex-col items-end gap-2 text-start break-words whitespace-normal [.text-message+&amp;]:mt-1\" dir=\"auto\" data-message-author-role=\"assistant\" data-message-id=\"d6f8f2e5-fa82-4d20-98c2-fdc016f39f0d\" data-message-model-slug=\"gpt-5-1\">\n<div class=\"flex w-full flex-col gap-1 empty:hidden first:pt-[1px]\">\n<div class=\"markdown prose dark:prose-invert w-full break-words light markdown-new-styling\">\n<p data-start=\"131\" data-end=\"596\">El Colegio Salesiano de Granada ha vuelto a implicarse activamente en el concurso de adornos navide\u00f1os organizado por la Concejal\u00eda de Igualdad y Educaci\u00f3n del Ayuntamiento, una cita ya consolidada dentro de los programas educativos municipales. En esta edici\u00f3n, la iniciativa ha cobrado un significado especial gracias al trabajo del alumnado de Infantil, que, con edades comprendidas entre los 3 y los 5 a\u00f1os, ha elaborado un Bel\u00e9n artesanal junto a sus familias.<\/p>\n<p data-start=\"598\" data-end=\"941\">La propuesta destaca por su compromiso medioambiental: todas las figuras y elementos del nacimiento han sido realizados con materiales reciclables. Envases, cartones, telas reutilizadas y botellas han servido de base para construir un Bel\u00e9n colorido y creativo que refleja tanto la imaginaci\u00f3n de los ni\u00f1os como la implicaci\u00f3n de las familias.<\/p>\n<p data-start=\"943\" data-end=\"1257\">Desde el centro se subraya que el proyecto ha ido m\u00e1s all\u00e1 del \u00e1mbito art\u00edstico. \u201cEs una oportunidad para trabajar la sostenibilidad y fortalecer los lazos entre hogar y escuela\u201d, se\u00f1alan los docentes, quienes destacan el valor pedag\u00f3gico de transformar materiales cotidianos en piezas decorativas con significado.<\/p>\n<p data-start=\"1259\" data-end=\"1601\">El Bel\u00e9n permanecer\u00e1 expuesto en la Sala de Usos M\u00faltiples de Infantil, donde podr\u00e1 visitarse durante toda la semana. Paralelamente, el colegio compartir\u00e1 en sus redes sociales im\u00e1genes y v\u00eddeos que muestran el proceso de creaci\u00f3n, con el objetivo de acercarlo a todas las familias que han participado directa o indirectamente en el proyecto.<\/p>\n<p data-start=\"1603\" data-end=\"1830\" data-is-last-node=\"\" data-is-only-node=\"\">La comunidad educativa celebra la acogida de esta iniciativa, que ha llenado de ilusi\u00f3n a los m\u00e1s peque\u00f1os y les ha permitido sentirse protagonistas de una actividad realizada en familia y destinada a toda la comunidad escolar.<\/p>\n<\/div>\n<\/div>\n<\/div>\n<\/div>\n<div class=\"z-0 flex min-h-[46px] justify-start\">\u00a0<\/div>\n<\/div>\n<\/div>\n<\/article>\n<\/div>\n<div class=\"pointer-events-none h-px w-px absolute bottom-0\" aria-hidden=\"true\" data-edge=\"true\">\u00a0<\/div>\n<\/div>\n<\/div>\n<\/div>\n<\/div>\n<div class=\"z-0 flex min-h-[46px] justify-start\">\u00a0<\/div>\n<\/div>\n<\/div>\n<\/article>\n<\/div>\n<div class=\"pointer-events-none h-px w-px absolute bottom-0\" aria-hidden=\"true\" data-edge=\"true\">\u00a0<\/div>\n<div class=\"z-0 flex min-h-[46px] justify-start\">\u00a0<\/div>\n<\/div>\n<\/div>\n<\/div>\n<\/div>\n<\/div>\n<\/div>\n<\/article>\n<div class=\"pointer-events-none h-px w-px\" aria-hidden=\"true\" data-edge=\"true\">\u00a0<\/div>\n<p>[\/et_pb_text][\/et_pb_column][\/et_pb_row][\/et_pb_section]<\/p>\n","protected":false},"excerpt":{"rendered":"<p>El alumnado de Infantil del Colegio Salesiano participa en el concurso municipal de adornos navide\u00f1os con un Bel\u00e9n sostenible<\/p>\n","protected":false},"author":2,"featured_media":21260,"comment_status":"open","ping_status":"open","sticky":false,"template":"","format":"standard","meta":{"_et_pb_use_builder":"on","_et_pb_old_content":"","_et_gb_content_width":"","footnotes":""},"categories":[11,26],"tags":[],"class_list":["post-21257","post","type-post","status-publish","format-standard","has-post-thumbnail","hentry","category-colegio","category-infantil"],"yoast_head":"<!-- This site is optimized with the Yoast SEO plugin v28.4 - https:\/\/yoast.com\/product\/yoast-seo-wordpress\/ -->\n<title>El alumnado de Infantil participa en el concurso municipal de adornos navide\u00f1os - Colegio Salesiano<\/title>\n<meta name=\"description\" content=\"\ud83d\udd2c\u2728 Gran actuaci\u00f3n en las Olimpiadas de F\u00edsica de Granada de nuestros alumnos de Bachillerato \u2728\ud83d\udd2c\" \/>\n<meta name=\"robots\" content=\"index, follow, max-snippet:-1, max-image-preview:large, max-video-preview:-1\" \/>\n<link rel=\"canonical\" href=\"https:\/\/granada.salesianos.edu\/colegio\/blog\/el-alumnado-de-infantil-participa-en-el-concurso-municipal-de-adornos-navidenos\/\" \/>\n<meta property=\"og:locale\" content=\"es_ES\" \/>\n<meta property=\"og:type\" content=\"article\" \/>\n<meta property=\"og:title\" content=\"El alumnado de Infantil participa en el concurso municipal de adornos navide\u00f1os - Colegio Salesiano\" \/>\n<meta property=\"og:description\" content=\"\ud83d\udd2c\u2728 Gran actuaci\u00f3n en las Olimpiadas de F\u00edsica de Granada de nuestros alumnos de Bachillerato \u2728\ud83d\udd2c\" \/>\n<meta property=\"og:url\" content=\"https:\/\/granada.salesianos.edu\/colegio\/blog\/el-alumnado-de-infantil-participa-en-el-concurso-municipal-de-adornos-navidenos\/\" \/>\n<meta property=\"og:site_name\" content=\"Colegio Salesiano\" \/>\n<meta property=\"article:publisher\" content=\"https:\/\/www.facebook.com\/SalesianosGR\/\" \/>\n<meta property=\"article:published_time\" content=\"2025-12-11T20:02:27+00:00\" \/>\n<meta property=\"article:modified_time\" content=\"2025-12-11T20:02:59+00:00\" \/>\n<meta property=\"og:image\" content=\"https:\/\/granada.salesianos.edu\/colegio\/wp-content\/uploads\/sites\/2\/2025\/12\/WhatsApp-Image-2025-12-11-at-19.08.21.jpeg\" \/>\n\t<meta property=\"og:image:width\" content=\"1440\" \/>\n\t<meta property=\"og:image:height\" content=\"1080\" \/>\n\t<meta property=\"og:image:type\" content=\"image\/jpeg\" \/>\n<meta name=\"author\" content=\"Gestor Web\" \/>\n<meta name=\"twitter:card\" content=\"summary_large_image\" \/>\n<meta name=\"twitter:creator\" content=\"@GranadaSDB\" \/>\n<meta name=\"twitter:site\" content=\"@GranadaSDB\" \/>\n<meta name=\"twitter:label1\" content=\"Escrito por\" \/>\n\t<meta name=\"twitter:data1\" content=\"Gestor Web\" \/>\n\t<meta name=\"twitter:label2\" content=\"Tiempo de lectura\" \/>\n\t<meta name=\"twitter:data2\" content=\"2 minutos\" \/>\n<script type=\"application\/ld+json\" class=\"yoast-schema-graph\">{\"@context\":\"https:\\\/\\\/schema.org\",\"@graph\":[{\"@type\":\"Article\",\"@id\":\"https:\\\/\\\/granada.salesianos.edu\\\/colegio\\\/blog\\\/el-alumnado-de-infantil-participa-en-el-concurso-municipal-de-adornos-navidenos\\\/#article\",\"isPartOf\":{\"@id\":\"https:\\\/\\\/granada.salesianos.edu\\\/colegio\\\/blog\\\/el-alumnado-de-infantil-participa-en-el-concurso-municipal-de-adornos-navidenos\\\/\"},\"author\":{\"name\":\"Gestor Web\",\"@id\":\"https:\\\/\\\/granada.salesianos.edu\\\/colegio\\\/#\\\/schema\\\/person\\\/6392ff2e4bd1e66981d6eab734bbd962\"},\"headline\":\"El alumnado de Infantil participa en el concurso municipal de adornos navide\u00f1os\",\"datePublished\":\"2025-12-11T20:02:27+00:00\",\"dateModified\":\"2025-12-11T20:02:59+00:00\",\"mainEntityOfPage\":{\"@id\":\"https:\\\/\\\/granada.salesianos.edu\\\/colegio\\\/blog\\\/el-alumnado-de-infantil-participa-en-el-concurso-municipal-de-adornos-navidenos\\\/\"},\"wordCount\":354,\"commentCount\":0,\"publisher\":{\"@id\":\"https:\\\/\\\/granada.salesianos.edu\\\/colegio\\\/#organization\"},\"image\":{\"@id\":\"https:\\\/\\\/granada.salesianos.edu\\\/colegio\\\/blog\\\/el-alumnado-de-infantil-participa-en-el-concurso-municipal-de-adornos-navidenos\\\/#primaryimage\"},\"thumbnailUrl\":\"https:\\\/\\\/granada.salesianos.edu\\\/colegio\\\/wp-content\\\/uploads\\\/sites\\\/2\\\/2025\\\/12\\\/WhatsApp-Image-2025-12-11-at-19.08.21.jpeg\",\"articleSection\":[\"Colegio\",\"Infantil\"],\"inLanguage\":\"es\",\"potentialAction\":[{\"@type\":\"CommentAction\",\"name\":\"Comment\",\"target\":[\"https:\\\/\\\/granada.salesianos.edu\\\/colegio\\\/blog\\\/el-alumnado-de-infantil-participa-en-el-concurso-municipal-de-adornos-navidenos\\\/#respond\"]}]},{\"@type\":\"WebPage\",\"@id\":\"https:\\\/\\\/granada.salesianos.edu\\\/colegio\\\/blog\\\/el-alumnado-de-infantil-participa-en-el-concurso-municipal-de-adornos-navidenos\\\/\",\"url\":\"https:\\\/\\\/granada.salesianos.edu\\\/colegio\\\/blog\\\/el-alumnado-de-infantil-participa-en-el-concurso-municipal-de-adornos-navidenos\\\/\",\"name\":\"El alumnado de Infantil participa en el concurso municipal de adornos navide\u00f1os - Colegio Salesiano\",\"isPartOf\":{\"@id\":\"https:\\\/\\\/granada.salesianos.edu\\\/colegio\\\/#website\"},\"primaryImageOfPage\":{\"@id\":\"https:\\\/\\\/granada.salesianos.edu\\\/colegio\\\/blog\\\/el-alumnado-de-infantil-participa-en-el-concurso-municipal-de-adornos-navidenos\\\/#primaryimage\"},\"image\":{\"@id\":\"https:\\\/\\\/granada.salesianos.edu\\\/colegio\\\/blog\\\/el-alumnado-de-infantil-participa-en-el-concurso-municipal-de-adornos-navidenos\\\/#primaryimage\"},\"thumbnailUrl\":\"https:\\\/\\\/granada.salesianos.edu\\\/colegio\\\/wp-content\\\/uploads\\\/sites\\\/2\\\/2025\\\/12\\\/WhatsApp-Image-2025-12-11-at-19.08.21.jpeg\",\"datePublished\":\"2025-12-11T20:02:27+00:00\",\"dateModified\":\"2025-12-11T20:02:59+00:00\",\"description\":\"\ud83d\udd2c\u2728 Gran actuaci\u00f3n en las Olimpiadas de F\u00edsica de Granada de nuestros alumnos de Bachillerato \u2728\ud83d\udd2c\",\"breadcrumb\":{\"@id\":\"https:\\\/\\\/granada.salesianos.edu\\\/colegio\\\/blog\\\/el-alumnado-de-infantil-participa-en-el-concurso-municipal-de-adornos-navidenos\\\/#breadcrumb\"},\"inLanguage\":\"es\",\"potentialAction\":[{\"@type\":\"ReadAction\",\"target\":[\"https:\\\/\\\/granada.salesianos.edu\\\/colegio\\\/blog\\\/el-alumnado-de-infantil-participa-en-el-concurso-municipal-de-adornos-navidenos\\\/\"]}]},{\"@type\":\"ImageObject\",\"inLanguage\":\"es\",\"@id\":\"https:\\\/\\\/granada.salesianos.edu\\\/colegio\\\/blog\\\/el-alumnado-de-infantil-participa-en-el-concurso-municipal-de-adornos-navidenos\\\/#primaryimage\",\"url\":\"https:\\\/\\\/granada.salesianos.edu\\\/colegio\\\/wp-content\\\/uploads\\\/sites\\\/2\\\/2025\\\/12\\\/WhatsApp-Image-2025-12-11-at-19.08.21.jpeg\",\"contentUrl\":\"https:\\\/\\\/granada.salesianos.edu\\\/colegio\\\/wp-content\\\/uploads\\\/sites\\\/2\\\/2025\\\/12\\\/WhatsApp-Image-2025-12-11-at-19.08.21.jpeg\",\"width\":1440,\"height\":1080},{\"@type\":\"BreadcrumbList\",\"@id\":\"https:\\\/\\\/granada.salesianos.edu\\\/colegio\\\/blog\\\/el-alumnado-de-infantil-participa-en-el-concurso-municipal-de-adornos-navidenos\\\/#breadcrumb\",\"itemListElement\":[{\"@type\":\"ListItem\",\"position\":1,\"name\":\"Portada\",\"item\":\"https:\\\/\\\/granada.salesianos.edu\\\/colegio\\\/\"},{\"@type\":\"ListItem\",\"position\":2,\"name\":\"El alumnado de Infantil participa en el concurso municipal de adornos navide\u00f1os\"}]},{\"@type\":\"WebSite\",\"@id\":\"https:\\\/\\\/granada.salesianos.edu\\\/colegio\\\/#website\",\"url\":\"https:\\\/\\\/granada.salesianos.edu\\\/colegio\\\/\",\"name\":\"Colegio Salesiano\",\"description\":\"P\u00e1gina oficial de Salesianos Granada San Juan Bosco\",\"publisher\":{\"@id\":\"https:\\\/\\\/granada.salesianos.edu\\\/colegio\\\/#organization\"},\"potentialAction\":[{\"@type\":\"SearchAction\",\"target\":{\"@type\":\"EntryPoint\",\"urlTemplate\":\"https:\\\/\\\/granada.salesianos.edu\\\/colegio\\\/?s={search_term_string}\"},\"query-input\":{\"@type\":\"PropertyValueSpecification\",\"valueRequired\":true,\"valueName\":\"search_term_string\"}}],\"inLanguage\":\"es\"},{\"@type\":\"Organization\",\"@id\":\"https:\\\/\\\/granada.salesianos.edu\\\/colegio\\\/#organization\",\"name\":\"Colegio Salesiano San Juan Bosco Granada\",\"url\":\"https:\\\/\\\/granada.salesianos.edu\\\/colegio\\\/\",\"logo\":{\"@type\":\"ImageObject\",\"inLanguage\":\"es\",\"@id\":\"https:\\\/\\\/granada.salesianos.edu\\\/colegio\\\/#\\\/schema\\\/logo\\\/image\\\/\",\"url\":\"https:\\\/\\\/granada.salesianos.edu\\\/colegio\\\/wp-content\\\/uploads\\\/sites\\\/2\\\/2021\\\/01\\\/GRANADAobraVN2.jpg\",\"contentUrl\":\"https:\\\/\\\/granada.salesianos.edu\\\/colegio\\\/wp-content\\\/uploads\\\/sites\\\/2\\\/2021\\\/01\\\/GRANADAobraVN2.jpg\",\"width\":2113,\"height\":1894,\"caption\":\"Colegio Salesiano San Juan Bosco Granada\"},\"image\":{\"@id\":\"https:\\\/\\\/granada.salesianos.edu\\\/colegio\\\/#\\\/schema\\\/logo\\\/image\\\/\"},\"sameAs\":[\"https:\\\/\\\/www.facebook.com\\\/SalesianosGR\\\/\",\"https:\\\/\\\/x.com\\\/GranadaSDB\",\"https:\\\/\\\/www.instagram.com\\\/salesianosgranada\\\/\",\"https:\\\/\\\/www.youtube.com\\\/channel\\\/UChkpZuhCf4Y5rYIcFT3CNxw?view_as=subscriber\"]},{\"@type\":\"Person\",\"@id\":\"https:\\\/\\\/granada.salesianos.edu\\\/colegio\\\/#\\\/schema\\\/person\\\/6392ff2e4bd1e66981d6eab734bbd962\",\"name\":\"Gestor Web\",\"image\":{\"@type\":\"ImageObject\",\"inLanguage\":\"es\",\"@id\":\"https:\\\/\\\/secure.gravatar.com\\\/avatar\\\/160666bb56a01520857079961a824af2b7821d6bad80677c80f2b473fceead1b?s=96&d=mm&r=g\",\"url\":\"https:\\\/\\\/secure.gravatar.com\\\/avatar\\\/160666bb56a01520857079961a824af2b7821d6bad80677c80f2b473fceead1b?s=96&d=mm&r=g\",\"contentUrl\":\"https:\\\/\\\/secure.gravatar.com\\\/avatar\\\/160666bb56a01520857079961a824af2b7821d6bad80677c80f2b473fceead1b?s=96&d=mm&r=g\",\"caption\":\"Gestor Web\"}}]}<\/script>\n<!-- \/ Yoast SEO plugin. -->","yoast_head_json":{"title":"El alumnado de Infantil participa en el concurso municipal de adornos navide\u00f1os - Colegio Salesiano","description":"\ud83d\udd2c\u2728 Gran actuaci\u00f3n en las Olimpiadas de F\u00edsica de Granada de nuestros alumnos de Bachillerato \u2728\ud83d\udd2c","robots":{"index":"index","follow":"follow","max-snippet":"max-snippet:-1","max-image-preview":"max-image-preview:large","max-video-preview":"max-video-preview:-1"},"canonical":"https:\/\/granada.salesianos.edu\/colegio\/blog\/el-alumnado-de-infantil-participa-en-el-concurso-municipal-de-adornos-navidenos\/","og_locale":"es_ES","og_type":"article","og_title":"El alumnado de Infantil participa en el concurso municipal de adornos navide\u00f1os - Colegio Salesiano","og_description":"\ud83d\udd2c\u2728 Gran actuaci\u00f3n en las Olimpiadas de F\u00edsica de Granada de nuestros alumnos de Bachillerato \u2728\ud83d\udd2c","og_url":"https:\/\/granada.salesianos.edu\/colegio\/blog\/el-alumnado-de-infantil-participa-en-el-concurso-municipal-de-adornos-navidenos\/","og_site_name":"Colegio Salesiano","article_publisher":"https:\/\/www.facebook.com\/SalesianosGR\/","article_published_time":"2025-12-11T20:02:27+00:00","article_modified_time":"2025-12-11T20:02:59+00:00","og_image":[{"width":1440,"height":1080,"url":"https:\/\/granada.salesianos.edu\/colegio\/wp-content\/uploads\/sites\/2\/2025\/12\/WhatsApp-Image-2025-12-11-at-19.08.21.jpeg","type":"image\/jpeg"}],"author":"Gestor Web","twitter_card":"summary_large_image","twitter_creator":"@GranadaSDB","twitter_site":"@GranadaSDB","twitter_misc":{"Escrito por":"Gestor Web","Tiempo de lectura":"2 minutos"},"schema":{"@context":"https:\/\/schema.org","@graph":[{"@type":"Article","@id":"https:\/\/granada.salesianos.edu\/colegio\/blog\/el-alumnado-de-infantil-participa-en-el-concurso-municipal-de-adornos-navidenos\/#article","isPartOf":{"@id":"https:\/\/granada.salesianos.edu\/colegio\/blog\/el-alumnado-de-infantil-participa-en-el-concurso-municipal-de-adornos-navidenos\/"},"author":{"name":"Gestor Web","@id":"https:\/\/granada.salesianos.edu\/colegio\/#\/schema\/person\/6392ff2e4bd1e66981d6eab734bbd962"},"headline":"El alumnado de Infantil participa en el concurso municipal de adornos navide\u00f1os","datePublished":"2025-12-11T20:02:27+00:00","dateModified":"2025-12-11T20:02:59+00:00","mainEntityOfPage":{"@id":"https:\/\/granada.salesianos.edu\/colegio\/blog\/el-alumnado-de-infantil-participa-en-el-concurso-municipal-de-adornos-navidenos\/"},"wordCount":354,"commentCount":0,"publisher":{"@id":"https:\/\/granada.salesianos.edu\/colegio\/#organization"},"image":{"@id":"https:\/\/granada.salesianos.edu\/colegio\/blog\/el-alumnado-de-infantil-participa-en-el-concurso-municipal-de-adornos-navidenos\/#primaryimage"},"thumbnailUrl":"https:\/\/granada.salesianos.edu\/colegio\/wp-content\/uploads\/sites\/2\/2025\/12\/WhatsApp-Image-2025-12-11-at-19.08.21.jpeg","articleSection":["Colegio","Infantil"],"inLanguage":"es","potentialAction":[{"@type":"CommentAction","name":"Comment","target":["https:\/\/granada.salesianos.edu\/colegio\/blog\/el-alumnado-de-infantil-participa-en-el-concurso-municipal-de-adornos-navidenos\/#respond"]}]},{"@type":"WebPage","@id":"https:\/\/granada.salesianos.edu\/colegio\/blog\/el-alumnado-de-infantil-participa-en-el-concurso-municipal-de-adornos-navidenos\/","url":"https:\/\/granada.salesianos.edu\/colegio\/blog\/el-alumnado-de-infantil-participa-en-el-concurso-municipal-de-adornos-navidenos\/","name":"El alumnado de Infantil participa en el concurso municipal de adornos navide\u00f1os - Colegio Salesiano","isPartOf":{"@id":"https:\/\/granada.salesianos.edu\/colegio\/#website"},"primaryImageOfPage":{"@id":"https:\/\/granada.salesianos.edu\/colegio\/blog\/el-alumnado-de-infantil-participa-en-el-concurso-municipal-de-adornos-navidenos\/#primaryimage"},"image":{"@id":"https:\/\/granada.salesianos.edu\/colegio\/blog\/el-alumnado-de-infantil-participa-en-el-concurso-municipal-de-adornos-navidenos\/#primaryimage"},"thumbnailUrl":"https:\/\/granada.salesianos.edu\/colegio\/wp-content\/uploads\/sites\/2\/2025\/12\/WhatsApp-Image-2025-12-11-at-19.08.21.jpeg","datePublished":"2025-12-11T20:02:27+00:00","dateModified":"2025-12-11T20:02:59+00:00","description":"\ud83d\udd2c\u2728 Gran actuaci\u00f3n en las Olimpiadas de F\u00edsica de Granada de nuestros alumnos de Bachillerato \u2728\ud83d\udd2c","breadcrumb":{"@id":"https:\/\/granada.salesianos.edu\/colegio\/blog\/el-alumnado-de-infantil-participa-en-el-concurso-municipal-de-adornos-navidenos\/#breadcrumb"},"inLanguage":"es","potentialAction":[{"@type":"ReadAction","target":["https:\/\/granada.salesianos.edu\/colegio\/blog\/el-alumnado-de-infantil-participa-en-el-concurso-municipal-de-adornos-navidenos\/"]}]},{"@type":"ImageObject","inLanguage":"es","@id":"https:\/\/granada.salesianos.edu\/colegio\/blog\/el-alumnado-de-infantil-participa-en-el-concurso-municipal-de-adornos-navidenos\/#primaryimage","url":"https:\/\/granada.salesianos.edu\/colegio\/wp-content\/uploads\/sites\/2\/2025\/12\/WhatsApp-Image-2025-12-11-at-19.08.21.jpeg","contentUrl":"https:\/\/granada.salesianos.edu\/colegio\/wp-content\/uploads\/sites\/2\/2025\/12\/WhatsApp-Image-2025-12-11-at-19.08.21.jpeg","width":1440,"height":1080},{"@type":"BreadcrumbList","@id":"https:\/\/granada.salesianos.edu\/colegio\/blog\/el-alumnado-de-infantil-participa-en-el-concurso-municipal-de-adornos-navidenos\/#breadcrumb","itemListElement":[{"@type":"ListItem","position":1,"name":"Portada","item":"https:\/\/granada.salesianos.edu\/colegio\/"},{"@type":"ListItem","position":2,"name":"El alumnado de Infantil participa en el concurso municipal de adornos navide\u00f1os"}]},{"@type":"WebSite","@id":"https:\/\/granada.salesianos.edu\/colegio\/#website","url":"https:\/\/granada.salesianos.edu\/colegio\/","name":"Colegio Salesiano","description":"P\u00e1gina oficial de Salesianos Granada San Juan Bosco","publisher":{"@id":"https:\/\/granada.salesianos.edu\/colegio\/#organization"},"potentialAction":[{"@type":"SearchAction","target":{"@type":"EntryPoint","urlTemplate":"https:\/\/granada.salesianos.edu\/colegio\/?s={search_term_string}"},"query-input":{"@type":"PropertyValueSpecification","valueRequired":true,"valueName":"search_term_string"}}],"inLanguage":"es"},{"@type":"Organization","@id":"https:\/\/granada.salesianos.edu\/colegio\/#organization","name":"Colegio Salesiano San Juan Bosco Granada","url":"https:\/\/granada.salesianos.edu\/colegio\/","logo":{"@type":"ImageObject","inLanguage":"es","@id":"https:\/\/granada.salesianos.edu\/colegio\/#\/schema\/logo\/image\/","url":"https:\/\/granada.salesianos.edu\/colegio\/wp-content\/uploads\/sites\/2\/2021\/01\/GRANADAobraVN2.jpg","contentUrl":"https:\/\/granada.salesianos.edu\/colegio\/wp-content\/uploads\/sites\/2\/2021\/01\/GRANADAobraVN2.jpg","width":2113,"height":1894,"caption":"Colegio Salesiano San Juan Bosco Granada"},"image":{"@id":"https:\/\/granada.salesianos.edu\/colegio\/#\/schema\/logo\/image\/"},"sameAs":["https:\/\/www.facebook.com\/SalesianosGR\/","https:\/\/x.com\/GranadaSDB","https:\/\/www.instagram.com\/salesianosgranada\/","https:\/\/www.youtube.com\/channel\/UChkpZuhCf4Y5rYIcFT3CNxw?view_as=subscriber"]},{"@type":"Person","@id":"https:\/\/granada.salesianos.edu\/colegio\/#\/schema\/person\/6392ff2e4bd1e66981d6eab734bbd962","name":"Gestor Web","image":{"@type":"ImageObject","inLanguage":"es","@id":"https:\/\/secure.gravatar.com\/avatar\/160666bb56a01520857079961a824af2b7821d6bad80677c80f2b473fceead1b?s=96&d=mm&r=g","url":"https:\/\/secure.gravatar.com\/avatar\/160666bb56a01520857079961a824af2b7821d6bad80677c80f2b473fceead1b?s=96&d=mm&r=g","contentUrl":"https:\/\/secure.gravatar.com\/avatar\/160666bb56a01520857079961a824af2b7821d6bad80677c80f2b473fceead1b?s=96&d=mm&r=g","caption":"Gestor Web"}}]}},"_links":{"self":[{"href":"https:\/\/granada.salesianos.edu\/colegio\/wp-json\/wp\/v2\/posts\/21257","targetHints":{"allow":["GET"]}}],"collection":[{"href":"https:\/\/granada.salesianos.edu\/colegio\/wp-json\/wp\/v2\/posts"}],"about":[{"href":"https:\/\/granada.salesianos.edu\/colegio\/wp-json\/wp\/v2\/types\/post"}],"author":[{"embeddable":true,"href":"https:\/\/granada.salesianos.edu\/colegio\/wp-json\/wp\/v2\/users\/2"}],"replies":[{"embeddable":true,"href":"https:\/\/granada.salesianos.edu\/colegio\/wp-json\/wp\/v2\/comments?post=21257"}],"version-history":[{"count":4,"href":"https:\/\/granada.salesianos.edu\/colegio\/wp-json\/wp\/v2\/posts\/21257\/revisions"}],"predecessor-version":[{"id":21265,"href":"https:\/\/granada.salesianos.edu\/colegio\/wp-json\/wp\/v2\/posts\/21257\/revisions\/21265"}],"wp:featuredmedia":[{"embeddable":true,"href":"https:\/\/granada.salesianos.edu\/colegio\/wp-json\/wp\/v2\/media\/21260"}],"wp:attachment":[{"href":"https:\/\/granada.salesianos.edu\/colegio\/wp-json\/wp\/v2\/media?parent=21257"}],"wp:term":[{"taxonomy":"category","embeddable":true,"href":"https:\/\/granada.salesianos.edu\/colegio\/wp-json\/wp\/v2\/categories?post=21257"},{"taxonomy":"post_tag","embeddable":true,"href":"https:\/\/granada.salesianos.edu\/colegio\/wp-json\/wp\/v2\/tags?post=21257"}],"curies":[{"name":"wp","href":"https:\/\/api.w.org\/{rel}","templated":true}]}}