{"id":4457,"date":"2017-12-29T16:57:52","date_gmt":"2017-12-29T14:57:52","guid":{"rendered":"https:\/\/granada.salesianos.edu\/colegio\/?p=4457"},"modified":"2017-12-29T20:21:51","modified_gmt":"2017-12-29T18:21:51","slug":"d-cristobal-es-nombrado-obispo-de-rabat","status":"publish","type":"post","link":"https:\/\/granada.salesianos.edu\/colegio\/blog\/d-cristobal-es-nombrado-obispo-de-rabat\/","title":{"rendered":"D. CRIST\u00d3BAL ES NOMBRADO OBISPO DE RABAT"},"content":{"rendered":"<div id=\"fb-root\"><\/div>\n<p>[et_pb_section bb_built=\u00bb1&#8243; admin_label=\u00bbsection\u00bb][et_pb_row admin_label=\u00bbrow\u00bb background_position=\u00bbtop_left\u00bb background_repeat=\u00bbrepeat\u00bb background_size=\u00bbinitial\u00bb][et_pb_column type=\u00bb4_4&#8243;][et_pb_text admin_label=\u00bbEntradilla (Texto)\u00bb _builder_version=\u00bb3.0.92&#8243; background_layout=\u00bblight\u00bb text_orientation=\u00bbjustified\u00bb text_font=\u00bb|on|||\u00bb]<\/p>\n<h3><strong><span style=\"color: #ff0000;\">Ha sido comunicado en el d\u00eda de hoy<\/span><\/strong><\/h3>\n<p>[\/et_pb_text][et_pb_text admin_label=\u00bbAutor (Texto)\u00bb _builder_version=\u00bb3.0.92&#8243; background_layout=\u00bblight\u00bb text_font=\u00bb||on||\u00bb]<\/p>\n<p>Por: Juan Fco. Huertas Carretero, sdb.<\/p>\n<p>[\/et_pb_text][et_pb_text admin_label=\u00bbDesarrollo (Texto)\u00bb _builder_version=\u00bb3.0.92&#8243; background_layout=\u00bblight\u00bb text_orientation=\u00bbjustified\u00bb]<\/p>\n<p>El papa Francisco ha nombrado, esta ma\u00f1ana, al salesiano espa\u00f1ol Crist\u00f3bal L\u00f3pez Romero como nuevo arzobispo de la di\u00f3cesis de Rabat. El salesiano era, desde 2014, Provincial de la Inspector\u00eda salesiana Mar\u00eda Auxiliadora con sede en Sevilla. Sustituir\u00e1 a Mons. Vincent Landel SCI, arzobispo de la di\u00f3cesis marroqu\u00ed desde 2001, y que hab\u00eda presentado su renuncia al cumplir 75 a\u00f1os.<\/p>\n<p><img loading=\"lazy\" decoding=\"async\" class=\"wp-image-4458 alignleft\" src=\"https:\/\/granada.salesianos.edu\/colegio\/wp-content\/uploads\/sites\/2\/2017\/12\/Cristobal-L\u00f3pez-300x200.jpg\" alt=\"\" width=\"438\" height=\"292\" srcset=\"https:\/\/granada.salesianos.edu\/colegio\/wp-content\/uploads\/sites\/2\/2017\/12\/Cristobal-L\u00f3pez-300x200.jpg 300w, https:\/\/granada.salesianos.edu\/colegio\/wp-content\/uploads\/sites\/2\/2017\/12\/Cristobal-L\u00f3pez-768x511.jpg 768w, https:\/\/granada.salesianos.edu\/colegio\/wp-content\/uploads\/sites\/2\/2017\/12\/Cristobal-L\u00f3pez.jpg 800w\" sizes=\"(max-width: 438px) 100vw, 438px\" \/><\/p>\n<p>El nuevo arzobispo de Rabat conoce Marruecos, donde estuvo trabajando 8 a\u00f1os. De 2003 al 2010, fue director de la comunidad salesiana, del colegio y centro de formaci\u00f3n profesional Don Bosco de Kenitra (Di\u00f3cesis de Rabat). En ese tiempo, fue tambi\u00e9n miembro del Consejo Presbiteral y del Consejo Diocesano para la Educaci\u00f3n Cat\u00f3lica.<\/p>\n<p>&nbsp;<\/p>\n<p>\u201cToda la Familia Salesiana felicitamos a nuestro hermano Crist\u00f3bal y, desde ahora, le aseguramos nuestra oraci\u00f3n por el nuevo ministerio de servicio a la Iglesia que comienza\u201d, ha se\u00f1alado Juan Carlos P\u00e9rez Godoy, Provincial salesiano de Madrid. \u201cPara nosotros, salesianos, es una alegr\u00eda y un orgullo que el papa Francisco haya pensado en un hermano nuestro para tan importante servicio\u201d, ha a\u00f1adido P\u00e9rez Godoy.<\/p>\n<p>&nbsp;<\/p>\n<p>Crist\u00f3bal L\u00f3pez es un salesiano con experiencia en la animaci\u00f3n y gobierno. Ha sido nombrado provincial en tres ocasiones. Los que lo conocen destacan de \u00e9l su profundo sentido religioso y de Iglesia, su capacidad de trabajo en equipo y de di\u00e1logo, y su sensibilidad hacia los m\u00e1s necesitados. En sus encuentros con los j\u00f3venes les ha insistido en que \u201cvale la pena vivir la vida con Jes\u00fas; vivir el Evangelio es fuente de alegr\u00eda, es f\u00e1cil hacerlo y da una profunda y definitiva felicidad\u2026 y en eso consiste ser santo\u201d.<\/p>\n<p>&nbsp;<\/p>\n<p><strong>Un salesiano al servicio de la misi\u00f3n<\/strong><\/p>\n<p>&nbsp;<\/p>\n<p>El P. Crist\u00f3bal L\u00f3pez Romero, de 65 a\u00f1os, naci\u00f3 el 19 de mayo de 1952 en V\u00e9lez Rubio (Almer\u00eda). Su familia se traslad\u00f3 a Badalona, donde estudi\u00f3 con los salesianos y manifest\u00f3 su deseo de ser religioso salesiano. Hizo su primera profesi\u00f3n religiosa el 16 de agosto de 1968 en Godelleta (Valencia), y la profesi\u00f3n perpetua el 2 de agosto de 1974 en Barcelona.<\/p>\n<p>&nbsp;<\/p>\n<p>Tras los estudios de Teolog\u00eda, fue ordenado sacerdote el 19 de mayo de 1979 en Barcelona. Diplomado en Magisterio, Licenciado en Estudios Eclesi\u00e1sticos, es tambi\u00e9n Licenciado en Ciencias de la Informaci\u00f3n. Durante 11 a\u00f1os estuvo trabajando en el barrio barcelon\u00e9s de Verneda.<\/p>\n<p>&nbsp;<\/p>\n<p>A los 32 a\u00f1os, en 1984, pide ir a misiones y fue destinado a Paraguay, donde pas\u00f3 18 a\u00f1os. Fue Provincial de Paraguay de 1994 al 2000. Durante su estancia en este pa\u00eds fue nombrado Presidente de la Conferencia de Religiosos y fund\u00f3 la Asociaci\u00f3n de Comunicadores Cat\u00f3licos de Paraguay. Tambi\u00e9n, fue miembro del consejo asesor del Ministerio de Educaci\u00f3n.<\/p>\n<p>&nbsp;<\/p>\n<p>Despu\u00e9s de su trabajo (2003-2011) en Kenitra, Marruecos, es nombrado Provincial salesiano de Bolivia el 31 de enero de 2011 y ocup\u00f3 este cargo hasta 2014. El 21 de abril de ese a\u00f1o fue nombrado Provincial de la Inspector\u00eda salesiana Mar\u00eda Auxiliadora, con sede en Sevilla, una de las dos provincias salesianas de Espa\u00f1a, que agrupa las casas y obras salesianas de Andaluc\u00eda, Arag\u00f3n, Baleares, Canarias, Catalu\u00f1a, Extremadura, Murcia y Comunidad Valenciana.<\/p>\n<p>&nbsp;<\/p>\n<p>Seg\u00fan las Constituciones salesianas, ahora se iniciar\u00e1 el mecanismo para el nombramiento del nuevo provincial para la Inspector\u00eda de Mar\u00eda Auxiliadora con sede en Sevilla, seg\u00fan la modalidad y tiempos que establezca el Rector Mayor de la Congregaci\u00f3n.<\/p>\n<p>&nbsp;<\/p>\n<p>&nbsp;<\/p>\n<p>[\/et_pb_text][et_pb_text admin_label=\u00bbT\u00edtulo: Galer\u00eda de fotos (Texto)\u00bb _builder_version=\u00bb3.0.92&#8243; background_layout=\u00bblight\u00bb text_font=\u00bb|on|||\u00bb text_text_color=\u00bb#dc001b\u00bb disabled=\u00bbon\u00bb disabled_on=\u00bbon|on|on\u00bb]<\/p>\n<p>GALER\u00cdA FOTOGR\u00c1FICA<\/p>\n<p>[Best_Wordpress_Gallery id=\u00bb6&#8243; gal_title=\u00bbNAVIDAD SOLIDARIA\u00bb]<\/p>\n<p>&nbsp;<\/p>\n<p>[\/et_pb_text][et_pb_gallery _builder_version=\u00bb3.0.92&#8243; posts_number=\u00bb8&#8243; show_title_and_caption=\u00bboff\u00bb show_pagination=\u00bbon\u00bb fullwidth=\u00bboff\u00bb orientation=\u00bblandscape\u00bb zoom_icon_color=\u00bb#dc001b\u00bb hover_overlay_color=\u00bbrgba(255,255,255,0.9)\u00bb hover_icon=\u00bb%%51%%\u00bb background_layout=\u00bblight\u00bb border_style=\u00bbsolid\u00bb auto=\u00bboff\u00bb disabled=\u00bbon\u00bb disabled_on=\u00bbon|on|on\u00bb \/][et_pb_video _builder_version=\u00bb3.0.51&#8243; disabled=\u00bbon\u00bb disabled_on=\u00bbon|on|on\u00bb \/][\/et_pb_column][\/et_pb_row][\/et_pb_section]<\/p>\n","protected":false},"excerpt":{"rendered":"<p>El papa Francisco ha nombrado, esta ma\u00f1ana, al salesiano espa\u00f1ol Crist\u00f3bal L\u00f3pez Romero como nuevo arzobispo de la di\u00f3cesis de Rabat. El salesiano era, desde 2014, Provincial de la Inspector\u00eda salesiana Mar\u00eda Auxiliadora con sede en Sevilla. Sustituir\u00e1 a Mons. Vincent Landel SCI, arzobispo de la di\u00f3cesis marroqu\u00ed desde 2001, y que hab\u00eda presentado su renuncia al cumplir 75 a\u00f1os.<\/p>\n","protected":false},"author":2,"featured_media":0,"comment_status":"open","ping_status":"open","sticky":false,"template":"","format":"standard","meta":{"_et_pb_use_builder":"on","_et_pb_old_content":"","_et_gb_content_width":"","footnotes":""},"categories":[11,1],"tags":[],"class_list":["post-4457","post","type-post","status-publish","format-standard","hentry","category-colegio","category-uncategorized"],"yoast_head":"<!-- This site is optimized with the Yoast SEO plugin v28.4 - https:\/\/yoast.com\/product\/yoast-seo-wordpress\/ -->\n<title>D. CRIST\u00d3BAL ES NOMBRADO OBISPO DE RABAT - Colegio Salesiano<\/title>\n<meta name=\"robots\" content=\"index, follow, max-snippet:-1, max-image-preview:large, max-video-preview:-1\" \/>\n<link rel=\"canonical\" href=\"https:\/\/granada.salesianos.edu\/colegio\/blog\/d-cristobal-es-nombrado-obispo-de-rabat\/\" \/>\n<meta property=\"og:locale\" content=\"es_ES\" \/>\n<meta property=\"og:type\" content=\"article\" \/>\n<meta property=\"og:title\" content=\"D. CRIST\u00d3BAL ES NOMBRADO OBISPO DE RABAT - Colegio Salesiano\" \/>\n<meta property=\"og:description\" content=\"El papa Francisco ha nombrado, esta ma\u00f1ana, al salesiano espa\u00f1ol Crist\u00f3bal L\u00f3pez Romero como nuevo arzobispo de la di\u00f3cesis de Rabat. El salesiano era, desde 2014, Provincial de la Inspector\u00eda salesiana Mar\u00eda Auxiliadora con sede en Sevilla. Sustituir\u00e1 a Mons. Vincent Landel SCI, arzobispo de la di\u00f3cesis marroqu\u00ed desde 2001, y que hab\u00eda presentado su renuncia al cumplir 75 a\u00f1os.\" \/>\n<meta property=\"og:url\" content=\"https:\/\/granada.salesianos.edu\/colegio\/blog\/d-cristobal-es-nombrado-obispo-de-rabat\/\" \/>\n<meta property=\"og:site_name\" content=\"Colegio Salesiano\" \/>\n<meta property=\"article:publisher\" content=\"https:\/\/www.facebook.com\/SalesianosGR\/\" \/>\n<meta property=\"article:published_time\" content=\"2017-12-29T14:57:52+00:00\" \/>\n<meta property=\"article:modified_time\" content=\"2017-12-29T18:21:51+00:00\" \/>\n<meta property=\"og:image\" content=\"https:\/\/granada.salesianos.edu\/colegio\/wp-content\/uploads\/sites\/2\/2017\/12\/Cristobal-L\u00f3pez-300x200.jpg\" \/>\n<meta name=\"author\" content=\"Gestor Web\" \/>\n<meta name=\"twitter:card\" content=\"summary_large_image\" \/>\n<meta name=\"twitter:creator\" content=\"@GranadaSDB\" \/>\n<meta name=\"twitter:site\" content=\"@GranadaSDB\" \/>\n<meta name=\"twitter:label1\" content=\"Escrito por\" \/>\n\t<meta name=\"twitter:data1\" content=\"Gestor Web\" \/>\n\t<meta name=\"twitter:label2\" content=\"Tiempo de lectura\" \/>\n\t<meta name=\"twitter:data2\" content=\"4 minutos\" \/>\n<script type=\"application\/ld+json\" class=\"yoast-schema-graph\">{\"@context\":\"https:\\\/\\\/schema.org\",\"@graph\":[{\"@type\":\"Article\",\"@id\":\"https:\\\/\\\/granada.salesianos.edu\\\/colegio\\\/blog\\\/d-cristobal-es-nombrado-obispo-de-rabat\\\/#article\",\"isPartOf\":{\"@id\":\"https:\\\/\\\/granada.salesianos.edu\\\/colegio\\\/blog\\\/d-cristobal-es-nombrado-obispo-de-rabat\\\/\"},\"author\":{\"name\":\"Gestor Web\",\"@id\":\"https:\\\/\\\/granada.salesianos.edu\\\/colegio\\\/#\\\/schema\\\/person\\\/6392ff2e4bd1e66981d6eab734bbd962\"},\"headline\":\"D. CRIST\u00d3BAL ES NOMBRADO OBISPO DE RABAT\",\"datePublished\":\"2017-12-29T14:57:52+00:00\",\"dateModified\":\"2017-12-29T18:21:51+00:00\",\"mainEntityOfPage\":{\"@id\":\"https:\\\/\\\/granada.salesianos.edu\\\/colegio\\\/blog\\\/d-cristobal-es-nombrado-obispo-de-rabat\\\/\"},\"wordCount\":824,\"commentCount\":0,\"publisher\":{\"@id\":\"https:\\\/\\\/granada.salesianos.edu\\\/colegio\\\/#organization\"},\"articleSection\":[\"Colegio\",\"Uncategorized\"],\"inLanguage\":\"es\",\"potentialAction\":[{\"@type\":\"CommentAction\",\"name\":\"Comment\",\"target\":[\"https:\\\/\\\/granada.salesianos.edu\\\/colegio\\\/blog\\\/d-cristobal-es-nombrado-obispo-de-rabat\\\/#respond\"]}]},{\"@type\":\"WebPage\",\"@id\":\"https:\\\/\\\/granada.salesianos.edu\\\/colegio\\\/blog\\\/d-cristobal-es-nombrado-obispo-de-rabat\\\/\",\"url\":\"https:\\\/\\\/granada.salesianos.edu\\\/colegio\\\/blog\\\/d-cristobal-es-nombrado-obispo-de-rabat\\\/\",\"name\":\"D. CRIST\u00d3BAL ES NOMBRADO OBISPO DE RABAT - Colegio Salesiano\",\"isPartOf\":{\"@id\":\"https:\\\/\\\/granada.salesianos.edu\\\/colegio\\\/#website\"},\"datePublished\":\"2017-12-29T14:57:52+00:00\",\"dateModified\":\"2017-12-29T18:21:51+00:00\",\"breadcrumb\":{\"@id\":\"https:\\\/\\\/granada.salesianos.edu\\\/colegio\\\/blog\\\/d-cristobal-es-nombrado-obispo-de-rabat\\\/#breadcrumb\"},\"inLanguage\":\"es\",\"potentialAction\":[{\"@type\":\"ReadAction\",\"target\":[\"https:\\\/\\\/granada.salesianos.edu\\\/colegio\\\/blog\\\/d-cristobal-es-nombrado-obispo-de-rabat\\\/\"]}]},{\"@type\":\"BreadcrumbList\",\"@id\":\"https:\\\/\\\/granada.salesianos.edu\\\/colegio\\\/blog\\\/d-cristobal-es-nombrado-obispo-de-rabat\\\/#breadcrumb\",\"itemListElement\":[{\"@type\":\"ListItem\",\"position\":1,\"name\":\"Portada\",\"item\":\"https:\\\/\\\/granada.salesianos.edu\\\/colegio\\\/\"},{\"@type\":\"ListItem\",\"position\":2,\"name\":\"D. CRIST\u00d3BAL ES NOMBRADO OBISPO DE RABAT\"}]},{\"@type\":\"WebSite\",\"@id\":\"https:\\\/\\\/granada.salesianos.edu\\\/colegio\\\/#website\",\"url\":\"https:\\\/\\\/granada.salesianos.edu\\\/colegio\\\/\",\"name\":\"Colegio Salesiano\",\"description\":\"P\u00e1gina oficial de Salesianos Granada San Juan Bosco\",\"publisher\":{\"@id\":\"https:\\\/\\\/granada.salesianos.edu\\\/colegio\\\/#organization\"},\"potentialAction\":[{\"@type\":\"SearchAction\",\"target\":{\"@type\":\"EntryPoint\",\"urlTemplate\":\"https:\\\/\\\/granada.salesianos.edu\\\/colegio\\\/?s={search_term_string}\"},\"query-input\":{\"@type\":\"PropertyValueSpecification\",\"valueRequired\":true,\"valueName\":\"search_term_string\"}}],\"inLanguage\":\"es\"},{\"@type\":\"Organization\",\"@id\":\"https:\\\/\\\/granada.salesianos.edu\\\/colegio\\\/#organization\",\"name\":\"Colegio Salesiano San Juan Bosco Granada\",\"url\":\"https:\\\/\\\/granada.salesianos.edu\\\/colegio\\\/\",\"logo\":{\"@type\":\"ImageObject\",\"inLanguage\":\"es\",\"@id\":\"https:\\\/\\\/granada.salesianos.edu\\\/colegio\\\/#\\\/schema\\\/logo\\\/image\\\/\",\"url\":\"https:\\\/\\\/granada.salesianos.edu\\\/colegio\\\/wp-content\\\/uploads\\\/sites\\\/2\\\/2021\\\/01\\\/GRANADAobraVN2.jpg\",\"contentUrl\":\"https:\\\/\\\/granada.salesianos.edu\\\/colegio\\\/wp-content\\\/uploads\\\/sites\\\/2\\\/2021\\\/01\\\/GRANADAobraVN2.jpg\",\"width\":2113,\"height\":1894,\"caption\":\"Colegio Salesiano San Juan Bosco Granada\"},\"image\":{\"@id\":\"https:\\\/\\\/granada.salesianos.edu\\\/colegio\\\/#\\\/schema\\\/logo\\\/image\\\/\"},\"sameAs\":[\"https:\\\/\\\/www.facebook.com\\\/SalesianosGR\\\/\",\"https:\\\/\\\/x.com\\\/GranadaSDB\",\"https:\\\/\\\/www.instagram.com\\\/salesianosgranada\\\/\",\"https:\\\/\\\/www.youtube.com\\\/channel\\\/UChkpZuhCf4Y5rYIcFT3CNxw?view_as=subscriber\"]},{\"@type\":\"Person\",\"@id\":\"https:\\\/\\\/granada.salesianos.edu\\\/colegio\\\/#\\\/schema\\\/person\\\/6392ff2e4bd1e66981d6eab734bbd962\",\"name\":\"Gestor Web\",\"image\":{\"@type\":\"ImageObject\",\"inLanguage\":\"es\",\"@id\":\"https:\\\/\\\/secure.gravatar.com\\\/avatar\\\/160666bb56a01520857079961a824af2b7821d6bad80677c80f2b473fceead1b?s=96&d=mm&r=g\",\"url\":\"https:\\\/\\\/secure.gravatar.com\\\/avatar\\\/160666bb56a01520857079961a824af2b7821d6bad80677c80f2b473fceead1b?s=96&d=mm&r=g\",\"contentUrl\":\"https:\\\/\\\/secure.gravatar.com\\\/avatar\\\/160666bb56a01520857079961a824af2b7821d6bad80677c80f2b473fceead1b?s=96&d=mm&r=g\",\"caption\":\"Gestor Web\"}}]}<\/script>\n<!-- \/ Yoast SEO plugin. -->","yoast_head_json":{"title":"D. CRIST\u00d3BAL ES NOMBRADO OBISPO DE RABAT - Colegio Salesiano","robots":{"index":"index","follow":"follow","max-snippet":"max-snippet:-1","max-image-preview":"max-image-preview:large","max-video-preview":"max-video-preview:-1"},"canonical":"https:\/\/granada.salesianos.edu\/colegio\/blog\/d-cristobal-es-nombrado-obispo-de-rabat\/","og_locale":"es_ES","og_type":"article","og_title":"D. CRIST\u00d3BAL ES NOMBRADO OBISPO DE RABAT - Colegio Salesiano","og_description":"El papa Francisco ha nombrado, esta ma\u00f1ana, al salesiano espa\u00f1ol Crist\u00f3bal L\u00f3pez Romero como nuevo arzobispo de la di\u00f3cesis de Rabat. El salesiano era, desde 2014, Provincial de la Inspector\u00eda salesiana Mar\u00eda Auxiliadora con sede en Sevilla. Sustituir\u00e1 a Mons. Vincent Landel SCI, arzobispo de la di\u00f3cesis marroqu\u00ed desde 2001, y que hab\u00eda presentado su renuncia al cumplir 75 a\u00f1os.","og_url":"https:\/\/granada.salesianos.edu\/colegio\/blog\/d-cristobal-es-nombrado-obispo-de-rabat\/","og_site_name":"Colegio Salesiano","article_publisher":"https:\/\/www.facebook.com\/SalesianosGR\/","article_published_time":"2017-12-29T14:57:52+00:00","article_modified_time":"2017-12-29T18:21:51+00:00","og_image":[{"url":"https:\/\/granada.salesianos.edu\/colegio\/wp-content\/uploads\/sites\/2\/2017\/12\/Cristobal-L\u00f3pez-300x200.jpg","type":"","width":"","height":""}],"author":"Gestor Web","twitter_card":"summary_large_image","twitter_creator":"@GranadaSDB","twitter_site":"@GranadaSDB","twitter_misc":{"Escrito por":"Gestor Web","Tiempo de lectura":"4 minutos"},"schema":{"@context":"https:\/\/schema.org","@graph":[{"@type":"Article","@id":"https:\/\/granada.salesianos.edu\/colegio\/blog\/d-cristobal-es-nombrado-obispo-de-rabat\/#article","isPartOf":{"@id":"https:\/\/granada.salesianos.edu\/colegio\/blog\/d-cristobal-es-nombrado-obispo-de-rabat\/"},"author":{"name":"Gestor Web","@id":"https:\/\/granada.salesianos.edu\/colegio\/#\/schema\/person\/6392ff2e4bd1e66981d6eab734bbd962"},"headline":"D. CRIST\u00d3BAL ES NOMBRADO OBISPO DE RABAT","datePublished":"2017-12-29T14:57:52+00:00","dateModified":"2017-12-29T18:21:51+00:00","mainEntityOfPage":{"@id":"https:\/\/granada.salesianos.edu\/colegio\/blog\/d-cristobal-es-nombrado-obispo-de-rabat\/"},"wordCount":824,"commentCount":0,"publisher":{"@id":"https:\/\/granada.salesianos.edu\/colegio\/#organization"},"articleSection":["Colegio","Uncategorized"],"inLanguage":"es","potentialAction":[{"@type":"CommentAction","name":"Comment","target":["https:\/\/granada.salesianos.edu\/colegio\/blog\/d-cristobal-es-nombrado-obispo-de-rabat\/#respond"]}]},{"@type":"WebPage","@id":"https:\/\/granada.salesianos.edu\/colegio\/blog\/d-cristobal-es-nombrado-obispo-de-rabat\/","url":"https:\/\/granada.salesianos.edu\/colegio\/blog\/d-cristobal-es-nombrado-obispo-de-rabat\/","name":"D. CRIST\u00d3BAL ES NOMBRADO OBISPO DE RABAT - Colegio Salesiano","isPartOf":{"@id":"https:\/\/granada.salesianos.edu\/colegio\/#website"},"datePublished":"2017-12-29T14:57:52+00:00","dateModified":"2017-12-29T18:21:51+00:00","breadcrumb":{"@id":"https:\/\/granada.salesianos.edu\/colegio\/blog\/d-cristobal-es-nombrado-obispo-de-rabat\/#breadcrumb"},"inLanguage":"es","potentialAction":[{"@type":"ReadAction","target":["https:\/\/granada.salesianos.edu\/colegio\/blog\/d-cristobal-es-nombrado-obispo-de-rabat\/"]}]},{"@type":"BreadcrumbList","@id":"https:\/\/granada.salesianos.edu\/colegio\/blog\/d-cristobal-es-nombrado-obispo-de-rabat\/#breadcrumb","itemListElement":[{"@type":"ListItem","position":1,"name":"Portada","item":"https:\/\/granada.salesianos.edu\/colegio\/"},{"@type":"ListItem","position":2,"name":"D. CRIST\u00d3BAL ES NOMBRADO OBISPO DE RABAT"}]},{"@type":"WebSite","@id":"https:\/\/granada.salesianos.edu\/colegio\/#website","url":"https:\/\/granada.salesianos.edu\/colegio\/","name":"Colegio Salesiano","description":"P\u00e1gina oficial de Salesianos Granada San Juan Bosco","publisher":{"@id":"https:\/\/granada.salesianos.edu\/colegio\/#organization"},"potentialAction":[{"@type":"SearchAction","target":{"@type":"EntryPoint","urlTemplate":"https:\/\/granada.salesianos.edu\/colegio\/?s={search_term_string}"},"query-input":{"@type":"PropertyValueSpecification","valueRequired":true,"valueName":"search_term_string"}}],"inLanguage":"es"},{"@type":"Organization","@id":"https:\/\/granada.salesianos.edu\/colegio\/#organization","name":"Colegio Salesiano San Juan Bosco Granada","url":"https:\/\/granada.salesianos.edu\/colegio\/","logo":{"@type":"ImageObject","inLanguage":"es","@id":"https:\/\/granada.salesianos.edu\/colegio\/#\/schema\/logo\/image\/","url":"https:\/\/granada.salesianos.edu\/colegio\/wp-content\/uploads\/sites\/2\/2021\/01\/GRANADAobraVN2.jpg","contentUrl":"https:\/\/granada.salesianos.edu\/colegio\/wp-content\/uploads\/sites\/2\/2021\/01\/GRANADAobraVN2.jpg","width":2113,"height":1894,"caption":"Colegio Salesiano San Juan Bosco Granada"},"image":{"@id":"https:\/\/granada.salesianos.edu\/colegio\/#\/schema\/logo\/image\/"},"sameAs":["https:\/\/www.facebook.com\/SalesianosGR\/","https:\/\/x.com\/GranadaSDB","https:\/\/www.instagram.com\/salesianosgranada\/","https:\/\/www.youtube.com\/channel\/UChkpZuhCf4Y5rYIcFT3CNxw?view_as=subscriber"]},{"@type":"Person","@id":"https:\/\/granada.salesianos.edu\/colegio\/#\/schema\/person\/6392ff2e4bd1e66981d6eab734bbd962","name":"Gestor Web","image":{"@type":"ImageObject","inLanguage":"es","@id":"https:\/\/secure.gravatar.com\/avatar\/160666bb56a01520857079961a824af2b7821d6bad80677c80f2b473fceead1b?s=96&d=mm&r=g","url":"https:\/\/secure.gravatar.com\/avatar\/160666bb56a01520857079961a824af2b7821d6bad80677c80f2b473fceead1b?s=96&d=mm&r=g","contentUrl":"https:\/\/secure.gravatar.com\/avatar\/160666bb56a01520857079961a824af2b7821d6bad80677c80f2b473fceead1b?s=96&d=mm&r=g","caption":"Gestor Web"}}]}},"_links":{"self":[{"href":"https:\/\/granada.salesianos.edu\/colegio\/wp-json\/wp\/v2\/posts\/4457","targetHints":{"allow":["GET"]}}],"collection":[{"href":"https:\/\/granada.salesianos.edu\/colegio\/wp-json\/wp\/v2\/posts"}],"about":[{"href":"https:\/\/granada.salesianos.edu\/colegio\/wp-json\/wp\/v2\/types\/post"}],"author":[{"embeddable":true,"href":"https:\/\/granada.salesianos.edu\/colegio\/wp-json\/wp\/v2\/users\/2"}],"replies":[{"embeddable":true,"href":"https:\/\/granada.salesianos.edu\/colegio\/wp-json\/wp\/v2\/comments?post=4457"}],"version-history":[{"count":3,"href":"https:\/\/granada.salesianos.edu\/colegio\/wp-json\/wp\/v2\/posts\/4457\/revisions"}],"predecessor-version":[{"id":4496,"href":"https:\/\/granada.salesianos.edu\/colegio\/wp-json\/wp\/v2\/posts\/4457\/revisions\/4496"}],"wp:attachment":[{"href":"https:\/\/granada.salesianos.edu\/colegio\/wp-json\/wp\/v2\/media?parent=4457"}],"wp:term":[{"taxonomy":"category","embeddable":true,"href":"https:\/\/granada.salesianos.edu\/colegio\/wp-json\/wp\/v2\/categories?post=4457"},{"taxonomy":"post_tag","embeddable":true,"href":"https:\/\/granada.salesianos.edu\/colegio\/wp-json\/wp\/v2\/tags?post=4457"}],"curies":[{"name":"wp","href":"https:\/\/api.w.org\/{rel}","templated":true}]}}