{"id":8296,"date":"2018-02-05T21:29:23","date_gmt":"2018-02-05T19:29:23","guid":{"rendered":"https:\/\/granada.salesianos.edu\/colegio\/?p=8296"},"modified":"2018-02-13T19:31:29","modified_gmt":"2018-02-13T17:31:29","slug":"ii-ciclo-de-cine-don-bosco","status":"publish","type":"post","link":"https:\/\/granada.salesianos.edu\/colegio\/blog\/ii-ciclo-de-cine-don-bosco\/","title":{"rendered":"II CICLO DE CINE \u00abDON BOSCO\u00bb"},"content":{"rendered":"<div id=\"fb-root\"><\/div>\n<p>[et_pb_section bb_built=\u00bb1&#8243; admin_label=\u00bbsection\u00bb][et_pb_row admin_label=\u00bbrow\u00bb background_position=\u00bbtop_left\u00bb background_repeat=\u00bbrepeat\u00bb background_size=\u00bbinitial\u00bb][et_pb_column type=\u00bb4_4&#8243;][et_pb_social_media_follow _builder_version=\u00bb3.0.100&#8243; url_new_window=\u00bbon\u00bb follow_button=\u00bboff\u00bb background_layout=\u00bblight\u00bb disabled=\u00bbon\u00bb disabled_on=\u00bbon|on|on\u00bb][et_pb_social_media_follow_network _builder_version=\u00bb3.0.100&#8243; social_network=\u00bbfacebook\u00bb skype_action=\u00bbcall\u00bb background_color=\u00bb#3b5998&#8243; use_background_color_gradient=\u00bboff\u00bb background_color_gradient_start=\u00bb#2b87da\u00bb background_color_gradient_end=\u00bb#29c4a9&#8243; background_color_gradient_type=\u00bblinear\u00bb background_color_gradient_direction=\u00bb180deg\u00bb background_color_gradient_direction_radial=\u00bbcenter\u00bb background_color_gradient_start_position=\u00bb0%\u00bb background_color_gradient_end_position=\u00bb100%\u00bb background_color_gradient_overlays_image=\u00bboff\u00bb parallax=\u00bboff\u00bb parallax_method=\u00bbon\u00bb background_size=\u00bbcover\u00bb background_position=\u00bbcenter\u00bb background_repeat=\u00bbno-repeat\u00bb background_blend=\u00bbnormal\u00bb allow_player_pause=\u00bboff\u00bb background_video_pause_outside_viewport=\u00bbon\u00bb box_shadow_style=\u00bbnone\u00bb] Facebook [\/et_pb_social_media_follow_network][et_pb_social_media_follow_network _builder_version=\u00bb3.0.100&#8243; social_network=\u00bbtwitter\u00bb skype_action=\u00bbcall\u00bb background_color=\u00bb#00aced\u00bb use_background_color_gradient=\u00bboff\u00bb background_color_gradient_start=\u00bb#2b87da\u00bb background_color_gradient_end=\u00bb#29c4a9&#8243; background_color_gradient_type=\u00bblinear\u00bb background_color_gradient_direction=\u00bb180deg\u00bb background_color_gradient_direction_radial=\u00bbcenter\u00bb background_color_gradient_start_position=\u00bb0%\u00bb background_color_gradient_end_position=\u00bb100%\u00bb background_color_gradient_overlays_image=\u00bboff\u00bb parallax=\u00bboff\u00bb parallax_method=\u00bbon\u00bb background_size=\u00bbcover\u00bb background_position=\u00bbcenter\u00bb background_repeat=\u00bbno-repeat\u00bb background_blend=\u00bbnormal\u00bb allow_player_pause=\u00bboff\u00bb background_video_pause_outside_viewport=\u00bbon\u00bb box_shadow_style=\u00bbnone\u00bb] Twitter [\/et_pb_social_media_follow_network][et_pb_social_media_follow_network _builder_version=\u00bb3.0.100&#8243; social_network=\u00bbinstagram\u00bb skype_action=\u00bbcall\u00bb background_color=\u00bb#ea2c59&#8243; use_background_color_gradient=\u00bboff\u00bb background_color_gradient_start=\u00bb#2b87da\u00bb background_color_gradient_end=\u00bb#29c4a9&#8243; background_color_gradient_type=\u00bblinear\u00bb background_color_gradient_direction=\u00bb180deg\u00bb background_color_gradient_direction_radial=\u00bbcenter\u00bb background_color_gradient_start_position=\u00bb0%\u00bb background_color_gradient_end_position=\u00bb100%\u00bb background_color_gradient_overlays_image=\u00bboff\u00bb parallax=\u00bboff\u00bb parallax_method=\u00bbon\u00bb background_size=\u00bbcover\u00bb background_position=\u00bbcenter\u00bb background_repeat=\u00bbno-repeat\u00bb background_blend=\u00bbnormal\u00bb allow_player_pause=\u00bboff\u00bb background_video_pause_outside_viewport=\u00bbon\u00bb box_shadow_style=\u00bbnone\u00bb] Instagram [\/et_pb_social_media_follow_network][et_pb_social_media_follow_network _builder_version=\u00bb3.0.100&#8243; social_network=\u00bbgoogle-plus\u00bb skype_action=\u00bbcall\u00bb background_color=\u00bb#dd4b39&#8243; use_background_color_gradient=\u00bboff\u00bb background_color_gradient_start=\u00bb#2b87da\u00bb background_color_gradient_end=\u00bb#29c4a9&#8243; background_color_gradient_type=\u00bblinear\u00bb background_color_gradient_direction=\u00bb180deg\u00bb background_color_gradient_direction_radial=\u00bbcenter\u00bb background_color_gradient_start_position=\u00bb0%\u00bb background_color_gradient_end_position=\u00bb100%\u00bb background_color_gradient_overlays_image=\u00bboff\u00bb parallax=\u00bboff\u00bb parallax_method=\u00bbon\u00bb background_size=\u00bbcover\u00bb background_position=\u00bbcenter\u00bb background_repeat=\u00bbno-repeat\u00bb background_blend=\u00bbnormal\u00bb allow_player_pause=\u00bboff\u00bb background_video_pause_outside_viewport=\u00bbon\u00bb box_shadow_style=\u00bbnone\u00bb] Google+ [\/et_pb_social_media_follow_network][\/et_pb_social_media_follow][et_pb_text admin_label=\u00bbEntradilla (Texto)\u00bb _builder_version=\u00bb3.0.92&#8243; background_layout=\u00bblight\u00bb text_orientation=\u00bbjustified\u00bb text_font=\u00bb|on|||\u00bb border_style=\u00bbsolid\u00bb]<\/p>\n<div class=\"et_pb_text et_pb_module et_pb_bg_layout_light et_pb_text_align_justified et_pb_text_4\">\n<div class=\"et_pb_text_inner\">\n<h3><span style=\"color: #ff0000;\"><b>II Ciclo del Cineclub \u201cD. Bosco\u201d<\/b><\/span><\/h3>\n<\/div>\n<\/div>\n<div class=\"et_pb_text et_pb_module et_pb_bg_layout_light et_pb_text_align_left et_pb_text_5\"><\/div>\n<p>[\/et_pb_text][et_pb_text admin_label=\u00bbAutor (Texto)\u00bb _builder_version=\u00bb3.0.92&#8243; background_layout=\u00bblight\u00bb text_font=\u00bb||on||\u00bb border_style=\u00bbsolid\u00bb]<\/p>\n<p>Por Juan Fco. Huertas Carretero, sdb. Coordinador de Pastoral<\/p>\n<p>[\/et_pb_text][et_pb_text admin_label=\u00bbDesarrollo (Texto)\u00bb _builder_version=\u00bb3.0.100&#8243; background_layout=\u00bblight\u00bb text_orientation=\u00bbjustified\u00bb]<\/p>\n<p>Como ya sucediera el pasado curso, nuestra Casa se viste de Cine. En torno a la fiesta de su Patr\u00f3n, S. Juan Bosco, queremos retomar esta actividad tan querida para los salesianos en Granada. En este caso, abrimos a todos los p\u00fablicos que lo deseen nuestro II Ciclo del Cineclub D. Bosco. Queremos disfrutar juntos de cuatro pel\u00edculas, de distinto g\u00e9nero, pero con valores que nos ayudar\u00e1n a pensar y a profundizar como buenos cristianos y honrados ciudadanos.<\/p>\n<p><a href=\"https:\/\/granada.salesianos.edu\/colegio\/wp-content\/uploads\/sites\/2\/2018\/02\/2018-02-05-at-14.01.54.jpeg\" target=\"_blank\" rel=\"noopener\"><img loading=\"lazy\" decoding=\"async\" class=\"alignleft wp-image-8318 size-medium\" src=\"https:\/\/granada.salesianos.edu\/colegio\/wp-content\/uploads\/sites\/2\/2018\/02\/2018-02-05-at-14.01.54-300x225.jpeg\" alt=\"\" width=\"300\" height=\"225\" srcset=\"https:\/\/granada.salesianos.edu\/colegio\/wp-content\/uploads\/sites\/2\/2018\/02\/2018-02-05-at-14.01.54-300x225.jpeg 300w, https:\/\/granada.salesianos.edu\/colegio\/wp-content\/uploads\/sites\/2\/2018\/02\/2018-02-05-at-14.01.54-768x576.jpeg 768w, https:\/\/granada.salesianos.edu\/colegio\/wp-content\/uploads\/sites\/2\/2018\/02\/2018-02-05-at-14.01.54-510x382.jpeg 510w, https:\/\/granada.salesianos.edu\/colegio\/wp-content\/uploads\/sites\/2\/2018\/02\/2018-02-05-at-14.01.54.jpeg 960w\" sizes=\"(max-width: 300px) 100vw, 300px\" \/><\/a><\/p>\n<p><strong>1.- SE\u00d1OR, DAME PACIENCIA:<\/strong>\u00a0comedia espa\u00f1ola actual, que muestra las diferencias entre un padre y sus hijos y sus opciones de vida, pero que lanza mensajes de superaci\u00f3n, perd\u00f3n, lucha por la familia y aceptaci\u00f3n de las diferencias.<\/p>\n<p><strong>2.- IGNACIO DE LOYOLA:<\/strong>\u00a0tambi\u00e9n pel\u00edcula espa\u00f1ola que profundiza en la figura de Ignacio de Loyola, como soldado y hombre espiritual, antes de fundar la Compa\u00f1\u00eda de Jes\u00fas. El hombre-soldado Ignacio, que va haciendo camino espiritual y de conversi\u00f3n.<\/p>\n<p><strong>3.- LO QUE DE VERDAD IMPORTA:<\/strong>\u00a0comedia dram\u00e1tica en la que su protagonista va descubriendo los aut\u00e9nticos valores de la vida. Un gran don har\u00e1 que influya en su\u00a0 nueva comunidad y transmita a los dem\u00e1s lo que ni \u00e9l mismo sab\u00eda que pod\u00eda dar.<\/p>\n<p><strong>4.- EL CIELO ES REAL:<\/strong>\u00a0caso real de un ni\u00f1o estadounidense que fallece y vuelve\u2026describiendo c\u00f3mo es el cielo y lo que encontraremos all\u00ed\u2026su testimonio coincide con otras experiencias similares. El cielo es real se basa en hechos que podemos rastrear en youtube. Colton, el ni\u00f1o protagonista, tambi\u00e9n ha publicado su experiencia y reflexiones en diversos libros.<\/p>\n<p>Al t\u00e9rmino de cada pel\u00edcula se abrir\u00e1 un tiempo de comentario, un cineforum en el que enriquecernos de lo que nos aporta cada cinta.<\/p>\n<p>La entrada es solidaria. Podremos aportar kilos de comida, que se destinar\u00e1n a C\u00e1ritas y el Banco de Alimentos y podremos tambi\u00e9n colaborar con alg\u00fan donativo para el Centro Juvenil \u201cJoven Al-Andalus\u201d que organiza este ciclo. No te lo pierdas<\/p>\n<p>&nbsp;<\/p>\n<p>[\/et_pb_text][et_pb_button _builder_version=\u00bb3.0.92&#8243; button_text=\u00bbTRAILERS\u00bb url_new_window=\u00bboff\u00bb background_layout=\u00bblight\u00bb custom_button=\u00bboff\u00bb button_icon_placement=\u00bbright\u00bb \/][et_pb_shop _builder_version=\u00bb3.0.100&#8243; \/][\/et_pb_column][\/et_pb_row][et_pb_row admin_label=\u00bbrow\u00bb background_position=\u00bbtop_left\u00bb background_repeat=\u00bbrepeat\u00bb background_size=\u00bbinitial\u00bb][et_pb_column type=\u00bb1_2&#8243;][et_pb_video _builder_version=\u00bb3.0.92&#8243; src=\u00bbhttps:\/\/www.youtube.com\/watch?v=iLFFafRzbT4&#8243; image_src=\u00bb\/\/i.ytimg.com\/vi\/iLFFafRzbT4\/hqdefault.jpg\u00bb \/][et_pb_video _builder_version=\u00bb3.0.92&#8243; src=\u00bbhttps:\/\/www.youtube.com\/watch?v=tw0w13TmE74&#8243; image_src=\u00bb\/\/i.ytimg.com\/vi\/tw0w13TmE74\/hqdefault.jpg\u00bb \/][et_pb_button _builder_version=\u00bb3.0.92&#8243; button_text=\u00bbVolver a COLEGIO\u00bb button_url=\u00bbgranada.salesianos.edu\/colegio\u00bb url_new_window=\u00bboff\u00bb background_layout=\u00bblight\u00bb custom_button=\u00bboff\u00bb button_icon_placement=\u00bbright\u00bb \/][\/et_pb_column][et_pb_column type=\u00bb1_2&#8243;][et_pb_video _builder_version=\u00bb3.0.92&#8243; src=\u00bbhttps:\/\/www.youtube.com\/watch?v=VjnzLwQ1tsg\u00bb image_src=\u00bb\/\/i.ytimg.com\/vi\/VjnzLwQ1tsg\/hqdefault.jpg\u00bb \/][et_pb_video _builder_version=\u00bb3.0.92&#8243; src=\u00bbhttps:\/\/www.youtube.com\/watch?v=0lrxWJTC1h0&#8243; image_src=\u00bb\/\/i.ytimg.com\/vi\/0lrxWJTC1h0\/hqdefault.jpg\u00bb \/][\/et_pb_column][\/et_pb_row][\/et_pb_section]<\/p>\n","protected":false},"excerpt":{"rendered":"<p>Como ya sucediera el pasado curso, nuestra Casa se viste de Cine. En torno a la fiesta de su Patr\u00f3n, S. Juan Bosco, queremos retomar esta actividad tan querida para los salesianos en Granada. En este caso, abrimos a todos los p\u00fablicos que lo deseen nuestro II Ciclo del Cineclub D. Bosco. Queremos disfrutar juntos de cuatro pel\u00edculas, de distinto g\u00e9nero, pero con valores que nos ayudar\u00e1n a pensar y a profundizar como buenos cristianos y honrados ciudadanos.<\/p>\n","protected":false},"author":2,"featured_media":0,"comment_status":"open","ping_status":"open","sticky":false,"template":"","format":"standard","meta":{"_et_pb_use_builder":"on","_et_pb_old_content":"","_et_gb_content_width":"","footnotes":""},"categories":[11,1],"tags":[],"class_list":["post-8296","post","type-post","status-publish","format-standard","hentry","category-colegio","category-uncategorized"],"yoast_head":"<!-- This site is optimized with the Yoast SEO plugin v28.4 - https:\/\/yoast.com\/product\/yoast-seo-wordpress\/ -->\n<title>II CICLO DE CINE &quot;DON BOSCO&quot; - Colegio Salesiano<\/title>\n<meta name=\"robots\" content=\"index, follow, max-snippet:-1, max-image-preview:large, max-video-preview:-1\" \/>\n<link rel=\"canonical\" href=\"https:\/\/granada.salesianos.edu\/colegio\/blog\/ii-ciclo-de-cine-don-bosco\/\" \/>\n<meta property=\"og:locale\" content=\"es_ES\" \/>\n<meta property=\"og:type\" content=\"article\" \/>\n<meta property=\"og:title\" content=\"II CICLO DE CINE &quot;DON BOSCO&quot; - Colegio Salesiano\" \/>\n<meta property=\"og:description\" content=\"Como ya sucediera el pasado curso, nuestra Casa se viste de Cine. En torno a la fiesta de su Patr\u00f3n, S. Juan Bosco, queremos retomar esta actividad tan querida para los salesianos en Granada. En este caso, abrimos a todos los p\u00fablicos que lo deseen nuestro II Ciclo del Cineclub D. Bosco. Queremos disfrutar juntos de cuatro pel\u00edculas, de distinto g\u00e9nero, pero con valores que nos ayudar\u00e1n a pensar y a profundizar como buenos cristianos y honrados ciudadanos.\" \/>\n<meta property=\"og:url\" content=\"https:\/\/granada.salesianos.edu\/colegio\/blog\/ii-ciclo-de-cine-don-bosco\/\" \/>\n<meta property=\"og:site_name\" content=\"Colegio Salesiano\" \/>\n<meta property=\"article:publisher\" content=\"https:\/\/www.facebook.com\/SalesianosGR\/\" \/>\n<meta property=\"article:published_time\" content=\"2018-02-05T19:29:23+00:00\" \/>\n<meta property=\"article:modified_time\" content=\"2018-02-13T17:31:29+00:00\" \/>\n<meta property=\"og:image\" content=\"https:\/\/granada.salesianos.edu\/colegio\/wp-content\/uploads\/sites\/2\/2018\/02\/2018-02-05-at-14.01.54-300x225.jpeg\" \/>\n<meta name=\"author\" content=\"Gestor Web\" \/>\n<meta name=\"twitter:card\" content=\"summary_large_image\" \/>\n<meta name=\"twitter:creator\" content=\"@GranadaSDB\" \/>\n<meta name=\"twitter:site\" content=\"@GranadaSDB\" \/>\n<meta name=\"twitter:label1\" content=\"Escrito por\" \/>\n\t<meta name=\"twitter:data1\" content=\"Gestor Web\" \/>\n\t<meta name=\"twitter:label2\" content=\"Tiempo de lectura\" \/>\n\t<meta name=\"twitter:data2\" content=\"6 minutos\" \/>\n<script type=\"application\/ld+json\" class=\"yoast-schema-graph\">{\"@context\":\"https:\\\/\\\/schema.org\",\"@graph\":[{\"@type\":\"Article\",\"@id\":\"https:\\\/\\\/granada.salesianos.edu\\\/colegio\\\/blog\\\/ii-ciclo-de-cine-don-bosco\\\/#article\",\"isPartOf\":{\"@id\":\"https:\\\/\\\/granada.salesianos.edu\\\/colegio\\\/blog\\\/ii-ciclo-de-cine-don-bosco\\\/\"},\"author\":{\"name\":\"Gestor Web\",\"@id\":\"https:\\\/\\\/granada.salesianos.edu\\\/colegio\\\/#\\\/schema\\\/person\\\/6392ff2e4bd1e66981d6eab734bbd962\"},\"headline\":\"II CICLO DE CINE \u00abDON BOSCO\u00bb\",\"datePublished\":\"2018-02-05T19:29:23+00:00\",\"dateModified\":\"2018-02-13T17:31:29+00:00\",\"mainEntityOfPage\":{\"@id\":\"https:\\\/\\\/granada.salesianos.edu\\\/colegio\\\/blog\\\/ii-ciclo-de-cine-don-bosco\\\/\"},\"wordCount\":1109,\"commentCount\":0,\"publisher\":{\"@id\":\"https:\\\/\\\/granada.salesianos.edu\\\/colegio\\\/#organization\"},\"image\":{\"@id\":\"https:\\\/\\\/granada.salesianos.edu\\\/colegio\\\/blog\\\/ii-ciclo-de-cine-don-bosco\\\/#primaryimage\"},\"thumbnailUrl\":\"https:\\\/\\\/granada.salesianos.edu\\\/colegio\\\/wp-content\\\/uploads\\\/sites\\\/2\\\/2018\\\/02\\\/2018-02-05-at-14.01.54-300x225.jpeg\",\"articleSection\":[\"Colegio\",\"Uncategorized\"],\"inLanguage\":\"es\",\"potentialAction\":[{\"@type\":\"CommentAction\",\"name\":\"Comment\",\"target\":[\"https:\\\/\\\/granada.salesianos.edu\\\/colegio\\\/blog\\\/ii-ciclo-de-cine-don-bosco\\\/#respond\"]}]},{\"@type\":\"WebPage\",\"@id\":\"https:\\\/\\\/granada.salesianos.edu\\\/colegio\\\/blog\\\/ii-ciclo-de-cine-don-bosco\\\/\",\"url\":\"https:\\\/\\\/granada.salesianos.edu\\\/colegio\\\/blog\\\/ii-ciclo-de-cine-don-bosco\\\/\",\"name\":\"II CICLO DE CINE \\\"DON BOSCO\\\" - Colegio Salesiano\",\"isPartOf\":{\"@id\":\"https:\\\/\\\/granada.salesianos.edu\\\/colegio\\\/#website\"},\"primaryImageOfPage\":{\"@id\":\"https:\\\/\\\/granada.salesianos.edu\\\/colegio\\\/blog\\\/ii-ciclo-de-cine-don-bosco\\\/#primaryimage\"},\"image\":{\"@id\":\"https:\\\/\\\/granada.salesianos.edu\\\/colegio\\\/blog\\\/ii-ciclo-de-cine-don-bosco\\\/#primaryimage\"},\"thumbnailUrl\":\"https:\\\/\\\/granada.salesianos.edu\\\/colegio\\\/wp-content\\\/uploads\\\/sites\\\/2\\\/2018\\\/02\\\/2018-02-05-at-14.01.54-300x225.jpeg\",\"datePublished\":\"2018-02-05T19:29:23+00:00\",\"dateModified\":\"2018-02-13T17:31:29+00:00\",\"breadcrumb\":{\"@id\":\"https:\\\/\\\/granada.salesianos.edu\\\/colegio\\\/blog\\\/ii-ciclo-de-cine-don-bosco\\\/#breadcrumb\"},\"inLanguage\":\"es\",\"potentialAction\":[{\"@type\":\"ReadAction\",\"target\":[\"https:\\\/\\\/granada.salesianos.edu\\\/colegio\\\/blog\\\/ii-ciclo-de-cine-don-bosco\\\/\"]}]},{\"@type\":\"ImageObject\",\"inLanguage\":\"es\",\"@id\":\"https:\\\/\\\/granada.salesianos.edu\\\/colegio\\\/blog\\\/ii-ciclo-de-cine-don-bosco\\\/#primaryimage\",\"url\":\"https:\\\/\\\/granada.salesianos.edu\\\/colegio\\\/wp-content\\\/uploads\\\/sites\\\/2\\\/2018\\\/02\\\/2018-02-05-at-14.01.54.jpeg\",\"contentUrl\":\"https:\\\/\\\/granada.salesianos.edu\\\/colegio\\\/wp-content\\\/uploads\\\/sites\\\/2\\\/2018\\\/02\\\/2018-02-05-at-14.01.54.jpeg\",\"width\":960,\"height\":720},{\"@type\":\"BreadcrumbList\",\"@id\":\"https:\\\/\\\/granada.salesianos.edu\\\/colegio\\\/blog\\\/ii-ciclo-de-cine-don-bosco\\\/#breadcrumb\",\"itemListElement\":[{\"@type\":\"ListItem\",\"position\":1,\"name\":\"Portada\",\"item\":\"https:\\\/\\\/granada.salesianos.edu\\\/colegio\\\/\"},{\"@type\":\"ListItem\",\"position\":2,\"name\":\"II CICLO DE CINE \u00abDON BOSCO\u00bb\"}]},{\"@type\":\"WebSite\",\"@id\":\"https:\\\/\\\/granada.salesianos.edu\\\/colegio\\\/#website\",\"url\":\"https:\\\/\\\/granada.salesianos.edu\\\/colegio\\\/\",\"name\":\"Colegio Salesiano\",\"description\":\"P\u00e1gina oficial de Salesianos Granada San Juan Bosco\",\"publisher\":{\"@id\":\"https:\\\/\\\/granada.salesianos.edu\\\/colegio\\\/#organization\"},\"potentialAction\":[{\"@type\":\"SearchAction\",\"target\":{\"@type\":\"EntryPoint\",\"urlTemplate\":\"https:\\\/\\\/granada.salesianos.edu\\\/colegio\\\/?s={search_term_string}\"},\"query-input\":{\"@type\":\"PropertyValueSpecification\",\"valueRequired\":true,\"valueName\":\"search_term_string\"}}],\"inLanguage\":\"es\"},{\"@type\":\"Organization\",\"@id\":\"https:\\\/\\\/granada.salesianos.edu\\\/colegio\\\/#organization\",\"name\":\"Colegio Salesiano San Juan Bosco Granada\",\"url\":\"https:\\\/\\\/granada.salesianos.edu\\\/colegio\\\/\",\"logo\":{\"@type\":\"ImageObject\",\"inLanguage\":\"es\",\"@id\":\"https:\\\/\\\/granada.salesianos.edu\\\/colegio\\\/#\\\/schema\\\/logo\\\/image\\\/\",\"url\":\"https:\\\/\\\/granada.salesianos.edu\\\/colegio\\\/wp-content\\\/uploads\\\/sites\\\/2\\\/2021\\\/01\\\/GRANADAobraVN2.jpg\",\"contentUrl\":\"https:\\\/\\\/granada.salesianos.edu\\\/colegio\\\/wp-content\\\/uploads\\\/sites\\\/2\\\/2021\\\/01\\\/GRANADAobraVN2.jpg\",\"width\":2113,\"height\":1894,\"caption\":\"Colegio Salesiano San Juan Bosco Granada\"},\"image\":{\"@id\":\"https:\\\/\\\/granada.salesianos.edu\\\/colegio\\\/#\\\/schema\\\/logo\\\/image\\\/\"},\"sameAs\":[\"https:\\\/\\\/www.facebook.com\\\/SalesianosGR\\\/\",\"https:\\\/\\\/x.com\\\/GranadaSDB\",\"https:\\\/\\\/www.instagram.com\\\/salesianosgranada\\\/\",\"https:\\\/\\\/www.youtube.com\\\/channel\\\/UChkpZuhCf4Y5rYIcFT3CNxw?view_as=subscriber\"]},{\"@type\":\"Person\",\"@id\":\"https:\\\/\\\/granada.salesianos.edu\\\/colegio\\\/#\\\/schema\\\/person\\\/6392ff2e4bd1e66981d6eab734bbd962\",\"name\":\"Gestor Web\",\"image\":{\"@type\":\"ImageObject\",\"inLanguage\":\"es\",\"@id\":\"https:\\\/\\\/secure.gravatar.com\\\/avatar\\\/160666bb56a01520857079961a824af2b7821d6bad80677c80f2b473fceead1b?s=96&d=mm&r=g\",\"url\":\"https:\\\/\\\/secure.gravatar.com\\\/avatar\\\/160666bb56a01520857079961a824af2b7821d6bad80677c80f2b473fceead1b?s=96&d=mm&r=g\",\"contentUrl\":\"https:\\\/\\\/secure.gravatar.com\\\/avatar\\\/160666bb56a01520857079961a824af2b7821d6bad80677c80f2b473fceead1b?s=96&d=mm&r=g\",\"caption\":\"Gestor Web\"}}]}<\/script>\n<!-- \/ Yoast SEO plugin. -->","yoast_head_json":{"title":"II CICLO DE CINE \"DON BOSCO\" - Colegio Salesiano","robots":{"index":"index","follow":"follow","max-snippet":"max-snippet:-1","max-image-preview":"max-image-preview:large","max-video-preview":"max-video-preview:-1"},"canonical":"https:\/\/granada.salesianos.edu\/colegio\/blog\/ii-ciclo-de-cine-don-bosco\/","og_locale":"es_ES","og_type":"article","og_title":"II CICLO DE CINE \"DON BOSCO\" - Colegio Salesiano","og_description":"Como ya sucediera el pasado curso, nuestra Casa se viste de Cine. En torno a la fiesta de su Patr\u00f3n, S. Juan Bosco, queremos retomar esta actividad tan querida para los salesianos en Granada. En este caso, abrimos a todos los p\u00fablicos que lo deseen nuestro II Ciclo del Cineclub D. Bosco. Queremos disfrutar juntos de cuatro pel\u00edculas, de distinto g\u00e9nero, pero con valores que nos ayudar\u00e1n a pensar y a profundizar como buenos cristianos y honrados ciudadanos.","og_url":"https:\/\/granada.salesianos.edu\/colegio\/blog\/ii-ciclo-de-cine-don-bosco\/","og_site_name":"Colegio Salesiano","article_publisher":"https:\/\/www.facebook.com\/SalesianosGR\/","article_published_time":"2018-02-05T19:29:23+00:00","article_modified_time":"2018-02-13T17:31:29+00:00","og_image":[{"url":"https:\/\/granada.salesianos.edu\/colegio\/wp-content\/uploads\/sites\/2\/2018\/02\/2018-02-05-at-14.01.54-300x225.jpeg","type":"","width":"","height":""}],"author":"Gestor Web","twitter_card":"summary_large_image","twitter_creator":"@GranadaSDB","twitter_site":"@GranadaSDB","twitter_misc":{"Escrito por":"Gestor Web","Tiempo de lectura":"6 minutos"},"schema":{"@context":"https:\/\/schema.org","@graph":[{"@type":"Article","@id":"https:\/\/granada.salesianos.edu\/colegio\/blog\/ii-ciclo-de-cine-don-bosco\/#article","isPartOf":{"@id":"https:\/\/granada.salesianos.edu\/colegio\/blog\/ii-ciclo-de-cine-don-bosco\/"},"author":{"name":"Gestor Web","@id":"https:\/\/granada.salesianos.edu\/colegio\/#\/schema\/person\/6392ff2e4bd1e66981d6eab734bbd962"},"headline":"II CICLO DE CINE \u00abDON BOSCO\u00bb","datePublished":"2018-02-05T19:29:23+00:00","dateModified":"2018-02-13T17:31:29+00:00","mainEntityOfPage":{"@id":"https:\/\/granada.salesianos.edu\/colegio\/blog\/ii-ciclo-de-cine-don-bosco\/"},"wordCount":1109,"commentCount":0,"publisher":{"@id":"https:\/\/granada.salesianos.edu\/colegio\/#organization"},"image":{"@id":"https:\/\/granada.salesianos.edu\/colegio\/blog\/ii-ciclo-de-cine-don-bosco\/#primaryimage"},"thumbnailUrl":"https:\/\/granada.salesianos.edu\/colegio\/wp-content\/uploads\/sites\/2\/2018\/02\/2018-02-05-at-14.01.54-300x225.jpeg","articleSection":["Colegio","Uncategorized"],"inLanguage":"es","potentialAction":[{"@type":"CommentAction","name":"Comment","target":["https:\/\/granada.salesianos.edu\/colegio\/blog\/ii-ciclo-de-cine-don-bosco\/#respond"]}]},{"@type":"WebPage","@id":"https:\/\/granada.salesianos.edu\/colegio\/blog\/ii-ciclo-de-cine-don-bosco\/","url":"https:\/\/granada.salesianos.edu\/colegio\/blog\/ii-ciclo-de-cine-don-bosco\/","name":"II CICLO DE CINE \"DON BOSCO\" - Colegio Salesiano","isPartOf":{"@id":"https:\/\/granada.salesianos.edu\/colegio\/#website"},"primaryImageOfPage":{"@id":"https:\/\/granada.salesianos.edu\/colegio\/blog\/ii-ciclo-de-cine-don-bosco\/#primaryimage"},"image":{"@id":"https:\/\/granada.salesianos.edu\/colegio\/blog\/ii-ciclo-de-cine-don-bosco\/#primaryimage"},"thumbnailUrl":"https:\/\/granada.salesianos.edu\/colegio\/wp-content\/uploads\/sites\/2\/2018\/02\/2018-02-05-at-14.01.54-300x225.jpeg","datePublished":"2018-02-05T19:29:23+00:00","dateModified":"2018-02-13T17:31:29+00:00","breadcrumb":{"@id":"https:\/\/granada.salesianos.edu\/colegio\/blog\/ii-ciclo-de-cine-don-bosco\/#breadcrumb"},"inLanguage":"es","potentialAction":[{"@type":"ReadAction","target":["https:\/\/granada.salesianos.edu\/colegio\/blog\/ii-ciclo-de-cine-don-bosco\/"]}]},{"@type":"ImageObject","inLanguage":"es","@id":"https:\/\/granada.salesianos.edu\/colegio\/blog\/ii-ciclo-de-cine-don-bosco\/#primaryimage","url":"https:\/\/granada.salesianos.edu\/colegio\/wp-content\/uploads\/sites\/2\/2018\/02\/2018-02-05-at-14.01.54.jpeg","contentUrl":"https:\/\/granada.salesianos.edu\/colegio\/wp-content\/uploads\/sites\/2\/2018\/02\/2018-02-05-at-14.01.54.jpeg","width":960,"height":720},{"@type":"BreadcrumbList","@id":"https:\/\/granada.salesianos.edu\/colegio\/blog\/ii-ciclo-de-cine-don-bosco\/#breadcrumb","itemListElement":[{"@type":"ListItem","position":1,"name":"Portada","item":"https:\/\/granada.salesianos.edu\/colegio\/"},{"@type":"ListItem","position":2,"name":"II CICLO DE CINE \u00abDON BOSCO\u00bb"}]},{"@type":"WebSite","@id":"https:\/\/granada.salesianos.edu\/colegio\/#website","url":"https:\/\/granada.salesianos.edu\/colegio\/","name":"Colegio Salesiano","description":"P\u00e1gina oficial de Salesianos Granada San Juan Bosco","publisher":{"@id":"https:\/\/granada.salesianos.edu\/colegio\/#organization"},"potentialAction":[{"@type":"SearchAction","target":{"@type":"EntryPoint","urlTemplate":"https:\/\/granada.salesianos.edu\/colegio\/?s={search_term_string}"},"query-input":{"@type":"PropertyValueSpecification","valueRequired":true,"valueName":"search_term_string"}}],"inLanguage":"es"},{"@type":"Organization","@id":"https:\/\/granada.salesianos.edu\/colegio\/#organization","name":"Colegio Salesiano San Juan Bosco Granada","url":"https:\/\/granada.salesianos.edu\/colegio\/","logo":{"@type":"ImageObject","inLanguage":"es","@id":"https:\/\/granada.salesianos.edu\/colegio\/#\/schema\/logo\/image\/","url":"https:\/\/granada.salesianos.edu\/colegio\/wp-content\/uploads\/sites\/2\/2021\/01\/GRANADAobraVN2.jpg","contentUrl":"https:\/\/granada.salesianos.edu\/colegio\/wp-content\/uploads\/sites\/2\/2021\/01\/GRANADAobraVN2.jpg","width":2113,"height":1894,"caption":"Colegio Salesiano San Juan Bosco Granada"},"image":{"@id":"https:\/\/granada.salesianos.edu\/colegio\/#\/schema\/logo\/image\/"},"sameAs":["https:\/\/www.facebook.com\/SalesianosGR\/","https:\/\/x.com\/GranadaSDB","https:\/\/www.instagram.com\/salesianosgranada\/","https:\/\/www.youtube.com\/channel\/UChkpZuhCf4Y5rYIcFT3CNxw?view_as=subscriber"]},{"@type":"Person","@id":"https:\/\/granada.salesianos.edu\/colegio\/#\/schema\/person\/6392ff2e4bd1e66981d6eab734bbd962","name":"Gestor Web","image":{"@type":"ImageObject","inLanguage":"es","@id":"https:\/\/secure.gravatar.com\/avatar\/160666bb56a01520857079961a824af2b7821d6bad80677c80f2b473fceead1b?s=96&d=mm&r=g","url":"https:\/\/secure.gravatar.com\/avatar\/160666bb56a01520857079961a824af2b7821d6bad80677c80f2b473fceead1b?s=96&d=mm&r=g","contentUrl":"https:\/\/secure.gravatar.com\/avatar\/160666bb56a01520857079961a824af2b7821d6bad80677c80f2b473fceead1b?s=96&d=mm&r=g","caption":"Gestor Web"}}]}},"_links":{"self":[{"href":"https:\/\/granada.salesianos.edu\/colegio\/wp-json\/wp\/v2\/posts\/8296","targetHints":{"allow":["GET"]}}],"collection":[{"href":"https:\/\/granada.salesianos.edu\/colegio\/wp-json\/wp\/v2\/posts"}],"about":[{"href":"https:\/\/granada.salesianos.edu\/colegio\/wp-json\/wp\/v2\/types\/post"}],"author":[{"embeddable":true,"href":"https:\/\/granada.salesianos.edu\/colegio\/wp-json\/wp\/v2\/users\/2"}],"replies":[{"embeddable":true,"href":"https:\/\/granada.salesianos.edu\/colegio\/wp-json\/wp\/v2\/comments?post=8296"}],"version-history":[{"count":12,"href":"https:\/\/granada.salesianos.edu\/colegio\/wp-json\/wp\/v2\/posts\/8296\/revisions"}],"predecessor-version":[{"id":8328,"href":"https:\/\/granada.salesianos.edu\/colegio\/wp-json\/wp\/v2\/posts\/8296\/revisions\/8328"}],"wp:attachment":[{"href":"https:\/\/granada.salesianos.edu\/colegio\/wp-json\/wp\/v2\/media?parent=8296"}],"wp:term":[{"taxonomy":"category","embeddable":true,"href":"https:\/\/granada.salesianos.edu\/colegio\/wp-json\/wp\/v2\/categories?post=8296"},{"taxonomy":"post_tag","embeddable":true,"href":"https:\/\/granada.salesianos.edu\/colegio\/wp-json\/wp\/v2\/tags?post=8296"}],"curies":[{"name":"wp","href":"https:\/\/api.w.org\/{rel}","templated":true}]}}