{"id":8329,"date":"2018-02-19T11:30:21","date_gmt":"2018-02-19T09:30:21","guid":{"rendered":"https:\/\/granada.salesianos.edu\/colegio\/?p=8329"},"modified":"2018-02-20T21:07:54","modified_gmt":"2018-02-20T19:07:54","slug":"el-departamento-de-lengua-se-mueve","status":"publish","type":"post","link":"https:\/\/granada.salesianos.edu\/colegio\/blog\/el-departamento-de-lengua-se-mueve\/","title":{"rendered":"EL DEPARTAMENTO DE LENGUA&#8230;.\u00a1SE MUEVE!"},"content":{"rendered":"<div id=\"fb-root\"><\/div>\n<p>[et_pb_section fb_built=\u00bb1&#8243; admin_label=\u00bbsection\u00bb _builder_version=\u00bb3.0.47&#8243;][et_pb_row admin_label=\u00bbrow\u00bb _builder_version=\u00bb3.0.47&#8243; background_size=\u00bbinitial\u00bb background_position=\u00bbtop_left\u00bb background_repeat=\u00bbrepeat\u00bb][et_pb_column type=\u00bb4_4&#8243; _builder_version=\u00bb3.0.47&#8243; parallax=\u00bboff\u00bb parallax_method=\u00bbon\u00bb][et_pb_text admin_label=\u00bbEntradilla (Texto)\u00bb _builder_version=\u00bb3.0.100&#8243; text_font=\u00bb|on|||\u00bb text_orientation=\u00bbjustified\u00bb border_style=\u00bbsolid\u00bb]Diversas inciativas se han desarrollado con alumnos de los distintos cursos. Adem\u00e1s del \u00e1mbito escolar, el inicio de una actividad de teatro y las actividades del Club de Lectura. Iniciativas que fomentan la creatividad, implicaci\u00f3n y participaci\u00f3n de toda la Comunidad Educativa.<br \/>\n[\/et_pb_text][et_pb_text admin_label=\u00bbAutor (Texto)\u00bb _builder_version=\u00bb3.0.100&#8243; text_font=\u00bb||on||\u00bb border_style=\u00bbsolid\u00bb]<\/p>\n<p>Por D\u00f1a. Miriam Carrascosa Vega<\/p>\n<p>[\/et_pb_text][et_pb_text admin_label=\u00bbDesarrollo (Texto)\u00bb _builder_version=\u00bb3.0.100&#8243; text_orientation=\u00bbjustified\u00bb]<strong><span style=\"color: #ff0000;\">1.- Estudio de autores de la literatura universal<\/span><\/strong><\/p>\n<p><img loading=\"lazy\" decoding=\"async\" class=\"alignleft wp-image-8339 size-thumbnail\" src=\"https:\/\/granada.salesianos.edu\/colegio\/wp-content\/uploads\/sites\/2\/2018\/02\/WhatsApp-Image-2018-02-11-at-20.02.06-1-150x150.jpeg\" alt=\"\" width=\"150\" height=\"150\" \/>Los alumnos de 1\u00ba de ESO llevan a cabo por grupos un trabajo acerca de algunos de los autores m\u00e1s representativos de la literatura universal: Ovidio, Miguel de Cervantes, Gustavo Adolfo B\u00e9cquer, Pablo Neruda\u2026 Los trabajos son expuestos a sus compa\u00f1eros y las cartulinas decoran la clase.<\/p>\n<p><strong><span style=\"color: #ff0000;\">2.- Taller de escritura creativa<\/span><\/strong><\/p>\n<p>\u00a1Crea tu cuento y public\u00edtalo! Este taller pretende que el alumno desarrolle libremente una historia de tema libre. La confecci\u00f3n del cuento har\u00e1 que el alumno se convierta en escritor y le har\u00e1 responsable de su obra. Expondr\u00e1 su historia al grupo clase y tratar\u00e1 de convencer a sus compa\u00f1eros para que lean su cuento.<\/p>\n<p><strong><span style=\"color: #ff0000;\">3.- Arrancan los ensayos de la obra de \u201cPor vos muero\u201d con alumnos de ESO , BACHILLERATO y CICLOS bajo la direcci\u00f3n de Nando L\u00f3pez ( antiguo alumno) y Myriam Carrascosa (profe de lengua).<\/span><\/strong><\/p>\n<p>Se trata de una obra cortesana basada en el C\u00e1ntico espiritual de San Juan De la Cruz. Se estrenar\u00e1 en Abril con motivo del Ciclo sanjuanista que llevar\u00e1n a cabo conjuntamente el equipo de pastoral escolar y el departamento de lengua con motivo del d\u00eda del libro. \u00a1Por el momento nuestros alumnos est\u00e1n demostrando ser aut\u00e9nticos artistas!<img loading=\"lazy\" decoding=\"async\" class=\"alignleft wp-image-8334 size-medium\" src=\"..\/..\/wp-content\/uploads\/sites\/2\/2018\/02\/WhatsApp-Image-2018-02-11-at-20.07.20-300x169.jpeg\" alt=\"\" width=\"300\" height=\"169\" srcset=\"https:\/\/granada.salesianos.edu\/colegio\/wp-content\/uploads\/sites\/2\/2018\/02\/WhatsApp-Image-2018-02-11-at-20.07.20-300x169.jpeg 300w, https:\/\/granada.salesianos.edu\/colegio\/wp-content\/uploads\/sites\/2\/2018\/02\/WhatsApp-Image-2018-02-11-at-20.07.20-768x432.jpeg 768w, https:\/\/granada.salesianos.edu\/colegio\/wp-content\/uploads\/sites\/2\/2018\/02\/WhatsApp-Image-2018-02-11-at-20.07.20-1024x576.jpeg 1024w, https:\/\/granada.salesianos.edu\/colegio\/wp-content\/uploads\/sites\/2\/2018\/02\/WhatsApp-Image-2018-02-11-at-20.07.20-1080x607.jpeg 1080w, https:\/\/granada.salesianos.edu\/colegio\/wp-content\/uploads\/sites\/2\/2018\/02\/WhatsApp-Image-2018-02-11-at-20.07.20.jpeg 1599w\" sizes=\"(max-width: 300px) 100vw, 300px\" \/><\/p>\n<p>4.- Los alumnos de 1\u00ba BCHC son aut\u00e9nticos escritores. Han realizado un emotivo<strong> <span style=\"color: #ff0000;\">taller de soneto y lira<\/span><\/strong>,y han salido cosas preciosas. \u00a1A la pr\u00f3xima, m\u00e1s y mejor!<\/p>\n<p>&nbsp;<\/p>\n<p>&nbsp;<\/p>\n<p>&nbsp;<\/p>\n<p>&nbsp;<\/p>\n<p>5.- Los alumnos de 4\u00ba de la ESO han decidido que para entender bien las cosas&#8230;\u00a1hay que inventarlas ! Han realizado<strong><span style=\"color: #ff0000;\"> composiciones de recursos literarios<\/span> <\/strong>y luego han colgado una muestra en el pasillo de la ESO para disfrute de sus compa\u00f1eros&#8230; \u00a1 Bravo!<\/p>\n<p>6.- Nuestros alumnos de 4\u00ba de la ESO se preparan para la vida. La educaci\u00f3n trasversal es esencial en nuestro cole. Estos d\u00edas han aprendido a realizar <strong><span style=\"color: #ff0000;\">Curriculum Vitae en ingl\u00e9s y espa\u00f1ol<\/span><\/strong> . \u00a1 para su futuro profesional!<\/p>\n<p><img loading=\"lazy\" decoding=\"async\" class=\"alignleft wp-image-8336 size-medium\" src=\"..\/..\/wp-content\/uploads\/sites\/2\/2018\/02\/WhatsApp-Image-2018-02-11-at-20.47.40-300x225.jpeg\" alt=\"\" width=\"300\" height=\"225\" srcset=\"https:\/\/granada.salesianos.edu\/colegio\/wp-content\/uploads\/sites\/2\/2018\/02\/WhatsApp-Image-2018-02-11-at-20.47.40-300x225.jpeg 300w, https:\/\/granada.salesianos.edu\/colegio\/wp-content\/uploads\/sites\/2\/2018\/02\/WhatsApp-Image-2018-02-11-at-20.47.40-768x576.jpeg 768w, https:\/\/granada.salesianos.edu\/colegio\/wp-content\/uploads\/sites\/2\/2018\/02\/WhatsApp-Image-2018-02-11-at-20.47.40-1024x768.jpeg 1024w, https:\/\/granada.salesianos.edu\/colegio\/wp-content\/uploads\/sites\/2\/2018\/02\/WhatsApp-Image-2018-02-11-at-20.47.40-510x382.jpeg 510w, https:\/\/granada.salesianos.edu\/colegio\/wp-content\/uploads\/sites\/2\/2018\/02\/WhatsApp-Image-2018-02-11-at-20.47.40-1080x810.jpeg 1080w, https:\/\/granada.salesianos.edu\/colegio\/wp-content\/uploads\/sites\/2\/2018\/02\/WhatsApp-Image-2018-02-11-at-20.47.40.jpeg 1600w\" sizes=\"(max-width: 300px) 100vw, 300px\" \/><\/p>\n<p>7.- <strong><span style=\"color: #ff0000;\">Los alumnos de 3\u00ba de la ESO han alucinado con Eva. Una alumna que con tan solo 8 a\u00f1os nos ha emocionado con una magn\u00edfica exposici\u00f3n oral sobre el Everest<\/span><\/strong>. Incre\u00edble lo que hacen tan peque\u00f1os, y esencial la colaboraci\u00f3n acad\u00e9mica entre primaria y secundaria.<\/p>\n<p><img loading=\"lazy\" decoding=\"async\" class=\"alignleft wp-image-8335 \" src=\"..\/..\/wp-content\/uploads\/sites\/2\/2018\/02\/WhatsApp-Image-2018-02-11-at-20.19.46-300x225.jpeg\" alt=\"\" width=\"341\" height=\"256\" srcset=\"https:\/\/granada.salesianos.edu\/colegio\/wp-content\/uploads\/sites\/2\/2018\/02\/WhatsApp-Image-2018-02-11-at-20.19.46-300x225.jpeg 300w, https:\/\/granada.salesianos.edu\/colegio\/wp-content\/uploads\/sites\/2\/2018\/02\/WhatsApp-Image-2018-02-11-at-20.19.46-768x576.jpeg 768w, https:\/\/granada.salesianos.edu\/colegio\/wp-content\/uploads\/sites\/2\/2018\/02\/WhatsApp-Image-2018-02-11-at-20.19.46-1024x768.jpeg 1024w, https:\/\/granada.salesianos.edu\/colegio\/wp-content\/uploads\/sites\/2\/2018\/02\/WhatsApp-Image-2018-02-11-at-20.19.46-510x382.jpeg 510w, https:\/\/granada.salesianos.edu\/colegio\/wp-content\/uploads\/sites\/2\/2018\/02\/WhatsApp-Image-2018-02-11-at-20.19.46-1080x810.jpeg 1080w, https:\/\/granada.salesianos.edu\/colegio\/wp-content\/uploads\/sites\/2\/2018\/02\/WhatsApp-Image-2018-02-11-at-20.19.46.jpeg 1600w\" sizes=\"(max-width: 341px) 100vw, 341px\" \/><\/p>\n<p>&nbsp;<\/p>\n<p>&nbsp;<\/p>\n<p>&nbsp;<\/p>\n<p>&nbsp;<\/p>\n<p>&nbsp;<\/p>\n<p>&nbsp;<\/p>\n<p>&nbsp;<\/p>\n<p>&nbsp;<\/p>\n<p>&nbsp;<\/p>\n<p><strong><span style=\"color: #ff0000;\">8.- El club de lectura es una actividad del Departamento de Lengua<\/span><\/strong> que quiere reunir a padres y madres del centro entorno a una misma pasi\u00f3n: los libros. Nos reunimos una vez al mes para hablar de un libro previamente concensuado entre todos. En esta reuni\u00f3n analizamos el libro y expresemos libremente nuestra opini\u00f3n. Como actividades alternativas hacemos un par de viajes culturales durante un\u00a0 fin de semana. Este pasado octubre fuimos a ver una obra de teatro en Almagro y en mayo visitaremos \u00dabeda y Baeza para recordar a San Juan de la Cruz y Antonio Machado. Os esperamos con los brazos abiertos.<\/p>\n<p><img loading=\"lazy\" decoding=\"async\" class=\"alignleft size-full wp-image-8337\" src=\"..\/..\/wp-content\/uploads\/sites\/2\/2018\/02\/WhatsApp-Image-2018-02-13-at-12.02.45.jpeg\" alt=\"\" width=\"1600\" height=\"1197\" srcset=\"https:\/\/granada.salesianos.edu\/colegio\/wp-content\/uploads\/sites\/2\/2018\/02\/WhatsApp-Image-2018-02-13-at-12.02.45.jpeg 1600w, https:\/\/granada.salesianos.edu\/colegio\/wp-content\/uploads\/sites\/2\/2018\/02\/WhatsApp-Image-2018-02-13-at-12.02.45-300x224.jpeg 300w, https:\/\/granada.salesianos.edu\/colegio\/wp-content\/uploads\/sites\/2\/2018\/02\/WhatsApp-Image-2018-02-13-at-12.02.45-768x575.jpeg 768w, https:\/\/granada.salesianos.edu\/colegio\/wp-content\/uploads\/sites\/2\/2018\/02\/WhatsApp-Image-2018-02-13-at-12.02.45-1024x766.jpeg 1024w, https:\/\/granada.salesianos.edu\/colegio\/wp-content\/uploads\/sites\/2\/2018\/02\/WhatsApp-Image-2018-02-13-at-12.02.45-510x382.jpeg 510w, https:\/\/granada.salesianos.edu\/colegio\/wp-content\/uploads\/sites\/2\/2018\/02\/WhatsApp-Image-2018-02-13-at-12.02.45-1080x808.jpeg 1080w\" sizes=\"(max-width: 1600px) 100vw, 1600px\" \/><br \/>\n[\/et_pb_text][et_pb_text disabled_on=\u00bboff|off|off\u00bb admin_label=\u00bbT\u00edtulo: Galer\u00eda de fotos (Texto)\u00bb _builder_version=\u00bb3.0.100&#8243; text_font=\u00bb|on|||\u00bb text_text_color=\u00bb#dc001b\u00bb]Galer\u00eda de im\u00e1genes<br \/>\n[\/et_pb_text][et_pb_gallery gallery_ids=\u00bb8337,8333,8332,8334,8335,8336,8338,8339,8340,8341,8342,8343,8344,8345&#8243; posts_number=\u00bb8&#8243; show_title_and_caption=\u00bboff\u00bb hover_icon=\u00bb%%51%%\u00bb disabled_on=\u00bboff|off|off\u00bb _builder_version=\u00bb3.0.100&#8243; pagination_font_size_tablet=\u00bb51&#8243; pagination_line_height_tablet=\u00bb2&#8243;]\u00a0<br \/>\n[\/et_pb_gallery][et_pb_video disabled_on=\u00bbon|on|on\u00bb _builder_version=\u00bb3.0.51&#8243; disabled=\u00bbon\u00bb]\u00a0<br \/>\n[\/et_pb_video][\/et_pb_column][\/et_pb_row][\/et_pb_section]<\/p>\n","protected":false},"excerpt":{"rendered":"<p>Diversas inciativas se han desarrollado con alumnos de los distintos cursos. Adem\u00e1s del \u00e1mbito escolar, el inicio de una actividad de teatro y las actividades del Club de Lectura. Iniciativas que fomentan la creatividad, implicaci\u00f3n y participaci\u00f3n de toda la Comunidad Educativa.<\/p>\n","protected":false},"author":2,"featured_media":0,"comment_status":"open","ping_status":"open","sticky":false,"template":"","format":"standard","meta":{"_et_pb_use_builder":"on","_et_pb_old_content":"","_et_gb_content_width":"","footnotes":""},"categories":[11,1],"tags":[],"class_list":["post-8329","post","type-post","status-publish","format-standard","hentry","category-colegio","category-uncategorized"],"yoast_head":"<!-- This site is optimized with the Yoast SEO plugin v28.4 - https:\/\/yoast.com\/product\/yoast-seo-wordpress\/ -->\n<title>EL DEPARTAMENTO DE LENGUA....\u00a1SE MUEVE! - Colegio Salesiano<\/title>\n<meta name=\"robots\" content=\"index, follow, max-snippet:-1, max-image-preview:large, max-video-preview:-1\" \/>\n<link rel=\"canonical\" href=\"https:\/\/granada.salesianos.edu\/colegio\/blog\/el-departamento-de-lengua-se-mueve\/\" \/>\n<meta property=\"og:locale\" content=\"es_ES\" \/>\n<meta property=\"og:type\" content=\"article\" \/>\n<meta property=\"og:title\" content=\"EL DEPARTAMENTO DE LENGUA....\u00a1SE MUEVE! - Colegio Salesiano\" \/>\n<meta property=\"og:description\" content=\"Diversas inciativas se han desarrollado con alumnos de los distintos cursos. Adem\u00e1s del \u00e1mbito escolar, el inicio de una actividad de teatro y las actividades del Club de Lectura. Iniciativas que fomentan la creatividad, implicaci\u00f3n y participaci\u00f3n de toda la Comunidad Educativa.\" \/>\n<meta property=\"og:url\" content=\"https:\/\/granada.salesianos.edu\/colegio\/blog\/el-departamento-de-lengua-se-mueve\/\" \/>\n<meta property=\"og:site_name\" content=\"Colegio Salesiano\" \/>\n<meta property=\"article:publisher\" content=\"https:\/\/www.facebook.com\/SalesianosGR\/\" \/>\n<meta property=\"article:published_time\" content=\"2018-02-19T09:30:21+00:00\" \/>\n<meta property=\"article:modified_time\" content=\"2018-02-20T19:07:54+00:00\" \/>\n<meta property=\"og:image\" content=\"https:\/\/granada.salesianos.edu\/colegio\/wp-content\/uploads\/sites\/2\/2018\/02\/WhatsApp-Image-2018-02-11-at-20.02.06-1-150x150.jpeg\" \/>\n<meta name=\"author\" content=\"Gestor Web\" \/>\n<meta name=\"twitter:card\" content=\"summary_large_image\" \/>\n<meta name=\"twitter:creator\" content=\"@GranadaSDB\" \/>\n<meta name=\"twitter:site\" content=\"@GranadaSDB\" \/>\n<meta name=\"twitter:label1\" content=\"Escrito por\" \/>\n\t<meta name=\"twitter:data1\" content=\"Gestor Web\" \/>\n\t<meta name=\"twitter:label2\" content=\"Tiempo de lectura\" \/>\n\t<meta name=\"twitter:data2\" content=\"4 minutos\" \/>\n<script type=\"application\/ld+json\" class=\"yoast-schema-graph\">{\"@context\":\"https:\\\/\\\/schema.org\",\"@graph\":[{\"@type\":\"Article\",\"@id\":\"https:\\\/\\\/granada.salesianos.edu\\\/colegio\\\/blog\\\/el-departamento-de-lengua-se-mueve\\\/#article\",\"isPartOf\":{\"@id\":\"https:\\\/\\\/granada.salesianos.edu\\\/colegio\\\/blog\\\/el-departamento-de-lengua-se-mueve\\\/\"},\"author\":{\"name\":\"Gestor Web\",\"@id\":\"https:\\\/\\\/granada.salesianos.edu\\\/colegio\\\/#\\\/schema\\\/person\\\/6392ff2e4bd1e66981d6eab734bbd962\"},\"headline\":\"EL DEPARTAMENTO DE LENGUA&#8230;.\u00a1SE MUEVE!\",\"datePublished\":\"2018-02-19T09:30:21+00:00\",\"dateModified\":\"2018-02-20T19:07:54+00:00\",\"mainEntityOfPage\":{\"@id\":\"https:\\\/\\\/granada.salesianos.edu\\\/colegio\\\/blog\\\/el-departamento-de-lengua-se-mueve\\\/\"},\"wordCount\":742,\"commentCount\":0,\"publisher\":{\"@id\":\"https:\\\/\\\/granada.salesianos.edu\\\/colegio\\\/#organization\"},\"image\":{\"@id\":\"https:\\\/\\\/granada.salesianos.edu\\\/colegio\\\/blog\\\/el-departamento-de-lengua-se-mueve\\\/#primaryimage\"},\"thumbnailUrl\":\"https:\\\/\\\/granada.salesianos.edu\\\/colegio\\\/wp-content\\\/uploads\\\/sites\\\/2\\\/2018\\\/02\\\/WhatsApp-Image-2018-02-11-at-20.02.06-1-150x150.jpeg\",\"articleSection\":[\"Colegio\",\"Uncategorized\"],\"inLanguage\":\"es\",\"potentialAction\":[{\"@type\":\"CommentAction\",\"name\":\"Comment\",\"target\":[\"https:\\\/\\\/granada.salesianos.edu\\\/colegio\\\/blog\\\/el-departamento-de-lengua-se-mueve\\\/#respond\"]}]},{\"@type\":\"WebPage\",\"@id\":\"https:\\\/\\\/granada.salesianos.edu\\\/colegio\\\/blog\\\/el-departamento-de-lengua-se-mueve\\\/\",\"url\":\"https:\\\/\\\/granada.salesianos.edu\\\/colegio\\\/blog\\\/el-departamento-de-lengua-se-mueve\\\/\",\"name\":\"EL DEPARTAMENTO DE LENGUA....\u00a1SE MUEVE! - Colegio Salesiano\",\"isPartOf\":{\"@id\":\"https:\\\/\\\/granada.salesianos.edu\\\/colegio\\\/#website\"},\"primaryImageOfPage\":{\"@id\":\"https:\\\/\\\/granada.salesianos.edu\\\/colegio\\\/blog\\\/el-departamento-de-lengua-se-mueve\\\/#primaryimage\"},\"image\":{\"@id\":\"https:\\\/\\\/granada.salesianos.edu\\\/colegio\\\/blog\\\/el-departamento-de-lengua-se-mueve\\\/#primaryimage\"},\"thumbnailUrl\":\"https:\\\/\\\/granada.salesianos.edu\\\/colegio\\\/wp-content\\\/uploads\\\/sites\\\/2\\\/2018\\\/02\\\/WhatsApp-Image-2018-02-11-at-20.02.06-1-150x150.jpeg\",\"datePublished\":\"2018-02-19T09:30:21+00:00\",\"dateModified\":\"2018-02-20T19:07:54+00:00\",\"breadcrumb\":{\"@id\":\"https:\\\/\\\/granada.salesianos.edu\\\/colegio\\\/blog\\\/el-departamento-de-lengua-se-mueve\\\/#breadcrumb\"},\"inLanguage\":\"es\",\"potentialAction\":[{\"@type\":\"ReadAction\",\"target\":[\"https:\\\/\\\/granada.salesianos.edu\\\/colegio\\\/blog\\\/el-departamento-de-lengua-se-mueve\\\/\"]}]},{\"@type\":\"ImageObject\",\"inLanguage\":\"es\",\"@id\":\"https:\\\/\\\/granada.salesianos.edu\\\/colegio\\\/blog\\\/el-departamento-de-lengua-se-mueve\\\/#primaryimage\",\"url\":\"https:\\\/\\\/granada.salesianos.edu\\\/colegio\\\/wp-content\\\/uploads\\\/sites\\\/2\\\/2018\\\/02\\\/WhatsApp-Image-2018-02-11-at-20.02.06-1.jpeg\",\"contentUrl\":\"https:\\\/\\\/granada.salesianos.edu\\\/colegio\\\/wp-content\\\/uploads\\\/sites\\\/2\\\/2018\\\/02\\\/WhatsApp-Image-2018-02-11-at-20.02.06-1.jpeg\",\"width\":1599,\"height\":900},{\"@type\":\"BreadcrumbList\",\"@id\":\"https:\\\/\\\/granada.salesianos.edu\\\/colegio\\\/blog\\\/el-departamento-de-lengua-se-mueve\\\/#breadcrumb\",\"itemListElement\":[{\"@type\":\"ListItem\",\"position\":1,\"name\":\"Portada\",\"item\":\"https:\\\/\\\/granada.salesianos.edu\\\/colegio\\\/\"},{\"@type\":\"ListItem\",\"position\":2,\"name\":\"EL DEPARTAMENTO DE LENGUA&#8230;.\u00a1SE MUEVE!\"}]},{\"@type\":\"WebSite\",\"@id\":\"https:\\\/\\\/granada.salesianos.edu\\\/colegio\\\/#website\",\"url\":\"https:\\\/\\\/granada.salesianos.edu\\\/colegio\\\/\",\"name\":\"Colegio Salesiano\",\"description\":\"P\u00e1gina oficial de Salesianos Granada San Juan Bosco\",\"publisher\":{\"@id\":\"https:\\\/\\\/granada.salesianos.edu\\\/colegio\\\/#organization\"},\"potentialAction\":[{\"@type\":\"SearchAction\",\"target\":{\"@type\":\"EntryPoint\",\"urlTemplate\":\"https:\\\/\\\/granada.salesianos.edu\\\/colegio\\\/?s={search_term_string}\"},\"query-input\":{\"@type\":\"PropertyValueSpecification\",\"valueRequired\":true,\"valueName\":\"search_term_string\"}}],\"inLanguage\":\"es\"},{\"@type\":\"Organization\",\"@id\":\"https:\\\/\\\/granada.salesianos.edu\\\/colegio\\\/#organization\",\"name\":\"Colegio Salesiano San Juan Bosco Granada\",\"url\":\"https:\\\/\\\/granada.salesianos.edu\\\/colegio\\\/\",\"logo\":{\"@type\":\"ImageObject\",\"inLanguage\":\"es\",\"@id\":\"https:\\\/\\\/granada.salesianos.edu\\\/colegio\\\/#\\\/schema\\\/logo\\\/image\\\/\",\"url\":\"https:\\\/\\\/granada.salesianos.edu\\\/colegio\\\/wp-content\\\/uploads\\\/sites\\\/2\\\/2021\\\/01\\\/GRANADAobraVN2.jpg\",\"contentUrl\":\"https:\\\/\\\/granada.salesianos.edu\\\/colegio\\\/wp-content\\\/uploads\\\/sites\\\/2\\\/2021\\\/01\\\/GRANADAobraVN2.jpg\",\"width\":2113,\"height\":1894,\"caption\":\"Colegio Salesiano San Juan Bosco Granada\"},\"image\":{\"@id\":\"https:\\\/\\\/granada.salesianos.edu\\\/colegio\\\/#\\\/schema\\\/logo\\\/image\\\/\"},\"sameAs\":[\"https:\\\/\\\/www.facebook.com\\\/SalesianosGR\\\/\",\"https:\\\/\\\/x.com\\\/GranadaSDB\",\"https:\\\/\\\/www.instagram.com\\\/salesianosgranada\\\/\",\"https:\\\/\\\/www.youtube.com\\\/channel\\\/UChkpZuhCf4Y5rYIcFT3CNxw?view_as=subscriber\"]},{\"@type\":\"Person\",\"@id\":\"https:\\\/\\\/granada.salesianos.edu\\\/colegio\\\/#\\\/schema\\\/person\\\/6392ff2e4bd1e66981d6eab734bbd962\",\"name\":\"Gestor Web\",\"image\":{\"@type\":\"ImageObject\",\"inLanguage\":\"es\",\"@id\":\"https:\\\/\\\/secure.gravatar.com\\\/avatar\\\/160666bb56a01520857079961a824af2b7821d6bad80677c80f2b473fceead1b?s=96&d=mm&r=g\",\"url\":\"https:\\\/\\\/secure.gravatar.com\\\/avatar\\\/160666bb56a01520857079961a824af2b7821d6bad80677c80f2b473fceead1b?s=96&d=mm&r=g\",\"contentUrl\":\"https:\\\/\\\/secure.gravatar.com\\\/avatar\\\/160666bb56a01520857079961a824af2b7821d6bad80677c80f2b473fceead1b?s=96&d=mm&r=g\",\"caption\":\"Gestor Web\"}}]}<\/script>\n<!-- \/ Yoast SEO plugin. -->","yoast_head_json":{"title":"EL DEPARTAMENTO DE LENGUA....\u00a1SE MUEVE! - Colegio Salesiano","robots":{"index":"index","follow":"follow","max-snippet":"max-snippet:-1","max-image-preview":"max-image-preview:large","max-video-preview":"max-video-preview:-1"},"canonical":"https:\/\/granada.salesianos.edu\/colegio\/blog\/el-departamento-de-lengua-se-mueve\/","og_locale":"es_ES","og_type":"article","og_title":"EL DEPARTAMENTO DE LENGUA....\u00a1SE MUEVE! - Colegio Salesiano","og_description":"Diversas inciativas se han desarrollado con alumnos de los distintos cursos. Adem\u00e1s del \u00e1mbito escolar, el inicio de una actividad de teatro y las actividades del Club de Lectura. Iniciativas que fomentan la creatividad, implicaci\u00f3n y participaci\u00f3n de toda la Comunidad Educativa.","og_url":"https:\/\/granada.salesianos.edu\/colegio\/blog\/el-departamento-de-lengua-se-mueve\/","og_site_name":"Colegio Salesiano","article_publisher":"https:\/\/www.facebook.com\/SalesianosGR\/","article_published_time":"2018-02-19T09:30:21+00:00","article_modified_time":"2018-02-20T19:07:54+00:00","og_image":[{"url":"https:\/\/granada.salesianos.edu\/colegio\/wp-content\/uploads\/sites\/2\/2018\/02\/WhatsApp-Image-2018-02-11-at-20.02.06-1-150x150.jpeg","type":"","width":"","height":""}],"author":"Gestor Web","twitter_card":"summary_large_image","twitter_creator":"@GranadaSDB","twitter_site":"@GranadaSDB","twitter_misc":{"Escrito por":"Gestor Web","Tiempo de lectura":"4 minutos"},"schema":{"@context":"https:\/\/schema.org","@graph":[{"@type":"Article","@id":"https:\/\/granada.salesianos.edu\/colegio\/blog\/el-departamento-de-lengua-se-mueve\/#article","isPartOf":{"@id":"https:\/\/granada.salesianos.edu\/colegio\/blog\/el-departamento-de-lengua-se-mueve\/"},"author":{"name":"Gestor Web","@id":"https:\/\/granada.salesianos.edu\/colegio\/#\/schema\/person\/6392ff2e4bd1e66981d6eab734bbd962"},"headline":"EL DEPARTAMENTO DE LENGUA&#8230;.\u00a1SE MUEVE!","datePublished":"2018-02-19T09:30:21+00:00","dateModified":"2018-02-20T19:07:54+00:00","mainEntityOfPage":{"@id":"https:\/\/granada.salesianos.edu\/colegio\/blog\/el-departamento-de-lengua-se-mueve\/"},"wordCount":742,"commentCount":0,"publisher":{"@id":"https:\/\/granada.salesianos.edu\/colegio\/#organization"},"image":{"@id":"https:\/\/granada.salesianos.edu\/colegio\/blog\/el-departamento-de-lengua-se-mueve\/#primaryimage"},"thumbnailUrl":"https:\/\/granada.salesianos.edu\/colegio\/wp-content\/uploads\/sites\/2\/2018\/02\/WhatsApp-Image-2018-02-11-at-20.02.06-1-150x150.jpeg","articleSection":["Colegio","Uncategorized"],"inLanguage":"es","potentialAction":[{"@type":"CommentAction","name":"Comment","target":["https:\/\/granada.salesianos.edu\/colegio\/blog\/el-departamento-de-lengua-se-mueve\/#respond"]}]},{"@type":"WebPage","@id":"https:\/\/granada.salesianos.edu\/colegio\/blog\/el-departamento-de-lengua-se-mueve\/","url":"https:\/\/granada.salesianos.edu\/colegio\/blog\/el-departamento-de-lengua-se-mueve\/","name":"EL DEPARTAMENTO DE LENGUA....\u00a1SE MUEVE! - Colegio Salesiano","isPartOf":{"@id":"https:\/\/granada.salesianos.edu\/colegio\/#website"},"primaryImageOfPage":{"@id":"https:\/\/granada.salesianos.edu\/colegio\/blog\/el-departamento-de-lengua-se-mueve\/#primaryimage"},"image":{"@id":"https:\/\/granada.salesianos.edu\/colegio\/blog\/el-departamento-de-lengua-se-mueve\/#primaryimage"},"thumbnailUrl":"https:\/\/granada.salesianos.edu\/colegio\/wp-content\/uploads\/sites\/2\/2018\/02\/WhatsApp-Image-2018-02-11-at-20.02.06-1-150x150.jpeg","datePublished":"2018-02-19T09:30:21+00:00","dateModified":"2018-02-20T19:07:54+00:00","breadcrumb":{"@id":"https:\/\/granada.salesianos.edu\/colegio\/blog\/el-departamento-de-lengua-se-mueve\/#breadcrumb"},"inLanguage":"es","potentialAction":[{"@type":"ReadAction","target":["https:\/\/granada.salesianos.edu\/colegio\/blog\/el-departamento-de-lengua-se-mueve\/"]}]},{"@type":"ImageObject","inLanguage":"es","@id":"https:\/\/granada.salesianos.edu\/colegio\/blog\/el-departamento-de-lengua-se-mueve\/#primaryimage","url":"https:\/\/granada.salesianos.edu\/colegio\/wp-content\/uploads\/sites\/2\/2018\/02\/WhatsApp-Image-2018-02-11-at-20.02.06-1.jpeg","contentUrl":"https:\/\/granada.salesianos.edu\/colegio\/wp-content\/uploads\/sites\/2\/2018\/02\/WhatsApp-Image-2018-02-11-at-20.02.06-1.jpeg","width":1599,"height":900},{"@type":"BreadcrumbList","@id":"https:\/\/granada.salesianos.edu\/colegio\/blog\/el-departamento-de-lengua-se-mueve\/#breadcrumb","itemListElement":[{"@type":"ListItem","position":1,"name":"Portada","item":"https:\/\/granada.salesianos.edu\/colegio\/"},{"@type":"ListItem","position":2,"name":"EL DEPARTAMENTO DE LENGUA&#8230;.\u00a1SE MUEVE!"}]},{"@type":"WebSite","@id":"https:\/\/granada.salesianos.edu\/colegio\/#website","url":"https:\/\/granada.salesianos.edu\/colegio\/","name":"Colegio Salesiano","description":"P\u00e1gina oficial de Salesianos Granada San Juan Bosco","publisher":{"@id":"https:\/\/granada.salesianos.edu\/colegio\/#organization"},"potentialAction":[{"@type":"SearchAction","target":{"@type":"EntryPoint","urlTemplate":"https:\/\/granada.salesianos.edu\/colegio\/?s={search_term_string}"},"query-input":{"@type":"PropertyValueSpecification","valueRequired":true,"valueName":"search_term_string"}}],"inLanguage":"es"},{"@type":"Organization","@id":"https:\/\/granada.salesianos.edu\/colegio\/#organization","name":"Colegio Salesiano San Juan Bosco Granada","url":"https:\/\/granada.salesianos.edu\/colegio\/","logo":{"@type":"ImageObject","inLanguage":"es","@id":"https:\/\/granada.salesianos.edu\/colegio\/#\/schema\/logo\/image\/","url":"https:\/\/granada.salesianos.edu\/colegio\/wp-content\/uploads\/sites\/2\/2021\/01\/GRANADAobraVN2.jpg","contentUrl":"https:\/\/granada.salesianos.edu\/colegio\/wp-content\/uploads\/sites\/2\/2021\/01\/GRANADAobraVN2.jpg","width":2113,"height":1894,"caption":"Colegio Salesiano San Juan Bosco Granada"},"image":{"@id":"https:\/\/granada.salesianos.edu\/colegio\/#\/schema\/logo\/image\/"},"sameAs":["https:\/\/www.facebook.com\/SalesianosGR\/","https:\/\/x.com\/GranadaSDB","https:\/\/www.instagram.com\/salesianosgranada\/","https:\/\/www.youtube.com\/channel\/UChkpZuhCf4Y5rYIcFT3CNxw?view_as=subscriber"]},{"@type":"Person","@id":"https:\/\/granada.salesianos.edu\/colegio\/#\/schema\/person\/6392ff2e4bd1e66981d6eab734bbd962","name":"Gestor Web","image":{"@type":"ImageObject","inLanguage":"es","@id":"https:\/\/secure.gravatar.com\/avatar\/160666bb56a01520857079961a824af2b7821d6bad80677c80f2b473fceead1b?s=96&d=mm&r=g","url":"https:\/\/secure.gravatar.com\/avatar\/160666bb56a01520857079961a824af2b7821d6bad80677c80f2b473fceead1b?s=96&d=mm&r=g","contentUrl":"https:\/\/secure.gravatar.com\/avatar\/160666bb56a01520857079961a824af2b7821d6bad80677c80f2b473fceead1b?s=96&d=mm&r=g","caption":"Gestor Web"}}]}},"_links":{"self":[{"href":"https:\/\/granada.salesianos.edu\/colegio\/wp-json\/wp\/v2\/posts\/8329","targetHints":{"allow":["GET"]}}],"collection":[{"href":"https:\/\/granada.salesianos.edu\/colegio\/wp-json\/wp\/v2\/posts"}],"about":[{"href":"https:\/\/granada.salesianos.edu\/colegio\/wp-json\/wp\/v2\/types\/post"}],"author":[{"embeddable":true,"href":"https:\/\/granada.salesianos.edu\/colegio\/wp-json\/wp\/v2\/users\/2"}],"replies":[{"embeddable":true,"href":"https:\/\/granada.salesianos.edu\/colegio\/wp-json\/wp\/v2\/comments?post=8329"}],"version-history":[{"count":8,"href":"https:\/\/granada.salesianos.edu\/colegio\/wp-json\/wp\/v2\/posts\/8329\/revisions"}],"predecessor-version":[{"id":8354,"href":"https:\/\/granada.salesianos.edu\/colegio\/wp-json\/wp\/v2\/posts\/8329\/revisions\/8354"}],"wp:attachment":[{"href":"https:\/\/granada.salesianos.edu\/colegio\/wp-json\/wp\/v2\/media?parent=8329"}],"wp:term":[{"taxonomy":"category","embeddable":true,"href":"https:\/\/granada.salesianos.edu\/colegio\/wp-json\/wp\/v2\/categories?post=8329"},{"taxonomy":"post_tag","embeddable":true,"href":"https:\/\/granada.salesianos.edu\/colegio\/wp-json\/wp\/v2\/tags?post=8329"}],"curies":[{"name":"wp","href":"https:\/\/api.w.org\/{rel}","templated":true}]}}