{"id":8366,"date":"2018-02-22T18:49:02","date_gmt":"2018-02-22T16:49:02","guid":{"rendered":"https:\/\/granada.salesianos.edu\/colegio\/?p=8366"},"modified":"2022-12-01T23:59:18","modified_gmt":"2022-12-01T21:59:18","slug":"intercambio-irlanda","status":"publish","type":"post","link":"https:\/\/granada.salesianos.edu\/colegio\/blog\/intercambio-irlanda\/","title":{"rendered":"Intercambio Irlanda"},"content":{"rendered":"<div id=\"fb-root\"><\/div>\n<p>[et_pb_section fb_built=\u00bb1&#8243; fullwidth=\u00bbon\u00bb _builder_version=\u00bb3.0.47&#8243;][et_pb_fullwidth_header title=\u00bbPrograma de intercambio en IRLANDA\u00bb module_class=\u00bbpagina-imagen-cabecera\u00bb _builder_version=\u00bb3.0.100&#8243; title_font_size=\u00bb40px\u00bb use_background_color_gradient=\u00bbon\u00bb background_color_gradient_start=\u00bb#e02b20&#8243; background_image=\u00bbhttps:\/\/granada.salesianos.edu\/colegio\/wp-content\/uploads\/sites\/2\/2018\/02\/limerick.jpg\u00bb]\u00a0<br \/>\n[\/et_pb_fullwidth_header][\/et_pb_section][et_pb_section fb_built=\u00bb1&#8243; module_class=\u00bbpagina-seccion-contenido\u00bb _builder_version=\u00bb3.0.47&#8243; custom_padding=\u00bb-4%|||\u00bb transparent_background=\u00bboff\u00bb][et_pb_row parallax_method_1=\u00bboff\u00bb module_class=\u00bbpagina-texto\u00bb _builder_version=\u00bb3.0.47&#8243; background_size=\u00bbinitial\u00bb background_position=\u00bbtop_left\u00bb background_repeat=\u00bbrepeat\u00bb][et_pb_column type=\u00bb4_4&#8243; _builder_version=\u00bb3.0.47&#8243; parallax=\u00bboff\u00bb parallax_method=\u00bboff\u00bb][et_pb_text admin_label=\u00bbT\u00edtulo p\u00e1gina (Texto)\u00bb _builder_version=\u00bb3.0.100&#8243; border_style=\u00bbsolid\u00bb]<\/p>\n<h1>Salesian Secondary College<\/h1>\n<p>[\/et_pb_text][et_pb_text admin_label=\u00bbContenido (Texto)\u00bb _builder_version=\u00bb3.0.100&#8243; background_size=\u00bbinitial\u00bb background_position=\u00bbtop_left\u00bb background_repeat=\u00bbrepeat\u00bb]Cada a\u00f1o realizamos un intercambio con el\u00a0 <span style=\"color: #e02b20;\"><strong>colegio Salesiano Irland\u00e9s, Salesian Secondary College situado\u00a0 in Pallaskenry, Limerick.<\/strong><\/span> Esta ciudad est\u00e1 situada en el suroeste de Irlanda. El alumnado asiste a las mismas clases que sus compa\u00f1eros irlandeses, adem\u00e1s se realizan diferentes visitas a la ciudad, y a lugares de inter\u00e9s tur\u00edsticos como los<span style=\"color: #800080;\"> <strong><a style=\"color: #800080;\" href=\"http:\/\/www.galway.es\/acantilados-moher\/\" target=\"_blank\" rel=\"noopener\">acantilados de Moher<\/a>, <a style=\"color: #800080;\" href=\"https:\/\/www.civitatis.com\/es\/dublin\/excursion-castillo-bunratty-kinvara\/\" target=\"_blank\" rel=\"noopener\">el Castillo de Bunratty<\/a><\/strong><\/span>, etc.\u00a0 Importante es la <span style=\"color: #e02b20;\"><strong>convivencia con las familias irlandesas<\/strong><\/span> donde conocen diferentes aspectos de la cultura y la gastronom\u00eda de este pa\u00eds, adapt\u00e1ndose a las comidas, horarios y gustos irlandeses. Con ello conseguimos que los alumnos\/as <span style=\"color: #e02b20;\"><strong>mejoren su nivel de ingl\u00e9s, su autonom\u00eda y su apertura al mundo exterior<\/strong><\/span><br \/>\n[\/et_pb_text][\/et_pb_column][\/et_pb_row][et_pb_row _builder_version=\u00bb3.0.47&#8243; background_size=\u00bbinitial\u00bb background_position=\u00bbtop_left\u00bb background_repeat=\u00bbrepeat\u00bb][et_pb_column type=\u00bb1_2&#8243; _builder_version=\u00bb3.0.47&#8243; parallax=\u00bboff\u00bb parallax_method=\u00bbon\u00bb][et_pb_blurb url=\u00bbhttp:\/\/www.salesiancollege.ie\/\u00bb url_new_window=\u00bbon\u00bb image=\u00bbhttps:\/\/granada.salesianos.edu\/colegio\/wp-content\/uploads\/sites\/2\/2018\/02\/logoireland.png\u00bb _builder_version=\u00bb3.0.100&#8243;]<\/p>\n<p style=\"text-align: center;\"><span style=\"color: #ff0000;\"><strong>Conoce Salesians Pallaskenry<\/strong><\/span><\/p>\n<p>[\/et_pb_blurb][\/et_pb_column][et_pb_column type=\u00bb1_2&#8243; _builder_version=\u00bb3.0.47&#8243; parallax=\u00bboff\u00bb parallax_method=\u00bbon\u00bb][et_pb_blurb url=\u00bbhttps:\/\/drive.google.com\/file\/d\/1bsqVQBuaqBmb-N9QYxmL1IobDv365xtj\/view?usp=sharing\u00bb url_new_window=\u00bbon\u00bb use_icon=\u00bbon\u00bb font_icon=\u00bb%%75%%\u00bb _builder_version=\u00bb3.0.100&#8243;]<strong><span style=\"color: #ff0000;\">Calendario y actividades del intercambio<\/span><\/strong><br \/>\n[\/et_pb_blurb][\/et_pb_column][\/et_pb_row][et_pb_row _builder_version=\u00bb3.0.47&#8243; background_size=\u00bbinitial\u00bb background_position=\u00bbtop_left\u00bb background_repeat=\u00bbrepeat\u00bb][et_pb_column type=\u00bb4_4&#8243; _builder_version=\u00bb3.0.47&#8243; parallax=\u00bboff\u00bb parallax_method=\u00bbon\u00bb][et_pb_button button_text=\u00bbVIDEOMEMORIA DEL INTERCAMBIO\u00bb _builder_version=\u00bb3.0.105&#8243;][\/et_pb_button][\/et_pb_column][\/et_pb_row][et_pb_row _builder_version=\u00bb3.0.47&#8243; background_size=\u00bbinitial\u00bb background_position=\u00bbtop_left\u00bb background_repeat=\u00bbrepeat\u00bb][et_pb_column type=\u00bb1_2&#8243; _builder_version=\u00bb3.0.47&#8243; parallax=\u00bboff\u00bb parallax_method=\u00bbon\u00bb][et_pb_video src=\u00bbhttps:\/\/www.youtube.com\/watch?v=mGVuU4Coq5Q&#038;t=4s\u00bb image_src=\u00bb\/\/i.ytimg.com\/vi\/mGVuU4Coq5Q\/hqdefault.jpg\u00bb _builder_version=\u00bb3.0.105&#8243;][\/et_pb_video][et_pb_divider color=\u00bb#ff0000&#8243; show_divider=\u00bbon\u00bb _builder_version=\u00bb3.0.105&#8243;][\/et_pb_divider][et_pb_video src=\u00bbhttps:\/\/www.youtube.com\/watch?v=5SR49o5eZYA&#038;t=1s\u00bb image_src=\u00bb\/\/i.ytimg.com\/vi\/5SR49o5eZYA\/hqdefault.jpg\u00bb _builder_version=\u00bb3.0.105&#8243;][\/et_pb_video][et_pb_divider color=\u00bb#ff0000&#8243; show_divider=\u00bbon\u00bb _builder_version=\u00bb3.0.105&#8243;][\/et_pb_divider][et_pb_video src=\u00bbhttps:\/\/www.youtube.com\/watch?v=SBk7fVBLK4Q\u00bb image_src=\u00bb\/\/i.ytimg.com\/vi\/SBk7fVBLK4Q\/hqdefault.jpg\u00bb _builder_version=\u00bb3.0.105&#8243;][\/et_pb_video][\/et_pb_column][et_pb_column type=\u00bb1_2&#8243; _builder_version=\u00bb3.0.47&#8243; parallax=\u00bboff\u00bb parallax_method=\u00bbon\u00bb][et_pb_video src=\u00bbhttps:\/\/www.youtube.com\/watch?v=j19B0Xz0Z2Y&#038;t=5s\u00bb image_src=\u00bb\/\/i.ytimg.com\/vi\/j19B0Xz0Z2Y\/hqdefault.jpg\u00bb _builder_version=\u00bb3.0.105&#8243;][\/et_pb_video][et_pb_divider color=\u00bb#ff0000&#8243; show_divider=\u00bbon\u00bb _builder_version=\u00bb3.0.105&#8243;][\/et_pb_divider][et_pb_video src=\u00bbhttps:\/\/www.youtube.com\/watch?v=etGA92RJ9k4&#038;t=7s\u00bb image_src=\u00bb\/\/i.ytimg.com\/vi\/etGA92RJ9k4\/hqdefault.jpg\u00bb _builder_version=\u00bb3.0.105&#8243;][\/et_pb_video][et_pb_divider color=\u00bb#ff0000&#8243; show_divider=\u00bbon\u00bb _builder_version=\u00bb3.0.105&#8243;][\/et_pb_divider][et_pb_video src=\u00bbhttps:\/\/www.youtube.com\/watch?v=2Pl9Cl-gZd0&#038;t=4s\u00bb image_src=\u00bb\/\/i.ytimg.com\/vi\/2Pl9Cl-gZd0\/hqdefault.jpg\u00bb _builder_version=\u00bb3.0.105&#8243;][\/et_pb_video][\/et_pb_column][\/et_pb_row][\/et_pb_section][et_pb_section fb_built=\u00bb1&#8243; admin_label=\u00bbsection\u00bb _builder_version=\u00bb3.0.47&#8243;][et_pb_row admin_label=\u00bbrow\u00bb _builder_version=\u00bb3.0.47&#8243; background_size=\u00bbinitial\u00bb background_position=\u00bbtop_left\u00bb background_repeat=\u00bbrepeat\u00bb][\/et_pb_row][\/et_pb_section]<\/p>\n","protected":false},"excerpt":{"rendered":"<p>\u00a0 Salesian Secondary College Cada a\u00f1o realizamos un intercambio con el\u00a0 colegio Salesiano Irland\u00e9s, Salesian Secondary College situado\u00a0 in Pallaskenry, Limerick. Esta ciudad est\u00e1 situada en el suroeste de Irlanda. El alumnado asiste a las mismas clases que sus compa\u00f1eros irlandeses, adem\u00e1s se realizan diferentes visitas a la ciudad, y a lugares de inter\u00e9s tur\u00edsticos [&hellip;]<\/p>\n","protected":false},"author":2,"featured_media":0,"comment_status":"open","ping_status":"open","sticky":false,"template":"","format":"standard","meta":{"_et_pb_use_builder":"on","_et_pb_old_content":"","_et_gb_content_width":"","footnotes":""},"categories":[20,21,1],"tags":[],"class_list":["post-8366","post","type-post","status-publish","format-standard","hentry","category-bto","category-fp","category-uncategorized"],"yoast_head":"<!-- This site is optimized with the Yoast SEO plugin v28.4 - https:\/\/yoast.com\/product\/yoast-seo-wordpress\/ -->\n<title>Intercambio Irlanda - Colegio Salesiano<\/title>\n<meta name=\"robots\" content=\"index, follow, max-snippet:-1, max-image-preview:large, max-video-preview:-1\" \/>\n<link rel=\"canonical\" href=\"https:\/\/granada.salesianos.edu\/colegio\/blog\/intercambio-irlanda\/\" \/>\n<meta property=\"og:locale\" content=\"es_ES\" \/>\n<meta property=\"og:type\" content=\"article\" \/>\n<meta property=\"og:title\" content=\"Intercambio Irlanda - Colegio Salesiano\" \/>\n<meta property=\"og:description\" content=\"\u00a0 Salesian Secondary College Cada a\u00f1o realizamos un intercambio con el\u00a0 colegio Salesiano Irland\u00e9s, Salesian Secondary College situado\u00a0 in Pallaskenry, Limerick. Esta ciudad est\u00e1 situada en el suroeste de Irlanda. El alumnado asiste a las mismas clases que sus compa\u00f1eros irlandeses, adem\u00e1s se realizan diferentes visitas a la ciudad, y a lugares de inter\u00e9s tur\u00edsticos [&hellip;]\" \/>\n<meta property=\"og:url\" content=\"https:\/\/granada.salesianos.edu\/colegio\/blog\/intercambio-irlanda\/\" \/>\n<meta property=\"og:site_name\" content=\"Colegio Salesiano\" \/>\n<meta property=\"article:publisher\" content=\"https:\/\/www.facebook.com\/SalesianosGR\/\" \/>\n<meta property=\"article:published_time\" content=\"2018-02-22T16:49:02+00:00\" \/>\n<meta property=\"article:modified_time\" content=\"2022-12-01T21:59:18+00:00\" \/>\n<meta name=\"author\" content=\"Gestor Web\" \/>\n<meta name=\"twitter:card\" content=\"summary_large_image\" \/>\n<meta name=\"twitter:creator\" content=\"@GranadaSDB\" \/>\n<meta name=\"twitter:site\" content=\"@GranadaSDB\" \/>\n<meta name=\"twitter:label1\" content=\"Escrito por\" \/>\n\t<meta name=\"twitter:data1\" content=\"Gestor Web\" \/>\n\t<meta name=\"twitter:label2\" content=\"Tiempo de lectura\" \/>\n\t<meta name=\"twitter:data2\" content=\"4 minutos\" \/>\n<script type=\"application\/ld+json\" class=\"yoast-schema-graph\">{\"@context\":\"https:\\\/\\\/schema.org\",\"@graph\":[{\"@type\":\"Article\",\"@id\":\"https:\\\/\\\/granada.salesianos.edu\\\/colegio\\\/blog\\\/intercambio-irlanda\\\/#article\",\"isPartOf\":{\"@id\":\"https:\\\/\\\/granada.salesianos.edu\\\/colegio\\\/blog\\\/intercambio-irlanda\\\/\"},\"author\":{\"name\":\"Gestor Web\",\"@id\":\"https:\\\/\\\/granada.salesianos.edu\\\/colegio\\\/#\\\/schema\\\/person\\\/6392ff2e4bd1e66981d6eab734bbd962\"},\"headline\":\"Intercambio Irlanda\",\"datePublished\":\"2018-02-22T16:49:02+00:00\",\"dateModified\":\"2022-12-01T21:59:18+00:00\",\"mainEntityOfPage\":{\"@id\":\"https:\\\/\\\/granada.salesianos.edu\\\/colegio\\\/blog\\\/intercambio-irlanda\\\/\"},\"wordCount\":757,\"commentCount\":0,\"publisher\":{\"@id\":\"https:\\\/\\\/granada.salesianos.edu\\\/colegio\\\/#organization\"},\"articleSection\":[\"BTO\",\"FP\",\"Uncategorized\"],\"inLanguage\":\"es\",\"potentialAction\":[{\"@type\":\"CommentAction\",\"name\":\"Comment\",\"target\":[\"https:\\\/\\\/granada.salesianos.edu\\\/colegio\\\/blog\\\/intercambio-irlanda\\\/#respond\"]}]},{\"@type\":\"WebPage\",\"@id\":\"https:\\\/\\\/granada.salesianos.edu\\\/colegio\\\/blog\\\/intercambio-irlanda\\\/\",\"url\":\"https:\\\/\\\/granada.salesianos.edu\\\/colegio\\\/blog\\\/intercambio-irlanda\\\/\",\"name\":\"Intercambio Irlanda - Colegio Salesiano\",\"isPartOf\":{\"@id\":\"https:\\\/\\\/granada.salesianos.edu\\\/colegio\\\/#website\"},\"datePublished\":\"2018-02-22T16:49:02+00:00\",\"dateModified\":\"2022-12-01T21:59:18+00:00\",\"breadcrumb\":{\"@id\":\"https:\\\/\\\/granada.salesianos.edu\\\/colegio\\\/blog\\\/intercambio-irlanda\\\/#breadcrumb\"},\"inLanguage\":\"es\",\"potentialAction\":[{\"@type\":\"ReadAction\",\"target\":[\"https:\\\/\\\/granada.salesianos.edu\\\/colegio\\\/blog\\\/intercambio-irlanda\\\/\"]}]},{\"@type\":\"BreadcrumbList\",\"@id\":\"https:\\\/\\\/granada.salesianos.edu\\\/colegio\\\/blog\\\/intercambio-irlanda\\\/#breadcrumb\",\"itemListElement\":[{\"@type\":\"ListItem\",\"position\":1,\"name\":\"Portada\",\"item\":\"https:\\\/\\\/granada.salesianos.edu\\\/colegio\\\/\"},{\"@type\":\"ListItem\",\"position\":2,\"name\":\"Intercambio Irlanda\"}]},{\"@type\":\"WebSite\",\"@id\":\"https:\\\/\\\/granada.salesianos.edu\\\/colegio\\\/#website\",\"url\":\"https:\\\/\\\/granada.salesianos.edu\\\/colegio\\\/\",\"name\":\"Colegio Salesiano\",\"description\":\"P\u00e1gina oficial de Salesianos Granada San Juan Bosco\",\"publisher\":{\"@id\":\"https:\\\/\\\/granada.salesianos.edu\\\/colegio\\\/#organization\"},\"potentialAction\":[{\"@type\":\"SearchAction\",\"target\":{\"@type\":\"EntryPoint\",\"urlTemplate\":\"https:\\\/\\\/granada.salesianos.edu\\\/colegio\\\/?s={search_term_string}\"},\"query-input\":{\"@type\":\"PropertyValueSpecification\",\"valueRequired\":true,\"valueName\":\"search_term_string\"}}],\"inLanguage\":\"es\"},{\"@type\":\"Organization\",\"@id\":\"https:\\\/\\\/granada.salesianos.edu\\\/colegio\\\/#organization\",\"name\":\"Colegio Salesiano San Juan Bosco Granada\",\"url\":\"https:\\\/\\\/granada.salesianos.edu\\\/colegio\\\/\",\"logo\":{\"@type\":\"ImageObject\",\"inLanguage\":\"es\",\"@id\":\"https:\\\/\\\/granada.salesianos.edu\\\/colegio\\\/#\\\/schema\\\/logo\\\/image\\\/\",\"url\":\"https:\\\/\\\/granada.salesianos.edu\\\/colegio\\\/wp-content\\\/uploads\\\/sites\\\/2\\\/2021\\\/01\\\/GRANADAobraVN2.jpg\",\"contentUrl\":\"https:\\\/\\\/granada.salesianos.edu\\\/colegio\\\/wp-content\\\/uploads\\\/sites\\\/2\\\/2021\\\/01\\\/GRANADAobraVN2.jpg\",\"width\":2113,\"height\":1894,\"caption\":\"Colegio Salesiano San Juan Bosco Granada\"},\"image\":{\"@id\":\"https:\\\/\\\/granada.salesianos.edu\\\/colegio\\\/#\\\/schema\\\/logo\\\/image\\\/\"},\"sameAs\":[\"https:\\\/\\\/www.facebook.com\\\/SalesianosGR\\\/\",\"https:\\\/\\\/x.com\\\/GranadaSDB\",\"https:\\\/\\\/www.instagram.com\\\/salesianosgranada\\\/\",\"https:\\\/\\\/www.youtube.com\\\/channel\\\/UChkpZuhCf4Y5rYIcFT3CNxw?view_as=subscriber\"]},{\"@type\":\"Person\",\"@id\":\"https:\\\/\\\/granada.salesianos.edu\\\/colegio\\\/#\\\/schema\\\/person\\\/6392ff2e4bd1e66981d6eab734bbd962\",\"name\":\"Gestor Web\",\"image\":{\"@type\":\"ImageObject\",\"inLanguage\":\"es\",\"@id\":\"https:\\\/\\\/secure.gravatar.com\\\/avatar\\\/160666bb56a01520857079961a824af2b7821d6bad80677c80f2b473fceead1b?s=96&d=mm&r=g\",\"url\":\"https:\\\/\\\/secure.gravatar.com\\\/avatar\\\/160666bb56a01520857079961a824af2b7821d6bad80677c80f2b473fceead1b?s=96&d=mm&r=g\",\"contentUrl\":\"https:\\\/\\\/secure.gravatar.com\\\/avatar\\\/160666bb56a01520857079961a824af2b7821d6bad80677c80f2b473fceead1b?s=96&d=mm&r=g\",\"caption\":\"Gestor Web\"}}]}<\/script>\n<!-- \/ Yoast SEO plugin. -->","yoast_head_json":{"title":"Intercambio Irlanda - Colegio Salesiano","robots":{"index":"index","follow":"follow","max-snippet":"max-snippet:-1","max-image-preview":"max-image-preview:large","max-video-preview":"max-video-preview:-1"},"canonical":"https:\/\/granada.salesianos.edu\/colegio\/blog\/intercambio-irlanda\/","og_locale":"es_ES","og_type":"article","og_title":"Intercambio Irlanda - Colegio Salesiano","og_description":"\u00a0 Salesian Secondary College Cada a\u00f1o realizamos un intercambio con el\u00a0 colegio Salesiano Irland\u00e9s, Salesian Secondary College situado\u00a0 in Pallaskenry, Limerick. Esta ciudad est\u00e1 situada en el suroeste de Irlanda. El alumnado asiste a las mismas clases que sus compa\u00f1eros irlandeses, adem\u00e1s se realizan diferentes visitas a la ciudad, y a lugares de inter\u00e9s tur\u00edsticos [&hellip;]","og_url":"https:\/\/granada.salesianos.edu\/colegio\/blog\/intercambio-irlanda\/","og_site_name":"Colegio Salesiano","article_publisher":"https:\/\/www.facebook.com\/SalesianosGR\/","article_published_time":"2018-02-22T16:49:02+00:00","article_modified_time":"2022-12-01T21:59:18+00:00","author":"Gestor Web","twitter_card":"summary_large_image","twitter_creator":"@GranadaSDB","twitter_site":"@GranadaSDB","twitter_misc":{"Escrito por":"Gestor Web","Tiempo de lectura":"4 minutos"},"schema":{"@context":"https:\/\/schema.org","@graph":[{"@type":"Article","@id":"https:\/\/granada.salesianos.edu\/colegio\/blog\/intercambio-irlanda\/#article","isPartOf":{"@id":"https:\/\/granada.salesianos.edu\/colegio\/blog\/intercambio-irlanda\/"},"author":{"name":"Gestor Web","@id":"https:\/\/granada.salesianos.edu\/colegio\/#\/schema\/person\/6392ff2e4bd1e66981d6eab734bbd962"},"headline":"Intercambio Irlanda","datePublished":"2018-02-22T16:49:02+00:00","dateModified":"2022-12-01T21:59:18+00:00","mainEntityOfPage":{"@id":"https:\/\/granada.salesianos.edu\/colegio\/blog\/intercambio-irlanda\/"},"wordCount":757,"commentCount":0,"publisher":{"@id":"https:\/\/granada.salesianos.edu\/colegio\/#organization"},"articleSection":["BTO","FP","Uncategorized"],"inLanguage":"es","potentialAction":[{"@type":"CommentAction","name":"Comment","target":["https:\/\/granada.salesianos.edu\/colegio\/blog\/intercambio-irlanda\/#respond"]}]},{"@type":"WebPage","@id":"https:\/\/granada.salesianos.edu\/colegio\/blog\/intercambio-irlanda\/","url":"https:\/\/granada.salesianos.edu\/colegio\/blog\/intercambio-irlanda\/","name":"Intercambio Irlanda - Colegio Salesiano","isPartOf":{"@id":"https:\/\/granada.salesianos.edu\/colegio\/#website"},"datePublished":"2018-02-22T16:49:02+00:00","dateModified":"2022-12-01T21:59:18+00:00","breadcrumb":{"@id":"https:\/\/granada.salesianos.edu\/colegio\/blog\/intercambio-irlanda\/#breadcrumb"},"inLanguage":"es","potentialAction":[{"@type":"ReadAction","target":["https:\/\/granada.salesianos.edu\/colegio\/blog\/intercambio-irlanda\/"]}]},{"@type":"BreadcrumbList","@id":"https:\/\/granada.salesianos.edu\/colegio\/blog\/intercambio-irlanda\/#breadcrumb","itemListElement":[{"@type":"ListItem","position":1,"name":"Portada","item":"https:\/\/granada.salesianos.edu\/colegio\/"},{"@type":"ListItem","position":2,"name":"Intercambio Irlanda"}]},{"@type":"WebSite","@id":"https:\/\/granada.salesianos.edu\/colegio\/#website","url":"https:\/\/granada.salesianos.edu\/colegio\/","name":"Colegio Salesiano","description":"P\u00e1gina oficial de Salesianos Granada San Juan Bosco","publisher":{"@id":"https:\/\/granada.salesianos.edu\/colegio\/#organization"},"potentialAction":[{"@type":"SearchAction","target":{"@type":"EntryPoint","urlTemplate":"https:\/\/granada.salesianos.edu\/colegio\/?s={search_term_string}"},"query-input":{"@type":"PropertyValueSpecification","valueRequired":true,"valueName":"search_term_string"}}],"inLanguage":"es"},{"@type":"Organization","@id":"https:\/\/granada.salesianos.edu\/colegio\/#organization","name":"Colegio Salesiano San Juan Bosco Granada","url":"https:\/\/granada.salesianos.edu\/colegio\/","logo":{"@type":"ImageObject","inLanguage":"es","@id":"https:\/\/granada.salesianos.edu\/colegio\/#\/schema\/logo\/image\/","url":"https:\/\/granada.salesianos.edu\/colegio\/wp-content\/uploads\/sites\/2\/2021\/01\/GRANADAobraVN2.jpg","contentUrl":"https:\/\/granada.salesianos.edu\/colegio\/wp-content\/uploads\/sites\/2\/2021\/01\/GRANADAobraVN2.jpg","width":2113,"height":1894,"caption":"Colegio Salesiano San Juan Bosco Granada"},"image":{"@id":"https:\/\/granada.salesianos.edu\/colegio\/#\/schema\/logo\/image\/"},"sameAs":["https:\/\/www.facebook.com\/SalesianosGR\/","https:\/\/x.com\/GranadaSDB","https:\/\/www.instagram.com\/salesianosgranada\/","https:\/\/www.youtube.com\/channel\/UChkpZuhCf4Y5rYIcFT3CNxw?view_as=subscriber"]},{"@type":"Person","@id":"https:\/\/granada.salesianos.edu\/colegio\/#\/schema\/person\/6392ff2e4bd1e66981d6eab734bbd962","name":"Gestor Web","image":{"@type":"ImageObject","inLanguage":"es","@id":"https:\/\/secure.gravatar.com\/avatar\/160666bb56a01520857079961a824af2b7821d6bad80677c80f2b473fceead1b?s=96&d=mm&r=g","url":"https:\/\/secure.gravatar.com\/avatar\/160666bb56a01520857079961a824af2b7821d6bad80677c80f2b473fceead1b?s=96&d=mm&r=g","contentUrl":"https:\/\/secure.gravatar.com\/avatar\/160666bb56a01520857079961a824af2b7821d6bad80677c80f2b473fceead1b?s=96&d=mm&r=g","caption":"Gestor Web"}}]}},"_links":{"self":[{"href":"https:\/\/granada.salesianos.edu\/colegio\/wp-json\/wp\/v2\/posts\/8366","targetHints":{"allow":["GET"]}}],"collection":[{"href":"https:\/\/granada.salesianos.edu\/colegio\/wp-json\/wp\/v2\/posts"}],"about":[{"href":"https:\/\/granada.salesianos.edu\/colegio\/wp-json\/wp\/v2\/types\/post"}],"author":[{"embeddable":true,"href":"https:\/\/granada.salesianos.edu\/colegio\/wp-json\/wp\/v2\/users\/2"}],"replies":[{"embeddable":true,"href":"https:\/\/granada.salesianos.edu\/colegio\/wp-json\/wp\/v2\/comments?post=8366"}],"version-history":[{"count":17,"href":"https:\/\/granada.salesianos.edu\/colegio\/wp-json\/wp\/v2\/posts\/8366\/revisions"}],"predecessor-version":[{"id":9111,"href":"https:\/\/granada.salesianos.edu\/colegio\/wp-json\/wp\/v2\/posts\/8366\/revisions\/9111"}],"wp:attachment":[{"href":"https:\/\/granada.salesianos.edu\/colegio\/wp-json\/wp\/v2\/media?parent=8366"}],"wp:term":[{"taxonomy":"category","embeddable":true,"href":"https:\/\/granada.salesianos.edu\/colegio\/wp-json\/wp\/v2\/categories?post=8366"},{"taxonomy":"post_tag","embeddable":true,"href":"https:\/\/granada.salesianos.edu\/colegio\/wp-json\/wp\/v2\/tags?post=8366"}],"curies":[{"name":"wp","href":"https:\/\/api.w.org\/{rel}","templated":true}]}}