{"id":8437,"date":"2018-02-28T08:36:11","date_gmt":"2018-02-28T06:36:11","guid":{"rendered":"https:\/\/granada.salesianos.edu\/colegio\/?p=8437"},"modified":"2022-12-01T23:57:48","modified_gmt":"2022-12-01T21:57:48","slug":"exito-de-la-metodologia-cooperativa-en-historia-y-literatura","status":"publish","type":"post","link":"https:\/\/granada.salesianos.edu\/colegio\/blog\/exito-de-la-metodologia-cooperativa-en-historia-y-literatura\/","title":{"rendered":"\u00c9XITO DE LA METODOLOG\u00cdA COOPERATIVA EN HISTORIA Y LITERATURA"},"content":{"rendered":"<div id=\"fb-root\"><\/div>\n<p>[et_pb_section bb_built=\u00bb1&#8243; admin_label=\u00bbsection\u00bb][et_pb_row admin_label=\u00bbrow\u00bb background_position=\u00bbtop_left\u00bb background_repeat=\u00bbrepeat\u00bb background_size=\u00bbinitial\u00bb][et_pb_column type=\u00bb4_4&#8243;][et_pb_text admin_label=\u00bbEntradilla (Texto)\u00bb _builder_version=\u00bb3.0.105&#8243; background_layout=\u00bblight\u00bb text_orientation=\u00bbjustified\u00bb text_font=\u00bb|on|||\u00bb border_style=\u00bbsolid\u00bb]<\/p>\n<p>La nueva metodolog\u00eda ilusiona y ayuda a aprender a nuestros alumnos y alumnas<\/p>\n<p>[\/et_pb_text][et_pb_text admin_label=\u00bbAutor (Texto)\u00bb _builder_version=\u00bb3.0.105&#8243; background_layout=\u00bblight\u00bb text_font=\u00bb||on||\u00bb border_style=\u00bbsolid\u00bb]<\/p>\n<p>Por D\u00f1a. Mar\u00eda Elena Peinado y D\u00f1a. Miriam Carrascosa, profesoras de Historia y Literatura<\/p>\n<p>[\/et_pb_text][et_pb_text admin_label=\u00bbDesarrollo (Texto)\u00bb _builder_version=\u00bb3.0.105&#8243; background_layout=\u00bblight\u00bb text_orientation=\u00bbjustified\u00bb]<\/p>\n<p><img loading=\"lazy\" decoding=\"async\" class=\"wp-image-8445 size-medium alignright\" src=\"https:\/\/granada.salesianos.edu\/colegio\/wp-content\/uploads\/sites\/2\/2018\/02\/WhatsApp-Image-2018-02-27-at-20.22.12-2-300x225.jpeg\" alt=\"\" width=\"300\" height=\"225\" srcset=\"https:\/\/granada.salesianos.edu\/colegio\/wp-content\/uploads\/sites\/2\/2018\/02\/WhatsApp-Image-2018-02-27-at-20.22.12-2-300x225.jpeg 300w, https:\/\/granada.salesianos.edu\/colegio\/wp-content\/uploads\/sites\/2\/2018\/02\/WhatsApp-Image-2018-02-27-at-20.22.12-2-768x576.jpeg 768w, https:\/\/granada.salesianos.edu\/colegio\/wp-content\/uploads\/sites\/2\/2018\/02\/WhatsApp-Image-2018-02-27-at-20.22.12-2-1024x768.jpeg 1024w, https:\/\/granada.salesianos.edu\/colegio\/wp-content\/uploads\/sites\/2\/2018\/02\/WhatsApp-Image-2018-02-27-at-20.22.12-2-510x382.jpeg 510w, https:\/\/granada.salesianos.edu\/colegio\/wp-content\/uploads\/sites\/2\/2018\/02\/WhatsApp-Image-2018-02-27-at-20.22.12-2-1080x810.jpeg 1080w, https:\/\/granada.salesianos.edu\/colegio\/wp-content\/uploads\/sites\/2\/2018\/02\/WhatsApp-Image-2018-02-27-at-20.22.12-2.jpeg 1600w\" sizes=\"(max-width: 300px) 100vw, 300px\" \/>Los alumnos de 2 de la eso han viajado a la edad media y se han puesto en las piel de los peregrinos del camino de Santiago que se iniciar\u00e1 en ese periodo hist\u00f3rico para profundizar en el sentido de ese peregrinaje , y lo que supuso de intercambio cultural, religioso, art\u00edstico,&#8230;creando una ruta por la que desde entonces han caminado millones de peregrinos;han planificado una ruta de las 3( franc\u00e9s, ingl\u00e9s, portugu\u00e9s)que existen hoy en d\u00eda para ganar la credencial del peregrino y lo han expuesto a sus compa\u00f1eros detallando, lugares, albergues, iglesias,&#8230;a visitar y donde hospedarse yendo a pie, bici, caballo&#8230;<br \/>\nHan disfrutado mientras la preparaci\u00f3n, han demostrado capacidad de organizaci\u00f3n, de trabajar en equipo, de investigaci\u00f3n y manejo en la b\u00fasqueda de informaci\u00f3n a trav\u00e9s de Internet&#8230;y han aprendido de manera conjunta y cooperativa sobre un hecho actual que mueve en el presente a personas de todas las edades , idiomas, creencias&#8230; Que siguen cada a\u00f1o por distintos motivos recorriendo kil\u00f3metros para terminar en la catedral de Santiago de Compostela dando el abrazo al ap\u00f3stol como hicieran los primeros peregrinos all\u00e1 por la edad media.<\/p>\n<p>[\/et_pb_text][et_pb_text admin_label=\u00bbT\u00edtulo: Galer\u00eda de fotos (Texto)\u00bb _builder_version=\u00bb3.0.105&#8243; background_layout=\u00bblight\u00bb text_font=\u00bb|on|||\u00bb text_text_color=\u00bb#dc001b\u00bb border_style=\u00bbsolid\u00bb disabled=\u00bboff\u00bb disabled_on=\u00bboff|off|off\u00bb]<\/p>\n<p>Galer\u00eda de im\u00e1genes<\/p>\n<p>[\/et_pb_text][et_pb_gallery _builder_version=\u00bb3.0.105&#8243; posts_number=\u00bb8&#8243; show_title_and_caption=\u00bboff\u00bb show_pagination=\u00bbon\u00bb fullwidth=\u00bboff\u00bb orientation=\u00bblandscape\u00bb zoom_icon_color=\u00bb#dc001b\u00bb hover_overlay_color=\u00bbrgba(255,255,255,0.9)\u00bb hover_icon=\u00bb%%51%%\u00bb background_layout=\u00bblight\u00bb border_style=\u00bbsolid\u00bb disabled=\u00bboff\u00bb disabled_on=\u00bboff|off|off\u00bb pagination_font_size_tablet=\u00bb51&#8243; pagination_line_height_tablet=\u00bb2&#8243; gallery_ids=\u00bb8439,8440,8441,8442,8443,8444,8445,8446,8447,8448&#8243; \/][et_pb_text admin_label=\u00bbDesarrollo (Texto)\u00bb _builder_version=\u00bb3.0.105&#8243; background_layout=\u00bblight\u00bb text_orientation=\u00bbjustified\u00bb]<\/p>\n<p>Los alumnos de literatura de 4\u00ba de la ESO preparan mon\u00f3logos meti\u00e9ndose en la piel de autores del Modernismo y la Generaci\u00f3n del 98. Han sabido repartir sus roles entre actores, directores y atrezzistas.<\/p>\n<p>[\/et_pb_text][et_pb_video _builder_version=\u00bb3.0.105&#8243; disabled=\u00bboff\u00bb disabled_on=\u00bboff|off|off\u00bb src=\u00bbhttps:\/\/www.youtube.com\/watch?v=BDgV7n-oEEM&amp;feature=youtu.be\u00bb image_src=\u00bb\/\/i.ytimg.com\/vi\/BDgV7n-oEEM\/hqdefault.jpg\u00bb \/][et_pb_button _builder_version=\u00bb3.0.105&#8243; button_text=\u00bbVolver a COLEGIO\u00bb button_url=\u00bbgranada.salesianos.edu\/colegio\u00bb url_new_window=\u00bboff\u00bb background_layout=\u00bblight\u00bb custom_button=\u00bboff\u00bb button_icon_placement=\u00bbright\u00bb \/][\/et_pb_column][\/et_pb_row][\/et_pb_section]<\/p>\n","protected":false},"excerpt":{"rendered":"<p>Los alumnos de 2 de la eso han viajado a la edad media y se han puesto en las piel de los peregrinos del camino de Santiago que se iniciar\u00e1 en ese periodo hist\u00f3rico para profundizar en el sentido de ese peregrinaje , y lo que supuso de intercambio. Los alumnos de literatura de 4\u00ba de la ESO preparan mon\u00f3logos meti\u00e9ndose en la piel de autores del Modernismo y la Generaci\u00f3n del 98. Han sabido repartir sus roles entre actores, directores y atrezzistas.<\/p>\n","protected":false},"author":2,"featured_media":0,"comment_status":"closed","ping_status":"open","sticky":false,"template":"","format":"standard","meta":{"_et_pb_use_builder":"on","_et_pb_old_content":"","_et_gb_content_width":"","footnotes":""},"categories":[11,19,1],"tags":[],"class_list":["post-8437","post","type-post","status-publish","format-standard","hentry","category-colegio","category-eso","category-uncategorized"],"yoast_head":"<!-- This site is optimized with the Yoast SEO plugin v28.4 - https:\/\/yoast.com\/product\/yoast-seo-wordpress\/ -->\n<title>\u00c9XITO DE LA METODOLOG\u00cdA COOPERATIVA EN HISTORIA Y LITERATURA - Colegio Salesiano<\/title>\n<meta name=\"robots\" content=\"index, follow, max-snippet:-1, max-image-preview:large, max-video-preview:-1\" \/>\n<link rel=\"canonical\" href=\"https:\/\/granada.salesianos.edu\/colegio\/blog\/exito-de-la-metodologia-cooperativa-en-historia-y-literatura\/\" \/>\n<meta property=\"og:locale\" content=\"es_ES\" \/>\n<meta property=\"og:type\" content=\"article\" \/>\n<meta property=\"og:title\" content=\"\u00c9XITO DE LA METODOLOG\u00cdA COOPERATIVA EN HISTORIA Y LITERATURA - Colegio Salesiano\" \/>\n<meta property=\"og:description\" content=\"Los alumnos de 2 de la eso han viajado a la edad media y se han puesto en las piel de los peregrinos del camino de Santiago que se iniciar\u00e1 en ese periodo hist\u00f3rico para profundizar en el sentido de ese peregrinaje , y lo que supuso de intercambio. Los alumnos de literatura de 4\u00ba de la ESO preparan mon\u00f3logos meti\u00e9ndose en la piel de autores del Modernismo y la Generaci\u00f3n del 98. Han sabido repartir sus roles entre actores, directores y atrezzistas.\" \/>\n<meta property=\"og:url\" content=\"https:\/\/granada.salesianos.edu\/colegio\/blog\/exito-de-la-metodologia-cooperativa-en-historia-y-literatura\/\" \/>\n<meta property=\"og:site_name\" content=\"Colegio Salesiano\" \/>\n<meta property=\"article:publisher\" content=\"https:\/\/www.facebook.com\/SalesianosGR\/\" \/>\n<meta property=\"article:published_time\" content=\"2018-02-28T06:36:11+00:00\" \/>\n<meta property=\"article:modified_time\" content=\"2022-12-01T21:57:48+00:00\" \/>\n<meta property=\"og:image\" content=\"https:\/\/granada.salesianos.edu\/colegio\/wp-content\/uploads\/sites\/2\/2018\/02\/WhatsApp-Image-2018-02-27-at-20.22.12-2-300x225.jpeg\" \/>\n<meta name=\"author\" content=\"Gestor Web\" \/>\n<meta name=\"twitter:card\" content=\"summary_large_image\" \/>\n<meta name=\"twitter:creator\" content=\"@GranadaSDB\" \/>\n<meta name=\"twitter:site\" content=\"@GranadaSDB\" \/>\n<meta name=\"twitter:label1\" content=\"Escrito por\" \/>\n\t<meta name=\"twitter:data1\" content=\"Gestor Web\" \/>\n\t<meta name=\"twitter:label2\" content=\"Tiempo de lectura\" \/>\n\t<meta name=\"twitter:data2\" content=\"3 minutos\" \/>\n<script type=\"application\/ld+json\" class=\"yoast-schema-graph\">{\"@context\":\"https:\\\/\\\/schema.org\",\"@graph\":[{\"@type\":\"Article\",\"@id\":\"https:\\\/\\\/granada.salesianos.edu\\\/colegio\\\/blog\\\/exito-de-la-metodologia-cooperativa-en-historia-y-literatura\\\/#article\",\"isPartOf\":{\"@id\":\"https:\\\/\\\/granada.salesianos.edu\\\/colegio\\\/blog\\\/exito-de-la-metodologia-cooperativa-en-historia-y-literatura\\\/\"},\"author\":{\"name\":\"Gestor Web\",\"@id\":\"https:\\\/\\\/granada.salesianos.edu\\\/colegio\\\/#\\\/schema\\\/person\\\/6392ff2e4bd1e66981d6eab734bbd962\"},\"headline\":\"\u00c9XITO DE LA METODOLOG\u00cdA COOPERATIVA EN HISTORIA Y LITERATURA\",\"datePublished\":\"2018-02-28T06:36:11+00:00\",\"dateModified\":\"2022-12-01T21:57:48+00:00\",\"mainEntityOfPage\":{\"@id\":\"https:\\\/\\\/granada.salesianos.edu\\\/colegio\\\/blog\\\/exito-de-la-metodologia-cooperativa-en-historia-y-literatura\\\/\"},\"wordCount\":560,\"publisher\":{\"@id\":\"https:\\\/\\\/granada.salesianos.edu\\\/colegio\\\/#organization\"},\"image\":{\"@id\":\"https:\\\/\\\/granada.salesianos.edu\\\/colegio\\\/blog\\\/exito-de-la-metodologia-cooperativa-en-historia-y-literatura\\\/#primaryimage\"},\"thumbnailUrl\":\"https:\\\/\\\/granada.salesianos.edu\\\/colegio\\\/wp-content\\\/uploads\\\/sites\\\/2\\\/2018\\\/02\\\/WhatsApp-Image-2018-02-27-at-20.22.12-2-300x225.jpeg\",\"articleSection\":[\"Colegio\",\"ESO\",\"Uncategorized\"],\"inLanguage\":\"es\"},{\"@type\":\"WebPage\",\"@id\":\"https:\\\/\\\/granada.salesianos.edu\\\/colegio\\\/blog\\\/exito-de-la-metodologia-cooperativa-en-historia-y-literatura\\\/\",\"url\":\"https:\\\/\\\/granada.salesianos.edu\\\/colegio\\\/blog\\\/exito-de-la-metodologia-cooperativa-en-historia-y-literatura\\\/\",\"name\":\"\u00c9XITO DE LA METODOLOG\u00cdA COOPERATIVA EN HISTORIA Y LITERATURA - Colegio Salesiano\",\"isPartOf\":{\"@id\":\"https:\\\/\\\/granada.salesianos.edu\\\/colegio\\\/#website\"},\"primaryImageOfPage\":{\"@id\":\"https:\\\/\\\/granada.salesianos.edu\\\/colegio\\\/blog\\\/exito-de-la-metodologia-cooperativa-en-historia-y-literatura\\\/#primaryimage\"},\"image\":{\"@id\":\"https:\\\/\\\/granada.salesianos.edu\\\/colegio\\\/blog\\\/exito-de-la-metodologia-cooperativa-en-historia-y-literatura\\\/#primaryimage\"},\"thumbnailUrl\":\"https:\\\/\\\/granada.salesianos.edu\\\/colegio\\\/wp-content\\\/uploads\\\/sites\\\/2\\\/2018\\\/02\\\/WhatsApp-Image-2018-02-27-at-20.22.12-2-300x225.jpeg\",\"datePublished\":\"2018-02-28T06:36:11+00:00\",\"dateModified\":\"2022-12-01T21:57:48+00:00\",\"breadcrumb\":{\"@id\":\"https:\\\/\\\/granada.salesianos.edu\\\/colegio\\\/blog\\\/exito-de-la-metodologia-cooperativa-en-historia-y-literatura\\\/#breadcrumb\"},\"inLanguage\":\"es\",\"potentialAction\":[{\"@type\":\"ReadAction\",\"target\":[\"https:\\\/\\\/granada.salesianos.edu\\\/colegio\\\/blog\\\/exito-de-la-metodologia-cooperativa-en-historia-y-literatura\\\/\"]}]},{\"@type\":\"ImageObject\",\"inLanguage\":\"es\",\"@id\":\"https:\\\/\\\/granada.salesianos.edu\\\/colegio\\\/blog\\\/exito-de-la-metodologia-cooperativa-en-historia-y-literatura\\\/#primaryimage\",\"url\":\"https:\\\/\\\/granada.salesianos.edu\\\/colegio\\\/wp-content\\\/uploads\\\/sites\\\/2\\\/2018\\\/02\\\/WhatsApp-Image-2018-02-27-at-20.22.12-2.jpeg\",\"contentUrl\":\"https:\\\/\\\/granada.salesianos.edu\\\/colegio\\\/wp-content\\\/uploads\\\/sites\\\/2\\\/2018\\\/02\\\/WhatsApp-Image-2018-02-27-at-20.22.12-2.jpeg\",\"width\":1600,\"height\":1200},{\"@type\":\"BreadcrumbList\",\"@id\":\"https:\\\/\\\/granada.salesianos.edu\\\/colegio\\\/blog\\\/exito-de-la-metodologia-cooperativa-en-historia-y-literatura\\\/#breadcrumb\",\"itemListElement\":[{\"@type\":\"ListItem\",\"position\":1,\"name\":\"Portada\",\"item\":\"https:\\\/\\\/granada.salesianos.edu\\\/colegio\\\/\"},{\"@type\":\"ListItem\",\"position\":2,\"name\":\"\u00c9XITO DE LA METODOLOG\u00cdA COOPERATIVA EN HISTORIA Y LITERATURA\"}]},{\"@type\":\"WebSite\",\"@id\":\"https:\\\/\\\/granada.salesianos.edu\\\/colegio\\\/#website\",\"url\":\"https:\\\/\\\/granada.salesianos.edu\\\/colegio\\\/\",\"name\":\"Colegio Salesiano\",\"description\":\"P\u00e1gina oficial de Salesianos Granada San Juan Bosco\",\"publisher\":{\"@id\":\"https:\\\/\\\/granada.salesianos.edu\\\/colegio\\\/#organization\"},\"potentialAction\":[{\"@type\":\"SearchAction\",\"target\":{\"@type\":\"EntryPoint\",\"urlTemplate\":\"https:\\\/\\\/granada.salesianos.edu\\\/colegio\\\/?s={search_term_string}\"},\"query-input\":{\"@type\":\"PropertyValueSpecification\",\"valueRequired\":true,\"valueName\":\"search_term_string\"}}],\"inLanguage\":\"es\"},{\"@type\":\"Organization\",\"@id\":\"https:\\\/\\\/granada.salesianos.edu\\\/colegio\\\/#organization\",\"name\":\"Colegio Salesiano San Juan Bosco Granada\",\"url\":\"https:\\\/\\\/granada.salesianos.edu\\\/colegio\\\/\",\"logo\":{\"@type\":\"ImageObject\",\"inLanguage\":\"es\",\"@id\":\"https:\\\/\\\/granada.salesianos.edu\\\/colegio\\\/#\\\/schema\\\/logo\\\/image\\\/\",\"url\":\"https:\\\/\\\/granada.salesianos.edu\\\/colegio\\\/wp-content\\\/uploads\\\/sites\\\/2\\\/2021\\\/01\\\/GRANADAobraVN2.jpg\",\"contentUrl\":\"https:\\\/\\\/granada.salesianos.edu\\\/colegio\\\/wp-content\\\/uploads\\\/sites\\\/2\\\/2021\\\/01\\\/GRANADAobraVN2.jpg\",\"width\":2113,\"height\":1894,\"caption\":\"Colegio Salesiano San Juan Bosco Granada\"},\"image\":{\"@id\":\"https:\\\/\\\/granada.salesianos.edu\\\/colegio\\\/#\\\/schema\\\/logo\\\/image\\\/\"},\"sameAs\":[\"https:\\\/\\\/www.facebook.com\\\/SalesianosGR\\\/\",\"https:\\\/\\\/x.com\\\/GranadaSDB\",\"https:\\\/\\\/www.instagram.com\\\/salesianosgranada\\\/\",\"https:\\\/\\\/www.youtube.com\\\/channel\\\/UChkpZuhCf4Y5rYIcFT3CNxw?view_as=subscriber\"]},{\"@type\":\"Person\",\"@id\":\"https:\\\/\\\/granada.salesianos.edu\\\/colegio\\\/#\\\/schema\\\/person\\\/6392ff2e4bd1e66981d6eab734bbd962\",\"name\":\"Gestor Web\",\"image\":{\"@type\":\"ImageObject\",\"inLanguage\":\"es\",\"@id\":\"https:\\\/\\\/secure.gravatar.com\\\/avatar\\\/160666bb56a01520857079961a824af2b7821d6bad80677c80f2b473fceead1b?s=96&d=mm&r=g\",\"url\":\"https:\\\/\\\/secure.gravatar.com\\\/avatar\\\/160666bb56a01520857079961a824af2b7821d6bad80677c80f2b473fceead1b?s=96&d=mm&r=g\",\"contentUrl\":\"https:\\\/\\\/secure.gravatar.com\\\/avatar\\\/160666bb56a01520857079961a824af2b7821d6bad80677c80f2b473fceead1b?s=96&d=mm&r=g\",\"caption\":\"Gestor Web\"}}]}<\/script>\n<!-- \/ Yoast SEO plugin. -->","yoast_head_json":{"title":"\u00c9XITO DE LA METODOLOG\u00cdA COOPERATIVA EN HISTORIA Y LITERATURA - Colegio Salesiano","robots":{"index":"index","follow":"follow","max-snippet":"max-snippet:-1","max-image-preview":"max-image-preview:large","max-video-preview":"max-video-preview:-1"},"canonical":"https:\/\/granada.salesianos.edu\/colegio\/blog\/exito-de-la-metodologia-cooperativa-en-historia-y-literatura\/","og_locale":"es_ES","og_type":"article","og_title":"\u00c9XITO DE LA METODOLOG\u00cdA COOPERATIVA EN HISTORIA Y LITERATURA - Colegio Salesiano","og_description":"Los alumnos de 2 de la eso han viajado a la edad media y se han puesto en las piel de los peregrinos del camino de Santiago que se iniciar\u00e1 en ese periodo hist\u00f3rico para profundizar en el sentido de ese peregrinaje , y lo que supuso de intercambio. Los alumnos de literatura de 4\u00ba de la ESO preparan mon\u00f3logos meti\u00e9ndose en la piel de autores del Modernismo y la Generaci\u00f3n del 98. Han sabido repartir sus roles entre actores, directores y atrezzistas.","og_url":"https:\/\/granada.salesianos.edu\/colegio\/blog\/exito-de-la-metodologia-cooperativa-en-historia-y-literatura\/","og_site_name":"Colegio Salesiano","article_publisher":"https:\/\/www.facebook.com\/SalesianosGR\/","article_published_time":"2018-02-28T06:36:11+00:00","article_modified_time":"2022-12-01T21:57:48+00:00","og_image":[{"url":"https:\/\/granada.salesianos.edu\/colegio\/wp-content\/uploads\/sites\/2\/2018\/02\/WhatsApp-Image-2018-02-27-at-20.22.12-2-300x225.jpeg","type":"","width":"","height":""}],"author":"Gestor Web","twitter_card":"summary_large_image","twitter_creator":"@GranadaSDB","twitter_site":"@GranadaSDB","twitter_misc":{"Escrito por":"Gestor Web","Tiempo de lectura":"3 minutos"},"schema":{"@context":"https:\/\/schema.org","@graph":[{"@type":"Article","@id":"https:\/\/granada.salesianos.edu\/colegio\/blog\/exito-de-la-metodologia-cooperativa-en-historia-y-literatura\/#article","isPartOf":{"@id":"https:\/\/granada.salesianos.edu\/colegio\/blog\/exito-de-la-metodologia-cooperativa-en-historia-y-literatura\/"},"author":{"name":"Gestor Web","@id":"https:\/\/granada.salesianos.edu\/colegio\/#\/schema\/person\/6392ff2e4bd1e66981d6eab734bbd962"},"headline":"\u00c9XITO DE LA METODOLOG\u00cdA COOPERATIVA EN HISTORIA Y LITERATURA","datePublished":"2018-02-28T06:36:11+00:00","dateModified":"2022-12-01T21:57:48+00:00","mainEntityOfPage":{"@id":"https:\/\/granada.salesianos.edu\/colegio\/blog\/exito-de-la-metodologia-cooperativa-en-historia-y-literatura\/"},"wordCount":560,"publisher":{"@id":"https:\/\/granada.salesianos.edu\/colegio\/#organization"},"image":{"@id":"https:\/\/granada.salesianos.edu\/colegio\/blog\/exito-de-la-metodologia-cooperativa-en-historia-y-literatura\/#primaryimage"},"thumbnailUrl":"https:\/\/granada.salesianos.edu\/colegio\/wp-content\/uploads\/sites\/2\/2018\/02\/WhatsApp-Image-2018-02-27-at-20.22.12-2-300x225.jpeg","articleSection":["Colegio","ESO","Uncategorized"],"inLanguage":"es"},{"@type":"WebPage","@id":"https:\/\/granada.salesianos.edu\/colegio\/blog\/exito-de-la-metodologia-cooperativa-en-historia-y-literatura\/","url":"https:\/\/granada.salesianos.edu\/colegio\/blog\/exito-de-la-metodologia-cooperativa-en-historia-y-literatura\/","name":"\u00c9XITO DE LA METODOLOG\u00cdA COOPERATIVA EN HISTORIA Y LITERATURA - Colegio Salesiano","isPartOf":{"@id":"https:\/\/granada.salesianos.edu\/colegio\/#website"},"primaryImageOfPage":{"@id":"https:\/\/granada.salesianos.edu\/colegio\/blog\/exito-de-la-metodologia-cooperativa-en-historia-y-literatura\/#primaryimage"},"image":{"@id":"https:\/\/granada.salesianos.edu\/colegio\/blog\/exito-de-la-metodologia-cooperativa-en-historia-y-literatura\/#primaryimage"},"thumbnailUrl":"https:\/\/granada.salesianos.edu\/colegio\/wp-content\/uploads\/sites\/2\/2018\/02\/WhatsApp-Image-2018-02-27-at-20.22.12-2-300x225.jpeg","datePublished":"2018-02-28T06:36:11+00:00","dateModified":"2022-12-01T21:57:48+00:00","breadcrumb":{"@id":"https:\/\/granada.salesianos.edu\/colegio\/blog\/exito-de-la-metodologia-cooperativa-en-historia-y-literatura\/#breadcrumb"},"inLanguage":"es","potentialAction":[{"@type":"ReadAction","target":["https:\/\/granada.salesianos.edu\/colegio\/blog\/exito-de-la-metodologia-cooperativa-en-historia-y-literatura\/"]}]},{"@type":"ImageObject","inLanguage":"es","@id":"https:\/\/granada.salesianos.edu\/colegio\/blog\/exito-de-la-metodologia-cooperativa-en-historia-y-literatura\/#primaryimage","url":"https:\/\/granada.salesianos.edu\/colegio\/wp-content\/uploads\/sites\/2\/2018\/02\/WhatsApp-Image-2018-02-27-at-20.22.12-2.jpeg","contentUrl":"https:\/\/granada.salesianos.edu\/colegio\/wp-content\/uploads\/sites\/2\/2018\/02\/WhatsApp-Image-2018-02-27-at-20.22.12-2.jpeg","width":1600,"height":1200},{"@type":"BreadcrumbList","@id":"https:\/\/granada.salesianos.edu\/colegio\/blog\/exito-de-la-metodologia-cooperativa-en-historia-y-literatura\/#breadcrumb","itemListElement":[{"@type":"ListItem","position":1,"name":"Portada","item":"https:\/\/granada.salesianos.edu\/colegio\/"},{"@type":"ListItem","position":2,"name":"\u00c9XITO DE LA METODOLOG\u00cdA COOPERATIVA EN HISTORIA Y LITERATURA"}]},{"@type":"WebSite","@id":"https:\/\/granada.salesianos.edu\/colegio\/#website","url":"https:\/\/granada.salesianos.edu\/colegio\/","name":"Colegio Salesiano","description":"P\u00e1gina oficial de Salesianos Granada San Juan Bosco","publisher":{"@id":"https:\/\/granada.salesianos.edu\/colegio\/#organization"},"potentialAction":[{"@type":"SearchAction","target":{"@type":"EntryPoint","urlTemplate":"https:\/\/granada.salesianos.edu\/colegio\/?s={search_term_string}"},"query-input":{"@type":"PropertyValueSpecification","valueRequired":true,"valueName":"search_term_string"}}],"inLanguage":"es"},{"@type":"Organization","@id":"https:\/\/granada.salesianos.edu\/colegio\/#organization","name":"Colegio Salesiano San Juan Bosco Granada","url":"https:\/\/granada.salesianos.edu\/colegio\/","logo":{"@type":"ImageObject","inLanguage":"es","@id":"https:\/\/granada.salesianos.edu\/colegio\/#\/schema\/logo\/image\/","url":"https:\/\/granada.salesianos.edu\/colegio\/wp-content\/uploads\/sites\/2\/2021\/01\/GRANADAobraVN2.jpg","contentUrl":"https:\/\/granada.salesianos.edu\/colegio\/wp-content\/uploads\/sites\/2\/2021\/01\/GRANADAobraVN2.jpg","width":2113,"height":1894,"caption":"Colegio Salesiano San Juan Bosco Granada"},"image":{"@id":"https:\/\/granada.salesianos.edu\/colegio\/#\/schema\/logo\/image\/"},"sameAs":["https:\/\/www.facebook.com\/SalesianosGR\/","https:\/\/x.com\/GranadaSDB","https:\/\/www.instagram.com\/salesianosgranada\/","https:\/\/www.youtube.com\/channel\/UChkpZuhCf4Y5rYIcFT3CNxw?view_as=subscriber"]},{"@type":"Person","@id":"https:\/\/granada.salesianos.edu\/colegio\/#\/schema\/person\/6392ff2e4bd1e66981d6eab734bbd962","name":"Gestor Web","image":{"@type":"ImageObject","inLanguage":"es","@id":"https:\/\/secure.gravatar.com\/avatar\/160666bb56a01520857079961a824af2b7821d6bad80677c80f2b473fceead1b?s=96&d=mm&r=g","url":"https:\/\/secure.gravatar.com\/avatar\/160666bb56a01520857079961a824af2b7821d6bad80677c80f2b473fceead1b?s=96&d=mm&r=g","contentUrl":"https:\/\/secure.gravatar.com\/avatar\/160666bb56a01520857079961a824af2b7821d6bad80677c80f2b473fceead1b?s=96&d=mm&r=g","caption":"Gestor Web"}}]}},"_links":{"self":[{"href":"https:\/\/granada.salesianos.edu\/colegio\/wp-json\/wp\/v2\/posts\/8437","targetHints":{"allow":["GET"]}}],"collection":[{"href":"https:\/\/granada.salesianos.edu\/colegio\/wp-json\/wp\/v2\/posts"}],"about":[{"href":"https:\/\/granada.salesianos.edu\/colegio\/wp-json\/wp\/v2\/types\/post"}],"author":[{"embeddable":true,"href":"https:\/\/granada.salesianos.edu\/colegio\/wp-json\/wp\/v2\/users\/2"}],"replies":[{"embeddable":true,"href":"https:\/\/granada.salesianos.edu\/colegio\/wp-json\/wp\/v2\/comments?post=8437"}],"version-history":[{"count":3,"href":"https:\/\/granada.salesianos.edu\/colegio\/wp-json\/wp\/v2\/posts\/8437\/revisions"}],"predecessor-version":[{"id":8466,"href":"https:\/\/granada.salesianos.edu\/colegio\/wp-json\/wp\/v2\/posts\/8437\/revisions\/8466"}],"wp:attachment":[{"href":"https:\/\/granada.salesianos.edu\/colegio\/wp-json\/wp\/v2\/media?parent=8437"}],"wp:term":[{"taxonomy":"category","embeddable":true,"href":"https:\/\/granada.salesianos.edu\/colegio\/wp-json\/wp\/v2\/categories?post=8437"},{"taxonomy":"post_tag","embeddable":true,"href":"https:\/\/granada.salesianos.edu\/colegio\/wp-json\/wp\/v2\/tags?post=8437"}],"curies":[{"name":"wp","href":"https:\/\/api.w.org\/{rel}","templated":true}]}}