{"id":8501,"date":"2018-04-23T17:58:49","date_gmt":"2018-04-23T15:58:49","guid":{"rendered":"https:\/\/granada.salesianos.edu\/colegio\/?p=8501"},"modified":"2022-12-01T23:54:43","modified_gmt":"2022-12-01T21:54:43","slug":"un-alumno-de-fp-premiado-en-festival-internacional-de-jovenes-realizadores","status":"publish","type":"post","link":"https:\/\/granada.salesianos.edu\/colegio\/blog\/un-alumno-de-fp-premiado-en-festival-internacional-de-jovenes-realizadores\/","title":{"rendered":"UN ALUMNO DE FP PREMIADO EN FESTIVAL INTERNACIONAL DE J\u00d3VENES REALIZADORES"},"content":{"rendered":"<div id=\"fb-root\"><\/div>\n<p>[et_pb_section bb_built=\u00bb1&#8243; admin_label=\u00bbsection\u00bb][et_pb_row admin_label=\u00bbrow\u00bb background_position=\u00bbtop_left\u00bb background_repeat=\u00bbrepeat\u00bb background_size=\u00bbinitial\u00bb][et_pb_column type=\u00bb4_4&#8243;][et_pb_text admin_label=\u00bbEntradilla (Texto)\u00bb _builder_version=\u00bb3.0.105&#8243; background_layout=\u00bblight\u00bb text_orientation=\u00bbjustified\u00bb text_font=\u00bb|on|||\u00bb border_style=\u00bbsolid\u00bb]<\/p>\n<p style=\"text-align: left;\">\u201cPor los ecos Valdelomarianos de su trabajo: la idea del \u201csin fin\u201d, las fuentes de agua y el tempo f\u00edlmico y sonoro de la pieza, en contrarr\u00e9plica a La gran Seguiriya\u201c, el jurado concedi\u00f3 el Premio Sin Fin a David Heras, por Al final, la sopa fr\u00eda, que dedic\u00f3 el premio a todos los asistentes \u201cporque Hacienda somos todos\u201d.<\/p>\n<p>[\/et_pb_text][et_pb_text admin_label=\u00bbAutor (Texto)\u00bb _builder_version=\u00bb3.0.105&#8243; background_layout=\u00bblight\u00bb text_font=\u00bb||on||\u00bb border_style=\u00bbsolid\u00bb]<\/p>\n<p>Por Festival Internacional de J\u00f3venes Realizadores (FIJR)<\/p>\n<p>[\/et_pb_text][et_pb_text admin_label=\u00bbDesarrollo (Texto)\u00bb _builder_version=\u00bb3.0.105&#8243; background_layout=\u00bblight\u00bb text_orientation=\u00bbjustified\u00bb]<\/p>\n<p><img loading=\"lazy\" decoding=\"async\" class=\"alignleft wp-image-8502 size-medium\" src=\"https:\/\/granada.salesianos.edu\/colegio\/wp-content\/uploads\/sites\/2\/2018\/04\/David-Heras-alumno-de-RPAE-2-300x151.jpg\" alt=\"\" width=\"300\" height=\"151\" srcset=\"https:\/\/granada.salesianos.edu\/colegio\/wp-content\/uploads\/sites\/2\/2018\/04\/David-Heras-alumno-de-RPAE-2-300x151.jpg 300w, https:\/\/granada.salesianos.edu\/colegio\/wp-content\/uploads\/sites\/2\/2018\/04\/David-Heras-alumno-de-RPAE-2-768x386.jpg 768w, https:\/\/granada.salesianos.edu\/colegio\/wp-content\/uploads\/sites\/2\/2018\/04\/David-Heras-alumno-de-RPAE-2.jpg 934w\" sizes=\"(max-width: 300px) 100vw, 300px\" \/>La vig\u00e9simo cuarta edici\u00f3n del Festival Internacional de J\u00f3venes Realizadores lleg\u00f3 a su fin en un acto de clausura que cont\u00f3 con la actuaci\u00f3n en directo de\u00a0<strong>Alessia Desogus<\/strong>\u00a0y en el que se hicieron entrega de los Premios Aguespejo y Sin Fin, este \u00faltimo concedido por la Fundaci\u00f3n Agua Granada. Valorados en 800 y 500 euros respectivamente, el festival abri\u00f3 dos premios a concurso para obras con un m\u00e1ximo de 30 segundos de duraci\u00f3n,\u00a0inspiradas por Val del Omar y los lemas del festival.<\/p>\n<p>El jurado, formado por Elena Duque, \u00c1ngeles Agrela y \u00c1ngel Arias concedi\u00f3 el\u00a0<strong>Premio Aguaespejo<\/strong>\u00a0a\u00a0<em>Volar<\/em>, de Manuel Palma,\u00a0\u201cpor su delicada interpretaci\u00f3n de la premisa del concurso \u201ctrozos de realidad tomados de improviso\u201d, una fina mirada sobre un vuelo ag\u00f3nico, las rimas del montaje y el relieve psicol\u00f3gico creado por la interacci\u00f3n imagen-sonido\u201d.<\/p>\n<p><strong>Manuel Palma<\/strong>\u00a0quiso\u00a0\u201cagradecer a todo el equipo humano del festival, a la valent\u00eda del jurado y felicitar a todos los seleccionados. Quiero invitar a todos los j\u00f3venes a seguir volando y planeando como el vencejo sigue la corriente\u00a0del r\u00edo. Sigamos el frescor de este r\u00edo, aunque algunas veces sea a contracorriente\u201d.<\/p>\n<p>\u201cPor los ecos Valdelomarianos de su trabajo: la idea del \u201csin fin\u201d, las fuentes de agua y el tempo f\u00edlmico y sonoro de la pieza, en contrarr\u00e9plica a La gran Seguiriya\u201c, el jurado concedi\u00f3\u00a0el\u00a0<strong>Premio Sin Fin<\/strong>\u00a0a\u00a0<strong>David Heras-\u00a0<\/strong>alumno del Colegio Salesiano \u00abSan Juan Bosco\u00bb de Granada-por\u00a0<em>Al final, la sopa fr\u00eda<\/em>, que\u00a0dedic\u00f3 el premio a todos los asistentes\u00a0\u201cporque Hacienda somos todos\u201d.<\/p>\n<p>Tras la entrega de premios se proyect\u00f3 el\u00a0documental\u00a0<em>Lo que dir\u00e1n<\/em>, \u00f3pera prima de\u00a0<strong>Nila Nu\u00f1ez<\/strong>, que asisti\u00f3 a Granada para presentarla y mantener un apasionante debate con el p\u00fablico. La pel\u00edcula, surgida del M\u00e1ster en Teor\u00eda y Pr\u00e1ctica de Documental Creativo de la Universidad Aut\u00f3noma de Barcelona,\u00a0aborda la relaci\u00f3n entre dos amigas musulmanas con formas opuestas de ver la religi\u00f3n:\u00a0\u201cPrimero ten\u00eda que conocerlas, ganarme su confianza, pero con el paso del tiempo ellas se convirtieron en actrices y guionistas geniales\u201d, reconoci\u00f3.<\/p>\n<p>\u201cLa pel\u00edcula quiere hacer universal el tema de la adolescencia y la presi\u00f3n est\u00e9tica que tienen las mujeres, tengas la religi\u00f3n que tengas\u201d. Un mensaje con el que se despide el festival hasta el a\u00f1o que viene, creyendo en la universalidad del cine y en su capacidad de descubrirnos nuevas formas y otras realidades.<\/p>\n<p>&nbsp;<\/p>\n<p>[\/et_pb_text][et_pb_text admin_label=\u00bbT\u00edtulo: Galer\u00eda de fotos (Texto)\u00bb _builder_version=\u00bb3.0.105&#8243; background_layout=\u00bblight\u00bb text_font=\u00bb|on|||\u00bb text_text_color=\u00bb#dc001b\u00bb border_style=\u00bbsolid\u00bb disabled=\u00bboff\u00bb disabled_on=\u00bboff|off|off\u00bb]<\/p>\n<p>Galer\u00eda de im\u00e1genes<\/p>\n<p>[\/et_pb_text][et_pb_gallery _builder_version=\u00bb3.0.105&#8243; show_title_and_caption=\u00bboff\u00bb show_pagination=\u00bbon\u00bb fullwidth=\u00bboff\u00bb orientation=\u00bblandscape\u00bb zoom_icon_color=\u00bb#dc001b\u00bb hover_overlay_color=\u00bbrgba(255,255,255,0.9)\u00bb hover_icon=\u00bb%%51%%\u00bb background_layout=\u00bblight\u00bb disabled=\u00bboff\u00bb disabled_on=\u00bboff|off|off\u00bb pagination_font_size_tablet=\u00bb51&#8243; pagination_line_height_tablet=\u00bb2&#8243; gallery_ids=\u00bb8503,8504,8505,8506&#8243; \/][et_pb_video _builder_version=\u00bb3.0.105&#8243; disabled=\u00bboff\u00bb disabled_on=\u00bboff|off|off\u00bb src=\u00bbhttps:\/\/www.youtube.com\/watch?v=seCu1LhZV-Y\u00bb image_src=\u00bb\/\/i.ytimg.com\/vi\/seCu1LhZV-Y\/hqdefault.jpg\u00bb \/][et_pb_button _builder_version=\u00bb3.0.105&#8243; button_text=\u00bbVolver a COLEGIO\u00bb button_url=\u00bbgranada.salesianos.edu\/colegio\u00bb url_new_window=\u00bboff\u00bb background_layout=\u00bblight\u00bb custom_button=\u00bboff\u00bb button_icon_placement=\u00bbright\u00bb \/][\/et_pb_column][\/et_pb_row][\/et_pb_section]<\/p>\n","protected":false},"excerpt":{"rendered":"<p>\u201cPor los ecos Valdelomarianos de su trabajo: la idea del \u201csin fin\u201d, las fuentes de agua y el tempo f\u00edlmico y sonoro de la pieza, en contrarr\u00e9plica a La gran Seguiriya\u201c, el jurado concedi\u00f3 el Premio Sin Fin a David Heras, por Al final, la sopa fr\u00eda, que dedic\u00f3 el premio a todos los asistentes \u201cporque Hacienda somos todos\u201d.<\/p>\n","protected":false},"author":2,"featured_media":0,"comment_status":"open","ping_status":"open","sticky":false,"template":"","format":"standard","meta":{"_et_pb_use_builder":"on","_et_pb_old_content":"","_et_gb_content_width":"","footnotes":""},"categories":[11,21,12],"tags":[15],"class_list":["post-8501","post","type-post","status-publish","format-standard","hentry","category-colegio","category-fp","category-portada","tag-colegio"],"yoast_head":"<!-- This site is optimized with the Yoast SEO plugin v28.4 - https:\/\/yoast.com\/product\/yoast-seo-wordpress\/ -->\n<title>UN ALUMNO DE FP PREMIADO EN FESTIVAL INTERNACIONAL DE J\u00d3VENES REALIZADORES - Colegio Salesiano<\/title>\n<meta name=\"robots\" content=\"index, follow, max-snippet:-1, max-image-preview:large, max-video-preview:-1\" \/>\n<link rel=\"canonical\" href=\"https:\/\/granada.salesianos.edu\/colegio\/blog\/un-alumno-de-fp-premiado-en-festival-internacional-de-jovenes-realizadores\/\" \/>\n<meta property=\"og:locale\" content=\"es_ES\" \/>\n<meta property=\"og:type\" content=\"article\" \/>\n<meta property=\"og:title\" content=\"UN ALUMNO DE FP PREMIADO EN FESTIVAL INTERNACIONAL DE J\u00d3VENES REALIZADORES - Colegio Salesiano\" \/>\n<meta property=\"og:description\" content=\"\u201cPor los ecos Valdelomarianos de su trabajo: la idea del \u201csin fin\u201d, las fuentes de agua y el tempo f\u00edlmico y sonoro de la pieza, en contrarr\u00e9plica a La gran Seguiriya\u201c, el jurado concedi\u00f3 el Premio Sin Fin a David Heras, por Al final, la sopa fr\u00eda, que dedic\u00f3 el premio a todos los asistentes \u201cporque Hacienda somos todos\u201d.\" \/>\n<meta property=\"og:url\" content=\"https:\/\/granada.salesianos.edu\/colegio\/blog\/un-alumno-de-fp-premiado-en-festival-internacional-de-jovenes-realizadores\/\" \/>\n<meta property=\"og:site_name\" content=\"Colegio Salesiano\" \/>\n<meta property=\"article:publisher\" content=\"https:\/\/www.facebook.com\/SalesianosGR\/\" \/>\n<meta property=\"article:published_time\" content=\"2018-04-23T15:58:49+00:00\" \/>\n<meta property=\"article:modified_time\" content=\"2022-12-01T21:54:43+00:00\" \/>\n<meta property=\"og:image\" content=\"https:\/\/granada.salesianos.edu\/colegio\/wp-content\/uploads\/sites\/2\/2018\/04\/David-Heras-alumno-de-RPAE-2-300x151.jpg\" \/>\n<meta name=\"author\" content=\"Gestor Web\" \/>\n<meta name=\"twitter:card\" content=\"summary_large_image\" \/>\n<meta name=\"twitter:creator\" content=\"@GranadaSDB\" \/>\n<meta name=\"twitter:site\" content=\"@GranadaSDB\" \/>\n<meta name=\"twitter:label1\" content=\"Escrito por\" \/>\n\t<meta name=\"twitter:data1\" content=\"Gestor Web\" \/>\n\t<meta name=\"twitter:label2\" content=\"Tiempo de lectura\" \/>\n\t<meta name=\"twitter:data2\" content=\"4 minutos\" \/>\n<script type=\"application\/ld+json\" class=\"yoast-schema-graph\">{\"@context\":\"https:\\\/\\\/schema.org\",\"@graph\":[{\"@type\":\"Article\",\"@id\":\"https:\\\/\\\/granada.salesianos.edu\\\/colegio\\\/blog\\\/un-alumno-de-fp-premiado-en-festival-internacional-de-jovenes-realizadores\\\/#article\",\"isPartOf\":{\"@id\":\"https:\\\/\\\/granada.salesianos.edu\\\/colegio\\\/blog\\\/un-alumno-de-fp-premiado-en-festival-internacional-de-jovenes-realizadores\\\/\"},\"author\":{\"name\":\"Gestor Web\",\"@id\":\"https:\\\/\\\/granada.salesianos.edu\\\/colegio\\\/#\\\/schema\\\/person\\\/6392ff2e4bd1e66981d6eab734bbd962\"},\"headline\":\"UN ALUMNO DE FP PREMIADO EN FESTIVAL INTERNACIONAL DE J\u00d3VENES REALIZADORES\",\"datePublished\":\"2018-04-23T15:58:49+00:00\",\"dateModified\":\"2022-12-01T21:54:43+00:00\",\"mainEntityOfPage\":{\"@id\":\"https:\\\/\\\/granada.salesianos.edu\\\/colegio\\\/blog\\\/un-alumno-de-fp-premiado-en-festival-internacional-de-jovenes-realizadores\\\/\"},\"wordCount\":765,\"commentCount\":0,\"publisher\":{\"@id\":\"https:\\\/\\\/granada.salesianos.edu\\\/colegio\\\/#organization\"},\"image\":{\"@id\":\"https:\\\/\\\/granada.salesianos.edu\\\/colegio\\\/blog\\\/un-alumno-de-fp-premiado-en-festival-internacional-de-jovenes-realizadores\\\/#primaryimage\"},\"thumbnailUrl\":\"https:\\\/\\\/granada.salesianos.edu\\\/colegio\\\/wp-content\\\/uploads\\\/sites\\\/2\\\/2018\\\/04\\\/David-Heras-alumno-de-RPAE-2-300x151.jpg\",\"keywords\":[\"colegio\"],\"articleSection\":[\"Colegio\",\"FP\",\"Portada\"],\"inLanguage\":\"es\",\"potentialAction\":[{\"@type\":\"CommentAction\",\"name\":\"Comment\",\"target\":[\"https:\\\/\\\/granada.salesianos.edu\\\/colegio\\\/blog\\\/un-alumno-de-fp-premiado-en-festival-internacional-de-jovenes-realizadores\\\/#respond\"]}]},{\"@type\":\"WebPage\",\"@id\":\"https:\\\/\\\/granada.salesianos.edu\\\/colegio\\\/blog\\\/un-alumno-de-fp-premiado-en-festival-internacional-de-jovenes-realizadores\\\/\",\"url\":\"https:\\\/\\\/granada.salesianos.edu\\\/colegio\\\/blog\\\/un-alumno-de-fp-premiado-en-festival-internacional-de-jovenes-realizadores\\\/\",\"name\":\"UN ALUMNO DE FP PREMIADO EN FESTIVAL INTERNACIONAL DE J\u00d3VENES REALIZADORES - Colegio Salesiano\",\"isPartOf\":{\"@id\":\"https:\\\/\\\/granada.salesianos.edu\\\/colegio\\\/#website\"},\"primaryImageOfPage\":{\"@id\":\"https:\\\/\\\/granada.salesianos.edu\\\/colegio\\\/blog\\\/un-alumno-de-fp-premiado-en-festival-internacional-de-jovenes-realizadores\\\/#primaryimage\"},\"image\":{\"@id\":\"https:\\\/\\\/granada.salesianos.edu\\\/colegio\\\/blog\\\/un-alumno-de-fp-premiado-en-festival-internacional-de-jovenes-realizadores\\\/#primaryimage\"},\"thumbnailUrl\":\"https:\\\/\\\/granada.salesianos.edu\\\/colegio\\\/wp-content\\\/uploads\\\/sites\\\/2\\\/2018\\\/04\\\/David-Heras-alumno-de-RPAE-2-300x151.jpg\",\"datePublished\":\"2018-04-23T15:58:49+00:00\",\"dateModified\":\"2022-12-01T21:54:43+00:00\",\"breadcrumb\":{\"@id\":\"https:\\\/\\\/granada.salesianos.edu\\\/colegio\\\/blog\\\/un-alumno-de-fp-premiado-en-festival-internacional-de-jovenes-realizadores\\\/#breadcrumb\"},\"inLanguage\":\"es\",\"potentialAction\":[{\"@type\":\"ReadAction\",\"target\":[\"https:\\\/\\\/granada.salesianos.edu\\\/colegio\\\/blog\\\/un-alumno-de-fp-premiado-en-festival-internacional-de-jovenes-realizadores\\\/\"]}]},{\"@type\":\"ImageObject\",\"inLanguage\":\"es\",\"@id\":\"https:\\\/\\\/granada.salesianos.edu\\\/colegio\\\/blog\\\/un-alumno-de-fp-premiado-en-festival-internacional-de-jovenes-realizadores\\\/#primaryimage\",\"url\":\"https:\\\/\\\/granada.salesianos.edu\\\/colegio\\\/wp-content\\\/uploads\\\/sites\\\/2\\\/2018\\\/04\\\/David-Heras-alumno-de-RPAE-2.jpg\",\"contentUrl\":\"https:\\\/\\\/granada.salesianos.edu\\\/colegio\\\/wp-content\\\/uploads\\\/sites\\\/2\\\/2018\\\/04\\\/David-Heras-alumno-de-RPAE-2.jpg\",\"width\":934,\"height\":470},{\"@type\":\"BreadcrumbList\",\"@id\":\"https:\\\/\\\/granada.salesianos.edu\\\/colegio\\\/blog\\\/un-alumno-de-fp-premiado-en-festival-internacional-de-jovenes-realizadores\\\/#breadcrumb\",\"itemListElement\":[{\"@type\":\"ListItem\",\"position\":1,\"name\":\"Portada\",\"item\":\"https:\\\/\\\/granada.salesianos.edu\\\/colegio\\\/\"},{\"@type\":\"ListItem\",\"position\":2,\"name\":\"UN ALUMNO DE FP PREMIADO EN FESTIVAL INTERNACIONAL DE J\u00d3VENES REALIZADORES\"}]},{\"@type\":\"WebSite\",\"@id\":\"https:\\\/\\\/granada.salesianos.edu\\\/colegio\\\/#website\",\"url\":\"https:\\\/\\\/granada.salesianos.edu\\\/colegio\\\/\",\"name\":\"Colegio Salesiano\",\"description\":\"P\u00e1gina oficial de Salesianos Granada San Juan Bosco\",\"publisher\":{\"@id\":\"https:\\\/\\\/granada.salesianos.edu\\\/colegio\\\/#organization\"},\"potentialAction\":[{\"@type\":\"SearchAction\",\"target\":{\"@type\":\"EntryPoint\",\"urlTemplate\":\"https:\\\/\\\/granada.salesianos.edu\\\/colegio\\\/?s={search_term_string}\"},\"query-input\":{\"@type\":\"PropertyValueSpecification\",\"valueRequired\":true,\"valueName\":\"search_term_string\"}}],\"inLanguage\":\"es\"},{\"@type\":\"Organization\",\"@id\":\"https:\\\/\\\/granada.salesianos.edu\\\/colegio\\\/#organization\",\"name\":\"Colegio Salesiano San Juan Bosco Granada\",\"url\":\"https:\\\/\\\/granada.salesianos.edu\\\/colegio\\\/\",\"logo\":{\"@type\":\"ImageObject\",\"inLanguage\":\"es\",\"@id\":\"https:\\\/\\\/granada.salesianos.edu\\\/colegio\\\/#\\\/schema\\\/logo\\\/image\\\/\",\"url\":\"https:\\\/\\\/granada.salesianos.edu\\\/colegio\\\/wp-content\\\/uploads\\\/sites\\\/2\\\/2021\\\/01\\\/GRANADAobraVN2.jpg\",\"contentUrl\":\"https:\\\/\\\/granada.salesianos.edu\\\/colegio\\\/wp-content\\\/uploads\\\/sites\\\/2\\\/2021\\\/01\\\/GRANADAobraVN2.jpg\",\"width\":2113,\"height\":1894,\"caption\":\"Colegio Salesiano San Juan Bosco Granada\"},\"image\":{\"@id\":\"https:\\\/\\\/granada.salesianos.edu\\\/colegio\\\/#\\\/schema\\\/logo\\\/image\\\/\"},\"sameAs\":[\"https:\\\/\\\/www.facebook.com\\\/SalesianosGR\\\/\",\"https:\\\/\\\/x.com\\\/GranadaSDB\",\"https:\\\/\\\/www.instagram.com\\\/salesianosgranada\\\/\",\"https:\\\/\\\/www.youtube.com\\\/channel\\\/UChkpZuhCf4Y5rYIcFT3CNxw?view_as=subscriber\"]},{\"@type\":\"Person\",\"@id\":\"https:\\\/\\\/granada.salesianos.edu\\\/colegio\\\/#\\\/schema\\\/person\\\/6392ff2e4bd1e66981d6eab734bbd962\",\"name\":\"Gestor Web\",\"image\":{\"@type\":\"ImageObject\",\"inLanguage\":\"es\",\"@id\":\"https:\\\/\\\/secure.gravatar.com\\\/avatar\\\/160666bb56a01520857079961a824af2b7821d6bad80677c80f2b473fceead1b?s=96&d=mm&r=g\",\"url\":\"https:\\\/\\\/secure.gravatar.com\\\/avatar\\\/160666bb56a01520857079961a824af2b7821d6bad80677c80f2b473fceead1b?s=96&d=mm&r=g\",\"contentUrl\":\"https:\\\/\\\/secure.gravatar.com\\\/avatar\\\/160666bb56a01520857079961a824af2b7821d6bad80677c80f2b473fceead1b?s=96&d=mm&r=g\",\"caption\":\"Gestor Web\"}}]}<\/script>\n<!-- \/ Yoast SEO plugin. -->","yoast_head_json":{"title":"UN ALUMNO DE FP PREMIADO EN FESTIVAL INTERNACIONAL DE J\u00d3VENES REALIZADORES - Colegio Salesiano","robots":{"index":"index","follow":"follow","max-snippet":"max-snippet:-1","max-image-preview":"max-image-preview:large","max-video-preview":"max-video-preview:-1"},"canonical":"https:\/\/granada.salesianos.edu\/colegio\/blog\/un-alumno-de-fp-premiado-en-festival-internacional-de-jovenes-realizadores\/","og_locale":"es_ES","og_type":"article","og_title":"UN ALUMNO DE FP PREMIADO EN FESTIVAL INTERNACIONAL DE J\u00d3VENES REALIZADORES - Colegio Salesiano","og_description":"\u201cPor los ecos Valdelomarianos de su trabajo: la idea del \u201csin fin\u201d, las fuentes de agua y el tempo f\u00edlmico y sonoro de la pieza, en contrarr\u00e9plica a La gran Seguiriya\u201c, el jurado concedi\u00f3 el Premio Sin Fin a David Heras, por Al final, la sopa fr\u00eda, que dedic\u00f3 el premio a todos los asistentes \u201cporque Hacienda somos todos\u201d.","og_url":"https:\/\/granada.salesianos.edu\/colegio\/blog\/un-alumno-de-fp-premiado-en-festival-internacional-de-jovenes-realizadores\/","og_site_name":"Colegio Salesiano","article_publisher":"https:\/\/www.facebook.com\/SalesianosGR\/","article_published_time":"2018-04-23T15:58:49+00:00","article_modified_time":"2022-12-01T21:54:43+00:00","og_image":[{"url":"https:\/\/granada.salesianos.edu\/colegio\/wp-content\/uploads\/sites\/2\/2018\/04\/David-Heras-alumno-de-RPAE-2-300x151.jpg","type":"","width":"","height":""}],"author":"Gestor Web","twitter_card":"summary_large_image","twitter_creator":"@GranadaSDB","twitter_site":"@GranadaSDB","twitter_misc":{"Escrito por":"Gestor Web","Tiempo de lectura":"4 minutos"},"schema":{"@context":"https:\/\/schema.org","@graph":[{"@type":"Article","@id":"https:\/\/granada.salesianos.edu\/colegio\/blog\/un-alumno-de-fp-premiado-en-festival-internacional-de-jovenes-realizadores\/#article","isPartOf":{"@id":"https:\/\/granada.salesianos.edu\/colegio\/blog\/un-alumno-de-fp-premiado-en-festival-internacional-de-jovenes-realizadores\/"},"author":{"name":"Gestor Web","@id":"https:\/\/granada.salesianos.edu\/colegio\/#\/schema\/person\/6392ff2e4bd1e66981d6eab734bbd962"},"headline":"UN ALUMNO DE FP PREMIADO EN FESTIVAL INTERNACIONAL DE J\u00d3VENES REALIZADORES","datePublished":"2018-04-23T15:58:49+00:00","dateModified":"2022-12-01T21:54:43+00:00","mainEntityOfPage":{"@id":"https:\/\/granada.salesianos.edu\/colegio\/blog\/un-alumno-de-fp-premiado-en-festival-internacional-de-jovenes-realizadores\/"},"wordCount":765,"commentCount":0,"publisher":{"@id":"https:\/\/granada.salesianos.edu\/colegio\/#organization"},"image":{"@id":"https:\/\/granada.salesianos.edu\/colegio\/blog\/un-alumno-de-fp-premiado-en-festival-internacional-de-jovenes-realizadores\/#primaryimage"},"thumbnailUrl":"https:\/\/granada.salesianos.edu\/colegio\/wp-content\/uploads\/sites\/2\/2018\/04\/David-Heras-alumno-de-RPAE-2-300x151.jpg","keywords":["colegio"],"articleSection":["Colegio","FP","Portada"],"inLanguage":"es","potentialAction":[{"@type":"CommentAction","name":"Comment","target":["https:\/\/granada.salesianos.edu\/colegio\/blog\/un-alumno-de-fp-premiado-en-festival-internacional-de-jovenes-realizadores\/#respond"]}]},{"@type":"WebPage","@id":"https:\/\/granada.salesianos.edu\/colegio\/blog\/un-alumno-de-fp-premiado-en-festival-internacional-de-jovenes-realizadores\/","url":"https:\/\/granada.salesianos.edu\/colegio\/blog\/un-alumno-de-fp-premiado-en-festival-internacional-de-jovenes-realizadores\/","name":"UN ALUMNO DE FP PREMIADO EN FESTIVAL INTERNACIONAL DE J\u00d3VENES REALIZADORES - Colegio Salesiano","isPartOf":{"@id":"https:\/\/granada.salesianos.edu\/colegio\/#website"},"primaryImageOfPage":{"@id":"https:\/\/granada.salesianos.edu\/colegio\/blog\/un-alumno-de-fp-premiado-en-festival-internacional-de-jovenes-realizadores\/#primaryimage"},"image":{"@id":"https:\/\/granada.salesianos.edu\/colegio\/blog\/un-alumno-de-fp-premiado-en-festival-internacional-de-jovenes-realizadores\/#primaryimage"},"thumbnailUrl":"https:\/\/granada.salesianos.edu\/colegio\/wp-content\/uploads\/sites\/2\/2018\/04\/David-Heras-alumno-de-RPAE-2-300x151.jpg","datePublished":"2018-04-23T15:58:49+00:00","dateModified":"2022-12-01T21:54:43+00:00","breadcrumb":{"@id":"https:\/\/granada.salesianos.edu\/colegio\/blog\/un-alumno-de-fp-premiado-en-festival-internacional-de-jovenes-realizadores\/#breadcrumb"},"inLanguage":"es","potentialAction":[{"@type":"ReadAction","target":["https:\/\/granada.salesianos.edu\/colegio\/blog\/un-alumno-de-fp-premiado-en-festival-internacional-de-jovenes-realizadores\/"]}]},{"@type":"ImageObject","inLanguage":"es","@id":"https:\/\/granada.salesianos.edu\/colegio\/blog\/un-alumno-de-fp-premiado-en-festival-internacional-de-jovenes-realizadores\/#primaryimage","url":"https:\/\/granada.salesianos.edu\/colegio\/wp-content\/uploads\/sites\/2\/2018\/04\/David-Heras-alumno-de-RPAE-2.jpg","contentUrl":"https:\/\/granada.salesianos.edu\/colegio\/wp-content\/uploads\/sites\/2\/2018\/04\/David-Heras-alumno-de-RPAE-2.jpg","width":934,"height":470},{"@type":"BreadcrumbList","@id":"https:\/\/granada.salesianos.edu\/colegio\/blog\/un-alumno-de-fp-premiado-en-festival-internacional-de-jovenes-realizadores\/#breadcrumb","itemListElement":[{"@type":"ListItem","position":1,"name":"Portada","item":"https:\/\/granada.salesianos.edu\/colegio\/"},{"@type":"ListItem","position":2,"name":"UN ALUMNO DE FP PREMIADO EN FESTIVAL INTERNACIONAL DE J\u00d3VENES REALIZADORES"}]},{"@type":"WebSite","@id":"https:\/\/granada.salesianos.edu\/colegio\/#website","url":"https:\/\/granada.salesianos.edu\/colegio\/","name":"Colegio Salesiano","description":"P\u00e1gina oficial de Salesianos Granada San Juan Bosco","publisher":{"@id":"https:\/\/granada.salesianos.edu\/colegio\/#organization"},"potentialAction":[{"@type":"SearchAction","target":{"@type":"EntryPoint","urlTemplate":"https:\/\/granada.salesianos.edu\/colegio\/?s={search_term_string}"},"query-input":{"@type":"PropertyValueSpecification","valueRequired":true,"valueName":"search_term_string"}}],"inLanguage":"es"},{"@type":"Organization","@id":"https:\/\/granada.salesianos.edu\/colegio\/#organization","name":"Colegio Salesiano San Juan Bosco Granada","url":"https:\/\/granada.salesianos.edu\/colegio\/","logo":{"@type":"ImageObject","inLanguage":"es","@id":"https:\/\/granada.salesianos.edu\/colegio\/#\/schema\/logo\/image\/","url":"https:\/\/granada.salesianos.edu\/colegio\/wp-content\/uploads\/sites\/2\/2021\/01\/GRANADAobraVN2.jpg","contentUrl":"https:\/\/granada.salesianos.edu\/colegio\/wp-content\/uploads\/sites\/2\/2021\/01\/GRANADAobraVN2.jpg","width":2113,"height":1894,"caption":"Colegio Salesiano San Juan Bosco Granada"},"image":{"@id":"https:\/\/granada.salesianos.edu\/colegio\/#\/schema\/logo\/image\/"},"sameAs":["https:\/\/www.facebook.com\/SalesianosGR\/","https:\/\/x.com\/GranadaSDB","https:\/\/www.instagram.com\/salesianosgranada\/","https:\/\/www.youtube.com\/channel\/UChkpZuhCf4Y5rYIcFT3CNxw?view_as=subscriber"]},{"@type":"Person","@id":"https:\/\/granada.salesianos.edu\/colegio\/#\/schema\/person\/6392ff2e4bd1e66981d6eab734bbd962","name":"Gestor Web","image":{"@type":"ImageObject","inLanguage":"es","@id":"https:\/\/secure.gravatar.com\/avatar\/160666bb56a01520857079961a824af2b7821d6bad80677c80f2b473fceead1b?s=96&d=mm&r=g","url":"https:\/\/secure.gravatar.com\/avatar\/160666bb56a01520857079961a824af2b7821d6bad80677c80f2b473fceead1b?s=96&d=mm&r=g","contentUrl":"https:\/\/secure.gravatar.com\/avatar\/160666bb56a01520857079961a824af2b7821d6bad80677c80f2b473fceead1b?s=96&d=mm&r=g","caption":"Gestor Web"}}]}},"_links":{"self":[{"href":"https:\/\/granada.salesianos.edu\/colegio\/wp-json\/wp\/v2\/posts\/8501","targetHints":{"allow":["GET"]}}],"collection":[{"href":"https:\/\/granada.salesianos.edu\/colegio\/wp-json\/wp\/v2\/posts"}],"about":[{"href":"https:\/\/granada.salesianos.edu\/colegio\/wp-json\/wp\/v2\/types\/post"}],"author":[{"embeddable":true,"href":"https:\/\/granada.salesianos.edu\/colegio\/wp-json\/wp\/v2\/users\/2"}],"replies":[{"embeddable":true,"href":"https:\/\/granada.salesianos.edu\/colegio\/wp-json\/wp\/v2\/comments?post=8501"}],"version-history":[{"count":5,"href":"https:\/\/granada.salesianos.edu\/colegio\/wp-json\/wp\/v2\/posts\/8501\/revisions"}],"predecessor-version":[{"id":8572,"href":"https:\/\/granada.salesianos.edu\/colegio\/wp-json\/wp\/v2\/posts\/8501\/revisions\/8572"}],"wp:attachment":[{"href":"https:\/\/granada.salesianos.edu\/colegio\/wp-json\/wp\/v2\/media?parent=8501"}],"wp:term":[{"taxonomy":"category","embeddable":true,"href":"https:\/\/granada.salesianos.edu\/colegio\/wp-json\/wp\/v2\/categories?post=8501"},{"taxonomy":"post_tag","embeddable":true,"href":"https:\/\/granada.salesianos.edu\/colegio\/wp-json\/wp\/v2\/tags?post=8501"}],"curies":[{"name":"wp","href":"https:\/\/api.w.org\/{rel}","templated":true}]}}