{"id":8511,"date":"2018-04-23T18:45:10","date_gmt":"2018-04-23T16:45:10","guid":{"rendered":"https:\/\/granada.salesianos.edu\/colegio\/?p=8511"},"modified":"2022-12-01T23:54:33","modified_gmt":"2022-12-01T21:54:33","slug":"un-alumno-del-centro-en-el-andalucia-skills-de-huelva","status":"publish","type":"post","link":"https:\/\/granada.salesianos.edu\/colegio\/blog\/un-alumno-del-centro-en-el-andalucia-skills-de-huelva\/","title":{"rendered":"UN ALUMNO DEL CENTRO EN EL ANDALUC\u00cdA SKILLS DE HUELVA"},"content":{"rendered":"<div id=\"fb-root\"><\/div>\n<p>[et_pb_section bb_built=\u00bb1&#8243; admin_label=\u00bbsection\u00bb][et_pb_row admin_label=\u00bbrow\u00bb background_position=\u00bbtop_left\u00bb background_repeat=\u00bbrepeat\u00bb background_size=\u00bbinitial\u00bb][et_pb_column type=\u00bb4_4&#8243;][et_pb_text admin_label=\u00bbEntradilla (Texto)\u00bb _builder_version=\u00bb3.0.51&#8243; background_layout=\u00bblight\u00bb text_orientation=\u00bbjustified\u00bb text_font=\u00bb|on|||\u00bb border_style=\u00bbsolid\u00bb \/][et_pb_text admin_label=\u00bbAutor (Texto)\u00bb _builder_version=\u00bb3.0.105&#8243; background_layout=\u00bblight\u00bb text_font=\u00bb||on||\u00bb border_style=\u00bbsolid\u00bb]<\/p>\n<p>Por Rafael Valenzuela y salesianos.edu<\/p>\n<p>[\/et_pb_text][et_pb_text admin_label=\u00bbDesarrollo (Texto)\u00bb _builder_version=\u00bb3.0.105&#8243; background_layout=\u00bblight\u00bb text_orientation=\u00bbjustified\u00bb]<\/p>\n<p style=\"text-align: left;\"><img loading=\"lazy\" decoding=\"async\" class=\"alignleft wp-image-8515 size-medium\" src=\"https:\/\/granada.salesianos.edu\/colegio\/wp-content\/uploads\/sites\/2\/2018\/04\/skills-300x169.jpg\" alt=\"\" width=\"300\" height=\"169\" srcset=\"https:\/\/granada.salesianos.edu\/colegio\/wp-content\/uploads\/sites\/2\/2018\/04\/skills-300x169.jpg 300w, https:\/\/granada.salesianos.edu\/colegio\/wp-content\/uploads\/sites\/2\/2018\/04\/skills-768x432.jpg 768w, https:\/\/granada.salesianos.edu\/colegio\/wp-content\/uploads\/sites\/2\/2018\/04\/skills-1024x576.jpg 1024w, https:\/\/granada.salesianos.edu\/colegio\/wp-content\/uploads\/sites\/2\/2018\/04\/skills-1080x608.jpg 1080w, https:\/\/granada.salesianos.edu\/colegio\/wp-content\/uploads\/sites\/2\/2018\/04\/skills.jpg 1280w\" sizes=\"(max-width: 300px) 100vw, 300px\" \/>Andaluc\u00edaSkills, es un campeonato auton\u00f3mico de Formaci\u00f3n Profesional\u00a0 dirigido al alumnado que cursa ense\u00f1anzas de Formaci\u00f3n Profesional en centros\u00a0sostenidos con fondos p\u00fablicos en Andaluc\u00eda y fondos europeos.<br \/>\nLa finalidad \u00faltima de este campeonato es la selecci\u00f3n de los competidores que\u00a0representar\u00e1n a nuestra comunidad aut\u00f3noma en el campeonato nacional de\u00a0Formaci\u00f3n Profesional Spainskills.<br \/>\nPara ello se organizan diferentes pruebas en cada una de las especialidades,\u00a0tambi\u00e9n llamadas skills, en las que Andaluc\u00eda participa y que de momento son las siguientes:<\/p>\n<p style=\"text-align: left;\">Carpinter\u00eda, Cocina, Control industrial, Est\u00e9tica, Instalaciones el\u00e9ctricas,\u00a0peluquer\u00eda, Pintura del Autom\u00f3vil, Redes, reparaci\u00f3n de la carrocer\u00eda del\u00a0autom\u00f3vil, servicio de restaurante, tecnolog\u00eda del autom\u00f3vil, refrigeraci\u00f3n,\u00a0ebanister\u00eda, tecnolog\u00eda de la moda.<\/p>\n<p style=\"text-align: left;\">El V Campeonato Auton\u00f3mico de Formaci\u00f3n Profesional Andaluc\u00eda 2018, se desarroll\u00f3\u00a0en el Campus Universitario \u201cEl Carmen\u201d de Hueva, durante los d\u00edas:\u00a009 Acto inaugural y Juramento de Juego L\u00edmpio.<br \/>\n10-11 de abril Competiciones y exhibiciones de 9:00 a 20:00 h<br \/>\n12- Gala de premios Andaluc\u00edaSkills 2018.<\/p>\n<p style=\"text-align: left;\">Nuestro colegio ha participado en la especialidad de instalaciones el\u00e9ctricas\u00a0con nuestro alumno de 2\u00ba <strong><span style=\"color: #ff0000;\">Francisco Javier Salas Urbano<\/span><\/strong>, consiguiendo una muy buena puntuaci\u00f3n y felicitaci\u00f3n por su trabajo.<\/p>\n<div style=\"text-align: left;\">Entre los visitantes del stand salesiano se cont\u00f3 con una invitada de excepci\u00f3n, como fue el paso de la Reina Do\u00f1a Letizia durante el recorrido de dos horas que realiz\u00f3 por el Campus del Carmen de la Universidad, acompa\u00f1ada por la presidenta de la Junta de Andaluc\u00eda, Susana D\u00edaz; la ministra de Empleo, F\u00e1tima B\u00e1\u00f1ez; el delegado del Gobierno en Andaluc\u00eda, Antonio Sanz, y autoridades auton\u00f3micas y locales.<\/div>\n<div style=\"text-align: left;\"><\/div>\n<div style=\"text-align: left;\">\u201cEstamos muy orgullosos de nuestros alumnos. Han sido unos d\u00edas maravillosos para nuestro centro con la participaci\u00f3n en #Andaluc\u00edaSkills2018 y el comienzo de la etapa ERASMUS+. La Formaci\u00f3n Profesional salesiana es real y prepara para la vida profesional en todos los \u00e1mbitos de la persona\u201d, explicaban los representantes salesianos sobre la experiencia de Huelva.<\/div>\n<div style=\"text-align: left;\"><\/div>\n<div style=\"text-align: left;\">Sobre la participaci\u00f3n el buen sabor de boca de la experiencia compartida era evidente. \u201cEstamos satisfechos con nuestra participaci\u00f3n en tres especialidades: Fontaner\u00eda y Calefacci\u00f3n y Chapa y Pintura, con alumnos de FPB, y Electromec\u00e1nica de Veh\u00edculos, con alumnos de Grado Medio. Un tercer puesto en la especialidad de Electromec\u00e1nica es para sentirse m\u00e1s que felices\u201d, comentaban orgullosos.<\/div>\n<div style=\"text-align: left;\"><\/div>\n<div style=\"text-align: left;\">Tambi\u00e9n ha sido rica la experiencia de Salesianos Trinidad que este a\u00f1o ha visto como el alumno Vicente Fern\u00e1ndez Gonz\u00e1lez, obten\u00eda la medalla de oro en la especialidad de CNC Torneado-Fresado.<\/div>\n<div style=\"text-align: left;\"><\/div>\n<div style=\"text-align: left;\">Y una vez m\u00e1s, y van cuatro consecutivas, se vuelve a confirmar para Salesianos Palma del R\u00edo la regla:<\/div>\n<div style=\"text-align: left;\"><\/div>\n<div style=\"text-align: left;\">\u201ctrabajo+sacrificio+ilusi\u00f3n=buenos resultados\u201d. As\u00ed ha sido el ejemplo del alumno Ra\u00fal Yamuza D\u00edaz,\u00a0 que obtuvo la Medalla de Oro en la especialidad de Control Industrial, recogiendo as\u00ed el testigo de otros compa\u00f1eros que le precedieron en anteriores ediciones. El colegio palme\u00f1o no es nuevo en estas competiciones, ya que inici\u00f3 su participaci\u00f3n en 2009 en el campeonato nacional SpainSkill. Desde entonces los resultados obtenidos han venido cargados de reconocimientos por el trabajo realizado: Ra\u00fal Tamayo Serrano, medalla de bronce (SpainSkill2009), Antonio Sa\u00fal Osuna Carrasco, medalla de oro (AndaluciaSkill 2010), Adri\u00e1n Guerrero Redondo, medalla de plata (AndaluciaSkill 2012), Javier Yamuza D\u00edaz, medalla de oro (AndaluciaSkill 2014), Javier Yamuza D\u00edaz, medalla de oro (SpainSkill 2015), Manuel Jes\u00fas Guisado Fern\u00e1ndez, medalla de oro (Andaluc\u00edaSkill 2016), Manuel Guisado Fern\u00e1ndez medalla de plata (SpainSkill 2017) .<\/div>\n<div style=\"text-align: left;\"><\/div>\n<div style=\"text-align: left;\">Una experiencia que muestra que el buen trabajo siempre da sus frutos, tanto en la parte acad\u00e9mica como en la profesional, con una apuesta clara desde Salesianos por ofrecer una escuela inclusiva para todos los j\u00f3venes, con especial dedicaci\u00f3n y apertura al sectores con desfases educativos, se\u00f1ales de riesgos y dificultades a la hora de su inserci\u00f3n socio laboral.<\/div>\n<p>[\/et_pb_text][et_pb_text admin_label=\u00bbT\u00edtulo: Galer\u00eda de fotos (Texto)\u00bb _builder_version=\u00bb3.0.105&#8243; background_layout=\u00bblight\u00bb text_font=\u00bb|on|||\u00bb text_text_color=\u00bb#dc001b\u00bb border_style=\u00bbsolid\u00bb disabled=\u00bboff\u00bb disabled_on=\u00bboff|off|off\u00bb]<\/p>\n<p>Galer\u00eda de im\u00e1genes<\/p>\n<p>[\/et_pb_text][et_pb_gallery _builder_version=\u00bb3.0.105&#8243; show_title_and_caption=\u00bboff\u00bb show_pagination=\u00bbon\u00bb fullwidth=\u00bboff\u00bb orientation=\u00bblandscape\u00bb zoom_icon_color=\u00bb#dc001b\u00bb hover_overlay_color=\u00bbrgba(255,255,255,0.9)\u00bb hover_icon=\u00bb%%51%%\u00bb background_layout=\u00bblight\u00bb border_style=\u00bbsolid\u00bb disabled=\u00bboff\u00bb disabled_on=\u00bboff|off|off\u00bb gallery_ids=\u00bb8512,8513,8514,8515&#8243; pagination_font_size_tablet=\u00bb51&#8243; pagination_line_height_tablet=\u00bb2&#8243; \/][et_pb_video _builder_version=\u00bb3.0.105&#8243; disabled=\u00bboff\u00bb disabled_on=\u00bboff|off|off\u00bb src=\u00bbhttps:\/\/www.youtube.com\/watch?v=DRQcapCAsTM\u00bb image_src=\u00bb\/\/i.ytimg.com\/vi\/DRQcapCAsTM\/hqdefault.jpg\u00bb \/][et_pb_button _builder_version=\u00bb3.0.105&#8243; button_text=\u00bbvolver a COLEGIO\u00bb button_url=\u00bbgranada.salesianos.edu\/colegio\u00bb url_new_window=\u00bboff\u00bb background_layout=\u00bblight\u00bb custom_button=\u00bboff\u00bb button_icon_placement=\u00bbright\u00bb \/][\/et_pb_column][\/et_pb_row][\/et_pb_section]<\/p>\n","protected":false},"excerpt":{"rendered":"<p>Nuestro colegio ha participado en la especialidad de instalaciones el\u00e9ctricas\u00a0con nuestro alumno de 2\u00ba Francisco Javier Salas Urbano, consiguiendo una muy buena puntuaci\u00f3n y felicitaci\u00f3n por su trabajo.<\/p>\n","protected":false},"author":2,"featured_media":0,"comment_status":"open","ping_status":"open","sticky":false,"template":"","format":"standard","meta":{"_et_pb_use_builder":"on","_et_pb_old_content":"","_et_gb_content_width":"","footnotes":""},"categories":[11,21],"tags":[15],"class_list":["post-8511","post","type-post","status-publish","format-standard","hentry","category-colegio","category-fp","tag-colegio"],"yoast_head":"<!-- This site is optimized with the Yoast SEO plugin v28.4 - https:\/\/yoast.com\/product\/yoast-seo-wordpress\/ -->\n<title>UN ALUMNO DEL CENTRO EN EL ANDALUC\u00cdA SKILLS DE HUELVA - Colegio Salesiano<\/title>\n<meta name=\"robots\" content=\"index, follow, max-snippet:-1, max-image-preview:large, max-video-preview:-1\" \/>\n<link rel=\"canonical\" href=\"https:\/\/granada.salesianos.edu\/colegio\/blog\/un-alumno-del-centro-en-el-andalucia-skills-de-huelva\/\" \/>\n<meta property=\"og:locale\" content=\"es_ES\" \/>\n<meta property=\"og:type\" content=\"article\" \/>\n<meta property=\"og:title\" content=\"UN ALUMNO DEL CENTRO EN EL ANDALUC\u00cdA SKILLS DE HUELVA - Colegio Salesiano\" \/>\n<meta property=\"og:description\" content=\"Nuestro colegio ha participado en la especialidad de instalaciones el\u00e9ctricas\u00a0con nuestro alumno de 2\u00ba Francisco Javier Salas Urbano, consiguiendo una muy buena puntuaci\u00f3n y felicitaci\u00f3n por su trabajo.\" \/>\n<meta property=\"og:url\" content=\"https:\/\/granada.salesianos.edu\/colegio\/blog\/un-alumno-del-centro-en-el-andalucia-skills-de-huelva\/\" \/>\n<meta property=\"og:site_name\" content=\"Colegio Salesiano\" \/>\n<meta property=\"article:publisher\" content=\"https:\/\/www.facebook.com\/SalesianosGR\/\" \/>\n<meta property=\"article:published_time\" content=\"2018-04-23T16:45:10+00:00\" \/>\n<meta property=\"article:modified_time\" content=\"2022-12-01T21:54:33+00:00\" \/>\n<meta property=\"og:image\" content=\"https:\/\/granada.salesianos.edu\/colegio\/wp-content\/uploads\/sites\/2\/2018\/04\/skills-300x169.jpg\" \/>\n<meta name=\"author\" content=\"Gestor Web\" \/>\n<meta name=\"twitter:card\" content=\"summary_large_image\" \/>\n<meta name=\"twitter:creator\" content=\"@GranadaSDB\" \/>\n<meta name=\"twitter:site\" content=\"@GranadaSDB\" \/>\n<meta name=\"twitter:label1\" content=\"Escrito por\" \/>\n\t<meta name=\"twitter:data1\" content=\"Gestor Web\" \/>\n\t<meta name=\"twitter:label2\" content=\"Tiempo de lectura\" \/>\n\t<meta name=\"twitter:data2\" content=\"5 minutos\" \/>\n<script type=\"application\/ld+json\" class=\"yoast-schema-graph\">{\"@context\":\"https:\\\/\\\/schema.org\",\"@graph\":[{\"@type\":\"Article\",\"@id\":\"https:\\\/\\\/granada.salesianos.edu\\\/colegio\\\/blog\\\/un-alumno-del-centro-en-el-andalucia-skills-de-huelva\\\/#article\",\"isPartOf\":{\"@id\":\"https:\\\/\\\/granada.salesianos.edu\\\/colegio\\\/blog\\\/un-alumno-del-centro-en-el-andalucia-skills-de-huelva\\\/\"},\"author\":{\"name\":\"Gestor Web\",\"@id\":\"https:\\\/\\\/granada.salesianos.edu\\\/colegio\\\/#\\\/schema\\\/person\\\/6392ff2e4bd1e66981d6eab734bbd962\"},\"headline\":\"UN ALUMNO DEL CENTRO EN EL ANDALUC\u00cdA SKILLS DE HUELVA\",\"datePublished\":\"2018-04-23T16:45:10+00:00\",\"dateModified\":\"2022-12-01T21:54:33+00:00\",\"mainEntityOfPage\":{\"@id\":\"https:\\\/\\\/granada.salesianos.edu\\\/colegio\\\/blog\\\/un-alumno-del-centro-en-el-andalucia-skills-de-huelva\\\/\"},\"wordCount\":945,\"commentCount\":0,\"publisher\":{\"@id\":\"https:\\\/\\\/granada.salesianos.edu\\\/colegio\\\/#organization\"},\"image\":{\"@id\":\"https:\\\/\\\/granada.salesianos.edu\\\/colegio\\\/blog\\\/un-alumno-del-centro-en-el-andalucia-skills-de-huelva\\\/#primaryimage\"},\"thumbnailUrl\":\"https:\\\/\\\/granada.salesianos.edu\\\/colegio\\\/wp-content\\\/uploads\\\/sites\\\/2\\\/2018\\\/04\\\/skills-300x169.jpg\",\"keywords\":[\"colegio\"],\"articleSection\":[\"Colegio\",\"FP\"],\"inLanguage\":\"es\",\"potentialAction\":[{\"@type\":\"CommentAction\",\"name\":\"Comment\",\"target\":[\"https:\\\/\\\/granada.salesianos.edu\\\/colegio\\\/blog\\\/un-alumno-del-centro-en-el-andalucia-skills-de-huelva\\\/#respond\"]}]},{\"@type\":\"WebPage\",\"@id\":\"https:\\\/\\\/granada.salesianos.edu\\\/colegio\\\/blog\\\/un-alumno-del-centro-en-el-andalucia-skills-de-huelva\\\/\",\"url\":\"https:\\\/\\\/granada.salesianos.edu\\\/colegio\\\/blog\\\/un-alumno-del-centro-en-el-andalucia-skills-de-huelva\\\/\",\"name\":\"UN ALUMNO DEL CENTRO EN EL ANDALUC\u00cdA SKILLS DE HUELVA - Colegio Salesiano\",\"isPartOf\":{\"@id\":\"https:\\\/\\\/granada.salesianos.edu\\\/colegio\\\/#website\"},\"primaryImageOfPage\":{\"@id\":\"https:\\\/\\\/granada.salesianos.edu\\\/colegio\\\/blog\\\/un-alumno-del-centro-en-el-andalucia-skills-de-huelva\\\/#primaryimage\"},\"image\":{\"@id\":\"https:\\\/\\\/granada.salesianos.edu\\\/colegio\\\/blog\\\/un-alumno-del-centro-en-el-andalucia-skills-de-huelva\\\/#primaryimage\"},\"thumbnailUrl\":\"https:\\\/\\\/granada.salesianos.edu\\\/colegio\\\/wp-content\\\/uploads\\\/sites\\\/2\\\/2018\\\/04\\\/skills-300x169.jpg\",\"datePublished\":\"2018-04-23T16:45:10+00:00\",\"dateModified\":\"2022-12-01T21:54:33+00:00\",\"breadcrumb\":{\"@id\":\"https:\\\/\\\/granada.salesianos.edu\\\/colegio\\\/blog\\\/un-alumno-del-centro-en-el-andalucia-skills-de-huelva\\\/#breadcrumb\"},\"inLanguage\":\"es\",\"potentialAction\":[{\"@type\":\"ReadAction\",\"target\":[\"https:\\\/\\\/granada.salesianos.edu\\\/colegio\\\/blog\\\/un-alumno-del-centro-en-el-andalucia-skills-de-huelva\\\/\"]}]},{\"@type\":\"ImageObject\",\"inLanguage\":\"es\",\"@id\":\"https:\\\/\\\/granada.salesianos.edu\\\/colegio\\\/blog\\\/un-alumno-del-centro-en-el-andalucia-skills-de-huelva\\\/#primaryimage\",\"url\":\"https:\\\/\\\/granada.salesianos.edu\\\/colegio\\\/wp-content\\\/uploads\\\/sites\\\/2\\\/2018\\\/04\\\/skills.jpg\",\"contentUrl\":\"https:\\\/\\\/granada.salesianos.edu\\\/colegio\\\/wp-content\\\/uploads\\\/sites\\\/2\\\/2018\\\/04\\\/skills.jpg\",\"width\":1280,\"height\":720},{\"@type\":\"BreadcrumbList\",\"@id\":\"https:\\\/\\\/granada.salesianos.edu\\\/colegio\\\/blog\\\/un-alumno-del-centro-en-el-andalucia-skills-de-huelva\\\/#breadcrumb\",\"itemListElement\":[{\"@type\":\"ListItem\",\"position\":1,\"name\":\"Portada\",\"item\":\"https:\\\/\\\/granada.salesianos.edu\\\/colegio\\\/\"},{\"@type\":\"ListItem\",\"position\":2,\"name\":\"UN ALUMNO DEL CENTRO EN EL ANDALUC\u00cdA SKILLS DE HUELVA\"}]},{\"@type\":\"WebSite\",\"@id\":\"https:\\\/\\\/granada.salesianos.edu\\\/colegio\\\/#website\",\"url\":\"https:\\\/\\\/granada.salesianos.edu\\\/colegio\\\/\",\"name\":\"Colegio Salesiano\",\"description\":\"P\u00e1gina oficial de Salesianos Granada San Juan Bosco\",\"publisher\":{\"@id\":\"https:\\\/\\\/granada.salesianos.edu\\\/colegio\\\/#organization\"},\"potentialAction\":[{\"@type\":\"SearchAction\",\"target\":{\"@type\":\"EntryPoint\",\"urlTemplate\":\"https:\\\/\\\/granada.salesianos.edu\\\/colegio\\\/?s={search_term_string}\"},\"query-input\":{\"@type\":\"PropertyValueSpecification\",\"valueRequired\":true,\"valueName\":\"search_term_string\"}}],\"inLanguage\":\"es\"},{\"@type\":\"Organization\",\"@id\":\"https:\\\/\\\/granada.salesianos.edu\\\/colegio\\\/#organization\",\"name\":\"Colegio Salesiano San Juan Bosco Granada\",\"url\":\"https:\\\/\\\/granada.salesianos.edu\\\/colegio\\\/\",\"logo\":{\"@type\":\"ImageObject\",\"inLanguage\":\"es\",\"@id\":\"https:\\\/\\\/granada.salesianos.edu\\\/colegio\\\/#\\\/schema\\\/logo\\\/image\\\/\",\"url\":\"https:\\\/\\\/granada.salesianos.edu\\\/colegio\\\/wp-content\\\/uploads\\\/sites\\\/2\\\/2021\\\/01\\\/GRANADAobraVN2.jpg\",\"contentUrl\":\"https:\\\/\\\/granada.salesianos.edu\\\/colegio\\\/wp-content\\\/uploads\\\/sites\\\/2\\\/2021\\\/01\\\/GRANADAobraVN2.jpg\",\"width\":2113,\"height\":1894,\"caption\":\"Colegio Salesiano San Juan Bosco Granada\"},\"image\":{\"@id\":\"https:\\\/\\\/granada.salesianos.edu\\\/colegio\\\/#\\\/schema\\\/logo\\\/image\\\/\"},\"sameAs\":[\"https:\\\/\\\/www.facebook.com\\\/SalesianosGR\\\/\",\"https:\\\/\\\/x.com\\\/GranadaSDB\",\"https:\\\/\\\/www.instagram.com\\\/salesianosgranada\\\/\",\"https:\\\/\\\/www.youtube.com\\\/channel\\\/UChkpZuhCf4Y5rYIcFT3CNxw?view_as=subscriber\"]},{\"@type\":\"Person\",\"@id\":\"https:\\\/\\\/granada.salesianos.edu\\\/colegio\\\/#\\\/schema\\\/person\\\/6392ff2e4bd1e66981d6eab734bbd962\",\"name\":\"Gestor Web\",\"image\":{\"@type\":\"ImageObject\",\"inLanguage\":\"es\",\"@id\":\"https:\\\/\\\/secure.gravatar.com\\\/avatar\\\/160666bb56a01520857079961a824af2b7821d6bad80677c80f2b473fceead1b?s=96&d=mm&r=g\",\"url\":\"https:\\\/\\\/secure.gravatar.com\\\/avatar\\\/160666bb56a01520857079961a824af2b7821d6bad80677c80f2b473fceead1b?s=96&d=mm&r=g\",\"contentUrl\":\"https:\\\/\\\/secure.gravatar.com\\\/avatar\\\/160666bb56a01520857079961a824af2b7821d6bad80677c80f2b473fceead1b?s=96&d=mm&r=g\",\"caption\":\"Gestor Web\"}}]}<\/script>\n<!-- \/ Yoast SEO plugin. -->","yoast_head_json":{"title":"UN ALUMNO DEL CENTRO EN EL ANDALUC\u00cdA SKILLS DE HUELVA - Colegio Salesiano","robots":{"index":"index","follow":"follow","max-snippet":"max-snippet:-1","max-image-preview":"max-image-preview:large","max-video-preview":"max-video-preview:-1"},"canonical":"https:\/\/granada.salesianos.edu\/colegio\/blog\/un-alumno-del-centro-en-el-andalucia-skills-de-huelva\/","og_locale":"es_ES","og_type":"article","og_title":"UN ALUMNO DEL CENTRO EN EL ANDALUC\u00cdA SKILLS DE HUELVA - Colegio Salesiano","og_description":"Nuestro colegio ha participado en la especialidad de instalaciones el\u00e9ctricas\u00a0con nuestro alumno de 2\u00ba Francisco Javier Salas Urbano, consiguiendo una muy buena puntuaci\u00f3n y felicitaci\u00f3n por su trabajo.","og_url":"https:\/\/granada.salesianos.edu\/colegio\/blog\/un-alumno-del-centro-en-el-andalucia-skills-de-huelva\/","og_site_name":"Colegio Salesiano","article_publisher":"https:\/\/www.facebook.com\/SalesianosGR\/","article_published_time":"2018-04-23T16:45:10+00:00","article_modified_time":"2022-12-01T21:54:33+00:00","og_image":[{"url":"https:\/\/granada.salesianos.edu\/colegio\/wp-content\/uploads\/sites\/2\/2018\/04\/skills-300x169.jpg","type":"","width":"","height":""}],"author":"Gestor Web","twitter_card":"summary_large_image","twitter_creator":"@GranadaSDB","twitter_site":"@GranadaSDB","twitter_misc":{"Escrito por":"Gestor Web","Tiempo de lectura":"5 minutos"},"schema":{"@context":"https:\/\/schema.org","@graph":[{"@type":"Article","@id":"https:\/\/granada.salesianos.edu\/colegio\/blog\/un-alumno-del-centro-en-el-andalucia-skills-de-huelva\/#article","isPartOf":{"@id":"https:\/\/granada.salesianos.edu\/colegio\/blog\/un-alumno-del-centro-en-el-andalucia-skills-de-huelva\/"},"author":{"name":"Gestor Web","@id":"https:\/\/granada.salesianos.edu\/colegio\/#\/schema\/person\/6392ff2e4bd1e66981d6eab734bbd962"},"headline":"UN ALUMNO DEL CENTRO EN EL ANDALUC\u00cdA SKILLS DE HUELVA","datePublished":"2018-04-23T16:45:10+00:00","dateModified":"2022-12-01T21:54:33+00:00","mainEntityOfPage":{"@id":"https:\/\/granada.salesianos.edu\/colegio\/blog\/un-alumno-del-centro-en-el-andalucia-skills-de-huelva\/"},"wordCount":945,"commentCount":0,"publisher":{"@id":"https:\/\/granada.salesianos.edu\/colegio\/#organization"},"image":{"@id":"https:\/\/granada.salesianos.edu\/colegio\/blog\/un-alumno-del-centro-en-el-andalucia-skills-de-huelva\/#primaryimage"},"thumbnailUrl":"https:\/\/granada.salesianos.edu\/colegio\/wp-content\/uploads\/sites\/2\/2018\/04\/skills-300x169.jpg","keywords":["colegio"],"articleSection":["Colegio","FP"],"inLanguage":"es","potentialAction":[{"@type":"CommentAction","name":"Comment","target":["https:\/\/granada.salesianos.edu\/colegio\/blog\/un-alumno-del-centro-en-el-andalucia-skills-de-huelva\/#respond"]}]},{"@type":"WebPage","@id":"https:\/\/granada.salesianos.edu\/colegio\/blog\/un-alumno-del-centro-en-el-andalucia-skills-de-huelva\/","url":"https:\/\/granada.salesianos.edu\/colegio\/blog\/un-alumno-del-centro-en-el-andalucia-skills-de-huelva\/","name":"UN ALUMNO DEL CENTRO EN EL ANDALUC\u00cdA SKILLS DE HUELVA - Colegio Salesiano","isPartOf":{"@id":"https:\/\/granada.salesianos.edu\/colegio\/#website"},"primaryImageOfPage":{"@id":"https:\/\/granada.salesianos.edu\/colegio\/blog\/un-alumno-del-centro-en-el-andalucia-skills-de-huelva\/#primaryimage"},"image":{"@id":"https:\/\/granada.salesianos.edu\/colegio\/blog\/un-alumno-del-centro-en-el-andalucia-skills-de-huelva\/#primaryimage"},"thumbnailUrl":"https:\/\/granada.salesianos.edu\/colegio\/wp-content\/uploads\/sites\/2\/2018\/04\/skills-300x169.jpg","datePublished":"2018-04-23T16:45:10+00:00","dateModified":"2022-12-01T21:54:33+00:00","breadcrumb":{"@id":"https:\/\/granada.salesianos.edu\/colegio\/blog\/un-alumno-del-centro-en-el-andalucia-skills-de-huelva\/#breadcrumb"},"inLanguage":"es","potentialAction":[{"@type":"ReadAction","target":["https:\/\/granada.salesianos.edu\/colegio\/blog\/un-alumno-del-centro-en-el-andalucia-skills-de-huelva\/"]}]},{"@type":"ImageObject","inLanguage":"es","@id":"https:\/\/granada.salesianos.edu\/colegio\/blog\/un-alumno-del-centro-en-el-andalucia-skills-de-huelva\/#primaryimage","url":"https:\/\/granada.salesianos.edu\/colegio\/wp-content\/uploads\/sites\/2\/2018\/04\/skills.jpg","contentUrl":"https:\/\/granada.salesianos.edu\/colegio\/wp-content\/uploads\/sites\/2\/2018\/04\/skills.jpg","width":1280,"height":720},{"@type":"BreadcrumbList","@id":"https:\/\/granada.salesianos.edu\/colegio\/blog\/un-alumno-del-centro-en-el-andalucia-skills-de-huelva\/#breadcrumb","itemListElement":[{"@type":"ListItem","position":1,"name":"Portada","item":"https:\/\/granada.salesianos.edu\/colegio\/"},{"@type":"ListItem","position":2,"name":"UN ALUMNO DEL CENTRO EN EL ANDALUC\u00cdA SKILLS DE HUELVA"}]},{"@type":"WebSite","@id":"https:\/\/granada.salesianos.edu\/colegio\/#website","url":"https:\/\/granada.salesianos.edu\/colegio\/","name":"Colegio Salesiano","description":"P\u00e1gina oficial de Salesianos Granada San Juan Bosco","publisher":{"@id":"https:\/\/granada.salesianos.edu\/colegio\/#organization"},"potentialAction":[{"@type":"SearchAction","target":{"@type":"EntryPoint","urlTemplate":"https:\/\/granada.salesianos.edu\/colegio\/?s={search_term_string}"},"query-input":{"@type":"PropertyValueSpecification","valueRequired":true,"valueName":"search_term_string"}}],"inLanguage":"es"},{"@type":"Organization","@id":"https:\/\/granada.salesianos.edu\/colegio\/#organization","name":"Colegio Salesiano San Juan Bosco Granada","url":"https:\/\/granada.salesianos.edu\/colegio\/","logo":{"@type":"ImageObject","inLanguage":"es","@id":"https:\/\/granada.salesianos.edu\/colegio\/#\/schema\/logo\/image\/","url":"https:\/\/granada.salesianos.edu\/colegio\/wp-content\/uploads\/sites\/2\/2021\/01\/GRANADAobraVN2.jpg","contentUrl":"https:\/\/granada.salesianos.edu\/colegio\/wp-content\/uploads\/sites\/2\/2021\/01\/GRANADAobraVN2.jpg","width":2113,"height":1894,"caption":"Colegio Salesiano San Juan Bosco Granada"},"image":{"@id":"https:\/\/granada.salesianos.edu\/colegio\/#\/schema\/logo\/image\/"},"sameAs":["https:\/\/www.facebook.com\/SalesianosGR\/","https:\/\/x.com\/GranadaSDB","https:\/\/www.instagram.com\/salesianosgranada\/","https:\/\/www.youtube.com\/channel\/UChkpZuhCf4Y5rYIcFT3CNxw?view_as=subscriber"]},{"@type":"Person","@id":"https:\/\/granada.salesianos.edu\/colegio\/#\/schema\/person\/6392ff2e4bd1e66981d6eab734bbd962","name":"Gestor Web","image":{"@type":"ImageObject","inLanguage":"es","@id":"https:\/\/secure.gravatar.com\/avatar\/160666bb56a01520857079961a824af2b7821d6bad80677c80f2b473fceead1b?s=96&d=mm&r=g","url":"https:\/\/secure.gravatar.com\/avatar\/160666bb56a01520857079961a824af2b7821d6bad80677c80f2b473fceead1b?s=96&d=mm&r=g","contentUrl":"https:\/\/secure.gravatar.com\/avatar\/160666bb56a01520857079961a824af2b7821d6bad80677c80f2b473fceead1b?s=96&d=mm&r=g","caption":"Gestor Web"}}]}},"_links":{"self":[{"href":"https:\/\/granada.salesianos.edu\/colegio\/wp-json\/wp\/v2\/posts\/8511","targetHints":{"allow":["GET"]}}],"collection":[{"href":"https:\/\/granada.salesianos.edu\/colegio\/wp-json\/wp\/v2\/posts"}],"about":[{"href":"https:\/\/granada.salesianos.edu\/colegio\/wp-json\/wp\/v2\/types\/post"}],"author":[{"embeddable":true,"href":"https:\/\/granada.salesianos.edu\/colegio\/wp-json\/wp\/v2\/users\/2"}],"replies":[{"embeddable":true,"href":"https:\/\/granada.salesianos.edu\/colegio\/wp-json\/wp\/v2\/comments?post=8511"}],"version-history":[{"count":5,"href":"https:\/\/granada.salesianos.edu\/colegio\/wp-json\/wp\/v2\/posts\/8511\/revisions"}],"predecessor-version":[{"id":8574,"href":"https:\/\/granada.salesianos.edu\/colegio\/wp-json\/wp\/v2\/posts\/8511\/revisions\/8574"}],"wp:attachment":[{"href":"https:\/\/granada.salesianos.edu\/colegio\/wp-json\/wp\/v2\/media?parent=8511"}],"wp:term":[{"taxonomy":"category","embeddable":true,"href":"https:\/\/granada.salesianos.edu\/colegio\/wp-json\/wp\/v2\/categories?post=8511"},{"taxonomy":"post_tag","embeddable":true,"href":"https:\/\/granada.salesianos.edu\/colegio\/wp-json\/wp\/v2\/tags?post=8511"}],"curies":[{"name":"wp","href":"https:\/\/api.w.org\/{rel}","templated":true}]}}