{"id":8546,"date":"2018-04-26T09:09:52","date_gmt":"2018-04-26T07:09:52","guid":{"rendered":"https:\/\/granada.salesianos.edu\/colegio\/?p=8546"},"modified":"2022-12-01T23:53:29","modified_gmt":"2022-12-01T21:53:29","slug":"el-alcalde-de-granada-recibe-a-los-alumnos-de-3o-a","status":"publish","type":"post","link":"https:\/\/granada.salesianos.edu\/colegio\/blog\/el-alcalde-de-granada-recibe-a-los-alumnos-de-3o-a\/","title":{"rendered":"EL ALCALDE DE GRANADA RECIBE A LOS ALUMNOS DE 3\u00ba A"},"content":{"rendered":"<div id=\"fb-root\"><\/div>\n<p>[et_pb_section bb_built=\u00bb1&#8243; admin_label=\u00bbsection\u00bb _builder_version=\u00bb3.0.47&#8243;][et_pb_row admin_label=\u00bbrow\u00bb _builder_version=\u00bb3.0.47&#8243; background_size=\u00bbinitial\u00bb background_position=\u00bbtop_left\u00bb background_repeat=\u00bbrepeat\u00bb][et_pb_column type=\u00bb4_4&#8243;][et_pb_text admin_label=\u00bbEntradilla (Texto)\u00bb _builder_version=\u00bb3.0.105&#8243; text_font=\u00bb|on|||\u00bb text_orientation=\u00bbjustified\u00bb]<\/p>\n<p><strong>La ma\u00f1ana del 25 de Abril, en una visita concertada al Ayuntamiento de Granada, el Alcalde D. Francisco Cuenca, los recibi\u00f3 en el sal\u00f3n de plenos y convers\u00f3 con ellos sobre los problemas que habr\u00eda que solucionar en nuestra ciudad.<\/strong><\/p>\n<p>[\/et_pb_text][et_pb_text admin_label=\u00bbAutor (Texto)\u00bb _builder_version=\u00bb3.0.105&#8243; text_font=\u00bb||on||\u00bb border_style=\u00bbsolid\u00bb]<\/p>\n<p>Por Pepa Quintana, tutora.<\/p>\n<p>[\/et_pb_text][et_pb_text admin_label=\u00bbDesarrollo (Texto)\u00bb _builder_version=\u00bb3.0.105&#8243; text_orientation=\u00bbjustified\u00bb background_layout=\u00bblight\u00bb] A pesar de las inclemencias del tiempo, el alumnado y las maestras de 3\u00baA, dando un saludable paseo, \u00a0realizaron la salida cultural al centro de Granada que ten\u00eda como cita espec\u00edfica la visita guiada al Ayuntamiento. Antes hab\u00edan investigado por grupos algunos de los lugares emblem\u00e1ticos que entrar\u00edan en el recorrido con la intenci\u00f3n de poder explic\u00e1rselo al resto de sus compa\u00f1eros durante el trayecto. Han sido gu\u00edas entre ellos para alegr\u00eda de sus maestras y sorpresa de los viandantes. <strong>El Puente Romano<\/strong> fue el primer <img loading=\"lazy\" decoding=\"async\" class=\"alignleft wp-image-8559 size-medium\" src=\"https:\/\/granada.salesianos.edu\/colegio\/wp-content\/uploads\/sites\/2\/2018\/04\/WhatsApp-Image-2018-04-25-at-20.00.43-1-2-300x225.jpeg\" alt=\"\" width=\"300\" height=\"225\" srcset=\"https:\/\/granada.salesianos.edu\/colegio\/wp-content\/uploads\/sites\/2\/2018\/04\/WhatsApp-Image-2018-04-25-at-20.00.43-1-2-300x225.jpeg 300w, https:\/\/granada.salesianos.edu\/colegio\/wp-content\/uploads\/sites\/2\/2018\/04\/WhatsApp-Image-2018-04-25-at-20.00.43-1-2-768x576.jpeg 768w, https:\/\/granada.salesianos.edu\/colegio\/wp-content\/uploads\/sites\/2\/2018\/04\/WhatsApp-Image-2018-04-25-at-20.00.43-1-2-1024x768.jpeg 1024w, https:\/\/granada.salesianos.edu\/colegio\/wp-content\/uploads\/sites\/2\/2018\/04\/WhatsApp-Image-2018-04-25-at-20.00.43-1-2-510x382.jpeg 510w, https:\/\/granada.salesianos.edu\/colegio\/wp-content\/uploads\/sites\/2\/2018\/04\/WhatsApp-Image-2018-04-25-at-20.00.43-1-2-1080x810.jpeg 1080w, https:\/\/granada.salesianos.edu\/colegio\/wp-content\/uploads\/sites\/2\/2018\/04\/WhatsApp-Image-2018-04-25-at-20.00.43-1-2.jpeg 1600w\" sizes=\"(max-width: 300px) 100vw, 300px\" \/>emplazamiento escogido, para despu\u00e9s hacer la parada pertinente en la<strong> bas\u00edlica de la Virgen de las Angustias<\/strong>. La explicaci\u00f3n la hicieron delante de la fachada y aprovecharon la estructura de la Feria del Libro para agruparse y hablar sobre ella. Continuamos hasta el teatro Isabel La Cat\u00f3lica, con las fotos pertinentes en la Fuente de las Batallas, los datos de inter\u00e9s y desde ah\u00ed a la Plaza del Carmen para sentarse, merendar y esperar a nuestras gu\u00edas. Mientras esper\u00e1bamos nuestro momento, el se\u00f1or alcalde se acerc\u00f3 a saludar a los chicos y chicas, interes\u00e1ndose por qu\u00e9 cosas conoc\u00edan de las funciones que se desarrollan en el Ayuntamiento. Ellos interactuaron con fluidez y naturalidad por lo que quedamos emplazados a preguntar por \u00e9l cuando estuvi\u00e9semos dentro. Y eso hicimos. Tras aprender cosas muy interesantes y curiosas sobre la fachada, el patio de entrada y algunos de los cuadros pasamos al sal\u00f3n donde se realizan las ruedas de prensa, al sal\u00f3n de plenos y terminar en el despacho del Alcalde. Sentados en el sal\u00f3n de plenos y unos minutos antes de comenzar la sesi\u00f3n de trabajo de la corporaci\u00f3n municipal, <strong>D. Francisco Cuenca<\/strong> se incorpor\u00f3 a nuestro \u201cdebate\u201d sobre aquellas elementos a mejorar en la ciudad. Los problemas con los excrementos de los perros, el tabaco y los colegios que\u00a0 tienen pocos ni\u00f1os fueron los temas tratados. Dio respuesta a sus inquietudes y con una foto conjunta terminamos este momento tan agradable de formaci\u00f3n e informaci\u00f3n. Concluimos nuestra ruta de conocimiento en la estatua de <strong>Isabel la Cat\u00f3lica y Crist\u00f3bal Col\u00f3n<\/strong>. Pero comenz\u00f3 a chispear con algo de intensidad y volvimos al colegio a paso ligero. Una magn\u00edfica ma\u00f1ana que concluy\u00f3 con unas actividades l\u00fadicas junto al Palacio de Congresos para la promoci\u00f3n de Andaluc\u00eda como lugar tur\u00edstico en las que disfrutamos antes de llegar al colegio justo para volver a casa. [\/et_pb_text][et_pb_text admin_label=\u00bbT\u00edtulo: Galer\u00eda de fotos (Texto)\u00bb disabled_on=\u00bboff|off|off\u00bb _builder_version=\u00bb3.0.105&#8243; text_font=\u00bb|on|||\u00bb text_text_color=\u00bb#dc001b\u00bb border_style=\u00bbsolid\u00bb]<\/p>\n<p>Galer\u00eda de im\u00e1genes<\/p>\n<p>[\/et_pb_text][et_pb_gallery gallery_ids=\u00bb8547,8548,8549,8550&#8243; posts_number=\u00bb4&#8243; show_title_and_caption=\u00bboff\u00bb hover_icon=\u00bb%%51%%\u00bb disabled_on=\u00bboff|off|off\u00bb _builder_version=\u00bb3.0.105&#8243; pagination_font_size_tablet=\u00bb51&#8243; pagination_line_height_tablet=\u00bb2&#8243; border_style=\u00bbsolid\u00bb \/][et_pb_video disabled_on=\u00bbon|on|on\u00bb _builder_version=\u00bb3.0.51&#8243; disabled=\u00bbon\u00bb \/][et_pb_button button_url=\u00bbhttp:\/\/granada.salesianos.edu\/colegio\u00bb button_text=\u00bbvolver a COLEGIO\u00bb _builder_version=\u00bb3.0.105&#8243; \/][\/et_pb_column][\/et_pb_row][\/et_pb_section]<\/p>\n","protected":false},"excerpt":{"rendered":"<p>La ma\u00f1ana del 25 de Abril, en una visita concertada al Ayuntamiento de Granada, el Alcalde D. Francisco Cuenca, los recibi\u00f3 en el sal\u00f3n de plenos y convers\u00f3 con ellos sobre los problemas que habr\u00eda que solucionar en nuestra ciudad.<\/p>\n","protected":false},"author":2,"featured_media":0,"comment_status":"open","ping_status":"open","sticky":false,"template":"","format":"standard","meta":{"_et_pb_use_builder":"on","_et_pb_old_content":"","_et_gb_content_width":"","footnotes":""},"categories":[11,22,1],"tags":[],"class_list":["post-8546","post","type-post","status-publish","format-standard","hentry","category-colegio","category-primaria","category-uncategorized"],"yoast_head":"<!-- This site is optimized with the Yoast SEO plugin v28.4 - https:\/\/yoast.com\/product\/yoast-seo-wordpress\/ -->\n<title>EL ALCALDE DE GRANADA RECIBE A LOS ALUMNOS DE 3\u00ba A - Colegio Salesiano<\/title>\n<meta name=\"robots\" content=\"index, follow, max-snippet:-1, max-image-preview:large, max-video-preview:-1\" \/>\n<link rel=\"canonical\" href=\"https:\/\/granada.salesianos.edu\/colegio\/blog\/el-alcalde-de-granada-recibe-a-los-alumnos-de-3o-a\/\" \/>\n<meta property=\"og:locale\" content=\"es_ES\" \/>\n<meta property=\"og:type\" content=\"article\" \/>\n<meta property=\"og:title\" content=\"EL ALCALDE DE GRANADA RECIBE A LOS ALUMNOS DE 3\u00ba A - Colegio Salesiano\" \/>\n<meta property=\"og:description\" content=\"La ma\u00f1ana del 25 de Abril, en una visita concertada al Ayuntamiento de Granada, el Alcalde D. Francisco Cuenca, los recibi\u00f3 en el sal\u00f3n de plenos y convers\u00f3 con ellos sobre los problemas que habr\u00eda que solucionar en nuestra ciudad.\" \/>\n<meta property=\"og:url\" content=\"https:\/\/granada.salesianos.edu\/colegio\/blog\/el-alcalde-de-granada-recibe-a-los-alumnos-de-3o-a\/\" \/>\n<meta property=\"og:site_name\" content=\"Colegio Salesiano\" \/>\n<meta property=\"article:publisher\" content=\"https:\/\/www.facebook.com\/SalesianosGR\/\" \/>\n<meta property=\"article:published_time\" content=\"2018-04-26T07:09:52+00:00\" \/>\n<meta property=\"article:modified_time\" content=\"2022-12-01T21:53:29+00:00\" \/>\n<meta property=\"og:image\" content=\"https:\/\/granada.salesianos.edu\/colegio\/wp-content\/uploads\/sites\/2\/2018\/04\/WhatsApp-Image-2018-04-25-at-20.00.43-1-2-300x225.jpeg\" \/>\n<meta name=\"author\" content=\"Gestor Web\" \/>\n<meta name=\"twitter:card\" content=\"summary_large_image\" \/>\n<meta name=\"twitter:creator\" content=\"@GranadaSDB\" \/>\n<meta name=\"twitter:site\" content=\"@GranadaSDB\" \/>\n<meta name=\"twitter:label1\" content=\"Escrito por\" \/>\n\t<meta name=\"twitter:data1\" content=\"Gestor Web\" \/>\n\t<meta name=\"twitter:label2\" content=\"Tiempo de lectura\" \/>\n\t<meta name=\"twitter:data2\" content=\"3 minutos\" \/>\n<script type=\"application\/ld+json\" class=\"yoast-schema-graph\">{\"@context\":\"https:\\\/\\\/schema.org\",\"@graph\":[{\"@type\":\"Article\",\"@id\":\"https:\\\/\\\/granada.salesianos.edu\\\/colegio\\\/blog\\\/el-alcalde-de-granada-recibe-a-los-alumnos-de-3o-a\\\/#article\",\"isPartOf\":{\"@id\":\"https:\\\/\\\/granada.salesianos.edu\\\/colegio\\\/blog\\\/el-alcalde-de-granada-recibe-a-los-alumnos-de-3o-a\\\/\"},\"author\":{\"name\":\"Gestor Web\",\"@id\":\"https:\\\/\\\/granada.salesianos.edu\\\/colegio\\\/#\\\/schema\\\/person\\\/6392ff2e4bd1e66981d6eab734bbd962\"},\"headline\":\"EL ALCALDE DE GRANADA RECIBE A LOS ALUMNOS DE 3\u00ba A\",\"datePublished\":\"2018-04-26T07:09:52+00:00\",\"dateModified\":\"2022-12-01T21:53:29+00:00\",\"mainEntityOfPage\":{\"@id\":\"https:\\\/\\\/granada.salesianos.edu\\\/colegio\\\/blog\\\/el-alcalde-de-granada-recibe-a-los-alumnos-de-3o-a\\\/\"},\"wordCount\":684,\"commentCount\":0,\"publisher\":{\"@id\":\"https:\\\/\\\/granada.salesianos.edu\\\/colegio\\\/#organization\"},\"image\":{\"@id\":\"https:\\\/\\\/granada.salesianos.edu\\\/colegio\\\/blog\\\/el-alcalde-de-granada-recibe-a-los-alumnos-de-3o-a\\\/#primaryimage\"},\"thumbnailUrl\":\"https:\\\/\\\/granada.salesianos.edu\\\/colegio\\\/wp-content\\\/uploads\\\/sites\\\/2\\\/2018\\\/04\\\/WhatsApp-Image-2018-04-25-at-20.00.43-1-2-300x225.jpeg\",\"articleSection\":[\"Colegio\",\"Primaria\",\"Uncategorized\"],\"inLanguage\":\"es\",\"potentialAction\":[{\"@type\":\"CommentAction\",\"name\":\"Comment\",\"target\":[\"https:\\\/\\\/granada.salesianos.edu\\\/colegio\\\/blog\\\/el-alcalde-de-granada-recibe-a-los-alumnos-de-3o-a\\\/#respond\"]}]},{\"@type\":\"WebPage\",\"@id\":\"https:\\\/\\\/granada.salesianos.edu\\\/colegio\\\/blog\\\/el-alcalde-de-granada-recibe-a-los-alumnos-de-3o-a\\\/\",\"url\":\"https:\\\/\\\/granada.salesianos.edu\\\/colegio\\\/blog\\\/el-alcalde-de-granada-recibe-a-los-alumnos-de-3o-a\\\/\",\"name\":\"EL ALCALDE DE GRANADA RECIBE A LOS ALUMNOS DE 3\u00ba A - Colegio Salesiano\",\"isPartOf\":{\"@id\":\"https:\\\/\\\/granada.salesianos.edu\\\/colegio\\\/#website\"},\"primaryImageOfPage\":{\"@id\":\"https:\\\/\\\/granada.salesianos.edu\\\/colegio\\\/blog\\\/el-alcalde-de-granada-recibe-a-los-alumnos-de-3o-a\\\/#primaryimage\"},\"image\":{\"@id\":\"https:\\\/\\\/granada.salesianos.edu\\\/colegio\\\/blog\\\/el-alcalde-de-granada-recibe-a-los-alumnos-de-3o-a\\\/#primaryimage\"},\"thumbnailUrl\":\"https:\\\/\\\/granada.salesianos.edu\\\/colegio\\\/wp-content\\\/uploads\\\/sites\\\/2\\\/2018\\\/04\\\/WhatsApp-Image-2018-04-25-at-20.00.43-1-2-300x225.jpeg\",\"datePublished\":\"2018-04-26T07:09:52+00:00\",\"dateModified\":\"2022-12-01T21:53:29+00:00\",\"breadcrumb\":{\"@id\":\"https:\\\/\\\/granada.salesianos.edu\\\/colegio\\\/blog\\\/el-alcalde-de-granada-recibe-a-los-alumnos-de-3o-a\\\/#breadcrumb\"},\"inLanguage\":\"es\",\"potentialAction\":[{\"@type\":\"ReadAction\",\"target\":[\"https:\\\/\\\/granada.salesianos.edu\\\/colegio\\\/blog\\\/el-alcalde-de-granada-recibe-a-los-alumnos-de-3o-a\\\/\"]}]},{\"@type\":\"ImageObject\",\"inLanguage\":\"es\",\"@id\":\"https:\\\/\\\/granada.salesianos.edu\\\/colegio\\\/blog\\\/el-alcalde-de-granada-recibe-a-los-alumnos-de-3o-a\\\/#primaryimage\",\"url\":\"https:\\\/\\\/granada.salesianos.edu\\\/colegio\\\/wp-content\\\/uploads\\\/sites\\\/2\\\/2018\\\/04\\\/WhatsApp-Image-2018-04-25-at-20.00.43-1-2.jpeg\",\"contentUrl\":\"https:\\\/\\\/granada.salesianos.edu\\\/colegio\\\/wp-content\\\/uploads\\\/sites\\\/2\\\/2018\\\/04\\\/WhatsApp-Image-2018-04-25-at-20.00.43-1-2.jpeg\",\"width\":1600,\"height\":1200},{\"@type\":\"BreadcrumbList\",\"@id\":\"https:\\\/\\\/granada.salesianos.edu\\\/colegio\\\/blog\\\/el-alcalde-de-granada-recibe-a-los-alumnos-de-3o-a\\\/#breadcrumb\",\"itemListElement\":[{\"@type\":\"ListItem\",\"position\":1,\"name\":\"Portada\",\"item\":\"https:\\\/\\\/granada.salesianos.edu\\\/colegio\\\/\"},{\"@type\":\"ListItem\",\"position\":2,\"name\":\"EL ALCALDE DE GRANADA RECIBE A LOS ALUMNOS DE 3\u00ba A\"}]},{\"@type\":\"WebSite\",\"@id\":\"https:\\\/\\\/granada.salesianos.edu\\\/colegio\\\/#website\",\"url\":\"https:\\\/\\\/granada.salesianos.edu\\\/colegio\\\/\",\"name\":\"Colegio Salesiano\",\"description\":\"P\u00e1gina oficial de Salesianos Granada San Juan Bosco\",\"publisher\":{\"@id\":\"https:\\\/\\\/granada.salesianos.edu\\\/colegio\\\/#organization\"},\"potentialAction\":[{\"@type\":\"SearchAction\",\"target\":{\"@type\":\"EntryPoint\",\"urlTemplate\":\"https:\\\/\\\/granada.salesianos.edu\\\/colegio\\\/?s={search_term_string}\"},\"query-input\":{\"@type\":\"PropertyValueSpecification\",\"valueRequired\":true,\"valueName\":\"search_term_string\"}}],\"inLanguage\":\"es\"},{\"@type\":\"Organization\",\"@id\":\"https:\\\/\\\/granada.salesianos.edu\\\/colegio\\\/#organization\",\"name\":\"Colegio Salesiano San Juan Bosco Granada\",\"url\":\"https:\\\/\\\/granada.salesianos.edu\\\/colegio\\\/\",\"logo\":{\"@type\":\"ImageObject\",\"inLanguage\":\"es\",\"@id\":\"https:\\\/\\\/granada.salesianos.edu\\\/colegio\\\/#\\\/schema\\\/logo\\\/image\\\/\",\"url\":\"https:\\\/\\\/granada.salesianos.edu\\\/colegio\\\/wp-content\\\/uploads\\\/sites\\\/2\\\/2021\\\/01\\\/GRANADAobraVN2.jpg\",\"contentUrl\":\"https:\\\/\\\/granada.salesianos.edu\\\/colegio\\\/wp-content\\\/uploads\\\/sites\\\/2\\\/2021\\\/01\\\/GRANADAobraVN2.jpg\",\"width\":2113,\"height\":1894,\"caption\":\"Colegio Salesiano San Juan Bosco Granada\"},\"image\":{\"@id\":\"https:\\\/\\\/granada.salesianos.edu\\\/colegio\\\/#\\\/schema\\\/logo\\\/image\\\/\"},\"sameAs\":[\"https:\\\/\\\/www.facebook.com\\\/SalesianosGR\\\/\",\"https:\\\/\\\/x.com\\\/GranadaSDB\",\"https:\\\/\\\/www.instagram.com\\\/salesianosgranada\\\/\",\"https:\\\/\\\/www.youtube.com\\\/channel\\\/UChkpZuhCf4Y5rYIcFT3CNxw?view_as=subscriber\"]},{\"@type\":\"Person\",\"@id\":\"https:\\\/\\\/granada.salesianos.edu\\\/colegio\\\/#\\\/schema\\\/person\\\/6392ff2e4bd1e66981d6eab734bbd962\",\"name\":\"Gestor Web\",\"image\":{\"@type\":\"ImageObject\",\"inLanguage\":\"es\",\"@id\":\"https:\\\/\\\/secure.gravatar.com\\\/avatar\\\/160666bb56a01520857079961a824af2b7821d6bad80677c80f2b473fceead1b?s=96&d=mm&r=g\",\"url\":\"https:\\\/\\\/secure.gravatar.com\\\/avatar\\\/160666bb56a01520857079961a824af2b7821d6bad80677c80f2b473fceead1b?s=96&d=mm&r=g\",\"contentUrl\":\"https:\\\/\\\/secure.gravatar.com\\\/avatar\\\/160666bb56a01520857079961a824af2b7821d6bad80677c80f2b473fceead1b?s=96&d=mm&r=g\",\"caption\":\"Gestor Web\"}}]}<\/script>\n<!-- \/ Yoast SEO plugin. -->","yoast_head_json":{"title":"EL ALCALDE DE GRANADA RECIBE A LOS ALUMNOS DE 3\u00ba A - Colegio Salesiano","robots":{"index":"index","follow":"follow","max-snippet":"max-snippet:-1","max-image-preview":"max-image-preview:large","max-video-preview":"max-video-preview:-1"},"canonical":"https:\/\/granada.salesianos.edu\/colegio\/blog\/el-alcalde-de-granada-recibe-a-los-alumnos-de-3o-a\/","og_locale":"es_ES","og_type":"article","og_title":"EL ALCALDE DE GRANADA RECIBE A LOS ALUMNOS DE 3\u00ba A - Colegio Salesiano","og_description":"La ma\u00f1ana del 25 de Abril, en una visita concertada al Ayuntamiento de Granada, el Alcalde D. Francisco Cuenca, los recibi\u00f3 en el sal\u00f3n de plenos y convers\u00f3 con ellos sobre los problemas que habr\u00eda que solucionar en nuestra ciudad.","og_url":"https:\/\/granada.salesianos.edu\/colegio\/blog\/el-alcalde-de-granada-recibe-a-los-alumnos-de-3o-a\/","og_site_name":"Colegio Salesiano","article_publisher":"https:\/\/www.facebook.com\/SalesianosGR\/","article_published_time":"2018-04-26T07:09:52+00:00","article_modified_time":"2022-12-01T21:53:29+00:00","og_image":[{"url":"https:\/\/granada.salesianos.edu\/colegio\/wp-content\/uploads\/sites\/2\/2018\/04\/WhatsApp-Image-2018-04-25-at-20.00.43-1-2-300x225.jpeg","type":"","width":"","height":""}],"author":"Gestor Web","twitter_card":"summary_large_image","twitter_creator":"@GranadaSDB","twitter_site":"@GranadaSDB","twitter_misc":{"Escrito por":"Gestor Web","Tiempo de lectura":"3 minutos"},"schema":{"@context":"https:\/\/schema.org","@graph":[{"@type":"Article","@id":"https:\/\/granada.salesianos.edu\/colegio\/blog\/el-alcalde-de-granada-recibe-a-los-alumnos-de-3o-a\/#article","isPartOf":{"@id":"https:\/\/granada.salesianos.edu\/colegio\/blog\/el-alcalde-de-granada-recibe-a-los-alumnos-de-3o-a\/"},"author":{"name":"Gestor Web","@id":"https:\/\/granada.salesianos.edu\/colegio\/#\/schema\/person\/6392ff2e4bd1e66981d6eab734bbd962"},"headline":"EL ALCALDE DE GRANADA RECIBE A LOS ALUMNOS DE 3\u00ba A","datePublished":"2018-04-26T07:09:52+00:00","dateModified":"2022-12-01T21:53:29+00:00","mainEntityOfPage":{"@id":"https:\/\/granada.salesianos.edu\/colegio\/blog\/el-alcalde-de-granada-recibe-a-los-alumnos-de-3o-a\/"},"wordCount":684,"commentCount":0,"publisher":{"@id":"https:\/\/granada.salesianos.edu\/colegio\/#organization"},"image":{"@id":"https:\/\/granada.salesianos.edu\/colegio\/blog\/el-alcalde-de-granada-recibe-a-los-alumnos-de-3o-a\/#primaryimage"},"thumbnailUrl":"https:\/\/granada.salesianos.edu\/colegio\/wp-content\/uploads\/sites\/2\/2018\/04\/WhatsApp-Image-2018-04-25-at-20.00.43-1-2-300x225.jpeg","articleSection":["Colegio","Primaria","Uncategorized"],"inLanguage":"es","potentialAction":[{"@type":"CommentAction","name":"Comment","target":["https:\/\/granada.salesianos.edu\/colegio\/blog\/el-alcalde-de-granada-recibe-a-los-alumnos-de-3o-a\/#respond"]}]},{"@type":"WebPage","@id":"https:\/\/granada.salesianos.edu\/colegio\/blog\/el-alcalde-de-granada-recibe-a-los-alumnos-de-3o-a\/","url":"https:\/\/granada.salesianos.edu\/colegio\/blog\/el-alcalde-de-granada-recibe-a-los-alumnos-de-3o-a\/","name":"EL ALCALDE DE GRANADA RECIBE A LOS ALUMNOS DE 3\u00ba A - Colegio Salesiano","isPartOf":{"@id":"https:\/\/granada.salesianos.edu\/colegio\/#website"},"primaryImageOfPage":{"@id":"https:\/\/granada.salesianos.edu\/colegio\/blog\/el-alcalde-de-granada-recibe-a-los-alumnos-de-3o-a\/#primaryimage"},"image":{"@id":"https:\/\/granada.salesianos.edu\/colegio\/blog\/el-alcalde-de-granada-recibe-a-los-alumnos-de-3o-a\/#primaryimage"},"thumbnailUrl":"https:\/\/granada.salesianos.edu\/colegio\/wp-content\/uploads\/sites\/2\/2018\/04\/WhatsApp-Image-2018-04-25-at-20.00.43-1-2-300x225.jpeg","datePublished":"2018-04-26T07:09:52+00:00","dateModified":"2022-12-01T21:53:29+00:00","breadcrumb":{"@id":"https:\/\/granada.salesianos.edu\/colegio\/blog\/el-alcalde-de-granada-recibe-a-los-alumnos-de-3o-a\/#breadcrumb"},"inLanguage":"es","potentialAction":[{"@type":"ReadAction","target":["https:\/\/granada.salesianos.edu\/colegio\/blog\/el-alcalde-de-granada-recibe-a-los-alumnos-de-3o-a\/"]}]},{"@type":"ImageObject","inLanguage":"es","@id":"https:\/\/granada.salesianos.edu\/colegio\/blog\/el-alcalde-de-granada-recibe-a-los-alumnos-de-3o-a\/#primaryimage","url":"https:\/\/granada.salesianos.edu\/colegio\/wp-content\/uploads\/sites\/2\/2018\/04\/WhatsApp-Image-2018-04-25-at-20.00.43-1-2.jpeg","contentUrl":"https:\/\/granada.salesianos.edu\/colegio\/wp-content\/uploads\/sites\/2\/2018\/04\/WhatsApp-Image-2018-04-25-at-20.00.43-1-2.jpeg","width":1600,"height":1200},{"@type":"BreadcrumbList","@id":"https:\/\/granada.salesianos.edu\/colegio\/blog\/el-alcalde-de-granada-recibe-a-los-alumnos-de-3o-a\/#breadcrumb","itemListElement":[{"@type":"ListItem","position":1,"name":"Portada","item":"https:\/\/granada.salesianos.edu\/colegio\/"},{"@type":"ListItem","position":2,"name":"EL ALCALDE DE GRANADA RECIBE A LOS ALUMNOS DE 3\u00ba A"}]},{"@type":"WebSite","@id":"https:\/\/granada.salesianos.edu\/colegio\/#website","url":"https:\/\/granada.salesianos.edu\/colegio\/","name":"Colegio Salesiano","description":"P\u00e1gina oficial de Salesianos Granada San Juan Bosco","publisher":{"@id":"https:\/\/granada.salesianos.edu\/colegio\/#organization"},"potentialAction":[{"@type":"SearchAction","target":{"@type":"EntryPoint","urlTemplate":"https:\/\/granada.salesianos.edu\/colegio\/?s={search_term_string}"},"query-input":{"@type":"PropertyValueSpecification","valueRequired":true,"valueName":"search_term_string"}}],"inLanguage":"es"},{"@type":"Organization","@id":"https:\/\/granada.salesianos.edu\/colegio\/#organization","name":"Colegio Salesiano San Juan Bosco Granada","url":"https:\/\/granada.salesianos.edu\/colegio\/","logo":{"@type":"ImageObject","inLanguage":"es","@id":"https:\/\/granada.salesianos.edu\/colegio\/#\/schema\/logo\/image\/","url":"https:\/\/granada.salesianos.edu\/colegio\/wp-content\/uploads\/sites\/2\/2021\/01\/GRANADAobraVN2.jpg","contentUrl":"https:\/\/granada.salesianos.edu\/colegio\/wp-content\/uploads\/sites\/2\/2021\/01\/GRANADAobraVN2.jpg","width":2113,"height":1894,"caption":"Colegio Salesiano San Juan Bosco Granada"},"image":{"@id":"https:\/\/granada.salesianos.edu\/colegio\/#\/schema\/logo\/image\/"},"sameAs":["https:\/\/www.facebook.com\/SalesianosGR\/","https:\/\/x.com\/GranadaSDB","https:\/\/www.instagram.com\/salesianosgranada\/","https:\/\/www.youtube.com\/channel\/UChkpZuhCf4Y5rYIcFT3CNxw?view_as=subscriber"]},{"@type":"Person","@id":"https:\/\/granada.salesianos.edu\/colegio\/#\/schema\/person\/6392ff2e4bd1e66981d6eab734bbd962","name":"Gestor Web","image":{"@type":"ImageObject","inLanguage":"es","@id":"https:\/\/secure.gravatar.com\/avatar\/160666bb56a01520857079961a824af2b7821d6bad80677c80f2b473fceead1b?s=96&d=mm&r=g","url":"https:\/\/secure.gravatar.com\/avatar\/160666bb56a01520857079961a824af2b7821d6bad80677c80f2b473fceead1b?s=96&d=mm&r=g","contentUrl":"https:\/\/secure.gravatar.com\/avatar\/160666bb56a01520857079961a824af2b7821d6bad80677c80f2b473fceead1b?s=96&d=mm&r=g","caption":"Gestor Web"}}]}},"_links":{"self":[{"href":"https:\/\/granada.salesianos.edu\/colegio\/wp-json\/wp\/v2\/posts\/8546","targetHints":{"allow":["GET"]}}],"collection":[{"href":"https:\/\/granada.salesianos.edu\/colegio\/wp-json\/wp\/v2\/posts"}],"about":[{"href":"https:\/\/granada.salesianos.edu\/colegio\/wp-json\/wp\/v2\/types\/post"}],"author":[{"embeddable":true,"href":"https:\/\/granada.salesianos.edu\/colegio\/wp-json\/wp\/v2\/users\/2"}],"replies":[{"embeddable":true,"href":"https:\/\/granada.salesianos.edu\/colegio\/wp-json\/wp\/v2\/comments?post=8546"}],"version-history":[{"count":7,"href":"https:\/\/granada.salesianos.edu\/colegio\/wp-json\/wp\/v2\/posts\/8546\/revisions"}],"predecessor-version":[{"id":8569,"href":"https:\/\/granada.salesianos.edu\/colegio\/wp-json\/wp\/v2\/posts\/8546\/revisions\/8569"}],"wp:attachment":[{"href":"https:\/\/granada.salesianos.edu\/colegio\/wp-json\/wp\/v2\/media?parent=8546"}],"wp:term":[{"taxonomy":"category","embeddable":true,"href":"https:\/\/granada.salesianos.edu\/colegio\/wp-json\/wp\/v2\/categories?post=8546"},{"taxonomy":"post_tag","embeddable":true,"href":"https:\/\/granada.salesianos.edu\/colegio\/wp-json\/wp\/v2\/tags?post=8546"}],"curies":[{"name":"wp","href":"https:\/\/api.w.org\/{rel}","templated":true}]}}