{"id":8561,"date":"2018-04-27T08:20:39","date_gmt":"2018-04-27T06:20:39","guid":{"rendered":"https:\/\/granada.salesianos.edu\/colegio\/?p=8561"},"modified":"2022-12-01T23:52:40","modified_gmt":"2022-12-01T21:52:40","slug":"magnifica-v-semana-de-las-ciencias-y-la-tecnologia","status":"publish","type":"post","link":"https:\/\/granada.salesianos.edu\/colegio\/blog\/magnifica-v-semana-de-las-ciencias-y-la-tecnologia\/","title":{"rendered":"MAGN\u00cdFICA V SEMANA DE LAS CIENCIAS Y LA TECNOLOG\u00cdA"},"content":{"rendered":"<div id=\"fb-root\"><\/div>\n<p>[et_pb_section bb_built=\u00bb1&#8243; admin_label=\u00bbsection\u00bb][et_pb_row admin_label=\u00bbrow\u00bb background_position=\u00bbtop_left\u00bb background_repeat=\u00bbrepeat\u00bb background_size=\u00bbinitial\u00bb][et_pb_column type=\u00bb4_4&#8243;][et_pb_text admin_label=\u00bbEntradilla (Texto)\u00bb _builder_version=\u00bb3.0.105&#8243; background_layout=\u00bblight\u00bb text_orientation=\u00bbjustified\u00bb text_font=\u00bb|on|||\u00bb border_style=\u00bbsolid\u00bb]<\/p>\n<p>Desde el d\u00eda 2 al 6 de abril, hemos celebrado en nuestro colegio la \u00abV Semana de las Ciencias y la Tecnolog\u00eda\u00bb donde nuestro alumnado ha podido aprender y disfrutar experimentando con la ciencia.<\/p>\n<p>[\/et_pb_text][et_pb_text admin_label=\u00bbAutor (Texto)\u00bb _builder_version=\u00bb3.0.105&#8243; background_layout=\u00bblight\u00bb text_font=\u00bb||on||\u00bb border_style=\u00bbsolid\u00bb]<\/p>\n<p>Por Pablo Fern\u00e1ndez Mar\u00edn, profesor de Ciencias<\/p>\n<p>[\/et_pb_text][et_pb_text admin_label=\u00bbDesarrollo (Texto)\u00bb _builder_version=\u00bb3.0.105&#8243; background_layout=\u00bblight\u00bb text_orientation=\u00bbjustified\u00bb]<\/p>\n<div dir=\"auto\"><\/div>\n<div dir=\"auto\"><img loading=\"lazy\" decoding=\"async\" class=\"alignleft wp-image-8564 size-medium\" src=\"https:\/\/granada.salesianos.edu\/colegio\/wp-content\/uploads\/sites\/2\/2018\/04\/IMG_2306-300x224.jpeg\" alt=\"\" width=\"300\" height=\"224\" srcset=\"https:\/\/granada.salesianos.edu\/colegio\/wp-content\/uploads\/sites\/2\/2018\/04\/IMG_2306-300x224.jpeg 300w, https:\/\/granada.salesianos.edu\/colegio\/wp-content\/uploads\/sites\/2\/2018\/04\/IMG_2306-768x574.jpeg 768w, https:\/\/granada.salesianos.edu\/colegio\/wp-content\/uploads\/sites\/2\/2018\/04\/IMG_2306-1024x765.jpeg 1024w, https:\/\/granada.salesianos.edu\/colegio\/wp-content\/uploads\/sites\/2\/2018\/04\/IMG_2306-510x382.jpeg 510w, https:\/\/granada.salesianos.edu\/colegio\/wp-content\/uploads\/sites\/2\/2018\/04\/IMG_2306-1080x807.jpeg 1080w\" sizes=\"(max-width: 300px) 100vw, 300px\" \/>Una semana motivadora cuyo broche final fue la tradicional exposici\u00f3n de proyectos cient\u00edfico-tecnol\u00f3gicos en el p\u00f3rtico del colegio, en la que desde los m\u00e1s peque\u00f1os hasta los m\u00e1s mayores nos hicieron disfrutar y comprender mucha ciencia con sus montajes y explicaciones.<\/div>\n<div dir=\"auto\"><\/div>\n<div dir=\"auto\">La V Semana de las Ciencias y la Tecnolog\u00eda se desarrolla para motivar y alentar a nuestro alumnado hacia el gusto por las disciplinas cient\u00edficas. Se pone de manifiesto que \u00abla ciencia es divertida\u00bb y lejos de ser algo lejano y reservado para unos pocos, se convierte en accesible y comprensible para la gran mayor\u00eda de nuestros alumnos que, \u00abhaciendo lo que explican\u00bb la entienden mucho mejor.<\/div>\n<div dir=\"auto\"><\/div>\n<div dir=\"auto\">Entre las actividades desarrolladas esta semana, contamos con el proyecto entre escuelas \u00abErat\u00f3stenes 2.0\u00bb, proyecto generado por nuestro centro y en el que se han implicado con nosotros colegios salesianos de Madrid y Santander, para poder calcular el tama\u00f1o del planeta Tierra de forma sencilla. Desde primaria hasta bachillerato, cada quien usando unas matematicas adaptadas a su nivel.<\/div>\n<div dir=\"auto\"><\/div>\n<div dir=\"auto\">Tambi\u00e9n se han llevado adelante pr\u00e1cticas de laboratorio en ESO y Bachillerato, en las que nuestro alumnado ha podido acercarse a la qu\u00edmica, realizar disecciones y extraer su propio ADN.<\/div>\n<div dir=\"auto\"><\/div>\n<div dir=\"auto\">Como viene siendo ya habitual desde hace algunos a\u00f1os, el \u00faltimo d\u00eda tuvimos una participativa exposici\u00f3n de proyectos cient\u00edficos donde nuestros alumnos son los que muestran lo que han realizado durante el curso y muchas otras experiencias que preparan para la ocasi\u00f3n. M\u00e1s de 70 stands llenos de ciencia, y de 200 alumnos participantes donde ellos son los principales protagonistas y en los que ponen en marcha un mont\u00f3n de destrezas a la hora de exponer y explicar los experimentos preparados.<\/div>\n<p>[\/et_pb_text][et_pb_text admin_label=\u00bbT\u00edtulo: Galer\u00eda de fotos (Texto)\u00bb _builder_version=\u00bb3.0.105&#8243; background_layout=\u00bblight\u00bb text_font=\u00bb|on|||\u00bb text_text_color=\u00bb#dc001b\u00bb border_style=\u00bbsolid\u00bb disabled=\u00bboff\u00bb disabled_on=\u00bboff|off|off\u00bb]<\/p>\n<p>Galer\u00eda de im\u00e1genes<\/p>\n<p>[\/et_pb_text][et_pb_gallery _builder_version=\u00bb3.0.105&#8243; show_title_and_caption=\u00bboff\u00bb show_pagination=\u00bbon\u00bb fullwidth=\u00bboff\u00bb orientation=\u00bblandscape\u00bb zoom_icon_color=\u00bb#dc001b\u00bb hover_overlay_color=\u00bbrgba(255,255,255,0.9)\u00bb hover_icon=\u00bb%%51%%\u00bb background_layout=\u00bblight\u00bb border_style=\u00bbsolid\u00bb disabled=\u00bboff\u00bb disabled_on=\u00bboff|off|off\u00bb pagination_font_size_tablet=\u00bb51&#8243; pagination_line_height_tablet=\u00bb2&#8243; gallery_ids=\u00bb8562,8563,8564,8565&#8243; \/][et_pb_video _builder_version=\u00bb3.0.105&#8243; disabled=\u00bboff\u00bb disabled_on=\u00bboff|off|off\u00bb src=\u00bbhttps:\/\/www.youtube.com\/watch?v=wW-aPzO7TRA&amp;feature=youtu.be\u00bb image_src=\u00bb\/\/i.ytimg.com\/vi\/wW-aPzO7TRA\/hqdefault.jpg\u00bb \/][et_pb_button _builder_version=\u00bb3.0.105&#8243; button_text=\u00bbvolver a COLEGIO\u00bb button_url=\u00bbgranada.salesianos.edu\/colegio\u00bb url_new_window=\u00bboff\u00bb background_layout=\u00bblight\u00bb custom_button=\u00bboff\u00bb button_icon_placement=\u00bbright\u00bb \/][\/et_pb_column][\/et_pb_row][\/et_pb_section]<\/p>\n","protected":false},"excerpt":{"rendered":"<p>Desde el d\u00eda 2 al 6 de abril, hemos celebrado en nuestro colegio la \u00abV Semana de las Ciencias y la Tecnolog\u00eda\u00bb donde nuestro alumnado ha podido aprender y disfrutar experimentando con la ciencia.<\/p>\n","protected":false},"author":2,"featured_media":0,"comment_status":"open","ping_status":"open","sticky":false,"template":"","format":"standard","meta":{"_et_pb_use_builder":"on","_et_pb_old_content":"","_et_gb_content_width":"","footnotes":""},"categories":[20,27,11,19,21,26,22],"tags":[],"class_list":["post-8561","post","type-post","status-publish","format-standard","hentry","category-bto","category-ciencias","category-colegio","category-eso","category-fp","category-infantil","category-primaria"],"yoast_head":"<!-- This site is optimized with the Yoast SEO plugin v28.4 - https:\/\/yoast.com\/product\/yoast-seo-wordpress\/ -->\n<title>MAGN\u00cdFICA V SEMANA DE LAS CIENCIAS Y LA TECNOLOG\u00cdA - Colegio Salesiano<\/title>\n<meta name=\"robots\" content=\"index, follow, max-snippet:-1, max-image-preview:large, max-video-preview:-1\" \/>\n<link rel=\"canonical\" href=\"https:\/\/granada.salesianos.edu\/colegio\/blog\/magnifica-v-semana-de-las-ciencias-y-la-tecnologia\/\" \/>\n<meta property=\"og:locale\" content=\"es_ES\" \/>\n<meta property=\"og:type\" content=\"article\" \/>\n<meta property=\"og:title\" content=\"MAGN\u00cdFICA V SEMANA DE LAS CIENCIAS Y LA TECNOLOG\u00cdA - Colegio Salesiano\" \/>\n<meta property=\"og:description\" content=\"Desde el d\u00eda 2 al 6 de abril, hemos celebrado en nuestro colegio la &quot;V Semana de las Ciencias y la Tecnolog\u00eda&quot; donde nuestro alumnado ha podido aprender y disfrutar experimentando con la ciencia.\" \/>\n<meta property=\"og:url\" content=\"https:\/\/granada.salesianos.edu\/colegio\/blog\/magnifica-v-semana-de-las-ciencias-y-la-tecnologia\/\" \/>\n<meta property=\"og:site_name\" content=\"Colegio Salesiano\" \/>\n<meta property=\"article:publisher\" content=\"https:\/\/www.facebook.com\/SalesianosGR\/\" \/>\n<meta property=\"article:published_time\" content=\"2018-04-27T06:20:39+00:00\" \/>\n<meta property=\"article:modified_time\" content=\"2022-12-01T21:52:40+00:00\" \/>\n<meta property=\"og:image\" content=\"https:\/\/granada.salesianos.edu\/colegio\/wp-content\/uploads\/sites\/2\/2018\/04\/IMG_2306-300x224.jpeg\" \/>\n<meta name=\"author\" content=\"Gestor Web\" \/>\n<meta name=\"twitter:card\" content=\"summary_large_image\" \/>\n<meta name=\"twitter:creator\" content=\"@GranadaSDB\" \/>\n<meta name=\"twitter:site\" content=\"@GranadaSDB\" \/>\n<meta name=\"twitter:label1\" content=\"Escrito por\" \/>\n\t<meta name=\"twitter:data1\" content=\"Gestor Web\" \/>\n\t<meta name=\"twitter:label2\" content=\"Tiempo de lectura\" \/>\n\t<meta name=\"twitter:data2\" content=\"3 minutos\" \/>\n<script type=\"application\/ld+json\" class=\"yoast-schema-graph\">{\"@context\":\"https:\\\/\\\/schema.org\",\"@graph\":[{\"@type\":\"Article\",\"@id\":\"https:\\\/\\\/granada.salesianos.edu\\\/colegio\\\/blog\\\/magnifica-v-semana-de-las-ciencias-y-la-tecnologia\\\/#article\",\"isPartOf\":{\"@id\":\"https:\\\/\\\/granada.salesianos.edu\\\/colegio\\\/blog\\\/magnifica-v-semana-de-las-ciencias-y-la-tecnologia\\\/\"},\"author\":{\"name\":\"Gestor Web\",\"@id\":\"https:\\\/\\\/granada.salesianos.edu\\\/colegio\\\/#\\\/schema\\\/person\\\/6392ff2e4bd1e66981d6eab734bbd962\"},\"headline\":\"MAGN\u00cdFICA V SEMANA DE LAS CIENCIAS Y LA TECNOLOG\u00cdA\",\"datePublished\":\"2018-04-27T06:20:39+00:00\",\"dateModified\":\"2022-12-01T21:52:40+00:00\",\"mainEntityOfPage\":{\"@id\":\"https:\\\/\\\/granada.salesianos.edu\\\/colegio\\\/blog\\\/magnifica-v-semana-de-las-ciencias-y-la-tecnologia\\\/\"},\"wordCount\":609,\"commentCount\":0,\"publisher\":{\"@id\":\"https:\\\/\\\/granada.salesianos.edu\\\/colegio\\\/#organization\"},\"image\":{\"@id\":\"https:\\\/\\\/granada.salesianos.edu\\\/colegio\\\/blog\\\/magnifica-v-semana-de-las-ciencias-y-la-tecnologia\\\/#primaryimage\"},\"thumbnailUrl\":\"https:\\\/\\\/granada.salesianos.edu\\\/colegio\\\/wp-content\\\/uploads\\\/sites\\\/2\\\/2018\\\/04\\\/IMG_2306-300x224.jpeg\",\"articleSection\":[\"BTO\",\"Ciencias\",\"Colegio\",\"ESO\",\"FP\",\"Infantil\",\"Primaria\"],\"inLanguage\":\"es\",\"potentialAction\":[{\"@type\":\"CommentAction\",\"name\":\"Comment\",\"target\":[\"https:\\\/\\\/granada.salesianos.edu\\\/colegio\\\/blog\\\/magnifica-v-semana-de-las-ciencias-y-la-tecnologia\\\/#respond\"]}]},{\"@type\":\"WebPage\",\"@id\":\"https:\\\/\\\/granada.salesianos.edu\\\/colegio\\\/blog\\\/magnifica-v-semana-de-las-ciencias-y-la-tecnologia\\\/\",\"url\":\"https:\\\/\\\/granada.salesianos.edu\\\/colegio\\\/blog\\\/magnifica-v-semana-de-las-ciencias-y-la-tecnologia\\\/\",\"name\":\"MAGN\u00cdFICA V SEMANA DE LAS CIENCIAS Y LA TECNOLOG\u00cdA - Colegio Salesiano\",\"isPartOf\":{\"@id\":\"https:\\\/\\\/granada.salesianos.edu\\\/colegio\\\/#website\"},\"primaryImageOfPage\":{\"@id\":\"https:\\\/\\\/granada.salesianos.edu\\\/colegio\\\/blog\\\/magnifica-v-semana-de-las-ciencias-y-la-tecnologia\\\/#primaryimage\"},\"image\":{\"@id\":\"https:\\\/\\\/granada.salesianos.edu\\\/colegio\\\/blog\\\/magnifica-v-semana-de-las-ciencias-y-la-tecnologia\\\/#primaryimage\"},\"thumbnailUrl\":\"https:\\\/\\\/granada.salesianos.edu\\\/colegio\\\/wp-content\\\/uploads\\\/sites\\\/2\\\/2018\\\/04\\\/IMG_2306-300x224.jpeg\",\"datePublished\":\"2018-04-27T06:20:39+00:00\",\"dateModified\":\"2022-12-01T21:52:40+00:00\",\"breadcrumb\":{\"@id\":\"https:\\\/\\\/granada.salesianos.edu\\\/colegio\\\/blog\\\/magnifica-v-semana-de-las-ciencias-y-la-tecnologia\\\/#breadcrumb\"},\"inLanguage\":\"es\",\"potentialAction\":[{\"@type\":\"ReadAction\",\"target\":[\"https:\\\/\\\/granada.salesianos.edu\\\/colegio\\\/blog\\\/magnifica-v-semana-de-las-ciencias-y-la-tecnologia\\\/\"]}]},{\"@type\":\"ImageObject\",\"inLanguage\":\"es\",\"@id\":\"https:\\\/\\\/granada.salesianos.edu\\\/colegio\\\/blog\\\/magnifica-v-semana-de-las-ciencias-y-la-tecnologia\\\/#primaryimage\",\"url\":\"https:\\\/\\\/granada.salesianos.edu\\\/colegio\\\/wp-content\\\/uploads\\\/sites\\\/2\\\/2018\\\/04\\\/IMG_2306.jpeg\",\"contentUrl\":\"https:\\\/\\\/granada.salesianos.edu\\\/colegio\\\/wp-content\\\/uploads\\\/sites\\\/2\\\/2018\\\/04\\\/IMG_2306.jpeg\",\"width\":2592,\"height\":1936},{\"@type\":\"BreadcrumbList\",\"@id\":\"https:\\\/\\\/granada.salesianos.edu\\\/colegio\\\/blog\\\/magnifica-v-semana-de-las-ciencias-y-la-tecnologia\\\/#breadcrumb\",\"itemListElement\":[{\"@type\":\"ListItem\",\"position\":1,\"name\":\"Portada\",\"item\":\"https:\\\/\\\/granada.salesianos.edu\\\/colegio\\\/\"},{\"@type\":\"ListItem\",\"position\":2,\"name\":\"MAGN\u00cdFICA V SEMANA DE LAS CIENCIAS Y LA TECNOLOG\u00cdA\"}]},{\"@type\":\"WebSite\",\"@id\":\"https:\\\/\\\/granada.salesianos.edu\\\/colegio\\\/#website\",\"url\":\"https:\\\/\\\/granada.salesianos.edu\\\/colegio\\\/\",\"name\":\"Colegio Salesiano\",\"description\":\"P\u00e1gina oficial de Salesianos Granada San Juan Bosco\",\"publisher\":{\"@id\":\"https:\\\/\\\/granada.salesianos.edu\\\/colegio\\\/#organization\"},\"potentialAction\":[{\"@type\":\"SearchAction\",\"target\":{\"@type\":\"EntryPoint\",\"urlTemplate\":\"https:\\\/\\\/granada.salesianos.edu\\\/colegio\\\/?s={search_term_string}\"},\"query-input\":{\"@type\":\"PropertyValueSpecification\",\"valueRequired\":true,\"valueName\":\"search_term_string\"}}],\"inLanguage\":\"es\"},{\"@type\":\"Organization\",\"@id\":\"https:\\\/\\\/granada.salesianos.edu\\\/colegio\\\/#organization\",\"name\":\"Colegio Salesiano San Juan Bosco Granada\",\"url\":\"https:\\\/\\\/granada.salesianos.edu\\\/colegio\\\/\",\"logo\":{\"@type\":\"ImageObject\",\"inLanguage\":\"es\",\"@id\":\"https:\\\/\\\/granada.salesianos.edu\\\/colegio\\\/#\\\/schema\\\/logo\\\/image\\\/\",\"url\":\"https:\\\/\\\/granada.salesianos.edu\\\/colegio\\\/wp-content\\\/uploads\\\/sites\\\/2\\\/2021\\\/01\\\/GRANADAobraVN2.jpg\",\"contentUrl\":\"https:\\\/\\\/granada.salesianos.edu\\\/colegio\\\/wp-content\\\/uploads\\\/sites\\\/2\\\/2021\\\/01\\\/GRANADAobraVN2.jpg\",\"width\":2113,\"height\":1894,\"caption\":\"Colegio Salesiano San Juan Bosco Granada\"},\"image\":{\"@id\":\"https:\\\/\\\/granada.salesianos.edu\\\/colegio\\\/#\\\/schema\\\/logo\\\/image\\\/\"},\"sameAs\":[\"https:\\\/\\\/www.facebook.com\\\/SalesianosGR\\\/\",\"https:\\\/\\\/x.com\\\/GranadaSDB\",\"https:\\\/\\\/www.instagram.com\\\/salesianosgranada\\\/\",\"https:\\\/\\\/www.youtube.com\\\/channel\\\/UChkpZuhCf4Y5rYIcFT3CNxw?view_as=subscriber\"]},{\"@type\":\"Person\",\"@id\":\"https:\\\/\\\/granada.salesianos.edu\\\/colegio\\\/#\\\/schema\\\/person\\\/6392ff2e4bd1e66981d6eab734bbd962\",\"name\":\"Gestor Web\",\"image\":{\"@type\":\"ImageObject\",\"inLanguage\":\"es\",\"@id\":\"https:\\\/\\\/secure.gravatar.com\\\/avatar\\\/160666bb56a01520857079961a824af2b7821d6bad80677c80f2b473fceead1b?s=96&d=mm&r=g\",\"url\":\"https:\\\/\\\/secure.gravatar.com\\\/avatar\\\/160666bb56a01520857079961a824af2b7821d6bad80677c80f2b473fceead1b?s=96&d=mm&r=g\",\"contentUrl\":\"https:\\\/\\\/secure.gravatar.com\\\/avatar\\\/160666bb56a01520857079961a824af2b7821d6bad80677c80f2b473fceead1b?s=96&d=mm&r=g\",\"caption\":\"Gestor Web\"}}]}<\/script>\n<!-- \/ Yoast SEO plugin. -->","yoast_head_json":{"title":"MAGN\u00cdFICA V SEMANA DE LAS CIENCIAS Y LA TECNOLOG\u00cdA - Colegio Salesiano","robots":{"index":"index","follow":"follow","max-snippet":"max-snippet:-1","max-image-preview":"max-image-preview:large","max-video-preview":"max-video-preview:-1"},"canonical":"https:\/\/granada.salesianos.edu\/colegio\/blog\/magnifica-v-semana-de-las-ciencias-y-la-tecnologia\/","og_locale":"es_ES","og_type":"article","og_title":"MAGN\u00cdFICA V SEMANA DE LAS CIENCIAS Y LA TECNOLOG\u00cdA - Colegio Salesiano","og_description":"Desde el d\u00eda 2 al 6 de abril, hemos celebrado en nuestro colegio la \"V Semana de las Ciencias y la Tecnolog\u00eda\" donde nuestro alumnado ha podido aprender y disfrutar experimentando con la ciencia.","og_url":"https:\/\/granada.salesianos.edu\/colegio\/blog\/magnifica-v-semana-de-las-ciencias-y-la-tecnologia\/","og_site_name":"Colegio Salesiano","article_publisher":"https:\/\/www.facebook.com\/SalesianosGR\/","article_published_time":"2018-04-27T06:20:39+00:00","article_modified_time":"2022-12-01T21:52:40+00:00","og_image":[{"url":"https:\/\/granada.salesianos.edu\/colegio\/wp-content\/uploads\/sites\/2\/2018\/04\/IMG_2306-300x224.jpeg","type":"","width":"","height":""}],"author":"Gestor Web","twitter_card":"summary_large_image","twitter_creator":"@GranadaSDB","twitter_site":"@GranadaSDB","twitter_misc":{"Escrito por":"Gestor Web","Tiempo de lectura":"3 minutos"},"schema":{"@context":"https:\/\/schema.org","@graph":[{"@type":"Article","@id":"https:\/\/granada.salesianos.edu\/colegio\/blog\/magnifica-v-semana-de-las-ciencias-y-la-tecnologia\/#article","isPartOf":{"@id":"https:\/\/granada.salesianos.edu\/colegio\/blog\/magnifica-v-semana-de-las-ciencias-y-la-tecnologia\/"},"author":{"name":"Gestor Web","@id":"https:\/\/granada.salesianos.edu\/colegio\/#\/schema\/person\/6392ff2e4bd1e66981d6eab734bbd962"},"headline":"MAGN\u00cdFICA V SEMANA DE LAS CIENCIAS Y LA TECNOLOG\u00cdA","datePublished":"2018-04-27T06:20:39+00:00","dateModified":"2022-12-01T21:52:40+00:00","mainEntityOfPage":{"@id":"https:\/\/granada.salesianos.edu\/colegio\/blog\/magnifica-v-semana-de-las-ciencias-y-la-tecnologia\/"},"wordCount":609,"commentCount":0,"publisher":{"@id":"https:\/\/granada.salesianos.edu\/colegio\/#organization"},"image":{"@id":"https:\/\/granada.salesianos.edu\/colegio\/blog\/magnifica-v-semana-de-las-ciencias-y-la-tecnologia\/#primaryimage"},"thumbnailUrl":"https:\/\/granada.salesianos.edu\/colegio\/wp-content\/uploads\/sites\/2\/2018\/04\/IMG_2306-300x224.jpeg","articleSection":["BTO","Ciencias","Colegio","ESO","FP","Infantil","Primaria"],"inLanguage":"es","potentialAction":[{"@type":"CommentAction","name":"Comment","target":["https:\/\/granada.salesianos.edu\/colegio\/blog\/magnifica-v-semana-de-las-ciencias-y-la-tecnologia\/#respond"]}]},{"@type":"WebPage","@id":"https:\/\/granada.salesianos.edu\/colegio\/blog\/magnifica-v-semana-de-las-ciencias-y-la-tecnologia\/","url":"https:\/\/granada.salesianos.edu\/colegio\/blog\/magnifica-v-semana-de-las-ciencias-y-la-tecnologia\/","name":"MAGN\u00cdFICA V SEMANA DE LAS CIENCIAS Y LA TECNOLOG\u00cdA - Colegio Salesiano","isPartOf":{"@id":"https:\/\/granada.salesianos.edu\/colegio\/#website"},"primaryImageOfPage":{"@id":"https:\/\/granada.salesianos.edu\/colegio\/blog\/magnifica-v-semana-de-las-ciencias-y-la-tecnologia\/#primaryimage"},"image":{"@id":"https:\/\/granada.salesianos.edu\/colegio\/blog\/magnifica-v-semana-de-las-ciencias-y-la-tecnologia\/#primaryimage"},"thumbnailUrl":"https:\/\/granada.salesianos.edu\/colegio\/wp-content\/uploads\/sites\/2\/2018\/04\/IMG_2306-300x224.jpeg","datePublished":"2018-04-27T06:20:39+00:00","dateModified":"2022-12-01T21:52:40+00:00","breadcrumb":{"@id":"https:\/\/granada.salesianos.edu\/colegio\/blog\/magnifica-v-semana-de-las-ciencias-y-la-tecnologia\/#breadcrumb"},"inLanguage":"es","potentialAction":[{"@type":"ReadAction","target":["https:\/\/granada.salesianos.edu\/colegio\/blog\/magnifica-v-semana-de-las-ciencias-y-la-tecnologia\/"]}]},{"@type":"ImageObject","inLanguage":"es","@id":"https:\/\/granada.salesianos.edu\/colegio\/blog\/magnifica-v-semana-de-las-ciencias-y-la-tecnologia\/#primaryimage","url":"https:\/\/granada.salesianos.edu\/colegio\/wp-content\/uploads\/sites\/2\/2018\/04\/IMG_2306.jpeg","contentUrl":"https:\/\/granada.salesianos.edu\/colegio\/wp-content\/uploads\/sites\/2\/2018\/04\/IMG_2306.jpeg","width":2592,"height":1936},{"@type":"BreadcrumbList","@id":"https:\/\/granada.salesianos.edu\/colegio\/blog\/magnifica-v-semana-de-las-ciencias-y-la-tecnologia\/#breadcrumb","itemListElement":[{"@type":"ListItem","position":1,"name":"Portada","item":"https:\/\/granada.salesianos.edu\/colegio\/"},{"@type":"ListItem","position":2,"name":"MAGN\u00cdFICA V SEMANA DE LAS CIENCIAS Y LA TECNOLOG\u00cdA"}]},{"@type":"WebSite","@id":"https:\/\/granada.salesianos.edu\/colegio\/#website","url":"https:\/\/granada.salesianos.edu\/colegio\/","name":"Colegio Salesiano","description":"P\u00e1gina oficial de Salesianos Granada San Juan Bosco","publisher":{"@id":"https:\/\/granada.salesianos.edu\/colegio\/#organization"},"potentialAction":[{"@type":"SearchAction","target":{"@type":"EntryPoint","urlTemplate":"https:\/\/granada.salesianos.edu\/colegio\/?s={search_term_string}"},"query-input":{"@type":"PropertyValueSpecification","valueRequired":true,"valueName":"search_term_string"}}],"inLanguage":"es"},{"@type":"Organization","@id":"https:\/\/granada.salesianos.edu\/colegio\/#organization","name":"Colegio Salesiano San Juan Bosco Granada","url":"https:\/\/granada.salesianos.edu\/colegio\/","logo":{"@type":"ImageObject","inLanguage":"es","@id":"https:\/\/granada.salesianos.edu\/colegio\/#\/schema\/logo\/image\/","url":"https:\/\/granada.salesianos.edu\/colegio\/wp-content\/uploads\/sites\/2\/2021\/01\/GRANADAobraVN2.jpg","contentUrl":"https:\/\/granada.salesianos.edu\/colegio\/wp-content\/uploads\/sites\/2\/2021\/01\/GRANADAobraVN2.jpg","width":2113,"height":1894,"caption":"Colegio Salesiano San Juan Bosco Granada"},"image":{"@id":"https:\/\/granada.salesianos.edu\/colegio\/#\/schema\/logo\/image\/"},"sameAs":["https:\/\/www.facebook.com\/SalesianosGR\/","https:\/\/x.com\/GranadaSDB","https:\/\/www.instagram.com\/salesianosgranada\/","https:\/\/www.youtube.com\/channel\/UChkpZuhCf4Y5rYIcFT3CNxw?view_as=subscriber"]},{"@type":"Person","@id":"https:\/\/granada.salesianos.edu\/colegio\/#\/schema\/person\/6392ff2e4bd1e66981d6eab734bbd962","name":"Gestor Web","image":{"@type":"ImageObject","inLanguage":"es","@id":"https:\/\/secure.gravatar.com\/avatar\/160666bb56a01520857079961a824af2b7821d6bad80677c80f2b473fceead1b?s=96&d=mm&r=g","url":"https:\/\/secure.gravatar.com\/avatar\/160666bb56a01520857079961a824af2b7821d6bad80677c80f2b473fceead1b?s=96&d=mm&r=g","contentUrl":"https:\/\/secure.gravatar.com\/avatar\/160666bb56a01520857079961a824af2b7821d6bad80677c80f2b473fceead1b?s=96&d=mm&r=g","caption":"Gestor Web"}}]}},"_links":{"self":[{"href":"https:\/\/granada.salesianos.edu\/colegio\/wp-json\/wp\/v2\/posts\/8561","targetHints":{"allow":["GET"]}}],"collection":[{"href":"https:\/\/granada.salesianos.edu\/colegio\/wp-json\/wp\/v2\/posts"}],"about":[{"href":"https:\/\/granada.salesianos.edu\/colegio\/wp-json\/wp\/v2\/types\/post"}],"author":[{"embeddable":true,"href":"https:\/\/granada.salesianos.edu\/colegio\/wp-json\/wp\/v2\/users\/2"}],"replies":[{"embeddable":true,"href":"https:\/\/granada.salesianos.edu\/colegio\/wp-json\/wp\/v2\/comments?post=8561"}],"version-history":[{"count":3,"href":"https:\/\/granada.salesianos.edu\/colegio\/wp-json\/wp\/v2\/posts\/8561\/revisions"}],"predecessor-version":[{"id":8568,"href":"https:\/\/granada.salesianos.edu\/colegio\/wp-json\/wp\/v2\/posts\/8561\/revisions\/8568"}],"wp:attachment":[{"href":"https:\/\/granada.salesianos.edu\/colegio\/wp-json\/wp\/v2\/media?parent=8561"}],"wp:term":[{"taxonomy":"category","embeddable":true,"href":"https:\/\/granada.salesianos.edu\/colegio\/wp-json\/wp\/v2\/categories?post=8561"},{"taxonomy":"post_tag","embeddable":true,"href":"https:\/\/granada.salesianos.edu\/colegio\/wp-json\/wp\/v2\/tags?post=8561"}],"curies":[{"name":"wp","href":"https:\/\/api.w.org\/{rel}","templated":true}]}}