{"id":8575,"date":"2018-04-27T09:01:08","date_gmt":"2018-04-27T07:01:08","guid":{"rendered":"https:\/\/granada.salesianos.edu\/colegio\/?p=8575"},"modified":"2022-12-01T23:51:44","modified_gmt":"2022-12-01T21:51:44","slug":"los-alumnos-del-colegio-triunfan-en-el-escenario","status":"publish","type":"post","link":"https:\/\/granada.salesianos.edu\/colegio\/blog\/los-alumnos-del-colegio-triunfan-en-el-escenario\/","title":{"rendered":"LOS ALUMNOS DEL COLEGIO TRIUNFAN EN EL ESCENARIO"},"content":{"rendered":"<div id=\"fb-root\"><\/div>\n<p>[et_pb_section bb_built=\u00bb1&#8243; admin_label=\u00bbsection\u00bb][et_pb_row admin_label=\u00bbrow\u00bb background_position=\u00bbtop_left\u00bb background_repeat=\u00bbrepeat\u00bb background_size=\u00bbinitial\u00bb][et_pb_column type=\u00bb4_4&#8243;][et_pb_text admin_label=\u00bbEntradilla (Texto)\u00bb _builder_version=\u00bb3.0.105&#8243; background_layout=\u00bblight\u00bb text_orientation=\u00bbjustified\u00bb text_font=\u00bb|on|||\u00bb border_style=\u00bbsolid\u00bb]<\/p>\n<p><strong>Profesores y alumnos se aunaron en el re-estreno de una obra inspirada en el <em>C\u00e1ntico espiritual<\/em> de San Juan de la Cruz. Con un segundo acto con m\u00fasica en directo, una escenograf\u00eda minimalista y un vestuario que fusionaba la \u00e9poca actual y el Renacimiento, <em>Por vos muero<\/em> del carmelita Fernando Donaire ha sido un \u00e9xito.<\/strong><\/p>\n<p>[\/et_pb_text][et_pb_text admin_label=\u00bbAutor (Texto)\u00bb _builder_version=\u00bb3.0.105&#8243; background_layout=\u00bblight\u00bb text_font=\u00bb||on||\u00bb border_style=\u00bbsolid\u00bb]<\/p>\n<p>Por Miriam Carrascosa, Profesora de Lengua y Literatura<\/p>\n<p>[\/et_pb_text][et_pb_text admin_label=\u00bbDesarrollo (Texto)\u00bb _builder_version=\u00bb3.0.105&#8243; background_layout=\u00bblight\u00bb text_orientation=\u00bbjustified\u00bb]<\/p>\n<p><img loading=\"lazy\" decoding=\"async\" class=\"alignleft wp-image-8577 size-medium\" src=\"https:\/\/granada.salesianos.edu\/colegio\/wp-content\/uploads\/sites\/2\/2018\/04\/DSC_3133-300x200.png\" alt=\"\" width=\"300\" height=\"200\" srcset=\"https:\/\/granada.salesianos.edu\/colegio\/wp-content\/uploads\/sites\/2\/2018\/04\/DSC_3133-300x200.png 300w, https:\/\/granada.salesianos.edu\/colegio\/wp-content\/uploads\/sites\/2\/2018\/04\/DSC_3133-768x512.png 768w, https:\/\/granada.salesianos.edu\/colegio\/wp-content\/uploads\/sites\/2\/2018\/04\/DSC_3133-1024x683.png 1024w, https:\/\/granada.salesianos.edu\/colegio\/wp-content\/uploads\/sites\/2\/2018\/04\/DSC_3133-1080x720.png 1080w\" sizes=\"(max-width: 300px) 100vw, 300px\" \/>El pasado Viernes 20 de Abril se estren\u00f3 en el teatro de nuestro centro educativo la obra de teatro <em>\u00a0Por vos muero<\/em>, dentro del marco del ciclo sanjuanista que se ha llevado a cabo con motivo del d\u00eda del libro; este ciclo ha incluido tambi\u00e9n un concurso literario, carteler\u00eda homenaje al santo, una celebraci\u00f3n especial entorno a la figura del m\u00edstico el d\u00eda 24, un viaje al museo de San Juan de la Cruz de \u00dabeda, y un seguimiento diario de su persona en el blog de los Buenos D\u00edas.<\/p>\n<p>La obra, dirigida por la profesora Myriam Carrascosa y el antiguo alumno Fernando L\u00f3pez, ha recreado, en forma de comedia cortesana, uno de los textos m\u00e1s importantes de la poes\u00eda espa\u00f1ola, despoj\u00e1ndolo de su apariencia inalcanzable, y haci\u00e9ndolo sencillo para todos los p\u00fablicos.<\/p>\n<p>Lo m\u00e1s hermoso ha sido la implicaci\u00f3n en total <em>com\u00fan-uni\u00f3n <\/em>\u00a0de profesores (Juanfra Huertas, Pablo Fern\u00e1ndez, Maria Elena Peinado, Fernando L\u00f3pez como m\u00fasicos) y alumnos (actores, tramoyistas y t\u00e9cnicos) para resucitar esta obra estrenada hace m\u00e1s de veinte a\u00f1os, y para reavivar en nuestro cole la llama del teatro, tan propia de Don Bosco y de su carisma.<\/p>\n<p>La obra ha obtenido las mejores cr\u00edticas de las familias y la comunidad educativo-pastoral, y espera tener un largo recorrido en cert\u00e1menes juveniles y como muestra de teatro escolar para otros centros. Ya se est\u00e1n recibiendo propuestas.<\/p>\n<p>[\/et_pb_text][et_pb_text admin_label=\u00bbT\u00edtulo: Galer\u00eda de fotos (Texto)\u00bb _builder_version=\u00bb3.0.105&#8243; background_layout=\u00bblight\u00bb text_font=\u00bb|on|||\u00bb text_text_color=\u00bb#dc001b\u00bb border_style=\u00bbsolid\u00bb disabled=\u00bboff\u00bb disabled_on=\u00bboff|off|off\u00bb]<\/p>\n<p>Galer\u00eda de im\u00e1genes<\/p>\n<p>[\/et_pb_text][et_pb_gallery _builder_version=\u00bb3.0.105&#8243; posts_number=\u00bb14&#8243; show_title_and_caption=\u00bboff\u00bb show_pagination=\u00bbon\u00bb fullwidth=\u00bboff\u00bb orientation=\u00bblandscape\u00bb zoom_icon_color=\u00bb#dc001b\u00bb hover_overlay_color=\u00bbrgba(255,255,255,0.9)\u00bb hover_icon=\u00bb%%51%%\u00bb background_layout=\u00bblight\u00bb disabled=\u00bboff\u00bb disabled_on=\u00bboff|off|off\u00bb pagination_font_size_tablet=\u00bb51&#8243; pagination_line_height_tablet=\u00bb2&#8243; gallery_ids=\u00bb8577,8579,8580,8581,8582,8583,8584,8585,8586,8587,8588,8589,8590&#8243; \/][et_pb_video _builder_version=\u00bb3.0.51&#8243; disabled=\u00bbon\u00bb disabled_on=\u00bbon|on|on\u00bb \/][et_pb_button _builder_version=\u00bb3.0.105&#8243; button_text=\u00bbVER TODAS LAS FOTOS EN GALER\u00cdA\u00bb button_url=\u00bbhttps:\/\/granada.salesianos.edu\/galeria\/?et_fb=1&#8243; url_new_window=\u00bboff\u00bb background_layout=\u00bblight\u00bb custom_button=\u00bboff\u00bb button_icon_placement=\u00bbright\u00bb \/][\/et_pb_column][\/et_pb_row][\/et_pb_section]<\/p>\n","protected":false},"excerpt":{"rendered":"<p>Profesores y alumnos se aunaron en el re-estreno de una obra inspirada en el C\u00e1ntico espiritual de San Juan de la Cruz. Con un segundo acto con m\u00fasica en directo, una escenograf\u00eda minimalista y un vestuario que fusionaba la \u00e9poca actual y el Renacimiento, Por vos muero del carmelita Fernando Donaire ha sido un \u00e9xito.<\/p>\n","protected":false},"author":2,"featured_media":0,"comment_status":"open","ping_status":"open","sticky":false,"template":"","format":"standard","meta":{"_et_pb_use_builder":"on","_et_pb_old_content":"","_et_gb_content_width":"","footnotes":""},"categories":[11,19,1],"tags":[],"class_list":["post-8575","post","type-post","status-publish","format-standard","hentry","category-colegio","category-eso","category-uncategorized"],"yoast_head":"<!-- This site is optimized with the Yoast SEO plugin v28.4 - https:\/\/yoast.com\/product\/yoast-seo-wordpress\/ -->\n<title>LOS ALUMNOS DEL COLEGIO TRIUNFAN EN EL ESCENARIO - Colegio Salesiano<\/title>\n<meta name=\"robots\" content=\"index, follow, max-snippet:-1, max-image-preview:large, max-video-preview:-1\" \/>\n<link rel=\"canonical\" href=\"https:\/\/granada.salesianos.edu\/colegio\/blog\/los-alumnos-del-colegio-triunfan-en-el-escenario\/\" \/>\n<meta property=\"og:locale\" content=\"es_ES\" \/>\n<meta property=\"og:type\" content=\"article\" \/>\n<meta property=\"og:title\" content=\"LOS ALUMNOS DEL COLEGIO TRIUNFAN EN EL ESCENARIO - Colegio Salesiano\" \/>\n<meta property=\"og:description\" content=\"Profesores y alumnos se aunaron en el re-estreno de una obra inspirada en el C\u00e1ntico espiritual de San Juan de la Cruz. Con un segundo acto con m\u00fasica en directo, una escenograf\u00eda minimalista y un vestuario que fusionaba la \u00e9poca actual y el Renacimiento, Por vos muero del carmelita Fernando Donaire ha sido un \u00e9xito.\" \/>\n<meta property=\"og:url\" content=\"https:\/\/granada.salesianos.edu\/colegio\/blog\/los-alumnos-del-colegio-triunfan-en-el-escenario\/\" \/>\n<meta property=\"og:site_name\" content=\"Colegio Salesiano\" \/>\n<meta property=\"article:publisher\" content=\"https:\/\/www.facebook.com\/SalesianosGR\/\" \/>\n<meta property=\"article:published_time\" content=\"2018-04-27T07:01:08+00:00\" \/>\n<meta property=\"article:modified_time\" content=\"2022-12-01T21:51:44+00:00\" \/>\n<meta property=\"og:image\" content=\"https:\/\/granada.salesianos.edu\/colegio\/wp-content\/uploads\/sites\/2\/2018\/04\/DSC_3133-300x200.png\" \/>\n<meta name=\"author\" content=\"Gestor Web\" \/>\n<meta name=\"twitter:card\" content=\"summary_large_image\" \/>\n<meta name=\"twitter:creator\" content=\"@GranadaSDB\" \/>\n<meta name=\"twitter:site\" content=\"@GranadaSDB\" \/>\n<meta name=\"twitter:label1\" content=\"Escrito por\" \/>\n\t<meta name=\"twitter:data1\" content=\"Gestor Web\" \/>\n\t<meta name=\"twitter:label2\" content=\"Tiempo de lectura\" \/>\n\t<meta name=\"twitter:data2\" content=\"3 minutos\" \/>\n<script type=\"application\/ld+json\" class=\"yoast-schema-graph\">{\"@context\":\"https:\\\/\\\/schema.org\",\"@graph\":[{\"@type\":\"Article\",\"@id\":\"https:\\\/\\\/granada.salesianos.edu\\\/colegio\\\/blog\\\/los-alumnos-del-colegio-triunfan-en-el-escenario\\\/#article\",\"isPartOf\":{\"@id\":\"https:\\\/\\\/granada.salesianos.edu\\\/colegio\\\/blog\\\/los-alumnos-del-colegio-triunfan-en-el-escenario\\\/\"},\"author\":{\"name\":\"Gestor Web\",\"@id\":\"https:\\\/\\\/granada.salesianos.edu\\\/colegio\\\/#\\\/schema\\\/person\\\/6392ff2e4bd1e66981d6eab734bbd962\"},\"headline\":\"LOS ALUMNOS DEL COLEGIO TRIUNFAN EN EL ESCENARIO\",\"datePublished\":\"2018-04-27T07:01:08+00:00\",\"dateModified\":\"2022-12-01T21:51:44+00:00\",\"mainEntityOfPage\":{\"@id\":\"https:\\\/\\\/granada.salesianos.edu\\\/colegio\\\/blog\\\/los-alumnos-del-colegio-triunfan-en-el-escenario\\\/\"},\"wordCount\":569,\"commentCount\":0,\"publisher\":{\"@id\":\"https:\\\/\\\/granada.salesianos.edu\\\/colegio\\\/#organization\"},\"image\":{\"@id\":\"https:\\\/\\\/granada.salesianos.edu\\\/colegio\\\/blog\\\/los-alumnos-del-colegio-triunfan-en-el-escenario\\\/#primaryimage\"},\"thumbnailUrl\":\"https:\\\/\\\/granada.salesianos.edu\\\/colegio\\\/wp-content\\\/uploads\\\/sites\\\/2\\\/2018\\\/04\\\/DSC_3133-300x200.png\",\"articleSection\":[\"Colegio\",\"ESO\",\"Uncategorized\"],\"inLanguage\":\"es\",\"potentialAction\":[{\"@type\":\"CommentAction\",\"name\":\"Comment\",\"target\":[\"https:\\\/\\\/granada.salesianos.edu\\\/colegio\\\/blog\\\/los-alumnos-del-colegio-triunfan-en-el-escenario\\\/#respond\"]}]},{\"@type\":\"WebPage\",\"@id\":\"https:\\\/\\\/granada.salesianos.edu\\\/colegio\\\/blog\\\/los-alumnos-del-colegio-triunfan-en-el-escenario\\\/\",\"url\":\"https:\\\/\\\/granada.salesianos.edu\\\/colegio\\\/blog\\\/los-alumnos-del-colegio-triunfan-en-el-escenario\\\/\",\"name\":\"LOS ALUMNOS DEL COLEGIO TRIUNFAN EN EL ESCENARIO - Colegio Salesiano\",\"isPartOf\":{\"@id\":\"https:\\\/\\\/granada.salesianos.edu\\\/colegio\\\/#website\"},\"primaryImageOfPage\":{\"@id\":\"https:\\\/\\\/granada.salesianos.edu\\\/colegio\\\/blog\\\/los-alumnos-del-colegio-triunfan-en-el-escenario\\\/#primaryimage\"},\"image\":{\"@id\":\"https:\\\/\\\/granada.salesianos.edu\\\/colegio\\\/blog\\\/los-alumnos-del-colegio-triunfan-en-el-escenario\\\/#primaryimage\"},\"thumbnailUrl\":\"https:\\\/\\\/granada.salesianos.edu\\\/colegio\\\/wp-content\\\/uploads\\\/sites\\\/2\\\/2018\\\/04\\\/DSC_3133-300x200.png\",\"datePublished\":\"2018-04-27T07:01:08+00:00\",\"dateModified\":\"2022-12-01T21:51:44+00:00\",\"breadcrumb\":{\"@id\":\"https:\\\/\\\/granada.salesianos.edu\\\/colegio\\\/blog\\\/los-alumnos-del-colegio-triunfan-en-el-escenario\\\/#breadcrumb\"},\"inLanguage\":\"es\",\"potentialAction\":[{\"@type\":\"ReadAction\",\"target\":[\"https:\\\/\\\/granada.salesianos.edu\\\/colegio\\\/blog\\\/los-alumnos-del-colegio-triunfan-en-el-escenario\\\/\"]}]},{\"@type\":\"ImageObject\",\"inLanguage\":\"es\",\"@id\":\"https:\\\/\\\/granada.salesianos.edu\\\/colegio\\\/blog\\\/los-alumnos-del-colegio-triunfan-en-el-escenario\\\/#primaryimage\",\"url\":\"https:\\\/\\\/granada.salesianos.edu\\\/colegio\\\/wp-content\\\/uploads\\\/sites\\\/2\\\/2018\\\/04\\\/DSC_3133.png\",\"contentUrl\":\"https:\\\/\\\/granada.salesianos.edu\\\/colegio\\\/wp-content\\\/uploads\\\/sites\\\/2\\\/2018\\\/04\\\/DSC_3133.png\",\"width\":6000,\"height\":4000},{\"@type\":\"BreadcrumbList\",\"@id\":\"https:\\\/\\\/granada.salesianos.edu\\\/colegio\\\/blog\\\/los-alumnos-del-colegio-triunfan-en-el-escenario\\\/#breadcrumb\",\"itemListElement\":[{\"@type\":\"ListItem\",\"position\":1,\"name\":\"Portada\",\"item\":\"https:\\\/\\\/granada.salesianos.edu\\\/colegio\\\/\"},{\"@type\":\"ListItem\",\"position\":2,\"name\":\"LOS ALUMNOS DEL COLEGIO TRIUNFAN EN EL ESCENARIO\"}]},{\"@type\":\"WebSite\",\"@id\":\"https:\\\/\\\/granada.salesianos.edu\\\/colegio\\\/#website\",\"url\":\"https:\\\/\\\/granada.salesianos.edu\\\/colegio\\\/\",\"name\":\"Colegio Salesiano\",\"description\":\"P\u00e1gina oficial de Salesianos Granada San Juan Bosco\",\"publisher\":{\"@id\":\"https:\\\/\\\/granada.salesianos.edu\\\/colegio\\\/#organization\"},\"potentialAction\":[{\"@type\":\"SearchAction\",\"target\":{\"@type\":\"EntryPoint\",\"urlTemplate\":\"https:\\\/\\\/granada.salesianos.edu\\\/colegio\\\/?s={search_term_string}\"},\"query-input\":{\"@type\":\"PropertyValueSpecification\",\"valueRequired\":true,\"valueName\":\"search_term_string\"}}],\"inLanguage\":\"es\"},{\"@type\":\"Organization\",\"@id\":\"https:\\\/\\\/granada.salesianos.edu\\\/colegio\\\/#organization\",\"name\":\"Colegio Salesiano San Juan Bosco Granada\",\"url\":\"https:\\\/\\\/granada.salesianos.edu\\\/colegio\\\/\",\"logo\":{\"@type\":\"ImageObject\",\"inLanguage\":\"es\",\"@id\":\"https:\\\/\\\/granada.salesianos.edu\\\/colegio\\\/#\\\/schema\\\/logo\\\/image\\\/\",\"url\":\"https:\\\/\\\/granada.salesianos.edu\\\/colegio\\\/wp-content\\\/uploads\\\/sites\\\/2\\\/2021\\\/01\\\/GRANADAobraVN2.jpg\",\"contentUrl\":\"https:\\\/\\\/granada.salesianos.edu\\\/colegio\\\/wp-content\\\/uploads\\\/sites\\\/2\\\/2021\\\/01\\\/GRANADAobraVN2.jpg\",\"width\":2113,\"height\":1894,\"caption\":\"Colegio Salesiano San Juan Bosco Granada\"},\"image\":{\"@id\":\"https:\\\/\\\/granada.salesianos.edu\\\/colegio\\\/#\\\/schema\\\/logo\\\/image\\\/\"},\"sameAs\":[\"https:\\\/\\\/www.facebook.com\\\/SalesianosGR\\\/\",\"https:\\\/\\\/x.com\\\/GranadaSDB\",\"https:\\\/\\\/www.instagram.com\\\/salesianosgranada\\\/\",\"https:\\\/\\\/www.youtube.com\\\/channel\\\/UChkpZuhCf4Y5rYIcFT3CNxw?view_as=subscriber\"]},{\"@type\":\"Person\",\"@id\":\"https:\\\/\\\/granada.salesianos.edu\\\/colegio\\\/#\\\/schema\\\/person\\\/6392ff2e4bd1e66981d6eab734bbd962\",\"name\":\"Gestor Web\",\"image\":{\"@type\":\"ImageObject\",\"inLanguage\":\"es\",\"@id\":\"https:\\\/\\\/secure.gravatar.com\\\/avatar\\\/160666bb56a01520857079961a824af2b7821d6bad80677c80f2b473fceead1b?s=96&d=mm&r=g\",\"url\":\"https:\\\/\\\/secure.gravatar.com\\\/avatar\\\/160666bb56a01520857079961a824af2b7821d6bad80677c80f2b473fceead1b?s=96&d=mm&r=g\",\"contentUrl\":\"https:\\\/\\\/secure.gravatar.com\\\/avatar\\\/160666bb56a01520857079961a824af2b7821d6bad80677c80f2b473fceead1b?s=96&d=mm&r=g\",\"caption\":\"Gestor Web\"}}]}<\/script>\n<!-- \/ Yoast SEO plugin. -->","yoast_head_json":{"title":"LOS ALUMNOS DEL COLEGIO TRIUNFAN EN EL ESCENARIO - Colegio Salesiano","robots":{"index":"index","follow":"follow","max-snippet":"max-snippet:-1","max-image-preview":"max-image-preview:large","max-video-preview":"max-video-preview:-1"},"canonical":"https:\/\/granada.salesianos.edu\/colegio\/blog\/los-alumnos-del-colegio-triunfan-en-el-escenario\/","og_locale":"es_ES","og_type":"article","og_title":"LOS ALUMNOS DEL COLEGIO TRIUNFAN EN EL ESCENARIO - Colegio Salesiano","og_description":"Profesores y alumnos se aunaron en el re-estreno de una obra inspirada en el C\u00e1ntico espiritual de San Juan de la Cruz. Con un segundo acto con m\u00fasica en directo, una escenograf\u00eda minimalista y un vestuario que fusionaba la \u00e9poca actual y el Renacimiento, Por vos muero del carmelita Fernando Donaire ha sido un \u00e9xito.","og_url":"https:\/\/granada.salesianos.edu\/colegio\/blog\/los-alumnos-del-colegio-triunfan-en-el-escenario\/","og_site_name":"Colegio Salesiano","article_publisher":"https:\/\/www.facebook.com\/SalesianosGR\/","article_published_time":"2018-04-27T07:01:08+00:00","article_modified_time":"2022-12-01T21:51:44+00:00","og_image":[{"url":"https:\/\/granada.salesianos.edu\/colegio\/wp-content\/uploads\/sites\/2\/2018\/04\/DSC_3133-300x200.png","type":"","width":"","height":""}],"author":"Gestor Web","twitter_card":"summary_large_image","twitter_creator":"@GranadaSDB","twitter_site":"@GranadaSDB","twitter_misc":{"Escrito por":"Gestor Web","Tiempo de lectura":"3 minutos"},"schema":{"@context":"https:\/\/schema.org","@graph":[{"@type":"Article","@id":"https:\/\/granada.salesianos.edu\/colegio\/blog\/los-alumnos-del-colegio-triunfan-en-el-escenario\/#article","isPartOf":{"@id":"https:\/\/granada.salesianos.edu\/colegio\/blog\/los-alumnos-del-colegio-triunfan-en-el-escenario\/"},"author":{"name":"Gestor Web","@id":"https:\/\/granada.salesianos.edu\/colegio\/#\/schema\/person\/6392ff2e4bd1e66981d6eab734bbd962"},"headline":"LOS ALUMNOS DEL COLEGIO TRIUNFAN EN EL ESCENARIO","datePublished":"2018-04-27T07:01:08+00:00","dateModified":"2022-12-01T21:51:44+00:00","mainEntityOfPage":{"@id":"https:\/\/granada.salesianos.edu\/colegio\/blog\/los-alumnos-del-colegio-triunfan-en-el-escenario\/"},"wordCount":569,"commentCount":0,"publisher":{"@id":"https:\/\/granada.salesianos.edu\/colegio\/#organization"},"image":{"@id":"https:\/\/granada.salesianos.edu\/colegio\/blog\/los-alumnos-del-colegio-triunfan-en-el-escenario\/#primaryimage"},"thumbnailUrl":"https:\/\/granada.salesianos.edu\/colegio\/wp-content\/uploads\/sites\/2\/2018\/04\/DSC_3133-300x200.png","articleSection":["Colegio","ESO","Uncategorized"],"inLanguage":"es","potentialAction":[{"@type":"CommentAction","name":"Comment","target":["https:\/\/granada.salesianos.edu\/colegio\/blog\/los-alumnos-del-colegio-triunfan-en-el-escenario\/#respond"]}]},{"@type":"WebPage","@id":"https:\/\/granada.salesianos.edu\/colegio\/blog\/los-alumnos-del-colegio-triunfan-en-el-escenario\/","url":"https:\/\/granada.salesianos.edu\/colegio\/blog\/los-alumnos-del-colegio-triunfan-en-el-escenario\/","name":"LOS ALUMNOS DEL COLEGIO TRIUNFAN EN EL ESCENARIO - Colegio Salesiano","isPartOf":{"@id":"https:\/\/granada.salesianos.edu\/colegio\/#website"},"primaryImageOfPage":{"@id":"https:\/\/granada.salesianos.edu\/colegio\/blog\/los-alumnos-del-colegio-triunfan-en-el-escenario\/#primaryimage"},"image":{"@id":"https:\/\/granada.salesianos.edu\/colegio\/blog\/los-alumnos-del-colegio-triunfan-en-el-escenario\/#primaryimage"},"thumbnailUrl":"https:\/\/granada.salesianos.edu\/colegio\/wp-content\/uploads\/sites\/2\/2018\/04\/DSC_3133-300x200.png","datePublished":"2018-04-27T07:01:08+00:00","dateModified":"2022-12-01T21:51:44+00:00","breadcrumb":{"@id":"https:\/\/granada.salesianos.edu\/colegio\/blog\/los-alumnos-del-colegio-triunfan-en-el-escenario\/#breadcrumb"},"inLanguage":"es","potentialAction":[{"@type":"ReadAction","target":["https:\/\/granada.salesianos.edu\/colegio\/blog\/los-alumnos-del-colegio-triunfan-en-el-escenario\/"]}]},{"@type":"ImageObject","inLanguage":"es","@id":"https:\/\/granada.salesianos.edu\/colegio\/blog\/los-alumnos-del-colegio-triunfan-en-el-escenario\/#primaryimage","url":"https:\/\/granada.salesianos.edu\/colegio\/wp-content\/uploads\/sites\/2\/2018\/04\/DSC_3133.png","contentUrl":"https:\/\/granada.salesianos.edu\/colegio\/wp-content\/uploads\/sites\/2\/2018\/04\/DSC_3133.png","width":6000,"height":4000},{"@type":"BreadcrumbList","@id":"https:\/\/granada.salesianos.edu\/colegio\/blog\/los-alumnos-del-colegio-triunfan-en-el-escenario\/#breadcrumb","itemListElement":[{"@type":"ListItem","position":1,"name":"Portada","item":"https:\/\/granada.salesianos.edu\/colegio\/"},{"@type":"ListItem","position":2,"name":"LOS ALUMNOS DEL COLEGIO TRIUNFAN EN EL ESCENARIO"}]},{"@type":"WebSite","@id":"https:\/\/granada.salesianos.edu\/colegio\/#website","url":"https:\/\/granada.salesianos.edu\/colegio\/","name":"Colegio Salesiano","description":"P\u00e1gina oficial de Salesianos Granada San Juan Bosco","publisher":{"@id":"https:\/\/granada.salesianos.edu\/colegio\/#organization"},"potentialAction":[{"@type":"SearchAction","target":{"@type":"EntryPoint","urlTemplate":"https:\/\/granada.salesianos.edu\/colegio\/?s={search_term_string}"},"query-input":{"@type":"PropertyValueSpecification","valueRequired":true,"valueName":"search_term_string"}}],"inLanguage":"es"},{"@type":"Organization","@id":"https:\/\/granada.salesianos.edu\/colegio\/#organization","name":"Colegio Salesiano San Juan Bosco Granada","url":"https:\/\/granada.salesianos.edu\/colegio\/","logo":{"@type":"ImageObject","inLanguage":"es","@id":"https:\/\/granada.salesianos.edu\/colegio\/#\/schema\/logo\/image\/","url":"https:\/\/granada.salesianos.edu\/colegio\/wp-content\/uploads\/sites\/2\/2021\/01\/GRANADAobraVN2.jpg","contentUrl":"https:\/\/granada.salesianos.edu\/colegio\/wp-content\/uploads\/sites\/2\/2021\/01\/GRANADAobraVN2.jpg","width":2113,"height":1894,"caption":"Colegio Salesiano San Juan Bosco Granada"},"image":{"@id":"https:\/\/granada.salesianos.edu\/colegio\/#\/schema\/logo\/image\/"},"sameAs":["https:\/\/www.facebook.com\/SalesianosGR\/","https:\/\/x.com\/GranadaSDB","https:\/\/www.instagram.com\/salesianosgranada\/","https:\/\/www.youtube.com\/channel\/UChkpZuhCf4Y5rYIcFT3CNxw?view_as=subscriber"]},{"@type":"Person","@id":"https:\/\/granada.salesianos.edu\/colegio\/#\/schema\/person\/6392ff2e4bd1e66981d6eab734bbd962","name":"Gestor Web","image":{"@type":"ImageObject","inLanguage":"es","@id":"https:\/\/secure.gravatar.com\/avatar\/160666bb56a01520857079961a824af2b7821d6bad80677c80f2b473fceead1b?s=96&d=mm&r=g","url":"https:\/\/secure.gravatar.com\/avatar\/160666bb56a01520857079961a824af2b7821d6bad80677c80f2b473fceead1b?s=96&d=mm&r=g","contentUrl":"https:\/\/secure.gravatar.com\/avatar\/160666bb56a01520857079961a824af2b7821d6bad80677c80f2b473fceead1b?s=96&d=mm&r=g","caption":"Gestor Web"}}]}},"_links":{"self":[{"href":"https:\/\/granada.salesianos.edu\/colegio\/wp-json\/wp\/v2\/posts\/8575","targetHints":{"allow":["GET"]}}],"collection":[{"href":"https:\/\/granada.salesianos.edu\/colegio\/wp-json\/wp\/v2\/posts"}],"about":[{"href":"https:\/\/granada.salesianos.edu\/colegio\/wp-json\/wp\/v2\/types\/post"}],"author":[{"embeddable":true,"href":"https:\/\/granada.salesianos.edu\/colegio\/wp-json\/wp\/v2\/users\/2"}],"replies":[{"embeddable":true,"href":"https:\/\/granada.salesianos.edu\/colegio\/wp-json\/wp\/v2\/comments?post=8575"}],"version-history":[{"count":4,"href":"https:\/\/granada.salesianos.edu\/colegio\/wp-json\/wp\/v2\/posts\/8575\/revisions"}],"predecessor-version":[{"id":8593,"href":"https:\/\/granada.salesianos.edu\/colegio\/wp-json\/wp\/v2\/posts\/8575\/revisions\/8593"}],"wp:attachment":[{"href":"https:\/\/granada.salesianos.edu\/colegio\/wp-json\/wp\/v2\/media?parent=8575"}],"wp:term":[{"taxonomy":"category","embeddable":true,"href":"https:\/\/granada.salesianos.edu\/colegio\/wp-json\/wp\/v2\/categories?post=8575"},{"taxonomy":"post_tag","embeddable":true,"href":"https:\/\/granada.salesianos.edu\/colegio\/wp-json\/wp\/v2\/tags?post=8575"}],"curies":[{"name":"wp","href":"https:\/\/api.w.org\/{rel}","templated":true}]}}