{"id":6111,"date":"2017-12-28T22:09:41","date_gmt":"2017-12-28T20:09:41","guid":{"rendered":"https:\/\/granada.salesianos.edu\/familiasalesiana\/?p=6111"},"modified":"2017-12-29T21:16:33","modified_gmt":"2017-12-29T19:16:33","slug":"operacion-potito","status":"publish","type":"post","link":"https:\/\/granada.salesianos.edu\/familiasalesiana\/blog\/operacion-potito\/","title":{"rendered":"NAVIDAD SOLIDARIA EN SALESIANOS"},"content":{"rendered":"<div id=\"fb-root\"><\/div>\n<p>[et_pb_section bb_built=\u00bb1&#8243; admin_label=\u00bbsection\u00bb][et_pb_row admin_label=\u00bbrow\u00bb background_position=\u00bbtop_left\u00bb background_repeat=\u00bbrepeat\u00bb background_size=\u00bbinitial\u00bb][et_pb_column type=\u00bb4_4&#8243;][et_pb_text admin_label=\u00bbEntradilla (Texto)\u00bb _builder_version=\u00bb3.0.92&#8243; background_layout=\u00bblight\u00bb text_orientation=\u00bbjustified\u00bb text_font=\u00bb|on|||\u00bb]<\/p>\n<h3><strong><span style=\"color: #ff0000;\">Derroche de generosidad e ilusi\u00f3n en nuestra Casa<\/span><\/strong><\/h3>\n<p>[\/et_pb_text][et_pb_text admin_label=\u00bbAutor (Texto)\u00bb _builder_version=\u00bb3.0.92&#8243; background_layout=\u00bblight\u00bb text_font=\u00bb||on||\u00bb]<\/p>\n<p>Por: Juan Fco. Huertas Carretero, sdb.<\/p>\n<p>[\/et_pb_text][et_pb_text admin_label=\u00bbDesarrollo (Texto)\u00bb _builder_version=\u00bb3.0.92&#8243; background_layout=\u00bblight\u00bb text_orientation=\u00bbjustified\u00bb]<\/p>\n<p>Nuestra Casa Salesiana ha vivido una intensa labor solidaria a lo largo del mes de diciembre. Pensando siempre en los m\u00e1s necesitados y fomentando la aut\u00e9ntica Navidad, la de la solidaridad, la de la Encarnaci\u00f3n, se han desarrollado varias Campa\u00f1as en nuestra Obra:<\/p>\n<ul>\n<li><strong>OPERACI\u00d3N KILO:<\/strong> recogida de alimentos no perecederos para las familias de nuestro entorno<\/li>\n<li><strong>OPERACI\u00d3N POTITO:<\/strong> invitaci\u00f3n a nuestros vecinos a adquirir alimentos infantiles y productos de higiene<\/li>\n<li><strong>ROPERO SOLIDARIO MAM\u00c1 MARGARITA:<\/strong> ropa para repartir entre quienes m\u00e1s lo necesitan (mujeres, hombres, ni\u00f1os)<\/li>\n<li><strong>OPERACI\u00d3N JUGUETE:<\/strong> para llevar la ilusi\u00f3n y la magia del regalo a los ni\u00f1os y ni\u00f1as de nuestra ciudad.<\/li>\n<\/ul>\n<p><strong><span style=\"color: #ff0000;\">El resultado ha sido espectacular:\u00a0<\/span><\/strong><\/p>\n<p>1200 kilos recogidos, una furgoneta y un coche llenos de regalos (con la colaboraci\u00f3n de una campa\u00f1a desarrollada en Hu\u00e9tor Vega), 30 cajas de ropa!!!, y la I Operaci\u00f3n Potito (1500 potitos, 44 paquetes de papillas, 12 de pa\u00f1ales, 15 de leche, 6 de cereales, 8 de toallitas, \u00fatiles de aseo..) y m\u00e1s de 100 voluntarios en la calle.<\/p>\n<p><strong><span style=\"color: #ff0000;\">\u00bfQui\u00e9n se va a beneficiar?:<\/span><\/strong> ni\u00f1os de los oratorios de Zaid\u00edn, Cartuja, Almanj\u00e1yar y Haza Grande. Adoratrices, Red Madre, Hogar de Nazaret, C\u00e1ritas y Banco de Alimentos, que repartir\u00e1n a los m\u00e1s necesitados, adem\u00e1s de algunas familias m\u00e1s de nuestra Casa y Barrio<\/p>\n<p>FELIZ (PORQUE M\u00c1S DIGNA) NAVIDAD A TODOS Y PR\u00d3SPERO 2018<\/p>\n<p>[\/et_pb_text][et_pb_text admin_label=\u00bbT\u00edtulo: Galer\u00eda de fotos (Texto)\u00bb _builder_version=\u00bb3.0.92&#8243; background_layout=\u00bblight\u00bb text_font=\u00bb|on|||\u00bb text_text_color=\u00bb#dc001b\u00bb disabled=\u00bboff\u00bb disabled_on=\u00bboff|off|off\u00bb]<\/p>\n<p>GALER\u00cdA FOTOGR\u00c1FICA<\/p>\n<p>[Best_Wordpress_Gallery id=\u00bb6&#8243; gal_title=\u00bbNAVIDAD SOLIDARIA\u00bb]<\/p>\n<p>&nbsp;<\/p>\n<p>[\/et_pb_text][et_pb_gallery _builder_version=\u00bb3.0.92&#8243; posts_number=\u00bb8&#8243; show_title_and_caption=\u00bboff\u00bb show_pagination=\u00bbon\u00bb fullwidth=\u00bboff\u00bb orientation=\u00bblandscape\u00bb zoom_icon_color=\u00bb#dc001b\u00bb hover_overlay_color=\u00bbrgba(255,255,255,0.9)\u00bb hover_icon=\u00bb%%51%%\u00bb background_layout=\u00bblight\u00bb border_style=\u00bbsolid\u00bb auto=\u00bboff\u00bb disabled=\u00bbon\u00bb disabled_on=\u00bbon|on|on\u00bb \/][et_pb_video _builder_version=\u00bb3.0.51&#8243; disabled=\u00bbon\u00bb disabled_on=\u00bbon|on|on\u00bb \/][\/et_pb_column][\/et_pb_row][\/et_pb_section]<\/p>\n","protected":false},"excerpt":{"rendered":"<p>Nuestra Casa Salesiana ha vivido una intensa labor solidaria a lo largo del mes de diciembre. Pensando siempre en los m\u00e1s necesitados y fomentando la aut\u00e9ntica Navidad, la de la solidaridad, la de la Encarnaci\u00f3n, se han desarrollado varias Campa\u00f1as en nuestra Obra:<\/p>\n","protected":false},"author":2,"featured_media":0,"comment_status":"open","ping_status":"open","sticky":false,"template":"","format":"standard","meta":{"_et_pb_use_builder":"on","_et_pb_old_content":"","_et_gb_content_width":"","footnotes":""},"categories":[13,11,10,1],"tags":[],"class_list":["post-6111","post","type-post","status-publish","format-standard","hentry","category-centro-juvenil","category-colegio","category-portada","category-uncategorized"],"yoast_head":"<!-- This site is optimized with the Yoast SEO plugin v28.4 - https:\/\/yoast.com\/product\/yoast-seo-wordpress\/ -->\n<title>NAVIDAD SOLIDARIA EN SALESIANOS - Familia Salesiana<\/title>\n<meta name=\"robots\" content=\"index, follow, max-snippet:-1, max-image-preview:large, max-video-preview:-1\" \/>\n<link rel=\"canonical\" href=\"https:\/\/granada.salesianos.edu\/familiasalesiana\/blog\/operacion-potito\/\" \/>\n<meta property=\"og:locale\" content=\"es_ES\" \/>\n<meta property=\"og:type\" content=\"article\" \/>\n<meta property=\"og:title\" content=\"NAVIDAD SOLIDARIA EN SALESIANOS - Familia Salesiana\" \/>\n<meta property=\"og:description\" content=\"Nuestra Casa Salesiana ha vivido una intensa labor solidaria a lo largo del mes de diciembre. Pensando siempre en los m\u00e1s necesitados y fomentando la aut\u00e9ntica Navidad, la de la solidaridad, la de la Encarnaci\u00f3n, se han desarrollado varias Campa\u00f1as en nuestra Obra:\" \/>\n<meta property=\"og:url\" content=\"https:\/\/granada.salesianos.edu\/familiasalesiana\/blog\/operacion-potito\/\" \/>\n<meta property=\"og:site_name\" content=\"Familia Salesiana\" \/>\n<meta property=\"article:published_time\" content=\"2017-12-28T20:09:41+00:00\" \/>\n<meta property=\"article:modified_time\" content=\"2017-12-29T19:16:33+00:00\" \/>\n<meta name=\"author\" content=\"Gestor Web\" \/>\n<meta name=\"twitter:card\" content=\"summary_large_image\" \/>\n<meta name=\"twitter:label1\" content=\"Escrito por\" \/>\n\t<meta name=\"twitter:data1\" content=\"Gestor Web\" \/>\n\t<meta name=\"twitter:label2\" content=\"Tiempo de lectura\" \/>\n\t<meta name=\"twitter:data2\" content=\"2 minutos\" \/>\n<script type=\"application\/ld+json\" class=\"yoast-schema-graph\">{\"@context\":\"https:\\\/\\\/schema.org\",\"@graph\":[{\"@type\":\"Article\",\"@id\":\"https:\\\/\\\/granada.salesianos.edu\\\/familiasalesiana\\\/blog\\\/operacion-potito\\\/#article\",\"isPartOf\":{\"@id\":\"https:\\\/\\\/granada.salesianos.edu\\\/familiasalesiana\\\/blog\\\/operacion-potito\\\/\"},\"author\":{\"name\":\"Gestor Web\",\"@id\":\"https:\\\/\\\/granada.salesianos.edu\\\/familiasalesiana\\\/#\\\/schema\\\/person\\\/6392ff2e4bd1e66981d6eab734bbd962\"},\"headline\":\"NAVIDAD SOLIDARIA EN SALESIANOS\",\"datePublished\":\"2017-12-28T20:09:41+00:00\",\"dateModified\":\"2017-12-29T19:16:33+00:00\",\"mainEntityOfPage\":{\"@id\":\"https:\\\/\\\/granada.salesianos.edu\\\/familiasalesiana\\\/blog\\\/operacion-potito\\\/\"},\"wordCount\":459,\"commentCount\":0,\"articleSection\":[\"Centro Juvenil\",\"Colegio\",\"Portada\",\"Uncategorized\"],\"inLanguage\":\"es\",\"potentialAction\":[{\"@type\":\"CommentAction\",\"name\":\"Comment\",\"target\":[\"https:\\\/\\\/granada.salesianos.edu\\\/familiasalesiana\\\/blog\\\/operacion-potito\\\/#respond\"]}]},{\"@type\":\"WebPage\",\"@id\":\"https:\\\/\\\/granada.salesianos.edu\\\/familiasalesiana\\\/blog\\\/operacion-potito\\\/\",\"url\":\"https:\\\/\\\/granada.salesianos.edu\\\/familiasalesiana\\\/blog\\\/operacion-potito\\\/\",\"name\":\"NAVIDAD SOLIDARIA EN SALESIANOS - Familia Salesiana\",\"isPartOf\":{\"@id\":\"https:\\\/\\\/granada.salesianos.edu\\\/familiasalesiana\\\/#website\"},\"datePublished\":\"2017-12-28T20:09:41+00:00\",\"dateModified\":\"2017-12-29T19:16:33+00:00\",\"author\":{\"@id\":\"https:\\\/\\\/granada.salesianos.edu\\\/familiasalesiana\\\/#\\\/schema\\\/person\\\/6392ff2e4bd1e66981d6eab734bbd962\"},\"breadcrumb\":{\"@id\":\"https:\\\/\\\/granada.salesianos.edu\\\/familiasalesiana\\\/blog\\\/operacion-potito\\\/#breadcrumb\"},\"inLanguage\":\"es\",\"potentialAction\":[{\"@type\":\"ReadAction\",\"target\":[\"https:\\\/\\\/granada.salesianos.edu\\\/familiasalesiana\\\/blog\\\/operacion-potito\\\/\"]}]},{\"@type\":\"BreadcrumbList\",\"@id\":\"https:\\\/\\\/granada.salesianos.edu\\\/familiasalesiana\\\/blog\\\/operacion-potito\\\/#breadcrumb\",\"itemListElement\":[{\"@type\":\"ListItem\",\"position\":1,\"name\":\"Portada\",\"item\":\"https:\\\/\\\/granada.salesianos.edu\\\/familiasalesiana\\\/\"},{\"@type\":\"ListItem\",\"position\":2,\"name\":\"NAVIDAD SOLIDARIA EN SALESIANOS\"}]},{\"@type\":\"WebSite\",\"@id\":\"https:\\\/\\\/granada.salesianos.edu\\\/familiasalesiana\\\/#website\",\"url\":\"https:\\\/\\\/granada.salesianos.edu\\\/familiasalesiana\\\/\",\"name\":\"Familia Salesiana\",\"description\":\"P\u00e1gina oficial de Salesianos Granada San Juan Bosco\",\"potentialAction\":[{\"@type\":\"SearchAction\",\"target\":{\"@type\":\"EntryPoint\",\"urlTemplate\":\"https:\\\/\\\/granada.salesianos.edu\\\/familiasalesiana\\\/?s={search_term_string}\"},\"query-input\":{\"@type\":\"PropertyValueSpecification\",\"valueRequired\":true,\"valueName\":\"search_term_string\"}}],\"inLanguage\":\"es\"},{\"@type\":\"Person\",\"@id\":\"https:\\\/\\\/granada.salesianos.edu\\\/familiasalesiana\\\/#\\\/schema\\\/person\\\/6392ff2e4bd1e66981d6eab734bbd962\",\"name\":\"Gestor Web\",\"image\":{\"@type\":\"ImageObject\",\"inLanguage\":\"es\",\"@id\":\"https:\\\/\\\/secure.gravatar.com\\\/avatar\\\/160666bb56a01520857079961a824af2b7821d6bad80677c80f2b473fceead1b?s=96&d=mm&r=g\",\"url\":\"https:\\\/\\\/secure.gravatar.com\\\/avatar\\\/160666bb56a01520857079961a824af2b7821d6bad80677c80f2b473fceead1b?s=96&d=mm&r=g\",\"contentUrl\":\"https:\\\/\\\/secure.gravatar.com\\\/avatar\\\/160666bb56a01520857079961a824af2b7821d6bad80677c80f2b473fceead1b?s=96&d=mm&r=g\",\"caption\":\"Gestor Web\"}}]}<\/script>\n<!-- \/ Yoast SEO plugin. -->","yoast_head_json":{"title":"NAVIDAD SOLIDARIA EN SALESIANOS - Familia Salesiana","robots":{"index":"index","follow":"follow","max-snippet":"max-snippet:-1","max-image-preview":"max-image-preview:large","max-video-preview":"max-video-preview:-1"},"canonical":"https:\/\/granada.salesianos.edu\/familiasalesiana\/blog\/operacion-potito\/","og_locale":"es_ES","og_type":"article","og_title":"NAVIDAD SOLIDARIA EN SALESIANOS - Familia Salesiana","og_description":"Nuestra Casa Salesiana ha vivido una intensa labor solidaria a lo largo del mes de diciembre. Pensando siempre en los m\u00e1s necesitados y fomentando la aut\u00e9ntica Navidad, la de la solidaridad, la de la Encarnaci\u00f3n, se han desarrollado varias Campa\u00f1as en nuestra Obra:","og_url":"https:\/\/granada.salesianos.edu\/familiasalesiana\/blog\/operacion-potito\/","og_site_name":"Familia Salesiana","article_published_time":"2017-12-28T20:09:41+00:00","article_modified_time":"2017-12-29T19:16:33+00:00","author":"Gestor Web","twitter_card":"summary_large_image","twitter_misc":{"Escrito por":"Gestor Web","Tiempo de lectura":"2 minutos"},"schema":{"@context":"https:\/\/schema.org","@graph":[{"@type":"Article","@id":"https:\/\/granada.salesianos.edu\/familiasalesiana\/blog\/operacion-potito\/#article","isPartOf":{"@id":"https:\/\/granada.salesianos.edu\/familiasalesiana\/blog\/operacion-potito\/"},"author":{"name":"Gestor Web","@id":"https:\/\/granada.salesianos.edu\/familiasalesiana\/#\/schema\/person\/6392ff2e4bd1e66981d6eab734bbd962"},"headline":"NAVIDAD SOLIDARIA EN SALESIANOS","datePublished":"2017-12-28T20:09:41+00:00","dateModified":"2017-12-29T19:16:33+00:00","mainEntityOfPage":{"@id":"https:\/\/granada.salesianos.edu\/familiasalesiana\/blog\/operacion-potito\/"},"wordCount":459,"commentCount":0,"articleSection":["Centro Juvenil","Colegio","Portada","Uncategorized"],"inLanguage":"es","potentialAction":[{"@type":"CommentAction","name":"Comment","target":["https:\/\/granada.salesianos.edu\/familiasalesiana\/blog\/operacion-potito\/#respond"]}]},{"@type":"WebPage","@id":"https:\/\/granada.salesianos.edu\/familiasalesiana\/blog\/operacion-potito\/","url":"https:\/\/granada.salesianos.edu\/familiasalesiana\/blog\/operacion-potito\/","name":"NAVIDAD SOLIDARIA EN SALESIANOS - Familia Salesiana","isPartOf":{"@id":"https:\/\/granada.salesianos.edu\/familiasalesiana\/#website"},"datePublished":"2017-12-28T20:09:41+00:00","dateModified":"2017-12-29T19:16:33+00:00","author":{"@id":"https:\/\/granada.salesianos.edu\/familiasalesiana\/#\/schema\/person\/6392ff2e4bd1e66981d6eab734bbd962"},"breadcrumb":{"@id":"https:\/\/granada.salesianos.edu\/familiasalesiana\/blog\/operacion-potito\/#breadcrumb"},"inLanguage":"es","potentialAction":[{"@type":"ReadAction","target":["https:\/\/granada.salesianos.edu\/familiasalesiana\/blog\/operacion-potito\/"]}]},{"@type":"BreadcrumbList","@id":"https:\/\/granada.salesianos.edu\/familiasalesiana\/blog\/operacion-potito\/#breadcrumb","itemListElement":[{"@type":"ListItem","position":1,"name":"Portada","item":"https:\/\/granada.salesianos.edu\/familiasalesiana\/"},{"@type":"ListItem","position":2,"name":"NAVIDAD SOLIDARIA EN SALESIANOS"}]},{"@type":"WebSite","@id":"https:\/\/granada.salesianos.edu\/familiasalesiana\/#website","url":"https:\/\/granada.salesianos.edu\/familiasalesiana\/","name":"Familia Salesiana","description":"P\u00e1gina oficial de Salesianos Granada San Juan Bosco","potentialAction":[{"@type":"SearchAction","target":{"@type":"EntryPoint","urlTemplate":"https:\/\/granada.salesianos.edu\/familiasalesiana\/?s={search_term_string}"},"query-input":{"@type":"PropertyValueSpecification","valueRequired":true,"valueName":"search_term_string"}}],"inLanguage":"es"},{"@type":"Person","@id":"https:\/\/granada.salesianos.edu\/familiasalesiana\/#\/schema\/person\/6392ff2e4bd1e66981d6eab734bbd962","name":"Gestor Web","image":{"@type":"ImageObject","inLanguage":"es","@id":"https:\/\/secure.gravatar.com\/avatar\/160666bb56a01520857079961a824af2b7821d6bad80677c80f2b473fceead1b?s=96&d=mm&r=g","url":"https:\/\/secure.gravatar.com\/avatar\/160666bb56a01520857079961a824af2b7821d6bad80677c80f2b473fceead1b?s=96&d=mm&r=g","contentUrl":"https:\/\/secure.gravatar.com\/avatar\/160666bb56a01520857079961a824af2b7821d6bad80677c80f2b473fceead1b?s=96&d=mm&r=g","caption":"Gestor Web"}}]}},"_links":{"self":[{"href":"https:\/\/granada.salesianos.edu\/familiasalesiana\/wp-json\/wp\/v2\/posts\/6111","targetHints":{"allow":["GET"]}}],"collection":[{"href":"https:\/\/granada.salesianos.edu\/familiasalesiana\/wp-json\/wp\/v2\/posts"}],"about":[{"href":"https:\/\/granada.salesianos.edu\/familiasalesiana\/wp-json\/wp\/v2\/types\/post"}],"author":[{"embeddable":true,"href":"https:\/\/granada.salesianos.edu\/familiasalesiana\/wp-json\/wp\/v2\/users\/2"}],"replies":[{"embeddable":true,"href":"https:\/\/granada.salesianos.edu\/familiasalesiana\/wp-json\/wp\/v2\/comments?post=6111"}],"version-history":[{"count":7,"href":"https:\/\/granada.salesianos.edu\/familiasalesiana\/wp-json\/wp\/v2\/posts\/6111\/revisions"}],"predecessor-version":[{"id":6301,"href":"https:\/\/granada.salesianos.edu\/familiasalesiana\/wp-json\/wp\/v2\/posts\/6111\/revisions\/6301"}],"wp:attachment":[{"href":"https:\/\/granada.salesianos.edu\/familiasalesiana\/wp-json\/wp\/v2\/media?parent=6111"}],"wp:term":[{"taxonomy":"category","embeddable":true,"href":"https:\/\/granada.salesianos.edu\/familiasalesiana\/wp-json\/wp\/v2\/categories?post=6111"},{"taxonomy":"post_tag","embeddable":true,"href":"https:\/\/granada.salesianos.edu\/familiasalesiana\/wp-json\/wp\/v2\/tags?post=6111"}],"curies":[{"name":"wp","href":"https:\/\/api.w.org\/{rel}","templated":true}]}}