{"id":7061,"date":"2018-01-01T00:18:55","date_gmt":"2017-12-31T22:18:55","guid":{"rendered":"https:\/\/granada.salesianos.edu\/familiasalesiana\/?p=7061"},"modified":"2018-01-01T00:56:22","modified_gmt":"2017-12-31T22:56:22","slug":"ven-y-veras","status":"publish","type":"post","link":"https:\/\/granada.salesianos.edu\/familiasalesiana\/blog\/ven-y-veras\/","title":{"rendered":"VEN Y VER\u00c1S"},"content":{"rendered":"<div id=\"fb-root\"><\/div>\n<p>[et_pb_section bb_built=\u00bb1&#8243; fullwidth=\u00bbon\u00bb _builder_version=\u00bb3.0.69&#8243;][et_pb_fullwidth_header title=\u00bbVEN Y VER\u00c1S\u00bb subhead=\u00bbObjetivo curso 2017\/2018&#8243; button_one_url=\u00bbhttps:\/\/granada.salesianos.edu\/blog\/ven-y-veras\/\u00bb module_class=\u00bbpagina-imagen-cabecera\u00bb _builder_version=\u00bb3.0.92&#8243; background_image=\u00bbhttps:\/\/inspectoria.salesianos.edu\/wp-content\/uploads\/2017\/09\/ImagenPAGINA.jpg\u00bb max_width_tablet=\u00bb50px\u00bb \/][\/et_pb_section][et_pb_section bb_built=\u00bb1&#8243; admin_label=\u00bbsection\u00bb _builder_version=\u00bb3.0.47&#8243;][et_pb_row custom_padding=\u00bb25px|||\u00bb custom_margin=\u00bb25px|||\u00bb _builder_version=\u00bb3.0.69&#8243;][et_pb_column type=\u00bb1_4&#8243;][et_pb_image admin_label=\u00bbFoto (Imagen)\u00bb src=\u00bbhttps:\/\/granada.salesianos.edu\/familiasalesiana\/wp-content\/uploads\/sites\/8\/2018\/01\/logoweb.png\u00bb alt=\u00bbRosendo Soler Mir\u00f3\u00bb title_text=\u00bbRosendo Soler Mir\u00f3\u00bb always_center_on_mobile=\u00bboff\u00bb _builder_version=\u00bb3.0.92&#8243; animation_style=\u00bbslide\u00bb animation_direction=\u00bbleft\u00bb animation_duration=\u00bb500ms\u00bb animation_intensity_slide=\u00bb10%\u00bb border_style=\u00bbsolid\u00bb \/][et_pb_text _builder_version=\u00bb3.0.92&#8243; text_font=\u00bbLato||||\u00bb text_font_size=\u00bb17px\u00bb text_text_color=\u00bb#e02b20&#8243; text_line_height=\u00bb1em\u00bb header_font=\u00bbLato||||\u00bb custom_margin=\u00bb|||\u00bb custom_padding=\u00bb1px|||\u00bb] www.ven-y-veras.com [\/et_pb_text][et_pb_text disabled_on=\u00bbon|on|on\u00bb _builder_version=\u00bb3.0.92&#8243; text_font=\u00bbLato Light||||\u00bb text_font_size=\u00bb13px\u00bb text_line_height=\u00bb1.3em\u00bb header_font=\u00bbLato||||\u00bb custom_margin=\u00bb-10px|||\u00bb border_style=\u00bbsolid\u00bb disabled=\u00bbon\u00bb]<br \/>\n[\/et_pb_text][\/et_pb_column][et_pb_column type=\u00bb3_4&#8243;][et_pb_text _builder_version=\u00bb3.0.92&#8243; text_font=\u00bbLato Light||||\u00bb custom_margin=\u00bb10px|||\u00bb]<\/p>\n<h1>UN CARISMA COMPARTIDO, UNA MISMA MISION<\/h1>\n<p>[\/et_pb_text][et_pb_text _builder_version=\u00bb3.0.92&#8243; border_style=\u00bbsolid\u00bb]<\/p>\n<div class=\"et_pb_text et_pb_module et_pb_bg_layout_light et_pb_text_align_left et_pb_text_1\">\n<div class=\"et_pb_text_inner\">\n<h1><\/h1>\n<\/div>\n<\/div>\n<div class=\"et_pb_text et_pb_module et_pb_bg_layout_light et_pb_text_align_left et_pb_text_2\">\n<div class=\"et_pb_text_inner\">\n<h3>1. Necesitamos objetivos, metas, sendas que recorrer.<\/h3>\n<p>\u201c\u00a1Quien no sabe a d\u00f3nde va, no llega a ninguna parte!\u201d solemos decir; por eso cada curso tenemos la NOVEDAD de marcarnos un objetivo, una meta, un ideal para seguir creciendo.<\/p>\n<\/div>\n<\/div>\n<div class=\"et_pb_text et_pb_module et_pb_bg_layout_light et_pb_text_align_left et_pb_text_3\">\n<div class=\"et_pb_text_inner\">\n<h3>2. Ven y ver\u00e1s, una frase con historia y alma.<\/h3>\n<p>Este slogan se sumerge en uno de los textos m\u00e1s bonitos del evangelio de San Juan. \u00a0Es la historia en el que el evangelista narra la vocaci\u00f3n de los dos primeros seguidores de Jes\u00fas.\u00a0As\u00ed nos lo cuenta cuando dos disc\u00edpulos de Juan el Bautista, fij\u00e1ndose en Jes\u00fas, comienzan a seguirle. Se inicia as\u00ed un di\u00e1logo que marcar\u00e1 sus vidas:<\/p>\n<\/div>\n<\/div>\n<div class=\"et_pb_text et_pb_module et_pb_bg_layout_light et_pb_text_align_left et_pb_text_4\">\n<div class=\"et_pb_text_inner\">\n<p><em>\u201cSe volvi\u00f3 Jes\u00fas y, viendo que le segu\u00edan, les pregunt\u00f3: \u2018\u00bfQu\u00e9 busc\u00e1is?\u2019. Ellos le dijeron: \u00b4Rabb\u00ed (que significa Maestro), \u00bfd\u00f3nde vives?\u2019.\u00a0<\/em><em>Les respondi\u00f3: \u00b4Venid y ver\u00e9is\u2019. Fueron y vieron d\u00f3nde viv\u00eda, y permanecieron aquel d\u00eda con \u00e9l.\u201d \u00a0<\/em>(Jn 1, 35-47)<\/p>\n<\/div>\n<\/div>\n<div class=\"et_pb_text et_pb_module et_pb_bg_layout_light et_pb_text_align_left et_pb_text_5\">\n<div class=\"et_pb_text_inner\">\n<p>El Evangelio de Juan expresa con dos verbos la invitaci\u00f3n a experimentar en la propia vida:\u00a0<strong>venir<\/strong>\u00a0y\u00a0<strong>ver<\/strong>.\u00a0<strong><em>\u00a1Que no te lo cuenten, ven y m\u00edralo por ti mismo!\u00a0<\/em><\/strong>Quedarnos con Jes\u00fas, estar con \u00c9l, es cuesti\u00f3n de experimentarlo y vivirlo. Y aquellos hombres, se quedaron para siempre con \u00e9l, fueron sus\u00a0<strong>primeros ap\u00f3stoles<\/strong>.<\/p>\n<\/div>\n<\/div>\n<div class=\"et_pb_text et_pb_module et_pb_bg_layout_light et_pb_text_align_left et_pb_text_6\">\n<div class=\"et_pb_text_inner\">\n<h3>3. \u201cVen y Ver\u00e1s\u201d en nuestra casa, en nuestro cole. Es posible cumplir tus sue\u00f1os, lo que llevas dentro.<\/h3>\n<p>Toda vida tiene sentido cuando encuentra su camino y se realiza plenamente con el desarrollo de su vocaci\u00f3n.\u00a0En nuestra casa nos gusta alentar sue\u00f1os, ideales, proyectos\u2026 que ayuden a los j\u00f3venes a encontrar\u00a0<strong>SU VOCACI\u00d3N<\/strong>.<\/p>\n<p>Por eso, este curso te invitamos a\u00a0<strong>VENIR y VER<\/strong>\u00a0que aqu\u00ed, en nuestra casa, en nuestro cole, en los diversos ambientes de nuestra casa\u2026 cada joven puede realizar los sue\u00f1os que lleva dentro y que Dios va sembrando con las chispas del Esp\u00edritu, que mantiene el\u00a0<strong>CORAZ\u00d3N<\/strong>\u00a0inquieto y en constante b\u00fasqueda.<\/p>\n<p><strong>Ven y ver\u00e1s \u00a1Tu sue\u00f1o es posible!<\/strong>\u00a0Que no se duerma, o se apague o se pierda, aqu\u00ed te ayudaremos a\u00a0<strong>so\u00f1ar con los ojos abiertos<\/strong>.<\/p>\n<\/div>\n<\/div>\n<p>[\/et_pb_text][et_pb_text _builder_version=\u00bb3.0.92&#8243; text_font=\u00bbLato||||\u00bb text_font_size=\u00bb20px\u00bb text_text_color=\u00bb#e02b20&#8243; text_orientation=\u00bbright\u00bb module_alignment=\u00bbright\u00bb border_style=\u00bbsolid\u00bb \/][et_pb_text _builder_version=\u00bb3.0.92&#8243; text_font=\u00bbLato Light||||\u00bb text_font_size=\u00bb17px\u00bb text_orientation=\u00bbright\u00bb module_alignment=\u00bbright\u00bb border_style=\u00bbsolid\u00bb \/][\/et_pb_column][\/et_pb_row][et_pb_row _builder_version=\u00bb3.0.69&#8243;][et_pb_column type=\u00bb4_4&#8243;][et_pb_video src=\u00bbhttps:\/\/www.youtube.com\/watch?v=UPpGyvzLAOQ\u00bb image_src=\u00bb\/\/i.ytimg.com\/vi\/UPpGyvzLAOQ\/hqdefault.jpg\u00bb _builder_version=\u00bb3.0.92&#8243; \/][\/et_pb_column][\/et_pb_row][\/et_pb_section]<\/p>\n","protected":false},"excerpt":{"rendered":"<p>www.ven-y-veras.com UN CARISMA COMPARTIDO, UNA MISMA MISION 1. Necesitamos objetivos, metas, sendas que recorrer. \u201c\u00a1Quien no sabe a d\u00f3nde va, no llega a ninguna parte!\u201d solemos decir; por eso cada curso tenemos la NOVEDAD de marcarnos un objetivo, una meta, un ideal para seguir creciendo. 2. Ven y ver\u00e1s, una frase con historia y alma. [&hellip;]<\/p>\n","protected":false},"author":2,"featured_media":0,"comment_status":"open","ping_status":"open","sticky":false,"template":"","format":"standard","meta":{"_et_pb_use_builder":"on","_et_pb_old_content":"","_et_gb_content_width":"","footnotes":""},"categories":[1],"tags":[],"class_list":["post-7061","post","type-post","status-publish","format-standard","hentry","category-uncategorized"],"yoast_head":"<!-- This site is optimized with the Yoast SEO plugin v28.4 - https:\/\/yoast.com\/product\/yoast-seo-wordpress\/ -->\n<title>VEN Y VER\u00c1S - Familia Salesiana<\/title>\n<meta name=\"robots\" content=\"index, follow, max-snippet:-1, max-image-preview:large, max-video-preview:-1\" \/>\n<link rel=\"canonical\" href=\"https:\/\/granada.salesianos.edu\/familiasalesiana\/blog\/ven-y-veras\/\" \/>\n<meta property=\"og:locale\" content=\"es_ES\" \/>\n<meta property=\"og:type\" content=\"article\" \/>\n<meta property=\"og:title\" content=\"VEN Y VER\u00c1S - Familia Salesiana\" \/>\n<meta property=\"og:description\" content=\"www.ven-y-veras.com UN CARISMA COMPARTIDO, UNA MISMA MISION 1. Necesitamos objetivos, metas, sendas que recorrer. \u201c\u00a1Quien no sabe a d\u00f3nde va, no llega a ninguna parte!\u201d solemos decir; por eso cada curso tenemos la NOVEDAD de marcarnos un objetivo, una meta, un ideal para seguir creciendo. 2. Ven y ver\u00e1s, una frase con historia y alma. [&hellip;]\" \/>\n<meta property=\"og:url\" content=\"https:\/\/granada.salesianos.edu\/familiasalesiana\/blog\/ven-y-veras\/\" \/>\n<meta property=\"og:site_name\" content=\"Familia Salesiana\" \/>\n<meta property=\"article:published_time\" content=\"2017-12-31T22:18:55+00:00\" \/>\n<meta property=\"article:modified_time\" content=\"2017-12-31T22:56:22+00:00\" \/>\n<meta name=\"author\" content=\"Gestor Web\" \/>\n<meta name=\"twitter:card\" content=\"summary_large_image\" \/>\n<meta name=\"twitter:label1\" content=\"Escrito por\" \/>\n\t<meta name=\"twitter:data1\" content=\"Gestor Web\" \/>\n\t<meta name=\"twitter:label2\" content=\"Tiempo de lectura\" \/>\n\t<meta name=\"twitter:data2\" content=\"3 minutos\" \/>\n<script type=\"application\/ld+json\" class=\"yoast-schema-graph\">{\"@context\":\"https:\\\/\\\/schema.org\",\"@graph\":[{\"@type\":\"Article\",\"@id\":\"https:\\\/\\\/granada.salesianos.edu\\\/familiasalesiana\\\/blog\\\/ven-y-veras\\\/#article\",\"isPartOf\":{\"@id\":\"https:\\\/\\\/granada.salesianos.edu\\\/familiasalesiana\\\/blog\\\/ven-y-veras\\\/\"},\"author\":{\"name\":\"Gestor Web\",\"@id\":\"https:\\\/\\\/granada.salesianos.edu\\\/familiasalesiana\\\/#\\\/schema\\\/person\\\/6392ff2e4bd1e66981d6eab734bbd962\"},\"headline\":\"VEN Y VER\u00c1S\",\"datePublished\":\"2017-12-31T22:18:55+00:00\",\"dateModified\":\"2017-12-31T22:56:22+00:00\",\"mainEntityOfPage\":{\"@id\":\"https:\\\/\\\/granada.salesianos.edu\\\/familiasalesiana\\\/blog\\\/ven-y-veras\\\/\"},\"wordCount\":703,\"commentCount\":0,\"articleSection\":[\"Uncategorized\"],\"inLanguage\":\"es\",\"potentialAction\":[{\"@type\":\"CommentAction\",\"name\":\"Comment\",\"target\":[\"https:\\\/\\\/granada.salesianos.edu\\\/familiasalesiana\\\/blog\\\/ven-y-veras\\\/#respond\"]}]},{\"@type\":\"WebPage\",\"@id\":\"https:\\\/\\\/granada.salesianos.edu\\\/familiasalesiana\\\/blog\\\/ven-y-veras\\\/\",\"url\":\"https:\\\/\\\/granada.salesianos.edu\\\/familiasalesiana\\\/blog\\\/ven-y-veras\\\/\",\"name\":\"VEN Y VER\u00c1S - Familia Salesiana\",\"isPartOf\":{\"@id\":\"https:\\\/\\\/granada.salesianos.edu\\\/familiasalesiana\\\/#website\"},\"datePublished\":\"2017-12-31T22:18:55+00:00\",\"dateModified\":\"2017-12-31T22:56:22+00:00\",\"author\":{\"@id\":\"https:\\\/\\\/granada.salesianos.edu\\\/familiasalesiana\\\/#\\\/schema\\\/person\\\/6392ff2e4bd1e66981d6eab734bbd962\"},\"breadcrumb\":{\"@id\":\"https:\\\/\\\/granada.salesianos.edu\\\/familiasalesiana\\\/blog\\\/ven-y-veras\\\/#breadcrumb\"},\"inLanguage\":\"es\",\"potentialAction\":[{\"@type\":\"ReadAction\",\"target\":[\"https:\\\/\\\/granada.salesianos.edu\\\/familiasalesiana\\\/blog\\\/ven-y-veras\\\/\"]}]},{\"@type\":\"BreadcrumbList\",\"@id\":\"https:\\\/\\\/granada.salesianos.edu\\\/familiasalesiana\\\/blog\\\/ven-y-veras\\\/#breadcrumb\",\"itemListElement\":[{\"@type\":\"ListItem\",\"position\":1,\"name\":\"Portada\",\"item\":\"https:\\\/\\\/granada.salesianos.edu\\\/familiasalesiana\\\/\"},{\"@type\":\"ListItem\",\"position\":2,\"name\":\"VEN Y VER\u00c1S\"}]},{\"@type\":\"WebSite\",\"@id\":\"https:\\\/\\\/granada.salesianos.edu\\\/familiasalesiana\\\/#website\",\"url\":\"https:\\\/\\\/granada.salesianos.edu\\\/familiasalesiana\\\/\",\"name\":\"Familia Salesiana\",\"description\":\"P\u00e1gina oficial de Salesianos Granada San Juan Bosco\",\"potentialAction\":[{\"@type\":\"SearchAction\",\"target\":{\"@type\":\"EntryPoint\",\"urlTemplate\":\"https:\\\/\\\/granada.salesianos.edu\\\/familiasalesiana\\\/?s={search_term_string}\"},\"query-input\":{\"@type\":\"PropertyValueSpecification\",\"valueRequired\":true,\"valueName\":\"search_term_string\"}}],\"inLanguage\":\"es\"},{\"@type\":\"Person\",\"@id\":\"https:\\\/\\\/granada.salesianos.edu\\\/familiasalesiana\\\/#\\\/schema\\\/person\\\/6392ff2e4bd1e66981d6eab734bbd962\",\"name\":\"Gestor Web\",\"image\":{\"@type\":\"ImageObject\",\"inLanguage\":\"es\",\"@id\":\"https:\\\/\\\/secure.gravatar.com\\\/avatar\\\/160666bb56a01520857079961a824af2b7821d6bad80677c80f2b473fceead1b?s=96&d=mm&r=g\",\"url\":\"https:\\\/\\\/secure.gravatar.com\\\/avatar\\\/160666bb56a01520857079961a824af2b7821d6bad80677c80f2b473fceead1b?s=96&d=mm&r=g\",\"contentUrl\":\"https:\\\/\\\/secure.gravatar.com\\\/avatar\\\/160666bb56a01520857079961a824af2b7821d6bad80677c80f2b473fceead1b?s=96&d=mm&r=g\",\"caption\":\"Gestor Web\"}}]}<\/script>\n<!-- \/ Yoast SEO plugin. -->","yoast_head_json":{"title":"VEN Y VER\u00c1S - Familia Salesiana","robots":{"index":"index","follow":"follow","max-snippet":"max-snippet:-1","max-image-preview":"max-image-preview:large","max-video-preview":"max-video-preview:-1"},"canonical":"https:\/\/granada.salesianos.edu\/familiasalesiana\/blog\/ven-y-veras\/","og_locale":"es_ES","og_type":"article","og_title":"VEN Y VER\u00c1S - Familia Salesiana","og_description":"www.ven-y-veras.com UN CARISMA COMPARTIDO, UNA MISMA MISION 1. Necesitamos objetivos, metas, sendas que recorrer. \u201c\u00a1Quien no sabe a d\u00f3nde va, no llega a ninguna parte!\u201d solemos decir; por eso cada curso tenemos la NOVEDAD de marcarnos un objetivo, una meta, un ideal para seguir creciendo. 2. Ven y ver\u00e1s, una frase con historia y alma. [&hellip;]","og_url":"https:\/\/granada.salesianos.edu\/familiasalesiana\/blog\/ven-y-veras\/","og_site_name":"Familia Salesiana","article_published_time":"2017-12-31T22:18:55+00:00","article_modified_time":"2017-12-31T22:56:22+00:00","author":"Gestor Web","twitter_card":"summary_large_image","twitter_misc":{"Escrito por":"Gestor Web","Tiempo de lectura":"3 minutos"},"schema":{"@context":"https:\/\/schema.org","@graph":[{"@type":"Article","@id":"https:\/\/granada.salesianos.edu\/familiasalesiana\/blog\/ven-y-veras\/#article","isPartOf":{"@id":"https:\/\/granada.salesianos.edu\/familiasalesiana\/blog\/ven-y-veras\/"},"author":{"name":"Gestor Web","@id":"https:\/\/granada.salesianos.edu\/familiasalesiana\/#\/schema\/person\/6392ff2e4bd1e66981d6eab734bbd962"},"headline":"VEN Y VER\u00c1S","datePublished":"2017-12-31T22:18:55+00:00","dateModified":"2017-12-31T22:56:22+00:00","mainEntityOfPage":{"@id":"https:\/\/granada.salesianos.edu\/familiasalesiana\/blog\/ven-y-veras\/"},"wordCount":703,"commentCount":0,"articleSection":["Uncategorized"],"inLanguage":"es","potentialAction":[{"@type":"CommentAction","name":"Comment","target":["https:\/\/granada.salesianos.edu\/familiasalesiana\/blog\/ven-y-veras\/#respond"]}]},{"@type":"WebPage","@id":"https:\/\/granada.salesianos.edu\/familiasalesiana\/blog\/ven-y-veras\/","url":"https:\/\/granada.salesianos.edu\/familiasalesiana\/blog\/ven-y-veras\/","name":"VEN Y VER\u00c1S - Familia Salesiana","isPartOf":{"@id":"https:\/\/granada.salesianos.edu\/familiasalesiana\/#website"},"datePublished":"2017-12-31T22:18:55+00:00","dateModified":"2017-12-31T22:56:22+00:00","author":{"@id":"https:\/\/granada.salesianos.edu\/familiasalesiana\/#\/schema\/person\/6392ff2e4bd1e66981d6eab734bbd962"},"breadcrumb":{"@id":"https:\/\/granada.salesianos.edu\/familiasalesiana\/blog\/ven-y-veras\/#breadcrumb"},"inLanguage":"es","potentialAction":[{"@type":"ReadAction","target":["https:\/\/granada.salesianos.edu\/familiasalesiana\/blog\/ven-y-veras\/"]}]},{"@type":"BreadcrumbList","@id":"https:\/\/granada.salesianos.edu\/familiasalesiana\/blog\/ven-y-veras\/#breadcrumb","itemListElement":[{"@type":"ListItem","position":1,"name":"Portada","item":"https:\/\/granada.salesianos.edu\/familiasalesiana\/"},{"@type":"ListItem","position":2,"name":"VEN Y VER\u00c1S"}]},{"@type":"WebSite","@id":"https:\/\/granada.salesianos.edu\/familiasalesiana\/#website","url":"https:\/\/granada.salesianos.edu\/familiasalesiana\/","name":"Familia Salesiana","description":"P\u00e1gina oficial de Salesianos Granada San Juan Bosco","potentialAction":[{"@type":"SearchAction","target":{"@type":"EntryPoint","urlTemplate":"https:\/\/granada.salesianos.edu\/familiasalesiana\/?s={search_term_string}"},"query-input":{"@type":"PropertyValueSpecification","valueRequired":true,"valueName":"search_term_string"}}],"inLanguage":"es"},{"@type":"Person","@id":"https:\/\/granada.salesianos.edu\/familiasalesiana\/#\/schema\/person\/6392ff2e4bd1e66981d6eab734bbd962","name":"Gestor Web","image":{"@type":"ImageObject","inLanguage":"es","@id":"https:\/\/secure.gravatar.com\/avatar\/160666bb56a01520857079961a824af2b7821d6bad80677c80f2b473fceead1b?s=96&d=mm&r=g","url":"https:\/\/secure.gravatar.com\/avatar\/160666bb56a01520857079961a824af2b7821d6bad80677c80f2b473fceead1b?s=96&d=mm&r=g","contentUrl":"https:\/\/secure.gravatar.com\/avatar\/160666bb56a01520857079961a824af2b7821d6bad80677c80f2b473fceead1b?s=96&d=mm&r=g","caption":"Gestor Web"}}]}},"_links":{"self":[{"href":"https:\/\/granada.salesianos.edu\/familiasalesiana\/wp-json\/wp\/v2\/posts\/7061","targetHints":{"allow":["GET"]}}],"collection":[{"href":"https:\/\/granada.salesianos.edu\/familiasalesiana\/wp-json\/wp\/v2\/posts"}],"about":[{"href":"https:\/\/granada.salesianos.edu\/familiasalesiana\/wp-json\/wp\/v2\/types\/post"}],"author":[{"embeddable":true,"href":"https:\/\/granada.salesianos.edu\/familiasalesiana\/wp-json\/wp\/v2\/users\/2"}],"replies":[{"embeddable":true,"href":"https:\/\/granada.salesianos.edu\/familiasalesiana\/wp-json\/wp\/v2\/comments?post=7061"}],"version-history":[{"count":7,"href":"https:\/\/granada.salesianos.edu\/familiasalesiana\/wp-json\/wp\/v2\/posts\/7061\/revisions"}],"predecessor-version":[{"id":7075,"href":"https:\/\/granada.salesianos.edu\/familiasalesiana\/wp-json\/wp\/v2\/posts\/7061\/revisions\/7075"}],"wp:attachment":[{"href":"https:\/\/granada.salesianos.edu\/familiasalesiana\/wp-json\/wp\/v2\/media?parent=7061"}],"wp:term":[{"taxonomy":"category","embeddable":true,"href":"https:\/\/granada.salesianos.edu\/familiasalesiana\/wp-json\/wp\/v2\/categories?post=7061"},{"taxonomy":"post_tag","embeddable":true,"href":"https:\/\/granada.salesianos.edu\/familiasalesiana\/wp-json\/wp\/v2\/tags?post=7061"}],"curies":[{"name":"wp","href":"https:\/\/api.w.org\/{rel}","templated":true}]}}