{"id":7088,"date":"2018-01-15T10:41:40","date_gmt":"2018-01-15T08:41:40","guid":{"rendered":"https:\/\/granada.salesianos.edu\/familiasalesiana\/?p=7088"},"modified":"2018-01-20T21:08:24","modified_gmt":"2018-01-20T19:08:24","slug":"1o-de-eso-en-la-casa-escuela","status":"publish","type":"post","link":"https:\/\/granada.salesianos.edu\/familiasalesiana\/blog\/1o-de-eso-en-la-casa-escuela\/","title":{"rendered":"1\u00ba de ESO en la CASA ESCUELA"},"content":{"rendered":"<div id=\"fb-root\"><\/div>\n<p>[et_pb_section bb_built=\u00bb1&#8243; admin_label=\u00bbsection\u00bb][et_pb_row admin_label=\u00bbrow\u00bb background_position=\u00bbtop_left\u00bb background_repeat=\u00bbrepeat\u00bb background_size=\u00bbinitial\u00bb][et_pb_column type=\u00bb4_4&#8243;][et_pb_text admin_label=\u00bbEntradilla (Texto)\u00bb _builder_version=\u00bb3.0.92&#8243; background_layout=\u00bblight\u00bb text_orientation=\u00bbjustified\u00bb text_font=\u00bb|on|||\u00bb]<\/p>\n<h3><span style=\"color: #ff0000;\"><b>Para trabajar la responsabilidad, la distribuci\u00f3n de tareas y la educaci\u00f3n integral<\/b><\/span><\/h3>\n<p>Dentro del plan de Coeducaci\u00f3n e Igualdad de Oportunidades propuesto por el Ayuntamiento de Granada<\/p>\n<p>[\/et_pb_text][et_pb_text admin_label=\u00bbAutor (Texto)\u00bb _builder_version=\u00bb3.0.92&#8243; background_layout=\u00bblight\u00bb text_font=\u00bb||on||\u00bb]<\/p>\n<p>Por: Eduardo Mora, Orientador del Centro.<\/p>\n<p>[\/et_pb_text][et_pb_text admin_label=\u00bbDesarrollo (Texto)\u00bb _builder_version=\u00bb3.0.92&#8243; background_layout=\u00bblight\u00bb text_orientation=\u00bbjustified\u00bb]<\/p>\n<p>Dentro del plan de Coeducaci\u00f3n e Igualdad de Oportunidades propuesto por el Ayuntamiento de Granada hemos realizado con el alumnado de 1\u00ba de E.S.O. el programa \u00ab Iguales en casa: tareas y cuidados familiares compartidos\u00bb. Con el alumnado hemos reflexionado sobre la necesidad de compartir las tareas dom\u00e9sticas y de cuidado de forma igualitaria entre todas las personas que conforman las unidades familiares. Asimismo, hemos analizado la importancia de dar valor a este tipo de habilidades y conocimientos que les ser\u00e1n indispensables para lograr un desarrollo y autonom\u00eda personal plena.<\/p>\n<p>Como an\u00e9cdota los alumnos han sabido con un presupuesto de 50 c\u00e9ntimos desayunar (bocata o tostada con zumo o batido) dando valor al esfuerzo econ\u00f3mico que las familias realizan en el d\u00eda a d\u00eda. Como familias debemos ense\u00f1ar a nuestros hijos a ser corresponsables con las tareas del hogar y no sobrecargar siempre a los mismos en el contexto familiar.<\/p>\n<p>[\/et_pb_text][et_pb_text admin_label=\u00bbT\u00edtulo: Galer\u00eda de fotos (Texto)\u00bb _builder_version=\u00bb3.0.92&#8243; background_layout=\u00bblight\u00bb text_font=\u00bb|on|||\u00bb text_text_color=\u00bb#dc001b\u00bb disabled=\u00bboff\u00bb disabled_on=\u00bboff|off|off\u00bb]<\/p>\n<p>GALER\u00cdA FOTOGR\u00c1FICA<\/p>\n<p>&nbsp;<\/p>\n<p>&nbsp;<\/p>\n<p>[\/et_pb_text][et_pb_gallery _builder_version=\u00bb3.0.92&#8243; posts_number=\u00bb2&#8243; show_title_and_caption=\u00bboff\u00bb show_pagination=\u00bbon\u00bb fullwidth=\u00bboff\u00bb orientation=\u00bblandscape\u00bb zoom_icon_color=\u00bb#dc001b\u00bb hover_overlay_color=\u00bbrgba(255,255,255,0.9)\u00bb hover_icon=\u00bb%%51%%\u00bb background_layout=\u00bblight\u00bb disabled=\u00bboff\u00bb disabled_on=\u00bboff|off|off\u00bb gallery_ids=\u00bb7092,7091&#8243; pagination_font_size_tablet=\u00bb51&#8243; pagination_line_height_tablet=\u00bb2&#8243; \/][et_pb_video _builder_version=\u00bb3.0.92&#8243; disabled=\u00bboff\u00bb disabled_on=\u00bboff|off|off\u00bb src=\u00bbhttps:\/\/www.youtube.com\/watch?v=9mV3z3LJQFk&amp;feature=youtu.be\u00bb \/][\/et_pb_column][\/et_pb_row][\/et_pb_section]<\/p>\n","protected":false},"excerpt":{"rendered":"<p>Dentro del plan de Coeducaci\u00f3n e Igualdad de Oportunidades propuesto por el Ayuntamiento de Granada <\/p>\n","protected":false},"author":2,"featured_media":0,"comment_status":"open","ping_status":"open","sticky":false,"template":"","format":"standard","meta":{"_et_pb_use_builder":"on","_et_pb_old_content":"","_et_gb_content_width":"","footnotes":""},"categories":[11,10,1],"tags":[],"class_list":["post-7088","post","type-post","status-publish","format-standard","hentry","category-colegio","category-portada","category-uncategorized"],"yoast_head":"<!-- This site is optimized with the Yoast SEO plugin v28.4 - https:\/\/yoast.com\/product\/yoast-seo-wordpress\/ -->\n<title>1\u00ba de ESO en la CASA ESCUELA - Familia Salesiana<\/title>\n<meta name=\"robots\" content=\"index, follow, max-snippet:-1, max-image-preview:large, max-video-preview:-1\" \/>\n<link rel=\"canonical\" href=\"https:\/\/granada.salesianos.edu\/familiasalesiana\/blog\/1o-de-eso-en-la-casa-escuela\/\" \/>\n<meta property=\"og:locale\" content=\"es_ES\" \/>\n<meta property=\"og:type\" content=\"article\" \/>\n<meta property=\"og:title\" content=\"1\u00ba de ESO en la CASA ESCUELA - Familia Salesiana\" \/>\n<meta property=\"og:description\" content=\"Dentro del plan de Coeducaci\u00f3n e Igualdad de Oportunidades propuesto por el Ayuntamiento de Granada\" \/>\n<meta property=\"og:url\" content=\"https:\/\/granada.salesianos.edu\/familiasalesiana\/blog\/1o-de-eso-en-la-casa-escuela\/\" \/>\n<meta property=\"og:site_name\" content=\"Familia Salesiana\" \/>\n<meta property=\"article:published_time\" content=\"2018-01-15T08:41:40+00:00\" \/>\n<meta property=\"article:modified_time\" content=\"2018-01-20T19:08:24+00:00\" \/>\n<meta name=\"author\" content=\"Gestor Web\" \/>\n<meta name=\"twitter:card\" content=\"summary_large_image\" \/>\n<meta name=\"twitter:label1\" content=\"Escrito por\" \/>\n\t<meta name=\"twitter:data1\" content=\"Gestor Web\" \/>\n\t<meta name=\"twitter:label2\" content=\"Tiempo de lectura\" \/>\n\t<meta name=\"twitter:data2\" content=\"2 minutos\" \/>\n<script type=\"application\/ld+json\" class=\"yoast-schema-graph\">{\"@context\":\"https:\\\/\\\/schema.org\",\"@graph\":[{\"@type\":\"Article\",\"@id\":\"https:\\\/\\\/granada.salesianos.edu\\\/familiasalesiana\\\/blog\\\/1o-de-eso-en-la-casa-escuela\\\/#article\",\"isPartOf\":{\"@id\":\"https:\\\/\\\/granada.salesianos.edu\\\/familiasalesiana\\\/blog\\\/1o-de-eso-en-la-casa-escuela\\\/\"},\"author\":{\"name\":\"Gestor Web\",\"@id\":\"https:\\\/\\\/granada.salesianos.edu\\\/familiasalesiana\\\/#\\\/schema\\\/person\\\/6392ff2e4bd1e66981d6eab734bbd962\"},\"headline\":\"1\u00ba de ESO en la CASA ESCUELA\",\"datePublished\":\"2018-01-15T08:41:40+00:00\",\"dateModified\":\"2018-01-20T19:08:24+00:00\",\"mainEntityOfPage\":{\"@id\":\"https:\\\/\\\/granada.salesianos.edu\\\/familiasalesiana\\\/blog\\\/1o-de-eso-en-la-casa-escuela\\\/\"},\"wordCount\":412,\"commentCount\":0,\"articleSection\":[\"Colegio\",\"Portada\",\"Uncategorized\"],\"inLanguage\":\"es\",\"potentialAction\":[{\"@type\":\"CommentAction\",\"name\":\"Comment\",\"target\":[\"https:\\\/\\\/granada.salesianos.edu\\\/familiasalesiana\\\/blog\\\/1o-de-eso-en-la-casa-escuela\\\/#respond\"]}]},{\"@type\":\"WebPage\",\"@id\":\"https:\\\/\\\/granada.salesianos.edu\\\/familiasalesiana\\\/blog\\\/1o-de-eso-en-la-casa-escuela\\\/\",\"url\":\"https:\\\/\\\/granada.salesianos.edu\\\/familiasalesiana\\\/blog\\\/1o-de-eso-en-la-casa-escuela\\\/\",\"name\":\"1\u00ba de ESO en la CASA ESCUELA - Familia Salesiana\",\"isPartOf\":{\"@id\":\"https:\\\/\\\/granada.salesianos.edu\\\/familiasalesiana\\\/#website\"},\"datePublished\":\"2018-01-15T08:41:40+00:00\",\"dateModified\":\"2018-01-20T19:08:24+00:00\",\"author\":{\"@id\":\"https:\\\/\\\/granada.salesianos.edu\\\/familiasalesiana\\\/#\\\/schema\\\/person\\\/6392ff2e4bd1e66981d6eab734bbd962\"},\"breadcrumb\":{\"@id\":\"https:\\\/\\\/granada.salesianos.edu\\\/familiasalesiana\\\/blog\\\/1o-de-eso-en-la-casa-escuela\\\/#breadcrumb\"},\"inLanguage\":\"es\",\"potentialAction\":[{\"@type\":\"ReadAction\",\"target\":[\"https:\\\/\\\/granada.salesianos.edu\\\/familiasalesiana\\\/blog\\\/1o-de-eso-en-la-casa-escuela\\\/\"]}]},{\"@type\":\"BreadcrumbList\",\"@id\":\"https:\\\/\\\/granada.salesianos.edu\\\/familiasalesiana\\\/blog\\\/1o-de-eso-en-la-casa-escuela\\\/#breadcrumb\",\"itemListElement\":[{\"@type\":\"ListItem\",\"position\":1,\"name\":\"Portada\",\"item\":\"https:\\\/\\\/granada.salesianos.edu\\\/familiasalesiana\\\/\"},{\"@type\":\"ListItem\",\"position\":2,\"name\":\"1\u00ba de ESO en la CASA ESCUELA\"}]},{\"@type\":\"WebSite\",\"@id\":\"https:\\\/\\\/granada.salesianos.edu\\\/familiasalesiana\\\/#website\",\"url\":\"https:\\\/\\\/granada.salesianos.edu\\\/familiasalesiana\\\/\",\"name\":\"Familia Salesiana\",\"description\":\"P\u00e1gina oficial de Salesianos Granada San Juan Bosco\",\"potentialAction\":[{\"@type\":\"SearchAction\",\"target\":{\"@type\":\"EntryPoint\",\"urlTemplate\":\"https:\\\/\\\/granada.salesianos.edu\\\/familiasalesiana\\\/?s={search_term_string}\"},\"query-input\":{\"@type\":\"PropertyValueSpecification\",\"valueRequired\":true,\"valueName\":\"search_term_string\"}}],\"inLanguage\":\"es\"},{\"@type\":\"Person\",\"@id\":\"https:\\\/\\\/granada.salesianos.edu\\\/familiasalesiana\\\/#\\\/schema\\\/person\\\/6392ff2e4bd1e66981d6eab734bbd962\",\"name\":\"Gestor Web\",\"image\":{\"@type\":\"ImageObject\",\"inLanguage\":\"es\",\"@id\":\"https:\\\/\\\/secure.gravatar.com\\\/avatar\\\/160666bb56a01520857079961a824af2b7821d6bad80677c80f2b473fceead1b?s=96&d=mm&r=g\",\"url\":\"https:\\\/\\\/secure.gravatar.com\\\/avatar\\\/160666bb56a01520857079961a824af2b7821d6bad80677c80f2b473fceead1b?s=96&d=mm&r=g\",\"contentUrl\":\"https:\\\/\\\/secure.gravatar.com\\\/avatar\\\/160666bb56a01520857079961a824af2b7821d6bad80677c80f2b473fceead1b?s=96&d=mm&r=g\",\"caption\":\"Gestor Web\"}}]}<\/script>\n<!-- \/ Yoast SEO plugin. -->","yoast_head_json":{"title":"1\u00ba de ESO en la CASA ESCUELA - Familia Salesiana","robots":{"index":"index","follow":"follow","max-snippet":"max-snippet:-1","max-image-preview":"max-image-preview:large","max-video-preview":"max-video-preview:-1"},"canonical":"https:\/\/granada.salesianos.edu\/familiasalesiana\/blog\/1o-de-eso-en-la-casa-escuela\/","og_locale":"es_ES","og_type":"article","og_title":"1\u00ba de ESO en la CASA ESCUELA - Familia Salesiana","og_description":"Dentro del plan de Coeducaci\u00f3n e Igualdad de Oportunidades propuesto por el Ayuntamiento de Granada","og_url":"https:\/\/granada.salesianos.edu\/familiasalesiana\/blog\/1o-de-eso-en-la-casa-escuela\/","og_site_name":"Familia Salesiana","article_published_time":"2018-01-15T08:41:40+00:00","article_modified_time":"2018-01-20T19:08:24+00:00","author":"Gestor Web","twitter_card":"summary_large_image","twitter_misc":{"Escrito por":"Gestor Web","Tiempo de lectura":"2 minutos"},"schema":{"@context":"https:\/\/schema.org","@graph":[{"@type":"Article","@id":"https:\/\/granada.salesianos.edu\/familiasalesiana\/blog\/1o-de-eso-en-la-casa-escuela\/#article","isPartOf":{"@id":"https:\/\/granada.salesianos.edu\/familiasalesiana\/blog\/1o-de-eso-en-la-casa-escuela\/"},"author":{"name":"Gestor Web","@id":"https:\/\/granada.salesianos.edu\/familiasalesiana\/#\/schema\/person\/6392ff2e4bd1e66981d6eab734bbd962"},"headline":"1\u00ba de ESO en la CASA ESCUELA","datePublished":"2018-01-15T08:41:40+00:00","dateModified":"2018-01-20T19:08:24+00:00","mainEntityOfPage":{"@id":"https:\/\/granada.salesianos.edu\/familiasalesiana\/blog\/1o-de-eso-en-la-casa-escuela\/"},"wordCount":412,"commentCount":0,"articleSection":["Colegio","Portada","Uncategorized"],"inLanguage":"es","potentialAction":[{"@type":"CommentAction","name":"Comment","target":["https:\/\/granada.salesianos.edu\/familiasalesiana\/blog\/1o-de-eso-en-la-casa-escuela\/#respond"]}]},{"@type":"WebPage","@id":"https:\/\/granada.salesianos.edu\/familiasalesiana\/blog\/1o-de-eso-en-la-casa-escuela\/","url":"https:\/\/granada.salesianos.edu\/familiasalesiana\/blog\/1o-de-eso-en-la-casa-escuela\/","name":"1\u00ba de ESO en la CASA ESCUELA - Familia Salesiana","isPartOf":{"@id":"https:\/\/granada.salesianos.edu\/familiasalesiana\/#website"},"datePublished":"2018-01-15T08:41:40+00:00","dateModified":"2018-01-20T19:08:24+00:00","author":{"@id":"https:\/\/granada.salesianos.edu\/familiasalesiana\/#\/schema\/person\/6392ff2e4bd1e66981d6eab734bbd962"},"breadcrumb":{"@id":"https:\/\/granada.salesianos.edu\/familiasalesiana\/blog\/1o-de-eso-en-la-casa-escuela\/#breadcrumb"},"inLanguage":"es","potentialAction":[{"@type":"ReadAction","target":["https:\/\/granada.salesianos.edu\/familiasalesiana\/blog\/1o-de-eso-en-la-casa-escuela\/"]}]},{"@type":"BreadcrumbList","@id":"https:\/\/granada.salesianos.edu\/familiasalesiana\/blog\/1o-de-eso-en-la-casa-escuela\/#breadcrumb","itemListElement":[{"@type":"ListItem","position":1,"name":"Portada","item":"https:\/\/granada.salesianos.edu\/familiasalesiana\/"},{"@type":"ListItem","position":2,"name":"1\u00ba de ESO en la CASA ESCUELA"}]},{"@type":"WebSite","@id":"https:\/\/granada.salesianos.edu\/familiasalesiana\/#website","url":"https:\/\/granada.salesianos.edu\/familiasalesiana\/","name":"Familia Salesiana","description":"P\u00e1gina oficial de Salesianos Granada San Juan Bosco","potentialAction":[{"@type":"SearchAction","target":{"@type":"EntryPoint","urlTemplate":"https:\/\/granada.salesianos.edu\/familiasalesiana\/?s={search_term_string}"},"query-input":{"@type":"PropertyValueSpecification","valueRequired":true,"valueName":"search_term_string"}}],"inLanguage":"es"},{"@type":"Person","@id":"https:\/\/granada.salesianos.edu\/familiasalesiana\/#\/schema\/person\/6392ff2e4bd1e66981d6eab734bbd962","name":"Gestor Web","image":{"@type":"ImageObject","inLanguage":"es","@id":"https:\/\/secure.gravatar.com\/avatar\/160666bb56a01520857079961a824af2b7821d6bad80677c80f2b473fceead1b?s=96&d=mm&r=g","url":"https:\/\/secure.gravatar.com\/avatar\/160666bb56a01520857079961a824af2b7821d6bad80677c80f2b473fceead1b?s=96&d=mm&r=g","contentUrl":"https:\/\/secure.gravatar.com\/avatar\/160666bb56a01520857079961a824af2b7821d6bad80677c80f2b473fceead1b?s=96&d=mm&r=g","caption":"Gestor Web"}}]}},"_links":{"self":[{"href":"https:\/\/granada.salesianos.edu\/familiasalesiana\/wp-json\/wp\/v2\/posts\/7088","targetHints":{"allow":["GET"]}}],"collection":[{"href":"https:\/\/granada.salesianos.edu\/familiasalesiana\/wp-json\/wp\/v2\/posts"}],"about":[{"href":"https:\/\/granada.salesianos.edu\/familiasalesiana\/wp-json\/wp\/v2\/types\/post"}],"author":[{"embeddable":true,"href":"https:\/\/granada.salesianos.edu\/familiasalesiana\/wp-json\/wp\/v2\/users\/2"}],"replies":[{"embeddable":true,"href":"https:\/\/granada.salesianos.edu\/familiasalesiana\/wp-json\/wp\/v2\/comments?post=7088"}],"version-history":[{"count":7,"href":"https:\/\/granada.salesianos.edu\/familiasalesiana\/wp-json\/wp\/v2\/posts\/7088\/revisions"}],"predecessor-version":[{"id":7098,"href":"https:\/\/granada.salesianos.edu\/familiasalesiana\/wp-json\/wp\/v2\/posts\/7088\/revisions\/7098"}],"wp:attachment":[{"href":"https:\/\/granada.salesianos.edu\/familiasalesiana\/wp-json\/wp\/v2\/media?parent=7088"}],"wp:term":[{"taxonomy":"category","embeddable":true,"href":"https:\/\/granada.salesianos.edu\/familiasalesiana\/wp-json\/wp\/v2\/categories?post=7088"},{"taxonomy":"post_tag","embeddable":true,"href":"https:\/\/granada.salesianos.edu\/familiasalesiana\/wp-json\/wp\/v2\/tags?post=7088"}],"curies":[{"name":"wp","href":"https:\/\/api.w.org\/{rel}","templated":true}]}}