{"id":7099,"date":"2018-01-16T07:42:25","date_gmt":"2018-01-16T05:42:25","guid":{"rendered":"https:\/\/granada.salesianos.edu\/familiasalesiana\/?p=7099"},"modified":"2018-01-16T17:50:40","modified_gmt":"2018-01-16T15:50:40","slug":"el-tiempo-es-oro","status":"publish","type":"post","link":"https:\/\/granada.salesianos.edu\/familiasalesiana\/blog\/el-tiempo-es-oro\/","title":{"rendered":"EL TIEMPO ES ORO"},"content":{"rendered":"<div id=\"fb-root\"><\/div>\n<p>[et_pb_section bb_built=\u00bb1&#8243; admin_label=\u00bbsection\u00bb][et_pb_row admin_label=\u00bbrow\u00bb background_position=\u00bbtop_left\u00bb background_repeat=\u00bbrepeat\u00bb background_size=\u00bbinitial\u00bb][et_pb_column type=\u00bb4_4&#8243;][et_pb_text admin_label=\u00bbEntradilla (Texto)\u00bb _builder_version=\u00bb3.0.92&#8243; background_layout=\u00bblight\u00bb text_orientation=\u00bbjustified\u00bb text_font=\u00bb|on|||\u00bb]<\/p>\n<h3><span style=\"color: #ff0000;\"><b>LA ACTIVIDAD SE BASA EN EL FAMOSO CONCURSO DE LOS 90<\/b><\/span><\/h3>\n<p>[\/et_pb_text][et_pb_text admin_label=\u00bbAutor (Texto)\u00bb _builder_version=\u00bb3.0.92&#8243; background_layout=\u00bblight\u00bb text_font=\u00bb||on||\u00bb]<\/p>\n<p>Por: D. Jos\u00e9 Luis Henares.<\/p>\n<p>[\/et_pb_text][et_pb_text admin_label=\u00bbDesarrollo (Texto)\u00bb _builder_version=\u00bb3.0.92&#8243; background_layout=\u00bblight\u00bb text_orientation=\u00bbjustified\u00bb]<\/p>\n<div>\n<h3><span style=\"font-family: 'Decima Nova Pro';\">Los alumnos de la optativa \u201cLiteratura Universal\u201d de 1\u00ba de Bachillerato, est\u00e1n trabajando el tema \u201cLa Ilustraci\u00f3n\u201d. Con este motivo y para reconocer la importancia que tuvo la creaci\u00f3n de la enciclopedia en esa \u00e9poca, han realizado un trabajo en grupo recordando el famoso concurso de los a\u00f1os 80 \u201cEl tiempo es oro\u201d.<\/span><\/h3>\n<h3><span style=\"font-family: 'Decima Nova Pro';\">\u00a0<\/span><\/h3>\n<h3><span style=\"font-family: 'Decima Nova Pro';\">El enunciado y pregunta era:\u00a0<\/span><\/h3>\n<h3><span style=\"font-family: 'Decima Nova Pro';\">\u00a0<\/span><\/h3>\n<div><span style=\"font-family: 'Decima Nova Pro';\">UN CONOCIDO ESCRITOR PARTICIP\u00d3 EN UNA FAMOSA BATALLA, EL A\u00d1O DE ESA BATALLA NACI\u00d3 UN FAMOSO PINTOR QUE PINT\u00d3 A\u00a0 UN PERSONAJE DE LA BIBLIA VENCIENDO A OTRO Y QUE\u00a0 EST\u00c1 EN EL MUSEO DEL PRADO.<\/span><\/div>\n<div><span style=\"font-family: 'Decima Nova Pro';\">\u00bfQUI\u00c9N ES EL ESCRITOR?<\/span><\/div>\n<div><span style=\"font-family: 'Decima Nova Pro';\">\u00bfCU\u00c1L ES LA BATALLA EN LA QUE PARTICIP\u00d3?<\/span><\/div>\n<div><span style=\"font-family: 'Decima Nova Pro';\">\u00bfQUI\u00c9N ES EL PINTOR?<\/span><\/div>\n<div><span style=\"font-family: 'Decima Nova Pro';\">\u00bfCU\u00c1L ES LA OBRA?<\/span><\/div>\n<div><span style=\"font-family: 'Decima Nova Pro';\">\u00a0<\/span><\/div>\n<div><span style=\"font-family: 'Decima Nova Pro';\">\u00bfSabr\u00edan resolver el\u00a0<\/span><span style=\"color: #3e231a; font-family: 'Decima Nova Pro';\">enunciado? Nuestros\u00a0alumnos \u00a0lo\u00a0consiguieron en tiempo y forma.\u00a0<\/span><\/div>\n<div><span style=\"color: #3e231a; font-family: 'Decima Nova Pro';\">\u00a0<\/span><\/div>\n<div><span style=\"color: #3e231a; font-family: 'Decima Nova Pro';\">\u00a0<\/span><\/div>\n<div><\/div>\n<\/div>\n<h3><\/h3>\n<div>\n<div>\n<h3><\/h3>\n<h3><\/h3>\n<\/div>\n<\/div>\n<p>[\/et_pb_text][et_pb_text admin_label=\u00bbT\u00edtulo: Galer\u00eda de fotos (Texto)\u00bb _builder_version=\u00bb3.0.92&#8243; background_layout=\u00bblight\u00bb text_font=\u00bb|on|||\u00bb text_text_color=\u00bb#dc001b\u00bb disabled=\u00bboff\u00bb disabled_on=\u00bboff|off|off\u00bb]<\/p>\n<p>GALER\u00cdA FOTOGR\u00c1FICA<\/p>\n<p>&nbsp;<\/p>\n<p>&nbsp;<\/p>\n<p>[\/et_pb_text][et_pb_gallery _builder_version=\u00bb3.0.92&#8243; show_title_and_caption=\u00bboff\u00bb show_pagination=\u00bbon\u00bb fullwidth=\u00bboff\u00bb orientation=\u00bblandscape\u00bb zoom_icon_color=\u00bb#dc001b\u00bb hover_overlay_color=\u00bbrgba(255,255,255,0.9)\u00bb hover_icon=\u00bb%%51%%\u00bb background_layout=\u00bblight\u00bb border_style=\u00bbsolid\u00bb disabled=\u00bboff\u00bb disabled_on=\u00bboff|off|off\u00bb gallery_ids=\u00bb7100,7101,7102,7103&#8243; pagination_font_size_tablet=\u00bb51&#8243; pagination_line_height_tablet=\u00bb2&#8243; \/][et_pb_video _builder_version=\u00bb3.0.92&#8243; disabled=\u00bboff\u00bb disabled_on=\u00bboff|off|off\u00bb src=\u00bbhttps:\/\/www.youtube.com\/watch?v=C-lK2p50dWE&amp;feature=youtu.be\u00bb image_src=\u00bb\/\/i.ytimg.com\/vi\/C-lK2p50dWE\/hqdefault.jpg\u00bb \/][\/et_pb_column][\/et_pb_row][\/et_pb_section]<\/p>\n","protected":false},"excerpt":{"rendered":"<p>Los alumnos de la optativa \u201cLiteratura Universal\u201d de 1\u00ba de Bachillerato, est\u00e1n trabajando el tema \u201cLa Ilustraci\u00f3n\u201d. Con este motivo y para reconocer la importancia que tuvo la creaci\u00f3n de la enciclopedia en esa \u00e9poca, han realizado un trabajo en grupo recordando el famoso concurso de los a\u00f1os 80 \u201cEl tiempo es oro\u201d.<\/p>\n","protected":false},"author":2,"featured_media":0,"comment_status":"open","ping_status":"open","sticky":false,"template":"","format":"standard","meta":{"_et_pb_use_builder":"on","_et_pb_old_content":"","_et_gb_content_width":"","footnotes":""},"categories":[11,10,1],"tags":[],"class_list":["post-7099","post","type-post","status-publish","format-standard","hentry","category-colegio","category-portada","category-uncategorized"],"yoast_head":"<!-- This site is optimized with the Yoast SEO plugin v28.4 - https:\/\/yoast.com\/product\/yoast-seo-wordpress\/ -->\n<title>EL TIEMPO ES ORO - Familia Salesiana<\/title>\n<meta name=\"robots\" content=\"index, follow, max-snippet:-1, max-image-preview:large, max-video-preview:-1\" \/>\n<link rel=\"canonical\" href=\"https:\/\/granada.salesianos.edu\/familiasalesiana\/blog\/el-tiempo-es-oro\/\" \/>\n<meta property=\"og:locale\" content=\"es_ES\" \/>\n<meta property=\"og:type\" content=\"article\" \/>\n<meta property=\"og:title\" content=\"EL TIEMPO ES ORO - Familia Salesiana\" \/>\n<meta property=\"og:description\" content=\"Los alumnos de la optativa \u201cLiteratura Universal\u201d de 1\u00ba de Bachillerato, est\u00e1n trabajando el tema \u201cLa Ilustraci\u00f3n\u201d. Con este motivo y para reconocer la importancia que tuvo la creaci\u00f3n de la enciclopedia en esa \u00e9poca, han realizado un trabajo en grupo recordando el famoso concurso de los a\u00f1os 80 \u201cEl tiempo es oro\u201d.\" \/>\n<meta property=\"og:url\" content=\"https:\/\/granada.salesianos.edu\/familiasalesiana\/blog\/el-tiempo-es-oro\/\" \/>\n<meta property=\"og:site_name\" content=\"Familia Salesiana\" \/>\n<meta property=\"article:published_time\" content=\"2018-01-16T05:42:25+00:00\" \/>\n<meta property=\"article:modified_time\" content=\"2018-01-16T15:50:40+00:00\" \/>\n<meta name=\"author\" content=\"Gestor Web\" \/>\n<meta name=\"twitter:card\" content=\"summary_large_image\" \/>\n<meta name=\"twitter:label1\" content=\"Escrito por\" \/>\n\t<meta name=\"twitter:data1\" content=\"Gestor Web\" \/>\n\t<meta name=\"twitter:label2\" content=\"Tiempo de lectura\" \/>\n\t<meta name=\"twitter:data2\" content=\"2 minutos\" \/>\n<script type=\"application\/ld+json\" class=\"yoast-schema-graph\">{\"@context\":\"https:\\\/\\\/schema.org\",\"@graph\":[{\"@type\":\"Article\",\"@id\":\"https:\\\/\\\/granada.salesianos.edu\\\/familiasalesiana\\\/blog\\\/el-tiempo-es-oro\\\/#article\",\"isPartOf\":{\"@id\":\"https:\\\/\\\/granada.salesianos.edu\\\/familiasalesiana\\\/blog\\\/el-tiempo-es-oro\\\/\"},\"author\":{\"name\":\"Gestor Web\",\"@id\":\"https:\\\/\\\/granada.salesianos.edu\\\/familiasalesiana\\\/#\\\/schema\\\/person\\\/6392ff2e4bd1e66981d6eab734bbd962\"},\"headline\":\"EL TIEMPO ES ORO\",\"datePublished\":\"2018-01-16T05:42:25+00:00\",\"dateModified\":\"2018-01-16T15:50:40+00:00\",\"mainEntityOfPage\":{\"@id\":\"https:\\\/\\\/granada.salesianos.edu\\\/familiasalesiana\\\/blog\\\/el-tiempo-es-oro\\\/\"},\"wordCount\":376,\"commentCount\":0,\"articleSection\":[\"Colegio\",\"Portada\",\"Uncategorized\"],\"inLanguage\":\"es\",\"potentialAction\":[{\"@type\":\"CommentAction\",\"name\":\"Comment\",\"target\":[\"https:\\\/\\\/granada.salesianos.edu\\\/familiasalesiana\\\/blog\\\/el-tiempo-es-oro\\\/#respond\"]}]},{\"@type\":\"WebPage\",\"@id\":\"https:\\\/\\\/granada.salesianos.edu\\\/familiasalesiana\\\/blog\\\/el-tiempo-es-oro\\\/\",\"url\":\"https:\\\/\\\/granada.salesianos.edu\\\/familiasalesiana\\\/blog\\\/el-tiempo-es-oro\\\/\",\"name\":\"EL TIEMPO ES ORO - Familia Salesiana\",\"isPartOf\":{\"@id\":\"https:\\\/\\\/granada.salesianos.edu\\\/familiasalesiana\\\/#website\"},\"datePublished\":\"2018-01-16T05:42:25+00:00\",\"dateModified\":\"2018-01-16T15:50:40+00:00\",\"author\":{\"@id\":\"https:\\\/\\\/granada.salesianos.edu\\\/familiasalesiana\\\/#\\\/schema\\\/person\\\/6392ff2e4bd1e66981d6eab734bbd962\"},\"breadcrumb\":{\"@id\":\"https:\\\/\\\/granada.salesianos.edu\\\/familiasalesiana\\\/blog\\\/el-tiempo-es-oro\\\/#breadcrumb\"},\"inLanguage\":\"es\",\"potentialAction\":[{\"@type\":\"ReadAction\",\"target\":[\"https:\\\/\\\/granada.salesianos.edu\\\/familiasalesiana\\\/blog\\\/el-tiempo-es-oro\\\/\"]}]},{\"@type\":\"BreadcrumbList\",\"@id\":\"https:\\\/\\\/granada.salesianos.edu\\\/familiasalesiana\\\/blog\\\/el-tiempo-es-oro\\\/#breadcrumb\",\"itemListElement\":[{\"@type\":\"ListItem\",\"position\":1,\"name\":\"Portada\",\"item\":\"https:\\\/\\\/granada.salesianos.edu\\\/familiasalesiana\\\/\"},{\"@type\":\"ListItem\",\"position\":2,\"name\":\"EL TIEMPO ES ORO\"}]},{\"@type\":\"WebSite\",\"@id\":\"https:\\\/\\\/granada.salesianos.edu\\\/familiasalesiana\\\/#website\",\"url\":\"https:\\\/\\\/granada.salesianos.edu\\\/familiasalesiana\\\/\",\"name\":\"Familia Salesiana\",\"description\":\"P\u00e1gina oficial de Salesianos Granada San Juan Bosco\",\"potentialAction\":[{\"@type\":\"SearchAction\",\"target\":{\"@type\":\"EntryPoint\",\"urlTemplate\":\"https:\\\/\\\/granada.salesianos.edu\\\/familiasalesiana\\\/?s={search_term_string}\"},\"query-input\":{\"@type\":\"PropertyValueSpecification\",\"valueRequired\":true,\"valueName\":\"search_term_string\"}}],\"inLanguage\":\"es\"},{\"@type\":\"Person\",\"@id\":\"https:\\\/\\\/granada.salesianos.edu\\\/familiasalesiana\\\/#\\\/schema\\\/person\\\/6392ff2e4bd1e66981d6eab734bbd962\",\"name\":\"Gestor Web\",\"image\":{\"@type\":\"ImageObject\",\"inLanguage\":\"es\",\"@id\":\"https:\\\/\\\/secure.gravatar.com\\\/avatar\\\/160666bb56a01520857079961a824af2b7821d6bad80677c80f2b473fceead1b?s=96&d=mm&r=g\",\"url\":\"https:\\\/\\\/secure.gravatar.com\\\/avatar\\\/160666bb56a01520857079961a824af2b7821d6bad80677c80f2b473fceead1b?s=96&d=mm&r=g\",\"contentUrl\":\"https:\\\/\\\/secure.gravatar.com\\\/avatar\\\/160666bb56a01520857079961a824af2b7821d6bad80677c80f2b473fceead1b?s=96&d=mm&r=g\",\"caption\":\"Gestor Web\"}}]}<\/script>\n<!-- \/ Yoast SEO plugin. -->","yoast_head_json":{"title":"EL TIEMPO ES ORO - Familia Salesiana","robots":{"index":"index","follow":"follow","max-snippet":"max-snippet:-1","max-image-preview":"max-image-preview:large","max-video-preview":"max-video-preview:-1"},"canonical":"https:\/\/granada.salesianos.edu\/familiasalesiana\/blog\/el-tiempo-es-oro\/","og_locale":"es_ES","og_type":"article","og_title":"EL TIEMPO ES ORO - Familia Salesiana","og_description":"Los alumnos de la optativa \u201cLiteratura Universal\u201d de 1\u00ba de Bachillerato, est\u00e1n trabajando el tema \u201cLa Ilustraci\u00f3n\u201d. Con este motivo y para reconocer la importancia que tuvo la creaci\u00f3n de la enciclopedia en esa \u00e9poca, han realizado un trabajo en grupo recordando el famoso concurso de los a\u00f1os 80 \u201cEl tiempo es oro\u201d.","og_url":"https:\/\/granada.salesianos.edu\/familiasalesiana\/blog\/el-tiempo-es-oro\/","og_site_name":"Familia Salesiana","article_published_time":"2018-01-16T05:42:25+00:00","article_modified_time":"2018-01-16T15:50:40+00:00","author":"Gestor Web","twitter_card":"summary_large_image","twitter_misc":{"Escrito por":"Gestor Web","Tiempo de lectura":"2 minutos"},"schema":{"@context":"https:\/\/schema.org","@graph":[{"@type":"Article","@id":"https:\/\/granada.salesianos.edu\/familiasalesiana\/blog\/el-tiempo-es-oro\/#article","isPartOf":{"@id":"https:\/\/granada.salesianos.edu\/familiasalesiana\/blog\/el-tiempo-es-oro\/"},"author":{"name":"Gestor Web","@id":"https:\/\/granada.salesianos.edu\/familiasalesiana\/#\/schema\/person\/6392ff2e4bd1e66981d6eab734bbd962"},"headline":"EL TIEMPO ES ORO","datePublished":"2018-01-16T05:42:25+00:00","dateModified":"2018-01-16T15:50:40+00:00","mainEntityOfPage":{"@id":"https:\/\/granada.salesianos.edu\/familiasalesiana\/blog\/el-tiempo-es-oro\/"},"wordCount":376,"commentCount":0,"articleSection":["Colegio","Portada","Uncategorized"],"inLanguage":"es","potentialAction":[{"@type":"CommentAction","name":"Comment","target":["https:\/\/granada.salesianos.edu\/familiasalesiana\/blog\/el-tiempo-es-oro\/#respond"]}]},{"@type":"WebPage","@id":"https:\/\/granada.salesianos.edu\/familiasalesiana\/blog\/el-tiempo-es-oro\/","url":"https:\/\/granada.salesianos.edu\/familiasalesiana\/blog\/el-tiempo-es-oro\/","name":"EL TIEMPO ES ORO - Familia Salesiana","isPartOf":{"@id":"https:\/\/granada.salesianos.edu\/familiasalesiana\/#website"},"datePublished":"2018-01-16T05:42:25+00:00","dateModified":"2018-01-16T15:50:40+00:00","author":{"@id":"https:\/\/granada.salesianos.edu\/familiasalesiana\/#\/schema\/person\/6392ff2e4bd1e66981d6eab734bbd962"},"breadcrumb":{"@id":"https:\/\/granada.salesianos.edu\/familiasalesiana\/blog\/el-tiempo-es-oro\/#breadcrumb"},"inLanguage":"es","potentialAction":[{"@type":"ReadAction","target":["https:\/\/granada.salesianos.edu\/familiasalesiana\/blog\/el-tiempo-es-oro\/"]}]},{"@type":"BreadcrumbList","@id":"https:\/\/granada.salesianos.edu\/familiasalesiana\/blog\/el-tiempo-es-oro\/#breadcrumb","itemListElement":[{"@type":"ListItem","position":1,"name":"Portada","item":"https:\/\/granada.salesianos.edu\/familiasalesiana\/"},{"@type":"ListItem","position":2,"name":"EL TIEMPO ES ORO"}]},{"@type":"WebSite","@id":"https:\/\/granada.salesianos.edu\/familiasalesiana\/#website","url":"https:\/\/granada.salesianos.edu\/familiasalesiana\/","name":"Familia Salesiana","description":"P\u00e1gina oficial de Salesianos Granada San Juan Bosco","potentialAction":[{"@type":"SearchAction","target":{"@type":"EntryPoint","urlTemplate":"https:\/\/granada.salesianos.edu\/familiasalesiana\/?s={search_term_string}"},"query-input":{"@type":"PropertyValueSpecification","valueRequired":true,"valueName":"search_term_string"}}],"inLanguage":"es"},{"@type":"Person","@id":"https:\/\/granada.salesianos.edu\/familiasalesiana\/#\/schema\/person\/6392ff2e4bd1e66981d6eab734bbd962","name":"Gestor Web","image":{"@type":"ImageObject","inLanguage":"es","@id":"https:\/\/secure.gravatar.com\/avatar\/160666bb56a01520857079961a824af2b7821d6bad80677c80f2b473fceead1b?s=96&d=mm&r=g","url":"https:\/\/secure.gravatar.com\/avatar\/160666bb56a01520857079961a824af2b7821d6bad80677c80f2b473fceead1b?s=96&d=mm&r=g","contentUrl":"https:\/\/secure.gravatar.com\/avatar\/160666bb56a01520857079961a824af2b7821d6bad80677c80f2b473fceead1b?s=96&d=mm&r=g","caption":"Gestor Web"}}]}},"_links":{"self":[{"href":"https:\/\/granada.salesianos.edu\/familiasalesiana\/wp-json\/wp\/v2\/posts\/7099","targetHints":{"allow":["GET"]}}],"collection":[{"href":"https:\/\/granada.salesianos.edu\/familiasalesiana\/wp-json\/wp\/v2\/posts"}],"about":[{"href":"https:\/\/granada.salesianos.edu\/familiasalesiana\/wp-json\/wp\/v2\/types\/post"}],"author":[{"embeddable":true,"href":"https:\/\/granada.salesianos.edu\/familiasalesiana\/wp-json\/wp\/v2\/users\/2"}],"replies":[{"embeddable":true,"href":"https:\/\/granada.salesianos.edu\/familiasalesiana\/wp-json\/wp\/v2\/comments?post=7099"}],"version-history":[{"count":4,"href":"https:\/\/granada.salesianos.edu\/familiasalesiana\/wp-json\/wp\/v2\/posts\/7099\/revisions"}],"predecessor-version":[{"id":7106,"href":"https:\/\/granada.salesianos.edu\/familiasalesiana\/wp-json\/wp\/v2\/posts\/7099\/revisions\/7106"}],"wp:attachment":[{"href":"https:\/\/granada.salesianos.edu\/familiasalesiana\/wp-json\/wp\/v2\/media?parent=7099"}],"wp:term":[{"taxonomy":"category","embeddable":true,"href":"https:\/\/granada.salesianos.edu\/familiasalesiana\/wp-json\/wp\/v2\/categories?post=7099"},{"taxonomy":"post_tag","embeddable":true,"href":"https:\/\/granada.salesianos.edu\/familiasalesiana\/wp-json\/wp\/v2\/tags?post=7099"}],"curies":[{"name":"wp","href":"https:\/\/api.w.org\/{rel}","templated":true}]}}