{"id":7172,"date":"2018-01-25T13:44:35","date_gmt":"2018-01-25T11:44:35","guid":{"rendered":"https:\/\/granada.salesianos.edu\/familiasalesiana\/?p=7172"},"modified":"2018-01-25T13:48:40","modified_gmt":"2018-01-25T11:48:40","slug":"celebramos-el-carisma-salesiano-24-de-enero","status":"publish","type":"post","link":"https:\/\/granada.salesianos.edu\/familiasalesiana\/blog\/celebramos-el-carisma-salesiano-24-de-enero\/","title":{"rendered":"CELEBRAMOS EL CARISMA SALESIANO. 24 DE ENERO."},"content":{"rendered":"<div id=\"fb-root\"><\/div>\n<p>[et_pb_section bb_built=\u00bb1&#8243; admin_label=\u00bbsection\u00bb][et_pb_row admin_label=\u00bbrow\u00bb background_position=\u00bbtop_left\u00bb background_repeat=\u00bbrepeat\u00bb background_size=\u00bbinitial\u00bb][et_pb_column type=\u00bb4_4&#8243;][et_pb_text admin_label=\u00bbEntradilla (Texto)\u00bb _builder_version=\u00bb3.0.92&#8243; background_layout=\u00bblight\u00bb text_orientation=\u00bbjustified\u00bb text_font=\u00bb|on|||\u00bb]<\/p>\n<h4><span style=\"color: #ff0000;\"><strong>En la Fiesta de San Francisco de Sales, Patrono de la Congregaci\u00f3n, de la Familia Salesiana y Patr\u00f3n de los Periodistas<\/strong><\/span><\/h4>\n<p>[\/et_pb_text][et_pb_text admin_label=\u00bbAutor (Texto)\u00bb _builder_version=\u00bb3.0.92&#8243; background_layout=\u00bblight\u00bb text_font=\u00bb||on||\u00bb]<\/p>\n<p>Por: Marco Antonio Romero Temblador, sdb. DIRECTOR DE LA OBRA<\/p>\n<p>[\/et_pb_text][et_pb_text admin_label=\u00bbDesarrollo (Texto)\u00bb _builder_version=\u00bb3.0.92&#8243; background_layout=\u00bblight\u00bb text_orientation=\u00bbjustified\u00bb]<\/p>\n<p>Durante la tarde de ayer, en el d\u00eda de San Francisco de Sales, nuestra casa celebraba el D\u00cdA del CARISMA SALESIANO, como cada 24 de enero.<\/p>\n<p><img loading=\"lazy\" decoding=\"async\" class=\"alignright size-medium wp-image-7176\" src=\"https:\/\/granada.salesianos.edu\/familiasalesiana\/wp-content\/uploads\/sites\/8\/2018\/01\/WhatsApp-Image-2018-01-25-at-12.43.42-2-300x225.jpeg\" alt=\"\" width=\"300\" height=\"225\" srcset=\"https:\/\/granada.salesianos.edu\/familiasalesiana\/wp-content\/uploads\/sites\/8\/2018\/01\/WhatsApp-Image-2018-01-25-at-12.43.42-2-300x225.jpeg 300w, https:\/\/granada.salesianos.edu\/familiasalesiana\/wp-content\/uploads\/sites\/8\/2018\/01\/WhatsApp-Image-2018-01-25-at-12.43.42-2-768x576.jpeg 768w, https:\/\/granada.salesianos.edu\/familiasalesiana\/wp-content\/uploads\/sites\/8\/2018\/01\/WhatsApp-Image-2018-01-25-at-12.43.42-2-1024x768.jpeg 1024w, https:\/\/granada.salesianos.edu\/familiasalesiana\/wp-content\/uploads\/sites\/8\/2018\/01\/WhatsApp-Image-2018-01-25-at-12.43.42-2-510x382.jpeg 510w, https:\/\/granada.salesianos.edu\/familiasalesiana\/wp-content\/uploads\/sites\/8\/2018\/01\/WhatsApp-Image-2018-01-25-at-12.43.42-2-1080x810.jpeg 1080w, https:\/\/granada.salesianos.edu\/familiasalesiana\/wp-content\/uploads\/sites\/8\/2018\/01\/WhatsApp-Image-2018-01-25-at-12.43.42-2.jpeg 1600w\" sizes=\"(max-width: 300px) 100vw, 300px\" \/>Nos reunimos a las 17:30 h miembros de todos los grupos de la casa: profesores, ADMA, pastoral juvenil, SSCC, HDB, AA.AA, y hermandad de la \u201cRedenci\u00f3n\u201d, para comenzar con momento de oraci\u00f3n. Tras el t\u00e9rmino de la misma dedicamos tiempo a conocer y reflexionar sobre el \u201cAguinaldo del Rector Mayor\u201d. De este momento destacamos la din\u00e1mica preparada por nuestros Salesianos Cooperadores donde pudimos compartir un poquito de nuestras vidas, siendo todos agua que calma la sed.<\/p>\n<p>Terminamos la jornada celebrando la Eucarist\u00eda, en la que la homil\u00eda se bas\u00f3 en el testimonio de un miembro laical de cada grupo de la Familia Salesiana, que nos explic\u00f3 como en su grupo se vive en el presente el carisma salesiano. Otro momento bonito fue la renovaci\u00f3n de nuestra fidelidad a Don Bosco que pudimos realizar todos los presentes.<\/p>\n<p>En fin, una tarde para demostrar que el Carisma Salesiano en Granada sigue vivo y, que con esta familia, seguir\u00e1 viviendo muchos a\u00f1os m\u00e1s.<\/p>\n<p>[\/et_pb_text][et_pb_text admin_label=\u00bbT\u00edtulo: Galer\u00eda de fotos (Texto)\u00bb _builder_version=\u00bb3.0.92&#8243; background_layout=\u00bblight\u00bb text_font=\u00bb|on|||\u00bb text_text_color=\u00bb#dc001b\u00bb disabled=\u00bboff\u00bb disabled_on=\u00bboff|off|off\u00bb]<\/p>\n<p>GALER\u00cdA FOTOGR\u00c1FICA<\/p>\n<p>&nbsp;<\/p>\n<p>&nbsp;<\/p>\n<p>[\/et_pb_text][et_pb_gallery _builder_version=\u00bb3.0.92&#8243; posts_number=\u00bb6&#8243; show_title_and_caption=\u00bboff\u00bb show_pagination=\u00bbon\u00bb fullwidth=\u00bboff\u00bb orientation=\u00bblandscape\u00bb zoom_icon_color=\u00bb#dc001b\u00bb hover_overlay_color=\u00bbrgba(255,255,255,0.9)\u00bb hover_icon=\u00bb%%51%%\u00bb background_layout=\u00bblight\u00bb disabled=\u00bboff\u00bb disabled_on=\u00bboff|off|off\u00bb gallery_ids=\u00bb7176,7173,7174,7177,7175&#8243; pagination_font_size_tablet=\u00bb51&#8243; pagination_line_height_tablet=\u00bb2&#8243; \/][et_pb_video _builder_version=\u00bb3.0.51&#8243; disabled=\u00bbon\u00bb disabled_on=\u00bbon|on|on\u00bb \/][\/et_pb_column][\/et_pb_row][\/et_pb_section]<\/p>\n","protected":false},"excerpt":{"rendered":"<p>Durante la tarde de ayer, en el d\u00eda de San Francisco de Sales, nuestra casa celebraba el D\u00cdA del CARISMA SALESIANO, como cada 24 de enero. Nos reunimos a las 17:30 h miembros de todos los grupos de la casa: profesores, ADMA, pastoral juvenil, SSCC, HDB, AA.AA, y hermandad de la \u201cRedenci\u00f3n\u201d, para comenzar con momento de oraci\u00f3n. <\/p>\n","protected":false},"author":2,"featured_media":0,"comment_status":"open","ping_status":"open","sticky":false,"template":"","format":"standard","meta":{"_et_pb_use_builder":"on","_et_pb_old_content":"","_et_gb_content_width":"","footnotes":""},"categories":[15,10,1],"tags":[],"class_list":["post-7172","post","type-post","status-publish","format-standard","hentry","category-familia-salesiana","category-portada","category-uncategorized"],"yoast_head":"<!-- This site is optimized with the Yoast SEO plugin v28.4 - https:\/\/yoast.com\/product\/yoast-seo-wordpress\/ -->\n<title>CELEBRAMOS EL CARISMA SALESIANO. 24 DE ENERO. - Familia Salesiana<\/title>\n<meta name=\"robots\" content=\"index, follow, max-snippet:-1, max-image-preview:large, max-video-preview:-1\" \/>\n<link rel=\"canonical\" href=\"https:\/\/granada.salesianos.edu\/familiasalesiana\/blog\/celebramos-el-carisma-salesiano-24-de-enero\/\" \/>\n<meta property=\"og:locale\" content=\"es_ES\" \/>\n<meta property=\"og:type\" content=\"article\" \/>\n<meta property=\"og:title\" content=\"CELEBRAMOS EL CARISMA SALESIANO. 24 DE ENERO. - Familia Salesiana\" \/>\n<meta property=\"og:description\" content=\"Durante la tarde de ayer, en el d\u00eda de San Francisco de Sales, nuestra casa celebraba el D\u00cdA del CARISMA SALESIANO, como cada 24 de enero. Nos reunimos a las 17:30 h miembros de todos los grupos de la casa: profesores, ADMA, pastoral juvenil, SSCC, HDB, AA.AA, y hermandad de la \u201cRedenci\u00f3n\u201d, para comenzar con momento de oraci\u00f3n.\" \/>\n<meta property=\"og:url\" content=\"https:\/\/granada.salesianos.edu\/familiasalesiana\/blog\/celebramos-el-carisma-salesiano-24-de-enero\/\" \/>\n<meta property=\"og:site_name\" content=\"Familia Salesiana\" \/>\n<meta property=\"article:published_time\" content=\"2018-01-25T11:44:35+00:00\" \/>\n<meta property=\"article:modified_time\" content=\"2018-01-25T11:48:40+00:00\" \/>\n<meta property=\"og:image\" content=\"https:\/\/granada.salesianos.edu\/familiasalesiana\/wp-content\/uploads\/sites\/8\/2018\/01\/WhatsApp-Image-2018-01-25-at-12.43.42-2.jpeg\" \/>\n\t<meta property=\"og:image:width\" content=\"1600\" \/>\n\t<meta property=\"og:image:height\" content=\"1200\" \/>\n\t<meta property=\"og:image:type\" content=\"image\/jpeg\" \/>\n<meta name=\"author\" content=\"Gestor Web\" \/>\n<meta name=\"twitter:card\" content=\"summary_large_image\" \/>\n<meta name=\"twitter:label1\" content=\"Escrito por\" \/>\n\t<meta name=\"twitter:data1\" content=\"Gestor Web\" \/>\n\t<meta name=\"twitter:label2\" content=\"Tiempo de lectura\" \/>\n\t<meta name=\"twitter:data2\" content=\"2 minutos\" \/>\n<script type=\"application\/ld+json\" class=\"yoast-schema-graph\">{\"@context\":\"https:\\\/\\\/schema.org\",\"@graph\":[{\"@type\":\"Article\",\"@id\":\"https:\\\/\\\/granada.salesianos.edu\\\/familiasalesiana\\\/blog\\\/celebramos-el-carisma-salesiano-24-de-enero\\\/#article\",\"isPartOf\":{\"@id\":\"https:\\\/\\\/granada.salesianos.edu\\\/familiasalesiana\\\/blog\\\/celebramos-el-carisma-salesiano-24-de-enero\\\/\"},\"author\":{\"name\":\"Gestor Web\",\"@id\":\"https:\\\/\\\/granada.salesianos.edu\\\/familiasalesiana\\\/#\\\/schema\\\/person\\\/6392ff2e4bd1e66981d6eab734bbd962\"},\"headline\":\"CELEBRAMOS EL CARISMA SALESIANO. 24 DE ENERO.\",\"datePublished\":\"2018-01-25T11:44:35+00:00\",\"dateModified\":\"2018-01-25T11:48:40+00:00\",\"mainEntityOfPage\":{\"@id\":\"https:\\\/\\\/granada.salesianos.edu\\\/familiasalesiana\\\/blog\\\/celebramos-el-carisma-salesiano-24-de-enero\\\/\"},\"wordCount\":432,\"commentCount\":0,\"image\":{\"@id\":\"https:\\\/\\\/granada.salesianos.edu\\\/familiasalesiana\\\/blog\\\/celebramos-el-carisma-salesiano-24-de-enero\\\/#primaryimage\"},\"thumbnailUrl\":\"https:\\\/\\\/granada.salesianos.edu\\\/familiasalesiana\\\/wp-content\\\/uploads\\\/sites\\\/8\\\/2018\\\/01\\\/WhatsApp-Image-2018-01-25-at-12.43.42-2-300x225.jpeg\",\"articleSection\":[\"Familia Salesiana\",\"Portada\",\"Uncategorized\"],\"inLanguage\":\"es\",\"potentialAction\":[{\"@type\":\"CommentAction\",\"name\":\"Comment\",\"target\":[\"https:\\\/\\\/granada.salesianos.edu\\\/familiasalesiana\\\/blog\\\/celebramos-el-carisma-salesiano-24-de-enero\\\/#respond\"]}]},{\"@type\":\"WebPage\",\"@id\":\"https:\\\/\\\/granada.salesianos.edu\\\/familiasalesiana\\\/blog\\\/celebramos-el-carisma-salesiano-24-de-enero\\\/\",\"url\":\"https:\\\/\\\/granada.salesianos.edu\\\/familiasalesiana\\\/blog\\\/celebramos-el-carisma-salesiano-24-de-enero\\\/\",\"name\":\"CELEBRAMOS EL CARISMA SALESIANO. 24 DE ENERO. - Familia Salesiana\",\"isPartOf\":{\"@id\":\"https:\\\/\\\/granada.salesianos.edu\\\/familiasalesiana\\\/#website\"},\"primaryImageOfPage\":{\"@id\":\"https:\\\/\\\/granada.salesianos.edu\\\/familiasalesiana\\\/blog\\\/celebramos-el-carisma-salesiano-24-de-enero\\\/#primaryimage\"},\"image\":{\"@id\":\"https:\\\/\\\/granada.salesianos.edu\\\/familiasalesiana\\\/blog\\\/celebramos-el-carisma-salesiano-24-de-enero\\\/#primaryimage\"},\"thumbnailUrl\":\"https:\\\/\\\/granada.salesianos.edu\\\/familiasalesiana\\\/wp-content\\\/uploads\\\/sites\\\/8\\\/2018\\\/01\\\/WhatsApp-Image-2018-01-25-at-12.43.42-2-300x225.jpeg\",\"datePublished\":\"2018-01-25T11:44:35+00:00\",\"dateModified\":\"2018-01-25T11:48:40+00:00\",\"author\":{\"@id\":\"https:\\\/\\\/granada.salesianos.edu\\\/familiasalesiana\\\/#\\\/schema\\\/person\\\/6392ff2e4bd1e66981d6eab734bbd962\"},\"breadcrumb\":{\"@id\":\"https:\\\/\\\/granada.salesianos.edu\\\/familiasalesiana\\\/blog\\\/celebramos-el-carisma-salesiano-24-de-enero\\\/#breadcrumb\"},\"inLanguage\":\"es\",\"potentialAction\":[{\"@type\":\"ReadAction\",\"target\":[\"https:\\\/\\\/granada.salesianos.edu\\\/familiasalesiana\\\/blog\\\/celebramos-el-carisma-salesiano-24-de-enero\\\/\"]}]},{\"@type\":\"ImageObject\",\"inLanguage\":\"es\",\"@id\":\"https:\\\/\\\/granada.salesianos.edu\\\/familiasalesiana\\\/blog\\\/celebramos-el-carisma-salesiano-24-de-enero\\\/#primaryimage\",\"url\":\"https:\\\/\\\/granada.salesianos.edu\\\/familiasalesiana\\\/wp-content\\\/uploads\\\/sites\\\/8\\\/2018\\\/01\\\/WhatsApp-Image-2018-01-25-at-12.43.42-2-300x225.jpeg\",\"contentUrl\":\"https:\\\/\\\/granada.salesianos.edu\\\/familiasalesiana\\\/wp-content\\\/uploads\\\/sites\\\/8\\\/2018\\\/01\\\/WhatsApp-Image-2018-01-25-at-12.43.42-2-300x225.jpeg\"},{\"@type\":\"BreadcrumbList\",\"@id\":\"https:\\\/\\\/granada.salesianos.edu\\\/familiasalesiana\\\/blog\\\/celebramos-el-carisma-salesiano-24-de-enero\\\/#breadcrumb\",\"itemListElement\":[{\"@type\":\"ListItem\",\"position\":1,\"name\":\"Portada\",\"item\":\"https:\\\/\\\/granada.salesianos.edu\\\/familiasalesiana\\\/\"},{\"@type\":\"ListItem\",\"position\":2,\"name\":\"CELEBRAMOS EL CARISMA SALESIANO. 24 DE ENERO.\"}]},{\"@type\":\"WebSite\",\"@id\":\"https:\\\/\\\/granada.salesianos.edu\\\/familiasalesiana\\\/#website\",\"url\":\"https:\\\/\\\/granada.salesianos.edu\\\/familiasalesiana\\\/\",\"name\":\"Familia Salesiana\",\"description\":\"P\u00e1gina oficial de Salesianos Granada San Juan Bosco\",\"potentialAction\":[{\"@type\":\"SearchAction\",\"target\":{\"@type\":\"EntryPoint\",\"urlTemplate\":\"https:\\\/\\\/granada.salesianos.edu\\\/familiasalesiana\\\/?s={search_term_string}\"},\"query-input\":{\"@type\":\"PropertyValueSpecification\",\"valueRequired\":true,\"valueName\":\"search_term_string\"}}],\"inLanguage\":\"es\"},{\"@type\":\"Person\",\"@id\":\"https:\\\/\\\/granada.salesianos.edu\\\/familiasalesiana\\\/#\\\/schema\\\/person\\\/6392ff2e4bd1e66981d6eab734bbd962\",\"name\":\"Gestor Web\",\"image\":{\"@type\":\"ImageObject\",\"inLanguage\":\"es\",\"@id\":\"https:\\\/\\\/secure.gravatar.com\\\/avatar\\\/160666bb56a01520857079961a824af2b7821d6bad80677c80f2b473fceead1b?s=96&d=mm&r=g\",\"url\":\"https:\\\/\\\/secure.gravatar.com\\\/avatar\\\/160666bb56a01520857079961a824af2b7821d6bad80677c80f2b473fceead1b?s=96&d=mm&r=g\",\"contentUrl\":\"https:\\\/\\\/secure.gravatar.com\\\/avatar\\\/160666bb56a01520857079961a824af2b7821d6bad80677c80f2b473fceead1b?s=96&d=mm&r=g\",\"caption\":\"Gestor Web\"}}]}<\/script>\n<!-- \/ Yoast SEO plugin. -->","yoast_head_json":{"title":"CELEBRAMOS EL CARISMA SALESIANO. 24 DE ENERO. - Familia Salesiana","robots":{"index":"index","follow":"follow","max-snippet":"max-snippet:-1","max-image-preview":"max-image-preview:large","max-video-preview":"max-video-preview:-1"},"canonical":"https:\/\/granada.salesianos.edu\/familiasalesiana\/blog\/celebramos-el-carisma-salesiano-24-de-enero\/","og_locale":"es_ES","og_type":"article","og_title":"CELEBRAMOS EL CARISMA SALESIANO. 24 DE ENERO. - Familia Salesiana","og_description":"Durante la tarde de ayer, en el d\u00eda de San Francisco de Sales, nuestra casa celebraba el D\u00cdA del CARISMA SALESIANO, como cada 24 de enero. Nos reunimos a las 17:30 h miembros de todos los grupos de la casa: profesores, ADMA, pastoral juvenil, SSCC, HDB, AA.AA, y hermandad de la \u201cRedenci\u00f3n\u201d, para comenzar con momento de oraci\u00f3n.","og_url":"https:\/\/granada.salesianos.edu\/familiasalesiana\/blog\/celebramos-el-carisma-salesiano-24-de-enero\/","og_site_name":"Familia Salesiana","article_published_time":"2018-01-25T11:44:35+00:00","article_modified_time":"2018-01-25T11:48:40+00:00","og_image":[{"width":1600,"height":1200,"url":"https:\/\/granada.salesianos.edu\/familiasalesiana\/wp-content\/uploads\/sites\/8\/2018\/01\/WhatsApp-Image-2018-01-25-at-12.43.42-2.jpeg","type":"image\/jpeg"}],"author":"Gestor Web","twitter_card":"summary_large_image","twitter_misc":{"Escrito por":"Gestor Web","Tiempo de lectura":"2 minutos"},"schema":{"@context":"https:\/\/schema.org","@graph":[{"@type":"Article","@id":"https:\/\/granada.salesianos.edu\/familiasalesiana\/blog\/celebramos-el-carisma-salesiano-24-de-enero\/#article","isPartOf":{"@id":"https:\/\/granada.salesianos.edu\/familiasalesiana\/blog\/celebramos-el-carisma-salesiano-24-de-enero\/"},"author":{"name":"Gestor Web","@id":"https:\/\/granada.salesianos.edu\/familiasalesiana\/#\/schema\/person\/6392ff2e4bd1e66981d6eab734bbd962"},"headline":"CELEBRAMOS EL CARISMA SALESIANO. 24 DE ENERO.","datePublished":"2018-01-25T11:44:35+00:00","dateModified":"2018-01-25T11:48:40+00:00","mainEntityOfPage":{"@id":"https:\/\/granada.salesianos.edu\/familiasalesiana\/blog\/celebramos-el-carisma-salesiano-24-de-enero\/"},"wordCount":432,"commentCount":0,"image":{"@id":"https:\/\/granada.salesianos.edu\/familiasalesiana\/blog\/celebramos-el-carisma-salesiano-24-de-enero\/#primaryimage"},"thumbnailUrl":"https:\/\/granada.salesianos.edu\/familiasalesiana\/wp-content\/uploads\/sites\/8\/2018\/01\/WhatsApp-Image-2018-01-25-at-12.43.42-2-300x225.jpeg","articleSection":["Familia Salesiana","Portada","Uncategorized"],"inLanguage":"es","potentialAction":[{"@type":"CommentAction","name":"Comment","target":["https:\/\/granada.salesianos.edu\/familiasalesiana\/blog\/celebramos-el-carisma-salesiano-24-de-enero\/#respond"]}]},{"@type":"WebPage","@id":"https:\/\/granada.salesianos.edu\/familiasalesiana\/blog\/celebramos-el-carisma-salesiano-24-de-enero\/","url":"https:\/\/granada.salesianos.edu\/familiasalesiana\/blog\/celebramos-el-carisma-salesiano-24-de-enero\/","name":"CELEBRAMOS EL CARISMA SALESIANO. 24 DE ENERO. - Familia Salesiana","isPartOf":{"@id":"https:\/\/granada.salesianos.edu\/familiasalesiana\/#website"},"primaryImageOfPage":{"@id":"https:\/\/granada.salesianos.edu\/familiasalesiana\/blog\/celebramos-el-carisma-salesiano-24-de-enero\/#primaryimage"},"image":{"@id":"https:\/\/granada.salesianos.edu\/familiasalesiana\/blog\/celebramos-el-carisma-salesiano-24-de-enero\/#primaryimage"},"thumbnailUrl":"https:\/\/granada.salesianos.edu\/familiasalesiana\/wp-content\/uploads\/sites\/8\/2018\/01\/WhatsApp-Image-2018-01-25-at-12.43.42-2-300x225.jpeg","datePublished":"2018-01-25T11:44:35+00:00","dateModified":"2018-01-25T11:48:40+00:00","author":{"@id":"https:\/\/granada.salesianos.edu\/familiasalesiana\/#\/schema\/person\/6392ff2e4bd1e66981d6eab734bbd962"},"breadcrumb":{"@id":"https:\/\/granada.salesianos.edu\/familiasalesiana\/blog\/celebramos-el-carisma-salesiano-24-de-enero\/#breadcrumb"},"inLanguage":"es","potentialAction":[{"@type":"ReadAction","target":["https:\/\/granada.salesianos.edu\/familiasalesiana\/blog\/celebramos-el-carisma-salesiano-24-de-enero\/"]}]},{"@type":"ImageObject","inLanguage":"es","@id":"https:\/\/granada.salesianos.edu\/familiasalesiana\/blog\/celebramos-el-carisma-salesiano-24-de-enero\/#primaryimage","url":"https:\/\/granada.salesianos.edu\/familiasalesiana\/wp-content\/uploads\/sites\/8\/2018\/01\/WhatsApp-Image-2018-01-25-at-12.43.42-2-300x225.jpeg","contentUrl":"https:\/\/granada.salesianos.edu\/familiasalesiana\/wp-content\/uploads\/sites\/8\/2018\/01\/WhatsApp-Image-2018-01-25-at-12.43.42-2-300x225.jpeg"},{"@type":"BreadcrumbList","@id":"https:\/\/granada.salesianos.edu\/familiasalesiana\/blog\/celebramos-el-carisma-salesiano-24-de-enero\/#breadcrumb","itemListElement":[{"@type":"ListItem","position":1,"name":"Portada","item":"https:\/\/granada.salesianos.edu\/familiasalesiana\/"},{"@type":"ListItem","position":2,"name":"CELEBRAMOS EL CARISMA SALESIANO. 24 DE ENERO."}]},{"@type":"WebSite","@id":"https:\/\/granada.salesianos.edu\/familiasalesiana\/#website","url":"https:\/\/granada.salesianos.edu\/familiasalesiana\/","name":"Familia Salesiana","description":"P\u00e1gina oficial de Salesianos Granada San Juan Bosco","potentialAction":[{"@type":"SearchAction","target":{"@type":"EntryPoint","urlTemplate":"https:\/\/granada.salesianos.edu\/familiasalesiana\/?s={search_term_string}"},"query-input":{"@type":"PropertyValueSpecification","valueRequired":true,"valueName":"search_term_string"}}],"inLanguage":"es"},{"@type":"Person","@id":"https:\/\/granada.salesianos.edu\/familiasalesiana\/#\/schema\/person\/6392ff2e4bd1e66981d6eab734bbd962","name":"Gestor Web","image":{"@type":"ImageObject","inLanguage":"es","@id":"https:\/\/secure.gravatar.com\/avatar\/160666bb56a01520857079961a824af2b7821d6bad80677c80f2b473fceead1b?s=96&d=mm&r=g","url":"https:\/\/secure.gravatar.com\/avatar\/160666bb56a01520857079961a824af2b7821d6bad80677c80f2b473fceead1b?s=96&d=mm&r=g","contentUrl":"https:\/\/secure.gravatar.com\/avatar\/160666bb56a01520857079961a824af2b7821d6bad80677c80f2b473fceead1b?s=96&d=mm&r=g","caption":"Gestor Web"}}]}},"_links":{"self":[{"href":"https:\/\/granada.salesianos.edu\/familiasalesiana\/wp-json\/wp\/v2\/posts\/7172","targetHints":{"allow":["GET"]}}],"collection":[{"href":"https:\/\/granada.salesianos.edu\/familiasalesiana\/wp-json\/wp\/v2\/posts"}],"about":[{"href":"https:\/\/granada.salesianos.edu\/familiasalesiana\/wp-json\/wp\/v2\/types\/post"}],"author":[{"embeddable":true,"href":"https:\/\/granada.salesianos.edu\/familiasalesiana\/wp-json\/wp\/v2\/users\/2"}],"replies":[{"embeddable":true,"href":"https:\/\/granada.salesianos.edu\/familiasalesiana\/wp-json\/wp\/v2\/comments?post=7172"}],"version-history":[{"count":5,"href":"https:\/\/granada.salesianos.edu\/familiasalesiana\/wp-json\/wp\/v2\/posts\/7172\/revisions"}],"predecessor-version":[{"id":7182,"href":"https:\/\/granada.salesianos.edu\/familiasalesiana\/wp-json\/wp\/v2\/posts\/7172\/revisions\/7182"}],"wp:attachment":[{"href":"https:\/\/granada.salesianos.edu\/familiasalesiana\/wp-json\/wp\/v2\/media?parent=7172"}],"wp:term":[{"taxonomy":"category","embeddable":true,"href":"https:\/\/granada.salesianos.edu\/familiasalesiana\/wp-json\/wp\/v2\/categories?post=7172"},{"taxonomy":"post_tag","embeddable":true,"href":"https:\/\/granada.salesianos.edu\/familiasalesiana\/wp-json\/wp\/v2\/tags?post=7172"}],"curies":[{"name":"wp","href":"https:\/\/api.w.org\/{rel}","templated":true}]}}