{"id":7217,"date":"2018-02-05T19:57:21","date_gmt":"2018-02-05T17:57:21","guid":{"rendered":"https:\/\/granada.salesianos.edu\/familiasalesiana\/?p=7217"},"modified":"2018-02-05T21:47:53","modified_gmt":"2018-02-05T19:47:53","slug":"ii-ciclo-de-cine-don-bosco","status":"publish","type":"post","link":"https:\/\/granada.salesianos.edu\/familiasalesiana\/blog\/ii-ciclo-de-cine-don-bosco\/","title":{"rendered":"II CICLO DE CINE \u00abDON BOSCO\u00bb"},"content":{"rendered":"<div id=\"fb-root\"><\/div>\n<p>[et_pb_section fb_built=\u00bb1&#8243; admin_label=\u00bbsection\u00bb _builder_version=\u00bb3.0.47&#8243;][et_pb_row admin_label=\u00bbrow\u00bb _builder_version=\u00bb3.0.47&#8243; background_size=\u00bbinitial\u00bb background_position=\u00bbtop_left\u00bb background_repeat=\u00bbrepeat\u00bb][et_pb_column type=\u00bb4_4&#8243; _builder_version=\u00bb3.0.47&#8243; parallax=\u00bboff\u00bb parallax_method=\u00bbon\u00bb][et_pb_text admin_label=\u00bbEntradilla (Texto)\u00bb _builder_version=\u00bb3.0.92&#8243; text_font=\u00bb|on|||\u00bb text_orientation=\u00bbjustified\u00bb]<\/p>\n<h3><span style=\"color: #ff0000;\"><b>II Ciclo del Cineclub \u00abD. Bosco\u00bb<\/b><\/span><\/h3>\n<p>[\/et_pb_text][et_pb_text admin_label=\u00bbAutor (Texto)\u00bb _builder_version=\u00bb3.0.92&#8243; text_font=\u00bb||on||\u00bb]Por: Juan Fco. Huertas Carretero, sdb.<br \/>\n[\/et_pb_text][et_pb_text admin_label=\u00bbDesarrollo (Texto)\u00bb _builder_version=\u00bb3.0.92&#8243; text_orientation=\u00bbjustified\u00bb]Como ya sucediera el pasado curso, nuestra Casa se viste de Cine. En torno a la fiesta de su Patr\u00f3n, S. Juan Bosco, queremos retomar esta actividad tan querida para los salesianos en Granada. En este caso, abrimos a todos los p\u00fablicos que lo deseen nuestro II Ciclo del Cineclub D. Bosco. Queremos disfrutar juntos de cuatro pel\u00edculas, de distinto g\u00e9nero, pero con valores que nos ayudar\u00e1n a pensar y a profundizar como buenos cristianos y honrados ciudadanos.<\/p>\n<p><img loading=\"lazy\" decoding=\"async\" class=\"alignleft size-full wp-image-7218\" src=\"https:\/\/granada.salesianos.edu\/familiasalesiana\/wp-content\/uploads\/sites\/8\/2018\/02\/WhatsApp-Image-2018-02-05-at-14.01.54.jpeg\" alt=\"\" width=\"960\" height=\"720\" srcset=\"https:\/\/granada.salesianos.edu\/familiasalesiana\/wp-content\/uploads\/sites\/8\/2018\/02\/WhatsApp-Image-2018-02-05-at-14.01.54.jpeg 960w, https:\/\/granada.salesianos.edu\/familiasalesiana\/wp-content\/uploads\/sites\/8\/2018\/02\/WhatsApp-Image-2018-02-05-at-14.01.54-300x225.jpeg 300w, https:\/\/granada.salesianos.edu\/familiasalesiana\/wp-content\/uploads\/sites\/8\/2018\/02\/WhatsApp-Image-2018-02-05-at-14.01.54-768x576.jpeg 768w, https:\/\/granada.salesianos.edu\/familiasalesiana\/wp-content\/uploads\/sites\/8\/2018\/02\/WhatsApp-Image-2018-02-05-at-14.01.54-510x382.jpeg 510w\" sizes=\"(max-width: 960px) 100vw, 960px\" \/><\/p>\n<p><strong>1.- SE\u00d1OR, DAME PACIENCIA:<\/strong> comedia espa\u00f1ola actual, que muestra las diferencias entre un padre y sus hijos y sus opciones de vida, pero que lanza mensajes de superaci\u00f3n, perd\u00f3n, lucha por la familia y aceptaci\u00f3n de las diferencias.<\/p>\n<p><strong>2.- IGNACIO DE LOYOLA:<\/strong> tambi\u00e9n pel\u00edcula espa\u00f1ola que profundiza en la figura de Ignacio de Loyola, como soldado y hombre espiritual, antes de fundar la Compa\u00f1\u00eda de Jes\u00fas. El hombre-soldado Ignacio, que va haciendo camino espiritual y de conversi\u00f3n.<\/p>\n<p><strong>3.- LO QUE DE VERDAD IMPORTA:<\/strong> comedia dram\u00e1tica en la que su protagonista va descubriendo los aut\u00e9nticos valores de la vida. Un gran don har\u00e1 que influya en su\u00a0 nueva comunidad y transmita a los dem\u00e1s lo que ni \u00e9l mismo sab\u00eda que pod\u00eda dar.<\/p>\n<p><strong>4.- EL CIELO ES REAL:<\/strong> caso real de un ni\u00f1o estadounidense que fallece y vuelve&#8230;describiendo c\u00f3mo es el cielo y lo que encontraremos all\u00ed&#8230;su testimonio coincide con otras experiencias similares. El cielo es real se basa en hechos que podemos rastrear en youtube. Colton, el ni\u00f1o protagonista, tambi\u00e9n ha publicado su experiencia y reflexiones en diversos libros.<\/p>\n<p>Al t\u00e9rmino de cada pel\u00edcula se abrir\u00e1 un tiempo de comentario, un cineforum en el que enriquecernos de lo que nos aporta cada cinta.<\/p>\n<p>La entrada es solidaria. Podremos aportar kilos de comida, que se destinar\u00e1n a C\u00e1ritas y el Banco de Alimentos y podremos tambi\u00e9n colaborar con alg\u00fan donativo para el Centro Juvenil \u00abJoven Al-Andalus\u00bb que organiza este ciclo. No te lo pierdas<br \/>\n[\/et_pb_text][et_pb_text disabled_on=\u00bboff|off|off\u00bb admin_label=\u00bbT\u00edtulo: Galer\u00eda de fotos (Texto)\u00bb _builder_version=\u00bb3.0.92&#8243; text_font=\u00bb|on|||\u00bb text_text_color=\u00bb#dc001b\u00bb]<\/p>\n<h3><strong><span style=\"color: #ff0000;\">TRAILERS\u00a0<\/span><\/strong><\/h3>\n<p>[\/et_pb_text][\/et_pb_column][\/et_pb_row][et_pb_row admin_label=\u00bbrow\u00bb _builder_version=\u00bb3.0.47&#8243; background_size=\u00bbinitial\u00bb background_position=\u00bbtop_left\u00bb background_repeat=\u00bbrepeat\u00bb][et_pb_column type=\u00bb1_2&#8243; _builder_version=\u00bb3.0.47&#8243; parallax=\u00bboff\u00bb parallax_method=\u00bbon\u00bb][et_pb_video src=\u00bbhttps:\/\/www.youtube.com\/watch?v=iLFFafRzbT4&#8243; image_src=\u00bb\/\/i.ytimg.com\/vi\/iLFFafRzbT4\/hqdefault.jpg\u00bb disabled_on=\u00bboff|off|off\u00bb _builder_version=\u00bb3.0.92&#8243;]<br \/>\n[\/et_pb_video][et_pb_video src=\u00bbhttps:\/\/www.youtube.com\/watch?v=tw0w13TmE74&#8243; image_src=\u00bb\/\/i.ytimg.com\/vi\/tw0w13TmE74\/hqdefault.jpg\u00bb _builder_version=\u00bb3.0.92&#8243;]<br \/>\n[\/et_pb_video][et_pb_button button_url=\u00bbhttp:\/\/granada.salesianos.edu\u00bb button_text=\u00bbIr a PRINCIPAL\u00bb _builder_version=\u00bb3.0.92&#8243;][\/et_pb_button][\/et_pb_column][et_pb_column type=\u00bb1_2&#8243; _builder_version=\u00bb3.0.47&#8243; parallax=\u00bboff\u00bb parallax_method=\u00bbon\u00bb][et_pb_video src=\u00bbhttps:\/\/www.youtube.com\/watch?v=VjnzLwQ1tsg\u00bb image_src=\u00bb\/\/i.ytimg.com\/vi\/VjnzLwQ1tsg\/hqdefault.jpg\u00bb _builder_version=\u00bb3.0.92&#8243;]<br \/>\n[\/et_pb_video][et_pb_video src=\u00bbhttps:\/\/www.youtube.com\/watch?v=0lrxWJTC1h0&#8243; image_src=\u00bb\/\/i.ytimg.com\/vi\/0lrxWJTC1h0\/hqdefault.jpg\u00bb _builder_version=\u00bb3.0.92&#8243;]<br \/>\n[\/et_pb_video][\/et_pb_column][\/et_pb_row][\/et_pb_section]<\/p>\n","protected":false},"excerpt":{"rendered":"<p>Como ya sucediera el pasado curso, nuestra Casa se viste de Cine. En torno a la fiesta de su Patr\u00f3n, S. Juan Bosco, queremos retomar esta actividad tan querida para los salesianos en Granada. En este caso, abrimos a todos los p\u00fablicos que lo deseen nuestro II Ciclo del Cineclub D. Bosco. Queremos disfrutar juntos de cuatro pel\u00edculas, de distinto g\u00e9nero, pero con valores que nos ayudar\u00e1n a pensar y a profundizar como buenos cristianos y honrados ciudadanos.<\/p>\n","protected":false},"author":2,"featured_media":0,"comment_status":"open","ping_status":"open","sticky":false,"template":"","format":"standard","meta":{"_et_pb_use_builder":"on","_et_pb_old_content":"","_et_gb_content_width":"","footnotes":""},"categories":[11,10,1],"tags":[],"class_list":["post-7217","post","type-post","status-publish","format-standard","hentry","category-colegio","category-portada","category-uncategorized"],"yoast_head":"<!-- This site is optimized with the Yoast SEO plugin v28.4 - https:\/\/yoast.com\/product\/yoast-seo-wordpress\/ -->\n<title>II CICLO DE CINE &quot;DON BOSCO&quot; - Familia Salesiana<\/title>\n<meta name=\"robots\" content=\"index, follow, max-snippet:-1, max-image-preview:large, max-video-preview:-1\" \/>\n<link rel=\"canonical\" href=\"https:\/\/granada.salesianos.edu\/familiasalesiana\/blog\/ii-ciclo-de-cine-don-bosco\/\" \/>\n<meta property=\"og:locale\" content=\"es_ES\" \/>\n<meta property=\"og:type\" content=\"article\" \/>\n<meta property=\"og:title\" content=\"II CICLO DE CINE &quot;DON BOSCO&quot; - Familia Salesiana\" \/>\n<meta property=\"og:description\" content=\"Como ya sucediera el pasado curso, nuestra Casa se viste de Cine. En torno a la fiesta de su Patr\u00f3n, S. Juan Bosco, queremos retomar esta actividad tan querida para los salesianos en Granada. En este caso, abrimos a todos los p\u00fablicos que lo deseen nuestro II Ciclo del Cineclub D. Bosco. Queremos disfrutar juntos de cuatro pel\u00edculas, de distinto g\u00e9nero, pero con valores que nos ayudar\u00e1n a pensar y a profundizar como buenos cristianos y honrados ciudadanos.\" \/>\n<meta property=\"og:url\" content=\"https:\/\/granada.salesianos.edu\/familiasalesiana\/blog\/ii-ciclo-de-cine-don-bosco\/\" \/>\n<meta property=\"og:site_name\" content=\"Familia Salesiana\" \/>\n<meta property=\"article:published_time\" content=\"2018-02-05T17:57:21+00:00\" \/>\n<meta property=\"article:modified_time\" content=\"2018-02-05T19:47:53+00:00\" \/>\n<meta property=\"og:image\" content=\"https:\/\/granada.salesianos.edu\/familiasalesiana\/wp-content\/uploads\/sites\/8\/2018\/02\/WhatsApp-Image-2018-02-05-at-14.01.54.jpeg\" \/>\n\t<meta property=\"og:image:width\" content=\"960\" \/>\n\t<meta property=\"og:image:height\" content=\"720\" \/>\n\t<meta property=\"og:image:type\" content=\"image\/jpeg\" \/>\n<meta name=\"author\" content=\"Gestor Web\" \/>\n<meta name=\"twitter:card\" content=\"summary_large_image\" \/>\n<meta name=\"twitter:label1\" content=\"Escrito por\" \/>\n\t<meta name=\"twitter:data1\" content=\"Gestor Web\" \/>\n\t<meta name=\"twitter:label2\" content=\"Tiempo de lectura\" \/>\n\t<meta name=\"twitter:data2\" content=\"3 minutos\" \/>\n<script type=\"application\/ld+json\" class=\"yoast-schema-graph\">{\"@context\":\"https:\\\/\\\/schema.org\",\"@graph\":[{\"@type\":\"Article\",\"@id\":\"https:\\\/\\\/granada.salesianos.edu\\\/familiasalesiana\\\/blog\\\/ii-ciclo-de-cine-don-bosco\\\/#article\",\"isPartOf\":{\"@id\":\"https:\\\/\\\/granada.salesianos.edu\\\/familiasalesiana\\\/blog\\\/ii-ciclo-de-cine-don-bosco\\\/\"},\"author\":{\"name\":\"Gestor Web\",\"@id\":\"https:\\\/\\\/granada.salesianos.edu\\\/familiasalesiana\\\/#\\\/schema\\\/person\\\/6392ff2e4bd1e66981d6eab734bbd962\"},\"headline\":\"II CICLO DE CINE \u00abDON BOSCO\u00bb\",\"datePublished\":\"2018-02-05T17:57:21+00:00\",\"dateModified\":\"2018-02-05T19:47:53+00:00\",\"mainEntityOfPage\":{\"@id\":\"https:\\\/\\\/granada.salesianos.edu\\\/familiasalesiana\\\/blog\\\/ii-ciclo-de-cine-don-bosco\\\/\"},\"wordCount\":680,\"commentCount\":0,\"image\":{\"@id\":\"https:\\\/\\\/granada.salesianos.edu\\\/familiasalesiana\\\/blog\\\/ii-ciclo-de-cine-don-bosco\\\/#primaryimage\"},\"thumbnailUrl\":\"https:\\\/\\\/granada.salesianos.edu\\\/familiasalesiana\\\/wp-content\\\/uploads\\\/sites\\\/8\\\/2018\\\/02\\\/WhatsApp-Image-2018-02-05-at-14.01.54.jpeg\",\"articleSection\":[\"Colegio\",\"Portada\",\"Uncategorized\"],\"inLanguage\":\"es\",\"potentialAction\":[{\"@type\":\"CommentAction\",\"name\":\"Comment\",\"target\":[\"https:\\\/\\\/granada.salesianos.edu\\\/familiasalesiana\\\/blog\\\/ii-ciclo-de-cine-don-bosco\\\/#respond\"]}]},{\"@type\":\"WebPage\",\"@id\":\"https:\\\/\\\/granada.salesianos.edu\\\/familiasalesiana\\\/blog\\\/ii-ciclo-de-cine-don-bosco\\\/\",\"url\":\"https:\\\/\\\/granada.salesianos.edu\\\/familiasalesiana\\\/blog\\\/ii-ciclo-de-cine-don-bosco\\\/\",\"name\":\"II CICLO DE CINE \\\"DON BOSCO\\\" - Familia Salesiana\",\"isPartOf\":{\"@id\":\"https:\\\/\\\/granada.salesianos.edu\\\/familiasalesiana\\\/#website\"},\"primaryImageOfPage\":{\"@id\":\"https:\\\/\\\/granada.salesianos.edu\\\/familiasalesiana\\\/blog\\\/ii-ciclo-de-cine-don-bosco\\\/#primaryimage\"},\"image\":{\"@id\":\"https:\\\/\\\/granada.salesianos.edu\\\/familiasalesiana\\\/blog\\\/ii-ciclo-de-cine-don-bosco\\\/#primaryimage\"},\"thumbnailUrl\":\"https:\\\/\\\/granada.salesianos.edu\\\/familiasalesiana\\\/wp-content\\\/uploads\\\/sites\\\/8\\\/2018\\\/02\\\/WhatsApp-Image-2018-02-05-at-14.01.54.jpeg\",\"datePublished\":\"2018-02-05T17:57:21+00:00\",\"dateModified\":\"2018-02-05T19:47:53+00:00\",\"author\":{\"@id\":\"https:\\\/\\\/granada.salesianos.edu\\\/familiasalesiana\\\/#\\\/schema\\\/person\\\/6392ff2e4bd1e66981d6eab734bbd962\"},\"breadcrumb\":{\"@id\":\"https:\\\/\\\/granada.salesianos.edu\\\/familiasalesiana\\\/blog\\\/ii-ciclo-de-cine-don-bosco\\\/#breadcrumb\"},\"inLanguage\":\"es\",\"potentialAction\":[{\"@type\":\"ReadAction\",\"target\":[\"https:\\\/\\\/granada.salesianos.edu\\\/familiasalesiana\\\/blog\\\/ii-ciclo-de-cine-don-bosco\\\/\"]}]},{\"@type\":\"ImageObject\",\"inLanguage\":\"es\",\"@id\":\"https:\\\/\\\/granada.salesianos.edu\\\/familiasalesiana\\\/blog\\\/ii-ciclo-de-cine-don-bosco\\\/#primaryimage\",\"url\":\"https:\\\/\\\/granada.salesianos.edu\\\/familiasalesiana\\\/wp-content\\\/uploads\\\/sites\\\/8\\\/2018\\\/02\\\/WhatsApp-Image-2018-02-05-at-14.01.54.jpeg\",\"contentUrl\":\"https:\\\/\\\/granada.salesianos.edu\\\/familiasalesiana\\\/wp-content\\\/uploads\\\/sites\\\/8\\\/2018\\\/02\\\/WhatsApp-Image-2018-02-05-at-14.01.54.jpeg\",\"width\":960,\"height\":720},{\"@type\":\"BreadcrumbList\",\"@id\":\"https:\\\/\\\/granada.salesianos.edu\\\/familiasalesiana\\\/blog\\\/ii-ciclo-de-cine-don-bosco\\\/#breadcrumb\",\"itemListElement\":[{\"@type\":\"ListItem\",\"position\":1,\"name\":\"Portada\",\"item\":\"https:\\\/\\\/granada.salesianos.edu\\\/familiasalesiana\\\/\"},{\"@type\":\"ListItem\",\"position\":2,\"name\":\"II CICLO DE CINE \u00abDON BOSCO\u00bb\"}]},{\"@type\":\"WebSite\",\"@id\":\"https:\\\/\\\/granada.salesianos.edu\\\/familiasalesiana\\\/#website\",\"url\":\"https:\\\/\\\/granada.salesianos.edu\\\/familiasalesiana\\\/\",\"name\":\"Familia Salesiana\",\"description\":\"P\u00e1gina oficial de Salesianos Granada San Juan Bosco\",\"potentialAction\":[{\"@type\":\"SearchAction\",\"target\":{\"@type\":\"EntryPoint\",\"urlTemplate\":\"https:\\\/\\\/granada.salesianos.edu\\\/familiasalesiana\\\/?s={search_term_string}\"},\"query-input\":{\"@type\":\"PropertyValueSpecification\",\"valueRequired\":true,\"valueName\":\"search_term_string\"}}],\"inLanguage\":\"es\"},{\"@type\":\"Person\",\"@id\":\"https:\\\/\\\/granada.salesianos.edu\\\/familiasalesiana\\\/#\\\/schema\\\/person\\\/6392ff2e4bd1e66981d6eab734bbd962\",\"name\":\"Gestor Web\",\"image\":{\"@type\":\"ImageObject\",\"inLanguage\":\"es\",\"@id\":\"https:\\\/\\\/secure.gravatar.com\\\/avatar\\\/160666bb56a01520857079961a824af2b7821d6bad80677c80f2b473fceead1b?s=96&d=mm&r=g\",\"url\":\"https:\\\/\\\/secure.gravatar.com\\\/avatar\\\/160666bb56a01520857079961a824af2b7821d6bad80677c80f2b473fceead1b?s=96&d=mm&r=g\",\"contentUrl\":\"https:\\\/\\\/secure.gravatar.com\\\/avatar\\\/160666bb56a01520857079961a824af2b7821d6bad80677c80f2b473fceead1b?s=96&d=mm&r=g\",\"caption\":\"Gestor Web\"}}]}<\/script>\n<!-- \/ Yoast SEO plugin. -->","yoast_head_json":{"title":"II CICLO DE CINE \"DON BOSCO\" - Familia Salesiana","robots":{"index":"index","follow":"follow","max-snippet":"max-snippet:-1","max-image-preview":"max-image-preview:large","max-video-preview":"max-video-preview:-1"},"canonical":"https:\/\/granada.salesianos.edu\/familiasalesiana\/blog\/ii-ciclo-de-cine-don-bosco\/","og_locale":"es_ES","og_type":"article","og_title":"II CICLO DE CINE \"DON BOSCO\" - Familia Salesiana","og_description":"Como ya sucediera el pasado curso, nuestra Casa se viste de Cine. En torno a la fiesta de su Patr\u00f3n, S. Juan Bosco, queremos retomar esta actividad tan querida para los salesianos en Granada. En este caso, abrimos a todos los p\u00fablicos que lo deseen nuestro II Ciclo del Cineclub D. Bosco. Queremos disfrutar juntos de cuatro pel\u00edculas, de distinto g\u00e9nero, pero con valores que nos ayudar\u00e1n a pensar y a profundizar como buenos cristianos y honrados ciudadanos.","og_url":"https:\/\/granada.salesianos.edu\/familiasalesiana\/blog\/ii-ciclo-de-cine-don-bosco\/","og_site_name":"Familia Salesiana","article_published_time":"2018-02-05T17:57:21+00:00","article_modified_time":"2018-02-05T19:47:53+00:00","og_image":[{"width":960,"height":720,"url":"https:\/\/granada.salesianos.edu\/familiasalesiana\/wp-content\/uploads\/sites\/8\/2018\/02\/WhatsApp-Image-2018-02-05-at-14.01.54.jpeg","type":"image\/jpeg"}],"author":"Gestor Web","twitter_card":"summary_large_image","twitter_misc":{"Escrito por":"Gestor Web","Tiempo de lectura":"3 minutos"},"schema":{"@context":"https:\/\/schema.org","@graph":[{"@type":"Article","@id":"https:\/\/granada.salesianos.edu\/familiasalesiana\/blog\/ii-ciclo-de-cine-don-bosco\/#article","isPartOf":{"@id":"https:\/\/granada.salesianos.edu\/familiasalesiana\/blog\/ii-ciclo-de-cine-don-bosco\/"},"author":{"name":"Gestor Web","@id":"https:\/\/granada.salesianos.edu\/familiasalesiana\/#\/schema\/person\/6392ff2e4bd1e66981d6eab734bbd962"},"headline":"II CICLO DE CINE \u00abDON BOSCO\u00bb","datePublished":"2018-02-05T17:57:21+00:00","dateModified":"2018-02-05T19:47:53+00:00","mainEntityOfPage":{"@id":"https:\/\/granada.salesianos.edu\/familiasalesiana\/blog\/ii-ciclo-de-cine-don-bosco\/"},"wordCount":680,"commentCount":0,"image":{"@id":"https:\/\/granada.salesianos.edu\/familiasalesiana\/blog\/ii-ciclo-de-cine-don-bosco\/#primaryimage"},"thumbnailUrl":"https:\/\/granada.salesianos.edu\/familiasalesiana\/wp-content\/uploads\/sites\/8\/2018\/02\/WhatsApp-Image-2018-02-05-at-14.01.54.jpeg","articleSection":["Colegio","Portada","Uncategorized"],"inLanguage":"es","potentialAction":[{"@type":"CommentAction","name":"Comment","target":["https:\/\/granada.salesianos.edu\/familiasalesiana\/blog\/ii-ciclo-de-cine-don-bosco\/#respond"]}]},{"@type":"WebPage","@id":"https:\/\/granada.salesianos.edu\/familiasalesiana\/blog\/ii-ciclo-de-cine-don-bosco\/","url":"https:\/\/granada.salesianos.edu\/familiasalesiana\/blog\/ii-ciclo-de-cine-don-bosco\/","name":"II CICLO DE CINE \"DON BOSCO\" - Familia Salesiana","isPartOf":{"@id":"https:\/\/granada.salesianos.edu\/familiasalesiana\/#website"},"primaryImageOfPage":{"@id":"https:\/\/granada.salesianos.edu\/familiasalesiana\/blog\/ii-ciclo-de-cine-don-bosco\/#primaryimage"},"image":{"@id":"https:\/\/granada.salesianos.edu\/familiasalesiana\/blog\/ii-ciclo-de-cine-don-bosco\/#primaryimage"},"thumbnailUrl":"https:\/\/granada.salesianos.edu\/familiasalesiana\/wp-content\/uploads\/sites\/8\/2018\/02\/WhatsApp-Image-2018-02-05-at-14.01.54.jpeg","datePublished":"2018-02-05T17:57:21+00:00","dateModified":"2018-02-05T19:47:53+00:00","author":{"@id":"https:\/\/granada.salesianos.edu\/familiasalesiana\/#\/schema\/person\/6392ff2e4bd1e66981d6eab734bbd962"},"breadcrumb":{"@id":"https:\/\/granada.salesianos.edu\/familiasalesiana\/blog\/ii-ciclo-de-cine-don-bosco\/#breadcrumb"},"inLanguage":"es","potentialAction":[{"@type":"ReadAction","target":["https:\/\/granada.salesianos.edu\/familiasalesiana\/blog\/ii-ciclo-de-cine-don-bosco\/"]}]},{"@type":"ImageObject","inLanguage":"es","@id":"https:\/\/granada.salesianos.edu\/familiasalesiana\/blog\/ii-ciclo-de-cine-don-bosco\/#primaryimage","url":"https:\/\/granada.salesianos.edu\/familiasalesiana\/wp-content\/uploads\/sites\/8\/2018\/02\/WhatsApp-Image-2018-02-05-at-14.01.54.jpeg","contentUrl":"https:\/\/granada.salesianos.edu\/familiasalesiana\/wp-content\/uploads\/sites\/8\/2018\/02\/WhatsApp-Image-2018-02-05-at-14.01.54.jpeg","width":960,"height":720},{"@type":"BreadcrumbList","@id":"https:\/\/granada.salesianos.edu\/familiasalesiana\/blog\/ii-ciclo-de-cine-don-bosco\/#breadcrumb","itemListElement":[{"@type":"ListItem","position":1,"name":"Portada","item":"https:\/\/granada.salesianos.edu\/familiasalesiana\/"},{"@type":"ListItem","position":2,"name":"II CICLO DE CINE \u00abDON BOSCO\u00bb"}]},{"@type":"WebSite","@id":"https:\/\/granada.salesianos.edu\/familiasalesiana\/#website","url":"https:\/\/granada.salesianos.edu\/familiasalesiana\/","name":"Familia Salesiana","description":"P\u00e1gina oficial de Salesianos Granada San Juan Bosco","potentialAction":[{"@type":"SearchAction","target":{"@type":"EntryPoint","urlTemplate":"https:\/\/granada.salesianos.edu\/familiasalesiana\/?s={search_term_string}"},"query-input":{"@type":"PropertyValueSpecification","valueRequired":true,"valueName":"search_term_string"}}],"inLanguage":"es"},{"@type":"Person","@id":"https:\/\/granada.salesianos.edu\/familiasalesiana\/#\/schema\/person\/6392ff2e4bd1e66981d6eab734bbd962","name":"Gestor Web","image":{"@type":"ImageObject","inLanguage":"es","@id":"https:\/\/secure.gravatar.com\/avatar\/160666bb56a01520857079961a824af2b7821d6bad80677c80f2b473fceead1b?s=96&d=mm&r=g","url":"https:\/\/secure.gravatar.com\/avatar\/160666bb56a01520857079961a824af2b7821d6bad80677c80f2b473fceead1b?s=96&d=mm&r=g","contentUrl":"https:\/\/secure.gravatar.com\/avatar\/160666bb56a01520857079961a824af2b7821d6bad80677c80f2b473fceead1b?s=96&d=mm&r=g","caption":"Gestor Web"}}]}},"_links":{"self":[{"href":"https:\/\/granada.salesianos.edu\/familiasalesiana\/wp-json\/wp\/v2\/posts\/7217","targetHints":{"allow":["GET"]}}],"collection":[{"href":"https:\/\/granada.salesianos.edu\/familiasalesiana\/wp-json\/wp\/v2\/posts"}],"about":[{"href":"https:\/\/granada.salesianos.edu\/familiasalesiana\/wp-json\/wp\/v2\/types\/post"}],"author":[{"embeddable":true,"href":"https:\/\/granada.salesianos.edu\/familiasalesiana\/wp-json\/wp\/v2\/users\/2"}],"replies":[{"embeddable":true,"href":"https:\/\/granada.salesianos.edu\/familiasalesiana\/wp-json\/wp\/v2\/comments?post=7217"}],"version-history":[{"count":8,"href":"https:\/\/granada.salesianos.edu\/familiasalesiana\/wp-json\/wp\/v2\/posts\/7217\/revisions"}],"predecessor-version":[{"id":7294,"href":"https:\/\/granada.salesianos.edu\/familiasalesiana\/wp-json\/wp\/v2\/posts\/7217\/revisions\/7294"}],"wp:attachment":[{"href":"https:\/\/granada.salesianos.edu\/familiasalesiana\/wp-json\/wp\/v2\/media?parent=7217"}],"wp:term":[{"taxonomy":"category","embeddable":true,"href":"https:\/\/granada.salesianos.edu\/familiasalesiana\/wp-json\/wp\/v2\/categories?post=7217"},{"taxonomy":"post_tag","embeddable":true,"href":"https:\/\/granada.salesianos.edu\/familiasalesiana\/wp-json\/wp\/v2\/tags?post=7217"}],"curies":[{"name":"wp","href":"https:\/\/api.w.org\/{rel}","templated":true}]}}