{"id":7332,"date":"2018-03-01T16:28:42","date_gmt":"2018-03-01T14:28:42","guid":{"rendered":"https:\/\/granada.salesianos.edu\/familiasalesiana\/?p=7332"},"modified":"2018-03-01T16:30:23","modified_gmt":"2018-03-01T14:30:23","slug":"cena-del-hambre-2","status":"publish","type":"post","link":"https:\/\/granada.salesianos.edu\/familiasalesiana\/blog\/cena-del-hambre-2\/","title":{"rendered":"CENA DEL HAMBRE"},"content":{"rendered":"<div id=\"fb-root\"><\/div>\n<p>[et_pb_section bb_built=\u00bb1&#8243; admin_label=\u00bbsection\u00bb][et_pb_row admin_label=\u00bbrow\u00bb background_position=\u00bbtop_left\u00bb background_repeat=\u00bbrepeat\u00bb background_size=\u00bbinitial\u00bb][et_pb_column type=\u00bb4_4&#8243;][et_pb_text admin_label=\u00bbEntradilla (Texto)\u00bb _builder_version=\u00bb3.0.92&#8243; background_layout=\u00bblight\u00bb text_orientation=\u00bbjustified\u00bb text_font=\u00bb|on|||\u00bb]<\/p>\n<h3><strong><span style=\"color: #ff0000;\">Convocada toda la Familia Salesiana, a beneficio de Manos Unidas<\/span><\/strong><\/h3>\n<p>[\/et_pb_text][et_pb_text admin_label=\u00bbAutor (Texto)\u00bb _builder_version=\u00bb3.0.92&#8243; background_layout=\u00bblight\u00bb text_font=\u00bb||on||\u00bb]<\/p>\n<p>Por: Juan Fco. Huertas Carretero, sdb.<\/p>\n<p>[\/et_pb_text][et_pb_text admin_label=\u00bbDesarrollo (Texto)\u00bb _builder_version=\u00bb3.0.105&#8243; background_layout=\u00bblight\u00bb text_orientation=\u00bbjustified\u00bb]<\/p>\n<p>El pasado s\u00e1bado 3 de febrero tuvo lugar en el Centro Juvenil de la Casa la tradicional \u00abCena del Hambre\u00bb. Estaba convocada la Familia Salesiana en general y todos los fieles que desearon participar en ella. Tras la celebraci\u00f3n de la Eucarist\u00eda, la Presidenta de ADMA-D\u00f1a. Carmen Puertas-, invit\u00f3 a participar de una cena muy sencilla, que consisti\u00f3 en un bollo de pan, agua y una naranja. El objetivo: solidarizarnos con los que menos tienen, sintiendo un poco el pellizco del hambre que tantos millones de personas sufren a diario.<img loading=\"lazy\" decoding=\"async\" class=\"alignleft wp-image-7333 size-medium\" src=\"https:\/\/granada.salesianos.edu\/familiasalesiana\/wp-content\/uploads\/sites\/8\/2018\/03\/2018-02-03-20.42.23-300x225.jpg\" alt=\"\" width=\"300\" height=\"225\" srcset=\"https:\/\/granada.salesianos.edu\/familiasalesiana\/wp-content\/uploads\/sites\/8\/2018\/03\/2018-02-03-20.42.23-300x225.jpg 300w, https:\/\/granada.salesianos.edu\/familiasalesiana\/wp-content\/uploads\/sites\/8\/2018\/03\/2018-02-03-20.42.23-510x382.jpg 510w, https:\/\/granada.salesianos.edu\/familiasalesiana\/wp-content\/uploads\/sites\/8\/2018\/03\/2018-02-03-20.42.23.jpg 512w\" sizes=\"(max-width: 300px) 100vw, 300px\" \/><\/p>\n<p>Al llegar al Centro Juvenil pudimos ver el v\u00eddeo de la campa\u00f1a de este a\u00f1o, v\u00eddeo que tenemos tambi\u00e9n en esta noticia. En un clima de fraternidad y alegr\u00eda compartimos la frugal cena y despu\u00e9s cada uno aport\u00f3 una cantidad econ\u00f3mica. Asistimos unas 30 personas, pero que ha arrojado una aportaci\u00f3n de 369 \u20ac. Junto a esta cantidad hay que sumar la que la Pastoral de la Casa recogi\u00f3 en el concurso de reposter\u00eda de la fiesta de D. Bosco, que ascendi\u00f3 a 80\u20ac.\u00a0Si lo deseas, a\u00fan puedes hacer tu donativo. El pr\u00f3ximo domingo 11 es el domingo de Manos Unidas y la colecta de las misas de ese d\u00eda ir\u00e1 destinada a ese fin. A\u00fan seguimos realizando iniciativas para recaudar fondos para esta campa\u00f1a.<\/p>\n<p>&nbsp;<\/p>\n<p>El encuentro se cerr\u00f3 celebrando familiarmente el cumplea\u00f1os de D. Juan Fuentes, a quien cantamos, ya que al d\u00eda siguiente era su fiesta.<\/p>\n<p>[\/et_pb_text][et_pb_text admin_label=\u00bbT\u00edtulo: Galer\u00eda de fotos (Texto)\u00bb _builder_version=\u00bb3.0.92&#8243; background_layout=\u00bblight\u00bb text_font=\u00bb|on|||\u00bb text_text_color=\u00bb#dc001b\u00bb disabled=\u00bboff\u00bb disabled_on=\u00bboff|off|off\u00bb]<\/p>\n<h3><span style=\"color: #ff0000;\"><strong>GALER\u00cdA FOTOGR\u00c1FICA<\/strong><\/span><\/h3>\n<p>[Best_Wordpress_Gallery id=\u00bb17&#8243; gal_title=\u00bb20. Cena del Hambre\u00bb]<\/p>\n<p>&nbsp;<\/p>\n<p>[\/et_pb_text][et_pb_gallery _builder_version=\u00bb3.0.92&#8243; posts_number=\u00bb8&#8243; show_title_and_caption=\u00bboff\u00bb show_pagination=\u00bbon\u00bb fullwidth=\u00bboff\u00bb orientation=\u00bblandscape\u00bb zoom_icon_color=\u00bb#dc001b\u00bb hover_overlay_color=\u00bbrgba(255,255,255,0.9)\u00bb hover_icon=\u00bb%%51%%\u00bb background_layout=\u00bblight\u00bb border_style=\u00bbsolid\u00bb auto=\u00bboff\u00bb disabled=\u00bbon\u00bb disabled_on=\u00bbon|on|on\u00bb \/][et_pb_video _builder_version=\u00bb3.0.92&#8243; disabled=\u00bboff\u00bb disabled_on=\u00bboff|off|off\u00bb src=\u00bbhttps:\/\/www.youtube.com\/watch?v=uTA9v2hfsKc\u00bb image_src=\u00bb\/\/i.ytimg.com\/vi\/uTA9v2hfsKc\/hqdefault.jpg\u00bb \/][et_pb_button _builder_version=\u00bb3.0.92&#8243; button_text=\u00bbIr a PRINCIPAL\u00bb button_url=\u00bbgranada.salesianos.edu\u00bb url_new_window=\u00bboff\u00bb background_layout=\u00bblight\u00bb custom_button=\u00bboff\u00bb button_icon_placement=\u00bbright\u00bb \/][\/et_pb_column][\/et_pb_row][\/et_pb_section]<\/p>\n","protected":false},"excerpt":{"rendered":"<p>El pasado s\u00e1bado 3 de febrero tuvo lugar en el Centro Juvenil de la Casa la tradicional \u00abCena del Hambre\u00bb. Estaba convocada la Familia Salesiana en general y todos los fieles que desearon participar en ella. Tras la celebraci\u00f3n de la Eucarist\u00eda, la Presidenta de ADMA-D\u00f1a. Carmen Puertas-, invit\u00f3 a participar de una cena muy sencilla, que consisti\u00f3 en un bollo de pan, agua y una naranja. El objetivo: solidarizarnos con los que menos tienen, sintiendo un poco el pellizco del hambre que tantos millones de personas sufren a diario.<\/p>\n","protected":false},"author":2,"featured_media":0,"comment_status":"open","ping_status":"open","sticky":false,"template":"","format":"standard","meta":{"_et_pb_use_builder":"on","_et_pb_old_content":"","_et_gb_content_width":"","footnotes":""},"categories":[15,10,1],"tags":[],"class_list":["post-7332","post","type-post","status-publish","format-standard","hentry","category-familia-salesiana","category-portada","category-uncategorized"],"yoast_head":"<!-- This site is optimized with the Yoast SEO plugin v28.4 - https:\/\/yoast.com\/product\/yoast-seo-wordpress\/ -->\n<title>CENA DEL HAMBRE - Familia Salesiana<\/title>\n<meta name=\"robots\" content=\"index, follow, max-snippet:-1, max-image-preview:large, max-video-preview:-1\" \/>\n<link rel=\"canonical\" href=\"https:\/\/granada.salesianos.edu\/familiasalesiana\/blog\/cena-del-hambre-2\/\" \/>\n<meta property=\"og:locale\" content=\"es_ES\" \/>\n<meta property=\"og:type\" content=\"article\" \/>\n<meta property=\"og:title\" content=\"CENA DEL HAMBRE - Familia Salesiana\" \/>\n<meta property=\"og:description\" content=\"El pasado s\u00e1bado 3 de febrero tuvo lugar en el Centro Juvenil de la Casa la tradicional &quot;Cena del Hambre&quot;. Estaba convocada la Familia Salesiana en general y todos los fieles que desearon participar en ella. Tras la celebraci\u00f3n de la Eucarist\u00eda, la Presidenta de ADMA-D\u00f1a. Carmen Puertas-, invit\u00f3 a participar de una cena muy sencilla, que consisti\u00f3 en un bollo de pan, agua y una naranja. El objetivo: solidarizarnos con los que menos tienen, sintiendo un poco el pellizco del hambre que tantos millones de personas sufren a diario.\" \/>\n<meta property=\"og:url\" content=\"https:\/\/granada.salesianos.edu\/familiasalesiana\/blog\/cena-del-hambre-2\/\" \/>\n<meta property=\"og:site_name\" content=\"Familia Salesiana\" \/>\n<meta property=\"article:published_time\" content=\"2018-03-01T14:28:42+00:00\" \/>\n<meta property=\"article:modified_time\" content=\"2018-03-01T14:30:23+00:00\" \/>\n<meta property=\"og:image\" content=\"https:\/\/granada.salesianos.edu\/familiasalesiana\/wp-content\/uploads\/sites\/8\/2018\/03\/2018-02-03-20.42.23.jpg\" \/>\n\t<meta property=\"og:image:width\" content=\"512\" \/>\n\t<meta property=\"og:image:height\" content=\"384\" \/>\n\t<meta property=\"og:image:type\" content=\"image\/jpeg\" \/>\n<meta name=\"author\" content=\"Gestor Web\" \/>\n<meta name=\"twitter:card\" content=\"summary_large_image\" \/>\n<meta name=\"twitter:label1\" content=\"Escrito por\" \/>\n\t<meta name=\"twitter:data1\" content=\"Gestor Web\" \/>\n\t<meta name=\"twitter:label2\" content=\"Tiempo de lectura\" \/>\n\t<meta name=\"twitter:data2\" content=\"3 minutos\" \/>\n<script type=\"application\/ld+json\" class=\"yoast-schema-graph\">{\"@context\":\"https:\\\/\\\/schema.org\",\"@graph\":[{\"@type\":\"Article\",\"@id\":\"https:\\\/\\\/granada.salesianos.edu\\\/familiasalesiana\\\/blog\\\/cena-del-hambre-2\\\/#article\",\"isPartOf\":{\"@id\":\"https:\\\/\\\/granada.salesianos.edu\\\/familiasalesiana\\\/blog\\\/cena-del-hambre-2\\\/\"},\"author\":{\"name\":\"Gestor Web\",\"@id\":\"https:\\\/\\\/granada.salesianos.edu\\\/familiasalesiana\\\/#\\\/schema\\\/person\\\/6392ff2e4bd1e66981d6eab734bbd962\"},\"headline\":\"CENA DEL HAMBRE\",\"datePublished\":\"2018-03-01T14:28:42+00:00\",\"dateModified\":\"2018-03-01T14:30:23+00:00\",\"mainEntityOfPage\":{\"@id\":\"https:\\\/\\\/granada.salesianos.edu\\\/familiasalesiana\\\/blog\\\/cena-del-hambre-2\\\/\"},\"wordCount\":524,\"commentCount\":0,\"image\":{\"@id\":\"https:\\\/\\\/granada.salesianos.edu\\\/familiasalesiana\\\/blog\\\/cena-del-hambre-2\\\/#primaryimage\"},\"thumbnailUrl\":\"https:\\\/\\\/granada.salesianos.edu\\\/familiasalesiana\\\/wp-content\\\/uploads\\\/sites\\\/8\\\/2018\\\/03\\\/2018-02-03-20.42.23-300x225.jpg\",\"articleSection\":[\"Familia Salesiana\",\"Portada\",\"Uncategorized\"],\"inLanguage\":\"es\",\"potentialAction\":[{\"@type\":\"CommentAction\",\"name\":\"Comment\",\"target\":[\"https:\\\/\\\/granada.salesianos.edu\\\/familiasalesiana\\\/blog\\\/cena-del-hambre-2\\\/#respond\"]}]},{\"@type\":\"WebPage\",\"@id\":\"https:\\\/\\\/granada.salesianos.edu\\\/familiasalesiana\\\/blog\\\/cena-del-hambre-2\\\/\",\"url\":\"https:\\\/\\\/granada.salesianos.edu\\\/familiasalesiana\\\/blog\\\/cena-del-hambre-2\\\/\",\"name\":\"CENA DEL HAMBRE - Familia Salesiana\",\"isPartOf\":{\"@id\":\"https:\\\/\\\/granada.salesianos.edu\\\/familiasalesiana\\\/#website\"},\"primaryImageOfPage\":{\"@id\":\"https:\\\/\\\/granada.salesianos.edu\\\/familiasalesiana\\\/blog\\\/cena-del-hambre-2\\\/#primaryimage\"},\"image\":{\"@id\":\"https:\\\/\\\/granada.salesianos.edu\\\/familiasalesiana\\\/blog\\\/cena-del-hambre-2\\\/#primaryimage\"},\"thumbnailUrl\":\"https:\\\/\\\/granada.salesianos.edu\\\/familiasalesiana\\\/wp-content\\\/uploads\\\/sites\\\/8\\\/2018\\\/03\\\/2018-02-03-20.42.23-300x225.jpg\",\"datePublished\":\"2018-03-01T14:28:42+00:00\",\"dateModified\":\"2018-03-01T14:30:23+00:00\",\"author\":{\"@id\":\"https:\\\/\\\/granada.salesianos.edu\\\/familiasalesiana\\\/#\\\/schema\\\/person\\\/6392ff2e4bd1e66981d6eab734bbd962\"},\"breadcrumb\":{\"@id\":\"https:\\\/\\\/granada.salesianos.edu\\\/familiasalesiana\\\/blog\\\/cena-del-hambre-2\\\/#breadcrumb\"},\"inLanguage\":\"es\",\"potentialAction\":[{\"@type\":\"ReadAction\",\"target\":[\"https:\\\/\\\/granada.salesianos.edu\\\/familiasalesiana\\\/blog\\\/cena-del-hambre-2\\\/\"]}]},{\"@type\":\"ImageObject\",\"inLanguage\":\"es\",\"@id\":\"https:\\\/\\\/granada.salesianos.edu\\\/familiasalesiana\\\/blog\\\/cena-del-hambre-2\\\/#primaryimage\",\"url\":\"https:\\\/\\\/granada.salesianos.edu\\\/familiasalesiana\\\/wp-content\\\/uploads\\\/sites\\\/8\\\/2018\\\/03\\\/2018-02-03-20.42.23.jpg\",\"contentUrl\":\"https:\\\/\\\/granada.salesianos.edu\\\/familiasalesiana\\\/wp-content\\\/uploads\\\/sites\\\/8\\\/2018\\\/03\\\/2018-02-03-20.42.23.jpg\",\"width\":512,\"height\":384},{\"@type\":\"BreadcrumbList\",\"@id\":\"https:\\\/\\\/granada.salesianos.edu\\\/familiasalesiana\\\/blog\\\/cena-del-hambre-2\\\/#breadcrumb\",\"itemListElement\":[{\"@type\":\"ListItem\",\"position\":1,\"name\":\"Portada\",\"item\":\"https:\\\/\\\/granada.salesianos.edu\\\/familiasalesiana\\\/\"},{\"@type\":\"ListItem\",\"position\":2,\"name\":\"CENA DEL HAMBRE\"}]},{\"@type\":\"WebSite\",\"@id\":\"https:\\\/\\\/granada.salesianos.edu\\\/familiasalesiana\\\/#website\",\"url\":\"https:\\\/\\\/granada.salesianos.edu\\\/familiasalesiana\\\/\",\"name\":\"Familia Salesiana\",\"description\":\"P\u00e1gina oficial de Salesianos Granada San Juan Bosco\",\"potentialAction\":[{\"@type\":\"SearchAction\",\"target\":{\"@type\":\"EntryPoint\",\"urlTemplate\":\"https:\\\/\\\/granada.salesianos.edu\\\/familiasalesiana\\\/?s={search_term_string}\"},\"query-input\":{\"@type\":\"PropertyValueSpecification\",\"valueRequired\":true,\"valueName\":\"search_term_string\"}}],\"inLanguage\":\"es\"},{\"@type\":\"Person\",\"@id\":\"https:\\\/\\\/granada.salesianos.edu\\\/familiasalesiana\\\/#\\\/schema\\\/person\\\/6392ff2e4bd1e66981d6eab734bbd962\",\"name\":\"Gestor Web\",\"image\":{\"@type\":\"ImageObject\",\"inLanguage\":\"es\",\"@id\":\"https:\\\/\\\/secure.gravatar.com\\\/avatar\\\/160666bb56a01520857079961a824af2b7821d6bad80677c80f2b473fceead1b?s=96&d=mm&r=g\",\"url\":\"https:\\\/\\\/secure.gravatar.com\\\/avatar\\\/160666bb56a01520857079961a824af2b7821d6bad80677c80f2b473fceead1b?s=96&d=mm&r=g\",\"contentUrl\":\"https:\\\/\\\/secure.gravatar.com\\\/avatar\\\/160666bb56a01520857079961a824af2b7821d6bad80677c80f2b473fceead1b?s=96&d=mm&r=g\",\"caption\":\"Gestor Web\"}}]}<\/script>\n<!-- \/ Yoast SEO plugin. -->","yoast_head_json":{"title":"CENA DEL HAMBRE - Familia Salesiana","robots":{"index":"index","follow":"follow","max-snippet":"max-snippet:-1","max-image-preview":"max-image-preview:large","max-video-preview":"max-video-preview:-1"},"canonical":"https:\/\/granada.salesianos.edu\/familiasalesiana\/blog\/cena-del-hambre-2\/","og_locale":"es_ES","og_type":"article","og_title":"CENA DEL HAMBRE - Familia Salesiana","og_description":"El pasado s\u00e1bado 3 de febrero tuvo lugar en el Centro Juvenil de la Casa la tradicional \"Cena del Hambre\". Estaba convocada la Familia Salesiana en general y todos los fieles que desearon participar en ella. Tras la celebraci\u00f3n de la Eucarist\u00eda, la Presidenta de ADMA-D\u00f1a. Carmen Puertas-, invit\u00f3 a participar de una cena muy sencilla, que consisti\u00f3 en un bollo de pan, agua y una naranja. El objetivo: solidarizarnos con los que menos tienen, sintiendo un poco el pellizco del hambre que tantos millones de personas sufren a diario.","og_url":"https:\/\/granada.salesianos.edu\/familiasalesiana\/blog\/cena-del-hambre-2\/","og_site_name":"Familia Salesiana","article_published_time":"2018-03-01T14:28:42+00:00","article_modified_time":"2018-03-01T14:30:23+00:00","og_image":[{"width":512,"height":384,"url":"https:\/\/granada.salesianos.edu\/familiasalesiana\/wp-content\/uploads\/sites\/8\/2018\/03\/2018-02-03-20.42.23.jpg","type":"image\/jpeg"}],"author":"Gestor Web","twitter_card":"summary_large_image","twitter_misc":{"Escrito por":"Gestor Web","Tiempo de lectura":"3 minutos"},"schema":{"@context":"https:\/\/schema.org","@graph":[{"@type":"Article","@id":"https:\/\/granada.salesianos.edu\/familiasalesiana\/blog\/cena-del-hambre-2\/#article","isPartOf":{"@id":"https:\/\/granada.salesianos.edu\/familiasalesiana\/blog\/cena-del-hambre-2\/"},"author":{"name":"Gestor Web","@id":"https:\/\/granada.salesianos.edu\/familiasalesiana\/#\/schema\/person\/6392ff2e4bd1e66981d6eab734bbd962"},"headline":"CENA DEL HAMBRE","datePublished":"2018-03-01T14:28:42+00:00","dateModified":"2018-03-01T14:30:23+00:00","mainEntityOfPage":{"@id":"https:\/\/granada.salesianos.edu\/familiasalesiana\/blog\/cena-del-hambre-2\/"},"wordCount":524,"commentCount":0,"image":{"@id":"https:\/\/granada.salesianos.edu\/familiasalesiana\/blog\/cena-del-hambre-2\/#primaryimage"},"thumbnailUrl":"https:\/\/granada.salesianos.edu\/familiasalesiana\/wp-content\/uploads\/sites\/8\/2018\/03\/2018-02-03-20.42.23-300x225.jpg","articleSection":["Familia Salesiana","Portada","Uncategorized"],"inLanguage":"es","potentialAction":[{"@type":"CommentAction","name":"Comment","target":["https:\/\/granada.salesianos.edu\/familiasalesiana\/blog\/cena-del-hambre-2\/#respond"]}]},{"@type":"WebPage","@id":"https:\/\/granada.salesianos.edu\/familiasalesiana\/blog\/cena-del-hambre-2\/","url":"https:\/\/granada.salesianos.edu\/familiasalesiana\/blog\/cena-del-hambre-2\/","name":"CENA DEL HAMBRE - Familia Salesiana","isPartOf":{"@id":"https:\/\/granada.salesianos.edu\/familiasalesiana\/#website"},"primaryImageOfPage":{"@id":"https:\/\/granada.salesianos.edu\/familiasalesiana\/blog\/cena-del-hambre-2\/#primaryimage"},"image":{"@id":"https:\/\/granada.salesianos.edu\/familiasalesiana\/blog\/cena-del-hambre-2\/#primaryimage"},"thumbnailUrl":"https:\/\/granada.salesianos.edu\/familiasalesiana\/wp-content\/uploads\/sites\/8\/2018\/03\/2018-02-03-20.42.23-300x225.jpg","datePublished":"2018-03-01T14:28:42+00:00","dateModified":"2018-03-01T14:30:23+00:00","author":{"@id":"https:\/\/granada.salesianos.edu\/familiasalesiana\/#\/schema\/person\/6392ff2e4bd1e66981d6eab734bbd962"},"breadcrumb":{"@id":"https:\/\/granada.salesianos.edu\/familiasalesiana\/blog\/cena-del-hambre-2\/#breadcrumb"},"inLanguage":"es","potentialAction":[{"@type":"ReadAction","target":["https:\/\/granada.salesianos.edu\/familiasalesiana\/blog\/cena-del-hambre-2\/"]}]},{"@type":"ImageObject","inLanguage":"es","@id":"https:\/\/granada.salesianos.edu\/familiasalesiana\/blog\/cena-del-hambre-2\/#primaryimage","url":"https:\/\/granada.salesianos.edu\/familiasalesiana\/wp-content\/uploads\/sites\/8\/2018\/03\/2018-02-03-20.42.23.jpg","contentUrl":"https:\/\/granada.salesianos.edu\/familiasalesiana\/wp-content\/uploads\/sites\/8\/2018\/03\/2018-02-03-20.42.23.jpg","width":512,"height":384},{"@type":"BreadcrumbList","@id":"https:\/\/granada.salesianos.edu\/familiasalesiana\/blog\/cena-del-hambre-2\/#breadcrumb","itemListElement":[{"@type":"ListItem","position":1,"name":"Portada","item":"https:\/\/granada.salesianos.edu\/familiasalesiana\/"},{"@type":"ListItem","position":2,"name":"CENA DEL HAMBRE"}]},{"@type":"WebSite","@id":"https:\/\/granada.salesianos.edu\/familiasalesiana\/#website","url":"https:\/\/granada.salesianos.edu\/familiasalesiana\/","name":"Familia Salesiana","description":"P\u00e1gina oficial de Salesianos Granada San Juan Bosco","potentialAction":[{"@type":"SearchAction","target":{"@type":"EntryPoint","urlTemplate":"https:\/\/granada.salesianos.edu\/familiasalesiana\/?s={search_term_string}"},"query-input":{"@type":"PropertyValueSpecification","valueRequired":true,"valueName":"search_term_string"}}],"inLanguage":"es"},{"@type":"Person","@id":"https:\/\/granada.salesianos.edu\/familiasalesiana\/#\/schema\/person\/6392ff2e4bd1e66981d6eab734bbd962","name":"Gestor Web","image":{"@type":"ImageObject","inLanguage":"es","@id":"https:\/\/secure.gravatar.com\/avatar\/160666bb56a01520857079961a824af2b7821d6bad80677c80f2b473fceead1b?s=96&d=mm&r=g","url":"https:\/\/secure.gravatar.com\/avatar\/160666bb56a01520857079961a824af2b7821d6bad80677c80f2b473fceead1b?s=96&d=mm&r=g","contentUrl":"https:\/\/secure.gravatar.com\/avatar\/160666bb56a01520857079961a824af2b7821d6bad80677c80f2b473fceead1b?s=96&d=mm&r=g","caption":"Gestor Web"}}]}},"_links":{"self":[{"href":"https:\/\/granada.salesianos.edu\/familiasalesiana\/wp-json\/wp\/v2\/posts\/7332","targetHints":{"allow":["GET"]}}],"collection":[{"href":"https:\/\/granada.salesianos.edu\/familiasalesiana\/wp-json\/wp\/v2\/posts"}],"about":[{"href":"https:\/\/granada.salesianos.edu\/familiasalesiana\/wp-json\/wp\/v2\/types\/post"}],"author":[{"embeddable":true,"href":"https:\/\/granada.salesianos.edu\/familiasalesiana\/wp-json\/wp\/v2\/users\/2"}],"replies":[{"embeddable":true,"href":"https:\/\/granada.salesianos.edu\/familiasalesiana\/wp-json\/wp\/v2\/comments?post=7332"}],"version-history":[{"count":3,"href":"https:\/\/granada.salesianos.edu\/familiasalesiana\/wp-json\/wp\/v2\/posts\/7332\/revisions"}],"predecessor-version":[{"id":7336,"href":"https:\/\/granada.salesianos.edu\/familiasalesiana\/wp-json\/wp\/v2\/posts\/7332\/revisions\/7336"}],"wp:attachment":[{"href":"https:\/\/granada.salesianos.edu\/familiasalesiana\/wp-json\/wp\/v2\/media?parent=7332"}],"wp:term":[{"taxonomy":"category","embeddable":true,"href":"https:\/\/granada.salesianos.edu\/familiasalesiana\/wp-json\/wp\/v2\/categories?post=7332"},{"taxonomy":"post_tag","embeddable":true,"href":"https:\/\/granada.salesianos.edu\/familiasalesiana\/wp-json\/wp\/v2\/tags?post=7332"}],"curies":[{"name":"wp","href":"https:\/\/api.w.org\/{rel}","templated":true}]}}