{"id":7337,"date":"2018-03-01T16:32:08","date_gmt":"2018-03-01T14:32:08","guid":{"rendered":"https:\/\/granada.salesianos.edu\/familiasalesiana\/?p=7337"},"modified":"2018-03-01T16:33:07","modified_gmt":"2018-03-01T14:33:07","slug":"fallado-el-v-premio-virgen-de-la-salud","status":"publish","type":"post","link":"https:\/\/granada.salesianos.edu\/familiasalesiana\/blog\/fallado-el-v-premio-virgen-de-la-salud\/","title":{"rendered":"FALLADO EL V PREMIO \u201cVIRGEN DE LA SALUD\u201d"},"content":{"rendered":"<div id=\"fb-root\"><\/div>\n<p>[et_pb_section bb_built=\u00bb1&#8243; admin_label=\u00bbsection\u00bb][et_pb_row admin_label=\u00bbrow\u00bb background_position=\u00bbtop_left\u00bb background_repeat=\u00bbrepeat\u00bb background_size=\u00bbinitial\u00bb][et_pb_column type=\u00bb4_4&#8243;][et_pb_text admin_label=\u00bbEntradilla (Texto)\u00bb _builder_version=\u00bb3.0.105&#8243; background_layout=\u00bblight\u00bb text_orientation=\u00bbjustified\u00bb text_font=\u00bb|on|||\u00bb]<\/p>\n<p>La entrega se realizar\u00e1 en el Teatro Isabel la Cat\u00f3lica el pr\u00f3ximo d\u00eda 14 de marzo a 21.00 horas, previa retirada de entradas en la secretar\u00eda de la hermandad. Al mismo acuden las principales autoridades civiles y militares as\u00ed como de Madrid. Supone un importante acontecimiento en la Cuaresma granadina<\/p>\n<p>[\/et_pb_text][et_pb_text admin_label=\u00bbAutor (Texto)\u00bb _builder_version=\u00bb3.0.105&#8243; background_layout=\u00bblight\u00bb text_font=\u00bb||on||\u00bb]<\/p>\n<p>Por D. Alfonso Guerrero Santisteban, Secretario del Jurado<\/p>\n<p>[\/et_pb_text][et_pb_text admin_label=\u00bbDesarrollo (Texto)\u00bb _builder_version=\u00bb3.0.105&#8243; background_layout=\u00bblight\u00bb text_orientation=\u00bbjustified\u00bb]<\/p>\n<p>Anoche se fall\u00f3 el\u00a0Premio Virgen de la Salud en su V edici\u00f3n. Premio que se ha convertido en uno de los m\u00e1s prestigiosos de la Semana Santa de Granada. Seg\u00fan consta en el Acta:<\/p>\n<p>\u00abTras la deliberaci\u00f3n y an\u00e1lisis de las diversas personas e instituciones propuestas como merecedoras de dicho premio, se adopta el siguiente acuerdo por unanimidad:<\/p>\n<p><span style=\"color: #ff0000;\"><strong>Conceder el V Premio Virgen de la Salud a la Brigada de Sanidad del Ejercito de Tierra con sede en Pozuelo de Alarc\u00f3n (Madrid)<\/strong><\/span><\/p>\n<p>Por su entrega y profesionalidad, llevando el nombre de Espa\u00f1a, su solidaridad y atenci\u00f3n m\u00e9dica en los ejercicios y misiones internacionales que se rese\u00f1an:<\/p>\n<p><img loading=\"lazy\" decoding=\"async\" class=\"alignleft size-full wp-image-7338\" src=\"https:\/\/granada.salesianos.edu\/familiasalesiana\/wp-content\/uploads\/sites\/8\/2018\/03\/esc_gr_salesianos.jpg\" alt=\"\" width=\"200\" height=\"200\" srcset=\"https:\/\/granada.salesianos.edu\/familiasalesiana\/wp-content\/uploads\/sites\/8\/2018\/03\/esc_gr_salesianos.jpg 200w, https:\/\/granada.salesianos.edu\/familiasalesiana\/wp-content\/uploads\/sites\/8\/2018\/03\/esc_gr_salesianos-150x150.jpg 150w\" sizes=\"(max-width: 200px) 100vw, 200px\" \/>-Operaci\u00f3n Libre Hidalgo en El L\u00edbano.<\/p>\n<p>-Operaci\u00f3n Alfa India en Irak<\/p>\n<p>-Cursos de Seguridad Cooperativa en T\u00fanez.<\/p>\n<p>-Cursos de Seguridad Cooperativa en Mauritania.<\/p>\n<p>-Ejercicio OTAN en Letonia.<\/p>\n<p>-Personal encuadrado dentro de la Campa\u00f1a Ant\u00e1rtica.<\/p>\n<p>-Participaci\u00f3n en el ejercicio de Emergencia Nacional de la UME en Cantabria.<\/p>\n<p>-Apoyo de una unidad veterinaria en la Rep\u00fablica Centroafricana<\/p>\n<p>Por su colaboraci\u00f3n activa en la Semana Santa de Granada, renovando su implicaci\u00f3n como Hermano Mayor Honorario de esta Real Cofrad\u00eda y en cuantas tareas solidarias en favor de la discapacidad ha sido requerida su presencia.<\/p>\n<p>Por la Organizaci\u00f3n en nuestra ciudad de la exposici\u00f3n de Sanidad Militar \u201c500 a\u00f1os al servicio de Espa\u00f1a\u201d celebrada en el Parque de las Ciencias.\u00bb<\/p>\n<p><span style=\"color: #ff0000;\">En anteriores ediciones fueron premiados D. Jorge Mart\u00ednez Garz\u00f3n Director de Tg7, D Ram\u00f3n Burgos Ledesma Pregonero de la Semana Santa de este a\u00f1o, el Mando de Adiestramiento y Doctrina del Ej\u00e9rcito de Tierra (MADOC) y Antonio Tejada y la Ciudad Accesible.<\/span><\/p>\n<p>La entrega se realizar\u00e1 en el Teatro Isabel la Cat\u00f3lica el pr\u00f3ximo d\u00eda 14 de marzo a 21.00 horas, previa retirada de entradas en la secretar\u00eda<br \/>\nde la hermandad. Al mismo acuden las principales autoridades civiles y militares as\u00ed como de Madrid. Supone un importante acontecimiento en la Cuaresma granadina<\/p>\n<p>[\/et_pb_text][et_pb_text admin_label=\u00bbT\u00edtulo: Galer\u00eda de fotos (Texto)\u00bb _builder_version=\u00bb3.0.51&#8243; background_layout=\u00bblight\u00bb text_orientation=\u00bbleft\u00bb text_font=\u00bb|on|||\u00bb text_text_color=\u00bb#dc001b\u00bb border_style=\u00bbsolid\u00bb disabled=\u00bbon\u00bb disabled_on=\u00bbon|on|on\u00bb]<\/p>\n<p>Galer\u00eda de im\u00e1genes<\/p>\n<p>[\/et_pb_text][et_pb_gallery _builder_version=\u00bb3.0.51&#8243; posts_number=\u00bb8&#8243; show_title_and_caption=\u00bboff\u00bb show_pagination=\u00bbon\u00bb fullwidth=\u00bboff\u00bb orientation=\u00bblandscape\u00bb zoom_icon_color=\u00bb#dc001b\u00bb hover_overlay_color=\u00bbrgba(255,255,255,0.9)\u00bb hover_icon=\u00bb%%51%%\u00bb background_layout=\u00bblight\u00bb border_style=\u00bbsolid\u00bb auto=\u00bboff\u00bb disabled=\u00bbon\u00bb disabled_on=\u00bbon|on|on\u00bb \/][et_pb_video _builder_version=\u00bb3.0.51&#8243; disabled=\u00bbon\u00bb disabled_on=\u00bbon|on|on\u00bb \/][et_pb_image _builder_version=\u00bb3.0.105&#8243; src=\u00bbhttps:\/\/granada.salesianos.edu\/wp-content\/uploads\/2018\/02\/Premio-Salud.jpeg\u00bb show_in_lightbox=\u00bboff\u00bb url_new_window=\u00bboff\u00bb use_overlay=\u00bboff\u00bb always_center_on_mobile=\u00bbon\u00bb force_fullwidth=\u00bboff\u00bb show_bottom_space=\u00bbon\u00bb \/][et_pb_button _builder_version=\u00bb3.0.105&#8243; button_text=\u00bbVolver a CASA\u00bb button_url=\u00bbgranada.salesianos.edu\u00bb url_new_window=\u00bboff\u00bb background_layout=\u00bblight\u00bb custom_button=\u00bboff\u00bb button_icon_placement=\u00bbright\u00bb \/][\/et_pb_column][\/et_pb_row][\/et_pb_section]<\/p>\n","protected":false},"excerpt":{"rendered":"<p>Anoche se fall\u00f3 el\u00a0Premio Virgen de la Salud en su V edici\u00f3n. Premio que se ha convertido en uno de los m\u00e1s prestigiosos de la Semana Santa de Granada. Seg\u00fan consta en el Acta:<\/p>\n<p>\u00abTras la deliberaci\u00f3n y an\u00e1lisis de las diversas personas e instituciones propuestas como merecedoras de dicho premio, se adopta el siguiente acuerdo por unanimidad:<\/p>\n<p>Conceder el V Premio Virgen de la Salud a la Brigada de Sanidad del Ejercito de Tierra con sede en Pozuelo de Alarc\u00f3n (Madrid)<\/p>\n","protected":false},"author":2,"featured_media":0,"comment_status":"open","ping_status":"open","sticky":false,"template":"","format":"standard","meta":{"_et_pb_use_builder":"on","_et_pb_old_content":"","_et_gb_content_width":"","footnotes":""},"categories":[15,10,1],"tags":[],"class_list":["post-7337","post","type-post","status-publish","format-standard","hentry","category-familia-salesiana","category-portada","category-uncategorized"],"yoast_head":"<!-- This site is optimized with the Yoast SEO plugin v28.4 - https:\/\/yoast.com\/product\/yoast-seo-wordpress\/ -->\n<title>FALLADO EL V PREMIO \u201cVIRGEN DE LA SALUD\u201d - Familia Salesiana<\/title>\n<meta name=\"robots\" content=\"index, follow, max-snippet:-1, max-image-preview:large, max-video-preview:-1\" \/>\n<link rel=\"canonical\" href=\"https:\/\/granada.salesianos.edu\/familiasalesiana\/blog\/fallado-el-v-premio-virgen-de-la-salud\/\" \/>\n<meta property=\"og:locale\" content=\"es_ES\" \/>\n<meta property=\"og:type\" content=\"article\" \/>\n<meta property=\"og:title\" content=\"FALLADO EL V PREMIO \u201cVIRGEN DE LA SALUD\u201d - Familia Salesiana\" \/>\n<meta property=\"og:description\" content=\"Anoche se fall\u00f3 el\u00a0Premio Virgen de la Salud en su V edici\u00f3n. Premio que se ha convertido en uno de los m\u00e1s prestigiosos de la Semana Santa de Granada. Seg\u00fan consta en el Acta:  &quot;Tras la deliberaci\u00f3n y an\u00e1lisis de las diversas personas e instituciones propuestas como merecedoras de dicho premio, se adopta el siguiente acuerdo por unanimidad:  Conceder el V Premio Virgen de la Salud a la Brigada de Sanidad del Ejercito de Tierra con sede en Pozuelo de Alarc\u00f3n (Madrid)\" \/>\n<meta property=\"og:url\" content=\"https:\/\/granada.salesianos.edu\/familiasalesiana\/blog\/fallado-el-v-premio-virgen-de-la-salud\/\" \/>\n<meta property=\"og:site_name\" content=\"Familia Salesiana\" \/>\n<meta property=\"article:published_time\" content=\"2018-03-01T14:32:08+00:00\" \/>\n<meta property=\"article:modified_time\" content=\"2018-03-01T14:33:07+00:00\" \/>\n<meta property=\"og:image\" content=\"https:\/\/granada.salesianos.edu\/familiasalesiana\/wp-content\/uploads\/sites\/8\/2018\/03\/esc_gr_salesianos.jpg\" \/>\n\t<meta property=\"og:image:width\" content=\"200\" \/>\n\t<meta property=\"og:image:height\" content=\"200\" \/>\n\t<meta property=\"og:image:type\" content=\"image\/jpeg\" \/>\n<meta name=\"author\" content=\"Gestor Web\" \/>\n<meta name=\"twitter:card\" content=\"summary_large_image\" \/>\n<meta name=\"twitter:label1\" content=\"Escrito por\" \/>\n\t<meta name=\"twitter:data1\" content=\"Gestor Web\" \/>\n\t<meta name=\"twitter:label2\" content=\"Tiempo de lectura\" \/>\n\t<meta name=\"twitter:data2\" content=\"3 minutos\" \/>\n<script type=\"application\/ld+json\" class=\"yoast-schema-graph\">{\"@context\":\"https:\\\/\\\/schema.org\",\"@graph\":[{\"@type\":\"Article\",\"@id\":\"https:\\\/\\\/granada.salesianos.edu\\\/familiasalesiana\\\/blog\\\/fallado-el-v-premio-virgen-de-la-salud\\\/#article\",\"isPartOf\":{\"@id\":\"https:\\\/\\\/granada.salesianos.edu\\\/familiasalesiana\\\/blog\\\/fallado-el-v-premio-virgen-de-la-salud\\\/\"},\"author\":{\"name\":\"Gestor Web\",\"@id\":\"https:\\\/\\\/granada.salesianos.edu\\\/familiasalesiana\\\/#\\\/schema\\\/person\\\/6392ff2e4bd1e66981d6eab734bbd962\"},\"headline\":\"FALLADO EL V PREMIO \u201cVIRGEN DE LA SALUD\u201d\",\"datePublished\":\"2018-03-01T14:32:08+00:00\",\"dateModified\":\"2018-03-01T14:33:07+00:00\",\"mainEntityOfPage\":{\"@id\":\"https:\\\/\\\/granada.salesianos.edu\\\/familiasalesiana\\\/blog\\\/fallado-el-v-premio-virgen-de-la-salud\\\/\"},\"wordCount\":677,\"commentCount\":0,\"image\":{\"@id\":\"https:\\\/\\\/granada.salesianos.edu\\\/familiasalesiana\\\/blog\\\/fallado-el-v-premio-virgen-de-la-salud\\\/#primaryimage\"},\"thumbnailUrl\":\"https:\\\/\\\/granada.salesianos.edu\\\/familiasalesiana\\\/wp-content\\\/uploads\\\/sites\\\/8\\\/2018\\\/03\\\/esc_gr_salesianos.jpg\",\"articleSection\":[\"Familia Salesiana\",\"Portada\",\"Uncategorized\"],\"inLanguage\":\"es\",\"potentialAction\":[{\"@type\":\"CommentAction\",\"name\":\"Comment\",\"target\":[\"https:\\\/\\\/granada.salesianos.edu\\\/familiasalesiana\\\/blog\\\/fallado-el-v-premio-virgen-de-la-salud\\\/#respond\"]}]},{\"@type\":\"WebPage\",\"@id\":\"https:\\\/\\\/granada.salesianos.edu\\\/familiasalesiana\\\/blog\\\/fallado-el-v-premio-virgen-de-la-salud\\\/\",\"url\":\"https:\\\/\\\/granada.salesianos.edu\\\/familiasalesiana\\\/blog\\\/fallado-el-v-premio-virgen-de-la-salud\\\/\",\"name\":\"FALLADO EL V PREMIO \u201cVIRGEN DE LA SALUD\u201d - Familia Salesiana\",\"isPartOf\":{\"@id\":\"https:\\\/\\\/granada.salesianos.edu\\\/familiasalesiana\\\/#website\"},\"primaryImageOfPage\":{\"@id\":\"https:\\\/\\\/granada.salesianos.edu\\\/familiasalesiana\\\/blog\\\/fallado-el-v-premio-virgen-de-la-salud\\\/#primaryimage\"},\"image\":{\"@id\":\"https:\\\/\\\/granada.salesianos.edu\\\/familiasalesiana\\\/blog\\\/fallado-el-v-premio-virgen-de-la-salud\\\/#primaryimage\"},\"thumbnailUrl\":\"https:\\\/\\\/granada.salesianos.edu\\\/familiasalesiana\\\/wp-content\\\/uploads\\\/sites\\\/8\\\/2018\\\/03\\\/esc_gr_salesianos.jpg\",\"datePublished\":\"2018-03-01T14:32:08+00:00\",\"dateModified\":\"2018-03-01T14:33:07+00:00\",\"author\":{\"@id\":\"https:\\\/\\\/granada.salesianos.edu\\\/familiasalesiana\\\/#\\\/schema\\\/person\\\/6392ff2e4bd1e66981d6eab734bbd962\"},\"breadcrumb\":{\"@id\":\"https:\\\/\\\/granada.salesianos.edu\\\/familiasalesiana\\\/blog\\\/fallado-el-v-premio-virgen-de-la-salud\\\/#breadcrumb\"},\"inLanguage\":\"es\",\"potentialAction\":[{\"@type\":\"ReadAction\",\"target\":[\"https:\\\/\\\/granada.salesianos.edu\\\/familiasalesiana\\\/blog\\\/fallado-el-v-premio-virgen-de-la-salud\\\/\"]}]},{\"@type\":\"ImageObject\",\"inLanguage\":\"es\",\"@id\":\"https:\\\/\\\/granada.salesianos.edu\\\/familiasalesiana\\\/blog\\\/fallado-el-v-premio-virgen-de-la-salud\\\/#primaryimage\",\"url\":\"https:\\\/\\\/granada.salesianos.edu\\\/familiasalesiana\\\/wp-content\\\/uploads\\\/sites\\\/8\\\/2018\\\/03\\\/esc_gr_salesianos.jpg\",\"contentUrl\":\"https:\\\/\\\/granada.salesianos.edu\\\/familiasalesiana\\\/wp-content\\\/uploads\\\/sites\\\/8\\\/2018\\\/03\\\/esc_gr_salesianos.jpg\",\"width\":200,\"height\":200},{\"@type\":\"BreadcrumbList\",\"@id\":\"https:\\\/\\\/granada.salesianos.edu\\\/familiasalesiana\\\/blog\\\/fallado-el-v-premio-virgen-de-la-salud\\\/#breadcrumb\",\"itemListElement\":[{\"@type\":\"ListItem\",\"position\":1,\"name\":\"Portada\",\"item\":\"https:\\\/\\\/granada.salesianos.edu\\\/familiasalesiana\\\/\"},{\"@type\":\"ListItem\",\"position\":2,\"name\":\"FALLADO EL V PREMIO \u201cVIRGEN DE LA SALUD\u201d\"}]},{\"@type\":\"WebSite\",\"@id\":\"https:\\\/\\\/granada.salesianos.edu\\\/familiasalesiana\\\/#website\",\"url\":\"https:\\\/\\\/granada.salesianos.edu\\\/familiasalesiana\\\/\",\"name\":\"Familia Salesiana\",\"description\":\"P\u00e1gina oficial de Salesianos Granada San Juan Bosco\",\"potentialAction\":[{\"@type\":\"SearchAction\",\"target\":{\"@type\":\"EntryPoint\",\"urlTemplate\":\"https:\\\/\\\/granada.salesianos.edu\\\/familiasalesiana\\\/?s={search_term_string}\"},\"query-input\":{\"@type\":\"PropertyValueSpecification\",\"valueRequired\":true,\"valueName\":\"search_term_string\"}}],\"inLanguage\":\"es\"},{\"@type\":\"Person\",\"@id\":\"https:\\\/\\\/granada.salesianos.edu\\\/familiasalesiana\\\/#\\\/schema\\\/person\\\/6392ff2e4bd1e66981d6eab734bbd962\",\"name\":\"Gestor Web\",\"image\":{\"@type\":\"ImageObject\",\"inLanguage\":\"es\",\"@id\":\"https:\\\/\\\/secure.gravatar.com\\\/avatar\\\/160666bb56a01520857079961a824af2b7821d6bad80677c80f2b473fceead1b?s=96&d=mm&r=g\",\"url\":\"https:\\\/\\\/secure.gravatar.com\\\/avatar\\\/160666bb56a01520857079961a824af2b7821d6bad80677c80f2b473fceead1b?s=96&d=mm&r=g\",\"contentUrl\":\"https:\\\/\\\/secure.gravatar.com\\\/avatar\\\/160666bb56a01520857079961a824af2b7821d6bad80677c80f2b473fceead1b?s=96&d=mm&r=g\",\"caption\":\"Gestor Web\"}}]}<\/script>\n<!-- \/ Yoast SEO plugin. -->","yoast_head_json":{"title":"FALLADO EL V PREMIO \u201cVIRGEN DE LA SALUD\u201d - Familia Salesiana","robots":{"index":"index","follow":"follow","max-snippet":"max-snippet:-1","max-image-preview":"max-image-preview:large","max-video-preview":"max-video-preview:-1"},"canonical":"https:\/\/granada.salesianos.edu\/familiasalesiana\/blog\/fallado-el-v-premio-virgen-de-la-salud\/","og_locale":"es_ES","og_type":"article","og_title":"FALLADO EL V PREMIO \u201cVIRGEN DE LA SALUD\u201d - Familia Salesiana","og_description":"Anoche se fall\u00f3 el\u00a0Premio Virgen de la Salud en su V edici\u00f3n. Premio que se ha convertido en uno de los m\u00e1s prestigiosos de la Semana Santa de Granada. Seg\u00fan consta en el Acta:  \"Tras la deliberaci\u00f3n y an\u00e1lisis de las diversas personas e instituciones propuestas como merecedoras de dicho premio, se adopta el siguiente acuerdo por unanimidad:  Conceder el V Premio Virgen de la Salud a la Brigada de Sanidad del Ejercito de Tierra con sede en Pozuelo de Alarc\u00f3n (Madrid)","og_url":"https:\/\/granada.salesianos.edu\/familiasalesiana\/blog\/fallado-el-v-premio-virgen-de-la-salud\/","og_site_name":"Familia Salesiana","article_published_time":"2018-03-01T14:32:08+00:00","article_modified_time":"2018-03-01T14:33:07+00:00","og_image":[{"width":200,"height":200,"url":"https:\/\/granada.salesianos.edu\/familiasalesiana\/wp-content\/uploads\/sites\/8\/2018\/03\/esc_gr_salesianos.jpg","type":"image\/jpeg"}],"author":"Gestor Web","twitter_card":"summary_large_image","twitter_misc":{"Escrito por":"Gestor Web","Tiempo de lectura":"3 minutos"},"schema":{"@context":"https:\/\/schema.org","@graph":[{"@type":"Article","@id":"https:\/\/granada.salesianos.edu\/familiasalesiana\/blog\/fallado-el-v-premio-virgen-de-la-salud\/#article","isPartOf":{"@id":"https:\/\/granada.salesianos.edu\/familiasalesiana\/blog\/fallado-el-v-premio-virgen-de-la-salud\/"},"author":{"name":"Gestor Web","@id":"https:\/\/granada.salesianos.edu\/familiasalesiana\/#\/schema\/person\/6392ff2e4bd1e66981d6eab734bbd962"},"headline":"FALLADO EL V PREMIO \u201cVIRGEN DE LA SALUD\u201d","datePublished":"2018-03-01T14:32:08+00:00","dateModified":"2018-03-01T14:33:07+00:00","mainEntityOfPage":{"@id":"https:\/\/granada.salesianos.edu\/familiasalesiana\/blog\/fallado-el-v-premio-virgen-de-la-salud\/"},"wordCount":677,"commentCount":0,"image":{"@id":"https:\/\/granada.salesianos.edu\/familiasalesiana\/blog\/fallado-el-v-premio-virgen-de-la-salud\/#primaryimage"},"thumbnailUrl":"https:\/\/granada.salesianos.edu\/familiasalesiana\/wp-content\/uploads\/sites\/8\/2018\/03\/esc_gr_salesianos.jpg","articleSection":["Familia Salesiana","Portada","Uncategorized"],"inLanguage":"es","potentialAction":[{"@type":"CommentAction","name":"Comment","target":["https:\/\/granada.salesianos.edu\/familiasalesiana\/blog\/fallado-el-v-premio-virgen-de-la-salud\/#respond"]}]},{"@type":"WebPage","@id":"https:\/\/granada.salesianos.edu\/familiasalesiana\/blog\/fallado-el-v-premio-virgen-de-la-salud\/","url":"https:\/\/granada.salesianos.edu\/familiasalesiana\/blog\/fallado-el-v-premio-virgen-de-la-salud\/","name":"FALLADO EL V PREMIO \u201cVIRGEN DE LA SALUD\u201d - Familia Salesiana","isPartOf":{"@id":"https:\/\/granada.salesianos.edu\/familiasalesiana\/#website"},"primaryImageOfPage":{"@id":"https:\/\/granada.salesianos.edu\/familiasalesiana\/blog\/fallado-el-v-premio-virgen-de-la-salud\/#primaryimage"},"image":{"@id":"https:\/\/granada.salesianos.edu\/familiasalesiana\/blog\/fallado-el-v-premio-virgen-de-la-salud\/#primaryimage"},"thumbnailUrl":"https:\/\/granada.salesianos.edu\/familiasalesiana\/wp-content\/uploads\/sites\/8\/2018\/03\/esc_gr_salesianos.jpg","datePublished":"2018-03-01T14:32:08+00:00","dateModified":"2018-03-01T14:33:07+00:00","author":{"@id":"https:\/\/granada.salesianos.edu\/familiasalesiana\/#\/schema\/person\/6392ff2e4bd1e66981d6eab734bbd962"},"breadcrumb":{"@id":"https:\/\/granada.salesianos.edu\/familiasalesiana\/blog\/fallado-el-v-premio-virgen-de-la-salud\/#breadcrumb"},"inLanguage":"es","potentialAction":[{"@type":"ReadAction","target":["https:\/\/granada.salesianos.edu\/familiasalesiana\/blog\/fallado-el-v-premio-virgen-de-la-salud\/"]}]},{"@type":"ImageObject","inLanguage":"es","@id":"https:\/\/granada.salesianos.edu\/familiasalesiana\/blog\/fallado-el-v-premio-virgen-de-la-salud\/#primaryimage","url":"https:\/\/granada.salesianos.edu\/familiasalesiana\/wp-content\/uploads\/sites\/8\/2018\/03\/esc_gr_salesianos.jpg","contentUrl":"https:\/\/granada.salesianos.edu\/familiasalesiana\/wp-content\/uploads\/sites\/8\/2018\/03\/esc_gr_salesianos.jpg","width":200,"height":200},{"@type":"BreadcrumbList","@id":"https:\/\/granada.salesianos.edu\/familiasalesiana\/blog\/fallado-el-v-premio-virgen-de-la-salud\/#breadcrumb","itemListElement":[{"@type":"ListItem","position":1,"name":"Portada","item":"https:\/\/granada.salesianos.edu\/familiasalesiana\/"},{"@type":"ListItem","position":2,"name":"FALLADO EL V PREMIO \u201cVIRGEN DE LA SALUD\u201d"}]},{"@type":"WebSite","@id":"https:\/\/granada.salesianos.edu\/familiasalesiana\/#website","url":"https:\/\/granada.salesianos.edu\/familiasalesiana\/","name":"Familia Salesiana","description":"P\u00e1gina oficial de Salesianos Granada San Juan Bosco","potentialAction":[{"@type":"SearchAction","target":{"@type":"EntryPoint","urlTemplate":"https:\/\/granada.salesianos.edu\/familiasalesiana\/?s={search_term_string}"},"query-input":{"@type":"PropertyValueSpecification","valueRequired":true,"valueName":"search_term_string"}}],"inLanguage":"es"},{"@type":"Person","@id":"https:\/\/granada.salesianos.edu\/familiasalesiana\/#\/schema\/person\/6392ff2e4bd1e66981d6eab734bbd962","name":"Gestor Web","image":{"@type":"ImageObject","inLanguage":"es","@id":"https:\/\/secure.gravatar.com\/avatar\/160666bb56a01520857079961a824af2b7821d6bad80677c80f2b473fceead1b?s=96&d=mm&r=g","url":"https:\/\/secure.gravatar.com\/avatar\/160666bb56a01520857079961a824af2b7821d6bad80677c80f2b473fceead1b?s=96&d=mm&r=g","contentUrl":"https:\/\/secure.gravatar.com\/avatar\/160666bb56a01520857079961a824af2b7821d6bad80677c80f2b473fceead1b?s=96&d=mm&r=g","caption":"Gestor Web"}}]}},"_links":{"self":[{"href":"https:\/\/granada.salesianos.edu\/familiasalesiana\/wp-json\/wp\/v2\/posts\/7337","targetHints":{"allow":["GET"]}}],"collection":[{"href":"https:\/\/granada.salesianos.edu\/familiasalesiana\/wp-json\/wp\/v2\/posts"}],"about":[{"href":"https:\/\/granada.salesianos.edu\/familiasalesiana\/wp-json\/wp\/v2\/types\/post"}],"author":[{"embeddable":true,"href":"https:\/\/granada.salesianos.edu\/familiasalesiana\/wp-json\/wp\/v2\/users\/2"}],"replies":[{"embeddable":true,"href":"https:\/\/granada.salesianos.edu\/familiasalesiana\/wp-json\/wp\/v2\/comments?post=7337"}],"version-history":[{"count":2,"href":"https:\/\/granada.salesianos.edu\/familiasalesiana\/wp-json\/wp\/v2\/posts\/7337\/revisions"}],"predecessor-version":[{"id":7340,"href":"https:\/\/granada.salesianos.edu\/familiasalesiana\/wp-json\/wp\/v2\/posts\/7337\/revisions\/7340"}],"wp:attachment":[{"href":"https:\/\/granada.salesianos.edu\/familiasalesiana\/wp-json\/wp\/v2\/media?parent=7337"}],"wp:term":[{"taxonomy":"category","embeddable":true,"href":"https:\/\/granada.salesianos.edu\/familiasalesiana\/wp-json\/wp\/v2\/categories?post=7337"},{"taxonomy":"post_tag","embeddable":true,"href":"https:\/\/granada.salesianos.edu\/familiasalesiana\/wp-json\/wp\/v2\/tags?post=7337"}],"curies":[{"name":"wp","href":"https:\/\/api.w.org\/{rel}","templated":true}]}}