{"id":7357,"date":"2020-12-08T18:14:11","date_gmt":"2020-12-08T16:14:11","guid":{"rendered":"https:\/\/granada.salesianos.edu\/familiasalesiana\/blog\/por-muchos-bartolome-garelli-nace-don-bosco-salesianos-social\/"},"modified":"2020-12-08T18:17:11","modified_gmt":"2020-12-08T16:17:11","slug":"por-muchos-bartolome-garelli-nace-don-bosco-salesianos-social","status":"publish","type":"post","link":"https:\/\/granada.salesianos.edu\/familiasalesiana\/blog\/por-muchos-bartolome-garelli-nace-don-bosco-salesianos-social\/","title":{"rendered":"\u201cPor muchos Bartolom\u00e9 Garelli: nace Don Bosco Salesianos Social\u201d"},"content":{"rendered":"<div id=\"fb-root\"><\/div>\n<p>[et_pb_section fb_built=\u00bb1&#8243; admin_label=\u00bbsection\u00bb _builder_version=\u00bb4.2.2&#8243;][et_pb_row admin_label=\u00bbrow\u00bb _builder_version=\u00bb3.25&#8243; background_size=\u00bbinitial\u00bb background_position=\u00bbtop_left\u00bb background_repeat=\u00bbrepeat\u00bb][et_pb_column type=\u00bb4_4&#8243; _builder_version=\u00bb3.25&#8243; custom_padding=\u00bb|||\u00bb custom_padding__hover=\u00bb|||\u00bb][et_pb_text admin_label=\u00bbEntradilla (Texto)\u00bb _builder_version=\u00bb4.2.2&#8243; text_font=\u00bb|on|||\u00bb text_font_size=\u00bb20px\u00bb text_orientation=\u00bbjustified\u00bb custom_padding=\u00bb37px|||||\u00bb border_style=\u00bbsolid\u00bb]<\/p>\n<p><strong>La Fundaci\u00f3n Iniciativa Solidaria \u00c1ngel Tom\u00e1s-FISAT, Fundaci\u00f3n Don Bosco y Salesians Sant Jordi dan paso hacia una sola entidad: Fundaci\u00f3n Don Bosco Salesianos Social.<\/strong><\/p>\n<p>[\/et_pb_text][et_pb_text admin_label=\u00bbDesarrollo (Texto)\u00bb _builder_version=\u00bb4.2.2&#8243; text_orientation=\u00bbjustified\u00bb link_option_url=\u00bbhttps:\/\/www.salesianos.edu\/nace-don-bosco-salesianos-social\/\u00bb border_style=\u00bbsolid\u00bb]<\/p>\n<p>La unificaci\u00f3n de las Plataformas Sociales Salesiana de la Inspector\u00eda Mar\u00eda Auxiliadora ya es una realidad. <strong>La Fundaci\u00f3n Iniciativa Solidaria \u00c1ngel Tom\u00e1s-FISAT, Fundaci\u00f3n Don Bosco y Salesians Sant Jordi dan paso hacia una sola entidad: Fundaci\u00f3n Don Bosco Salesianos Social.<\/strong><\/p>\n<p>Un proceso que, aunque iniciado hace unos a\u00f1os, tiene un largo camino por recorrer. Las tres entidades en el desarrollo de su actividad mantienen diversos compromisos con organismos p\u00fablicos y privados que marcar\u00e1n el proceso de unificaci\u00f3n garantizando as\u00ed su cumplimiento.<\/p>\n<p><strong>El anuncio de esta unificaci\u00f3n, hoy 8 de diciembre, no es casual.<\/strong> En este d\u00eda, en la familia salesiana conmemoramos el comienzo de la obra educativa y pastoral salesiana de la mano de Don Bosco. Desde aquel: <strong>\u00bfsabes silbar?, han pasado 179 a\u00f1os y muchos Bartolom\u00e9 Garelli han logrado tomar el protagonismo de sus vidas gracias a la pedagog\u00eda del sistema preventivo y los valores que identifican la labor educativa salesiana.<\/strong><\/p>\n<p>2020 est\u00e1 siendo un a\u00f1o duro. Las realidades surgidas con la pandemia de la COVID-19 y que se viven en las Plataformas Sociales Salesianas, est\u00e1n suponiendo un gran desaf\u00edo para nuestras estructuras y nuestros equipos humanos. Damos respuesta a las necesidades que surgen, pero no nos conformamos con una respuesta en el corto plazo, queremos soluciones definitivas.<\/p>\n<p>Es por eso que, para las tres entidades, el proceso de unificaci\u00f3n est\u00e1 siendo muy ilusionante porque estamos convencidas de que gracias a ella la acci\u00f3n social transformadora que promovemos se multiplicar\u00e1; las sinergias con los agentes sociales con los que colaboramos crecer\u00e1 y juntas seremos palanca de cambio ante la desigualdad y la exclusi\u00f3n de la infancia, adolescencia, juventud y colectivos vulnerables. <strong>Don Bosco Salesianos Social aglutinar\u00e1 un total de 221 proyectos, acompa\u00f1ar\u00e1 a 20.727 destinatarios\/as, contar\u00e1 con un equipo humano de m\u00e1s de 800 trabajadores y trabajadoras y 525 voluntarios\/as.<\/strong><\/p>\n<p>Pero para ello necesitamos que cada una de las personas que son socios\/as y voluntarios\/as, organismos p\u00fablicos, entidades privadas y empresas, renueven su confianza depositada en FISAT, Fundaci\u00f3n Don Bosco y Salesians Sant Jordi, y la mantengan en Don Bosco Salesianos Social. <strong>Necesitamos que \u201cUnidas por los dem\u00e1s\u201d, nuestro lema de unificaci\u00f3n, sea tambi\u00e9n el lema de quienes nos han estado acompa\u00f1ando todos estos a\u00f1os, y que recorran con nosotras esta nueva andadura.<\/strong><\/p>\n<p>[\/et_pb_text][et_pb_code _builder_version=\u00bb4.2.2&#8243; text_orientation=\u00bbcenter\u00bb]<iframe loading=\"lazy\" width=\"560\" height=\"315\" src=\"https:\/\/www.youtube.com\/embed\/5nge59ueVyQ\" frameborder=\"0\" allow=\"accelerometer; autoplay; clipboard-write; encrypted-media; gyroscope; picture-in-picture\" allowfullscreen><\/iframe>[\/et_pb_code][et_pb_divider divider_weight=\u00bb10px\u00bb _builder_version=\u00bb4.2.2&#8243; hover_enabled=\u00bb0&#8243;][\/et_pb_divider][et_pb_blog fullwidth=\u00bboff\u00bb posts_number=\u00bb3&#8243; include_categories=\u00bb24,21,13,18,11,20,15,22,12,25,14,23,16,10,19&#8243; show_author=\u00bboff\u00bb _builder_version=\u00bb4.2.2&#8243; link_option_url_new_window=\u00bbon\u00bb][\/et_pb_blog][\/et_pb_column][\/et_pb_row][\/et_pb_section]<\/p>\n","protected":false},"excerpt":{"rendered":"<p>La Fundaci\u00f3n Iniciativa Solidaria \u00c1ngel Tom\u00e1s-FISAT, Fundaci\u00f3n Don Bosco y Salesians Sant Jordi dan paso hacia una sola entidad: Fundaci\u00f3n Don Bosco Salesianos Social.<\/p>\n","protected":false},"author":2,"featured_media":7358,"comment_status":"open","ping_status":"open","sticky":false,"template":"","format":"standard","meta":{"_et_pb_use_builder":"on","_et_pb_old_content":"","_et_gb_content_width":"","footnotes":""},"categories":[13,11,15,18,12,19,16,10,1],"tags":[],"class_list":["post-7357","post","type-post","status-publish","format-standard","has-post-thumbnail","hentry","category-centro-juvenil","category-colegio","category-familia-salesiana","category-fundacion-don-bosco","category-iglesia","category-pastoral","category-plataformas-sociales","category-portada","category-uncategorized"],"yoast_head":"<!-- This site is optimized with the Yoast SEO plugin v28.4 - https:\/\/yoast.com\/product\/yoast-seo-wordpress\/ -->\n<title>\u201cPor muchos Bartolom\u00e9 Garelli: nace Don Bosco Salesianos Social\u201d - Familia Salesiana<\/title>\n<meta name=\"robots\" content=\"index, follow, max-snippet:-1, max-image-preview:large, max-video-preview:-1\" \/>\n<link rel=\"canonical\" href=\"https:\/\/granada.salesianos.edu\/familiasalesiana\/blog\/por-muchos-bartolome-garelli-nace-don-bosco-salesianos-social\/\" \/>\n<meta property=\"og:locale\" content=\"es_ES\" \/>\n<meta property=\"og:type\" content=\"article\" \/>\n<meta property=\"og:title\" content=\"\u201cPor muchos Bartolom\u00e9 Garelli: nace Don Bosco Salesianos Social\u201d - Familia Salesiana\" \/>\n<meta property=\"og:description\" content=\"La Fundaci\u00f3n Iniciativa Solidaria \u00c1ngel Tom\u00e1s-FISAT, Fundaci\u00f3n Don Bosco y Salesians Sant Jordi dan paso hacia una sola entidad: Fundaci\u00f3n Don Bosco Salesianos Social.\" \/>\n<meta property=\"og:url\" content=\"https:\/\/granada.salesianos.edu\/familiasalesiana\/blog\/por-muchos-bartolome-garelli-nace-don-bosco-salesianos-social\/\" \/>\n<meta property=\"og:site_name\" content=\"Familia Salesiana\" \/>\n<meta property=\"article:published_time\" content=\"2020-12-08T16:14:11+00:00\" \/>\n<meta property=\"article:modified_time\" content=\"2020-12-08T16:17:11+00:00\" \/>\n<meta property=\"og:image\" content=\"https:\/\/granada.salesianos.edu\/familiasalesiana\/wp-content\/uploads\/sites\/8\/2020\/12\/Captura-de-pantalla-2020-12-04-a-las-17.40.51.png\" \/>\n\t<meta property=\"og:image:width\" content=\"1362\" \/>\n\t<meta property=\"og:image:height\" content=\"756\" \/>\n\t<meta property=\"og:image:type\" content=\"image\/png\" \/>\n<meta name=\"author\" content=\"Gestor Web\" \/>\n<meta name=\"twitter:card\" content=\"summary_large_image\" \/>\n<meta name=\"twitter:label1\" content=\"Escrito por\" \/>\n\t<meta name=\"twitter:data1\" content=\"Gestor Web\" \/>\n\t<meta name=\"twitter:label2\" content=\"Tiempo de lectura\" \/>\n\t<meta name=\"twitter:data2\" content=\"3 minutos\" \/>\n<script type=\"application\/ld+json\" class=\"yoast-schema-graph\">{\"@context\":\"https:\\\/\\\/schema.org\",\"@graph\":[{\"@type\":\"Article\",\"@id\":\"https:\\\/\\\/granada.salesianos.edu\\\/familiasalesiana\\\/blog\\\/por-muchos-bartolome-garelli-nace-don-bosco-salesianos-social\\\/#article\",\"isPartOf\":{\"@id\":\"https:\\\/\\\/granada.salesianos.edu\\\/familiasalesiana\\\/blog\\\/por-muchos-bartolome-garelli-nace-don-bosco-salesianos-social\\\/\"},\"author\":{\"name\":\"Gestor Web\",\"@id\":\"https:\\\/\\\/granada.salesianos.edu\\\/familiasalesiana\\\/#\\\/schema\\\/person\\\/6392ff2e4bd1e66981d6eab734bbd962\"},\"headline\":\"\u201cPor muchos Bartolom\u00e9 Garelli: nace Don Bosco Salesianos Social\u201d\",\"datePublished\":\"2020-12-08T16:14:11+00:00\",\"dateModified\":\"2020-12-08T16:17:11+00:00\",\"mainEntityOfPage\":{\"@id\":\"https:\\\/\\\/granada.salesianos.edu\\\/familiasalesiana\\\/blog\\\/por-muchos-bartolome-garelli-nace-don-bosco-salesianos-social\\\/\"},\"wordCount\":587,\"commentCount\":0,\"image\":{\"@id\":\"https:\\\/\\\/granada.salesianos.edu\\\/familiasalesiana\\\/blog\\\/por-muchos-bartolome-garelli-nace-don-bosco-salesianos-social\\\/#primaryimage\"},\"thumbnailUrl\":\"https:\\\/\\\/granada.salesianos.edu\\\/familiasalesiana\\\/wp-content\\\/uploads\\\/sites\\\/8\\\/2020\\\/12\\\/Captura-de-pantalla-2020-12-04-a-las-17.40.51.png\",\"articleSection\":[\"Centro Juvenil\",\"Colegio\",\"Familia Salesiana\",\"Fundaci\u00f3n Don Bosco\",\"Iglesia\",\"Pastoral\",\"Plataformas sociales\",\"Portada\",\"Uncategorized\"],\"inLanguage\":\"es\",\"potentialAction\":[{\"@type\":\"CommentAction\",\"name\":\"Comment\",\"target\":[\"https:\\\/\\\/granada.salesianos.edu\\\/familiasalesiana\\\/blog\\\/por-muchos-bartolome-garelli-nace-don-bosco-salesianos-social\\\/#respond\"]}]},{\"@type\":\"WebPage\",\"@id\":\"https:\\\/\\\/granada.salesianos.edu\\\/familiasalesiana\\\/blog\\\/por-muchos-bartolome-garelli-nace-don-bosco-salesianos-social\\\/\",\"url\":\"https:\\\/\\\/granada.salesianos.edu\\\/familiasalesiana\\\/blog\\\/por-muchos-bartolome-garelli-nace-don-bosco-salesianos-social\\\/\",\"name\":\"\u201cPor muchos Bartolom\u00e9 Garelli: nace Don Bosco Salesianos Social\u201d - Familia Salesiana\",\"isPartOf\":{\"@id\":\"https:\\\/\\\/granada.salesianos.edu\\\/familiasalesiana\\\/#website\"},\"primaryImageOfPage\":{\"@id\":\"https:\\\/\\\/granada.salesianos.edu\\\/familiasalesiana\\\/blog\\\/por-muchos-bartolome-garelli-nace-don-bosco-salesianos-social\\\/#primaryimage\"},\"image\":{\"@id\":\"https:\\\/\\\/granada.salesianos.edu\\\/familiasalesiana\\\/blog\\\/por-muchos-bartolome-garelli-nace-don-bosco-salesianos-social\\\/#primaryimage\"},\"thumbnailUrl\":\"https:\\\/\\\/granada.salesianos.edu\\\/familiasalesiana\\\/wp-content\\\/uploads\\\/sites\\\/8\\\/2020\\\/12\\\/Captura-de-pantalla-2020-12-04-a-las-17.40.51.png\",\"datePublished\":\"2020-12-08T16:14:11+00:00\",\"dateModified\":\"2020-12-08T16:17:11+00:00\",\"author\":{\"@id\":\"https:\\\/\\\/granada.salesianos.edu\\\/familiasalesiana\\\/#\\\/schema\\\/person\\\/6392ff2e4bd1e66981d6eab734bbd962\"},\"breadcrumb\":{\"@id\":\"https:\\\/\\\/granada.salesianos.edu\\\/familiasalesiana\\\/blog\\\/por-muchos-bartolome-garelli-nace-don-bosco-salesianos-social\\\/#breadcrumb\"},\"inLanguage\":\"es\",\"potentialAction\":[{\"@type\":\"ReadAction\",\"target\":[\"https:\\\/\\\/granada.salesianos.edu\\\/familiasalesiana\\\/blog\\\/por-muchos-bartolome-garelli-nace-don-bosco-salesianos-social\\\/\"]}]},{\"@type\":\"ImageObject\",\"inLanguage\":\"es\",\"@id\":\"https:\\\/\\\/granada.salesianos.edu\\\/familiasalesiana\\\/blog\\\/por-muchos-bartolome-garelli-nace-don-bosco-salesianos-social\\\/#primaryimage\",\"url\":\"https:\\\/\\\/granada.salesianos.edu\\\/familiasalesiana\\\/wp-content\\\/uploads\\\/sites\\\/8\\\/2020\\\/12\\\/Captura-de-pantalla-2020-12-04-a-las-17.40.51.png\",\"contentUrl\":\"https:\\\/\\\/granada.salesianos.edu\\\/familiasalesiana\\\/wp-content\\\/uploads\\\/sites\\\/8\\\/2020\\\/12\\\/Captura-de-pantalla-2020-12-04-a-las-17.40.51.png\",\"width\":1362,\"height\":756,\"caption\":\"Fundaci\u00f3n Don Bosco Salesianos Social\"},{\"@type\":\"BreadcrumbList\",\"@id\":\"https:\\\/\\\/granada.salesianos.edu\\\/familiasalesiana\\\/blog\\\/por-muchos-bartolome-garelli-nace-don-bosco-salesianos-social\\\/#breadcrumb\",\"itemListElement\":[{\"@type\":\"ListItem\",\"position\":1,\"name\":\"Portada\",\"item\":\"https:\\\/\\\/granada.salesianos.edu\\\/familiasalesiana\\\/\"},{\"@type\":\"ListItem\",\"position\":2,\"name\":\"\u201cPor muchos Bartolom\u00e9 Garelli: nace Don Bosco Salesianos Social\u201d\"}]},{\"@type\":\"WebSite\",\"@id\":\"https:\\\/\\\/granada.salesianos.edu\\\/familiasalesiana\\\/#website\",\"url\":\"https:\\\/\\\/granada.salesianos.edu\\\/familiasalesiana\\\/\",\"name\":\"Familia Salesiana\",\"description\":\"P\u00e1gina oficial de Salesianos Granada San Juan Bosco\",\"potentialAction\":[{\"@type\":\"SearchAction\",\"target\":{\"@type\":\"EntryPoint\",\"urlTemplate\":\"https:\\\/\\\/granada.salesianos.edu\\\/familiasalesiana\\\/?s={search_term_string}\"},\"query-input\":{\"@type\":\"PropertyValueSpecification\",\"valueRequired\":true,\"valueName\":\"search_term_string\"}}],\"inLanguage\":\"es\"},{\"@type\":\"Person\",\"@id\":\"https:\\\/\\\/granada.salesianos.edu\\\/familiasalesiana\\\/#\\\/schema\\\/person\\\/6392ff2e4bd1e66981d6eab734bbd962\",\"name\":\"Gestor Web\",\"image\":{\"@type\":\"ImageObject\",\"inLanguage\":\"es\",\"@id\":\"https:\\\/\\\/secure.gravatar.com\\\/avatar\\\/160666bb56a01520857079961a824af2b7821d6bad80677c80f2b473fceead1b?s=96&d=mm&r=g\",\"url\":\"https:\\\/\\\/secure.gravatar.com\\\/avatar\\\/160666bb56a01520857079961a824af2b7821d6bad80677c80f2b473fceead1b?s=96&d=mm&r=g\",\"contentUrl\":\"https:\\\/\\\/secure.gravatar.com\\\/avatar\\\/160666bb56a01520857079961a824af2b7821d6bad80677c80f2b473fceead1b?s=96&d=mm&r=g\",\"caption\":\"Gestor Web\"}}]}<\/script>\n<!-- \/ Yoast SEO plugin. -->","yoast_head_json":{"title":"\u201cPor muchos Bartolom\u00e9 Garelli: nace Don Bosco Salesianos Social\u201d - Familia Salesiana","robots":{"index":"index","follow":"follow","max-snippet":"max-snippet:-1","max-image-preview":"max-image-preview:large","max-video-preview":"max-video-preview:-1"},"canonical":"https:\/\/granada.salesianos.edu\/familiasalesiana\/blog\/por-muchos-bartolome-garelli-nace-don-bosco-salesianos-social\/","og_locale":"es_ES","og_type":"article","og_title":"\u201cPor muchos Bartolom\u00e9 Garelli: nace Don Bosco Salesianos Social\u201d - Familia Salesiana","og_description":"La Fundaci\u00f3n Iniciativa Solidaria \u00c1ngel Tom\u00e1s-FISAT, Fundaci\u00f3n Don Bosco y Salesians Sant Jordi dan paso hacia una sola entidad: Fundaci\u00f3n Don Bosco Salesianos Social.","og_url":"https:\/\/granada.salesianos.edu\/familiasalesiana\/blog\/por-muchos-bartolome-garelli-nace-don-bosco-salesianos-social\/","og_site_name":"Familia Salesiana","article_published_time":"2020-12-08T16:14:11+00:00","article_modified_time":"2020-12-08T16:17:11+00:00","og_image":[{"width":1362,"height":756,"url":"https:\/\/granada.salesianos.edu\/familiasalesiana\/wp-content\/uploads\/sites\/8\/2020\/12\/Captura-de-pantalla-2020-12-04-a-las-17.40.51.png","type":"image\/png"}],"author":"Gestor Web","twitter_card":"summary_large_image","twitter_misc":{"Escrito por":"Gestor Web","Tiempo de lectura":"3 minutos"},"schema":{"@context":"https:\/\/schema.org","@graph":[{"@type":"Article","@id":"https:\/\/granada.salesianos.edu\/familiasalesiana\/blog\/por-muchos-bartolome-garelli-nace-don-bosco-salesianos-social\/#article","isPartOf":{"@id":"https:\/\/granada.salesianos.edu\/familiasalesiana\/blog\/por-muchos-bartolome-garelli-nace-don-bosco-salesianos-social\/"},"author":{"name":"Gestor Web","@id":"https:\/\/granada.salesianos.edu\/familiasalesiana\/#\/schema\/person\/6392ff2e4bd1e66981d6eab734bbd962"},"headline":"\u201cPor muchos Bartolom\u00e9 Garelli: nace Don Bosco Salesianos Social\u201d","datePublished":"2020-12-08T16:14:11+00:00","dateModified":"2020-12-08T16:17:11+00:00","mainEntityOfPage":{"@id":"https:\/\/granada.salesianos.edu\/familiasalesiana\/blog\/por-muchos-bartolome-garelli-nace-don-bosco-salesianos-social\/"},"wordCount":587,"commentCount":0,"image":{"@id":"https:\/\/granada.salesianos.edu\/familiasalesiana\/blog\/por-muchos-bartolome-garelli-nace-don-bosco-salesianos-social\/#primaryimage"},"thumbnailUrl":"https:\/\/granada.salesianos.edu\/familiasalesiana\/wp-content\/uploads\/sites\/8\/2020\/12\/Captura-de-pantalla-2020-12-04-a-las-17.40.51.png","articleSection":["Centro Juvenil","Colegio","Familia Salesiana","Fundaci\u00f3n Don Bosco","Iglesia","Pastoral","Plataformas sociales","Portada","Uncategorized"],"inLanguage":"es","potentialAction":[{"@type":"CommentAction","name":"Comment","target":["https:\/\/granada.salesianos.edu\/familiasalesiana\/blog\/por-muchos-bartolome-garelli-nace-don-bosco-salesianos-social\/#respond"]}]},{"@type":"WebPage","@id":"https:\/\/granada.salesianos.edu\/familiasalesiana\/blog\/por-muchos-bartolome-garelli-nace-don-bosco-salesianos-social\/","url":"https:\/\/granada.salesianos.edu\/familiasalesiana\/blog\/por-muchos-bartolome-garelli-nace-don-bosco-salesianos-social\/","name":"\u201cPor muchos Bartolom\u00e9 Garelli: nace Don Bosco Salesianos Social\u201d - Familia Salesiana","isPartOf":{"@id":"https:\/\/granada.salesianos.edu\/familiasalesiana\/#website"},"primaryImageOfPage":{"@id":"https:\/\/granada.salesianos.edu\/familiasalesiana\/blog\/por-muchos-bartolome-garelli-nace-don-bosco-salesianos-social\/#primaryimage"},"image":{"@id":"https:\/\/granada.salesianos.edu\/familiasalesiana\/blog\/por-muchos-bartolome-garelli-nace-don-bosco-salesianos-social\/#primaryimage"},"thumbnailUrl":"https:\/\/granada.salesianos.edu\/familiasalesiana\/wp-content\/uploads\/sites\/8\/2020\/12\/Captura-de-pantalla-2020-12-04-a-las-17.40.51.png","datePublished":"2020-12-08T16:14:11+00:00","dateModified":"2020-12-08T16:17:11+00:00","author":{"@id":"https:\/\/granada.salesianos.edu\/familiasalesiana\/#\/schema\/person\/6392ff2e4bd1e66981d6eab734bbd962"},"breadcrumb":{"@id":"https:\/\/granada.salesianos.edu\/familiasalesiana\/blog\/por-muchos-bartolome-garelli-nace-don-bosco-salesianos-social\/#breadcrumb"},"inLanguage":"es","potentialAction":[{"@type":"ReadAction","target":["https:\/\/granada.salesianos.edu\/familiasalesiana\/blog\/por-muchos-bartolome-garelli-nace-don-bosco-salesianos-social\/"]}]},{"@type":"ImageObject","inLanguage":"es","@id":"https:\/\/granada.salesianos.edu\/familiasalesiana\/blog\/por-muchos-bartolome-garelli-nace-don-bosco-salesianos-social\/#primaryimage","url":"https:\/\/granada.salesianos.edu\/familiasalesiana\/wp-content\/uploads\/sites\/8\/2020\/12\/Captura-de-pantalla-2020-12-04-a-las-17.40.51.png","contentUrl":"https:\/\/granada.salesianos.edu\/familiasalesiana\/wp-content\/uploads\/sites\/8\/2020\/12\/Captura-de-pantalla-2020-12-04-a-las-17.40.51.png","width":1362,"height":756,"caption":"Fundaci\u00f3n Don Bosco Salesianos Social"},{"@type":"BreadcrumbList","@id":"https:\/\/granada.salesianos.edu\/familiasalesiana\/blog\/por-muchos-bartolome-garelli-nace-don-bosco-salesianos-social\/#breadcrumb","itemListElement":[{"@type":"ListItem","position":1,"name":"Portada","item":"https:\/\/granada.salesianos.edu\/familiasalesiana\/"},{"@type":"ListItem","position":2,"name":"\u201cPor muchos Bartolom\u00e9 Garelli: nace Don Bosco Salesianos Social\u201d"}]},{"@type":"WebSite","@id":"https:\/\/granada.salesianos.edu\/familiasalesiana\/#website","url":"https:\/\/granada.salesianos.edu\/familiasalesiana\/","name":"Familia Salesiana","description":"P\u00e1gina oficial de Salesianos Granada San Juan Bosco","potentialAction":[{"@type":"SearchAction","target":{"@type":"EntryPoint","urlTemplate":"https:\/\/granada.salesianos.edu\/familiasalesiana\/?s={search_term_string}"},"query-input":{"@type":"PropertyValueSpecification","valueRequired":true,"valueName":"search_term_string"}}],"inLanguage":"es"},{"@type":"Person","@id":"https:\/\/granada.salesianos.edu\/familiasalesiana\/#\/schema\/person\/6392ff2e4bd1e66981d6eab734bbd962","name":"Gestor Web","image":{"@type":"ImageObject","inLanguage":"es","@id":"https:\/\/secure.gravatar.com\/avatar\/160666bb56a01520857079961a824af2b7821d6bad80677c80f2b473fceead1b?s=96&d=mm&r=g","url":"https:\/\/secure.gravatar.com\/avatar\/160666bb56a01520857079961a824af2b7821d6bad80677c80f2b473fceead1b?s=96&d=mm&r=g","contentUrl":"https:\/\/secure.gravatar.com\/avatar\/160666bb56a01520857079961a824af2b7821d6bad80677c80f2b473fceead1b?s=96&d=mm&r=g","caption":"Gestor Web"}}]}},"_links":{"self":[{"href":"https:\/\/granada.salesianos.edu\/familiasalesiana\/wp-json\/wp\/v2\/posts\/7357","targetHints":{"allow":["GET"]}}],"collection":[{"href":"https:\/\/granada.salesianos.edu\/familiasalesiana\/wp-json\/wp\/v2\/posts"}],"about":[{"href":"https:\/\/granada.salesianos.edu\/familiasalesiana\/wp-json\/wp\/v2\/types\/post"}],"author":[{"embeddable":true,"href":"https:\/\/granada.salesianos.edu\/familiasalesiana\/wp-json\/wp\/v2\/users\/2"}],"replies":[{"embeddable":true,"href":"https:\/\/granada.salesianos.edu\/familiasalesiana\/wp-json\/wp\/v2\/comments?post=7357"}],"version-history":[{"count":3,"href":"https:\/\/granada.salesianos.edu\/familiasalesiana\/wp-json\/wp\/v2\/posts\/7357\/revisions"}],"predecessor-version":[{"id":7361,"href":"https:\/\/granada.salesianos.edu\/familiasalesiana\/wp-json\/wp\/v2\/posts\/7357\/revisions\/7361"}],"wp:featuredmedia":[{"embeddable":true,"href":"https:\/\/granada.salesianos.edu\/familiasalesiana\/wp-json\/wp\/v2\/media\/7358"}],"wp:attachment":[{"href":"https:\/\/granada.salesianos.edu\/familiasalesiana\/wp-json\/wp\/v2\/media?parent=7357"}],"wp:term":[{"taxonomy":"category","embeddable":true,"href":"https:\/\/granada.salesianos.edu\/familiasalesiana\/wp-json\/wp\/v2\/categories?post=7357"},{"taxonomy":"post_tag","embeddable":true,"href":"https:\/\/granada.salesianos.edu\/familiasalesiana\/wp-json\/wp\/v2\/tags?post=7357"}],"curies":[{"name":"wp","href":"https:\/\/api.w.org\/{rel}","templated":true}]}}