{"id":7312,"date":"2021-02-17T15:50:11","date_gmt":"2021-02-17T13:50:11","guid":{"rendered":"https:\/\/granada.salesianos.edu\/iglesia\/blog\/copy-of-celebracion-del-miercoles-de-ceniza-2021\/"},"modified":"2021-02-17T18:18:49","modified_gmt":"2021-02-17T16:18:49","slug":"celebracion-del-miercoles-de-ceniza-2021","status":"publish","type":"post","link":"https:\/\/granada.salesianos.edu\/iglesia\/blog\/celebracion-del-miercoles-de-ceniza-2021\/","title":{"rendered":"Celebraci\u00f3n del MI\u00c9RCOLES de CENIZA 2021"},"content":{"rendered":"<div id=\"fb-root\"><\/div>\n<p>[et_pb_section fb_built=\u00bb1&#8243; admin_label=\u00bbsection\u00bb _builder_version=\u00bb3.22&#8243;][et_pb_row admin_label=\u00bbrow\u00bb _builder_version=\u00bb3.25&#8243; background_size=\u00bbinitial\u00bb background_position=\u00bbtop_left\u00bb background_repeat=\u00bbrepeat\u00bb][et_pb_column type=\u00bb4_4&#8243; _builder_version=\u00bb3.25&#8243; custom_padding=\u00bb|||\u00bb custom_padding__hover=\u00bb|||\u00bb][et_pb_text admin_label=\u00bbDesarrollo (Texto)\u00bb _builder_version=\u00bb4.2.2&#8243; text_orientation=\u00bbjustified\u00bb hover_enabled=\u00bb0&#8243;]<\/p>\n<p>Este mi\u00e9rcoles 17 de febrero a las 19:30 tendremos la celebraci\u00f3n de la Imposici\u00f3n de la Ceniza en la Iglesia de nuestro Colegio.<\/p>\n<p>[\/et_pb_text][et_pb_image src=\u00bbhttps:\/\/granada.salesianos.edu\/wp-content\/uploads\/2021\/02\/150900181_5310984298974758_5053272627724135280_o.jpg\u00bb align=\u00bbcenter\u00bb _builder_version=\u00bb4.2.2&#8243;][\/et_pb_image][\/et_pb_column][\/et_pb_row][\/et_pb_section]<\/p>\n","protected":false},"excerpt":{"rendered":"<p>Este mi\u00e9rcoles 17 de febrero a las 19:30 tendremos la celebraci\u00f3n de la Imposici\u00f3n de la Ceniza en la Iglesia de nuestro Colegio.<\/p>\n","protected":false},"author":2,"featured_media":7313,"comment_status":"open","ping_status":"open","sticky":false,"template":"","format":"standard","meta":{"_et_pb_use_builder":"on","_et_pb_old_content":"","_et_gb_content_width":"","footnotes":""},"categories":[22,23,1],"tags":[],"class_list":["post-7312","post","type-post","status-publish","format-standard","has-post-thumbnail","hentry","category-iglesia","category-pastoral","category-uncategorized"],"yoast_head":"<!-- This site is optimized with the Yoast SEO plugin v28.4 - https:\/\/yoast.com\/product\/yoast-seo-wordpress\/ -->\n<title>Celebraci\u00f3n del MI\u00c9RCOLES de CENIZA 2021 - Iglesia<\/title>\n<meta name=\"description\" content=\"Este mi\u00e9rcoles 17 de febrero a las 19:30 tendremos la celebraci\u00f3n de la Imposici\u00f3n de la Ceniza en la Iglesia de nuestro Colegio.\" \/>\n<meta name=\"robots\" content=\"index, follow, max-snippet:-1, max-image-preview:large, max-video-preview:-1\" \/>\n<link rel=\"canonical\" href=\"https:\/\/granada.salesianos.edu\/iglesia\/blog\/celebracion-del-miercoles-de-ceniza-2021\/\" \/>\n<meta property=\"og:locale\" content=\"es_ES\" \/>\n<meta property=\"og:type\" content=\"article\" \/>\n<meta property=\"og:title\" content=\"Celebraci\u00f3n del MI\u00c9RCOLES de CENIZA 2021 - Iglesia\" \/>\n<meta property=\"og:description\" content=\"Este mi\u00e9rcoles 17 de febrero a las 19:30 tendremos la celebraci\u00f3n de la Imposici\u00f3n de la Ceniza en la Iglesia de nuestro Colegio.\" \/>\n<meta property=\"og:url\" content=\"https:\/\/granada.salesianos.edu\/iglesia\/blog\/celebracion-del-miercoles-de-ceniza-2021\/\" \/>\n<meta property=\"og:site_name\" content=\"Iglesia\" \/>\n<meta property=\"article:published_time\" content=\"2021-02-17T13:50:11+00:00\" \/>\n<meta property=\"article:modified_time\" content=\"2021-02-17T16:18:49+00:00\" \/>\n<meta property=\"og:image\" content=\"https:\/\/granada.salesianos.edu\/iglesia\/wp-content\/uploads\/sites\/5\/2021\/02\/imposicion-de-la-ceniza-salesianos-granada-2021.jpg\" \/>\n\t<meta property=\"og:image:width\" content=\"960\" \/>\n\t<meta property=\"og:image:height\" content=\"540\" \/>\n\t<meta property=\"og:image:type\" content=\"image\/jpeg\" \/>\n<meta name=\"author\" content=\"Gestor Web\" \/>\n<meta name=\"twitter:card\" content=\"summary_large_image\" \/>\n<meta name=\"twitter:label1\" content=\"Escrito por\" \/>\n\t<meta name=\"twitter:data1\" content=\"Gestor Web\" \/>\n\t<meta name=\"twitter:label2\" content=\"Tiempo de lectura\" \/>\n\t<meta name=\"twitter:data2\" content=\"1 minuto\" \/>\n<script type=\"application\/ld+json\" class=\"yoast-schema-graph\">{\"@context\":\"https:\\\/\\\/schema.org\",\"@graph\":[{\"@type\":\"Article\",\"@id\":\"https:\\\/\\\/granada.salesianos.edu\\\/iglesia\\\/blog\\\/celebracion-del-miercoles-de-ceniza-2021\\\/#article\",\"isPartOf\":{\"@id\":\"https:\\\/\\\/granada.salesianos.edu\\\/iglesia\\\/blog\\\/celebracion-del-miercoles-de-ceniza-2021\\\/\"},\"author\":{\"name\":\"Gestor Web\",\"@id\":\"https:\\\/\\\/granada.salesianos.edu\\\/iglesia\\\/#\\\/schema\\\/person\\\/6392ff2e4bd1e66981d6eab734bbd962\"},\"headline\":\"Celebraci\u00f3n del MI\u00c9RCOLES de CENIZA 2021\",\"datePublished\":\"2021-02-17T13:50:11+00:00\",\"dateModified\":\"2021-02-17T16:18:49+00:00\",\"mainEntityOfPage\":{\"@id\":\"https:\\\/\\\/granada.salesianos.edu\\\/iglesia\\\/blog\\\/celebracion-del-miercoles-de-ceniza-2021\\\/\"},\"wordCount\":115,\"commentCount\":0,\"image\":{\"@id\":\"https:\\\/\\\/granada.salesianos.edu\\\/iglesia\\\/blog\\\/celebracion-del-miercoles-de-ceniza-2021\\\/#primaryimage\"},\"thumbnailUrl\":\"https:\\\/\\\/granada.salesianos.edu\\\/iglesia\\\/wp-content\\\/uploads\\\/sites\\\/5\\\/2021\\\/02\\\/imposicion-de-la-ceniza-salesianos-granada-2021.jpg\",\"articleSection\":[\"Iglesia\",\"Pastoral\",\"Uncategorized\"],\"inLanguage\":\"es\",\"potentialAction\":[{\"@type\":\"CommentAction\",\"name\":\"Comment\",\"target\":[\"https:\\\/\\\/granada.salesianos.edu\\\/iglesia\\\/blog\\\/celebracion-del-miercoles-de-ceniza-2021\\\/#respond\"]}]},{\"@type\":\"WebPage\",\"@id\":\"https:\\\/\\\/granada.salesianos.edu\\\/iglesia\\\/blog\\\/celebracion-del-miercoles-de-ceniza-2021\\\/\",\"url\":\"https:\\\/\\\/granada.salesianos.edu\\\/iglesia\\\/blog\\\/celebracion-del-miercoles-de-ceniza-2021\\\/\",\"name\":\"Celebraci\u00f3n del MI\u00c9RCOLES de CENIZA 2021 - Iglesia\",\"isPartOf\":{\"@id\":\"https:\\\/\\\/granada.salesianos.edu\\\/iglesia\\\/#website\"},\"primaryImageOfPage\":{\"@id\":\"https:\\\/\\\/granada.salesianos.edu\\\/iglesia\\\/blog\\\/celebracion-del-miercoles-de-ceniza-2021\\\/#primaryimage\"},\"image\":{\"@id\":\"https:\\\/\\\/granada.salesianos.edu\\\/iglesia\\\/blog\\\/celebracion-del-miercoles-de-ceniza-2021\\\/#primaryimage\"},\"thumbnailUrl\":\"https:\\\/\\\/granada.salesianos.edu\\\/iglesia\\\/wp-content\\\/uploads\\\/sites\\\/5\\\/2021\\\/02\\\/imposicion-de-la-ceniza-salesianos-granada-2021.jpg\",\"datePublished\":\"2021-02-17T13:50:11+00:00\",\"dateModified\":\"2021-02-17T16:18:49+00:00\",\"author\":{\"@id\":\"https:\\\/\\\/granada.salesianos.edu\\\/iglesia\\\/#\\\/schema\\\/person\\\/6392ff2e4bd1e66981d6eab734bbd962\"},\"description\":\"Este mi\u00e9rcoles 17 de febrero a las 19:30 tendremos la celebraci\u00f3n de la Imposici\u00f3n de la Ceniza en la Iglesia de nuestro Colegio.\",\"breadcrumb\":{\"@id\":\"https:\\\/\\\/granada.salesianos.edu\\\/iglesia\\\/blog\\\/celebracion-del-miercoles-de-ceniza-2021\\\/#breadcrumb\"},\"inLanguage\":\"es\",\"potentialAction\":[{\"@type\":\"ReadAction\",\"target\":[\"https:\\\/\\\/granada.salesianos.edu\\\/iglesia\\\/blog\\\/celebracion-del-miercoles-de-ceniza-2021\\\/\"]}]},{\"@type\":\"ImageObject\",\"inLanguage\":\"es\",\"@id\":\"https:\\\/\\\/granada.salesianos.edu\\\/iglesia\\\/blog\\\/celebracion-del-miercoles-de-ceniza-2021\\\/#primaryimage\",\"url\":\"https:\\\/\\\/granada.salesianos.edu\\\/iglesia\\\/wp-content\\\/uploads\\\/sites\\\/5\\\/2021\\\/02\\\/imposicion-de-la-ceniza-salesianos-granada-2021.jpg\",\"contentUrl\":\"https:\\\/\\\/granada.salesianos.edu\\\/iglesia\\\/wp-content\\\/uploads\\\/sites\\\/5\\\/2021\\\/02\\\/imposicion-de-la-ceniza-salesianos-granada-2021.jpg\",\"width\":960,\"height\":540,\"caption\":\"Celebraci\u00f3n ceniza 2021\"},{\"@type\":\"BreadcrumbList\",\"@id\":\"https:\\\/\\\/granada.salesianos.edu\\\/iglesia\\\/blog\\\/celebracion-del-miercoles-de-ceniza-2021\\\/#breadcrumb\",\"itemListElement\":[{\"@type\":\"ListItem\",\"position\":1,\"name\":\"Portada\",\"item\":\"https:\\\/\\\/granada.salesianos.edu\\\/iglesia\\\/\"},{\"@type\":\"ListItem\",\"position\":2,\"name\":\"Celebraci\u00f3n del MI\u00c9RCOLES de CENIZA 2021\"}]},{\"@type\":\"WebSite\",\"@id\":\"https:\\\/\\\/granada.salesianos.edu\\\/iglesia\\\/#website\",\"url\":\"https:\\\/\\\/granada.salesianos.edu\\\/iglesia\\\/\",\"name\":\"Iglesia\",\"description\":\"P\u00e1gina oficial de Salesianos Granada San Juan Bosco\",\"potentialAction\":[{\"@type\":\"SearchAction\",\"target\":{\"@type\":\"EntryPoint\",\"urlTemplate\":\"https:\\\/\\\/granada.salesianos.edu\\\/iglesia\\\/?s={search_term_string}\"},\"query-input\":{\"@type\":\"PropertyValueSpecification\",\"valueRequired\":true,\"valueName\":\"search_term_string\"}}],\"inLanguage\":\"es\"},{\"@type\":\"Person\",\"@id\":\"https:\\\/\\\/granada.salesianos.edu\\\/iglesia\\\/#\\\/schema\\\/person\\\/6392ff2e4bd1e66981d6eab734bbd962\",\"name\":\"Gestor Web\",\"image\":{\"@type\":\"ImageObject\",\"inLanguage\":\"es\",\"@id\":\"https:\\\/\\\/secure.gravatar.com\\\/avatar\\\/160666bb56a01520857079961a824af2b7821d6bad80677c80f2b473fceead1b?s=96&d=mm&r=g\",\"url\":\"https:\\\/\\\/secure.gravatar.com\\\/avatar\\\/160666bb56a01520857079961a824af2b7821d6bad80677c80f2b473fceead1b?s=96&d=mm&r=g\",\"contentUrl\":\"https:\\\/\\\/secure.gravatar.com\\\/avatar\\\/160666bb56a01520857079961a824af2b7821d6bad80677c80f2b473fceead1b?s=96&d=mm&r=g\",\"caption\":\"Gestor Web\"}}]}<\/script>\n<!-- \/ Yoast SEO plugin. -->","yoast_head_json":{"title":"Celebraci\u00f3n del MI\u00c9RCOLES de CENIZA 2021 - Iglesia","description":"Este mi\u00e9rcoles 17 de febrero a las 19:30 tendremos la celebraci\u00f3n de la Imposici\u00f3n de la Ceniza en la Iglesia de nuestro Colegio.","robots":{"index":"index","follow":"follow","max-snippet":"max-snippet:-1","max-image-preview":"max-image-preview:large","max-video-preview":"max-video-preview:-1"},"canonical":"https:\/\/granada.salesianos.edu\/iglesia\/blog\/celebracion-del-miercoles-de-ceniza-2021\/","og_locale":"es_ES","og_type":"article","og_title":"Celebraci\u00f3n del MI\u00c9RCOLES de CENIZA 2021 - Iglesia","og_description":"Este mi\u00e9rcoles 17 de febrero a las 19:30 tendremos la celebraci\u00f3n de la Imposici\u00f3n de la Ceniza en la Iglesia de nuestro Colegio.","og_url":"https:\/\/granada.salesianos.edu\/iglesia\/blog\/celebracion-del-miercoles-de-ceniza-2021\/","og_site_name":"Iglesia","article_published_time":"2021-02-17T13:50:11+00:00","article_modified_time":"2021-02-17T16:18:49+00:00","og_image":[{"width":960,"height":540,"url":"https:\/\/granada.salesianos.edu\/iglesia\/wp-content\/uploads\/sites\/5\/2021\/02\/imposicion-de-la-ceniza-salesianos-granada-2021.jpg","type":"image\/jpeg"}],"author":"Gestor Web","twitter_card":"summary_large_image","twitter_misc":{"Escrito por":"Gestor Web","Tiempo de lectura":"1 minuto"},"schema":{"@context":"https:\/\/schema.org","@graph":[{"@type":"Article","@id":"https:\/\/granada.salesianos.edu\/iglesia\/blog\/celebracion-del-miercoles-de-ceniza-2021\/#article","isPartOf":{"@id":"https:\/\/granada.salesianos.edu\/iglesia\/blog\/celebracion-del-miercoles-de-ceniza-2021\/"},"author":{"name":"Gestor Web","@id":"https:\/\/granada.salesianos.edu\/iglesia\/#\/schema\/person\/6392ff2e4bd1e66981d6eab734bbd962"},"headline":"Celebraci\u00f3n del MI\u00c9RCOLES de CENIZA 2021","datePublished":"2021-02-17T13:50:11+00:00","dateModified":"2021-02-17T16:18:49+00:00","mainEntityOfPage":{"@id":"https:\/\/granada.salesianos.edu\/iglesia\/blog\/celebracion-del-miercoles-de-ceniza-2021\/"},"wordCount":115,"commentCount":0,"image":{"@id":"https:\/\/granada.salesianos.edu\/iglesia\/blog\/celebracion-del-miercoles-de-ceniza-2021\/#primaryimage"},"thumbnailUrl":"https:\/\/granada.salesianos.edu\/iglesia\/wp-content\/uploads\/sites\/5\/2021\/02\/imposicion-de-la-ceniza-salesianos-granada-2021.jpg","articleSection":["Iglesia","Pastoral","Uncategorized"],"inLanguage":"es","potentialAction":[{"@type":"CommentAction","name":"Comment","target":["https:\/\/granada.salesianos.edu\/iglesia\/blog\/celebracion-del-miercoles-de-ceniza-2021\/#respond"]}]},{"@type":"WebPage","@id":"https:\/\/granada.salesianos.edu\/iglesia\/blog\/celebracion-del-miercoles-de-ceniza-2021\/","url":"https:\/\/granada.salesianos.edu\/iglesia\/blog\/celebracion-del-miercoles-de-ceniza-2021\/","name":"Celebraci\u00f3n del MI\u00c9RCOLES de CENIZA 2021 - Iglesia","isPartOf":{"@id":"https:\/\/granada.salesianos.edu\/iglesia\/#website"},"primaryImageOfPage":{"@id":"https:\/\/granada.salesianos.edu\/iglesia\/blog\/celebracion-del-miercoles-de-ceniza-2021\/#primaryimage"},"image":{"@id":"https:\/\/granada.salesianos.edu\/iglesia\/blog\/celebracion-del-miercoles-de-ceniza-2021\/#primaryimage"},"thumbnailUrl":"https:\/\/granada.salesianos.edu\/iglesia\/wp-content\/uploads\/sites\/5\/2021\/02\/imposicion-de-la-ceniza-salesianos-granada-2021.jpg","datePublished":"2021-02-17T13:50:11+00:00","dateModified":"2021-02-17T16:18:49+00:00","author":{"@id":"https:\/\/granada.salesianos.edu\/iglesia\/#\/schema\/person\/6392ff2e4bd1e66981d6eab734bbd962"},"description":"Este mi\u00e9rcoles 17 de febrero a las 19:30 tendremos la celebraci\u00f3n de la Imposici\u00f3n de la Ceniza en la Iglesia de nuestro Colegio.","breadcrumb":{"@id":"https:\/\/granada.salesianos.edu\/iglesia\/blog\/celebracion-del-miercoles-de-ceniza-2021\/#breadcrumb"},"inLanguage":"es","potentialAction":[{"@type":"ReadAction","target":["https:\/\/granada.salesianos.edu\/iglesia\/blog\/celebracion-del-miercoles-de-ceniza-2021\/"]}]},{"@type":"ImageObject","inLanguage":"es","@id":"https:\/\/granada.salesianos.edu\/iglesia\/blog\/celebracion-del-miercoles-de-ceniza-2021\/#primaryimage","url":"https:\/\/granada.salesianos.edu\/iglesia\/wp-content\/uploads\/sites\/5\/2021\/02\/imposicion-de-la-ceniza-salesianos-granada-2021.jpg","contentUrl":"https:\/\/granada.salesianos.edu\/iglesia\/wp-content\/uploads\/sites\/5\/2021\/02\/imposicion-de-la-ceniza-salesianos-granada-2021.jpg","width":960,"height":540,"caption":"Celebraci\u00f3n ceniza 2021"},{"@type":"BreadcrumbList","@id":"https:\/\/granada.salesianos.edu\/iglesia\/blog\/celebracion-del-miercoles-de-ceniza-2021\/#breadcrumb","itemListElement":[{"@type":"ListItem","position":1,"name":"Portada","item":"https:\/\/granada.salesianos.edu\/iglesia\/"},{"@type":"ListItem","position":2,"name":"Celebraci\u00f3n del MI\u00c9RCOLES de CENIZA 2021"}]},{"@type":"WebSite","@id":"https:\/\/granada.salesianos.edu\/iglesia\/#website","url":"https:\/\/granada.salesianos.edu\/iglesia\/","name":"Iglesia","description":"P\u00e1gina oficial de Salesianos Granada San Juan Bosco","potentialAction":[{"@type":"SearchAction","target":{"@type":"EntryPoint","urlTemplate":"https:\/\/granada.salesianos.edu\/iglesia\/?s={search_term_string}"},"query-input":{"@type":"PropertyValueSpecification","valueRequired":true,"valueName":"search_term_string"}}],"inLanguage":"es"},{"@type":"Person","@id":"https:\/\/granada.salesianos.edu\/iglesia\/#\/schema\/person\/6392ff2e4bd1e66981d6eab734bbd962","name":"Gestor Web","image":{"@type":"ImageObject","inLanguage":"es","@id":"https:\/\/secure.gravatar.com\/avatar\/160666bb56a01520857079961a824af2b7821d6bad80677c80f2b473fceead1b?s=96&d=mm&r=g","url":"https:\/\/secure.gravatar.com\/avatar\/160666bb56a01520857079961a824af2b7821d6bad80677c80f2b473fceead1b?s=96&d=mm&r=g","contentUrl":"https:\/\/secure.gravatar.com\/avatar\/160666bb56a01520857079961a824af2b7821d6bad80677c80f2b473fceead1b?s=96&d=mm&r=g","caption":"Gestor Web"}}]}},"_links":{"self":[{"href":"https:\/\/granada.salesianos.edu\/iglesia\/wp-json\/wp\/v2\/posts\/7312","targetHints":{"allow":["GET"]}}],"collection":[{"href":"https:\/\/granada.salesianos.edu\/iglesia\/wp-json\/wp\/v2\/posts"}],"about":[{"href":"https:\/\/granada.salesianos.edu\/iglesia\/wp-json\/wp\/v2\/types\/post"}],"author":[{"embeddable":true,"href":"https:\/\/granada.salesianos.edu\/iglesia\/wp-json\/wp\/v2\/users\/2"}],"replies":[{"embeddable":true,"href":"https:\/\/granada.salesianos.edu\/iglesia\/wp-json\/wp\/v2\/comments?post=7312"}],"version-history":[{"count":5,"href":"https:\/\/granada.salesianos.edu\/iglesia\/wp-json\/wp\/v2\/posts\/7312\/revisions"}],"predecessor-version":[{"id":7318,"href":"https:\/\/granada.salesianos.edu\/iglesia\/wp-json\/wp\/v2\/posts\/7312\/revisions\/7318"}],"wp:featuredmedia":[{"embeddable":true,"href":"https:\/\/granada.salesianos.edu\/iglesia\/wp-json\/wp\/v2\/media\/7313"}],"wp:attachment":[{"href":"https:\/\/granada.salesianos.edu\/iglesia\/wp-json\/wp\/v2\/media?parent=7312"}],"wp:term":[{"taxonomy":"category","embeddable":true,"href":"https:\/\/granada.salesianos.edu\/iglesia\/wp-json\/wp\/v2\/categories?post=7312"},{"taxonomy":"post_tag","embeddable":true,"href":"https:\/\/granada.salesianos.edu\/iglesia\/wp-json\/wp\/v2\/tags?post=7312"}],"curies":[{"name":"wp","href":"https:\/\/api.w.org\/{rel}","templated":true}]}}