{"id":7329,"date":"2020-12-17T18:21:09","date_gmt":"2020-12-17T16:21:09","guid":{"rendered":"https:\/\/granada.salesianos.edu\/iglesia\/blog\/feliz-navidad\/"},"modified":"2021-02-17T18:22:42","modified_gmt":"2021-02-17T16:22:42","slug":"feliz-navidad","status":"publish","type":"post","link":"https:\/\/granada.salesianos.edu\/iglesia\/blog\/feliz-navidad\/","title":{"rendered":"FELIZ NAVIDAD"},"content":{"rendered":"<div id=\"fb-root\"><\/div>\n<p>[et_pb_section fb_built=\u00bb1&#8243; admin_label=\u00bbsection\u00bb _builder_version=\u00bb3.22&#8243;][et_pb_row admin_label=\u00bbrow\u00bb _builder_version=\u00bb3.25&#8243; background_size=\u00bbinitial\u00bb background_position=\u00bbtop_left\u00bb background_repeat=\u00bbrepeat\u00bb][et_pb_column type=\u00bb4_4&#8243; _builder_version=\u00bb3.25&#8243; custom_padding=\u00bb|||\u00bb custom_padding__hover=\u00bb|||\u00bb][et_pb_text admin_label=\u00bbEntradilla (Texto)\u00bb _builder_version=\u00bb4.2.2&#8243; text_font=\u00bb|on|||\u00bb text_orientation=\u00bbjustified\u00bb]<\/p>\n<h3><strong><span style=\"color: #ff0000;\">\u00a1\u00a1FELIZ NAVIDAD Y PR\u00d3SPERO A\u00d1O 2021!!!<\/span><\/strong><\/h3>\n<p>[\/et_pb_text][et_pb_text admin_label=\u00bbAutor (Texto)\u00bb _builder_version=\u00bb4.2.2&#8243; text_font=\u00bb||on||\u00bb]<\/p>\n<p>Por: GestorWeb<\/p>\n<p>[\/et_pb_text][et_pb_text admin_label=\u00bbDesarrollo (Texto)\u00bb _builder_version=\u00bb4.2.2&#8243; text_orientation=\u00bbjustified\u00bb]<\/p>\n<p>Con esta preciosa felicitaci\u00f3n os queremos desear una<span style=\"color: #ff0000;\"><strong> FELIZ NAVIDAD y un Pr\u00f3spero A\u00f1o 2021\u00a0 <\/strong><\/span>\u00a0\u00a1Esperamos que os guste!<\/p>\n<p>[\/et_pb_text][et_pb_video src=\u00bbhttps:\/\/granada.salesianos.edu\/wp-content\/uploads\/2020\/12\/FELICITACIO\u0301N.mp4&#8243; disabled_on=\u00bboff|off|off\u00bb _builder_version=\u00bb4.2.2&#8243;][\/et_pb_video][\/et_pb_column][\/et_pb_row][\/et_pb_section]<\/p>\n","protected":false},"excerpt":{"rendered":"<p>Os queremos desear que pas\u00e9is una FELIZ NAVIDAD y un Pr\u00f3spero A\u00f1o 2021 con este v\u00eddeo. \u00a1Esperamos que os guste!<\/p>\n","protected":false},"author":2,"featured_media":7330,"comment_status":"open","ping_status":"open","sticky":false,"template":"","format":"standard","meta":{"_et_pb_use_builder":"on","_et_pb_old_content":"","_et_gb_content_width":"","footnotes":""},"categories":[19,23,1],"tags":[],"class_list":["post-7329","post","type-post","status-publish","format-standard","has-post-thumbnail","hentry","category-colegio","category-pastoral","category-uncategorized"],"yoast_head":"<!-- This site is optimized with the Yoast SEO plugin v28.4 - https:\/\/yoast.com\/product\/yoast-seo-wordpress\/ -->\n<title>FELIZ NAVIDAD - Iglesia<\/title>\n<meta name=\"robots\" content=\"index, follow, max-snippet:-1, max-image-preview:large, max-video-preview:-1\" \/>\n<link rel=\"canonical\" href=\"https:\/\/granada.salesianos.edu\/iglesia\/blog\/feliz-navidad\/\" \/>\n<meta property=\"og:locale\" content=\"es_ES\" \/>\n<meta property=\"og:type\" content=\"article\" \/>\n<meta property=\"og:title\" content=\"FELIZ NAVIDAD - Iglesia\" \/>\n<meta property=\"og:description\" content=\"Os queremos desear que pas\u00e9is una FELIZ NAVIDAD y un Pr\u00f3spero A\u00f1o 2021 con este v\u00eddeo. \u00a1Esperamos que os guste!\" \/>\n<meta property=\"og:url\" content=\"https:\/\/granada.salesianos.edu\/iglesia\/blog\/feliz-navidad\/\" \/>\n<meta property=\"og:site_name\" content=\"Iglesia\" \/>\n<meta property=\"article:published_time\" content=\"2020-12-17T16:21:09+00:00\" \/>\n<meta property=\"article:modified_time\" content=\"2021-02-17T16:22:42+00:00\" \/>\n<meta property=\"og:image\" content=\"https:\/\/granada.salesianos.edu\/iglesia\/wp-content\/uploads\/sites\/5\/2021\/02\/Captura-de-pantalla-2020-12-22-a-las-21.29.50.png\" \/>\n\t<meta property=\"og:image:width\" content=\"1436\" \/>\n\t<meta property=\"og:image:height\" content=\"792\" \/>\n\t<meta property=\"og:image:type\" content=\"image\/png\" \/>\n<meta name=\"author\" content=\"Gestor Web\" \/>\n<meta name=\"twitter:card\" content=\"summary_large_image\" \/>\n<meta name=\"twitter:label1\" content=\"Escrito por\" \/>\n\t<meta name=\"twitter:data1\" content=\"Gestor Web\" \/>\n\t<meta name=\"twitter:label2\" content=\"Tiempo de lectura\" \/>\n\t<meta name=\"twitter:data2\" content=\"1 minuto\" \/>\n<script type=\"application\/ld+json\" class=\"yoast-schema-graph\">{\"@context\":\"https:\\\/\\\/schema.org\",\"@graph\":[{\"@type\":\"Article\",\"@id\":\"https:\\\/\\\/granada.salesianos.edu\\\/iglesia\\\/blog\\\/feliz-navidad\\\/#article\",\"isPartOf\":{\"@id\":\"https:\\\/\\\/granada.salesianos.edu\\\/iglesia\\\/blog\\\/feliz-navidad\\\/\"},\"author\":{\"name\":\"Gestor Web\",\"@id\":\"https:\\\/\\\/granada.salesianos.edu\\\/iglesia\\\/#\\\/schema\\\/person\\\/6392ff2e4bd1e66981d6eab734bbd962\"},\"headline\":\"FELIZ NAVIDAD\",\"datePublished\":\"2020-12-17T16:21:09+00:00\",\"dateModified\":\"2021-02-17T16:22:42+00:00\",\"mainEntityOfPage\":{\"@id\":\"https:\\\/\\\/granada.salesianos.edu\\\/iglesia\\\/blog\\\/feliz-navidad\\\/\"},\"wordCount\":151,\"commentCount\":0,\"image\":{\"@id\":\"https:\\\/\\\/granada.salesianos.edu\\\/iglesia\\\/blog\\\/feliz-navidad\\\/#primaryimage\"},\"thumbnailUrl\":\"https:\\\/\\\/granada.salesianos.edu\\\/iglesia\\\/wp-content\\\/uploads\\\/sites\\\/5\\\/2021\\\/02\\\/Captura-de-pantalla-2020-12-22-a-las-21.29.50.png\",\"articleSection\":[\"Colegio\",\"Pastoral\",\"Uncategorized\"],\"inLanguage\":\"es\",\"potentialAction\":[{\"@type\":\"CommentAction\",\"name\":\"Comment\",\"target\":[\"https:\\\/\\\/granada.salesianos.edu\\\/iglesia\\\/blog\\\/feliz-navidad\\\/#respond\"]}]},{\"@type\":\"WebPage\",\"@id\":\"https:\\\/\\\/granada.salesianos.edu\\\/iglesia\\\/blog\\\/feliz-navidad\\\/\",\"url\":\"https:\\\/\\\/granada.salesianos.edu\\\/iglesia\\\/blog\\\/feliz-navidad\\\/\",\"name\":\"FELIZ NAVIDAD - Iglesia\",\"isPartOf\":{\"@id\":\"https:\\\/\\\/granada.salesianos.edu\\\/iglesia\\\/#website\"},\"primaryImageOfPage\":{\"@id\":\"https:\\\/\\\/granada.salesianos.edu\\\/iglesia\\\/blog\\\/feliz-navidad\\\/#primaryimage\"},\"image\":{\"@id\":\"https:\\\/\\\/granada.salesianos.edu\\\/iglesia\\\/blog\\\/feliz-navidad\\\/#primaryimage\"},\"thumbnailUrl\":\"https:\\\/\\\/granada.salesianos.edu\\\/iglesia\\\/wp-content\\\/uploads\\\/sites\\\/5\\\/2021\\\/02\\\/Captura-de-pantalla-2020-12-22-a-las-21.29.50.png\",\"datePublished\":\"2020-12-17T16:21:09+00:00\",\"dateModified\":\"2021-02-17T16:22:42+00:00\",\"author\":{\"@id\":\"https:\\\/\\\/granada.salesianos.edu\\\/iglesia\\\/#\\\/schema\\\/person\\\/6392ff2e4bd1e66981d6eab734bbd962\"},\"breadcrumb\":{\"@id\":\"https:\\\/\\\/granada.salesianos.edu\\\/iglesia\\\/blog\\\/feliz-navidad\\\/#breadcrumb\"},\"inLanguage\":\"es\",\"potentialAction\":[{\"@type\":\"ReadAction\",\"target\":[\"https:\\\/\\\/granada.salesianos.edu\\\/iglesia\\\/blog\\\/feliz-navidad\\\/\"]}]},{\"@type\":\"ImageObject\",\"inLanguage\":\"es\",\"@id\":\"https:\\\/\\\/granada.salesianos.edu\\\/iglesia\\\/blog\\\/feliz-navidad\\\/#primaryimage\",\"url\":\"https:\\\/\\\/granada.salesianos.edu\\\/iglesia\\\/wp-content\\\/uploads\\\/sites\\\/5\\\/2021\\\/02\\\/Captura-de-pantalla-2020-12-22-a-las-21.29.50.png\",\"contentUrl\":\"https:\\\/\\\/granada.salesianos.edu\\\/iglesia\\\/wp-content\\\/uploads\\\/sites\\\/5\\\/2021\\\/02\\\/Captura-de-pantalla-2020-12-22-a-las-21.29.50.png\",\"width\":1436,\"height\":792},{\"@type\":\"BreadcrumbList\",\"@id\":\"https:\\\/\\\/granada.salesianos.edu\\\/iglesia\\\/blog\\\/feliz-navidad\\\/#breadcrumb\",\"itemListElement\":[{\"@type\":\"ListItem\",\"position\":1,\"name\":\"Portada\",\"item\":\"https:\\\/\\\/granada.salesianos.edu\\\/iglesia\\\/\"},{\"@type\":\"ListItem\",\"position\":2,\"name\":\"FELIZ NAVIDAD\"}]},{\"@type\":\"WebSite\",\"@id\":\"https:\\\/\\\/granada.salesianos.edu\\\/iglesia\\\/#website\",\"url\":\"https:\\\/\\\/granada.salesianos.edu\\\/iglesia\\\/\",\"name\":\"Iglesia\",\"description\":\"P\u00e1gina oficial de Salesianos Granada San Juan Bosco\",\"potentialAction\":[{\"@type\":\"SearchAction\",\"target\":{\"@type\":\"EntryPoint\",\"urlTemplate\":\"https:\\\/\\\/granada.salesianos.edu\\\/iglesia\\\/?s={search_term_string}\"},\"query-input\":{\"@type\":\"PropertyValueSpecification\",\"valueRequired\":true,\"valueName\":\"search_term_string\"}}],\"inLanguage\":\"es\"},{\"@type\":\"Person\",\"@id\":\"https:\\\/\\\/granada.salesianos.edu\\\/iglesia\\\/#\\\/schema\\\/person\\\/6392ff2e4bd1e66981d6eab734bbd962\",\"name\":\"Gestor Web\",\"image\":{\"@type\":\"ImageObject\",\"inLanguage\":\"es\",\"@id\":\"https:\\\/\\\/secure.gravatar.com\\\/avatar\\\/160666bb56a01520857079961a824af2b7821d6bad80677c80f2b473fceead1b?s=96&d=mm&r=g\",\"url\":\"https:\\\/\\\/secure.gravatar.com\\\/avatar\\\/160666bb56a01520857079961a824af2b7821d6bad80677c80f2b473fceead1b?s=96&d=mm&r=g\",\"contentUrl\":\"https:\\\/\\\/secure.gravatar.com\\\/avatar\\\/160666bb56a01520857079961a824af2b7821d6bad80677c80f2b473fceead1b?s=96&d=mm&r=g\",\"caption\":\"Gestor Web\"}}]}<\/script>\n<!-- \/ Yoast SEO plugin. -->","yoast_head_json":{"title":"FELIZ NAVIDAD - Iglesia","robots":{"index":"index","follow":"follow","max-snippet":"max-snippet:-1","max-image-preview":"max-image-preview:large","max-video-preview":"max-video-preview:-1"},"canonical":"https:\/\/granada.salesianos.edu\/iglesia\/blog\/feliz-navidad\/","og_locale":"es_ES","og_type":"article","og_title":"FELIZ NAVIDAD - Iglesia","og_description":"Os queremos desear que pas\u00e9is una FELIZ NAVIDAD y un Pr\u00f3spero A\u00f1o 2021 con este v\u00eddeo. \u00a1Esperamos que os guste!","og_url":"https:\/\/granada.salesianos.edu\/iglesia\/blog\/feliz-navidad\/","og_site_name":"Iglesia","article_published_time":"2020-12-17T16:21:09+00:00","article_modified_time":"2021-02-17T16:22:42+00:00","og_image":[{"width":1436,"height":792,"url":"https:\/\/granada.salesianos.edu\/iglesia\/wp-content\/uploads\/sites\/5\/2021\/02\/Captura-de-pantalla-2020-12-22-a-las-21.29.50.png","type":"image\/png"}],"author":"Gestor Web","twitter_card":"summary_large_image","twitter_misc":{"Escrito por":"Gestor Web","Tiempo de lectura":"1 minuto"},"schema":{"@context":"https:\/\/schema.org","@graph":[{"@type":"Article","@id":"https:\/\/granada.salesianos.edu\/iglesia\/blog\/feliz-navidad\/#article","isPartOf":{"@id":"https:\/\/granada.salesianos.edu\/iglesia\/blog\/feliz-navidad\/"},"author":{"name":"Gestor Web","@id":"https:\/\/granada.salesianos.edu\/iglesia\/#\/schema\/person\/6392ff2e4bd1e66981d6eab734bbd962"},"headline":"FELIZ NAVIDAD","datePublished":"2020-12-17T16:21:09+00:00","dateModified":"2021-02-17T16:22:42+00:00","mainEntityOfPage":{"@id":"https:\/\/granada.salesianos.edu\/iglesia\/blog\/feliz-navidad\/"},"wordCount":151,"commentCount":0,"image":{"@id":"https:\/\/granada.salesianos.edu\/iglesia\/blog\/feliz-navidad\/#primaryimage"},"thumbnailUrl":"https:\/\/granada.salesianos.edu\/iglesia\/wp-content\/uploads\/sites\/5\/2021\/02\/Captura-de-pantalla-2020-12-22-a-las-21.29.50.png","articleSection":["Colegio","Pastoral","Uncategorized"],"inLanguage":"es","potentialAction":[{"@type":"CommentAction","name":"Comment","target":["https:\/\/granada.salesianos.edu\/iglesia\/blog\/feliz-navidad\/#respond"]}]},{"@type":"WebPage","@id":"https:\/\/granada.salesianos.edu\/iglesia\/blog\/feliz-navidad\/","url":"https:\/\/granada.salesianos.edu\/iglesia\/blog\/feliz-navidad\/","name":"FELIZ NAVIDAD - Iglesia","isPartOf":{"@id":"https:\/\/granada.salesianos.edu\/iglesia\/#website"},"primaryImageOfPage":{"@id":"https:\/\/granada.salesianos.edu\/iglesia\/blog\/feliz-navidad\/#primaryimage"},"image":{"@id":"https:\/\/granada.salesianos.edu\/iglesia\/blog\/feliz-navidad\/#primaryimage"},"thumbnailUrl":"https:\/\/granada.salesianos.edu\/iglesia\/wp-content\/uploads\/sites\/5\/2021\/02\/Captura-de-pantalla-2020-12-22-a-las-21.29.50.png","datePublished":"2020-12-17T16:21:09+00:00","dateModified":"2021-02-17T16:22:42+00:00","author":{"@id":"https:\/\/granada.salesianos.edu\/iglesia\/#\/schema\/person\/6392ff2e4bd1e66981d6eab734bbd962"},"breadcrumb":{"@id":"https:\/\/granada.salesianos.edu\/iglesia\/blog\/feliz-navidad\/#breadcrumb"},"inLanguage":"es","potentialAction":[{"@type":"ReadAction","target":["https:\/\/granada.salesianos.edu\/iglesia\/blog\/feliz-navidad\/"]}]},{"@type":"ImageObject","inLanguage":"es","@id":"https:\/\/granada.salesianos.edu\/iglesia\/blog\/feliz-navidad\/#primaryimage","url":"https:\/\/granada.salesianos.edu\/iglesia\/wp-content\/uploads\/sites\/5\/2021\/02\/Captura-de-pantalla-2020-12-22-a-las-21.29.50.png","contentUrl":"https:\/\/granada.salesianos.edu\/iglesia\/wp-content\/uploads\/sites\/5\/2021\/02\/Captura-de-pantalla-2020-12-22-a-las-21.29.50.png","width":1436,"height":792},{"@type":"BreadcrumbList","@id":"https:\/\/granada.salesianos.edu\/iglesia\/blog\/feliz-navidad\/#breadcrumb","itemListElement":[{"@type":"ListItem","position":1,"name":"Portada","item":"https:\/\/granada.salesianos.edu\/iglesia\/"},{"@type":"ListItem","position":2,"name":"FELIZ NAVIDAD"}]},{"@type":"WebSite","@id":"https:\/\/granada.salesianos.edu\/iglesia\/#website","url":"https:\/\/granada.salesianos.edu\/iglesia\/","name":"Iglesia","description":"P\u00e1gina oficial de Salesianos Granada San Juan Bosco","potentialAction":[{"@type":"SearchAction","target":{"@type":"EntryPoint","urlTemplate":"https:\/\/granada.salesianos.edu\/iglesia\/?s={search_term_string}"},"query-input":{"@type":"PropertyValueSpecification","valueRequired":true,"valueName":"search_term_string"}}],"inLanguage":"es"},{"@type":"Person","@id":"https:\/\/granada.salesianos.edu\/iglesia\/#\/schema\/person\/6392ff2e4bd1e66981d6eab734bbd962","name":"Gestor Web","image":{"@type":"ImageObject","inLanguage":"es","@id":"https:\/\/secure.gravatar.com\/avatar\/160666bb56a01520857079961a824af2b7821d6bad80677c80f2b473fceead1b?s=96&d=mm&r=g","url":"https:\/\/secure.gravatar.com\/avatar\/160666bb56a01520857079961a824af2b7821d6bad80677c80f2b473fceead1b?s=96&d=mm&r=g","contentUrl":"https:\/\/secure.gravatar.com\/avatar\/160666bb56a01520857079961a824af2b7821d6bad80677c80f2b473fceead1b?s=96&d=mm&r=g","caption":"Gestor Web"}}]}},"_links":{"self":[{"href":"https:\/\/granada.salesianos.edu\/iglesia\/wp-json\/wp\/v2\/posts\/7329","targetHints":{"allow":["GET"]}}],"collection":[{"href":"https:\/\/granada.salesianos.edu\/iglesia\/wp-json\/wp\/v2\/posts"}],"about":[{"href":"https:\/\/granada.salesianos.edu\/iglesia\/wp-json\/wp\/v2\/types\/post"}],"author":[{"embeddable":true,"href":"https:\/\/granada.salesianos.edu\/iglesia\/wp-json\/wp\/v2\/users\/2"}],"replies":[{"embeddable":true,"href":"https:\/\/granada.salesianos.edu\/iglesia\/wp-json\/wp\/v2\/comments?post=7329"}],"version-history":[{"count":1,"href":"https:\/\/granada.salesianos.edu\/iglesia\/wp-json\/wp\/v2\/posts\/7329\/revisions"}],"predecessor-version":[{"id":7332,"href":"https:\/\/granada.salesianos.edu\/iglesia\/wp-json\/wp\/v2\/posts\/7329\/revisions\/7332"}],"wp:featuredmedia":[{"embeddable":true,"href":"https:\/\/granada.salesianos.edu\/iglesia\/wp-json\/wp\/v2\/media\/7330"}],"wp:attachment":[{"href":"https:\/\/granada.salesianos.edu\/iglesia\/wp-json\/wp\/v2\/media?parent=7329"}],"wp:term":[{"taxonomy":"category","embeddable":true,"href":"https:\/\/granada.salesianos.edu\/iglesia\/wp-json\/wp\/v2\/categories?post=7329"},{"taxonomy":"post_tag","embeddable":true,"href":"https:\/\/granada.salesianos.edu\/iglesia\/wp-json\/wp\/v2\/tags?post=7329"}],"curies":[{"name":"wp","href":"https:\/\/api.w.org\/{rel}","templated":true}]}}