{"id":7334,"date":"2021-05-25T09:43:48","date_gmt":"2021-05-25T07:43:48","guid":{"rendered":"https:\/\/granada.salesianos.edu\/iglesia\/blog\/celebramos-a-maria-auxiliadora\/"},"modified":"2021-05-25T09:43:48","modified_gmt":"2021-05-25T07:43:48","slug":"celebramos-a-maria-auxiliadora","status":"publish","type":"post","link":"https:\/\/granada.salesianos.edu\/iglesia\/blog\/celebramos-a-maria-auxiliadora\/","title":{"rendered":"CELEBRAMOS A MAR\u00cdA AUXILIADORA"},"content":{"rendered":"<div id=\"fb-root\"><\/div>\n<p>[et_pb_section fb_built=\u00bb1&#8243; admin_label=\u00bbsection\u00bb _builder_version=\u00bb3.22&#8243;][et_pb_row admin_label=\u00bbrow\u00bb _builder_version=\u00bb3.25&#8243; background_size=\u00bbinitial\u00bb background_position=\u00bbtop_left\u00bb background_repeat=\u00bbrepeat\u00bb][et_pb_column type=\u00bb4_4&#8243; _builder_version=\u00bb3.25&#8243; custom_padding=\u00bb|||\u00bb custom_padding__hover=\u00bb|||\u00bb][et_pb_text admin_label=\u00bbEntradilla (Texto)\u00bb _builder_version=\u00bb4.2.2&#8243; text_font=\u00bb|on|||\u00bb text_orientation=\u00bbjustified\u00bb hover_enabled=\u00bb0&#8243;]<\/p>\n<h3><strong><span style=\"color: #ff0000;\">HOY 24 DE MAYO HEMOS CELEBRADO EL D\u00cdA DE NUESTRA MADRE AUXILIADORA<\/span><\/strong><\/h3>\n<p>[\/et_pb_text][et_pb_text admin_label=\u00bbAutor (Texto)\u00bb _builder_version=\u00bb4.2.2&#8243; text_font=\u00bb||on||\u00bb hover_enabled=\u00bb0&#8243;]<\/p>\n<p>Por: GESTORWEB<\/p>\n<p>[\/et_pb_text][et_pb_text admin_label=\u00bbDesarrollo (Texto)\u00bb _builder_version=\u00bb4.2.2&#8243; text_orientation=\u00bbjustified\u00bb hover_enabled=\u00bb0&#8243;]<\/p>\n<p>Nuestra Casa Salesiana ha vivido hoy una jornada de fiesta y celebraci\u00f3n del d\u00eda de nuestra madre Mar\u00eda Auxiliadora. Despu\u00e9s de la obligada celebraci\u00f3n virtual del a\u00f1o pasado hoy hemos podido vivir todos juntos\u00a0 una hermosa celebraci\u00f3n. Hemos pasado un gran d\u00eda d\u00f3nde grandes y peque\u00f1os hemos compartido la alegr\u00eda de pertenecer a un colegio salesiano. Os dejamos este bonito recuerdo de este d\u00eda en forma de v\u00eddeo.\u00a0<\/p>\n<p>\u00a1VIVA MAR\u00cdA AUXILIADORA!<\/p>\n<p><iframe loading=\"lazy\" title=\"Fiesta Colegial M\u00aa Auxiliadora 24 de mayo de 2021\" width=\"1080\" height=\"608\" src=\"https:\/\/www.youtube.com\/embed\/6r_mbc1E1Iw?feature=oembed\" frameborder=\"0\" allow=\"accelerometer; autoplay; clipboard-write; encrypted-media; gyroscope; picture-in-picture\" allowfullscreen><\/iframe><\/p>\n<p><a class=\"PrettyLink hashtag customisable\" dir=\"ltr\" href=\"https:\/\/twitter.com\/hashtag\/salesianosgranada?src=hash\" rel=\"tag\" data-query-source=\"hashtag_click\" data-scribe=\"element:hashtag\"><span class=\"PrettyLink-prefix\">#<\/span><span class=\"PrettyLink-value\">salesianosgranada<\/span><\/a><a class=\"PrettyLink hashtag customisable\" dir=\"ltr\" href=\"https:\/\/twitter.com\/hashtag\/salesianos?src=hash\" rel=\"tag\" data-query-source=\"hashtag_click\" data-scribe=\"element:hashtag\"><span class=\"PrettyLink-prefix\">#<\/span><span class=\"PrettyLink-value\">salesianos<\/span><\/a> <a class=\"PrettyLink hashtag customisable\" dir=\"ltr\" href=\"https:\/\/twitter.com\/hashtag\/mariaauxiliadora?src=hash\" rel=\"tag\" data-query-source=\"hashtag_click\" data-scribe=\"element:hashtag\"><span class=\"PrettyLink-prefix\">#<\/span><span class=\"PrettyLink-value\">mariaauxiliadora<\/span><\/a><a class=\"PrettyLink hashtag customisable\" dir=\"ltr\" href=\"https:\/\/twitter.com\/hashtag\/24demayo?src=hash\" rel=\"tag\" data-query-source=\"hashtag_click\" data-scribe=\"element:hashtag\"><span class=\"PrettyLink-prefix\">#<\/span><span class=\"PrettyLink-value\">24demayo<\/span><\/a><a class=\"PrettyLink hashtag customisable\" dir=\"ltr\" href=\"https:\/\/twitter.com\/hashtag\/mayosalesiano?src=hash\" rel=\"tag\" data-query-source=\"hashtag_click\" data-scribe=\"element:hashtag\"><span class=\"PrettyLink-prefix\">#<\/span><span class=\"PrettyLink-value\">mayosalesiano<\/span><\/a><\/p>\n<p>[\/et_pb_text][\/et_pb_column][\/et_pb_row][\/et_pb_section]<\/p>\n","protected":false},"excerpt":{"rendered":"<p>Nuestra Casa Salesiana ha vivido hoy una jornada de fiesta y celebraci\u00f3n del d\u00eda de nuestra madre Mar\u00eda Auxiliadora.<\/p>\n","protected":false},"author":2,"featured_media":7335,"comment_status":"open","ping_status":"open","sticky":false,"template":"","format":"standard","meta":{"_et_pb_use_builder":"on","_et_pb_old_content":"","_et_gb_content_width":"","footnotes":""},"categories":[26,19,27,28,22,23,29,1],"tags":[],"class_list":["post-7334","post","type-post","status-publish","format-standard","has-post-thumbnail","hentry","category-bto","category-colegio","category-eso","category-fp","category-iglesia","category-pastoral","category-primaria","category-uncategorized"],"yoast_head":"<!-- This site is optimized with the Yoast SEO plugin v28.4 - https:\/\/yoast.com\/product\/yoast-seo-wordpress\/ -->\n<title>CELEBRAMOS A MAR\u00cdA AUXILIADORA - Iglesia<\/title>\n<meta name=\"robots\" content=\"index, follow, max-snippet:-1, max-image-preview:large, max-video-preview:-1\" \/>\n<link rel=\"canonical\" href=\"https:\/\/granada.salesianos.edu\/iglesia\/blog\/celebramos-a-maria-auxiliadora\/\" \/>\n<meta property=\"og:locale\" content=\"es_ES\" \/>\n<meta property=\"og:type\" content=\"article\" \/>\n<meta property=\"og:title\" content=\"CELEBRAMOS A MAR\u00cdA AUXILIADORA - Iglesia\" \/>\n<meta property=\"og:description\" content=\"Nuestra Casa Salesiana ha vivido hoy una jornada de fiesta y celebraci\u00f3n del d\u00eda de nuestra madre Mar\u00eda Auxiliadora.\" \/>\n<meta property=\"og:url\" content=\"https:\/\/granada.salesianos.edu\/iglesia\/blog\/celebramos-a-maria-auxiliadora\/\" \/>\n<meta property=\"og:site_name\" content=\"Iglesia\" \/>\n<meta property=\"article:published_time\" content=\"2021-05-25T07:43:48+00:00\" \/>\n<meta property=\"og:image\" content=\"https:\/\/granada.salesianos.edu\/iglesia\/wp-content\/uploads\/sites\/5\/2021\/05\/Captura-de-pantalla-2021-05-25-a-las-9.41.27.png\" \/>\n\t<meta property=\"og:image:width\" content=\"998\" \/>\n\t<meta property=\"og:image:height\" content=\"777\" \/>\n\t<meta property=\"og:image:type\" content=\"image\/png\" \/>\n<meta name=\"author\" content=\"Gestor Web\" \/>\n<meta name=\"twitter:card\" content=\"summary_large_image\" \/>\n<meta name=\"twitter:label1\" content=\"Escrito por\" \/>\n\t<meta name=\"twitter:data1\" content=\"Gestor Web\" \/>\n\t<meta name=\"twitter:label2\" content=\"Tiempo de lectura\" \/>\n\t<meta name=\"twitter:data2\" content=\"1 minuto\" \/>\n<script type=\"application\/ld+json\" class=\"yoast-schema-graph\">{\"@context\":\"https:\\\/\\\/schema.org\",\"@graph\":[{\"@type\":\"Article\",\"@id\":\"https:\\\/\\\/granada.salesianos.edu\\\/iglesia\\\/blog\\\/celebramos-a-maria-auxiliadora\\\/#article\",\"isPartOf\":{\"@id\":\"https:\\\/\\\/granada.salesianos.edu\\\/iglesia\\\/blog\\\/celebramos-a-maria-auxiliadora\\\/\"},\"author\":{\"name\":\"Gestor Web\",\"@id\":\"https:\\\/\\\/granada.salesianos.edu\\\/iglesia\\\/#\\\/schema\\\/person\\\/6392ff2e4bd1e66981d6eab734bbd962\"},\"headline\":\"CELEBRAMOS A MAR\u00cdA AUXILIADORA\",\"datePublished\":\"2021-05-25T07:43:48+00:00\",\"mainEntityOfPage\":{\"@id\":\"https:\\\/\\\/granada.salesianos.edu\\\/iglesia\\\/blog\\\/celebramos-a-maria-auxiliadora\\\/\"},\"wordCount\":218,\"commentCount\":0,\"image\":{\"@id\":\"https:\\\/\\\/granada.salesianos.edu\\\/iglesia\\\/blog\\\/celebramos-a-maria-auxiliadora\\\/#primaryimage\"},\"thumbnailUrl\":\"https:\\\/\\\/granada.salesianos.edu\\\/iglesia\\\/wp-content\\\/uploads\\\/sites\\\/5\\\/2021\\\/05\\\/Captura-de-pantalla-2021-05-25-a-las-9.41.27.png\",\"articleSection\":[\"BTO\",\"Colegio\",\"ESO\",\"FP\",\"Iglesia\",\"Pastoral\",\"Primaria\",\"Uncategorized\"],\"inLanguage\":\"es\",\"potentialAction\":[{\"@type\":\"CommentAction\",\"name\":\"Comment\",\"target\":[\"https:\\\/\\\/granada.salesianos.edu\\\/iglesia\\\/blog\\\/celebramos-a-maria-auxiliadora\\\/#respond\"]}]},{\"@type\":\"WebPage\",\"@id\":\"https:\\\/\\\/granada.salesianos.edu\\\/iglesia\\\/blog\\\/celebramos-a-maria-auxiliadora\\\/\",\"url\":\"https:\\\/\\\/granada.salesianos.edu\\\/iglesia\\\/blog\\\/celebramos-a-maria-auxiliadora\\\/\",\"name\":\"CELEBRAMOS A MAR\u00cdA AUXILIADORA - Iglesia\",\"isPartOf\":{\"@id\":\"https:\\\/\\\/granada.salesianos.edu\\\/iglesia\\\/#website\"},\"primaryImageOfPage\":{\"@id\":\"https:\\\/\\\/granada.salesianos.edu\\\/iglesia\\\/blog\\\/celebramos-a-maria-auxiliadora\\\/#primaryimage\"},\"image\":{\"@id\":\"https:\\\/\\\/granada.salesianos.edu\\\/iglesia\\\/blog\\\/celebramos-a-maria-auxiliadora\\\/#primaryimage\"},\"thumbnailUrl\":\"https:\\\/\\\/granada.salesianos.edu\\\/iglesia\\\/wp-content\\\/uploads\\\/sites\\\/5\\\/2021\\\/05\\\/Captura-de-pantalla-2021-05-25-a-las-9.41.27.png\",\"datePublished\":\"2021-05-25T07:43:48+00:00\",\"author\":{\"@id\":\"https:\\\/\\\/granada.salesianos.edu\\\/iglesia\\\/#\\\/schema\\\/person\\\/6392ff2e4bd1e66981d6eab734bbd962\"},\"breadcrumb\":{\"@id\":\"https:\\\/\\\/granada.salesianos.edu\\\/iglesia\\\/blog\\\/celebramos-a-maria-auxiliadora\\\/#breadcrumb\"},\"inLanguage\":\"es\",\"potentialAction\":[{\"@type\":\"ReadAction\",\"target\":[\"https:\\\/\\\/granada.salesianos.edu\\\/iglesia\\\/blog\\\/celebramos-a-maria-auxiliadora\\\/\"]}]},{\"@type\":\"ImageObject\",\"inLanguage\":\"es\",\"@id\":\"https:\\\/\\\/granada.salesianos.edu\\\/iglesia\\\/blog\\\/celebramos-a-maria-auxiliadora\\\/#primaryimage\",\"url\":\"https:\\\/\\\/granada.salesianos.edu\\\/iglesia\\\/wp-content\\\/uploads\\\/sites\\\/5\\\/2021\\\/05\\\/Captura-de-pantalla-2021-05-25-a-las-9.41.27.png\",\"contentUrl\":\"https:\\\/\\\/granada.salesianos.edu\\\/iglesia\\\/wp-content\\\/uploads\\\/sites\\\/5\\\/2021\\\/05\\\/Captura-de-pantalla-2021-05-25-a-las-9.41.27.png\",\"width\":998,\"height\":777},{\"@type\":\"BreadcrumbList\",\"@id\":\"https:\\\/\\\/granada.salesianos.edu\\\/iglesia\\\/blog\\\/celebramos-a-maria-auxiliadora\\\/#breadcrumb\",\"itemListElement\":[{\"@type\":\"ListItem\",\"position\":1,\"name\":\"Portada\",\"item\":\"https:\\\/\\\/granada.salesianos.edu\\\/iglesia\\\/\"},{\"@type\":\"ListItem\",\"position\":2,\"name\":\"CELEBRAMOS A MAR\u00cdA AUXILIADORA\"}]},{\"@type\":\"WebSite\",\"@id\":\"https:\\\/\\\/granada.salesianos.edu\\\/iglesia\\\/#website\",\"url\":\"https:\\\/\\\/granada.salesianos.edu\\\/iglesia\\\/\",\"name\":\"Iglesia\",\"description\":\"P\u00e1gina oficial de Salesianos Granada San Juan Bosco\",\"potentialAction\":[{\"@type\":\"SearchAction\",\"target\":{\"@type\":\"EntryPoint\",\"urlTemplate\":\"https:\\\/\\\/granada.salesianos.edu\\\/iglesia\\\/?s={search_term_string}\"},\"query-input\":{\"@type\":\"PropertyValueSpecification\",\"valueRequired\":true,\"valueName\":\"search_term_string\"}}],\"inLanguage\":\"es\"},{\"@type\":\"Person\",\"@id\":\"https:\\\/\\\/granada.salesianos.edu\\\/iglesia\\\/#\\\/schema\\\/person\\\/6392ff2e4bd1e66981d6eab734bbd962\",\"name\":\"Gestor Web\",\"image\":{\"@type\":\"ImageObject\",\"inLanguage\":\"es\",\"@id\":\"https:\\\/\\\/secure.gravatar.com\\\/avatar\\\/160666bb56a01520857079961a824af2b7821d6bad80677c80f2b473fceead1b?s=96&d=mm&r=g\",\"url\":\"https:\\\/\\\/secure.gravatar.com\\\/avatar\\\/160666bb56a01520857079961a824af2b7821d6bad80677c80f2b473fceead1b?s=96&d=mm&r=g\",\"contentUrl\":\"https:\\\/\\\/secure.gravatar.com\\\/avatar\\\/160666bb56a01520857079961a824af2b7821d6bad80677c80f2b473fceead1b?s=96&d=mm&r=g\",\"caption\":\"Gestor Web\"}}]}<\/script>\n<!-- \/ Yoast SEO plugin. -->","yoast_head_json":{"title":"CELEBRAMOS A MAR\u00cdA AUXILIADORA - Iglesia","robots":{"index":"index","follow":"follow","max-snippet":"max-snippet:-1","max-image-preview":"max-image-preview:large","max-video-preview":"max-video-preview:-1"},"canonical":"https:\/\/granada.salesianos.edu\/iglesia\/blog\/celebramos-a-maria-auxiliadora\/","og_locale":"es_ES","og_type":"article","og_title":"CELEBRAMOS A MAR\u00cdA AUXILIADORA - Iglesia","og_description":"Nuestra Casa Salesiana ha vivido hoy una jornada de fiesta y celebraci\u00f3n del d\u00eda de nuestra madre Mar\u00eda Auxiliadora.","og_url":"https:\/\/granada.salesianos.edu\/iglesia\/blog\/celebramos-a-maria-auxiliadora\/","og_site_name":"Iglesia","article_published_time":"2021-05-25T07:43:48+00:00","og_image":[{"width":998,"height":777,"url":"https:\/\/granada.salesianos.edu\/iglesia\/wp-content\/uploads\/sites\/5\/2021\/05\/Captura-de-pantalla-2021-05-25-a-las-9.41.27.png","type":"image\/png"}],"author":"Gestor Web","twitter_card":"summary_large_image","twitter_misc":{"Escrito por":"Gestor Web","Tiempo de lectura":"1 minuto"},"schema":{"@context":"https:\/\/schema.org","@graph":[{"@type":"Article","@id":"https:\/\/granada.salesianos.edu\/iglesia\/blog\/celebramos-a-maria-auxiliadora\/#article","isPartOf":{"@id":"https:\/\/granada.salesianos.edu\/iglesia\/blog\/celebramos-a-maria-auxiliadora\/"},"author":{"name":"Gestor Web","@id":"https:\/\/granada.salesianos.edu\/iglesia\/#\/schema\/person\/6392ff2e4bd1e66981d6eab734bbd962"},"headline":"CELEBRAMOS A MAR\u00cdA AUXILIADORA","datePublished":"2021-05-25T07:43:48+00:00","mainEntityOfPage":{"@id":"https:\/\/granada.salesianos.edu\/iglesia\/blog\/celebramos-a-maria-auxiliadora\/"},"wordCount":218,"commentCount":0,"image":{"@id":"https:\/\/granada.salesianos.edu\/iglesia\/blog\/celebramos-a-maria-auxiliadora\/#primaryimage"},"thumbnailUrl":"https:\/\/granada.salesianos.edu\/iglesia\/wp-content\/uploads\/sites\/5\/2021\/05\/Captura-de-pantalla-2021-05-25-a-las-9.41.27.png","articleSection":["BTO","Colegio","ESO","FP","Iglesia","Pastoral","Primaria","Uncategorized"],"inLanguage":"es","potentialAction":[{"@type":"CommentAction","name":"Comment","target":["https:\/\/granada.salesianos.edu\/iglesia\/blog\/celebramos-a-maria-auxiliadora\/#respond"]}]},{"@type":"WebPage","@id":"https:\/\/granada.salesianos.edu\/iglesia\/blog\/celebramos-a-maria-auxiliadora\/","url":"https:\/\/granada.salesianos.edu\/iglesia\/blog\/celebramos-a-maria-auxiliadora\/","name":"CELEBRAMOS A MAR\u00cdA AUXILIADORA - Iglesia","isPartOf":{"@id":"https:\/\/granada.salesianos.edu\/iglesia\/#website"},"primaryImageOfPage":{"@id":"https:\/\/granada.salesianos.edu\/iglesia\/blog\/celebramos-a-maria-auxiliadora\/#primaryimage"},"image":{"@id":"https:\/\/granada.salesianos.edu\/iglesia\/blog\/celebramos-a-maria-auxiliadora\/#primaryimage"},"thumbnailUrl":"https:\/\/granada.salesianos.edu\/iglesia\/wp-content\/uploads\/sites\/5\/2021\/05\/Captura-de-pantalla-2021-05-25-a-las-9.41.27.png","datePublished":"2021-05-25T07:43:48+00:00","author":{"@id":"https:\/\/granada.salesianos.edu\/iglesia\/#\/schema\/person\/6392ff2e4bd1e66981d6eab734bbd962"},"breadcrumb":{"@id":"https:\/\/granada.salesianos.edu\/iglesia\/blog\/celebramos-a-maria-auxiliadora\/#breadcrumb"},"inLanguage":"es","potentialAction":[{"@type":"ReadAction","target":["https:\/\/granada.salesianos.edu\/iglesia\/blog\/celebramos-a-maria-auxiliadora\/"]}]},{"@type":"ImageObject","inLanguage":"es","@id":"https:\/\/granada.salesianos.edu\/iglesia\/blog\/celebramos-a-maria-auxiliadora\/#primaryimage","url":"https:\/\/granada.salesianos.edu\/iglesia\/wp-content\/uploads\/sites\/5\/2021\/05\/Captura-de-pantalla-2021-05-25-a-las-9.41.27.png","contentUrl":"https:\/\/granada.salesianos.edu\/iglesia\/wp-content\/uploads\/sites\/5\/2021\/05\/Captura-de-pantalla-2021-05-25-a-las-9.41.27.png","width":998,"height":777},{"@type":"BreadcrumbList","@id":"https:\/\/granada.salesianos.edu\/iglesia\/blog\/celebramos-a-maria-auxiliadora\/#breadcrumb","itemListElement":[{"@type":"ListItem","position":1,"name":"Portada","item":"https:\/\/granada.salesianos.edu\/iglesia\/"},{"@type":"ListItem","position":2,"name":"CELEBRAMOS A MAR\u00cdA AUXILIADORA"}]},{"@type":"WebSite","@id":"https:\/\/granada.salesianos.edu\/iglesia\/#website","url":"https:\/\/granada.salesianos.edu\/iglesia\/","name":"Iglesia","description":"P\u00e1gina oficial de Salesianos Granada San Juan Bosco","potentialAction":[{"@type":"SearchAction","target":{"@type":"EntryPoint","urlTemplate":"https:\/\/granada.salesianos.edu\/iglesia\/?s={search_term_string}"},"query-input":{"@type":"PropertyValueSpecification","valueRequired":true,"valueName":"search_term_string"}}],"inLanguage":"es"},{"@type":"Person","@id":"https:\/\/granada.salesianos.edu\/iglesia\/#\/schema\/person\/6392ff2e4bd1e66981d6eab734bbd962","name":"Gestor Web","image":{"@type":"ImageObject","inLanguage":"es","@id":"https:\/\/secure.gravatar.com\/avatar\/160666bb56a01520857079961a824af2b7821d6bad80677c80f2b473fceead1b?s=96&d=mm&r=g","url":"https:\/\/secure.gravatar.com\/avatar\/160666bb56a01520857079961a824af2b7821d6bad80677c80f2b473fceead1b?s=96&d=mm&r=g","contentUrl":"https:\/\/secure.gravatar.com\/avatar\/160666bb56a01520857079961a824af2b7821d6bad80677c80f2b473fceead1b?s=96&d=mm&r=g","caption":"Gestor Web"}}]}},"_links":{"self":[{"href":"https:\/\/granada.salesianos.edu\/iglesia\/wp-json\/wp\/v2\/posts\/7334","targetHints":{"allow":["GET"]}}],"collection":[{"href":"https:\/\/granada.salesianos.edu\/iglesia\/wp-json\/wp\/v2\/posts"}],"about":[{"href":"https:\/\/granada.salesianos.edu\/iglesia\/wp-json\/wp\/v2\/types\/post"}],"author":[{"embeddable":true,"href":"https:\/\/granada.salesianos.edu\/iglesia\/wp-json\/wp\/v2\/users\/2"}],"replies":[{"embeddable":true,"href":"https:\/\/granada.salesianos.edu\/iglesia\/wp-json\/wp\/v2\/comments?post=7334"}],"version-history":[{"count":0,"href":"https:\/\/granada.salesianos.edu\/iglesia\/wp-json\/wp\/v2\/posts\/7334\/revisions"}],"wp:featuredmedia":[{"embeddable":true,"href":"https:\/\/granada.salesianos.edu\/iglesia\/wp-json\/wp\/v2\/media\/7335"}],"wp:attachment":[{"href":"https:\/\/granada.salesianos.edu\/iglesia\/wp-json\/wp\/v2\/media?parent=7334"}],"wp:term":[{"taxonomy":"category","embeddable":true,"href":"https:\/\/granada.salesianos.edu\/iglesia\/wp-json\/wp\/v2\/categories?post=7334"},{"taxonomy":"post_tag","embeddable":true,"href":"https:\/\/granada.salesianos.edu\/iglesia\/wp-json\/wp\/v2\/tags?post=7334"}],"curies":[{"name":"wp","href":"https:\/\/api.w.org\/{rel}","templated":true}]}}