{"id":7352,"date":"2022-06-09T22:03:12","date_gmt":"2022-06-09T20:03:12","guid":{"rendered":"https:\/\/granada.salesianos.edu\/iglesia\/?p=7352"},"modified":"2022-06-09T22:06:42","modified_gmt":"2022-06-09T20:06:42","slug":"celebramos-maria-auxiliadora","status":"publish","type":"post","link":"https:\/\/granada.salesianos.edu\/iglesia\/blog\/celebramos-maria-auxiliadora\/","title":{"rendered":"\u00a1Celebramos MAR\u00cdA AUXILIADORA!"},"content":{"rendered":"<div id=\"fb-root\"><\/div>\n<p>[et_pb_section fb_built=\u00bb1&#8243; admin_label=\u00bbsection\u00bb _builder_version=\u00bb4.16&#8243; global_colors_info=\u00bb{}\u00bb][et_pb_row admin_label=\u00bbrow\u00bb _builder_version=\u00bb4.16&#8243; background_size=\u00bbinitial\u00bb background_position=\u00bbtop_left\u00bb background_repeat=\u00bbrepeat\u00bb min_height=\u00bb100px\u00bb height=\u00bb1000px\u00bb max_height=\u00bb100px\u00bb global_colors_info=\u00bb{}\u00bb][et_pb_column type=\u00bb4_4&#8243; _builder_version=\u00bb4.16&#8243; custom_padding=\u00bb|||\u00bb global_colors_info=\u00bb{}\u00bb custom_padding__hover=\u00bb|||\u00bb][et_pb_text admin_label=\u00bbEntradilla (Texto)\u00bb _builder_version=\u00bb4.17.4&#8243; text_font=\u00bb|on|||\u00bb text_orientation=\u00bbjustified\u00bb global_colors_info=\u00bb{}\u00bb]<\/p>\n<p class=\"p1\">Lleg\u00f3 nuestro gran 24 de Mayo y los salesianos celebramos con juegos y sonrisas el gran d\u00eda de nuestra Madre.\u00a0<\/p>\n<p>[\/et_pb_text][et_pb_text admin_label=\u00bbDesarrollo (Texto)\u00bb _builder_version=\u00bb4.17.4&#8243; text_orientation=\u00bbjustified\u00bb min_height=\u00bb42.9px\u00bb custom_margin=\u00bb26px||||false|false\u00bb custom_padding=\u00bb||90px|||\u00bb global_colors_info=\u00bb{}\u00bb]<\/p>\n<p>\u00a1Por fin lleg\u00f3 el 24 de Mayo!<\/p>\n<p>Como todos sab\u00e9is es una de las fechas m\u00e1s importantes para los que llevamos el coraz\u00f3n salesiano. Ha sido un d\u00eda maravilloso donde nos hemos reunido como la gran familia que somos y hemos celebrado, con una solemne misa, juegos, comida y muchas risas, el gran d\u00eda de nuestra querida Madre.\u00a0<\/p>\n<p>Como bien dice el dicho, \u00abuna imagen vale m\u00e1s que mil palabras\u00bb, os dejamos con este resumen gr\u00e1fico tan bonito.<\/p>\n<p>\u00a1Viva Mar\u00eda Auxiliadora!\u00a1Viva!<\/p>\n<p>[\/et_pb_text][et_pb_gallery gallery_ids=\u00bb62856,62851,62852,62853,62854,62855,62859,62857,62858,62860,62861,62862,62863,62864,62865,62866,62867,62868,62869,62870,62871,62872,62873,62874,62875,62876,62877,62878,62879,62880,62881,62882,62883,62884,62885,62886,62887,62888,62889,62890,62891,62892,62893,62894,62895,62896,62897,62898,62899,62900,62901,62902&#8243; show_title_and_caption=\u00bboff\u00bb _builder_version=\u00bb4.17.4&#8243; _module_preset=\u00bbdefault\u00bb global_colors_info=\u00bb{}\u00bb][\/et_pb_gallery][\/et_pb_column][\/et_pb_row][\/et_pb_section]<\/p>\n","protected":false},"excerpt":{"rendered":"<p>Lleg\u00f3 nuestro gran 24 de Mayo y los salesianos celebramos con juegos y sonrisas el gran d\u00eda de nuestra Madre.\u00a0<\/p>\n","protected":false},"author":2,"featured_media":7353,"comment_status":"open","ping_status":"open","sticky":false,"template":"","format":"standard","meta":{"_et_pb_use_builder":"on","_et_pb_old_content":"","_et_gb_content_width":"","footnotes":""},"categories":[26,19,27,28,30,23,25,29],"tags":[],"class_list":["post-7352","post","type-post","status-publish","format-standard","has-post-thumbnail","hentry","category-bto","category-colegio","category-eso","category-fp","category-infantil","category-pastoral","category-portada","category-primaria"],"yoast_head":"<!-- This site is optimized with the Yoast SEO plugin v28.4 - https:\/\/yoast.com\/product\/yoast-seo-wordpress\/ -->\n<title>\u00a1Celebramos MAR\u00cdA AUXILIADORA! - Iglesia<\/title>\n<meta name=\"robots\" content=\"index, follow, max-snippet:-1, max-image-preview:large, max-video-preview:-1\" \/>\n<link rel=\"canonical\" href=\"https:\/\/granada.salesianos.edu\/iglesia\/blog\/celebramos-maria-auxiliadora\/\" \/>\n<meta property=\"og:locale\" content=\"es_ES\" \/>\n<meta property=\"og:type\" content=\"article\" \/>\n<meta property=\"og:title\" content=\"\u00a1Celebramos MAR\u00cdA AUXILIADORA! - Iglesia\" \/>\n<meta property=\"og:description\" content=\"Lleg\u00f3 nuestro gran 24 de Mayo y los salesianos celebramos con juegos y sonrisas el gran d\u00eda de nuestra Madre.\u00a0\" \/>\n<meta property=\"og:url\" content=\"https:\/\/granada.salesianos.edu\/iglesia\/blog\/celebramos-maria-auxiliadora\/\" \/>\n<meta property=\"og:site_name\" content=\"Iglesia\" \/>\n<meta property=\"article:published_time\" content=\"2022-06-09T20:03:12+00:00\" \/>\n<meta property=\"article:modified_time\" content=\"2022-06-09T20:06:42+00:00\" \/>\n<meta property=\"og:image\" content=\"https:\/\/granada.salesianos.edu\/iglesia\/wp-content\/uploads\/sites\/5\/2022\/06\/WhatsApp-Image-2022-06-06-at-11.15.09-AM-3-1.jpeg\" \/>\n\t<meta property=\"og:image:width\" content=\"1024\" \/>\n\t<meta property=\"og:image:height\" content=\"768\" \/>\n\t<meta property=\"og:image:type\" content=\"image\/jpeg\" \/>\n<meta name=\"author\" content=\"Gestor Web\" \/>\n<meta name=\"twitter:card\" content=\"summary_large_image\" \/>\n<meta name=\"twitter:label1\" content=\"Escrito por\" \/>\n\t<meta name=\"twitter:data1\" content=\"Gestor Web\" \/>\n\t<meta name=\"twitter:label2\" content=\"Tiempo de lectura\" \/>\n\t<meta name=\"twitter:data2\" content=\"1 minuto\" \/>\n<script type=\"application\/ld+json\" class=\"yoast-schema-graph\">{\"@context\":\"https:\\\/\\\/schema.org\",\"@graph\":[{\"@type\":\"Article\",\"@id\":\"https:\\\/\\\/granada.salesianos.edu\\\/iglesia\\\/blog\\\/celebramos-maria-auxiliadora\\\/#article\",\"isPartOf\":{\"@id\":\"https:\\\/\\\/granada.salesianos.edu\\\/iglesia\\\/blog\\\/celebramos-maria-auxiliadora\\\/\"},\"author\":{\"name\":\"Gestor Web\",\"@id\":\"https:\\\/\\\/granada.salesianos.edu\\\/iglesia\\\/#\\\/schema\\\/person\\\/6392ff2e4bd1e66981d6eab734bbd962\"},\"headline\":\"\u00a1Celebramos MAR\u00cdA AUXILIADORA!\",\"datePublished\":\"2022-06-09T20:03:12+00:00\",\"dateModified\":\"2022-06-09T20:06:42+00:00\",\"mainEntityOfPage\":{\"@id\":\"https:\\\/\\\/granada.salesianos.edu\\\/iglesia\\\/blog\\\/celebramos-maria-auxiliadora\\\/\"},\"wordCount\":249,\"commentCount\":0,\"image\":{\"@id\":\"https:\\\/\\\/granada.salesianos.edu\\\/iglesia\\\/blog\\\/celebramos-maria-auxiliadora\\\/#primaryimage\"},\"thumbnailUrl\":\"https:\\\/\\\/granada.salesianos.edu\\\/iglesia\\\/wp-content\\\/uploads\\\/sites\\\/5\\\/2022\\\/06\\\/WhatsApp-Image-2022-06-06-at-11.15.09-AM-3-1.jpeg\",\"articleSection\":[\"BTO\",\"Colegio\",\"ESO\",\"FP\",\"Infantil\",\"Pastoral\",\"Portada\",\"Primaria\"],\"inLanguage\":\"es\",\"potentialAction\":[{\"@type\":\"CommentAction\",\"name\":\"Comment\",\"target\":[\"https:\\\/\\\/granada.salesianos.edu\\\/iglesia\\\/blog\\\/celebramos-maria-auxiliadora\\\/#respond\"]}]},{\"@type\":\"WebPage\",\"@id\":\"https:\\\/\\\/granada.salesianos.edu\\\/iglesia\\\/blog\\\/celebramos-maria-auxiliadora\\\/\",\"url\":\"https:\\\/\\\/granada.salesianos.edu\\\/iglesia\\\/blog\\\/celebramos-maria-auxiliadora\\\/\",\"name\":\"\u00a1Celebramos MAR\u00cdA AUXILIADORA! - Iglesia\",\"isPartOf\":{\"@id\":\"https:\\\/\\\/granada.salesianos.edu\\\/iglesia\\\/#website\"},\"primaryImageOfPage\":{\"@id\":\"https:\\\/\\\/granada.salesianos.edu\\\/iglesia\\\/blog\\\/celebramos-maria-auxiliadora\\\/#primaryimage\"},\"image\":{\"@id\":\"https:\\\/\\\/granada.salesianos.edu\\\/iglesia\\\/blog\\\/celebramos-maria-auxiliadora\\\/#primaryimage\"},\"thumbnailUrl\":\"https:\\\/\\\/granada.salesianos.edu\\\/iglesia\\\/wp-content\\\/uploads\\\/sites\\\/5\\\/2022\\\/06\\\/WhatsApp-Image-2022-06-06-at-11.15.09-AM-3-1.jpeg\",\"datePublished\":\"2022-06-09T20:03:12+00:00\",\"dateModified\":\"2022-06-09T20:06:42+00:00\",\"author\":{\"@id\":\"https:\\\/\\\/granada.salesianos.edu\\\/iglesia\\\/#\\\/schema\\\/person\\\/6392ff2e4bd1e66981d6eab734bbd962\"},\"breadcrumb\":{\"@id\":\"https:\\\/\\\/granada.salesianos.edu\\\/iglesia\\\/blog\\\/celebramos-maria-auxiliadora\\\/#breadcrumb\"},\"inLanguage\":\"es\",\"potentialAction\":[{\"@type\":\"ReadAction\",\"target\":[\"https:\\\/\\\/granada.salesianos.edu\\\/iglesia\\\/blog\\\/celebramos-maria-auxiliadora\\\/\"]}]},{\"@type\":\"ImageObject\",\"inLanguage\":\"es\",\"@id\":\"https:\\\/\\\/granada.salesianos.edu\\\/iglesia\\\/blog\\\/celebramos-maria-auxiliadora\\\/#primaryimage\",\"url\":\"https:\\\/\\\/granada.salesianos.edu\\\/iglesia\\\/wp-content\\\/uploads\\\/sites\\\/5\\\/2022\\\/06\\\/WhatsApp-Image-2022-06-06-at-11.15.09-AM-3-1.jpeg\",\"contentUrl\":\"https:\\\/\\\/granada.salesianos.edu\\\/iglesia\\\/wp-content\\\/uploads\\\/sites\\\/5\\\/2022\\\/06\\\/WhatsApp-Image-2022-06-06-at-11.15.09-AM-3-1.jpeg\",\"width\":1024,\"height\":768},{\"@type\":\"BreadcrumbList\",\"@id\":\"https:\\\/\\\/granada.salesianos.edu\\\/iglesia\\\/blog\\\/celebramos-maria-auxiliadora\\\/#breadcrumb\",\"itemListElement\":[{\"@type\":\"ListItem\",\"position\":1,\"name\":\"Portada\",\"item\":\"https:\\\/\\\/granada.salesianos.edu\\\/iglesia\\\/\"},{\"@type\":\"ListItem\",\"position\":2,\"name\":\"\u00a1Celebramos MAR\u00cdA AUXILIADORA!\"}]},{\"@type\":\"WebSite\",\"@id\":\"https:\\\/\\\/granada.salesianos.edu\\\/iglesia\\\/#website\",\"url\":\"https:\\\/\\\/granada.salesianos.edu\\\/iglesia\\\/\",\"name\":\"Iglesia\",\"description\":\"P\u00e1gina oficial de Salesianos Granada San Juan Bosco\",\"potentialAction\":[{\"@type\":\"SearchAction\",\"target\":{\"@type\":\"EntryPoint\",\"urlTemplate\":\"https:\\\/\\\/granada.salesianos.edu\\\/iglesia\\\/?s={search_term_string}\"},\"query-input\":{\"@type\":\"PropertyValueSpecification\",\"valueRequired\":true,\"valueName\":\"search_term_string\"}}],\"inLanguage\":\"es\"},{\"@type\":\"Person\",\"@id\":\"https:\\\/\\\/granada.salesianos.edu\\\/iglesia\\\/#\\\/schema\\\/person\\\/6392ff2e4bd1e66981d6eab734bbd962\",\"name\":\"Gestor Web\",\"image\":{\"@type\":\"ImageObject\",\"inLanguage\":\"es\",\"@id\":\"https:\\\/\\\/secure.gravatar.com\\\/avatar\\\/160666bb56a01520857079961a824af2b7821d6bad80677c80f2b473fceead1b?s=96&d=mm&r=g\",\"url\":\"https:\\\/\\\/secure.gravatar.com\\\/avatar\\\/160666bb56a01520857079961a824af2b7821d6bad80677c80f2b473fceead1b?s=96&d=mm&r=g\",\"contentUrl\":\"https:\\\/\\\/secure.gravatar.com\\\/avatar\\\/160666bb56a01520857079961a824af2b7821d6bad80677c80f2b473fceead1b?s=96&d=mm&r=g\",\"caption\":\"Gestor Web\"}}]}<\/script>\n<!-- \/ Yoast SEO plugin. -->","yoast_head_json":{"title":"\u00a1Celebramos MAR\u00cdA AUXILIADORA! - Iglesia","robots":{"index":"index","follow":"follow","max-snippet":"max-snippet:-1","max-image-preview":"max-image-preview:large","max-video-preview":"max-video-preview:-1"},"canonical":"https:\/\/granada.salesianos.edu\/iglesia\/blog\/celebramos-maria-auxiliadora\/","og_locale":"es_ES","og_type":"article","og_title":"\u00a1Celebramos MAR\u00cdA AUXILIADORA! - Iglesia","og_description":"Lleg\u00f3 nuestro gran 24 de Mayo y los salesianos celebramos con juegos y sonrisas el gran d\u00eda de nuestra Madre.\u00a0","og_url":"https:\/\/granada.salesianos.edu\/iglesia\/blog\/celebramos-maria-auxiliadora\/","og_site_name":"Iglesia","article_published_time":"2022-06-09T20:03:12+00:00","article_modified_time":"2022-06-09T20:06:42+00:00","og_image":[{"width":1024,"height":768,"url":"https:\/\/granada.salesianos.edu\/iglesia\/wp-content\/uploads\/sites\/5\/2022\/06\/WhatsApp-Image-2022-06-06-at-11.15.09-AM-3-1.jpeg","type":"image\/jpeg"}],"author":"Gestor Web","twitter_card":"summary_large_image","twitter_misc":{"Escrito por":"Gestor Web","Tiempo de lectura":"1 minuto"},"schema":{"@context":"https:\/\/schema.org","@graph":[{"@type":"Article","@id":"https:\/\/granada.salesianos.edu\/iglesia\/blog\/celebramos-maria-auxiliadora\/#article","isPartOf":{"@id":"https:\/\/granada.salesianos.edu\/iglesia\/blog\/celebramos-maria-auxiliadora\/"},"author":{"name":"Gestor Web","@id":"https:\/\/granada.salesianos.edu\/iglesia\/#\/schema\/person\/6392ff2e4bd1e66981d6eab734bbd962"},"headline":"\u00a1Celebramos MAR\u00cdA AUXILIADORA!","datePublished":"2022-06-09T20:03:12+00:00","dateModified":"2022-06-09T20:06:42+00:00","mainEntityOfPage":{"@id":"https:\/\/granada.salesianos.edu\/iglesia\/blog\/celebramos-maria-auxiliadora\/"},"wordCount":249,"commentCount":0,"image":{"@id":"https:\/\/granada.salesianos.edu\/iglesia\/blog\/celebramos-maria-auxiliadora\/#primaryimage"},"thumbnailUrl":"https:\/\/granada.salesianos.edu\/iglesia\/wp-content\/uploads\/sites\/5\/2022\/06\/WhatsApp-Image-2022-06-06-at-11.15.09-AM-3-1.jpeg","articleSection":["BTO","Colegio","ESO","FP","Infantil","Pastoral","Portada","Primaria"],"inLanguage":"es","potentialAction":[{"@type":"CommentAction","name":"Comment","target":["https:\/\/granada.salesianos.edu\/iglesia\/blog\/celebramos-maria-auxiliadora\/#respond"]}]},{"@type":"WebPage","@id":"https:\/\/granada.salesianos.edu\/iglesia\/blog\/celebramos-maria-auxiliadora\/","url":"https:\/\/granada.salesianos.edu\/iglesia\/blog\/celebramos-maria-auxiliadora\/","name":"\u00a1Celebramos MAR\u00cdA AUXILIADORA! - Iglesia","isPartOf":{"@id":"https:\/\/granada.salesianos.edu\/iglesia\/#website"},"primaryImageOfPage":{"@id":"https:\/\/granada.salesianos.edu\/iglesia\/blog\/celebramos-maria-auxiliadora\/#primaryimage"},"image":{"@id":"https:\/\/granada.salesianos.edu\/iglesia\/blog\/celebramos-maria-auxiliadora\/#primaryimage"},"thumbnailUrl":"https:\/\/granada.salesianos.edu\/iglesia\/wp-content\/uploads\/sites\/5\/2022\/06\/WhatsApp-Image-2022-06-06-at-11.15.09-AM-3-1.jpeg","datePublished":"2022-06-09T20:03:12+00:00","dateModified":"2022-06-09T20:06:42+00:00","author":{"@id":"https:\/\/granada.salesianos.edu\/iglesia\/#\/schema\/person\/6392ff2e4bd1e66981d6eab734bbd962"},"breadcrumb":{"@id":"https:\/\/granada.salesianos.edu\/iglesia\/blog\/celebramos-maria-auxiliadora\/#breadcrumb"},"inLanguage":"es","potentialAction":[{"@type":"ReadAction","target":["https:\/\/granada.salesianos.edu\/iglesia\/blog\/celebramos-maria-auxiliadora\/"]}]},{"@type":"ImageObject","inLanguage":"es","@id":"https:\/\/granada.salesianos.edu\/iglesia\/blog\/celebramos-maria-auxiliadora\/#primaryimage","url":"https:\/\/granada.salesianos.edu\/iglesia\/wp-content\/uploads\/sites\/5\/2022\/06\/WhatsApp-Image-2022-06-06-at-11.15.09-AM-3-1.jpeg","contentUrl":"https:\/\/granada.salesianos.edu\/iglesia\/wp-content\/uploads\/sites\/5\/2022\/06\/WhatsApp-Image-2022-06-06-at-11.15.09-AM-3-1.jpeg","width":1024,"height":768},{"@type":"BreadcrumbList","@id":"https:\/\/granada.salesianos.edu\/iglesia\/blog\/celebramos-maria-auxiliadora\/#breadcrumb","itemListElement":[{"@type":"ListItem","position":1,"name":"Portada","item":"https:\/\/granada.salesianos.edu\/iglesia\/"},{"@type":"ListItem","position":2,"name":"\u00a1Celebramos MAR\u00cdA AUXILIADORA!"}]},{"@type":"WebSite","@id":"https:\/\/granada.salesianos.edu\/iglesia\/#website","url":"https:\/\/granada.salesianos.edu\/iglesia\/","name":"Iglesia","description":"P\u00e1gina oficial de Salesianos Granada San Juan Bosco","potentialAction":[{"@type":"SearchAction","target":{"@type":"EntryPoint","urlTemplate":"https:\/\/granada.salesianos.edu\/iglesia\/?s={search_term_string}"},"query-input":{"@type":"PropertyValueSpecification","valueRequired":true,"valueName":"search_term_string"}}],"inLanguage":"es"},{"@type":"Person","@id":"https:\/\/granada.salesianos.edu\/iglesia\/#\/schema\/person\/6392ff2e4bd1e66981d6eab734bbd962","name":"Gestor Web","image":{"@type":"ImageObject","inLanguage":"es","@id":"https:\/\/secure.gravatar.com\/avatar\/160666bb56a01520857079961a824af2b7821d6bad80677c80f2b473fceead1b?s=96&d=mm&r=g","url":"https:\/\/secure.gravatar.com\/avatar\/160666bb56a01520857079961a824af2b7821d6bad80677c80f2b473fceead1b?s=96&d=mm&r=g","contentUrl":"https:\/\/secure.gravatar.com\/avatar\/160666bb56a01520857079961a824af2b7821d6bad80677c80f2b473fceead1b?s=96&d=mm&r=g","caption":"Gestor Web"}}]}},"_links":{"self":[{"href":"https:\/\/granada.salesianos.edu\/iglesia\/wp-json\/wp\/v2\/posts\/7352","targetHints":{"allow":["GET"]}}],"collection":[{"href":"https:\/\/granada.salesianos.edu\/iglesia\/wp-json\/wp\/v2\/posts"}],"about":[{"href":"https:\/\/granada.salesianos.edu\/iglesia\/wp-json\/wp\/v2\/types\/post"}],"author":[{"embeddable":true,"href":"https:\/\/granada.salesianos.edu\/iglesia\/wp-json\/wp\/v2\/users\/2"}],"replies":[{"embeddable":true,"href":"https:\/\/granada.salesianos.edu\/iglesia\/wp-json\/wp\/v2\/comments?post=7352"}],"version-history":[{"count":3,"href":"https:\/\/granada.salesianos.edu\/iglesia\/wp-json\/wp\/v2\/posts\/7352\/revisions"}],"predecessor-version":[{"id":7356,"href":"https:\/\/granada.salesianos.edu\/iglesia\/wp-json\/wp\/v2\/posts\/7352\/revisions\/7356"}],"wp:featuredmedia":[{"embeddable":true,"href":"https:\/\/granada.salesianos.edu\/iglesia\/wp-json\/wp\/v2\/media\/7353"}],"wp:attachment":[{"href":"https:\/\/granada.salesianos.edu\/iglesia\/wp-json\/wp\/v2\/media?parent=7352"}],"wp:term":[{"taxonomy":"category","embeddable":true,"href":"https:\/\/granada.salesianos.edu\/iglesia\/wp-json\/wp\/v2\/categories?post=7352"},{"taxonomy":"post_tag","embeddable":true,"href":"https:\/\/granada.salesianos.edu\/iglesia\/wp-json\/wp\/v2\/tags?post=7352"}],"curies":[{"name":"wp","href":"https:\/\/api.w.org\/{rel}","templated":true}]}}